{"id":352919,"date":"2023-09-19T05:03:27","date_gmt":"2023-09-19T03:03:27","guid":{"rendered":"https:\/\/www.radiopiu.net\/wordpress\/?p=352919"},"modified":"2023-09-19T05:39:25","modified_gmt":"2023-09-19T03:39:25","slug":"i-racconti-di-paolo-soppelsa-puntata-194","status":"publish","type":"post","link":"https:\/\/www.radiopiu.net\/wordpress\/i-racconti-di-paolo-soppelsa-puntata-194\/","title":{"rendered":"I RACCONTI DI PAOLO SOPPELSA &#8211; PUNTATA 194"},"content":{"rendered":"<p><strong>IL PRIMO FUOCO<\/strong><\/p>\n<p><strong>AUDIO<\/strong><\/p>\n<audio class=\"wp-audio-shortcode\" id=\"audio-352919-1\" preload=\"none\" style=\"width: 100%;\" controls=\"controls\"><source type=\"audio\/mpeg\" src=\"https:\/\/www.radiopiu.net\/wordpress\/wp-content\/uploads\/2023\/09\/PAOLO-SOPPELSA-IL-PRIMO-FUOCO.mp3?_=1\" \/><a href=\"https:\/\/www.radiopiu.net\/wordpress\/wp-content\/uploads\/2023\/09\/PAOLO-SOPPELSA-IL-PRIMO-FUOCO.mp3\">https:\/\/www.radiopiu.net\/wordpress\/wp-content\/uploads\/2023\/09\/PAOLO-SOPPELSA-IL-PRIMO-FUOCO.mp3<\/a><\/audio>\n<p>&nbsp;<\/p>\n<p><a class=\"dt-pswp-item\" href=\"https:\/\/www.radiopiu.net\/wordpress\/wp-content\/uploads\/2023\/09\/412f1687-5ec7-4ee7-b57d-2fa2f37ee3c7.jpg\" data-dt-img-description=\"\" data-large_image_width=\"1080\" data-large_image_height=\"810\"><img loading=\"lazy\" decoding=\"async\" class=\" wp-image-352933 alignleft\" src=\"https:\/\/www.radiopiu.net\/wordpress\/wp-content\/uploads\/2023\/09\/412f1687-5ec7-4ee7-b57d-2fa2f37ee3c7-300x225.jpg\" alt=\"\" width=\"181\" height=\"136\" srcset=\"https:\/\/www.radiopiu.net\/wordpress\/wp-content\/uploads\/2023\/09\/412f1687-5ec7-4ee7-b57d-2fa2f37ee3c7-300x225.jpg 300w, https:\/\/www.radiopiu.net\/wordpress\/wp-content\/uploads\/2023\/09\/412f1687-5ec7-4ee7-b57d-2fa2f37ee3c7-1024x768.jpg 1024w, https:\/\/www.radiopiu.net\/wordpress\/wp-content\/uploads\/2023\/09\/412f1687-5ec7-4ee7-b57d-2fa2f37ee3c7-768x576.jpg 768w, https:\/\/www.radiopiu.net\/wordpress\/wp-content\/uploads\/2023\/09\/412f1687-5ec7-4ee7-b57d-2fa2f37ee3c7.jpg 1080w\" sizes=\"auto, (max-width: 181px) 100vw, 181px\" \/><\/a>&#8220;&#8230;e forse non ricordavamo nemmeno pi\u00f9 di quanto fosse importante il fuoco&#8230;&#8221;<br \/>\nIl calore sprigionato da una stufa a legna \u00e8 differente, \u00e8 un tepore che sa di casa, non \u00e8 anonimo come quello emesso dai termosifoni attivati semplicemente schiacciando un pulsante.<br \/>\nCon il fuoco \u00e8 diverso, \u00e8 un calore che va conquistato e occorre un minimo di sapienza, del saper fare di un tempo. Nell&#8217;accenderlo, nel manovrare opportunamente i registri, nello scegliere la legna pi\u00f9 adatta. E poi la soddisfazione di sentire crepitare allegramente quella legna costata fatica, di vedere le fiamme ardere con vigore. Del fuoco ci si ricorda quando si ha freddo, ed \u00e8 in quei momenti che lo si coccola, soffiando sulle braci per ridargli anima e forza.<br \/>\nIl fuoco fa la sua comparsa nella cucina economica al tempo della prima pioggia che annuncia l&#8217;approssimarsi del vero autunno. Accade solitamente intorno alla fine di settembre, in una mattina umida e uggiosa, una di quelle in cui le nuvole stazionano a mezza costa sui ripidi versanti del Pelsa. La senti quell&#8217;aria che intirizzisce e che crea quel desiderio di un fuoco amico che scalda e che fa compagnia mentre fuori la pioggia scende sottile e insistente. \u00c8 in quegli attimi che sanno di passato che puoi sentire un&#8217;altra volta il cigolare dello sportello della cucina economica. Un suono banale, forse, ma che riporta dolci memorie di quelle domeniche mattina d&#8217;ottobre inoltrato a Cencenighe, quando fuori l&#8217;aria era pungente e accendere il fuoco era la prima azione della giornata. Cos\u00ec anche oggi ti ritrovi a compiere quegli stessi gesti di allora che sanno di sapere tramandato, gesti sempre uguali ed efficaci, che regalano la soddisfazione di vedere nascere ancora una volta quella quelle fiamme amiche. C&#8217;\u00e8 la sottile emozione della prima cesta di legna e l&#8217;appiccicarsi di qualche goccia di resina sulle mani, e poi ecco che ti accingi a rinnovare il rito dell&#8217;accensione; dapprima la fiamma arde timida, quasi stentorea, poi ecco che si ravviva e inizia a lambire con decisione i cerchi della cucina economica. Pochi minuti e la sua voce si fa pi\u00f9 decisa e diventa preziosa compagnia durante le lunghe giornate dell&#8217;autunno e dell&#8217;inverno. \u00c8 soffiare discreto, \u00e8 scoppiettare allegro, \u00e8 muovere della legna che man mano si trasforma in brace. \u00c8 cosa viva il fuoco, possiede un&#8217;anima e una voce, riscalda e rassicura, \u00e8 compagno fedele di quei giorni di grigiore e di neve e camini fumanti. La sua cura \u00e8 un insieme di attimi che scandiscono quelle silenziose e fredde giornate di nuvole che coprono le cime. Quando lo senti stanco lo ravvivi, e vai avanti cos\u00ec fino a sera inoltrata quando lo saluti. Si addormenter\u00e0 anche lui, lentamente e senza fare rumore e forse ritroverai qualche timida brace al mattino successivo; baster\u00e0 della legna sottile per riavviarlo e per restituirgli il vigore necessario a riscaldare quel tempo lento che scivola verso l&#8217;inverno.<br \/>\nAmigo fok, soci de tante sere d&#8217;invern, cande che sent\u00e0 a pede fornela me scalde le man e &#8216;l cor apena lug\u00e0 su da Belum. L\u00e8 bel te scolt\u00e0 arde content intant che de fora se ingiaza &#8216;l sagr\u00e0; tes la m\u00e8 compagnia de chele sere de fret, e somea che te me descore par no me fa sent\u00ec sol. Ti te me regale &#8216;l to calor, mi te rencure come &#8216;n popo apena nasest. Dai, ston asieme &#8216;ncora &#8216;na ota, anca stasera; me sentarai vesin de ti e se la contaron come cande che ere cas\u00f9 a Nadal.<\/p>\n<p>&nbsp;<\/p>\n<p>&nbsp;<\/p>\n<p>*******<\/p>\n","protected":false},"excerpt":{"rendered":"<p>IL PRIMO FUOCO AUDIO &nbsp; &#8220;&#8230;e forse non ricordavamo nemmeno pi\u00f9 di quanto fosse importante il fuoco&#8230;&#8221; Il calore sprigionato da una stufa a legna \u00e8 differente, \u00e8 un tepore che sa di casa, non \u00e8 anonimo come quello emesso dai termosifoni attivati semplicemente schiacciando un pulsante. Con il fuoco \u00e8 diverso, \u00e8 un calore&hellip;<\/p>\n","protected":false},"author":4,"featured_media":352933,"comment_status":"closed","ping_status":"closed","sticky":false,"template":"","format":"standard","meta":{"_monsterinsights_skip_tracking":false,"_monsterinsights_sitenote_active":false,"_monsterinsights_sitenote_note":"","_monsterinsights_sitenote_category":0,"footnotes":""},"categories":[104,49,112],"tags":[],"class_list":["post-352919","post","type-post","status-publish","format-standard","has-post-thumbnail","hentry","category-evidenza_3","category-news-18","category-racconti-soppelsa","category-104","category-49","category-112","description-off"],"img_url":"https:\/\/www.radiopiu.net\/wordpress\/wp-content\/uploads\/2023\/09\/412f1687-5ec7-4ee7-b57d-2fa2f37ee3c7.jpg","_links":{"self":[{"href":"https:\/\/www.radiopiu.net\/wordpress\/wp-json\/wp\/v2\/posts\/352919","targetHints":{"allow":["GET"]}}],"collection":[{"href":"https:\/\/www.radiopiu.net\/wordpress\/wp-json\/wp\/v2\/posts"}],"about":[{"href":"https:\/\/www.radiopiu.net\/wordpress\/wp-json\/wp\/v2\/types\/post"}],"author":[{"embeddable":true,"href":"https:\/\/www.radiopiu.net\/wordpress\/wp-json\/wp\/v2\/users\/4"}],"replies":[{"embeddable":true,"href":"https:\/\/www.radiopiu.net\/wordpress\/wp-json\/wp\/v2\/comments?post=352919"}],"version-history":[{"count":0,"href":"https:\/\/www.radiopiu.net\/wordpress\/wp-json\/wp\/v2\/posts\/352919\/revisions"}],"wp:featuredmedia":[{"embeddable":true,"href":"https:\/\/www.radiopiu.net\/wordpress\/wp-json\/wp\/v2\/media\/352933"}],"wp:attachment":[{"href":"https:\/\/www.radiopiu.net\/wordpress\/wp-json\/wp\/v2\/media?parent=352919"}],"wp:term":[{"taxonomy":"category","embeddable":true,"href":"https:\/\/www.radiopiu.net\/wordpress\/wp-json\/wp\/v2\/categories?post=352919"},{"taxonomy":"post_tag","embeddable":true,"href":"https:\/\/www.radiopiu.net\/wordpress\/wp-json\/wp\/v2\/tags?post=352919"}],"curies":[{"name":"wp","href":"https:\/\/api.w.org\/{rel}","templated":true}]}}