{"id":352950,"date":"2023-09-19T05:33:20","date_gmt":"2023-09-19T03:33:20","guid":{"rendered":"https:\/\/www.radiopiu.net\/wordpress\/?p=352950"},"modified":"2023-09-19T08:44:23","modified_gmt":"2023-09-19T06:44:23","slug":"giornale-radiopiu-19-settembre-2023-direttore-mirko-mezzacasada-40-anni-25-giugno-1983-25-giugno-2023","status":"publish","type":"post","link":"https:\/\/www.radiopiu.net\/wordpress\/giornale-radiopiu-19-settembre-2023-direttore-mirko-mezzacasada-40-anni-25-giugno-1983-25-giugno-2023\/","title":{"rendered":"GIORNALE RADIOPIU 19 SETTEMBRE 2023 DIRETTORE MIRKO MEZZACASA\u2026DA 40 ANNI 25 GIUGNO 1983-25 GIUGNO 2023"},"content":{"rendered":"<h1 class=\"entry-title\">40esimo di RADIOPIU\u2026. LA VOCE DELL\u2019EMOZIONE<\/h1>\n<h2><span style=\"color: #ff0000;\">ISCRIVITI AL NOSTRO CANALE\u00a0\u00a0YOUTUBE PER SEGUIRE IN DIRETTA I PRINCIPALI PROGRAMMI DI RADIO PIU\u2019 E LE FUTURE DIRETTE IN ESTERNA. PER ISCRIVERTI\u00a0<a style=\"color: #ff0000;\" href=\"https:\/\/youtube.com\/@radiopiu1527\">CLICCA QUI\u00a0<\/a>E PREMI\u00a0 \u201cIscriviti\u201d<\/span><\/h2>\n<p><a class=\"dt-pswp-item\" href=\"https:\/\/www.radiopiu.net\/wordpress\/wp-content\/uploads\/2023\/08\/sersa-ok-1.jpg\" data-dt-img-description=\"\" data-large_image_width=\"300\" data-large_image_height=\"300\"><img loading=\"lazy\" decoding=\"async\" class=\"size-full wp-image-349822 aligncenter\" src=\"https:\/\/www.radiopiu.net\/wordpress\/wp-content\/uploads\/2023\/08\/sersa-ok-1.jpg\" alt=\"\" width=\"300\" height=\"300\" srcset=\"https:\/\/www.radiopiu.net\/wordpress\/wp-content\/uploads\/2023\/08\/sersa-ok-1.jpg 300w, https:\/\/www.radiopiu.net\/wordpress\/wp-content\/uploads\/2023\/08\/sersa-ok-1-150x150.jpg 150w\" sizes=\"auto, (max-width: 300px) 100vw, 300px\" \/><\/a><\/p>\n<p>&nbsp;<\/p>\n<hr \/>\n<p>&nbsp;<\/p>\n<p>&nbsp;<\/p>\n<p>IERI SERA, DAL TG DI ANTENNA 3 &#8211; CANALE 10 DIGITALE TERRESTRE &#8211;\u00a0 in onda alle 19.30. Alle 19.10 su radiopiu le anticipazioni .<\/p>\n<div id=\"title\" class=\"style-scope ytd-watch-metadata\">\n<h3 class=\"style-scope ytd-watch-metadata\">IMPRESSIONANTE FRANA, NESSUNO COINVOLTO |<\/h3>\n<p>CROLLI DI ROCCIA Ieri Regione e Soccorso Alpino in sopralluogo dopo i crolli sopra San Vito, sono esclusi rischi per abitati e abitanti, ma la ferrata Berti \u00e8 pericolosa, va chiusa.<\/p>\n<\/div>\n<div id=\"top-row\" class=\"style-scope ytd-watch-metadata\">\n<div id=\"owner\" class=\"item style-scope ytd-watch-metadata\"><span style=\"color: #ff0000;\">di STEFANO BOZZI<\/span><\/div>\n<\/div>\n<p>&#8211; Intervistati AMEDEO BELLI (PROTEZIONE CIVILE SAN VITO DI CADORE)<\/p>\n<p><iframe loading=\"lazy\" title=\"IMPRESSIONANTE FRANA SUL SORAPIS, NESSUNO COINVOLTO | 18\/09\/2023\" width=\"1200\" height=\"675\" src=\"https:\/\/www.youtube.com\/embed\/YURcqxY5d5o?start=1&#038;feature=oembed\" frameborder=\"0\" allow=\"accelerometer; autoplay; clipboard-write; encrypted-media; gyroscope; picture-in-picture; web-share\" allowfullscreen><\/iframe><\/p>\n<p>&nbsp;<\/p>\n<hr \/>\n<p>&nbsp;<\/p>\n<blockquote>\n<h3>CONTINUANO I LAVORI SULLA 203 AGORDINA IN LOCALITA&#8217; LA PISSA<\/h3>\n<\/blockquote>\n<p><strong>SEDICO<\/strong> Veneto Strade comunica che fino al 13 ottobre, compresi sabati e domeniche, la SR 203 Agordina in localit\u00e0 La Pissa in comune di Sedico verr\u00e0 istituito un senso unico alternato regolato da semaforo o movieri.<\/p>\n<p>&nbsp;<\/p>\n<blockquote>\n<h3>LAVORI ALLE GALLERIE BRENTA E SAN VITO SULLA SS 50 BIS<\/h3>\n<\/blockquote>\n<p class=\"xmsonormal\"><a class=\"dt-pswp-item\" href=\"https:\/\/www.radiopiu.net\/wordpress\/wp-content\/uploads\/2021\/06\/anas.png\" data-dt-img-description=\"\" data-large_image_width=\"299\" data-large_image_height=\"169\"><img loading=\"lazy\" decoding=\"async\" class=\" wp-image-213422 alignleft\" src=\"https:\/\/www.radiopiu.net\/wordpress\/wp-content\/uploads\/2021\/06\/anas.png\" alt=\"\" width=\"149\" height=\"84\" \/><\/a>A seguito dell\u2019Ordinanza emessa dal Comune di Arsi\u00e8 che dispone il divieto di transito ai mezzi pesanti con massa superiore alle 3,5 tonnellate lungo la SR 50 bis si \u00e8 reso necessario modificare il percorso alternativo previsto, in orario notturno, relativo ai lavori in corso presso le gallerie \u2018Brenta\u2019 e \u2018San Vito\u2019 lungo la SS 50 BIS\/VAR. Per i mezzi con massa superiore alle 3,5 tonnellate che viaggiano in direzione Feltre\/Belluno \u00e8 previsto il seguente percorso: dalla SS 47 \u201cValsugana\u201d, alla rotatoria posta al km 45,600 prendere via Molinetto (2\u00b0 uscita) per poi immettersi, girando a destra, sulla SP 48 proseguendo fino alla SP26. Successivamente seguire le indicazioni per Valdobbiadene\/Feltre fino ad imboccare la SR348 per giungere a Feltre. Per i mezzi leggeri rimane attiva la deviazione pi\u00f9 breve che da Primolano porta ad Arsi\u00e9, passando per Fastro e percorrendo quindi via Nazionale e via Mezzavia.<\/p>\n<p>&nbsp;<\/p>\n<p>&nbsp;<\/p>\n<hr \/>\n<p>&nbsp;<\/p>\n<blockquote>\n<h3>INTERRUZIONE PROGRAMMATA GSP A LIVINALLONGO E CANALE D&#8217;AGORDO<\/h3>\n<\/blockquote>\n<p>Per lavori alla rete idrica comunale, oggi dalle 8:00 a FINE LAVORI verr\u00e0 sospesa l\u2019erogazione dell\u2019acqua a CANALE D&#8217;AGORDO nelle localit\u00e0 FEDER, TEGOSA e VIA PAVIER.<\/p>\n<p>&nbsp;<\/p>\n<blockquote>\n<h3>ACQUA POTABILE A COLLE SANTA LUCIA<\/h3>\n<\/blockquote>\n<p>A COLLE SANTA LUCIA nelle localit\u00e0 FEDARE,POSALZ, CANAZEI, TIE\u2019, BELVEDERE e ROVEI l&#8217;acqua erogata dall&#8217;acquedotto \u00e8 di nuovo potabile e pu\u00f2 essere usata, quindi, per scopi alimentari.<\/p>\n<p>&nbsp;<\/p>\n<hr \/>\n<p>&nbsp;<\/p>\n<blockquote>\n<h3>\u00a0NAVETTA SCOLASTICA, GENITORI PREOCCUPATI, ANZI INFURIATI<\/h3>\n<\/blockquote>\n<p><strong><a class=\"dt-pswp-item\" href=\"https:\/\/www.radiopiu.net\/wordpress\/wp-content\/uploads\/2023\/09\/Senza-nome-43.png\" data-dt-img-description=\"\" data-large_image_width=\"849\" data-large_image_height=\"428\"><img loading=\"lazy\" decoding=\"async\" class=\" wp-image-353097 alignleft\" src=\"https:\/\/www.radiopiu.net\/wordpress\/wp-content\/uploads\/2023\/09\/Senza-nome-43-300x151.png\" alt=\"\" width=\"280\" height=\"141\" srcset=\"https:\/\/www.radiopiu.net\/wordpress\/wp-content\/uploads\/2023\/09\/Senza-nome-43-300x151.png 300w, https:\/\/www.radiopiu.net\/wordpress\/wp-content\/uploads\/2023\/09\/Senza-nome-43-768x387.png 768w, https:\/\/www.radiopiu.net\/wordpress\/wp-content\/uploads\/2023\/09\/Senza-nome-43.png 849w\" sizes=\"auto, (max-width: 280px) 100vw, 280px\" \/><\/a>BELLUNO<\/strong>\u00a0 Ieri mattina nel Castionese sulla navetta scolastica che trasportava gli alunni della scuola elementare di Badilet alla struttura del Parco Citt\u00e0 di Bologna. I genitori sono inferociti a causa delle conseguenze: lividi, e dolori dei loro figli. La segnalazione proviene da Mirco Costa, consigliere comunale e padre di due bambini a bordo del pulmino. Costa ha appreso dell&#8217;accaduto dalle maestre, che, vedendo i bambini feriti, hanno prontamente avvertito i genitori.<\/p>\n<p>L&#8217;incidente \u00e8 stato causato da un dissuasore in via Del Favero, attraversato dall&#8217;autista del pulmino a una velocit\u00e0 eccessiva, facendo sballottare i bambini e provocando lesioni. Il consigliere sottolinea che l&#8217;autista aveva gi\u00e0 commesso una manovra simile la settimana precedente, ma senza gravi conseguenze. L&#8217;autista non ha comunicato l&#8217;accaduto, lasciando infuriati sia i genitori che le maestre. Costa insiste sulla necessit\u00e0 di maggiore attenzione alla sicurezza dei bambini a bordo. Costa solleva anche questioni riguardanti il dissuasore in via Del Favero, sottolineando che non \u00e8 stato dipinto con la segnaletica orizzontale<\/p>\n<p>&nbsp;<\/p>\n<hr \/>\n<blockquote>\n<h3><\/h3>\n<h3>INCIDENTE SUL PASSO SAN PELLEGRINO. UN FERITO<\/h3>\n<\/blockquote>\n<p><strong><a class=\"dt-pswp-item\" href=\"https:\/\/www.radiopiu.net\/wordpress\/wp-content\/uploads\/2023\/09\/photo_5782838156423445772_y.jpg\" data-dt-img-description=\"\" data-large_image_width=\"1280\" data-large_image_height=\"720\"><img loading=\"lazy\" decoding=\"async\" class=\" wp-image-353031 alignleft\" src=\"https:\/\/www.radiopiu.net\/wordpress\/wp-content\/uploads\/2023\/09\/photo_5782838156423445772_y-300x169.jpg\" alt=\"\" width=\"167\" height=\"94\" srcset=\"https:\/\/www.radiopiu.net\/wordpress\/wp-content\/uploads\/2023\/09\/photo_5782838156423445772_y-300x169.jpg 300w, https:\/\/www.radiopiu.net\/wordpress\/wp-content\/uploads\/2023\/09\/photo_5782838156423445772_y-1024x576.jpg 1024w, https:\/\/www.radiopiu.net\/wordpress\/wp-content\/uploads\/2023\/09\/photo_5782838156423445772_y-768x432.jpg 768w, https:\/\/www.radiopiu.net\/wordpress\/wp-content\/uploads\/2023\/09\/photo_5782838156423445772_y.jpg 1280w\" sizes=\"auto, (max-width: 167px) 100vw, 167px\" \/><\/a>PASSO SAN PELLEGRINO<\/strong> Ieri mattina poco dopo le 11 un incidente sul Passo San Pellegrino ha creato qualche disagio alla viabilit\u00e0 con le auto che sono state deviate verso il Passo Valles. Nell&#8217;incidente \u00e8 rimasta ferita una donna tedesca di 60 anni che \u00e8 stata trasportata all&#8217;ospedale di Agordo.<\/p>\n<p>(foto: Telegram canale VPB &#8211; Viabilit\u00e0 Provincia Belluno)<\/p>\n<p>&nbsp;<\/p>\n<p>&nbsp;<\/p>\n<hr \/>\n<p>&nbsp;<\/p>\n<p><span style=\"color: #ff0000;\"><strong>VERTICE FALLIMENTARE l&#8217;azienda chiede\u00a0 tempo, la Provincia guarda alla Regione.<\/strong><\/span><\/p>\n<blockquote>\n<h3>L&#8217;INCONTRO IN PREFETTURA CON DOLOMITIBUS E SINDACATI, verso lo sciopero<\/h3>\n<\/blockquote>\n<p><strong><a class=\"dt-pswp-item\" href=\"https:\/\/www.radiopiu.net\/wordpress\/wp-content\/uploads\/2018\/08\/dolomitibus.jpeg\" data-dt-img-description=\"\" data-large_image_width=\"621\" data-large_image_height=\"414\"><img loading=\"lazy\" decoding=\"async\" class=\" wp-image-59158 alignleft\" src=\"https:\/\/www.radiopiu.net\/wordpress\/wp-content\/uploads\/2018\/08\/dolomitibus-300x200.jpeg\" alt=\"\" width=\"194\" height=\"129\" srcset=\"https:\/\/www.radiopiu.net\/wordpress\/wp-content\/uploads\/2018\/08\/dolomitibus-300x200.jpeg 300w, https:\/\/www.radiopiu.net\/wordpress\/wp-content\/uploads\/2018\/08\/dolomitibus.jpeg 621w\" sizes=\"auto, (max-width: 194px) 100vw, 194px\" \/><\/a>BELLUNO <\/strong>Durante il vertice in Prefettura sulla questione del trasporto pubblico locale e la procedura di raffreddamento, il presidente della Provincia di Belluno, Roberto Padrin, e il consigliere provinciale delegato ai trasporti, Dario Scopel, hanno rilevato un problema di risorse, sia economiche che umane, che necessita di una soluzione urgente con la collaborazione di tutti gli attori coinvolti. I sindacati, l&#8217;azienda e i lavoratori hanno dimostrato una certa disponibilit\u00e0 alla collaborazione. Tuttavia, il vertice non ha portato a una risoluzione e i sindacati hanno annunciato la possibilit\u00e0 di passare alla fase successiva, cio\u00e8 uno sciopero. Hanno sottolineato la necessit\u00e0 di risorse strutturali per aumenti salariali adeguati e per migliorare il trasporto pubblico nella provincia di Belluno. Hanno chiesto alle istituzioni locali e a Dolomitibus di trovare soluzioni efficaci sia dal punto di vista economico che per la conciliazione tra lavoro e vita. Dolomitibus ha proposto un tavolo di discussione con la partecipazione di tutti gli attori locali per trovare una soluzione strutturale, ma questa proposta non \u00e8 stata accettata dai sindacati. Tuttavia, l&#8217;azienda si impegna a trovare soluzioni concrete per i propri dipendenti e gli utenti del territorio. Sperano che rimangano aperti i canali di dialogo tra l&#8217;azienda, i sindacati e le istituzioni coinvolte.<\/p>\n<p>&nbsp;<\/p>\n<p>&nbsp;<\/p>\n<hr \/>\n<p>&nbsp;<\/p>\n<blockquote>\n<h3>INCONTRO IN REGIONE CON THELIOS E INNOVATEK in un clima sereno e costruttivo<\/h3>\n<\/blockquote>\n<p><strong><a class=\"dt-pswp-item\" href=\"https:\/\/www.radiopiu.net\/wordpress\/wp-content\/uploads\/2023\/09\/1584-2023-INCONTRO-THELIOS-INNOVATEK.jpeg\" data-dt-img-description=\"\" data-large_image_width=\"1536\" data-large_image_height=\"2040\"><img loading=\"lazy\" decoding=\"async\" class=\" wp-image-353065 alignleft\" src=\"https:\/\/www.radiopiu.net\/wordpress\/wp-content\/uploads\/2023\/09\/1584-2023-INCONTRO-THELIOS-INNOVATEK-226x300.jpeg\" alt=\"\" width=\"160\" height=\"212\" srcset=\"https:\/\/www.radiopiu.net\/wordpress\/wp-content\/uploads\/2023\/09\/1584-2023-INCONTRO-THELIOS-INNOVATEK-226x300.jpeg 226w, https:\/\/www.radiopiu.net\/wordpress\/wp-content\/uploads\/2023\/09\/1584-2023-INCONTRO-THELIOS-INNOVATEK-771x1024.jpeg 771w, https:\/\/www.radiopiu.net\/wordpress\/wp-content\/uploads\/2023\/09\/1584-2023-INCONTRO-THELIOS-INNOVATEK-768x1020.jpeg 768w, https:\/\/www.radiopiu.net\/wordpress\/wp-content\/uploads\/2023\/09\/1584-2023-INCONTRO-THELIOS-INNOVATEK-1157x1536.jpeg 1157w, https:\/\/www.radiopiu.net\/wordpress\/wp-content\/uploads\/2023\/09\/1584-2023-INCONTRO-THELIOS-INNOVATEK.jpeg 1536w\" sizes=\"auto, (max-width: 160px) 100vw, 160px\" \/><\/a>VENEZIA <\/strong>Si sono tenuti ieri in sede regionale, presieduti dall\u2019Assessore regionale al lavoro Elena Donazzan assistita dall\u2019Unit\u00e0 di Crisi Aziendali e dalla Direzione lavoro della Regione del Veneto, gli incontri con le aziende Th\u00e8lios e Innovatek prossime a subentrare nei due rami d\u2019azienda riferiti all\u2019insediamento Safilo di Longarone. Gli incontri separati, che si sono succeduti in sequenza, hanno visto la partecipazione dei rappresentanti aziendali e delle Parti sindacali presenti in Safilo. Oggetto di ciascuno degli incontri \u00e8 stata la presentazione del cronoprogramma riferito al completamento e alla formalizzazione dei processi di trasferimento dei rami d\u2019azienda da Safilo a Th\u00e9lios e a Innovatek. Nell\u2019ambito di tali agende sono state individuate le date dei successivi incontri per il confronto di ciascuna delle due aziende con le Parti sindacali. Gli incontri hanno consentito anche un primo confronto su alcuni temi, che saranno successivamente approfonditi, e sui programmi di avvio della produzione che le imprese intendono attivare gi\u00e0 dal mese di novembre. \u201cL\u2019incontro di oggi ha consentito di far chiarezza su tempi e programmi con la partecipazione di tutte le parti sindacali \u2013 afferma l\u2019assessore Donazzan &#8211; tutto questo si \u00e8 svolto in un clima positivo e costruttivo\u201d.<\/p>\n<p>&nbsp;<\/p>\n<p>&nbsp;<\/p>\n<blockquote>\n<h1><em><strong>Tutto quello che bisogna fare per non essere truffati: Istruzioni per l&#8217;uso<\/strong><\/em><\/h1>\n<\/blockquote>\n<div class=\"flex-1 overflow-hidden\">\n<div class=\"react-scroll-to-bottom--css-ivztu-79elbk h-full dark:bg-gray-800\">\n<div class=\"react-scroll-to-bottom--css-ivztu-1n7m0yu\">\n<div class=\"flex flex-col text-sm dark:bg-gray-800\">\n<div class=\"group w-full text-token-text-primary border-b border-black\/10 dark:border-gray-900\/50 bg-gray-50 dark:bg-[#444654]\" data-testid=\"conversation-turn-5\">\n<div class=\"p-4 justify-center text-base md:gap-6 md:py-6 m-auto\">\n<div class=\"flex flex-1 gap-4 text-base mx-auto md:gap-6 md:max-w-2xl lg:max-w-[38rem] xl:max-w-3xl }\">\n<div class=\"relative flex w-[calc(100%-50px)] flex-col gap-1 md:gap-3 lg:w-[calc(100%-115px)]\">\n<div class=\"flex flex-grow flex-col gap-3 max-w-full\">\n<div class=\"min-h-[20px] flex flex-col items-start gap-3 overflow-x-auto whitespace-pre-wrap break-words\">\n<div class=\"markdown prose w-full break-words dark:prose-invert light\">\n<p><a class=\"dt-pswp-item\" href=\"https:\/\/www.radiopiu.net\/wordpress\/wp-content\/uploads\/2023\/09\/th-18.jpg\" data-dt-img-description=\"\" data-large_image_width=\"270\" data-large_image_height=\"180\"><img loading=\"lazy\" decoding=\"async\" class=\"size-medium wp-image-353098 alignleft\" src=\"https:\/\/www.radiopiu.net\/wordpress\/wp-content\/uploads\/2023\/09\/th-18.jpg\" alt=\"\" width=\"270\" height=\"180\" \/><\/a>Le truffe non conoscono confini e purtroppo colpiscono persone di tutte le et\u00e0 e contesti, con particolare frequenza tra i pi\u00f9 anziani e vulnerabili. Recentemente, si \u00e8 verificato un aumento delle truffe che coinvolgono anche i venditori, mettendo a rischio i loro fondi e la loro sicurezza finanziaria. Un residente di Belluno ha condiviso la sua amara esperienza. Aveva messo in vendita un tavolo su un noto sito web, e in breve tempo ha ricevuto una chiamata da un presunto acquirente. Tuttavia, ci\u00f2 che sembrava un&#8217;affare legittimo si \u00e8 rivelato essere un inganno subdolo. L&#8217;acquirente gli ha fornito un numero di cellulare, ma una volta consumata la truffa, quel numero risultava irraggiungibile. Il venditore ha raccontato di essere caduto nell&#8217;inganno quando, seguendo le istruzioni dell&#8217;acquirente, ha inserito i codici forniti al Banco Posta. Invece di ricevere il pagamento, ha involontariamente effettuato una ricarica sulla Postepay dell&#8217;acquirente, perdendo una somma considerevole. La situazione \u00e8 peggiorata quando, alla fine, \u00e8 stato richiesto al venditore di condividere il suo PIN bancario. Questo ha permesso all&#8217;ingannatore di continuare la frode, trattenendo il venditore a lungo al telefono per evitare che la banca inviasse notifiche sulle transazioni sospette. Il risultato finale \u00e8 stato devastante: il venditore non \u00e8 stato risarcito e ha dovuto cambiare banca per cercare una maggiore sicurezza finanziaria.<\/p>\n<div class=\"flex-1 overflow-hidden\">\n<div class=\"react-scroll-to-bottom--css-ivztu-79elbk h-full dark:bg-gray-800\">\n<div class=\"react-scroll-to-bottom--css-ivztu-1n7m0yu\">\n<div class=\"flex flex-col text-sm dark:bg-gray-800\">\n<div class=\"group w-full text-token-text-primary border-b border-black\/10 dark:border-gray-900\/50 bg-gray-50 dark:bg-[#444654]\" data-testid=\"conversation-turn-3\">\n<div class=\"p-4 justify-center text-base md:gap-6 md:py-6 m-auto\">\n<div class=\"flex flex-1 gap-4 text-base mx-auto md:gap-6 md:max-w-2xl lg:max-w-[38rem] xl:max-w-3xl }\">\n<div class=\"relative flex w-[calc(100%-50px)] flex-col gap-1 md:gap-3 lg:w-[calc(100%-115px)]\">\n<div class=\"flex flex-grow flex-col gap-3 max-w-full\">\n<div class=\"min-h-[20px] flex flex-col items-start gap-3 overflow-x-auto whitespace-pre-wrap break-words\">\n<div class=\"markdown prose w-full break-words dark:prose-invert light\">\n<p><strong>Come evitare le truffe online: istruzioni per la sicurezza<\/strong><\/p>\n<p>Nel tentativo di evitare truffe online, specialmente tra le persone anziane e vulnerabili, \u00e8 fondamentale seguire alcune precauzioni essenziali. Le truffe non si limitano pi\u00f9 a truffare i clienti, ma spesso coinvolgono anche i venditori. Ecco cosa fare per proteggersi:<\/p>\n<ol>\n<li><strong>Verifica i contatti:<\/strong> Quando ricevi una chiamata da un potenziale acquirente o venditore, assicurati di avere informazioni valide per il contatto. Evita numeri di cellulare che sembrano disattivati o sospetti.<\/li>\n<li><strong>Attenzione ai codici:<\/strong> Mai digitare i codici forniti da sconosciuti. Questi codici potrebbero appartenere alle loro carte prepagate. Invece di ricevere un pagamento, finirai per effettuare una ricarica.<\/li>\n<li><strong>Pin bancario:<\/strong> Non condividere mai il tuo pin bancario con estranei. Questo pu\u00f2 portare a truffe finanziarie gravi.<\/li>\n<li><strong>Notifiche bancarie:<\/strong> Mantieni sempre attive le notifiche sulle tue transazioni bancarie. Se noti attivit\u00e0 sospette, contatta immediatamente la tua banca per segnalarle.<\/li>\n<li><strong>Rapporto alle autorit\u00e0:<\/strong> Se sei vittima di una truffa, denuncia immediatamente l&#8217;incidente alle autorit\u00e0 competenti. Anche se il rimborso potrebbe non essere garantito, \u00e8 importante segnalare l&#8217;incidente per contribuire a fermare i truffatori.<\/li>\n<li><strong>Cambiare istituto bancario:<\/strong> Se sei stato truffato e la tua banca non ti ha fornito assistenza adeguata, considera la possibilit\u00e0 di cambiare istituto bancario per migliorare la tua sicurezza finanziaria.<\/li>\n<\/ol>\n<\/div>\n<\/div>\n<\/div>\n<\/div>\n<\/div>\n<\/div>\n<\/div>\n<\/div>\n<\/div>\n<\/div>\n<\/div>\n<\/div>\n<\/div>\n<\/div>\n<\/div>\n<\/div>\n<\/div>\n<\/div>\n<p>&nbsp;<\/p>\n<\/div>\n<\/div>\n<\/div>\n<\/div>\n<hr \/>\n<p>&nbsp;<\/p>\n<blockquote>\n<h3>OLTRE UN MILIONE DI EURO A ROCCA PIETORE per interventi sul territorio<\/h3>\n<\/blockquote>\n<p><strong><img loading=\"lazy\" decoding=\"async\" class=\"alignleft\" src=\"https:\/\/www.radiopiu.net\/wordpress\/wp-content\/uploads\/2019\/05\/728-2019area-soggetto-di-intervento-Rocca-Pietore-2-.jpg\" width=\"240\" height=\"180\" \/>VENEZIA<\/strong> Nell&#8217;ambito del fondo destinato a interventi di ripristino delle opere di collettamento e depurazione delle acque, nonch\u00e9 di impianti di monitoraggio delle acque in casi di urgenza correlati a eventi calamitosi, il Ministero dell&#8217;Ambiente e della Sicurezza Energetica ha confermato il trasferimento di 2.250.000 euro alla Regione per tre interventi sul territorio veneto. Nello specifico riguardano anche\u00a0 la realizzazione di un nuovo impianto di depurazione in localit\u00e0 Col di Rocca in Comune di Rocca Pietore, per un importo finanziato di 1.300.000 euro.<\/p>\n<p>foto archivio<\/p>\n<p>&nbsp;<\/p>\n<p><strong>L&#8217;ASSESSORE GIANPAOLO BOTTACIN<\/strong><\/p>\n<div style=\"width: 848px;\" class=\"wp-video\"><video class=\"wp-video-shortcode\" id=\"video-352950-1\" width=\"848\" height=\"480\" preload=\"metadata\" controls=\"controls\"><source type=\"video\/mp4\" src=\"https:\/\/www.radiopiu.net\/wordpress\/wp-content\/uploads\/2023\/09\/WhatsApp-Video-2023-09-18-at-12.19.57.mp4?_=1\" \/><a href=\"https:\/\/www.radiopiu.net\/wordpress\/wp-content\/uploads\/2023\/09\/WhatsApp-Video-2023-09-18-at-12.19.57.mp4\">https:\/\/www.radiopiu.net\/wordpress\/wp-content\/uploads\/2023\/09\/WhatsApp-Video-2023-09-18-at-12.19.57.mp4<\/a><\/video><\/div>\n<p>&nbsp;<\/p>\n<hr \/>\n<p>&nbsp;<\/p>\n<blockquote>\n<h3>INIZIATI I LAVORI PER LA GALLERIA DI TAI DI CADORE<\/h3>\n<\/blockquote>\n<p><strong>TAI DI CADORE<\/strong><\/p>\n<p>di Barbara Paolazzi, Radio Club 103<\/p>\n<audio class=\"wp-audio-shortcode\" id=\"audio-352950-1\" preload=\"none\" style=\"width: 100%;\" controls=\"controls\"><source type=\"audio\/mpeg\" src=\"https:\/\/www.radiopiu.net\/wordpress\/wp-content\/uploads\/2023\/09\/BARBARA-PAOLAZZI-GALLERIA-TAI-DI-CADORE.mp3?_=1\" \/><a href=\"https:\/\/www.radiopiu.net\/wordpress\/wp-content\/uploads\/2023\/09\/BARBARA-PAOLAZZI-GALLERIA-TAI-DI-CADORE.mp3\">https:\/\/www.radiopiu.net\/wordpress\/wp-content\/uploads\/2023\/09\/BARBARA-PAOLAZZI-GALLERIA-TAI-DI-CADORE.mp3<\/a><\/audio>\n<p>&nbsp;<\/p>\n\n\t\t\t<style type='text\/css'>\n\t\t\t\t#gallery-1 {\n\t\t\t\t\tmargin: auto;\n\t\t\t\t}\n\t\t\t\t#gallery-1 .gallery-item {\n\t\t\t\t\tfloat: left;\n\t\t\t\t\tmargin-top: 10px;\n\t\t\t\t\ttext-align: center;\n\t\t\t\t\twidth: 33%;\n\t\t\t\t}\n\t\t\t\t#gallery-1 img {\n\t\t\t\t\tborder: 2px solid #cfcfcf;\n\t\t\t\t}\n\t\t\t\t#gallery-1 .gallery-caption {\n\t\t\t\t\tmargin-left: 0;\n\t\t\t\t}\n\t\t\t\t\/* see gallery_shortcode() in wp-includes\/media.php *\/\n\t\t\t<\/style>\n\t\t<div id='gallery-1' class='dt-gallery-container gallery galleryid-352950 gallery-columns-3 gallery-size-thumbnail'><dl class='gallery-item'>\n\t\t\t\t<dt class='gallery-icon portrait'>\n\t\t\t\t\t<a class=\"rollover rollover-zoom dt-pswp-item\" title=\"dceaa521-2f61-4d28-ab6a-e7c99e52bcd3\" data-dt-img-description=\"\" data-large_image_width=\"768\" data-large_image_height=\"1024\"href='https:\/\/www.radiopiu.net\/wordpress\/wp-content\/uploads\/2023\/09\/dceaa521-2f61-4d28-ab6a-e7c99e52bcd3.jpg'><img loading=\"lazy\" decoding=\"async\" width=\"150\" height=\"150\" src=\"https:\/\/www.radiopiu.net\/wordpress\/wp-content\/uploads\/2023\/09\/dceaa521-2f61-4d28-ab6a-e7c99e52bcd3-150x150.jpg\" class=\"attachment-thumbnail size-thumbnail\" alt=\"\" \/><\/a>\n\t\t\t\t<\/dt><\/dl><dl class='gallery-item'>\n\t\t\t\t<dt class='gallery-icon landscape'>\n\t\t\t\t\t<a class=\"rollover rollover-zoom dt-pswp-item\" title=\"465010b0-0996-48bc-9727-acf19ef59017\" data-dt-img-description=\"\" data-large_image_width=\"1440\" data-large_image_height=\"1080\"href='https:\/\/www.radiopiu.net\/wordpress\/wp-content\/uploads\/2023\/09\/465010b0-0996-48bc-9727-acf19ef59017.jpg'><img loading=\"lazy\" decoding=\"async\" width=\"150\" height=\"150\" src=\"https:\/\/www.radiopiu.net\/wordpress\/wp-content\/uploads\/2023\/09\/465010b0-0996-48bc-9727-acf19ef59017-150x150.jpg\" class=\"attachment-thumbnail size-thumbnail\" alt=\"\" \/><\/a>\n\t\t\t\t<\/dt><\/dl><dl class='gallery-item'>\n\t\t\t\t<dt class='gallery-icon landscape'>\n\t\t\t\t\t<a class=\"rollover rollover-zoom dt-pswp-item\" title=\"f41249f9-b106-493a-9047-0a3bcb8374fe\" data-dt-img-description=\"\" data-large_image_width=\"1600\" data-large_image_height=\"655\"href='https:\/\/www.radiopiu.net\/wordpress\/wp-content\/uploads\/2023\/09\/f41249f9-b106-493a-9047-0a3bcb8374fe.jpg'><img loading=\"lazy\" decoding=\"async\" width=\"150\" height=\"150\" src=\"https:\/\/www.radiopiu.net\/wordpress\/wp-content\/uploads\/2023\/09\/f41249f9-b106-493a-9047-0a3bcb8374fe-150x150.jpg\" class=\"attachment-thumbnail size-thumbnail\" alt=\"\" aria-describedby=\"gallery-1-353093\" \/><\/a>\n\t\t\t\t<\/dt>\n\t\t\t\t\t<dd class='wp-caption-text gallery-caption' id='gallery-1-353093'>\n\t\t\t\t\tRENDERING DI ANAS\n\t\t\t\t\t<\/dd><\/dl><br style=\"clear: both\" \/>\n\t\t\t<\/div>\n\n<p>&nbsp;<\/p>\n<hr \/>\n<p>&nbsp;<\/p>\n<blockquote>\n<h3><strong><a class=\"dt-pswp-item\" href=\"https:\/\/www.radiopiu.net\/wordpress\/wp-content\/uploads\/2023\/09\/th-19.jpg\" data-dt-img-description=\"\" data-large_image_width=\"314\" data-large_image_height=\"180\"><img loading=\"lazy\" decoding=\"async\" class=\"wp-image-353101 alignleft\" src=\"https:\/\/www.radiopiu.net\/wordpress\/wp-content\/uploads\/2023\/09\/th-19-300x172.jpg\" alt=\"\" width=\"178\" height=\"102\" srcset=\"https:\/\/www.radiopiu.net\/wordpress\/wp-content\/uploads\/2023\/09\/th-19-300x172.jpg 300w, https:\/\/www.radiopiu.net\/wordpress\/wp-content\/uploads\/2023\/09\/th-19.jpg 314w\" sizes=\"auto, (max-width: 178px) 100vw, 178px\" \/><\/a><\/strong>LE DIMISSIONI DEL CONSIGLIERE DI MAGGIORANZA DANIELE TRABUCCO<\/h3>\n<\/blockquote>\n<p><strong>BELLUNO<\/strong> Si libera un posto in consiglio comunale, Daniele Trabucco opta per un lavoro internazionale di difficile conciliazione con la carica pubblica e quindi abbandona il consiglio comunale (dove era stato eletto) e il sindaco Oscar De Pellegrin. Entro dieci giorni la surroga con Celeste Balcon. <em>Avrei preferito &#8211; lascia scritto Trabucco &#8211; che la Giunta condividesse maggiormente le scelte. E poi la lettera di intenti sul Nevegal, avrei preferito riceverla dalla Giunta, ho invece dovuto richiedere accesso agli atti&#8221;.<\/em><\/p>\n<p>&nbsp;<\/p>\n<hr \/>\n<p>&nbsp;<\/p>\n<blockquote>\n<h3>TI AMMAZZO! &#8230; ASSOLTO<\/h3>\n<\/blockquote>\n<p><strong>BELLUNO<\/strong> Indagato per violenza privata su minore e minacce aggravate al padre (ti ammazzo..ti sparo). I fatti risalgono all&#8217;agosto di cinque anni fa, a Sois. Le accuse nei confronti dell&#8217;uomo sono cadute. Il giudice Montalto lo ha assolto, il Pubblico Ministero Sandra Rossi aveva chiesto (per le sole minacce aggravate) 4 mesi di reclusione.<\/p>\n<p>&nbsp;<\/p>\n<hr \/>\n<p>&nbsp;<\/p>\n<p><strong><span style=\"color: #ff0000;\">AUTOVELOX<\/span>\u00a0<\/strong><\/p>\n<blockquote>\n<h3>ARSIE&#8217;, IL COMUNE RICORRE DOPO IL PRONUNCIAMENTO DEL GIUDICE DI PACE<\/h3>\n<\/blockquote>\n<p><strong>ARSIE<\/strong>&#8216; Altri 700 euro dei cittadini per pagare un avvocato per un ricorso contro il pronunciamento del giudice di pace sull&#8217;annullamento delle sanzioni per superamento dei limiti di velocit\u00e0 sul tratto monitorato da autovelox bidirezionale. Compenso di 700 euro oltre all&#8217;Iva. La motivazione del pronunciamento del giudice di pace \u00e8 sempre la stessa, ossia che l&#8217;autovelox non \u00e8 omologato<\/p>\n<p>&nbsp;<\/p>\n<p>&nbsp;<\/p>\n<hr \/>\n<p>&nbsp;<\/p>\n<blockquote>\n<h3>SABATO RITORNA SPORT IN PIAZZA A FELTRE. PRESENTATE LE NOVITA&#8217; DI QUESTA EDIZIONE<\/h3>\n<\/blockquote>\n<p><strong><a class=\"dt-pswp-item\" href=\"https:\/\/www.radiopiu.net\/wordpress\/wp-content\/uploads\/2023\/09\/80f6eac8-8ba5-4ca7-9338-8364e9fa4f7f.jpg\" data-dt-img-description=\"\" data-large_image_width=\"1600\" data-large_image_height=\"900\"><img loading=\"lazy\" decoding=\"async\" class=\" wp-image-353046 alignleft\" src=\"https:\/\/www.radiopiu.net\/wordpress\/wp-content\/uploads\/2023\/09\/80f6eac8-8ba5-4ca7-9338-8364e9fa4f7f-300x169.jpg\" alt=\"\" width=\"185\" height=\"104\" srcset=\"https:\/\/www.radiopiu.net\/wordpress\/wp-content\/uploads\/2023\/09\/80f6eac8-8ba5-4ca7-9338-8364e9fa4f7f-300x169.jpg 300w, https:\/\/www.radiopiu.net\/wordpress\/wp-content\/uploads\/2023\/09\/80f6eac8-8ba5-4ca7-9338-8364e9fa4f7f-1024x576.jpg 1024w, https:\/\/www.radiopiu.net\/wordpress\/wp-content\/uploads\/2023\/09\/80f6eac8-8ba5-4ca7-9338-8364e9fa4f7f-768x432.jpg 768w, https:\/\/www.radiopiu.net\/wordpress\/wp-content\/uploads\/2023\/09\/80f6eac8-8ba5-4ca7-9338-8364e9fa4f7f-1536x864.jpg 1536w, https:\/\/www.radiopiu.net\/wordpress\/wp-content\/uploads\/2023\/09\/80f6eac8-8ba5-4ca7-9338-8364e9fa4f7f.jpg 1600w\" sizes=\"auto, (max-width: 185px) 100vw, 185px\" \/><\/a>FELTRE<\/strong> Novit\u00e0 in arrivo per l&#8217;edizione feltrina di \u201cSport in Piazza\u201d, che torna nella giornata di sabato: una nuova location, nuova attivit\u00e0 sportive a disposizione e per i bambini un gadget decisamente ecologico.<\/p>\n<p><strong>di Daniele Dalvit<\/strong><\/p>\n<audio class=\"wp-audio-shortcode\" id=\"audio-352950-2\" preload=\"none\" style=\"width: 100%;\" controls=\"controls\"><source type=\"audio\/mpeg\" src=\"https:\/\/www.radiopiu.net\/wordpress\/wp-content\/uploads\/2023\/09\/Radio-Piu-Servizio-Presentazione-Sport-in-piazza-Feltre-2023.mp3?_=2\" \/><a href=\"https:\/\/www.radiopiu.net\/wordpress\/wp-content\/uploads\/2023\/09\/Radio-Piu-Servizio-Presentazione-Sport-in-piazza-Feltre-2023.mp3\">https:\/\/www.radiopiu.net\/wordpress\/wp-content\/uploads\/2023\/09\/Radio-Piu-Servizio-Presentazione-Sport-in-piazza-Feltre-2023.mp3<\/a><\/audio>\n<p>&nbsp;<\/p>\n<hr \/>\n<p>&nbsp;<\/p>\n<blockquote>\n<h3>OPERATIVO IL CAMION PER LE RISONANZE MAGNETICHE A BELLUNO<\/h3>\n<\/blockquote>\n<p><strong>BELLUNO <\/strong>Come promesso dal Commissario Dal Ben, da oggi \u00e8 operativa l\u2019unit\u00e0 mobile aggiuntiva per le Risonanze Magnetiche all\u2019ospedale di Belluno per potenziare l\u2019offerta\u00a0 di servizi. Il mezzo, con \u00e9quipe annessa, garantir\u00e0 l\u2019esecuzione di circa 770 risonanze. Queste si aggiungono all\u2019acquisto di orari aggiuntivi gi\u00e0 svolti da medici e tecnici dell\u2019ulss Dolomiti per l\u2019esecuzione di prestazioni radiologiche oltre l\u2019ordinario e alla convenzione con l\u2019Azienda Ospedaliera di Padova: gi\u00e0 da alcuni weekend i radiologi patavini eseguono ecografie nel presidio di Belluno.<\/p>\n\n\t\t\t<style type='text\/css'>\n\t\t\t\t#gallery-2 {\n\t\t\t\t\tmargin: auto;\n\t\t\t\t}\n\t\t\t\t#gallery-2 .gallery-item {\n\t\t\t\t\tfloat: left;\n\t\t\t\t\tmargin-top: 10px;\n\t\t\t\t\ttext-align: center;\n\t\t\t\t\twidth: 25%;\n\t\t\t\t}\n\t\t\t\t#gallery-2 img {\n\t\t\t\t\tborder: 2px solid #cfcfcf;\n\t\t\t\t}\n\t\t\t\t#gallery-2 .gallery-caption {\n\t\t\t\t\tmargin-left: 0;\n\t\t\t\t}\n\t\t\t\t\/* see gallery_shortcode() in wp-includes\/media.php *\/\n\t\t\t<\/style>\n\t\t<div id='gallery-2' class='dt-gallery-container gallery galleryid-352950 gallery-columns-4 gallery-size-thumbnail'><dl class='gallery-item'>\n\t\t\t\t<dt class='gallery-icon landscape'>\n\t\t\t\t\t<a class=\"rollover rollover-zoom dt-pswp-item\" title=\"WhatsApp Image 2023-09-18 at 16.58.34\" data-dt-img-description=\"\" data-large_image_width=\"2040\" data-large_image_height=\"1530\"href='https:\/\/www.radiopiu.net\/wordpress\/wp-content\/uploads\/2023\/09\/WhatsApp-Image-2023-09-18-at-16.58.34.jpeg'><img loading=\"lazy\" decoding=\"async\" width=\"150\" height=\"150\" src=\"https:\/\/www.radiopiu.net\/wordpress\/wp-content\/uploads\/2023\/09\/WhatsApp-Image-2023-09-18-at-16.58.34-150x150.jpeg\" class=\"attachment-thumbnail size-thumbnail\" alt=\"\" \/><\/a>\n\t\t\t\t<\/dt><\/dl><dl class='gallery-item'>\n\t\t\t\t<dt class='gallery-icon portrait'>\n\t\t\t\t\t<a class=\"rollover rollover-zoom dt-pswp-item\" title=\"WhatsApp Image 2023-09-18 at 14.40.31\" data-dt-img-description=\"\" data-large_image_width=\"1536\" data-large_image_height=\"2048\"href='https:\/\/www.radiopiu.net\/wordpress\/wp-content\/uploads\/2023\/09\/WhatsApp-Image-2023-09-18-at-14.40.31.jpeg'><img loading=\"lazy\" decoding=\"async\" width=\"150\" height=\"150\" src=\"https:\/\/www.radiopiu.net\/wordpress\/wp-content\/uploads\/2023\/09\/WhatsApp-Image-2023-09-18-at-14.40.31-150x150.jpeg\" class=\"attachment-thumbnail size-thumbnail\" alt=\"\" \/><\/a>\n\t\t\t\t<\/dt><\/dl><dl class='gallery-item'>\n\t\t\t\t<dt class='gallery-icon landscape'>\n\t\t\t\t\t<a class=\"rollover rollover-zoom dt-pswp-item\" title=\"WhatsApp Image 2023-09-18 at 14.40.23\" data-dt-img-description=\"\" data-large_image_width=\"2048\" data-large_image_height=\"1536\"href='https:\/\/www.radiopiu.net\/wordpress\/wp-content\/uploads\/2023\/09\/WhatsApp-Image-2023-09-18-at-14.40.23.jpeg'><img loading=\"lazy\" decoding=\"async\" width=\"150\" height=\"150\" src=\"https:\/\/www.radiopiu.net\/wordpress\/wp-content\/uploads\/2023\/09\/WhatsApp-Image-2023-09-18-at-14.40.23-150x150.jpeg\" class=\"attachment-thumbnail size-thumbnail\" alt=\"\" \/><\/a>\n\t\t\t\t<\/dt><\/dl><dl class='gallery-item'>\n\t\t\t\t<dt class='gallery-icon portrait'>\n\t\t\t\t\t<a class=\"rollover rollover-zoom dt-pswp-item\" title=\"WhatsApp Image 2023-09-18 at 14.38.19\" data-dt-img-description=\"\" data-large_image_width=\"1152\" data-large_image_height=\"2048\"href='https:\/\/www.radiopiu.net\/wordpress\/wp-content\/uploads\/2023\/09\/WhatsApp-Image-2023-09-18-at-14.38.19.jpeg'><img loading=\"lazy\" decoding=\"async\" width=\"150\" height=\"150\" src=\"https:\/\/www.radiopiu.net\/wordpress\/wp-content\/uploads\/2023\/09\/WhatsApp-Image-2023-09-18-at-14.38.19-150x150.jpeg\" class=\"attachment-thumbnail size-thumbnail\" alt=\"\" \/><\/a>\n\t\t\t\t<\/dt><\/dl><br style=\"clear: both\" \/>\n\t\t\t<\/div>\n\n<p>&nbsp;<\/p>\n<p>&nbsp;<\/p>\n<hr \/>\n<p>&nbsp;<\/p>\n<blockquote>\n<h3>IL COMMISSARIO DAL BEN FA VISITA ALLA SEDE DI EVA ALPAGO<\/h3>\n<\/blockquote>\n<p><strong><a class=\"dt-pswp-item\" href=\"https:\/\/www.radiopiu.net\/wordpress\/wp-content\/uploads\/2023\/09\/ec37a145-2d51-40f3-af9f-59d071452300.jpg\" data-dt-img-description=\"\" data-large_image_width=\"2040\" data-large_image_height=\"1530\"><img loading=\"lazy\" decoding=\"async\" class=\" wp-image-353078 alignleft\" src=\"https:\/\/www.radiopiu.net\/wordpress\/wp-content\/uploads\/2023\/09\/ec37a145-2d51-40f3-af9f-59d071452300-300x225.jpg\" alt=\"\" width=\"176\" height=\"132\" srcset=\"https:\/\/www.radiopiu.net\/wordpress\/wp-content\/uploads\/2023\/09\/ec37a145-2d51-40f3-af9f-59d071452300-300x225.jpg 300w, https:\/\/www.radiopiu.net\/wordpress\/wp-content\/uploads\/2023\/09\/ec37a145-2d51-40f3-af9f-59d071452300-1024x768.jpg 1024w, https:\/\/www.radiopiu.net\/wordpress\/wp-content\/uploads\/2023\/09\/ec37a145-2d51-40f3-af9f-59d071452300-768x576.jpg 768w, https:\/\/www.radiopiu.net\/wordpress\/wp-content\/uploads\/2023\/09\/ec37a145-2d51-40f3-af9f-59d071452300-1536x1152.jpg 1536w, https:\/\/www.radiopiu.net\/wordpress\/wp-content\/uploads\/2023\/09\/ec37a145-2d51-40f3-af9f-59d071452300.jpg 2040w\" sizes=\"auto, (max-width: 176px) 100vw, 176px\" \/><\/a>ALPAGO\u00a0<\/strong>Ieri mattina, il Commissario Giuseppe Dal Ben ha fatto visita alla sede di Eva Alpago per un confronto su temi di comune interesse per il sostegno e lo sviluppo della rete dei soccorsi nel territorio. Dopo gli incontri con le Croci dell\u2019Agordino, la Croce Bianca di Livinallongo e di Cortina delle scorse settimane, Dal Ben ha potuto apprezzare anche la vivace realt\u00e0 del mondo del Volontariato nell\u2019ambito del soccorso dell\u2019Alpago, fatta di competenza, dedizione e spirito di servizio. All\u2019incontro era presente anche l\u2019Assessore alla Protezione Civile Gianpaolo Bottacin.<\/p>\n<p>&nbsp;<\/p>\n<p>&nbsp;<\/p>\n<hr \/>\n<p>&nbsp;<\/p>\n<blockquote>\n<h3>GARA PUBBLICA PER QUATTRO PANNELI D&#8217;INFORMAZIONE<\/h3>\n<\/blockquote>\n<p><strong><a class=\"dt-pswp-item\" href=\"https:\/\/www.radiopiu.net\/wordpress\/wp-content\/uploads\/2023\/09\/Totem_nei_pressi_del_sottopasso.jpg\" data-dt-img-description=\"\" data-large_image_width=\"1226\" data-large_image_height=\"770\"><img loading=\"lazy\" decoding=\"async\" class=\" wp-image-353035 alignleft\" src=\"https:\/\/www.radiopiu.net\/wordpress\/wp-content\/uploads\/2023\/09\/Totem_nei_pressi_del_sottopasso-300x188.jpg\" alt=\"\" width=\"223\" height=\"140\" srcset=\"https:\/\/www.radiopiu.net\/wordpress\/wp-content\/uploads\/2023\/09\/Totem_nei_pressi_del_sottopasso-300x188.jpg 300w, https:\/\/www.radiopiu.net\/wordpress\/wp-content\/uploads\/2023\/09\/Totem_nei_pressi_del_sottopasso-1024x643.jpg 1024w, https:\/\/www.radiopiu.net\/wordpress\/wp-content\/uploads\/2023\/09\/Totem_nei_pressi_del_sottopasso-768x482.jpg 768w, https:\/\/www.radiopiu.net\/wordpress\/wp-content\/uploads\/2023\/09\/Totem_nei_pressi_del_sottopasso.jpg 1226w\" sizes=\"auto, (max-width: 223px) 100vw, 223px\" \/><\/a>PONTE NELLE ALPI <\/strong>Si \u00e8 conclusa la gara pubblica per i quattro impianti comunali di informazione e comunicazione. Ad aggiudicarsela \u00e8 stata la ditta \u201cQuadro Advertising srl\u201d di Padova, la quale potr\u00e0 quindi utilizzare i totem pubblicitari, posti al bivio di Ponte nelle Alpi, al Parco Ex Casa Rossa \u201cAlessandro Mares\u201d, in viale Dolomiti (entrata al sottopasso di Nuova Erto) e in viale Cadore.<span class=\"gmail-Apple-converted-space\"> \u00a0<\/span>Il contratto durer\u00e0 dodici anni per un affitto di circa 25mila euro, che entreranno nelle casse del Comune: 9.900 euro per il pannello del bivio, altrettanti per il quadro di viale Dolomiti, 3mila euro per il totem di viale Cadore e 2mila per quello del parco \u201cMares\u201d. La ditta vincitrice del bando ha concluso le opere di sistemazione, riqualificazione e manutenzione dei cartelloni: due totem saranno digitali (bivio e viale Cadore), mentre l\u2019amministrazione comunale si \u00e8 riservata una quota di messaggi istituzionali.<span class=\"gmail-Apple-converted-space\">\u00a0<\/span><\/p>\n<p>&nbsp;<\/p>\n<p>&nbsp;<\/p>\n<hr \/>\n<p>&nbsp;<\/p>\n<blockquote>\n<h3>IL COMMISSARIO DAL BEN INCONTRA CONFINDUSTRIA<\/h3>\n<\/blockquote>\n<p><strong><a class=\"dt-pswp-item\" href=\"https:\/\/www.radiopiu.net\/wordpress\/wp-content\/uploads\/2023\/09\/WhatsApp-Image-2023-09-18-at-16.03.49.jpeg\" data-dt-img-description=\"\" data-large_image_width=\"1606\" data-large_image_height=\"2048\"><img loading=\"lazy\" decoding=\"async\" class=\" wp-image-353055 alignleft\" src=\"https:\/\/www.radiopiu.net\/wordpress\/wp-content\/uploads\/2023\/09\/WhatsApp-Image-2023-09-18-at-16.03.49-235x300.jpeg\" alt=\"\" width=\"112\" height=\"143\" srcset=\"https:\/\/www.radiopiu.net\/wordpress\/wp-content\/uploads\/2023\/09\/WhatsApp-Image-2023-09-18-at-16.03.49-235x300.jpeg 235w, https:\/\/www.radiopiu.net\/wordpress\/wp-content\/uploads\/2023\/09\/WhatsApp-Image-2023-09-18-at-16.03.49-803x1024.jpeg 803w, https:\/\/www.radiopiu.net\/wordpress\/wp-content\/uploads\/2023\/09\/WhatsApp-Image-2023-09-18-at-16.03.49-768x979.jpeg 768w, https:\/\/www.radiopiu.net\/wordpress\/wp-content\/uploads\/2023\/09\/WhatsApp-Image-2023-09-18-at-16.03.49-1205x1536.jpeg 1205w, https:\/\/www.radiopiu.net\/wordpress\/wp-content\/uploads\/2023\/09\/WhatsApp-Image-2023-09-18-at-16.03.49.jpeg 1606w\" sizes=\"auto, (max-width: 112px) 100vw, 112px\" \/><\/a>BELLUNO <\/strong>Ieri nella sede di Confindustria a Belluno, il Commissario Giuseppe Dal Ben ha incontrato la Presidente Lorraine Berton per uno scambio di visioni e consolidare la gi\u00e0 proficua collaborazione su temi strategici per il territorio. \u201cCon Confindustria e la sua Presidente \u00e8 in corso una solida partnership, nel comune interesse di consolidare i servizi esistenti per le persone che vivono e lavorano nelle Dolomiti e di attrarre nuove risorse umane necessarie a tutti i comparti del territorio\u201d commenta il Commissario Dal Ben \u201clavoriamo insieme per dare risposte concrete, \u201cabbiamo problemi comuni e anche una comune visione delle soluzioni che passano per sinergie costruttive volte a dare nuova linfa ai servizi\u201d. \u201cPer il sistema economico e industriale della provincia \u2013 afferma Lorraine Berton \u2013 la sanit\u00e0 \u00e8 un elemento fondamentale ed \u00e8 per questo che come Confindustria Belluno Dolomiti vogliamo essere vicini ai vertici dell\u2019Ulss, in modo costruttivo e con l\u2019obiettivo di trovare soluzioni ai problemi che purtroppo non mancano. Stiamo lavorando molto, e da tempo, per rendere il nostro territorio attrattivo. Abbiamo grandi aziende che continuano a investire qui, aumentando occupazione e benessere. Ma sappiamo anche che manca personale, a tutti i livelli. Se vogliamo incentivare le persone a venire a vivere qui, dobbiamo continuare ad offrire e a rafforzare una sanit\u00e0 di eccellenza\u201d.<\/p>\n<p>&nbsp;<\/p>\n<p>&nbsp;<\/p>\n<hr \/>\n<p>&nbsp;<\/p>\n<blockquote>\n<h3>IL SENATORE DE CARLO OSPITE DI FEDERALBERGHI BELLUNO DOLOMITI necessit\u00e0 urgente di risorse statali<\/h3>\n<\/blockquote>\n<p><strong><a class=\"dt-pswp-item\" href=\"https:\/\/www.radiopiu.net\/wordpress\/wp-content\/uploads\/2023\/09\/Incontro-con-il-sen.-Luca-De-Carlo.jpg\" data-dt-img-description=\"\" data-large_image_width=\"1500\" data-large_image_height=\"875\"><img loading=\"lazy\" decoding=\"async\" class=\" wp-image-353062 alignleft\" src=\"https:\/\/www.radiopiu.net\/wordpress\/wp-content\/uploads\/2023\/09\/Incontro-con-il-sen.-Luca-De-Carlo-300x175.jpg\" alt=\"\" width=\"199\" height=\"116\" srcset=\"https:\/\/www.radiopiu.net\/wordpress\/wp-content\/uploads\/2023\/09\/Incontro-con-il-sen.-Luca-De-Carlo-300x175.jpg 300w, https:\/\/www.radiopiu.net\/wordpress\/wp-content\/uploads\/2023\/09\/Incontro-con-il-sen.-Luca-De-Carlo-1024x597.jpg 1024w, https:\/\/www.radiopiu.net\/wordpress\/wp-content\/uploads\/2023\/09\/Incontro-con-il-sen.-Luca-De-Carlo-768x448.jpg 768w, https:\/\/www.radiopiu.net\/wordpress\/wp-content\/uploads\/2023\/09\/Incontro-con-il-sen.-Luca-De-Carlo.jpg 1500w\" sizes=\"auto, (max-width: 199px) 100vw, 199px\" \/><\/a>BELLUNO<\/strong> Si \u00e8 svolto nella mattinata di ieri nella sede centrale di Confcommercio Belluno un importante incontro tra il Consiglio Direttivo di Federalberghi Belluno ed il senatore Luca De Carlo, accompagnato nell\u2019occasione, da Monica Mazzoccoli, assessore del Comune di Belluno con delega ai temi olimpici. I saluti sono spettati al presidente di Confcommercio Belluno Paolo Doglioni. Il presidente di Federalberghi Walter De Cassan ha quindi sottoposto al senatore De Carlo, nella sua importante veste di Presidente della IX Commissione al Senato, una serie di temi e proposte sintetizzati in un documento. Tra i temi trattati innanzitutto la necessit\u00e0 urgente di risorse statali, a supporto di quelle gestite dalla Regione a valere sui fondi europei, per la riqualificazione dell\u2019offerta ricettiva in ottica Milano Cortina 2026; i tempi stringono e la specialit\u00e0 dell\u2019evento merita una strategia speciale anche di supporto alle imprese turistiche ed agli alberghi bellunesi che gi\u00e0 in fase di candidatura avevano sposato il progetto con entusiasmo, speranza e grande partecipazione alla \u201cdisponibilit\u00e0 camere\u201d inserita nel dossier presentato al CIO.<\/p>\n<p>&nbsp;<\/p>\n<p>&nbsp;<\/p>\n<hr \/>\n<p>&nbsp;<\/p>\n<blockquote>\n<h3>ARABBA MARMOLADA 2030. VENERDI&#8217; AL RIFUGIO LUIGI GORZA in diretta su tutti i canali di radiopi\u00f9<\/h3>\n<\/blockquote>\n<p><a class=\"dt-pswp-item\" href=\"https:\/\/www.radiopiu.net\/wordpress\/wp-content\/uploads\/2023\/09\/Arabba_Fodom_Turismo_ph_Roberto_De_Pellegrin_web-13-1.jpg\" data-dt-img-description=\"\" data-large_image_width=\"1115\" data-large_image_height=\"743\"><img loading=\"lazy\" decoding=\"async\" class=\" wp-image-353050 alignleft\" src=\"https:\/\/www.radiopiu.net\/wordpress\/wp-content\/uploads\/2023\/09\/Arabba_Fodom_Turismo_ph_Roberto_De_Pellegrin_web-13-1-300x200.jpg\" alt=\"\" width=\"197\" height=\"131\" srcset=\"https:\/\/www.radiopiu.net\/wordpress\/wp-content\/uploads\/2023\/09\/Arabba_Fodom_Turismo_ph_Roberto_De_Pellegrin_web-13-1-300x200.jpg 300w, https:\/\/www.radiopiu.net\/wordpress\/wp-content\/uploads\/2023\/09\/Arabba_Fodom_Turismo_ph_Roberto_De_Pellegrin_web-13-1-1024x682.jpg 1024w, https:\/\/www.radiopiu.net\/wordpress\/wp-content\/uploads\/2023\/09\/Arabba_Fodom_Turismo_ph_Roberto_De_Pellegrin_web-13-1-768x512.jpg 768w, https:\/\/www.radiopiu.net\/wordpress\/wp-content\/uploads\/2023\/09\/Arabba_Fodom_Turismo_ph_Roberto_De_Pellegrin_web-13-1.jpg 1115w\" sizes=\"auto, (max-width: 197px) 100vw, 197px\" \/><\/a>Venerd\u00ec alle 18:00 al Rifugio Luigi Gorza si terr\u00e0 un appuntamento in quota per discutere di montagna, progetti e sviluppo turistico. Il progetto &#8220;Arabba &#8211; Marmolada 2030&#8221; \u00e8 nato nel 2020 con l&#8217;obiettivo di migliorare la competitivit\u00e0 delle localit\u00e0 di Arabba e Rocca Pietore. Queste due localit\u00e0 sono unite da un Consorzio impianti a fune e dalla zona sciistica. Il mercato turistico globale \u00e8 in crescita, ma c&#8217;\u00e8 una crescente competizione tra le destinazioni. Pertanto, \u00e8 necessario sviluppare strategie di commercializzazione pi\u00f9 strutturate. Il progetto ha coinvolto diverse parti interessate, tra cui operatori turistici, amministrazioni pubbliche, associazioni turistiche e cittadini. I risultati del piano di sviluppo sono positivi e includono la valorizzazione del territorio, il miglioramento della qualit\u00e0 della vita, lo sviluppo di nuove forme di ricettivit\u00e0, la costruzione di spazi per eventi, miglioramenti nella viabilit\u00e0 e molto altro.\u00a0 Il programma dell&#8217;evento comprende la salita al Rifugio Luigi Gorza con il Funifor Arabba &#8211; Porta Vescovo alle 17:00, seguita dalla presentazione dei risultati del progetto alle 18:00 e da un aperitivo in quota alle 20:00, aperto a tutti i cittadini dei Comuni di Livinallongo del Col di Lana e Rocca Pietore.<\/p>\n<p>&nbsp;<\/p>\n<p><strong><img loading=\"lazy\" decoding=\"async\" class=\"alignleft\" src=\"https:\/\/www.radiopiu.net\/wordpress\/wp-content\/uploads\/2022\/11\/MyRadioPiu_miaidea.png\" width=\"220\" height=\"170\" \/>VENERDI 22 SETTEMBRE DIRETTA SUI CANALI SOCIAL E ALLA RADIO A CURA DI DANIELE DALVIT, REGIA E COORDINAMENTO DALLO STUDIO MIRKO MEZZACASA, SUPPORTO TECNICO DIRETTA FM\u00a0 MARCO GAZ-GIANFRANCO TOME\u2019\u00a0<\/strong>Dalle 18 dal Rifugio Luigi Gorza, a Porta Vescovo, diretta della serata di presentazione dei risultati del progetto di sviluppo Turistico Arabba Marmolada 2030, un lavoro di un paio d\u2019anni con diversi attori del territorio. L\u2019evento in diretta su:\u00a0<strong>\u00a0canale TELEGRAM\u00a0 di RADIOPIU<\/strong>\u00a0<a href=\"https:\/\/web.telegram.org\/k\/#@radiopiu\">\u00a0https:\/\/web.telegram.org\/k\/#@radiopiu\u00a0<\/a>\u00a0 canale FACEBOOK GRUPPO RADIO PIU\u2019 EMITTENTE AGORDINA\u00a0\u00a0<a href=\"https:\/\/www.facebook.com\/groups\/radiopiu\">https:\/\/www.facebook.com\/groups\/radiopiu<\/a>\u00a0canale PAGINA RADIO PIU\u00a0\u00a0<a href=\"https:\/\/www.facebook.com\/radiopiu\">https:\/\/www.facebook.com\/radiopiu<\/a>\u00a0canale PAGINA DIRETTA RADIO PIU\u2019 EMITTENTE AGORDINA\u00a0\u00a0<a href=\"https:\/\/www.facebook.com\/marco.baghy.1\/\">https:\/\/www.facebook.com\/marco.baghy.1\/<\/a>\u00a0canale PAGINA MIRKO MEZZACASA https:\/\/www.facebook.com\/mirko.mezzacasa\/ canale PAGINA MIRKO MEZZINO MEZZA https:\/\/www.facebook.com\/Mirkomezziano\/ canale YOUTUBE<a href=\"https:\/\/www.youtube.com\/channel\/UC_sv6_pySrogmrRK354wWOw\">\u00a0https:\/\/www.youtube.com\/channel\/UC_sv6_pySrogmrRK354wWOw\u00a0<\/a>\u00a0canale RADIO PIU\u2019 FM, FREQUENZE ALTO AGORDINO 97800, 88400, 102200 MEDIO AGORDINO 91700 VAL BIOIS 103800 97600 CONCA AGORDINA 97800 88200 102200 BELLUNO ALPAGO LONGARONE VALBELLUNA 104.400 FELTRE 88.300 IN STREAMING IN TUTTO IL MONDO SU www.radiopiu.net (https:\/\/www.shoutcaststreaming.it\/clients\/radiopiu\/) SULLA APP SAMSUNG I PHONE SCARICABILE GRATUITAMENTE DA\u00a0<a href=\"https:\/\/www.radiopiu.net\/wordpress\/\">WWW.RADIOPIU.NET<\/a><\/p>\n<p>&nbsp;<\/p>\n<p>&nbsp;<\/p>\n<hr \/>\n<p>&nbsp;<\/p>\n<blockquote>\n<h3>LA SECONDA EDIZIONE DI BELLUNO CITTA&#8217; DEL LEGNO con 18 scultori<\/h3>\n<\/blockquote>\n<p><strong><a class=\"dt-pswp-item\" href=\"https:\/\/www.radiopiu.net\/wordpress\/wp-content\/uploads\/2023\/09\/SCR-20230918-rjcw.png\" data-dt-img-description=\"\" data-large_image_width=\"670\" data-large_image_height=\"452\"><img loading=\"lazy\" decoding=\"async\" class=\" wp-image-353088 alignleft\" src=\"https:\/\/www.radiopiu.net\/wordpress\/wp-content\/uploads\/2023\/09\/SCR-20230918-rjcw-300x202.png\" alt=\"\" width=\"196\" height=\"132\" srcset=\"https:\/\/www.radiopiu.net\/wordpress\/wp-content\/uploads\/2023\/09\/SCR-20230918-rjcw-300x202.png 300w, https:\/\/www.radiopiu.net\/wordpress\/wp-content\/uploads\/2023\/09\/SCR-20230918-rjcw.png 670w\" sizes=\"auto, (max-width: 196px) 100vw, 196px\" \/><\/a>BELLUNO<\/strong> Sta prendendo forma la seconda edizione del Festival \u201cBelluno Citta\u0300 del Legno\u201d, che animera\u0300 il centro del capoluogo nell\u2019ormai prossima stagione autunnale. Attorno al tema della rassegna ruoteranno numerosi appuntamenti di taglio artistico e culturale (architettura, cinema, fotografia, letteratura, teatro); spazio inoltre per approfondimenti e convegni ma anche per animazione e intrattenimento: uno dei contenuti maggiormente attesi \u2013 la 37^ Ex Tempore di Scultura su Legno \u2013 avra\u0300 luogo tra il 31 ottobre e il 5 novembre e vedra\u0300 la partecipazione di diciotto scultori.<\/p>\n<p>&nbsp;<\/p>\n<p>&nbsp;<\/p>\n<hr \/>\n<p>&nbsp;<\/p>\n<blockquote>\n<h3><a class=\"dt-pswp-item\" href=\"https:\/\/www.radiopiu.net\/wordpress\/wp-content\/uploads\/2023\/09\/2c723788-b4db-dc07-c251-359c98574d0e.png\" data-dt-img-description=\"\" data-large_image_width=\"1200\" data-large_image_height=\"675\"><img loading=\"lazy\" decoding=\"async\" class=\" wp-image-352997 alignleft\" src=\"https:\/\/www.radiopiu.net\/wordpress\/wp-content\/uploads\/2023\/09\/2c723788-b4db-dc07-c251-359c98574d0e-300x169.png\" alt=\"\" width=\"273\" height=\"154\" srcset=\"https:\/\/www.radiopiu.net\/wordpress\/wp-content\/uploads\/2023\/09\/2c723788-b4db-dc07-c251-359c98574d0e-300x169.png 300w, https:\/\/www.radiopiu.net\/wordpress\/wp-content\/uploads\/2023\/09\/2c723788-b4db-dc07-c251-359c98574d0e-1024x576.png 1024w, https:\/\/www.radiopiu.net\/wordpress\/wp-content\/uploads\/2023\/09\/2c723788-b4db-dc07-c251-359c98574d0e-768x432.png 768w, https:\/\/www.radiopiu.net\/wordpress\/wp-content\/uploads\/2023\/09\/2c723788-b4db-dc07-c251-359c98574d0e.png 1200w\" sizes=\"auto, (max-width: 273px) 100vw, 273px\" \/><\/a>SALUTE E SOCIETA&#8217;, AL VIA LA NUOVA STAGIONE CON IL DOTTOR MARCO CARACCIOLO<\/h3>\n<\/blockquote>\n<p>Congresso europeo di cardiologia ESC 2023 115 studi clinici, 200 sessioni educative plenarie, 3.500 documenti presentati da 3.000 ricercatori provenienti da 86 Paesi e 240 intriganti casi clinici. Sono i numeri del congresso 2023 della Societ\u00e0 Europea di Cardiologia ESC, ad Amsterdam.<\/p>\n<p><strong>PRIMA PUNTATA, STAGIONE 2023-23<\/strong><\/p>\n<audio class=\"wp-audio-shortcode\" id=\"audio-352950-3\" preload=\"none\" style=\"width: 100%;\" controls=\"controls\"><source type=\"audio\/mpeg\" src=\"https:\/\/www.radiopiu.net\/wordpress\/wp-content\/uploads\/2023\/09\/SALUTE.mp3?_=3\" \/><a href=\"https:\/\/www.radiopiu.net\/wordpress\/wp-content\/uploads\/2023\/09\/SALUTE.mp3\">https:\/\/www.radiopiu.net\/wordpress\/wp-content\/uploads\/2023\/09\/SALUTE.mp3<\/a><\/audio>\n<p>&nbsp;<\/p>\n<p>&nbsp;<\/p>\n<hr \/>\n<p>&nbsp;<\/p>\n<blockquote>\n<h3>&#8220;NCONTONSE&#8221; IN LADINO SU RADIO PI\u00d9<\/h3>\n<\/blockquote>\n<p><strong><a class=\"dt-pswp-item\" href=\"https:\/\/www.radiopiu.net\/wordpress\/wp-content\/uploads\/2023\/05\/linda-podcast.png\" data-dt-img-description=\"\" data-large_image_width=\"2000\" data-large_image_height=\"2000\"><img loading=\"lazy\" decoding=\"async\" class=\" wp-image-334514 alignleft\" src=\"https:\/\/www.radiopiu.net\/wordpress\/wp-content\/uploads\/2023\/05\/linda-podcast-300x300.png\" alt=\"\" width=\"164\" height=\"164\" srcset=\"https:\/\/www.radiopiu.net\/wordpress\/wp-content\/uploads\/2023\/05\/linda-podcast-300x300.png 300w, https:\/\/www.radiopiu.net\/wordpress\/wp-content\/uploads\/2023\/05\/linda-podcast-1024x1024.png 1024w, https:\/\/www.radiopiu.net\/wordpress\/wp-content\/uploads\/2023\/05\/linda-podcast-150x150.png 150w, https:\/\/www.radiopiu.net\/wordpress\/wp-content\/uploads\/2023\/05\/linda-podcast-768x768.png 768w, https:\/\/www.radiopiu.net\/wordpress\/wp-content\/uploads\/2023\/05\/linda-podcast-1536x1536.png 1536w, https:\/\/www.radiopiu.net\/wordpress\/wp-content\/uploads\/2023\/05\/linda-podcast.png 2000w\" sizes=\"auto, (max-width: 164px) 100vw, 164px\" \/><\/a><\/strong><\/p>\n<blockquote><p><em>Tutto questo \u00e8 possibile grazie alla preziosa collaborazione instaurata nel tempo con l&#8217;Istitut Ladin Cesa de Jan che produrr\u00e0 i programmi.<\/em><\/p><\/blockquote>\n<p>&nbsp;<\/p>\n<p>&nbsp;<\/p>\n<p>&nbsp;<\/p>\n<p>&nbsp;<\/p>\n<p>&nbsp;<\/p>\n<p><strong>PUNTATA 17 GIULIA TASSER prima parte<\/strong><\/p>\n<audio class=\"wp-audio-shortcode\" id=\"audio-352950-4\" preload=\"none\" style=\"width: 100%;\" controls=\"controls\"><source type=\"audio\/mpeg\" src=\"https:\/\/www.radiopiu.net\/wordpress\/wp-content\/uploads\/2023\/09\/10.NCONTONSE_Giulia-Tasser_1.pert_-1.mp3?_=4\" \/><a href=\"https:\/\/www.radiopiu.net\/wordpress\/wp-content\/uploads\/2023\/09\/10.NCONTONSE_Giulia-Tasser_1.pert_-1.mp3\">https:\/\/www.radiopiu.net\/wordpress\/wp-content\/uploads\/2023\/09\/10.NCONTONSE_Giulia-Tasser_1.pert_-1.mp3<\/a><\/audio>\n<p><strong>PUNTATA 18 GIULIA TASSER seconda parte<\/strong><\/p>\n<audio class=\"wp-audio-shortcode\" id=\"audio-352950-5\" preload=\"none\" style=\"width: 100%;\" controls=\"controls\"><source type=\"audio\/mpeg\" src=\"https:\/\/www.radiopiu.net\/wordpress\/wp-content\/uploads\/2023\/09\/10.NCONTONSE_Giulia-Tasser_2.pert_-1.mp3?_=5\" \/><a href=\"https:\/\/www.radiopiu.net\/wordpress\/wp-content\/uploads\/2023\/09\/10.NCONTONSE_Giulia-Tasser_2.pert_-1.mp3\">https:\/\/www.radiopiu.net\/wordpress\/wp-content\/uploads\/2023\/09\/10.NCONTONSE_Giulia-Tasser_2.pert_-1.mp3<\/a><\/audio>\n<p>&nbsp;<\/p>\n<p>&nbsp;<\/p>\n<hr \/>\n<p>&nbsp;<\/p>\n<p>&nbsp;<\/p>\n<blockquote>\n<h3><img loading=\"lazy\" decoding=\"async\" class=\"alignleft\" src=\"https:\/\/www.radiopiu.net\/wordpress\/wp-content\/uploads\/2023\/09\/309000774_10222572118595513_7956305457803922499_n.jpg\" width=\"137\" height=\"137\" \/>ALLE NOVE&#8230; OGGI COME IERI di e con SILVIA BALDO puntata 18 settembre 2023<\/h3>\n<\/blockquote>\n<p><strong>PUNTATA 4 18 SETTEMBRE 2023<\/strong><\/p>\n<audio class=\"wp-audio-shortcode\" id=\"audio-352950-6\" preload=\"none\" style=\"width: 100%;\" controls=\"controls\"><source type=\"audio\/mpeg\" src=\"https:\/\/www.radiopiu.net\/wordpress\/wp-content\/uploads\/2023\/09\/SIBI-2.mp3?_=6\" \/><a href=\"https:\/\/www.radiopiu.net\/wordpress\/wp-content\/uploads\/2023\/09\/SIBI-2.mp3\">https:\/\/www.radiopiu.net\/wordpress\/wp-content\/uploads\/2023\/09\/SIBI-2.mp3<\/a><\/audio>\n<p>&nbsp;<\/p>\n<p>&nbsp;<\/p>\n<p>&nbsp;<\/p>\n<hr \/>\n<p>&nbsp;<\/p>\n<h2><\/h2>\n<h2><span style=\"color: #008000;\">PERITI MINERARI DALL\u2019AGORDINO AL MONDO <\/span><\/h2>\n<p><strong>REDAZIONE<\/strong> Continua la serie di racconti con i periti minerari agordini. Questa settimana \u00e8 il turno della storia di Alvio Peratoner. I racconti dei periti minerari agordini che hanno lavorato nel mondo, ogni luned\u00ec alle 10:30 e alle 19 su Radio Pi\u00f9.<\/p>\n<p><iframe loading=\"lazy\" title=\"ALVIO PERATONER\" width=\"1200\" height=\"675\" src=\"https:\/\/www.youtube.com\/embed\/aU15pMBPPbk?feature=oembed\" frameborder=\"0\" allow=\"accelerometer; autoplay; clipboard-write; encrypted-media; gyroscope; picture-in-picture; web-share\" allowfullscreen><\/iframe><\/p>\n<p>&nbsp;<\/p>\n<p>&nbsp;<\/p>\n<hr \/>\n<p>&nbsp;<\/p>\n<p>&nbsp;<\/p>\n<h2><span style=\"color: #33cccc;\">I RACCONTI DI PAOLO SOPPELSA<\/span><\/h2>\n<p><strong>IL PRIMO FUOCO<\/strong><\/p>\n<p><strong>AUDIO<\/strong><\/p>\n<audio class=\"wp-audio-shortcode\" id=\"audio-352950-7\" preload=\"none\" style=\"width: 100%;\" controls=\"controls\"><source type=\"audio\/mpeg\" src=\"https:\/\/www.radiopiu.net\/wordpress\/wp-content\/uploads\/2023\/09\/PAOLO-SOPPELSA-IL-PRIMO-FUOCO.mp3?_=7\" \/><a href=\"https:\/\/www.radiopiu.net\/wordpress\/wp-content\/uploads\/2023\/09\/PAOLO-SOPPELSA-IL-PRIMO-FUOCO.mp3\">https:\/\/www.radiopiu.net\/wordpress\/wp-content\/uploads\/2023\/09\/PAOLO-SOPPELSA-IL-PRIMO-FUOCO.mp3<\/a><\/audio>\n<p>&nbsp;<\/p>\n<p><a class=\"dt-pswp-item\" href=\"https:\/\/www.radiopiu.net\/wordpress\/wp-content\/uploads\/2023\/09\/412f1687-5ec7-4ee7-b57d-2fa2f37ee3c7.jpg\" data-dt-img-description=\"\" data-large_image_width=\"1080\" data-large_image_height=\"810\"><img loading=\"lazy\" decoding=\"async\" class=\" wp-image-352933 alignleft\" src=\"https:\/\/www.radiopiu.net\/wordpress\/wp-content\/uploads\/2023\/09\/412f1687-5ec7-4ee7-b57d-2fa2f37ee3c7-300x225.jpg\" alt=\"\" width=\"181\" height=\"136\" srcset=\"https:\/\/www.radiopiu.net\/wordpress\/wp-content\/uploads\/2023\/09\/412f1687-5ec7-4ee7-b57d-2fa2f37ee3c7-300x225.jpg 300w, https:\/\/www.radiopiu.net\/wordpress\/wp-content\/uploads\/2023\/09\/412f1687-5ec7-4ee7-b57d-2fa2f37ee3c7-1024x768.jpg 1024w, https:\/\/www.radiopiu.net\/wordpress\/wp-content\/uploads\/2023\/09\/412f1687-5ec7-4ee7-b57d-2fa2f37ee3c7-768x576.jpg 768w, https:\/\/www.radiopiu.net\/wordpress\/wp-content\/uploads\/2023\/09\/412f1687-5ec7-4ee7-b57d-2fa2f37ee3c7.jpg 1080w\" sizes=\"auto, (max-width: 181px) 100vw, 181px\" \/><\/a>&#8220;&#8230;e forse non ricordavamo nemmeno pi\u00f9 di quanto fosse importante il fuoco&#8230;&#8221;<br \/>\nIl calore sprigionato da una stufa a legna \u00e8 differente, \u00e8 un tepore che sa di casa, non \u00e8 anonimo come quello emesso dai termosifoni attivati semplicemente schiacciando un pulsante.<br \/>\nCon il fuoco \u00e8 diverso, \u00e8 un calore che va conquistato e occorre un minimo di sapienza, del saper fare di un tempo. Nell&#8217;accenderlo, nel manovrare opportunamente i registri, nello scegliere la legna pi\u00f9 adatta. E poi la soddisfazione di sentire crepitare allegramente quella legna costata fatica, di vedere le fiamme ardere con vigore. Del fuoco ci si ricorda quando si ha freddo, ed \u00e8 in quei momenti che lo si coccola, soffiando sulle braci per ridargli anima e forza.<br \/>\nIl fuoco fa la sua comparsa nella cucina economica al tempo della prima pioggia che annuncia l&#8217;approssimarsi del vero autunno. Accade solitamente intorno alla fine di settembre, in una mattina umida e uggiosa, una di quelle in cui le nuvole stazionano a mezza costa sui ripidi versanti del Pelsa. La senti quell&#8217;aria che intirizzisce e che crea quel desiderio di un fuoco amico che scalda e che fa compagnia mentre fuori la pioggia scende sottile e insistente. \u00c8 in quegli attimi che sanno di passato che puoi sentire un&#8217;altra volta il cigolare dello sportello della cucina economica. Un suono banale, forse, ma che riporta dolci memorie di quelle domeniche mattina d&#8217;ottobre inoltrato a Cencenighe, quando fuori l&#8217;aria era pungente e accendere il fuoco era la prima azione della giornata. Cos\u00ec anche oggi ti ritrovi a compiere quegli stessi gesti di allora che sanno di sapere tramandato, gesti sempre uguali ed efficaci, che regalano la soddisfazione di vedere nascere ancora una volta quella quelle fiamme amiche. C&#8217;\u00e8 la sottile emozione della prima cesta di legna e l&#8217;appiccicarsi di qualche goccia di resina sulle mani, e poi ecco che ti accingi a rinnovare il rito dell&#8217;accensione; dapprima la fiamma arde timida, quasi stentorea, poi ecco che si ravviva e inizia a lambire con decisione i cerchi della cucina economica. Pochi minuti e la sua voce si fa pi\u00f9 decisa e diventa preziosa compagnia durante le lunghe giornate dell&#8217;autunno e dell&#8217;inverno. \u00c8 soffiare discreto, \u00e8 scoppiettare allegro, \u00e8 muovere della legna che man mano si trasforma in brace. \u00c8 cosa viva il fuoco, possiede un&#8217;anima e una voce, riscalda e rassicura, \u00e8 compagno fedele di quei giorni di grigiore e di neve e camini fumanti. La sua cura \u00e8 un insieme di attimi che scandiscono quelle silenziose e fredde giornate di nuvole che coprono le cime. Quando lo senti stanco lo ravvivi, e vai avanti cos\u00ec fino a sera inoltrata quando lo saluti. Si addormenter\u00e0 anche lui, lentamente e senza fare rumore e forse ritroverai qualche timida brace al mattino successivo; baster\u00e0 della legna sottile per riavviarlo e per restituirgli il vigore necessario a riscaldare quel tempo lento che scivola verso l&#8217;inverno.<br \/>\nAmigo fok, soci de tante sere d&#8217;invern, cande che sent\u00e0 a pede fornela me scalde le man e &#8216;l cor apena lug\u00e0 su da Belum. L\u00e8 bel te scolt\u00e0 arde content intant che de fora se ingiaza &#8216;l sagr\u00e0; tes la m\u00e8 compagnia de chele sere de fret, e somea che te me descore par no me fa sent\u00ec sol. Ti te me regale &#8216;l to calor, mi te rencure come &#8216;n popo apena nasest. Dai, ston asieme &#8216;ncora &#8216;na ota, anca stasera; me sentarai vesin de ti e se la contaron come cande che ere cas\u00f9 a Nadal.<\/p>\n<p>&nbsp;<\/p>\n<p>&nbsp;<\/p>\n<hr \/>\n<p>&nbsp;<\/p>\n<blockquote>\n<h3>PROROGATA LA CHIUSURA DELLA MOSTRA DI ENZO DEMATTE&#8217;<\/h3>\n<\/blockquote>\n<p><strong>CANALE D&#8217;AGORDO<\/strong> La mostra &#8220;Finestre in Val Biois: Enzo Dematt\u00e8. Note, racconti, poesie&#8221;\u00a0 rimarr\u00e0 aperta fino al 31 ottobre,\u00a0 l&#8217;esposizione sar\u00e0 visitabile\u00a0 aol<b><i>\u00a0Museo Albino Luciani <\/i><\/b>venerd\u00ec sabato e domenica dalle 9 alle 12 e dalle 15 alle 18 e\u00a0 alla <b><i>Casa delle Regole<\/i><\/b> su prenotazione allo 0437 1948001 per gruppi di almeno 20 persone<\/p>\n<p>&nbsp;<\/p>\n<p>&nbsp;<\/p>\n<hr \/>\n<p>&nbsp;<\/p>\n<blockquote>\n<h3>SOLIDARIETA&#8217; ALL&#8217;INSONNIA<\/h3>\n<\/blockquote>\n<p><strong><img loading=\"lazy\" decoding=\"async\" class=\"alignleft\" src=\"https:\/\/www.radiopiu.net\/wordpress\/wp-content\/uploads\/2023\/09\/Insonnia-e-Societa-Nuova.jpeg\" width=\"276\" height=\"124\" \/>VAL DI ZOLDO\u00a0<\/strong> Ogni anno Beniamino e Carla, proprietari del ristorante Insonnia ospitano le persone con disabilit\u00e0 che frequentano i Centro Diurni e le Comunit\u00e0 alloggio della Cooperativa Societ\u00e0 Nuova, offrendo loro il pranzo.\u00a0 Quest\u2019anno l\u2019appuntamento \u00e8 stato doppio: il primo a giugno e il secondo pochi giorni fa.<\/p>\n<p><em>\u201cL\u2019amicizia che lega Societ\u00e0 Nuova a Beniamino, Carla e tutto lo staff \u00e8 per noi qualcosa di speciale &#8211; commenta il presidente della Cooperativa Federico Bristot\u00a0 &#8211; un affetto reciproco che ci riempie di felicit\u00e0. Quando pranziamo all\u2019Insonnia ci riuniamo attorno ad un tavolo condividendo le cose semplici della vita, che sono anche le pi\u00f9 belle: il buon cibo e la gioia dello stare insieme\u201d<\/em><\/p>\n<p>&nbsp;<\/p>\n<hr \/>\n<p>&nbsp;<\/p>\n<h2><span style=\"color: #ff0000;\">GLI APPUNTAMENTI DELLA SETTIMANA\u00a0<\/span><\/h2>\n<blockquote>\n<h3>RIFLESSIONI D&#8217;ACQUA A NAVE<\/h3>\n<\/blockquote>\n<div>\n<p><strong>BORGO VALBELLUNA<\/strong> &#8220;Per la rassegna di eventi &#8220;Riflessioni d&#8217;acqua&#8221;\u00a0 oggi<span style=\"font-family: inherit; color: #050505; font-size: 15px; white-space-collapse: preserve;\"> presso l&#8217;area del Tiro a Volo in localit\u00e0 Nave alle 20:15 verr\u00e0 proiettato all&#8217;aperto il film di Andrea Segre presentato a Venezia nel 2021 &#8220;Welcome Venice&#8221; con Andrea Pennacchi, Ottavia Piccolo e Paolo Pierobon.<\/span><\/p>\n<div class=\"x11i5rnm xat24cr x1mh8g0r x1vvkbs xtlvy1s x126k92a\" style=\"margin: 0.5em 0px 0px; white-space: pre-wrap; overflow-wrap: break-word; font-family: 'Segoe UI Historic', 'Segoe UI', Helvetica, Arial, sans-serif; color: #050505; font-size: 15px; font-style: normal; font-variant-ligatures: normal; font-variant-caps: normal; font-weight: 400; letter-spacing: normal; orphans: 2; text-align: left; text-indent: 0px; text-transform: none; widows: 2; word-spacing: 0px; -webkit-text-stroke-width: 0px; background-color: #ffffff; text-decoration-thickness: initial; text-decoration-style: initial; text-decoration-color: initial;\"><\/div>\n<div class=\"x11i5rnm xat24cr x1mh8g0r x1vvkbs xtlvy1s x126k92a\" style=\"margin: 0.5em 0px 0px; white-space: pre-wrap; overflow-wrap: break-word; font-family: 'Segoe UI Historic', 'Segoe UI', Helvetica, Arial, sans-serif; color: #050505; font-size: 15px; font-style: normal; font-variant-ligatures: normal; font-variant-caps: normal; font-weight: 400; letter-spacing: normal; orphans: 2; text-align: left; text-indent: 0px; text-transform: none; widows: 2; word-spacing: 0px; -webkit-text-stroke-width: 0px; background-color: #ffffff; text-decoration-thickness: initial; text-decoration-style: initial; text-decoration-color: initial;\"><\/div>\n<\/div>\n<blockquote>\n<h3><\/h3>\n<h3>DON LUIGI CIOTTI A LONGARONE<\/h3>\n<\/blockquote>\n<p><strong>LONGARONE<\/strong> Don Luigi Ciotti sar\u00e0 a breve nuovamente nella nostra provincia! L&#8217;evento, dedicato al sessantesimo anniversario del Vajont si svolger\u00e0 a Longarone nella mattinata di oggi alle 10.30 in un luogo carico di significato ovvero il cimitero delle vittime di Fortogna. Sar\u00e0 presente anche il Vescovo della Diocesi di Belluno -Feltre Renato Marangoni &#8211; evento inserito nel calendario ufficiale del 60\u00b0 anniversario del Vajont.<\/p>\n<p>&nbsp;<\/p>\n<blockquote>\n<h3>AD ARTEN SI PRESENTA IL NUOVO LIBRO DI TRIMERI<\/h3>\n<\/blockquote>\n<p><strong>FELTRE<\/strong> Il poeta di Arten Giovanni Trimeri sar\u00e0 ospite \u201cin casa\u201d per presentare la sua nuova fatica letteraria dal titolo \u201cV\u00e9nder f\u00f3ra\/Svendere\u201d (DBS editore). La raccolta edita a tiratura limitata, numerata e firmata dall&#8217;autore, propone ritratti e immagini del paese, del quale coglie le trasformazioni sociali, demografiche ed economiche. I testi dialettali riportano in calce la traduzione in italiano. Ad organizzare la serata sono la Sezione di Arten \u201cToigo Mor\u00ecs\u201d dell\u2019Associazione Feltrina Donatori Volontari di Sangue e il Gruppo Alpini di Arten; l\u2019incontro si terr\u00e0 venerd\u00ec alle 20.30 presso il Casel di Arten.<\/p>\n<p>&nbsp;<\/p>\n<p>&nbsp;<\/p>\n<p><strong><a class=\"dt-pswp-item\" href=\"https:\/\/www.radiopiu.net\/wordpress\/wp-content\/uploads\/2023\/09\/84243051-bb93-44b6-b1e4-d199c2330988.jpg\" data-dt-img-description=\"\" data-large_image_width=\"715\" data-large_image_height=\"1024\"><img loading=\"lazy\" decoding=\"async\" class=\"size-medium wp-image-352515 aligncenter\" src=\"https:\/\/www.radiopiu.net\/wordpress\/wp-content\/uploads\/2023\/09\/84243051-bb93-44b6-b1e4-d199c2330988-209x300.jpg\" alt=\"\" width=\"209\" height=\"300\" srcset=\"https:\/\/www.radiopiu.net\/wordpress\/wp-content\/uploads\/2023\/09\/84243051-bb93-44b6-b1e4-d199c2330988-209x300.jpg 209w, https:\/\/www.radiopiu.net\/wordpress\/wp-content\/uploads\/2023\/09\/84243051-bb93-44b6-b1e4-d199c2330988.jpg 715w\" sizes=\"auto, (max-width: 209px) 100vw, 209px\" \/> <\/a><\/strong><\/p>\n<p><strong>LA MESSA A FORCELLA CAMP\u00a0<\/strong> Sabato alle 10,30 appuntamento a Forcella Camp. Ventitre&#8217; anni fa l&#8217;idea di Giorgio Favero e da allora ogni anno \u00e8 diventato punto importante di ritrovo per chi ama la montagna con un pensiero all&#8217;indimenticabile amico Giorgio Favero.<\/p>\n<h3><\/h3>\n<blockquote>\n<h3>IL COMPLEANNO DI INSIEME SI PUO&#8217; FODOM<\/h3>\n<\/blockquote>\n<p><strong>LIVINALLONGO<\/strong> Sabato 23 settembre alle 20 nella sala congressi di Arabba il gruppo Insieme Si Pu\u00f2 di Fodom festeggia il compleanno. 20+2 il titolo della serata in cui verr\u00e0 presentato il libro fotografico di Edy Mariaclara, Anna e Matteo.<\/p>\n<p>&nbsp;<\/p>\n<p><a class=\"dt-pswp-item\" href=\"https:\/\/www.radiopiu.net\/wordpress\/wp-content\/uploads\/2023\/09\/42736ef3-6d90-452a-b3ec-551dca51eeaf.jpg\" data-dt-img-description=\"\" data-large_image_width=\"1456\" data-large_image_height=\"2048\"><img loading=\"lazy\" decoding=\"async\" class=\"size-medium wp-image-352248 alignleft\" src=\"https:\/\/www.radiopiu.net\/wordpress\/wp-content\/uploads\/2023\/09\/42736ef3-6d90-452a-b3ec-551dca51eeaf-213x300.jpg\" alt=\"\" width=\"213\" height=\"300\" srcset=\"https:\/\/www.radiopiu.net\/wordpress\/wp-content\/uploads\/2023\/09\/42736ef3-6d90-452a-b3ec-551dca51eeaf-213x300.jpg 213w, https:\/\/www.radiopiu.net\/wordpress\/wp-content\/uploads\/2023\/09\/42736ef3-6d90-452a-b3ec-551dca51eeaf-728x1024.jpg 728w, https:\/\/www.radiopiu.net\/wordpress\/wp-content\/uploads\/2023\/09\/42736ef3-6d90-452a-b3ec-551dca51eeaf-768x1080.jpg 768w, https:\/\/www.radiopiu.net\/wordpress\/wp-content\/uploads\/2023\/09\/42736ef3-6d90-452a-b3ec-551dca51eeaf-1092x1536.jpg 1092w, https:\/\/www.radiopiu.net\/wordpress\/wp-content\/uploads\/2023\/09\/42736ef3-6d90-452a-b3ec-551dca51eeaf.jpg 1456w\" sizes=\"auto, (max-width: 213px) 100vw, 213px\" \/><\/a><\/p>\n<p>44ESIMA MOSTRA MERCATO A VILLA PATT DI SEDICO. DOMENICA 24 SETTEMBRE DALLE 9.30 A SERA: PRODOTTI AGRICOLI LATTIERO-CASEARI, HOBBYSTICA, FATTORIA DIDATTICA, MOSTRE E GIOCHI DI UNA VOLTA PER GRANDI E BAMBINI CON IL GRUPPO COMITATO PULLIR. IMMANCABILE LA TRUCCABIMBI STRYLLI E L&#8217;ANIMAZIONE PER I PIU&#8217; PICCOLI. ALLE 9.30 CONVEGNO SUL MIELE CON API DOLOMITI, DALLE 11.30 CUCINA APERTA CON PIATTI TIPICI E FORNITISSIMI CHIOSCHI, INTRATTENIMENTO MUSICALE CON FAUSTO E CHIARA. DOMENICA 24 SETTEMBRE A SEDICO VILLA PATT!<\/p>\n<p>&nbsp;<\/p>\n<p>&nbsp;<\/p>\n<p>&nbsp;<\/p>\n<p>&nbsp;<\/p>\n<p>&nbsp;<\/p>\n<p>&nbsp;<\/p>\n<blockquote>\n<h3>IL QUINTO MINITRAIL DI VILLA SAN FRANCESCO<\/h3>\n<\/blockquote>\n<p><strong>PEDAVENA<\/strong> Il 24 settembre \u00e8 in programma il 5\u00b0 Minitrail di Villa San Francesco. Alle 8:30 l&#8217;apertura delle iscrizioni, alle 9:30 la partenza. A seguire premiazioni e rinfresco. Pacco gara per i primi 100 iscritti<\/p>\n<p>&nbsp;<\/p>\n<p>&nbsp;<\/p>\n<blockquote>\n<h4><a class=\"dt-pswp-item\" href=\"https:\/\/www.radiopiu.net\/wordpress\/wp-content\/uploads\/2023\/09\/partenza-G.Rosa-2022.jpg\" data-dt-img-description=\"\" data-large_image_width=\"500\" data-large_image_height=\"500\"><img loading=\"lazy\" decoding=\"async\" class=\" wp-image-353027 alignleft\" src=\"https:\/\/www.radiopiu.net\/wordpress\/wp-content\/uploads\/2023\/09\/partenza-G.Rosa-2022-300x300.jpg\" alt=\"\" width=\"261\" height=\"261\" srcset=\"https:\/\/www.radiopiu.net\/wordpress\/wp-content\/uploads\/2023\/09\/partenza-G.Rosa-2022-300x300.jpg 300w, https:\/\/www.radiopiu.net\/wordpress\/wp-content\/uploads\/2023\/09\/partenza-G.Rosa-2022-150x150.jpg 150w, https:\/\/www.radiopiu.net\/wordpress\/wp-content\/uploads\/2023\/09\/partenza-G.Rosa-2022.jpg 500w\" sizes=\"auto, (max-width: 261px) 100vw, 261px\" \/><\/a>GIORNATA DELLA ROSA &#8211; \u201cALLE SPONDE DEL VESES\u201d<\/h4>\n<\/blockquote>\n<p><strong>SANTA GIUSTINA\u00a0 <\/strong>Domenica\u00a0 Santa Giustina ospiter\u00e0 la nuova edizione de \u201cLa Giornata della Rosa-Alle sponde del Veses\u201d,\u00a0 manifestazione promossa dalla sezione provinciale dell&#8217;AIPD (associazione italiana persone down). L\u2019evento principale \u00e8 quello podistico, con due percorsi distinti lungo le vie centrali e periferiche del paese.\u00a0 Durante la manifestazione si potr\u00e0 sostenere l\u2019AIPD Belluno anche acquistando i biglietti dell\u2019annuale Lotteria.\u00a0 Prossimi appuntamenti: domenica 8 ottobre,\u00a0 banchetti espositivi in vari centri della provincia, domenica 15 ottobre\u201cGiro con le Topolino\u201d, arrivo ad Alleghe.<\/p>\n<p>&nbsp;<\/p>\n<p>&nbsp;<\/p>\n<p>&nbsp;<\/p>\n<p>&nbsp;<\/p>\n<hr \/>\n<p>&nbsp;<\/p>\n<p>GALA&#8217; BOLLICINA, QUARTA EDIZIONE. DOMENICA 22 OTTOBRE DALLE 11 ALLE 17 AL NOF FILO&#8217; DI CENCENIGHE. OSPITE D&#8217;ONORE IL SOMMELIER PLURIPREMIATO, LUCA GARDINI, MIGLIOR SOMMELIER AL MONDO 2020 E OGGI AMBASCIATORE DEL METODO CLASSICO. UN EVENTO &#8220;OH PER BACCO, VINI E SAPORI DELLE DOLOMITI.<br \/>\nGALA&#8217; BOLLICINA, DOMENICA 22 OTTOBRE DALLE 11 ALLE 17 AL NOF FILO&#8217; DI CENCENIGHE: 80 BOLLICINE IN DEGUSTAZIONE, 60 AZIENDE PRESENTI, CICCHETTERIA OH PER BACCO, FINGER FOOD E CUCINA &#8220;COSTA&#8221; (o chiusa, come costicina). diretta su radio piu&#8217; E DALLE 17 ALL&#8217;OH PER BACCO AFTER PARTY CON MORGAN DJ info 348 2779135<\/p>\n<p>&nbsp;<\/p>\n<p><a class=\"dt-pswp-item\" href=\"https:\/\/www.radiopiu.net\/wordpress\/wp-content\/uploads\/2023\/09\/880aa720-47e8-48f2-a5b8-7382d84557b2.jpg\" data-dt-img-description=\"\" data-large_image_width=\"1080\" data-large_image_height=\"1533\"><img loading=\"lazy\" decoding=\"async\" class=\"size-medium wp-image-353010 aligncenter\" src=\"https:\/\/www.radiopiu.net\/wordpress\/wp-content\/uploads\/2023\/09\/880aa720-47e8-48f2-a5b8-7382d84557b2-211x300.jpg\" alt=\"\" width=\"211\" height=\"300\" srcset=\"https:\/\/www.radiopiu.net\/wordpress\/wp-content\/uploads\/2023\/09\/880aa720-47e8-48f2-a5b8-7382d84557b2-211x300.jpg 211w, https:\/\/www.radiopiu.net\/wordpress\/wp-content\/uploads\/2023\/09\/880aa720-47e8-48f2-a5b8-7382d84557b2-721x1024.jpg 721w, https:\/\/www.radiopiu.net\/wordpress\/wp-content\/uploads\/2023\/09\/880aa720-47e8-48f2-a5b8-7382d84557b2-768x1090.jpg 768w, https:\/\/www.radiopiu.net\/wordpress\/wp-content\/uploads\/2023\/09\/880aa720-47e8-48f2-a5b8-7382d84557b2.jpg 1080w\" sizes=\"auto, (max-width: 211px) 100vw, 211px\" \/><\/a><\/p>\n<p>&nbsp;<\/p>\n<p>&nbsp;<\/p>\n<p>&nbsp;<\/p>\n<hr \/>\n<p>&nbsp;<\/p>\n<div class=\"message spoilers-container\" dir=\"auto\">\n<div class=\"column\">\n<div class=\"message spoilers-container\" dir=\"auto\">\n<div class=\"column\">\n<p><img loading=\"lazy\" decoding=\"async\" class=\"aligncenter wp-image-61954 size-full\" src=\"https:\/\/www.radiopiu.net\/wordpress\/wp-content\/uploads\/2018\/09\/viabilita.jpeg\" sizes=\"auto, (max-width: 800px) 100vw, 800px\" srcset=\"https:\/\/www.radiopiu.net\/wordpress\/wp-content\/uploads\/2018\/09\/viabilita.jpeg 800w, https:\/\/www.radiopiu.net\/wordpress\/wp-content\/uploads\/2018\/09\/viabilita-300x38.jpeg 300w, https:\/\/www.radiopiu.net\/wordpress\/wp-content\/uploads\/2018\/09\/viabilita-768x96.jpeg 768w\" alt=\"\" width=\"800\" height=\"100\" \/><\/p>\n<\/div>\n<\/div>\n<div class=\"message spoilers-container\" dir=\"auto\">\n<div class=\"column\">\n<p>&nbsp;<\/p>\n<\/div>\n<\/div>\n<\/div>\n<\/div>\n<blockquote class=\"wp-embedded-content\" data-secret=\"OojV4jwifC\"><p><a href=\"https:\/\/www.radiopiu.net\/wordpress\/viabilita\/\">viabilita<\/a><\/p><\/blockquote>\n<p><iframe loading=\"lazy\" class=\"wp-embedded-content\" sandbox=\"allow-scripts\" security=\"restricted\" style=\"position: absolute; clip: rect(1px, 1px, 1px, 1px);\" title=\"&#8220;viabilita&#8221; &#8212; Radio Pi\u00f9\" src=\"https:\/\/www.radiopiu.net\/wordpress\/viabilita\/embed\/#?secret=ruS02mEYun#?secret=OojV4jwifC\" data-secret=\"OojV4jwifC\" width=\"600\" height=\"338\" frameborder=\"0\" marginwidth=\"0\" marginheight=\"0\" scrolling=\"no\"><\/iframe><\/p>\n<div class=\"message spoilers-container\" dir=\"auto\">\n<div class=\"column\">\n<div class=\"message spoilers-container\" dir=\"auto\">\n<div class=\"column\">\n<div>\n<div dir=\"ltr\">\n<div class=\"gmail_quote\">\n<div dir=\"ltr\">\n<div><\/div>\n<div><\/div>\n<div><\/div>\n<\/div>\n<\/div>\n<\/div>\n<\/div>\n<hr \/>\n<p>&nbsp;<\/p>\n<p><a class=\"dt-pswp-item\" href=\"https:\/\/www.radiopiu.net\/wordpress\/wp-content\/uploads\/2018\/09\/WhatsApp-Image-2018-09-20-at-16.04.06.jpeg\" data-dt-img-description=\"\" data-large_image_width=\"800\" data-large_image_height=\"100\"><img loading=\"lazy\" decoding=\"async\" class=\"wp-image-61378 size-full aligncenter\" src=\"https:\/\/www.radiopiu.net\/wordpress\/wp-content\/uploads\/2018\/09\/WhatsApp-Image-2018-09-20-at-16.04.06.jpeg\" alt=\"\" width=\"800\" height=\"100\" srcset=\"https:\/\/www.radiopiu.net\/wordpress\/wp-content\/uploads\/2018\/09\/WhatsApp-Image-2018-09-20-at-16.04.06.jpeg 800w, https:\/\/www.radiopiu.net\/wordpress\/wp-content\/uploads\/2018\/09\/WhatsApp-Image-2018-09-20-at-16.04.06-300x38.jpeg 300w, https:\/\/www.radiopiu.net\/wordpress\/wp-content\/uploads\/2018\/09\/WhatsApp-Image-2018-09-20-at-16.04.06-768x96.jpeg 768w\" sizes=\"auto, (max-width: 800px) 100vw, 800px\" \/><\/a><\/p>\n<\/div>\n<\/div>\n<p>&nbsp;<\/p>\n<\/div>\n<\/div>\n<p><center><b>OGGI<\/b><\/center>Nottetempo e al mattino molte nubi e probabili fenomeni, pi\u00f9 diffusi su Dolomiti, mentre saranno pi\u00f9 sparsi sulle Prealpi. Nel corso del pomeriggio\/sera lenta attenuazione della nuvolosit\u00e0 con esaurimento dei fenomeni.<br \/>\n<b>Precipitazioni: <\/b>Tra la notte e parte del mattino probabilit\u00e0 medio-alta di piovaschi o rovesci o di qualche temporale (50-70%) e non \u00e8 del tutto escluso, specie nelle prime ore, qualche locale fenomeno intenso<br \/>\n<b>Temperature: <\/b>Minime in calo, massime senza notevoli variazioni o in lieve aumento specie sulle Dolomiti.<\/p>\n<hr \/>\n<p><center><b>DOMANI<\/b><\/center>Miglioramento del tempo con tempo parzialmente soleggiato per la presenza di velature del cielo, per nubi basse in molte valli al mattino e per una modesta attivit\u00e0 cumuliforme nelle ore calde, assieme a qualche stratocumulo a ridosso dei rilievi.<br \/>\n<b>Precipitazioni: <\/b>Generalmente assenti (0%).<br \/>\n<b>Temperature: <\/b>Minime stazionarie o in lieve calo specie nelle valli, massime stazionarie<\/p>\n<hr \/>\n<p><center><b>GIOVEDI<\/b><\/center>Al mattino schiarite, nubi basse e velature del cielo, poi intensificazione della nuvolosit\u00e0 con prime precipitazioni dal tardo pomeriggio in poi, inizialmente sulle Prealpi, in estensione al resto della montagna veneta nel corso della serata. Temperature minime in rialzo e massime in leggera diminuzione.<\/p>\n<hr \/>\n<p><center><b>VENERDI<\/b><\/center>Tempo perturbato con precipitazioni diffuse, specie dalla tarda mattinata, in prevalenza di moderata intensit\u00e0. Temperature minime stazionarie o in lieve aumento, massime in diminuzione anche sensibile<\/p>\n<p>&nbsp;<\/p>\n<div class=\"message spoilers-container\" dir=\"auto\">\n<hr \/>\n<p>&nbsp;<\/p>\n<p><img loading=\"lazy\" decoding=\"async\" class=\"wp-image-60761 size-full aligncenter\" src=\"https:\/\/www.radiopiu.net\/wordpress\/wp-content\/uploads\/2018\/09\/sport.jpg\" alt=\"\" width=\"800\" height=\"100\" srcset=\"https:\/\/www.radiopiu.net\/wordpress\/wp-content\/uploads\/2018\/09\/sport.jpg 800w, https:\/\/www.radiopiu.net\/wordpress\/wp-content\/uploads\/2018\/09\/sport-300x38.jpg 300w, https:\/\/www.radiopiu.net\/wordpress\/wp-content\/uploads\/2018\/09\/sport-768x96.jpg 768w\" sizes=\"auto, (max-width: 800px) 100vw, 800px\" \/><\/p>\n<p>&nbsp;<\/p>\n<p><span style=\"color: #0000ff;\"><strong>MOTORI<\/strong><\/span><\/p>\n<blockquote>\n<h3>CON UNA GARA DI ANTICIPO DENIS MEZZACASA VINCE LA SEAT IBIZA CUP<\/h3>\n<\/blockquote>\n<p><strong><a class=\"dt-pswp-item\" href=\"https:\/\/www.radiopiu.net\/wordpress\/wp-content\/uploads\/2023\/09\/ee1b715c-ff42-4fc9-a5d4-d9ab50000a24.jpg\" data-dt-img-description=\"\" data-large_image_width=\"1024\" data-large_image_height=\"589\"><img loading=\"lazy\" decoding=\"async\" class=\" wp-image-353070 alignleft\" src=\"https:\/\/www.radiopiu.net\/wordpress\/wp-content\/uploads\/2023\/09\/ee1b715c-ff42-4fc9-a5d4-d9ab50000a24-300x173.jpg\" alt=\"\" width=\"239\" height=\"138\" srcset=\"https:\/\/www.radiopiu.net\/wordpress\/wp-content\/uploads\/2023\/09\/ee1b715c-ff42-4fc9-a5d4-d9ab50000a24-300x173.jpg 300w, https:\/\/www.radiopiu.net\/wordpress\/wp-content\/uploads\/2023\/09\/ee1b715c-ff42-4fc9-a5d4-d9ab50000a24-768x442.jpg 768w, https:\/\/www.radiopiu.net\/wordpress\/wp-content\/uploads\/2023\/09\/ee1b715c-ff42-4fc9-a5d4-d9ab50000a24.jpg 1024w\" sizes=\"auto, (max-width: 239px) 100vw, 239px\" \/><\/a>PEDAVENA<\/strong><\/p>\n<p>di Roberto Bona<\/p>\n<audio class=\"wp-audio-shortcode\" id=\"audio-352950-8\" preload=\"none\" style=\"width: 100%;\" controls=\"controls\"><source type=\"audio\/mpeg\" src=\"https:\/\/www.radiopiu.net\/wordpress\/wp-content\/uploads\/2023\/09\/DenisCampione.mp3?_=8\" \/><a href=\"https:\/\/www.radiopiu.net\/wordpress\/wp-content\/uploads\/2023\/09\/DenisCampione.mp3\">https:\/\/www.radiopiu.net\/wordpress\/wp-content\/uploads\/2023\/09\/DenisCampione.mp3<\/a><\/audio>\n<p>&nbsp;<\/p>\n<p><span style=\"color: #0000ff;\"><strong>HOCKEY SU GHIACCIO<\/strong><\/span><\/p>\n<blockquote>\n<h3>BUONA LA PRIMA PER IL CORTINA\/ALLEGHE UNDER 19<\/h3>\n<\/blockquote>\n<p><strong><a class=\"dt-pswp-item\" href=\"https:\/\/www.radiopiu.net\/wordpress\/wp-content\/uploads\/2023\/01\/hockey.jpg\" data-dt-img-description=\"\" data-large_image_width=\"1920\" data-large_image_height=\"1280\"><img loading=\"lazy\" decoding=\"async\" class=\" wp-image-315616 alignleft\" src=\"https:\/\/www.radiopiu.net\/wordpress\/wp-content\/uploads\/2023\/01\/hockey-300x200.jpg\" alt=\"\" width=\"144\" height=\"96\" srcset=\"https:\/\/www.radiopiu.net\/wordpress\/wp-content\/uploads\/2023\/01\/hockey-300x200.jpg 300w, https:\/\/www.radiopiu.net\/wordpress\/wp-content\/uploads\/2023\/01\/hockey-1024x683.jpg 1024w, https:\/\/www.radiopiu.net\/wordpress\/wp-content\/uploads\/2023\/01\/hockey-768x512.jpg 768w, https:\/\/www.radiopiu.net\/wordpress\/wp-content\/uploads\/2023\/01\/hockey-1536x1024.jpg 1536w, https:\/\/www.radiopiu.net\/wordpress\/wp-content\/uploads\/2023\/01\/hockey.jpg 1920w\" sizes=\"auto, (max-width: 144px) 100vw, 144px\" \/><\/a>di Marco Gaz<\/strong><\/p>\n<p><strong>CORTINA\/ALLEGHE &#8211; MERANO 3-2<\/strong><\/p>\n<p>GOL CORTINA\/ALLEGHE: Zandegiacomo, De Luca, Gaier<\/p>\n<p>Parte con il piede giusto la stagione della squadra mista bellunese del Cortina\/Alleghe Under 19 che in rimonta conquista i primi tre punti in campionato. Un match in salita per la squadra guidata da Marchetti che, nonostante il bel gioco, subisce la marcatura dagli altoatesini a fine primo tempo. Merano che allunga nel secondo drittel ma i bellunesi ingranano la marcia giusta nel terzo periodo accorciando le distanze con Zandegiacomo. De Luca pareggia i conti pochi minuti dopo. Si gioca a viso aperto e il Cortina\/Alleghe incamera la vittoria con un gol di Gaier a 8&#8243; dalla fine.<\/p>\n<p>&nbsp;<\/p>\n<p><span style=\"color: #0000ff;\"><strong>CALCIO<\/strong><\/span><\/p>\n<blockquote>\n<h3>I GIOVANISSIMI DELL&#8217;AGORDINA INCIAMPANO ALL&#8217;ESORDIO. VENERDI TOCCA AGLI ALLIEVI<\/h3>\n<\/blockquote>\n<p><strong><a class=\"dt-pswp-item\" href=\"https:\/\/www.radiopiu.net\/wordpress\/wp-content\/uploads\/2023\/09\/379550092_807866217795116_112539432524993193_n.jpg\" data-dt-img-description=\"\" data-large_image_width=\"1170\" data-large_image_height=\"540\"><img loading=\"lazy\" decoding=\"async\" class=\" wp-image-353041 alignleft\" src=\"https:\/\/www.radiopiu.net\/wordpress\/wp-content\/uploads\/2023\/09\/379550092_807866217795116_112539432524993193_n-300x138.jpg\" alt=\"\" width=\"200\" height=\"92\" srcset=\"https:\/\/www.radiopiu.net\/wordpress\/wp-content\/uploads\/2023\/09\/379550092_807866217795116_112539432524993193_n-300x138.jpg 300w, https:\/\/www.radiopiu.net\/wordpress\/wp-content\/uploads\/2023\/09\/379550092_807866217795116_112539432524993193_n-1024x473.jpg 1024w, https:\/\/www.radiopiu.net\/wordpress\/wp-content\/uploads\/2023\/09\/379550092_807866217795116_112539432524993193_n-768x354.jpg 768w, https:\/\/www.radiopiu.net\/wordpress\/wp-content\/uploads\/2023\/09\/379550092_807866217795116_112539432524993193_n.jpg 1170w\" sizes=\"auto, (max-width: 200px) 100vw, 200px\" \/><\/a>di Marco Gaz<\/strong><\/p>\n<p><strong>REDAZIONE<\/strong> Non solo la prima squadra al via del campionato ma anche il settore giovanile dell&#8217;Agordina. Nel fine settimana in campo la seconda compagine dei Giovanissimi Provinciali che hanno esordito a Canale D&#8217;Agordo contro la Juventina. Un esordio amaro per i giovani agordini che non sono riusciti a tenere testa alla squadra feltrina. 5 a 1 il risultato finale in favore degli ospiti. La partita per\u00f2 ha fatto vedere delle buone cose per la formazione di Agordo Un risultato troppo largo per quel che si \u00e8 visto in campo ma i margini di miglioramento ci sono e le prospettive sono buone. Domenica doveva essere anche la giornata di esordio anche per gli Allievi ma il match con il Castion \u00e8 stato posticipato a venerd\u00ec sera alle 18 all&#8217;Ivano Dorigo di Agordo.<\/p>\n<p>(FOTO: Facebook USD Agordina)<\/p>\n<p>&nbsp;<\/p>\n<p><span style=\"color: #0000ff;\"><strong>ATLETICA<\/strong><\/span><\/p>\n<blockquote>\n<h3>IL GS LA PIAVE 2000 CORRE IN&#8230; ARGENTO<\/h3>\n<\/blockquote>\n<p><strong><a class=\"dt-pswp-item\" href=\"https:\/\/www.radiopiu.net\/wordpress\/wp-content\/uploads\/2023\/09\/Gs-La-Piave-2000_La-squadra-femminile-ricevuta-dal-sindaco_b.jpg\" data-dt-img-description=\"\" data-large_image_width=\"1828\" data-large_image_height=\"917\"><img loading=\"lazy\" decoding=\"async\" class=\" wp-image-353020 alignleft\" src=\"https:\/\/www.radiopiu.net\/wordpress\/wp-content\/uploads\/2023\/09\/Gs-La-Piave-2000_La-squadra-femminile-ricevuta-dal-sindaco_b-300x150.jpg\" alt=\"\" width=\"320\" height=\"160\" srcset=\"https:\/\/www.radiopiu.net\/wordpress\/wp-content\/uploads\/2023\/09\/Gs-La-Piave-2000_La-squadra-femminile-ricevuta-dal-sindaco_b-300x150.jpg 300w, https:\/\/www.radiopiu.net\/wordpress\/wp-content\/uploads\/2023\/09\/Gs-La-Piave-2000_La-squadra-femminile-ricevuta-dal-sindaco_b-1024x514.jpg 1024w, https:\/\/www.radiopiu.net\/wordpress\/wp-content\/uploads\/2023\/09\/Gs-La-Piave-2000_La-squadra-femminile-ricevuta-dal-sindaco_b-768x385.jpg 768w, https:\/\/www.radiopiu.net\/wordpress\/wp-content\/uploads\/2023\/09\/Gs-La-Piave-2000_La-squadra-femminile-ricevuta-dal-sindaco_b-1536x771.jpg 1536w, https:\/\/www.radiopiu.net\/wordpress\/wp-content\/uploads\/2023\/09\/Gs-La-Piave-2000_La-squadra-femminile-ricevuta-dal-sindaco_b.jpg 1828w\" sizes=\"auto, (max-width: 320px) 100vw, 320px\" \/><\/a>BORGO VALBELLUNA<\/strong> Il\u00a0 Gs La Piave 2000 ha ottenuto una qualificazione storica per la finale &#8220;A&#8221; Argento dei campionati italiani allievi di societ\u00e0 su pista. La formazione femminile del club sar\u00e0 impegnata il prossimo weekend a Campi Bisenzio (Firenze) nell&#8217;ultimo atto della rassegna under 18, che determiner\u00e0 la graduatoria nazionale dalla tredicesima alla ventiquattresima posizione. Questa la formazione del Gs La Piave 2000 per la finale di Campi Bisenzio. <strong>100 e 200:<\/strong> Caterina Pison. <strong>400:<\/strong> Nora Cavacece. <strong>800:<\/strong> Silvia Bogo. <strong>1500 e 300:<\/strong> Giulia Vedana\u00a0<strong>2000 siepi:<\/strong> Silvia Bogo. <strong>100 ostacoli e marcia 5000:<\/strong> Angelica Balest. <strong>400 ostacoli e Alto:<\/strong> Chiara da Pra <strong>Lungo:<\/strong> Rofiat Adetoro. <strong>Peso e Disco:<\/strong> Arianna Colle. <strong>Giavellotto:<\/strong> Giada Limana. <strong>Martello:<\/strong> Martina Bergamasco Spina. <strong>4&#215;100:<\/strong> Adetoro, Pison, Cavacece, Silvia Sommacal. <strong>4&#215;400:<\/strong> Cavacece, Bogo, Rachele Zambon, Da Pra. <strong>Riserva:<\/strong> Sofia Calabretto.<\/p>\n<\/div>\n","protected":false},"excerpt":{"rendered":"<p>40esimo di RADIOPIU\u2026. LA VOCE DELL\u2019EMOZIONE ISCRIVITI AL NOSTRO CANALE\u00a0\u00a0YOUTUBE PER SEGUIRE IN DIRETTA I PRINCIPALI PROGRAMMI DI RADIO PIU\u2019 E LE FUTURE DIRETTE IN ESTERNA. PER ISCRIVERTI\u00a0CLICCA QUI\u00a0E PREMI\u00a0 \u201cIscriviti\u201d &nbsp; &nbsp; &nbsp; IERI SERA, DAL TG DI ANTENNA 3 &#8211; CANALE 10 DIGITALE TERRESTRE &#8211;\u00a0 in onda alle 19.30. Alle 19.10 su radiopiu&hellip;<\/p>\n","protected":false},"author":4,"featured_media":353097,"comment_status":"closed","ping_status":"closed","sticky":false,"template":"","format":"standard","meta":{"_monsterinsights_skip_tracking":false,"_monsterinsights_sitenote_active":false,"_monsterinsights_sitenote_note":"","_monsterinsights_sitenote_category":0,"footnotes":""},"categories":[51,86,49],"tags":[],"class_list":["post-352950","post","type-post","status-publish","format-standard","has-post-thumbnail","hentry","category-evidenza-top","category-gr","category-news-18","category-51","category-86","category-49","description-off"],"img_url":"https:\/\/www.radiopiu.net\/wordpress\/wp-content\/uploads\/2023\/09\/Senza-nome-43.png","_links":{"self":[{"href":"https:\/\/www.radiopiu.net\/wordpress\/wp-json\/wp\/v2\/posts\/352950","targetHints":{"allow":["GET"]}}],"collection":[{"href":"https:\/\/www.radiopiu.net\/wordpress\/wp-json\/wp\/v2\/posts"}],"about":[{"href":"https:\/\/www.radiopiu.net\/wordpress\/wp-json\/wp\/v2\/types\/post"}],"author":[{"embeddable":true,"href":"https:\/\/www.radiopiu.net\/wordpress\/wp-json\/wp\/v2\/users\/4"}],"replies":[{"embeddable":true,"href":"https:\/\/www.radiopiu.net\/wordpress\/wp-json\/wp\/v2\/comments?post=352950"}],"version-history":[{"count":0,"href":"https:\/\/www.radiopiu.net\/wordpress\/wp-json\/wp\/v2\/posts\/352950\/revisions"}],"wp:featuredmedia":[{"embeddable":true,"href":"https:\/\/www.radiopiu.net\/wordpress\/wp-json\/wp\/v2\/media\/353097"}],"wp:attachment":[{"href":"https:\/\/www.radiopiu.net\/wordpress\/wp-json\/wp\/v2\/media?parent=352950"}],"wp:term":[{"taxonomy":"category","embeddable":true,"href":"https:\/\/www.radiopiu.net\/wordpress\/wp-json\/wp\/v2\/categories?post=352950"},{"taxonomy":"post_tag","embeddable":true,"href":"https:\/\/www.radiopiu.net\/wordpress\/wp-json\/wp\/v2\/tags?post=352950"}],"curies":[{"name":"wp","href":"https:\/\/api.w.org\/{rel}","templated":true}]}}