{"id":353019,"date":"2023-09-18T12:54:44","date_gmt":"2023-09-18T10:54:44","guid":{"rendered":"https:\/\/www.radiopiu.net\/wordpress\/?p=353019"},"modified":"2023-09-19T05:39:39","modified_gmt":"2023-09-19T03:39:39","slug":"353019-2","status":"publish","type":"post","link":"https:\/\/www.radiopiu.net\/wordpress\/353019-2\/","title":{"rendered":"IL GS LA PIAVE 2000 CORRE IN&#8230; ARGENTO"},"content":{"rendered":"<div class=\"flex-1 overflow-hidden\">\n<div class=\"react-scroll-to-bottom--css-lxjdb-79elbk h-full dark:bg-gray-800\">\n<div class=\"react-scroll-to-bottom--css-lxjdb-1n7m0yu\">\n<div class=\"flex flex-col text-sm dark:bg-gray-800\">\n<div class=\"group w-full text-token-text-primary border-b border-black\/10 dark:border-gray-900\/50 bg-gray-50 dark:bg-[#444654]\" data-testid=\"conversation-turn-3\">\n<div class=\"p-4 justify-center text-base md:gap-6 md:py-6 m-auto\">\n<div class=\"flex flex-1 gap-4 text-base mx-auto md:gap-6 md:max-w-2xl lg:max-w-[38rem] xl:max-w-3xl }\">\n<div class=\"relative flex w-[calc(100%-50px)] flex-col gap-1 md:gap-3 lg:w-[calc(100%-115px)]\">\n<div class=\"flex flex-grow flex-col gap-3 max-w-full\">\n<div class=\"min-h-[20px] flex flex-col items-start gap-3 overflow-x-auto whitespace-pre-wrap break-words\">\n<div class=\"markdown prose w-full break-words dark:prose-invert light\">\n<p>&nbsp;<\/p>\n<p><strong>BORGO VALBELLUNA<\/strong> Il\u00a0 Gs La Piave 2000 ha ottenuto una qualificazione storica per la finale &#8220;A&#8221; Argento dei campionati italiani allievi di societ\u00e0 su pista. La formazione femminile del club sar\u00e0 impegnata il prossimo weekend a Campi Bisenzio (Firenze) nell&#8217;ultimo atto della rassegna under 18, che determiner\u00e0 la graduatoria nazionale dalla tredicesima alla ventiquattresima posizione. Il Gs La Piave 2000 si \u00e8 qualificato sesto su 12 squadre. Nella finale, le ragazze bellunesi gareggeranno a piazzamento, con buone prospettive di successo. Il direttore tecnico, Johnny Schievenin, ha sottolineato l&#8217;importanza di questo risultato per la societ\u00e0, che ha costruito la formazione con giocatrici provenienti dal proprio vivaio. Nonostante l&#8217;assenza della capitana Giorgia Zambon, Schievenin ha espresso fiducia nel potenziale della squadra. Nel frattempo, Francesco Da Vi\u00e0 ha festeggiato un argento tricolore under 23 nei 10 km su strada. Il Gs La Piave 2000 si prepara ora per l&#8217;impegno nazionale a squadre a Campi Bisenzio. Inoltre, prima di partire, le ragazze sono state accolte dall&#8217;amministrazione comunale di Borgo Valbelluna, con il sindaco Stefano Cesa e l&#8217;assessore allo Sport Marilisa Corso che hanno elogiato la squadra per il risultato ottenuto e le hanno augurato buona fortuna per il weekend di gare tricolori.<\/p>\n<p>Questa la formazione del Gs La Piave 2000 per la finale di Campi Bisenzio. <strong>100:<\/strong> Caterina Pison. <strong>200:<\/strong> Caterina Pison. <strong>400:<\/strong> Nora Cavacece. <strong>800:<\/strong> Silvia Bogo. <strong>1500:<\/strong> Giulia Vedana. <strong>3000:<\/strong> Giulia Vedana. <strong>2000 siepi:<\/strong> Silvia Bogo. <strong>100 ostacoli:<\/strong> Angelica Balest. <strong>400 ostacoli:<\/strong> Chiara da Pra. <strong>Marcia (5000 m):<\/strong> Angelica Balest. <strong>Alto:<\/strong> Chiara Da Pra. <strong>Lungo:<\/strong> Rofiat Adetoro. <strong>Peso:<\/strong> Arianna Colle. <strong>Disco:<\/strong> Arianna Colle. <strong>Giavellotto:<\/strong> Giada Limana. <strong>Martello:<\/strong> Martina Bergamasco Spina. <strong>4&#215;100:<\/strong> Adetoro, Pison, Cavacece, Silvia Sommacal. <strong>4&#215;400:<\/strong> Cavacece, Bogo, Rachele Zambon, Da Pra. <strong>Riserva:<\/strong> Sofia Calabretto.<\/p>\n<p>&nbsp;<\/p>\n<\/div>\n<\/div>\n<\/div>\n<div class=\"flex justify-between lg:block\">\n<div class=\"text-gray-400 flex self-end lg:self-center justify-center mt-2 gap-2 md:gap-3 lg:gap-1 lg:absolute lg:top-0 lg:translate-x-full lg:right-0 lg:mt-0 lg:pl-2 visible\"><a class=\"dt-pswp-item\" href=\"https:\/\/www.radiopiu.net\/wordpress\/wp-content\/uploads\/2023\/09\/Gs-La-Piave-2000_La-squadra-femminile-ricevuta-dal-sindaco_b.jpg\" data-dt-img-description=\"\" data-large_image_width=\"1828\" data-large_image_height=\"917\"><img loading=\"lazy\" decoding=\"async\" class=\"alignnone wp-image-353020 size-full\" src=\"https:\/\/www.radiopiu.net\/wordpress\/wp-content\/uploads\/2023\/09\/Gs-La-Piave-2000_La-squadra-femminile-ricevuta-dal-sindaco_b.jpg\" alt=\"\" width=\"1828\" height=\"917\" srcset=\"https:\/\/www.radiopiu.net\/wordpress\/wp-content\/uploads\/2023\/09\/Gs-La-Piave-2000_La-squadra-femminile-ricevuta-dal-sindaco_b.jpg 1828w, https:\/\/www.radiopiu.net\/wordpress\/wp-content\/uploads\/2023\/09\/Gs-La-Piave-2000_La-squadra-femminile-ricevuta-dal-sindaco_b-300x150.jpg 300w, https:\/\/www.radiopiu.net\/wordpress\/wp-content\/uploads\/2023\/09\/Gs-La-Piave-2000_La-squadra-femminile-ricevuta-dal-sindaco_b-1024x514.jpg 1024w, https:\/\/www.radiopiu.net\/wordpress\/wp-content\/uploads\/2023\/09\/Gs-La-Piave-2000_La-squadra-femminile-ricevuta-dal-sindaco_b-768x385.jpg 768w, https:\/\/www.radiopiu.net\/wordpress\/wp-content\/uploads\/2023\/09\/Gs-La-Piave-2000_La-squadra-femminile-ricevuta-dal-sindaco_b-1536x771.jpg 1536w\" sizes=\"auto, (max-width: 1828px) 100vw, 1828px\" \/><\/a><br \/>\n<b><i><\/i><\/b><\/div>\n<div><\/div>\n<div class=\"text-gray-400 flex self-end lg:self-center justify-center mt-2 gap-2 md:gap-3 lg:gap-1 lg:absolute lg:top-0 lg:translate-x-full lg:right-0 lg:mt-0 lg:pl-2 visible\">\n<p><b><i>foto: le ragazze del Gs La Piave 2000 ricevute dall<\/i><\/b><b><i><span lang=\"EN-US\">\u2019<\/span><\/i><\/b><b><i>amministrazione comunale di Borgo Valbelluna<\/i><\/b><\/p>\n<hr \/>\n<\/div>\n<\/div>\n<\/div>\n<\/div>\n<\/div>\n<\/div>\n<p>&nbsp;<\/p>\n<\/div>\n<\/div>\n<\/div>\n<\/div>\n","protected":false},"excerpt":{"rendered":"<p>&nbsp; BORGO VALBELLUNA Il\u00a0 Gs La Piave 2000 ha ottenuto una qualificazione storica per la finale &#8220;A&#8221; Argento dei campionati italiani allievi di societ\u00e0 su pista. La formazione femminile del club sar\u00e0 impegnata il prossimo weekend a Campi Bisenzio (Firenze) nell&#8217;ultimo atto della rassegna under 18, che determiner\u00e0 la graduatoria nazionale dalla tredicesima alla ventiquattresima&hellip;<\/p>\n","protected":false},"author":4,"featured_media":353020,"comment_status":"closed","ping_status":"closed","sticky":false,"template":"","format":"standard","meta":{"_monsterinsights_skip_tracking":false,"_monsterinsights_sitenote_active":false,"_monsterinsights_sitenote_note":"","_monsterinsights_sitenote_category":0,"footnotes":""},"categories":[104,49],"tags":[],"class_list":["post-353019","post","type-post","status-publish","format-standard","has-post-thumbnail","hentry","category-evidenza_3","category-news-18","category-104","category-49","description-off"],"img_url":"https:\/\/www.radiopiu.net\/wordpress\/wp-content\/uploads\/2023\/09\/Gs-La-Piave-2000_La-squadra-femminile-ricevuta-dal-sindaco_b.jpg","_links":{"self":[{"href":"https:\/\/www.radiopiu.net\/wordpress\/wp-json\/wp\/v2\/posts\/353019","targetHints":{"allow":["GET"]}}],"collection":[{"href":"https:\/\/www.radiopiu.net\/wordpress\/wp-json\/wp\/v2\/posts"}],"about":[{"href":"https:\/\/www.radiopiu.net\/wordpress\/wp-json\/wp\/v2\/types\/post"}],"author":[{"embeddable":true,"href":"https:\/\/www.radiopiu.net\/wordpress\/wp-json\/wp\/v2\/users\/4"}],"replies":[{"embeddable":true,"href":"https:\/\/www.radiopiu.net\/wordpress\/wp-json\/wp\/v2\/comments?post=353019"}],"version-history":[{"count":0,"href":"https:\/\/www.radiopiu.net\/wordpress\/wp-json\/wp\/v2\/posts\/353019\/revisions"}],"wp:featuredmedia":[{"embeddable":true,"href":"https:\/\/www.radiopiu.net\/wordpress\/wp-json\/wp\/v2\/media\/353020"}],"wp:attachment":[{"href":"https:\/\/www.radiopiu.net\/wordpress\/wp-json\/wp\/v2\/media?parent=353019"}],"wp:term":[{"taxonomy":"category","embeddable":true,"href":"https:\/\/www.radiopiu.net\/wordpress\/wp-json\/wp\/v2\/categories?post=353019"},{"taxonomy":"post_tag","embeddable":true,"href":"https:\/\/www.radiopiu.net\/wordpress\/wp-json\/wp\/v2\/tags?post=353019"}],"curies":[{"name":"wp","href":"https:\/\/api.w.org\/{rel}","templated":true}]}}