{"id":353023,"date":"2023-09-18T13:00:40","date_gmt":"2023-09-18T11:00:40","guid":{"rendered":"https:\/\/www.radiopiu.net\/wordpress\/?p=353023"},"modified":"2023-09-19T05:39:46","modified_gmt":"2023-09-19T03:39:46","slug":"solidarieta-allinsonnia","status":"publish","type":"post","link":"https:\/\/www.radiopiu.net\/wordpress\/solidarieta-allinsonnia\/","title":{"rendered":"SOLIDARIETA&#8217; ALL&#8217;INSONNIA"},"content":{"rendered":"<p><strong><img loading=\"lazy\" decoding=\"async\" class=\"alignleft\" src=\"https:\/\/www.radiopiu.net\/wordpress\/wp-content\/uploads\/2023\/09\/Insonnia-e-Societa-Nuova.jpeg\" width=\"276\" height=\"124\" \/>VAL DI ZOLDO\u00a0<\/strong> Ogni anno Beniamino e Carla, proprietari del ristorante Insonnia ospitano le persone con disabilit\u00e0 che frequentano i Centro Diurni e le Comunit\u00e0 alloggio della Cooperativa Societ\u00e0 Nuova, offrendo loro il pranzo.\u00a0 Quest\u2019anno l\u2019appuntamento \u00e8 stato doppio: il primo a giugno e il secondo pochi giorni fa.<\/p>\n<p><em>\u201cL\u2019amicizia che lega Societ\u00e0 Nuova a Beniamino, Carla e tutto lo staff \u00e8 per noi qualcosa di speciale &#8211; commenta il presidente della Cooperativa Federico Bristot\u00a0 &#8211; un affetto reciproco che ci riempie di felicit\u00e0. Quando pranziamo all\u2019Insonnia ci riuniamo attorno ad un tavolo condividendo le cose semplici della vita, che sono anche le pi\u00f9 belle: il buon cibo e la gioia dello stare insieme\u201d<\/em><\/p>\n<p>&nbsp;<\/p>\n<p>&nbsp;<\/p>\n<p>___<\/p>\n","protected":false},"excerpt":{"rendered":"<p>VAL DI ZOLDO\u00a0 Ogni anno Beniamino e Carla, proprietari del ristorante Insonnia ospitano le persone con disabilit\u00e0 che frequentano i Centro Diurni e le Comunit\u00e0 alloggio della Cooperativa Societ\u00e0 Nuova, offrendo loro il pranzo.\u00a0 Quest\u2019anno l\u2019appuntamento \u00e8 stato doppio: il primo a giugno e il secondo pochi giorni fa. \u201cL\u2019amicizia che lega Societ\u00e0 Nuova a&hellip;<\/p>\n","protected":false},"author":4,"featured_media":353024,"comment_status":"closed","ping_status":"closed","sticky":false,"template":"","format":"standard","meta":{"_monsterinsights_skip_tracking":false,"_monsterinsights_sitenote_active":false,"_monsterinsights_sitenote_note":"","_monsterinsights_sitenote_category":0,"footnotes":""},"categories":[51,49],"tags":[],"class_list":["post-353023","post","type-post","status-publish","format-standard","has-post-thumbnail","hentry","category-evidenza-top","category-news-18","category-51","category-49","description-off"],"img_url":"https:\/\/www.radiopiu.net\/wordpress\/wp-content\/uploads\/2023\/09\/Insonnia-e-Societa-Nuova.jpeg","_links":{"self":[{"href":"https:\/\/www.radiopiu.net\/wordpress\/wp-json\/wp\/v2\/posts\/353023","targetHints":{"allow":["GET"]}}],"collection":[{"href":"https:\/\/www.radiopiu.net\/wordpress\/wp-json\/wp\/v2\/posts"}],"about":[{"href":"https:\/\/www.radiopiu.net\/wordpress\/wp-json\/wp\/v2\/types\/post"}],"author":[{"embeddable":true,"href":"https:\/\/www.radiopiu.net\/wordpress\/wp-json\/wp\/v2\/users\/4"}],"replies":[{"embeddable":true,"href":"https:\/\/www.radiopiu.net\/wordpress\/wp-json\/wp\/v2\/comments?post=353023"}],"version-history":[{"count":0,"href":"https:\/\/www.radiopiu.net\/wordpress\/wp-json\/wp\/v2\/posts\/353023\/revisions"}],"wp:featuredmedia":[{"embeddable":true,"href":"https:\/\/www.radiopiu.net\/wordpress\/wp-json\/wp\/v2\/media\/353024"}],"wp:attachment":[{"href":"https:\/\/www.radiopiu.net\/wordpress\/wp-json\/wp\/v2\/media?parent=353023"}],"wp:term":[{"taxonomy":"category","embeddable":true,"href":"https:\/\/www.radiopiu.net\/wordpress\/wp-json\/wp\/v2\/categories?post=353023"},{"taxonomy":"post_tag","embeddable":true,"href":"https:\/\/www.radiopiu.net\/wordpress\/wp-json\/wp\/v2\/tags?post=353023"}],"curies":[{"name":"wp","href":"https:\/\/api.w.org\/{rel}","templated":true}]}}