{"id":353095,"date":"2023-09-20T05:47:45","date_gmt":"2023-09-20T03:47:45","guid":{"rendered":"https:\/\/www.radiopiu.net\/wordpress\/?p=353095"},"modified":"2023-09-20T08:36:09","modified_gmt":"2023-09-20T06:36:09","slug":"giornale-radiopiu-20-settembre-2023-direttore-mirko-mezzacasada-40-anni-25-giugno-1983-25-giugno-2023","status":"publish","type":"post","link":"https:\/\/www.radiopiu.net\/wordpress\/giornale-radiopiu-20-settembre-2023-direttore-mirko-mezzacasada-40-anni-25-giugno-1983-25-giugno-2023\/","title":{"rendered":"GIORNALE RADIOPIU 20 SETTEMBRE 2023 DIRETTORE MIRKO MEZZACASA\u2026DA 40 ANNI 25 GIUGNO 1983-25 GIUGNO 2023"},"content":{"rendered":"<h1 class=\"entry-title\">40esimo di RADIOPIU\u2026. LA VOCE DELL\u2019EMOZIONE<\/h1>\n<h2><span style=\"color: #ff0000;\">ISCRIVITI AL NOSTRO CANALE\u00a0\u00a0YOUTUBE PER SEGUIRE IN DIRETTA I PRINCIPALI PROGRAMMI DI RADIO PIU\u2019 E LE FUTURE DIRETTE IN ESTERNA. PER ISCRIVERTI\u00a0<a style=\"color: #ff0000;\" href=\"https:\/\/youtube.com\/@radiopiu1527\">CLICCA QUI\u00a0<\/a>E PREMI\u00a0 \u201cIscriviti\u201d<\/span><\/h2>\n<p><a class=\"dt-pswp-item\" href=\"https:\/\/www.radiopiu.net\/wordpress\/wp-content\/uploads\/2023\/08\/sersa-ok-1.jpg\" data-dt-img-description=\"\" data-large_image_width=\"300\" data-large_image_height=\"300\"><img loading=\"lazy\" decoding=\"async\" class=\"size-full wp-image-349822 aligncenter\" src=\"https:\/\/www.radiopiu.net\/wordpress\/wp-content\/uploads\/2023\/08\/sersa-ok-1.jpg\" alt=\"\" width=\"300\" height=\"300\" srcset=\"https:\/\/www.radiopiu.net\/wordpress\/wp-content\/uploads\/2023\/08\/sersa-ok-1.jpg 300w, https:\/\/www.radiopiu.net\/wordpress\/wp-content\/uploads\/2023\/08\/sersa-ok-1-150x150.jpg 150w\" sizes=\"auto, (max-width: 300px) 100vw, 300px\" \/><\/a><\/p>\n<p>&nbsp;<\/p>\n<p><span style=\"color: #ff0000;\"><strong>VERSO LA SE DESMONTEGHEA DI FALCADE\u00a0<\/strong><\/span><\/p>\n<p><a class=\"dt-pswp-item\" href=\"https:\/\/www.radiopiu.net\/wordpress\/wp-content\/uploads\/2023\/09\/16ae7805-26bd-4f7c-a34e-6308a1c88a22.jpg\" data-dt-img-description=\"\" data-large_image_width=\"1600\" data-large_image_height=\"777\"><img loading=\"lazy\" decoding=\"async\" class=\"size-medium wp-image-353259 aligncenter\" src=\"https:\/\/www.radiopiu.net\/wordpress\/wp-content\/uploads\/2023\/09\/16ae7805-26bd-4f7c-a34e-6308a1c88a22-300x146.jpg\" alt=\"\" width=\"300\" height=\"146\" srcset=\"https:\/\/www.radiopiu.net\/wordpress\/wp-content\/uploads\/2023\/09\/16ae7805-26bd-4f7c-a34e-6308a1c88a22-300x146.jpg 300w, https:\/\/www.radiopiu.net\/wordpress\/wp-content\/uploads\/2023\/09\/16ae7805-26bd-4f7c-a34e-6308a1c88a22-1024x497.jpg 1024w, https:\/\/www.radiopiu.net\/wordpress\/wp-content\/uploads\/2023\/09\/16ae7805-26bd-4f7c-a34e-6308a1c88a22-768x373.jpg 768w, https:\/\/www.radiopiu.net\/wordpress\/wp-content\/uploads\/2023\/09\/16ae7805-26bd-4f7c-a34e-6308a1c88a22-1536x746.jpg 1536w, https:\/\/www.radiopiu.net\/wordpress\/wp-content\/uploads\/2023\/09\/16ae7805-26bd-4f7c-a34e-6308a1c88a22.jpg 1600w\" sizes=\"auto, (max-width: 300px) 100vw, 300px\" \/><\/a><\/p>\n<p>&nbsp;<\/p>\n<p>&nbsp;<\/p>\n<p><a class=\"dt-pswp-item\" href=\"https:\/\/www.radiopiu.net\/wordpress\/wp-content\/uploads\/2023\/09\/th-21.jpg\" data-dt-img-description=\"\" data-large_image_width=\"320\" data-large_image_height=\"180\"><img loading=\"lazy\" decoding=\"async\" class=\"wp-image-353260 alignleft\" src=\"https:\/\/www.radiopiu.net\/wordpress\/wp-content\/uploads\/2023\/09\/th-21-300x169.jpg\" alt=\"\" width=\"140\" height=\"79\" srcset=\"https:\/\/www.radiopiu.net\/wordpress\/wp-content\/uploads\/2023\/09\/th-21-300x169.jpg 300w, https:\/\/www.radiopiu.net\/wordpress\/wp-content\/uploads\/2023\/09\/th-21.jpg 320w\" sizes=\"auto, (max-width: 140px) 100vw, 140px\" \/><\/a><strong>Ieri Don Luigi Ciotti a Longarone sulla pista da bob da 124 miloni di euro:<\/strong><em> &#8221; Questo \u00e8 un autentico spreco di risorse pubbliche, che, tra l&#8217;altro, viene consumato in 15 giorni. Rester\u00e0 una cattedrale nel deserto, come la pista costruita in Piemonte nel 2006, oggi abbandonata\u00bb.<\/em><\/p>\n<p>&nbsp;<\/p>\n<p>&nbsp;<\/p>\n<p><strong>ULTIM&#8217;ORA, 7.45\u00a0<\/strong><\/p>\n<blockquote>\n<h3>50 METRI DI CANTIERE, CHILOMETRI E CHILOMETRI DI CODA<\/h3>\n<\/blockquote>\n<div class=\"xdj266r x11i5rnm xat24cr x1mh8g0r x1vvkbs x126k92a\">\n<div dir=\"auto\">CODE E IMPRECAZIONI&#8230;FINO IN CENTRO, FINO IN TANGENZIALE. NESSUNO HA PENSATO ALLE CONSEGUENZE, POCO LONTANO GLI UFFICI DEI DIRIGENTI LUXOTTICA.<\/div>\n<div dir=\"auto\">SEMAFORO SENZA MOVIERI PRIMA DELLA ROTONDA, VALCOZZENA, FORTI DISAGI. COLONNE VERSO LUXOTTICA, TRAFFICO QUASI ASSENTE IN SENSO CONTRARIO, VERSO AGORDO, MA I SEMAFORI INTELLIGENTI NON LO SONO, NON COME I MOVIERI. AL CAMBIO TURNO LA SITUAZIONE SI RIPETERA&#8217; IN SENSO OPPOSTO<\/div>\n<\/div>\n<div class=\"x11i5rnm xat24cr x1mh8g0r x1vvkbs xtlvy1s x126k92a\">\n<div dir=\"auto\">SEMAFORO SENZA MOVIERI PRIMA DELLA ROTONDA, VALCOZZENA, FORTI DISAGI. COLONNE VERSO LUXOTTICA, TRAFFICO QUASI ASSENTE IN SENSO CONTRARIO, VERSO AGORDO, MA I SEMAFORI INTELLIGENTI NON LO SONO, NON COME I MOVIERI. AL CAMBIO TURNO LA SITUAZIONE SI RIPETERA&#8217; IN SENSO OPPOSTO<\/div>\n<div dir=\"auto\"><span style=\"color: #ff0000;\"><strong>INOLTRE<\/strong><\/span><\/div>\n<div dir=\"auto\">Incolonnamenti ad Agordo tra il centro abitato e la strada che porta alla zona industriale (la colonna arriva fino alla stazione degli autobus ) Incolonnamenti a Ghisel tra Cencenighe ed Avoscan di San Tomaso per semaforo al cantiere Incolonnamenti lungo la regionale 203 agordina, localit\u00e0 La Pissa.<\/div>\n<div dir=\"auto\">\n\n\t\t\t<style type='text\/css'>\n\t\t\t\t#gallery-1 {\n\t\t\t\t\tmargin: auto;\n\t\t\t\t}\n\t\t\t\t#gallery-1 .gallery-item {\n\t\t\t\t\tfloat: left;\n\t\t\t\t\tmargin-top: 10px;\n\t\t\t\t\ttext-align: center;\n\t\t\t\t\twidth: 33%;\n\t\t\t\t}\n\t\t\t\t#gallery-1 img {\n\t\t\t\t\tborder: 2px solid #cfcfcf;\n\t\t\t\t}\n\t\t\t\t#gallery-1 .gallery-caption {\n\t\t\t\t\tmargin-left: 0;\n\t\t\t\t}\n\t\t\t\t\/* see gallery_shortcode() in wp-includes\/media.php *\/\n\t\t\t<\/style>\n\t\t<div id='gallery-1' class='dt-gallery-container gallery galleryid-353095 gallery-columns-3 gallery-size-thumbnail'><dl class='gallery-item'>\n\t\t\t\t<dt class='gallery-icon portrait'>\n\t\t\t\t\t<a class=\"rollover rollover-zoom dt-pswp-item\" title=\"b3655034-7ccf-4f43-841e-dc800c0af93b\" data-dt-img-description=\"\" data-large_image_width=\"1201\" data-large_image_height=\"1600\"href='https:\/\/www.radiopiu.net\/wordpress\/wp-content\/uploads\/2023\/09\/b3655034-7ccf-4f43-841e-dc800c0af93b.jpg'><img loading=\"lazy\" decoding=\"async\" width=\"150\" height=\"150\" src=\"https:\/\/www.radiopiu.net\/wordpress\/wp-content\/uploads\/2023\/09\/b3655034-7ccf-4f43-841e-dc800c0af93b-150x150.jpg\" class=\"attachment-thumbnail size-thumbnail\" alt=\"\" \/><\/a>\n\t\t\t\t<\/dt><\/dl><dl class='gallery-item'>\n\t\t\t\t<dt class='gallery-icon landscape'>\n\t\t\t\t\t<a class=\"rollover rollover-zoom dt-pswp-item\" title=\"13599110-f6c1-417a-b507-4b32e68ac4b8\" data-dt-img-description=\"\" data-large_image_width=\"1600\" data-large_image_height=\"1200\"href='https:\/\/www.radiopiu.net\/wordpress\/wp-content\/uploads\/2023\/09\/13599110-f6c1-417a-b507-4b32e68ac4b8.jpg'><img loading=\"lazy\" decoding=\"async\" width=\"150\" height=\"150\" src=\"https:\/\/www.radiopiu.net\/wordpress\/wp-content\/uploads\/2023\/09\/13599110-f6c1-417a-b507-4b32e68ac4b8-150x150.jpg\" class=\"attachment-thumbnail size-thumbnail\" alt=\"\" \/><\/a>\n\t\t\t\t<\/dt><\/dl><dl class='gallery-item'>\n\t\t\t\t<dt class='gallery-icon landscape'>\n\t\t\t\t\t<a class=\"rollover rollover-zoom dt-pswp-item\" title=\"6c86a16d-1704-4c6f-af9f-2e04499f6e4f\" data-dt-img-description=\"\" data-large_image_width=\"1600\" data-large_image_height=\"1200\"href='https:\/\/www.radiopiu.net\/wordpress\/wp-content\/uploads\/2023\/09\/6c86a16d-1704-4c6f-af9f-2e04499f6e4f.jpg'><img loading=\"lazy\" decoding=\"async\" width=\"150\" height=\"150\" src=\"https:\/\/www.radiopiu.net\/wordpress\/wp-content\/uploads\/2023\/09\/6c86a16d-1704-4c6f-af9f-2e04499f6e4f-150x150.jpg\" class=\"attachment-thumbnail size-thumbnail\" alt=\"\" \/><\/a>\n\t\t\t\t<\/dt><\/dl><br style=\"clear: both\" \/>\n\t\t\t<\/div>\n\n<\/div>\n<\/div>\n<div style=\"width: 848px;\" class=\"wp-video\"><video class=\"wp-video-shortcode\" id=\"video-353095-1\" width=\"848\" height=\"480\" preload=\"metadata\" controls=\"controls\"><source type=\"video\/mp4\" src=\"https:\/\/www.radiopiu.net\/wordpress\/wp-content\/uploads\/2023\/09\/WhatsApp-Video-2023-09-20-at-07.58.58.mp4?_=1\" \/><a href=\"https:\/\/www.radiopiu.net\/wordpress\/wp-content\/uploads\/2023\/09\/WhatsApp-Video-2023-09-20-at-07.58.58.mp4\">https:\/\/www.radiopiu.net\/wordpress\/wp-content\/uploads\/2023\/09\/WhatsApp-Video-2023-09-20-at-07.58.58.mp4<\/a><\/video><\/div>\n<hr \/>\n<p>&nbsp;<\/p>\n<blockquote>\n<h3>203 AGORDINA: AGORDO-MAS, SENSO UNICO H24 SABATO E DOMENICA COMPRESI<\/h3>\n<\/blockquote>\n<p><strong>SEDICO<\/strong> Veneto Strade comunica che fino al 13 ottobre, compresi sabati e domeniche, la SR 203 Agordina in localit\u00e0 La Pissa in comune di Sedico verr\u00e0 istituito un senso unico alternato regolato da semaforo o movieri.<\/p>\n<p>&nbsp;<\/p>\n<blockquote>\n<h3>LAVORI ALLE GALLERIE BRENTA E SAN VITO SULLA SS 50 BIS<\/h3>\n<\/blockquote>\n<p class=\"xmsonormal\">D<a class=\"dt-pswp-item\" href=\"https:\/\/www.radiopiu.net\/wordpress\/wp-content\/uploads\/2021\/06\/anas.png\" data-dt-img-description=\"\" data-large_image_width=\"299\" data-large_image_height=\"169\"><img loading=\"lazy\" decoding=\"async\" class=\" wp-image-213422 alignleft\" src=\"https:\/\/www.radiopiu.net\/wordpress\/wp-content\/uploads\/2021\/06\/anas.png\" alt=\"\" width=\"149\" height=\"84\" \/><\/a>ivieto di transito ai mezzi pesanti con massa superiore alle 3,5 tonnellate lungo la SR 50 bis.\u00a0 Per i mezzi leggeri rimane attiva la deviazione pi\u00f9 breve che da Primolano porta ad Arsi\u00e9, passando per Fastro e percorrendo quindi via Nazionale e via Mezzavia.<\/p>\n<blockquote>\n<h3><\/h3>\n<h3>PER OLTRE UN MESE CHIUDE LA PROVINCIALE DEL MIS<\/h3>\n<\/blockquote>\n<p><strong>SOSPIROLO<\/strong> La provinciale 2 della Valle del Mis tra Pian Falcina e Gena Bassa (Sospirolo) chiude dal 25 settembre al 31 ottobre, dal lunedi al venerdi 7-12.30 e 13.30 18. Negli altri orari senso unico alternato.<\/p>\n<p>&nbsp;<\/p>\n<blockquote>\n<h3>PROVINCIALE 10 DI ALANO DI PIAVE: INTERDIZIONE TOTALE<\/h3>\n<\/blockquote>\n<p><strong>ALANO DI PIAVE<\/strong> Dal 25 settembre al 31 ottobre interdizione totale al traffico lungo la provinciale 10 di Alano, la chiusura: dalle 8 alle 12 e dalle 13 alle 18.\u00a0 Questo permetter\u00e0 di proseguire i lavori di realizzazione della strada forestale.<\/p>\n<p>&nbsp;<\/p>\n<p>&nbsp;<\/p>\n<hr \/>\n<p>&nbsp;<\/p>\n<blockquote>\n<h3>INTERRUZIONE PROGRAMMATA GSP A FALCADE<\/h3>\n<\/blockquote>\n<p>Per lavori alla rete idrica comunale, venerd\u00ec dalle 8:00 a FINE LAVORI verr\u00e0 sospesa l\u2019erogazione dell\u2019acqua a FALCADE, nelle VIE CORSO ROMA, CORSO ITALIA, MAREDANE, A. MURER, DEGLI EMIGRANTI<\/p>\n<p>&nbsp;<\/p>\n<blockquote>\n<h3>ACQUA POTABILE A COLLE SANTA LUCIA<\/h3>\n<\/blockquote>\n<p>A COLLE SANTA LUCIA nelle localit\u00e0 FEDARE,POSALZ, CANAZEI, TIE\u2019, BELVEDERE e ROVEI l&#8217;acqua erogata dall&#8217;acquedotto \u00e8 di nuovo potabile e pu\u00f2 essere usata, quindi, per scopi alimentari.<\/p>\n<p>&nbsp;<\/p>\n<hr \/>\n<p>&nbsp;<\/p>\n<blockquote>\n<h3>\u00a0 <a class=\"dt-pswp-item\" href=\"https:\/\/www.radiopiu.net\/wordpress\/wp-content\/uploads\/2021\/09\/tribunale-belluno.jpg\" data-dt-img-description=\"\" data-large_image_width=\"778\" data-large_image_height=\"518\"><img loading=\"lazy\" decoding=\"async\" class=\"wp-image-232453 alignleft\" src=\"https:\/\/www.radiopiu.net\/wordpress\/wp-content\/uploads\/2021\/09\/tribunale-belluno-300x200.jpg\" alt=\"\" width=\"173\" height=\"115\" srcset=\"https:\/\/www.radiopiu.net\/wordpress\/wp-content\/uploads\/2021\/09\/tribunale-belluno-300x200.jpg 300w, https:\/\/www.radiopiu.net\/wordpress\/wp-content\/uploads\/2021\/09\/tribunale-belluno-768x511.jpg 768w, https:\/\/www.radiopiu.net\/wordpress\/wp-content\/uploads\/2021\/09\/tribunale-belluno.jpg 778w\" sizes=\"auto, (max-width: 173px) 100vw, 173px\" \/><\/a>GIUSTIZIA ESEMPIO DI LENTEZZA, LADRI E BANDITI\u00a0 SE LA CAVANO<\/h3>\n<p><em>\u00a0Il reato era gi\u00e0 prescritto da tempo ed \u00e8 stato dichiarato estinto dalla Corte d&#8217;Appello di Venezia<\/em><\/p><\/blockquote>\n<p><strong>BELLUNO<\/strong>\u00a0 Indulto legale e scusateci se vi abbiamo disturbato in questi anni, diciassette per la precisione dopo il furto aggravato in un ristorante della periferia cittadina e la sentenza di Appello con l&#8217;estinzione del reato: una banda di tre cittadini romeni festeggia la libert\u00e0, mai negata. Eppure uno era stato condannato a tre anni di reclusione e i complici addirittura quattro, senza la sospensione condizionale della pena. Avevano diversi precedenti penali e se l&#8217;erano gi\u00e0 giocata tutta. Sarebbero finiti in carcere e sono stati come graziati.<\/p>\n<p>&nbsp;<\/p>\n<hr \/>\n<p>&nbsp;<\/p>\n<blockquote>\n<h3><strong><a class=\"dt-pswp-item\" href=\"https:\/\/www.radiopiu.net\/wordpress\/wp-content\/uploads\/2023\/09\/d7eea154-956d-430e-b017-0ea90f1adde6.jpg\" data-dt-img-description=\"\" data-large_image_width=\"964\" data-large_image_height=\"1280\"><img loading=\"lazy\" decoding=\"async\" class=\"wp-image-353261 alignleft\" src=\"https:\/\/www.radiopiu.net\/wordpress\/wp-content\/uploads\/2023\/09\/d7eea154-956d-430e-b017-0ea90f1adde6-226x300.jpg\" alt=\"\" width=\"111\" height=\"147\" srcset=\"https:\/\/www.radiopiu.net\/wordpress\/wp-content\/uploads\/2023\/09\/d7eea154-956d-430e-b017-0ea90f1adde6-226x300.jpg 226w, https:\/\/www.radiopiu.net\/wordpress\/wp-content\/uploads\/2023\/09\/d7eea154-956d-430e-b017-0ea90f1adde6-771x1024.jpg 771w, https:\/\/www.radiopiu.net\/wordpress\/wp-content\/uploads\/2023\/09\/d7eea154-956d-430e-b017-0ea90f1adde6-768x1020.jpg 768w, https:\/\/www.radiopiu.net\/wordpress\/wp-content\/uploads\/2023\/09\/d7eea154-956d-430e-b017-0ea90f1adde6.jpg 964w\" sizes=\"auto, (max-width: 111px) 100vw, 111px\" \/><\/a><\/strong><\/h3>\n<h3><strong>Cede la sponda del trattore e il liquame esce A Santa Giustina: lungo intervento di pulizia<\/strong><\/h3>\n<\/blockquote>\n<p><strong>SANTA GIUSTINA\u00a0<\/strong> Un insolito incidente: un trattore ha perso il suo carico di liquami a causa del cedimento di una delle sponde del rimorchio. L&#8217;incidente ha causato il blocco totale della via Piave per tutto il pomeriggio, richiedendo un intervento prolungato per ripristinare la normalit\u00e0. L&#8217;evento intorno alle 15:15, lungo la strada che collega la statale 50 di Grappa e passo Rolle. I pompieri sono arrivati sul luogo con un&#8217;autobotte e le\u00a0 operazioni di pulizia sono proseguite per quattro ore<\/p>\n<p>&nbsp;<\/p>\n<p>&nbsp;<\/p>\n<hr \/>\n<p>&nbsp;<\/p>\n<blockquote>\n<h3><a class=\"dt-pswp-item\" href=\"https:\/\/www.radiopiu.net\/wordpress\/wp-content\/uploads\/2023\/09\/Senza-nome-47.png\" data-dt-img-description=\"\" data-large_image_width=\"355\" data-large_image_height=\"240\"><img loading=\"lazy\" decoding=\"async\" class=\"wp-image-353262 alignleft\" src=\"https:\/\/www.radiopiu.net\/wordpress\/wp-content\/uploads\/2023\/09\/Senza-nome-47-300x203.png\" alt=\"\" width=\"157\" height=\"106\" srcset=\"https:\/\/www.radiopiu.net\/wordpress\/wp-content\/uploads\/2023\/09\/Senza-nome-47-300x203.png 300w, https:\/\/www.radiopiu.net\/wordpress\/wp-content\/uploads\/2023\/09\/Senza-nome-47.png 355w\" sizes=\"auto, (max-width: 157px) 100vw, 157px\" \/><\/a>GRANATE FATTE BRILLARE<\/h3>\n<\/blockquote>\n<p><strong>ALANO DI PIAVE<\/strong>\u00a0 Durante i lavori in casa ad Alano di Piave \u00e8 stata trovata una granata da guerra inesplosa. Il proprietario ha segnalato l&#8217;ordigno ai carabinieri, che hanno chiamato gli specialisti del 3^ Reggimento guastatori dell&#8217;Esercito. Luned\u00ec, la granata \u00e8 stata fatta brillare in una cava a Lentiai insieme ad altre due granate calibro 75 mm, segnalate da escursionisti nella zona delle Bocchette, a Seren.<\/p>\n<div class=\"group w-full text-token-text-primary border-b border-black\/10 dark:border-gray-900\/50 bg-gray-50 dark:bg-[#444654]\" data-testid=\"conversation-turn-3\">\n<div class=\"p-4 justify-center text-base md:gap-6 md:py-6 m-auto\">\n<div class=\"flex flex-1 gap-4 text-base mx-auto md:gap-6 md:max-w-2xl lg:max-w-[38rem] xl:max-w-3xl }\">\n<div class=\"relative flex w-[calc(100%-50px)] flex-col gap-1 md:gap-3 lg:w-[calc(100%-115px)]\">\n<div class=\"flex justify-between lg:block\">\n<div class=\"text-xs flex items-center justify-center gap-1 self-center pt-2 !invisible\"><\/div>\n<div><\/div>\n<div>\n<hr \/>\n<\/div>\n<div><\/div>\n<div><\/div>\n<blockquote>\n<h3 class=\"text-gray-400 flex self-end lg:self-center justify-center mt-2 gap-2 md:gap-3 lg:gap-1 lg:absolute lg:top-0 lg:translate-x-full lg:right-0 lg:mt-0 lg:pl-2 visible\">\u00a0METALBA,\u00a0 BOCCIATO L&#8217;AMPLIAMENTO E L&#8217;AZIENDA NON SI ARRENDE ANNUNCIANDO RICORSO AL TAR. RESPIRANO LE FAMIGLIE COSTRETTA A CONVIVERE CON L&#8217;IMPIANTO.<\/h3>\n<\/blockquote>\n<div class=\"text-gray-400 flex self-end lg:self-center justify-center mt-2 gap-2 md:gap-3 lg:gap-1 lg:absolute lg:top-0 lg:translate-x-full lg:right-0 lg:mt-0 lg:pl-2 visible\"><strong>LONGARONE<\/strong>\u00a0<em> \u00abnon \u00e8 possibile procedere all&#8217;approvazione del progetto di incremento della capacit\u00e0 fusoria a 120 tonnellate giornaliere\u00bb\u00a0<\/em> La risposta della conferenza dei servizi in Provincia \u00e8 chiara. No al progetto presentato dalla fonderia Metalba che ribatte <em>&#8220;Ricorreremo al\u00a0 tribunale amministrativo regionale, che da Fortogna noi non ce ne andiamo siamo qui da 40 anni&#8221;<\/em><\/div>\n<div>\n<div class=\"articlePlainText\">La Conferenza di servizi ha preso atto del no dei comitati, che hanno presentato osservazioni distinte, ma anche della posizione critica del Comune e di quelle problematiche dell&#8217;Azienda sanitaria e della stessa Arpav.<\/div>\n<div><\/div>\n<div><span style=\"color: #ff0000;\"><strong>IERI ALLA RADIO<\/strong><\/span><\/div>\n<\/div>\n<div>\n<blockquote class=\"wp-embedded-content\" data-secret=\"A5Ppr2MeoX\"><p><a href=\"https:\/\/www.radiopiu.net\/wordpress\/metalba-i-comitati-si-appellano-ad-ulss1-ed-arpav-una-fonderia-nel-centro-abitato\/\">METALBA, I COMITATI SI APPELLANO AD ULSS1 ED ARPAV &#8220;UNA FONDERIA NEL CENTRO ABITATO&#8221;<\/a><\/p><\/blockquote>\n<p><iframe loading=\"lazy\" class=\"wp-embedded-content\" sandbox=\"allow-scripts\" security=\"restricted\" style=\"position: absolute; clip: rect(1px, 1px, 1px, 1px);\" title=\"&#8220;METALBA, I COMITATI SI APPELLANO AD ULSS1 ED ARPAV &#8220;UNA FONDERIA NEL CENTRO ABITATO&#8221;&#8221; &#8212; Radio Pi\u00f9\" src=\"https:\/\/www.radiopiu.net\/wordpress\/metalba-i-comitati-si-appellano-ad-ulss1-ed-arpav-una-fonderia-nel-centro-abitato\/embed\/#?secret=DJOVZkkK7K#?secret=A5Ppr2MeoX\" data-secret=\"A5Ppr2MeoX\" width=\"600\" height=\"338\" frameborder=\"0\" marginwidth=\"0\" marginheight=\"0\" scrolling=\"no\"><\/iframe><\/p>\n<\/div>\n<div><\/div>\n<div><\/div>\n<div>\n<hr \/>\n<\/div>\n<div><\/div>\n<blockquote>\n<h3><a class=\"dt-pswp-item\" href=\"https:\/\/www.radiopiu.net\/wordpress\/wp-content\/uploads\/2023\/09\/th-22.jpg\" data-dt-img-description=\"\" data-large_image_width=\"270\" data-large_image_height=\"180\"><img loading=\"lazy\" decoding=\"async\" class=\" wp-image-353263 alignleft\" src=\"https:\/\/www.radiopiu.net\/wordpress\/wp-content\/uploads\/2023\/09\/th-22.jpg\" alt=\"\" width=\"120\" height=\"80\" \/><\/a>RIECCO IL LUPO: DIVORATO IL CAVALLO E ANCHE UNA MANZA<\/h3>\n<\/blockquote>\n<div>\n<div class=\"articlePlainText\"><strong>SELVA DI CADORE<\/strong> Almeno 5 mila euro di danni a malga &#8220;Pien de Vacia&#8221;, in Val Fiorentina. I lupi hanno fatto festa entrando nel recinto non elettrificato, si sono sbranati un cavallo, da poco acquistato, e\u00a0 una manza. Ecco perch\u00e9 tante malghe hanno gi\u00e0 chiuso, ma nessuno fa niente, totale il disinteresse. In molti attendono la decisione della corte Europea (22 settembre) dove potrebbero essere firmate le deroghe che cancellano il divieto di cacciare lupi ed orsi.<\/div>\n<\/div>\n<div><\/div>\n<div><\/div>\n<div>\n<hr \/>\n<\/div>\n<div><\/div>\n<blockquote>\n<h3><a class=\"dt-pswp-item\" href=\"https:\/\/www.radiopiu.net\/wordpress\/wp-content\/uploads\/2023\/09\/th-17.jpg\" data-dt-img-description=\"\" data-large_image_width=\"320\" data-large_image_height=\"180\"><img loading=\"lazy\" decoding=\"async\" class=\"wp-image-352956 alignleft\" src=\"https:\/\/www.radiopiu.net\/wordpress\/wp-content\/uploads\/2023\/09\/th-17-300x169.jpg\" alt=\"\" width=\"153\" height=\"86\" srcset=\"https:\/\/www.radiopiu.net\/wordpress\/wp-content\/uploads\/2023\/09\/th-17-300x169.jpg 300w, https:\/\/www.radiopiu.net\/wordpress\/wp-content\/uploads\/2023\/09\/th-17.jpg 320w\" sizes=\"auto, (max-width: 153px) 100vw, 153px\" \/><\/a>COLTELLATE IN CENTRO,\u00a0 \u00a0TENTATO OMICIDIO? AL VIA LA VERIFICA<\/h3>\n<\/blockquote>\n<div><\/div>\n<div><strong>PIEVE DI CADORE\u00a0<\/strong> Il Pubblico Ministero Alberto Primavera ha aperto un fascicolo, al momento a carico d&#8217;ignoti, per l&#8217;ipotesi di reato di lesioni aggravate, ma\u00a0 potrebbe essere ipotizzato\u00a0 il tentato omicidio. \u00a0I carabinieri della Compagnia di Cortina stanno\u00a0 visionando le immagini delle telecamere della videosorveglianza<\/div>\n<div><\/div>\n<div><\/div>\n<div>\n<hr \/>\n<\/div>\n<blockquote>\n<h3>2024 A LIVINALLONGO SI VOTA, OSCAR NAGLER SI CANDIDA A SINDACO<\/h3>\n<\/blockquote>\n<div>\n<p><strong>LIVINALLONGO\u00a0<\/strong> Una nuova lista per le elezioni a Fodom. Oscar Nagler si presenta e presenta una pagina facebook\u00a0<a href=\"https:\/\/www.facebook.com\/fodomdeldavegni\"> FODOM DA VEGNI\u00a0\u00a0<\/a><\/p>\n<p>&nbsp;<\/p>\n<blockquote><p><strong>La lista &#8220;Fodom del Davegn\u00ec&#8221; si presenter\u00e0 alle elezioni comunali di Livinallongo del Col di Lana.<\/strong><\/p><\/blockquote>\n<p>VIDEO DI PRESENTAZIONE<\/p>\n<\/div>\n<div>\n<div style=\"width: 848px;\" class=\"wp-video\"><video class=\"wp-video-shortcode\" id=\"video-353095-2\" width=\"848\" height=\"480\" preload=\"metadata\" controls=\"controls\"><source type=\"video\/mp4\" src=\"https:\/\/www.radiopiu.net\/wordpress\/wp-content\/uploads\/2023\/09\/WhatsApp-Video-2023-09-20-at-05.56.02.mp4?_=2\" \/><a href=\"https:\/\/www.radiopiu.net\/wordpress\/wp-content\/uploads\/2023\/09\/WhatsApp-Video-2023-09-20-at-05.56.02.mp4\">https:\/\/www.radiopiu.net\/wordpress\/wp-content\/uploads\/2023\/09\/WhatsApp-Video-2023-09-20-at-05.56.02.mp4<\/a><\/video><\/div>\n<\/div>\n<div><\/div>\n<div>\n\n\t\t\t<style type='text\/css'>\n\t\t\t\t#gallery-2 {\n\t\t\t\t\tmargin: auto;\n\t\t\t\t}\n\t\t\t\t#gallery-2 .gallery-item {\n\t\t\t\t\tfloat: left;\n\t\t\t\t\tmargin-top: 10px;\n\t\t\t\t\ttext-align: center;\n\t\t\t\t\twidth: 50%;\n\t\t\t\t}\n\t\t\t\t#gallery-2 img {\n\t\t\t\t\tborder: 2px solid #cfcfcf;\n\t\t\t\t}\n\t\t\t\t#gallery-2 .gallery-caption {\n\t\t\t\t\tmargin-left: 0;\n\t\t\t\t}\n\t\t\t\t\/* see gallery_shortcode() in wp-includes\/media.php *\/\n\t\t\t<\/style>\n\t\t<div id='gallery-2' class='dt-gallery-container gallery galleryid-353095 gallery-columns-2 gallery-size-thumbnail'><dl class='gallery-item'>\n\t\t\t\t<dt class='gallery-icon portrait'>\n\t\t\t\t\t<a class=\"rollover rollover-zoom dt-pswp-item\" title=\"380531499_2001127403554136_8026165787388111767_n\" data-dt-img-description=\"\" data-large_image_width=\"1525\" data-large_image_height=\"1600\"href='https:\/\/www.radiopiu.net\/wordpress\/wp-content\/uploads\/2023\/09\/380531499_2001127403554136_8026165787388111767_n.jpg'><img loading=\"lazy\" decoding=\"async\" width=\"150\" height=\"150\" src=\"https:\/\/www.radiopiu.net\/wordpress\/wp-content\/uploads\/2023\/09\/380531499_2001127403554136_8026165787388111767_n-150x150.jpg\" class=\"attachment-thumbnail size-thumbnail\" alt=\"\" \/><\/a>\n\t\t\t\t<\/dt><\/dl><dl class='gallery-item'>\n\t\t\t\t<dt class='gallery-icon landscape'>\n\t\t\t\t\t<a class=\"rollover rollover-zoom dt-pswp-item\" title=\"nagler\" data-dt-img-description=\"\" data-large_image_width=\"455\" data-large_image_height=\"256\"href='https:\/\/www.radiopiu.net\/wordpress\/wp-content\/uploads\/2023\/09\/nagler.png'><img loading=\"lazy\" decoding=\"async\" width=\"150\" height=\"150\" src=\"https:\/\/www.radiopiu.net\/wordpress\/wp-content\/uploads\/2023\/09\/nagler-150x150.png\" class=\"attachment-thumbnail size-thumbnail\" alt=\"\" \/><\/a>\n\t\t\t\t<\/dt><\/dl><br style=\"clear: both\" \/>\n\t\t\t<\/div>\n\n<\/div>\n<div><\/div>\n<div>\n<hr \/>\n<\/div>\n<div><\/div>\n<div>\n<blockquote>\n<h3 class=\"articlePlainSubHead\"><\/h3>\n<h3 class=\"articlePlainTitle\">Si innamora del paziente Ma lui la picchia e la maltratta<\/h3>\n<p><a class=\"dt-pswp-item\" href=\"https:\/\/www.radiopiu.net\/wordpress\/wp-content\/uploads\/2020\/11\/VIOLENZA-DONNE.jpg\" data-dt-img-description=\"\" data-large_image_width=\"1920\" data-large_image_height=\"1565\"><img loading=\"lazy\" decoding=\"async\" class=\"wp-image-174279 alignleft\" src=\"https:\/\/www.radiopiu.net\/wordpress\/wp-content\/uploads\/2020\/11\/VIOLENZA-DONNE-300x245.jpg\" alt=\"\" width=\"140\" height=\"114\" srcset=\"https:\/\/www.radiopiu.net\/wordpress\/wp-content\/uploads\/2020\/11\/VIOLENZA-DONNE-300x245.jpg 300w, https:\/\/www.radiopiu.net\/wordpress\/wp-content\/uploads\/2020\/11\/VIOLENZA-DONNE-1024x835.jpg 1024w, https:\/\/www.radiopiu.net\/wordpress\/wp-content\/uploads\/2020\/11\/VIOLENZA-DONNE-768x626.jpg 768w, https:\/\/www.radiopiu.net\/wordpress\/wp-content\/uploads\/2020\/11\/VIOLENZA-DONNE-1536x1252.jpg 1536w, https:\/\/www.radiopiu.net\/wordpress\/wp-content\/uploads\/2020\/11\/VIOLENZA-DONNE.jpg 1920w\" sizes=\"auto, (max-width: 140px) 100vw, 140px\" \/><\/a><span style=\"color: #ff0000;\">OGGI SUL CORRIERE DELLE ALPI, DI GIGI SOSSO<\/span><\/p><\/blockquote>\n<div class=\"addthis_sharing_toolbox\" data-url=\"http:\/\/sfoglio.corrierealpi.gelocal.it\/share_article.php?article_id=13021353\" data-title=\"Dal braccio di ferro alle coltellate: storia di una notte di ordinaria folliaSi innamora del pazient...\"><strong>AGORDINO<\/strong>\u00a0 L&#8217;assistente sociale intreccia una relazione con l&#8217;uomo. Lui finir\u00e0 per picchiarla e maltrattarla, andr\u00e0 in carcere.\u00a0 Una giovane assistente sociale, che lavorava al Servizio psichiatrico Diagnosi e cura di Belluno, si era innamorata di uno tra i ragazzi dei quali si stava occupando,\u00a0 di nazionalit\u00e0 marocchina, ma da sempre residente in Agordino con la sua famiglia,\u00a0 \u00e8\u00a0 detenuto nel carcere di Baldenich per tutta una serie di reati che vanno dalla violazione della sorveglianza speciale alla violenza sessuale, passando per i furti aggravati, le resistenze a pubblico ufficiale e lo spaccio di sostanze stupefacenti. La giovane donna sarebbe rimasta coinvolta in tutta una serie di episodi spiacevoli o addirittura fuorilegge,\u00a0 veri e propri reati penali. Ci sarebbero state delle segnalazioni alle forze di polizia e alla magistratura da parte delle amiche, che l&#8217;hanno portata a essere sentita in audizione protetta in Procura<\/div>\n<div data-url=\"http:\/\/sfoglio.corrierealpi.gelocal.it\/share_article.php?article_id=13021353\" data-title=\"Dal braccio di ferro alle coltellate: storia di una notte di ordinaria folliaSi innamora del pazient...\"><\/div>\n<div data-url=\"http:\/\/sfoglio.corrierealpi.gelocal.it\/share_article.php?article_id=13021353\" data-title=\"Dal braccio di ferro alle coltellate: storia di una notte di ordinaria folliaSi innamora del pazient...\"><\/div>\n<\/div>\n<div>\n<hr \/>\n<\/div>\n<div><\/div>\n<div><\/div>\n<\/div>\n<\/div>\n<\/div>\n<\/div>\n<\/div>\n<blockquote>\n<h3>A BELLUNO MINACCIA SCIOPERO PER I DISAGI NEI TRASPORTI, A VENEZIA DE BERTI &#8220;AMMODERNIAMO LA FLOTTA DI AUTOBUS IN REGIONE&#8221;<\/h3>\n<\/blockquote>\n<p><strong><a class=\"dt-pswp-item\" href=\"https:\/\/www.radiopiu.net\/wordpress\/wp-content\/uploads\/2020\/06\/ELISA-DE-BERTI.jpg\" data-dt-img-description=\"\" data-large_image_width=\"960\" data-large_image_height=\"959\"><img loading=\"lazy\" decoding=\"async\" class=\" wp-image-141960 alignleft\" src=\"https:\/\/www.radiopiu.net\/wordpress\/wp-content\/uploads\/2020\/06\/ELISA-DE-BERTI-300x300.jpg\" alt=\"\" width=\"95\" height=\"95\" srcset=\"https:\/\/www.radiopiu.net\/wordpress\/wp-content\/uploads\/2020\/06\/ELISA-DE-BERTI-300x300.jpg 300w, https:\/\/www.radiopiu.net\/wordpress\/wp-content\/uploads\/2020\/06\/ELISA-DE-BERTI-150x150.jpg 150w, https:\/\/www.radiopiu.net\/wordpress\/wp-content\/uploads\/2020\/06\/ELISA-DE-BERTI-768x767.jpg 768w, https:\/\/www.radiopiu.net\/wordpress\/wp-content\/uploads\/2020\/06\/ELISA-DE-BERTI.jpg 960w\" sizes=\"auto, (max-width: 95px) 100vw, 95px\" \/><\/a>VENEZIA<\/strong> Un finanziamento importante, pari a 161 milioni di euro, che consentir\u00e0 di installare nelle varie sedi territoriali le strutture di ricarica degli autobus ad alimentazione alternativa e le colonnine per il rifornimento elettrico degli stessi. Sar\u00e0 ridotta l\u2019et\u00e0 media dei mezzi, sostituendo quelli pi\u00f9 vecchi ed inquinanti. <span id=\"page4R_mcid6\" class=\"markedContent\"><span dir=\"ltr\" role=\"presentation\"><br \/>\n<span id=\"page4R_mcid25\" class=\"markedContent\"><\/span><\/span><\/span><\/p>\n<p>&nbsp;<\/p>\n<p><strong>DI BARBARA PAOLAZZI &#8211; RADIO CLUB 103<\/strong><\/p>\n<audio class=\"wp-audio-shortcode\" id=\"audio-353095-1\" preload=\"none\" style=\"width: 100%;\" controls=\"controls\"><source type=\"audio\/mpeg\" src=\"https:\/\/www.radiopiu.net\/wordpress\/wp-content\/uploads\/2023\/09\/BARBARA-PAOLAZZI-TRASPORTI-DE-BERTI.mp3?_=1\" \/><a href=\"https:\/\/www.radiopiu.net\/wordpress\/wp-content\/uploads\/2023\/09\/BARBARA-PAOLAZZI-TRASPORTI-DE-BERTI.mp3\">https:\/\/www.radiopiu.net\/wordpress\/wp-content\/uploads\/2023\/09\/BARBARA-PAOLAZZI-TRASPORTI-DE-BERTI.mp3<\/a><\/audio>\n<blockquote><p>&nbsp;<\/p><\/blockquote>\n<p>&nbsp;<\/p>\n<hr \/>\n<p>&nbsp;<\/p>\n<div id=\"title\" class=\"style-scope ytd-watch-metadata\">\n<blockquote>\n<h3 class=\"style-scope ytd-watch-metadata\">TROPPO ASFALTO IN MEZZO AL PORFIDO<\/h3>\n<p>DI FABIO FIORAVANZI<\/p><\/blockquote>\n<p><strong><span style=\"color: #ff0000;\">LAMON<\/span> &#8211; Chi non conosce i fagioli di Lamon?Peccato che la piazza non sia tenuta come la localit\u00e0 meriterebbe<\/strong><\/p>\n<\/div>\n<div id=\"top-row\" class=\"style-scope ytd-watch-metadata\">\n<div id=\"owner\" class=\"item style-scope ytd-watch-metadata\">IERI SERA, TG DI ANTENNA 3, CANALE 10 DIGITALE TERRESTRE<\/div>\n<div>OGNI SERA ALLE 19.10 SU RADIOPIU, LE ANTICIPAZIONI<\/div>\n<\/div>\n<p><iframe loading=\"lazy\" title=\"TROPPO ASFALTO IN MEZZO AL PORFIDO | 19\/09\/2023\" width=\"1200\" height=\"675\" src=\"https:\/\/www.youtube.com\/embed\/P2DzYqg3nSg?start=87&#038;feature=oembed\" frameborder=\"0\" allow=\"accelerometer; autoplay; clipboard-write; encrypted-media; gyroscope; picture-in-picture; web-share\" allowfullscreen><\/iframe><\/p>\n<p>&nbsp;<\/p>\n<p>&nbsp;<\/p>\n<hr \/>\n<p>&nbsp;<\/p>\n<blockquote>\n<h3>DOLOMITI BUS: PER IL SINDACO DE PELLEGRIN UN DISSERVIZIO INACCETTABILE<\/h3>\n<\/blockquote>\n<p><strong><a class=\"dt-pswp-item\" href=\"https:\/\/www.radiopiu.net\/wordpress\/wp-content\/uploads\/2020\/06\/9ecd9b94-d553-435b-93a2-c268918bc743.jpg\" data-dt-img-description=\"\" data-large_image_width=\"1280\" data-large_image_height=\"960\"><img loading=\"lazy\" decoding=\"async\" class=\" wp-image-145518 alignleft\" src=\"https:\/\/www.radiopiu.net\/wordpress\/wp-content\/uploads\/2020\/06\/9ecd9b94-d553-435b-93a2-c268918bc743-300x225.jpg\" alt=\"\" width=\"155\" height=\"116\" srcset=\"https:\/\/www.radiopiu.net\/wordpress\/wp-content\/uploads\/2020\/06\/9ecd9b94-d553-435b-93a2-c268918bc743-300x225.jpg 300w, https:\/\/www.radiopiu.net\/wordpress\/wp-content\/uploads\/2020\/06\/9ecd9b94-d553-435b-93a2-c268918bc743-1024x768.jpg 1024w, https:\/\/www.radiopiu.net\/wordpress\/wp-content\/uploads\/2020\/06\/9ecd9b94-d553-435b-93a2-c268918bc743-768x576.jpg 768w, https:\/\/www.radiopiu.net\/wordpress\/wp-content\/uploads\/2020\/06\/9ecd9b94-d553-435b-93a2-c268918bc743.jpg 1280w\" sizes=\"auto, (max-width: 155px) 100vw, 155px\" \/><\/a>BELLUNO<\/strong> Un \u201cdisservizio inaccettabile\u201d che \u201candava affrontato prima\u201d, ma anche la speranza che il confronto al tavolo della Prefettura possa portare risultati positivi: il sindaco di Belluno Oscar De Pellegrin fa sentire la sua voce sulla questione Dolomitibus.<\/p>\n<p><strong>di Daniele Dalvit<\/strong><\/p>\n<audio class=\"wp-audio-shortcode\" id=\"audio-353095-2\" preload=\"none\" style=\"width: 100%;\" controls=\"controls\"><source type=\"audio\/mpeg\" src=\"https:\/\/www.radiopiu.net\/wordpress\/wp-content\/uploads\/2023\/09\/Radio-Piu-Servizio-De-Pellegrin-problemi-Dolomitibus.mp3?_=2\" \/><a href=\"https:\/\/www.radiopiu.net\/wordpress\/wp-content\/uploads\/2023\/09\/Radio-Piu-Servizio-De-Pellegrin-problemi-Dolomitibus.mp3\">https:\/\/www.radiopiu.net\/wordpress\/wp-content\/uploads\/2023\/09\/Radio-Piu-Servizio-De-Pellegrin-problemi-Dolomitibus.mp3<\/a><\/audio>\n<p>&nbsp;<\/p>\n<hr \/>\n<p>&nbsp;<\/p>\n<blockquote>\n<h3>LA FILCTEM CGIL NON CAMBIA IDEA SULLO STABILIMENTO SAFILO DI LONGARONE<\/h3>\n<\/blockquote>\n<p><strong><a class=\"dt-pswp-item\" href=\"https:\/\/www.radiopiu.net\/wordpress\/wp-content\/uploads\/2020\/12\/CGIL.jpg\" data-dt-img-description=\"\" data-large_image_width=\"512\" data-large_image_height=\"285\"><img loading=\"lazy\" decoding=\"async\" class=\" wp-image-180372 alignleft\" src=\"https:\/\/www.radiopiu.net\/wordpress\/wp-content\/uploads\/2020\/12\/CGIL-300x167.jpg\" alt=\"\" width=\"140\" height=\"78\" srcset=\"https:\/\/www.radiopiu.net\/wordpress\/wp-content\/uploads\/2020\/12\/CGIL-300x167.jpg 300w, https:\/\/www.radiopiu.net\/wordpress\/wp-content\/uploads\/2020\/12\/CGIL.jpg 512w\" sizes=\"auto, (max-width: 140px) 100vw, 140px\" \/><\/a>BELLUNO <\/strong>La FILCTEM CGIL di Belluno ha scelto di non firmare l&#8217;accordo sulla vertenza Safilo perch\u00e9 ritiene che l&#8217;accordo protegga principalmente le aziende coinvolte e non i lavoratori. Inoltre, la FILCTEM CGIL \u00e8 contraria all&#8217;accordo poich\u00e9 comporterebbe il trasferimento di oltre 200 lavoratori a Innovatek, il cui piano industriale \u00e8 stato giudicato poco credibile e insostenibile nel lungo termine. L&#8217;accordo \u00e8 stato invece sottoscritto da altri sindacati come FEMCA CISL, UILTEC UIL e la Regione Veneto. La FILCTEM CGIL afferma che ciascuno deve assumersi le proprie responsabilit\u00e0. Nonostante la decisione di non firmare l&#8217;accordo, la FILCTEM CGIL parteciper\u00e0 a tutti gli incontri previsti per il trasferimento del ramo d&#8217;azienda, come previsto dalla legge. Questo \u00e8 fatto per proteggere i lavoratori rappresentati e per continuare a svolgere il proprio ruolo sindacale di vigilanza sulla vicenda. La partecipazione agli incontri previsti dalla legge non deve essere confusa con un&#8217;adesione all&#8217;accordo sulla vertenza Safilo, che la FILCTEM CGIL continua a criticare per le ragioni precedentemente espresse.<\/p>\n<p>&nbsp;<\/p>\n<p>&nbsp;<\/p>\n<hr \/>\n<p>&nbsp;<\/p>\n<blockquote>\n<h3>APPALTATI TUTTI I CANTIERI PNRR IN TEMPO RECORD<\/h3>\n<\/blockquote>\n<p><strong>BELLUNO<\/strong> La Provincia ha completato le gare d&#8217;appalto per dieci interventi di edilizia scolastica finanziati o cofinanziati dal Piano Nazionale Ripresa e Resilienza (PNRR) per un totale di oltre 40,57 milioni di euro. Questi interventi coinvolgono otto istituti superiori di propriet\u00e0 provinciale e devono essere conclusi entro il 2026. Alcuni dei progetti includono l&#8217;adeguamento sismico, il miglioramento energetico e la rigenerazione di strutture scolastiche. Ad esempio, a Belluno, i lavori sono gi\u00e0 iniziati al liceo Tiziano, con un cantiere del valore di 4,2 milioni di euro, mentre \u00e8 stato attivato il primo stralcio di lavori all&#8217;istituto Segato per 7,7 milioni di euro. A Pieve di Cadore, verr\u00e0 demolito e ricostruito l&#8217;edificio che ospita l&#8217;istituto per ottici, con un costo di 6,1 milioni di euro. La maggior parte degli interventi riguarda le scuole del Feltrino, tra cui il nuovo istituto Negrelli, finanziato con 15,9 milioni di euro. Altri interventi includono la rifatta della mensa dell&#8217;istituto agrario di Vellai a Feltre, il completamento della palestra bis al liceo Dal Piaz, il rinnovo delle aree sportive esterne al Colotti, e la rifatta della mensa dell&#8217;istituto alberghiero a Falcade.<\/p>\n\n\t\t\t<style type='text\/css'>\n\t\t\t\t#gallery-3 {\n\t\t\t\t\tmargin: auto;\n\t\t\t\t}\n\t\t\t\t#gallery-3 .gallery-item {\n\t\t\t\t\tfloat: left;\n\t\t\t\t\tmargin-top: 10px;\n\t\t\t\t\ttext-align: center;\n\t\t\t\t\twidth: 50%;\n\t\t\t\t}\n\t\t\t\t#gallery-3 img {\n\t\t\t\t\tborder: 2px solid #cfcfcf;\n\t\t\t\t}\n\t\t\t\t#gallery-3 .gallery-caption {\n\t\t\t\t\tmargin-left: 0;\n\t\t\t\t}\n\t\t\t\t\/* see gallery_shortcode() in wp-includes\/media.php *\/\n\t\t\t<\/style>\n\t\t<div id='gallery-3' class='dt-gallery-container gallery galleryid-353095 gallery-columns-2 gallery-size-medium'><dl class='gallery-item'>\n\t\t\t\t<dt class='gallery-icon landscape'>\n\t\t\t\t\t<a class=\"rollover rollover-zoom dt-pswp-item\" title=\"palestra bis Colotti\" data-dt-img-description=\"\" data-large_image_width=\"1380\" data-large_image_height=\"657\"href='https:\/\/www.radiopiu.net\/wordpress\/wp-content\/uploads\/2023\/09\/palestra-bis-Colotti.jpg'><img loading=\"lazy\" decoding=\"async\" width=\"300\" height=\"143\" src=\"https:\/\/www.radiopiu.net\/wordpress\/wp-content\/uploads\/2023\/09\/palestra-bis-Colotti-300x143.jpg\" class=\"attachment-medium size-medium\" alt=\"\" aria-describedby=\"gallery-3-353206\" srcset=\"https:\/\/www.radiopiu.net\/wordpress\/wp-content\/uploads\/2023\/09\/palestra-bis-Colotti-300x143.jpg 300w, https:\/\/www.radiopiu.net\/wordpress\/wp-content\/uploads\/2023\/09\/palestra-bis-Colotti-1024x488.jpg 1024w, https:\/\/www.radiopiu.net\/wordpress\/wp-content\/uploads\/2023\/09\/palestra-bis-Colotti-768x366.jpg 768w, https:\/\/www.radiopiu.net\/wordpress\/wp-content\/uploads\/2023\/09\/palestra-bis-Colotti.jpg 1380w\" sizes=\"auto, (max-width: 300px) 100vw, 300px\" \/><\/a>\n\t\t\t\t<\/dt>\n\t\t\t\t\t<dd class='wp-caption-text gallery-caption' id='gallery-3-353206'>\n\t\t\t\t\tPALESTRA BIS COLOTTI\n\t\t\t\t\t<\/dd><\/dl><dl class='gallery-item'>\n\t\t\t\t<dt class='gallery-icon landscape'>\n\t\t\t\t\t<a class=\"rollover rollover-zoom dt-pswp-item\" title=\"Negrelli rendering\" data-dt-img-description=\"\" data-large_image_width=\"2000\" data-large_image_height=\"882\"href='https:\/\/www.radiopiu.net\/wordpress\/wp-content\/uploads\/2023\/09\/Negrelli-rendering.jpg'><img loading=\"lazy\" decoding=\"async\" width=\"300\" height=\"132\" src=\"https:\/\/www.radiopiu.net\/wordpress\/wp-content\/uploads\/2023\/09\/Negrelli-rendering-300x132.jpg\" class=\"attachment-medium size-medium\" alt=\"\" aria-describedby=\"gallery-3-353207\" srcset=\"https:\/\/www.radiopiu.net\/wordpress\/wp-content\/uploads\/2023\/09\/Negrelli-rendering-300x132.jpg 300w, https:\/\/www.radiopiu.net\/wordpress\/wp-content\/uploads\/2023\/09\/Negrelli-rendering-1024x452.jpg 1024w, https:\/\/www.radiopiu.net\/wordpress\/wp-content\/uploads\/2023\/09\/Negrelli-rendering-768x339.jpg 768w, https:\/\/www.radiopiu.net\/wordpress\/wp-content\/uploads\/2023\/09\/Negrelli-rendering-1536x677.jpg 1536w, https:\/\/www.radiopiu.net\/wordpress\/wp-content\/uploads\/2023\/09\/Negrelli-rendering.jpg 2000w\" sizes=\"auto, (max-width: 300px) 100vw, 300px\" \/><\/a>\n\t\t\t\t<\/dt>\n\t\t\t\t\t<dd class='wp-caption-text gallery-caption' id='gallery-3-353207'>\n\t\t\t\t\tRENDERING NEGRELLI\n\t\t\t\t\t<\/dd><\/dl><br style=\"clear: both\" \/>\n\t\t\t<\/div>\n\n<p>&nbsp;<\/p>\n<p>&nbsp;<\/p>\n<hr \/>\n<p>&nbsp;<\/p>\n<blockquote>\n<h3>IL BILANCIO DELL&#8217;ATTIVITA&#8217; DELLA POLIZIA FERROVIARIA NELLE PRINCIPALI STAZIONI VENETE<\/h3>\n<\/blockquote>\n<p><strong><a class=\"dt-pswp-item\" href=\"https:\/\/www.radiopiu.net\/wordpress\/wp-content\/uploads\/2020\/01\/polfer1.jpg\" data-dt-img-description=\"\" data-large_image_width=\"1599\" data-large_image_height=\"1200\"><img loading=\"lazy\" decoding=\"async\" class=\" wp-image-114124 alignleft\" src=\"https:\/\/www.radiopiu.net\/wordpress\/wp-content\/uploads\/2020\/01\/polfer1-300x225.jpg\" alt=\"\" width=\"235\" height=\"176\" srcset=\"https:\/\/www.radiopiu.net\/wordpress\/wp-content\/uploads\/2020\/01\/polfer1-300x225.jpg 300w, https:\/\/www.radiopiu.net\/wordpress\/wp-content\/uploads\/2020\/01\/polfer1-1024x768.jpg 1024w, https:\/\/www.radiopiu.net\/wordpress\/wp-content\/uploads\/2020\/01\/polfer1-768x576.jpg 768w, https:\/\/www.radiopiu.net\/wordpress\/wp-content\/uploads\/2020\/01\/polfer1-1536x1153.jpg 1536w, https:\/\/www.radiopiu.net\/wordpress\/wp-content\/uploads\/2020\/01\/polfer1.jpg 1599w\" sizes=\"auto, (max-width: 235px) 100vw, 235px\" \/><\/a>BELLUNO <\/strong>Nel periodo da inizio giugno alla prima decade di settembre, il Compartimento Polizia Ferroviaria per il Veneto ha svolto un&#8217;ampia attivit\u00e0 di controllo nelle principali stazioni ferroviarie e a bordo dei treni, identificando complessivamente 31.538 persone. Questa operazione ha portato all&#8217;arresto di 11 persone e alla denuncia di altre 301 davanti all&#8217;Autorit\u00e0 Giudiziaria per vari reati. Durante l&#8217;estate, sono state intensificate le attivit\u00e0 di prevenzione e repressione dei reati ferroviari, con 2.826 pattuglie impegnate nelle stazioni, 177 a bordo dei treni e 111 servizi specifici contro il borseggio. Inoltre, sono stati effettuati 247 pattugliamenti lungo le principali linee ferroviarie per prevenire danneggiamenti alle infrastrutture e garantire la sicurezza del trasporto. L&#8217;attenzione \u00e8 stata particolarmente rivolta ai reati predatori, con un focus su Mestre e Venezia, dove sono state indagate 35 persone per furti aggravati ai danni di turisti stranieri. Sono state anche segnalate 93 persone all&#8217;Autorit\u00e0 Giudiziaria per violazioni del Foglio di Via Obbligatorio o divieti di ritorno nel comune. Durante questo periodo, sono stati effettuati anche controlli straordinari in tutto il territorio nazionale, con operazioni specifiche per contrastare furti di rame, comportamenti scorretti che minano la sicurezza ferroviaria e migliorare la sicurezza nelle stazioni. Inoltre, sono state applicate misure di allontanamento nei confronti di persone senza dimora e sanzioni per ubriachezza molesta e atti contrari al pubblico decoro. Da settembre, il Compartimento Polizia Ferroviaria per il Veneto \u00e8 diretto dal dott. Mauro BARONI, Dirigente Superiore della Polizia di Stato.<\/p>\n<p>&nbsp;<\/p>\n<p>&nbsp;<\/p>\n<hr \/>\n<p>&nbsp;<\/p>\n<blockquote>\n<h3>IL SOCCORSO ALPINO DELLA GUARDIA DI FINANZA E LA CAMPAGNA &#8220;VACANZE SICURE&#8221;<\/h3>\n<\/blockquote>\n<p><strong><a class=\"dt-pswp-item\" href=\"https:\/\/www.radiopiu.net\/wordpress\/wp-content\/uploads\/2021\/07\/d8eacfdd-c14a-4604-8934-c2514bad0868.jpg\" data-dt-img-description=\"\" data-large_image_width=\"1080\" data-large_image_height=\"720\"><img loading=\"lazy\" decoding=\"async\" class=\" wp-image-222504 alignleft\" src=\"https:\/\/www.radiopiu.net\/wordpress\/wp-content\/uploads\/2021\/07\/d8eacfdd-c14a-4604-8934-c2514bad0868-300x200.jpg\" alt=\"\" width=\"161\" height=\"107\" srcset=\"https:\/\/www.radiopiu.net\/wordpress\/wp-content\/uploads\/2021\/07\/d8eacfdd-c14a-4604-8934-c2514bad0868-300x200.jpg 300w, https:\/\/www.radiopiu.net\/wordpress\/wp-content\/uploads\/2021\/07\/d8eacfdd-c14a-4604-8934-c2514bad0868-1024x683.jpg 1024w, https:\/\/www.radiopiu.net\/wordpress\/wp-content\/uploads\/2021\/07\/d8eacfdd-c14a-4604-8934-c2514bad0868-768x512.jpg 768w, https:\/\/www.radiopiu.net\/wordpress\/wp-content\/uploads\/2021\/07\/d8eacfdd-c14a-4604-8934-c2514bad0868.jpg 1080w\" sizes=\"auto, (max-width: 161px) 100vw, 161px\" \/><\/a>BELLUNO<\/strong> Dall&#8217;inizio di giugno fino ad oggi, le Stazioni di Soccorso Alpino della Guardia di Finanza (S.A.G.F.) di Auronzo di Cadore e Cortina d&#8217;Ampezzo hanno effettuato 60 interventi di soccorso in montagna, in collaborazione con altre forze di soccorso e il servizio 118. Questi interventi hanno coinvolto il salvataggio di 70 persone, tra escursionisti e appassionati di sport, che si trovavano in situazioni di emergenza in aree remote o montagnose. Alcuni di questi interventi sono stati estremamente rischiosi e complessi, come il salvataggio di 4 escursionisti polacchi bloccati su un sentiero ferrato a quasi 3.000 metri di altitudine nel gruppo montuoso del Lagazuoi o il soccorso a 2 escursionisti ungheresi in difficolt\u00e0 lungo la Ferrata Roghel a 2.300 metri di altitudine in piena notte. Le Stazioni di Soccorso Alpino sono dotate di tecnologia avanzata, tra cui droni e sistemi di localizzazione dei telefoni cellulari, oltre a tre cani specializzati e ai loro conduttori, che formano una squadra altamente efficace per le operazioni di salvataggio in montagna.<\/p>\n<p>&nbsp;<\/p>\n<p>&nbsp;<\/p>\n<hr \/>\n<p>&nbsp;<\/p>\n<blockquote>\n<h3>PRESENTATO UN NUOVO PROGETTO DESTINATO AGLI ASPIRANTI SOCCORRITORI DEL SOCCORSO ALPINO<\/h3>\n<\/blockquote>\n<p><strong><a class=\"dt-pswp-item\" href=\"https:\/\/www.radiopiu.net\/wordpress\/wp-content\/uploads\/2023\/09\/20230919_001411-scaled.jpg\" data-dt-img-description=\"\" data-large_image_width=\"2560\" data-large_image_height=\"2259\"><img loading=\"lazy\" decoding=\"async\" class=\" wp-image-353187 alignleft\" src=\"https:\/\/www.radiopiu.net\/wordpress\/wp-content\/uploads\/2023\/09\/20230919_001411-300x265.jpg\" alt=\"\" width=\"171\" height=\"151\" srcset=\"https:\/\/www.radiopiu.net\/wordpress\/wp-content\/uploads\/2023\/09\/20230919_001411-300x265.jpg 300w, https:\/\/www.radiopiu.net\/wordpress\/wp-content\/uploads\/2023\/09\/20230919_001411-1024x904.jpg 1024w, https:\/\/www.radiopiu.net\/wordpress\/wp-content\/uploads\/2023\/09\/20230919_001411-768x678.jpg 768w, https:\/\/www.radiopiu.net\/wordpress\/wp-content\/uploads\/2023\/09\/20230919_001411-1536x1356.jpg 1536w, https:\/\/www.radiopiu.net\/wordpress\/wp-content\/uploads\/2023\/09\/20230919_001411-2048x1808.jpg 2048w\" sizes=\"auto, (max-width: 171px) 100vw, 171px\" \/><\/a>BELLUNO <\/strong>Il progetto presentato presso la sede del Soccorso Alpino e Speleologico Veneto \u00e8 dedicato a Mauro Piccolin ed \u00e8 rivolto agli aspiranti soccorritori. L&#8217;obiettivo \u00e8 colmare eventuali lacune nella loro preparazione alpinistica tecnica e curriculare prima di affrontare le verifiche di ingresso. L&#8217;ammissione al Soccorso alpino e speleologico \u00e8 possibile per i soci del Cai tra i 18 e i 45 anni dopo aver superato le prove di ammissione. I requisiti includono capacit\u00e0 di movimento in montagna, arrampicata su roccia e ghiaccio, e sci su tutti i tipi di neve. Il &#8216;Progetto propedeutico aspiranti operatori di Soccorso alpino&#8217; mira a fornire una preparazione completa e a compensare le carenze nella formazione alpinistica degli aspiranti soccorritori. Questo progetto sperimentale per il biennio 2023\/2024 coinvolger\u00e0 una trentina di partecipanti, consentendo loro di sviluppare competenze ed esperienza alpinistiche sotto la guida di istruttori e guide alpine esperte. Il progetto \u00e8 stato reso possibile grazie al sostegno di Dolomiti Emergency e Sinteco, e si tiene in ricordo di Mauro Piccolin, un dedicato soccorritore alpino e istruttore che ha contribuito a formare nuove generazioni di soccorritori.<\/p>\n<p>&nbsp;<\/p>\n<p>&nbsp;<\/p>\n<hr \/>\n<p>&nbsp;<\/p>\n<blockquote>\n<h3>ANCHE IL COMUNE DI ROCCA PIETORE PUNTA AD ABBELLIRE IL PAESE CON I FONDI DI CONFINE<\/h3>\n<\/blockquote>\n<p><strong><a class=\"dt-pswp-item\" href=\"https:\/\/www.radiopiu.net\/wordpress\/wp-content\/uploads\/2020\/04\/ROCCA-PIETORE.png\" data-dt-img-description=\"\" data-large_image_width=\"712\" data-large_image_height=\"410\"><img loading=\"lazy\" decoding=\"async\" class=\" wp-image-127376 alignleft\" src=\"https:\/\/www.radiopiu.net\/wordpress\/wp-content\/uploads\/2020\/04\/ROCCA-PIETORE-300x173.png\" alt=\"\" width=\"196\" height=\"113\" srcset=\"https:\/\/www.radiopiu.net\/wordpress\/wp-content\/uploads\/2020\/04\/ROCCA-PIETORE-300x173.png 300w, https:\/\/www.radiopiu.net\/wordpress\/wp-content\/uploads\/2020\/04\/ROCCA-PIETORE.png 712w\" sizes=\"auto, (max-width: 196px) 100vw, 196px\" \/><\/a>ROCCA PIETORE<\/strong><\/p>\n<p>di Gianni Santomaso<\/p>\n<audio class=\"wp-audio-shortcode\" id=\"audio-353095-3\" preload=\"none\" style=\"width: 100%;\" controls=\"controls\"><source type=\"audio\/mpeg\" src=\"https:\/\/www.radiopiu.net\/wordpress\/wp-content\/uploads\/2023\/09\/GIANNI-ANCHE-IL-COMUNE-DI-ROCCA-PIETORE-PUNTA-AD-ABBELIRE-IL-PAESE-CON-I-FONDI-DI-CONFINE.mp3?_=3\" \/><a href=\"https:\/\/www.radiopiu.net\/wordpress\/wp-content\/uploads\/2023\/09\/GIANNI-ANCHE-IL-COMUNE-DI-ROCCA-PIETORE-PUNTA-AD-ABBELIRE-IL-PAESE-CON-I-FONDI-DI-CONFINE.mp3\">https:\/\/www.radiopiu.net\/wordpress\/wp-content\/uploads\/2023\/09\/GIANNI-ANCHE-IL-COMUNE-DI-ROCCA-PIETORE-PUNTA-AD-ABBELIRE-IL-PAESE-CON-I-FONDI-DI-CONFINE.mp3<\/a><\/audio>\n<p>&nbsp;<\/p>\n<hr \/>\n<p>&nbsp;<\/p>\n<blockquote>\n<h3>GIOVEDI&#8217; IL TEST IT ALERT ANCHE IN VENETO<\/h3>\n<\/blockquote>\n<p><strong><a class=\"dt-pswp-item\" href=\"https:\/\/www.radiopiu.net\/wordpress\/wp-content\/uploads\/2022\/06\/CELLULARE.jpg\" data-dt-img-description=\"\" data-large_image_width=\"1920\" data-large_image_height=\"1280\"><img loading=\"lazy\" decoding=\"async\" class=\" wp-image-281985 alignleft\" src=\"https:\/\/www.radiopiu.net\/wordpress\/wp-content\/uploads\/2022\/06\/CELLULARE-300x200.jpg\" alt=\"\" width=\"164\" height=\"109\" srcset=\"https:\/\/www.radiopiu.net\/wordpress\/wp-content\/uploads\/2022\/06\/CELLULARE-300x200.jpg 300w, https:\/\/www.radiopiu.net\/wordpress\/wp-content\/uploads\/2022\/06\/CELLULARE-1024x683.jpg 1024w, https:\/\/www.radiopiu.net\/wordpress\/wp-content\/uploads\/2022\/06\/CELLULARE-768x512.jpg 768w, https:\/\/www.radiopiu.net\/wordpress\/wp-content\/uploads\/2022\/06\/CELLULARE-1536x1024.jpg 1536w, https:\/\/www.radiopiu.net\/wordpress\/wp-content\/uploads\/2022\/06\/CELLULARE.jpg 1920w\" sizes=\"auto, (max-width: 164px) 100vw, 164px\" \/><\/a>BELLUNO<\/strong> Anche Belluno, come tutto il Veneto, parteciper\u00e0 gioved\u00ec al test di IT Alert, il nuovo sistema di allerta promosso dal Dipartimento nazionale di Protezione Civile che in caso di allarme avviser\u00e0 direttamente sullo smartphone tutti i cittadini presenti sul territorio.<\/p>\n<p><strong>di Daniele Dalvit<\/strong><\/p>\n<audio class=\"wp-audio-shortcode\" id=\"audio-353095-4\" preload=\"none\" style=\"width: 100%;\" controls=\"controls\"><source type=\"audio\/mpeg\" src=\"https:\/\/www.radiopiu.net\/wordpress\/wp-content\/uploads\/2023\/09\/Radio-Piu-Servizio-IT-Alert-Belluno.mp3?_=4\" \/><a href=\"https:\/\/www.radiopiu.net\/wordpress\/wp-content\/uploads\/2023\/09\/Radio-Piu-Servizio-IT-Alert-Belluno.mp3\">https:\/\/www.radiopiu.net\/wordpress\/wp-content\/uploads\/2023\/09\/Radio-Piu-Servizio-IT-Alert-Belluno.mp3<\/a><\/audio>\n<p>&nbsp;<\/p>\n<hr \/>\n<p>&nbsp;<\/p>\n<blockquote>\n<h3>I PESCATORI NEGANO L&#8217;AGEVOLAZIONE AI DISABILI<\/h3>\n<\/blockquote>\n<p><strong><img loading=\"lazy\" decoding=\"async\" class=\"alignleft\" src=\"https:\/\/www.radiopiu.net\/wordpress\/wp-content\/uploads\/2023\/09\/Senza-nome-45.png\" width=\"307\" height=\"156\" \/>REDAZIONE<\/strong> Gianfranco Redigonda, di Taibon Agordino, porta all&#8217;evidenza una piccola utilit\u00e0 (negata in questo caso) a favore delle persone diversamente abili in provincia. Redigonda dimostra di conoscere burocrazia e relativi cavilli e ci spiega <em>&#8220;Secondo la normativa vigente in regione Veneto le persone disabili\u00a0 &#8211; legge 104 comma 3 &#8211; sono esentate dal pagamento e dalle burocrazie della licenza di pesca tipo B solamente presentando un titolo attestante la loro situazione agli organi eventualmente preposti ai controlli&#8221;.<\/em> Sembra chiara la norma, ma non sempre trova conferme ovunque. Al Bacino di Pesca Numero 5 ad esempio, al quale l&#8217;agordino si \u00e8 rivolto<em> &#8220;<\/em><em>Purtroppo ad una mia richiesta ho ricevuto un netto rifiuto all&#8217;applicazione dell&#8217;esenzione in questione, sorvolo sui modi e sui comportamenti della persona interpellata&#8221;.<\/em><\/p>\n<p align=\"justify\">Ma quanti sono gli eventuali aventi diritto in provincia di Belluno?\u00a0 Non un numero tale da creare insormontabili problemi finanziari ai vari Bacini di pesca &#8220;<em>Anzi &#8211; incalza Redigonda &#8211; sarebbe un operazione di immagine ben pi\u00f9 remunerativa per la a Provincia il fatto che le persone disabili<\/em>\u00a0<em> possano dedicarsi ad una attivita salutare ed all&#8217;aria aperta, come la pesca dilettantistica, senza l&#8217;onere di pagamenti o burocrazie inerenti al rilascio di permessi, senza tanti giri per uffici o luoghi destinati al rilascio dei permessi locali e presentando solamente un documento, rilasciato dall&#8217;amministrazione statale che attesta la\u00a0 situazione.\u00a0\u00a0<\/em><\/p>\n<hr \/>\n<blockquote>\n<h3 align=\"justify\"><\/h3>\n<h3 align=\"justify\">NOVE ENTI ASSIEME PER CRESCERE GLI ADULTI DEL FUTURO<\/h3>\n<\/blockquote>\n<p align=\"justify\"><strong><a class=\"dt-pswp-item\" href=\"https:\/\/www.radiopiu.net\/wordpress\/wp-content\/uploads\/2023\/09\/PXL_20230919_091444969-scaled.jpg\" data-dt-img-description=\"\" data-large_image_width=\"2560\" data-large_image_height=\"1920\"><img loading=\"lazy\" decoding=\"async\" class=\" wp-image-353212 alignleft\" src=\"https:\/\/www.radiopiu.net\/wordpress\/wp-content\/uploads\/2023\/09\/PXL_20230919_091444969-300x225.jpg\" alt=\"\" width=\"160\" height=\"120\" srcset=\"https:\/\/www.radiopiu.net\/wordpress\/wp-content\/uploads\/2023\/09\/PXL_20230919_091444969-300x225.jpg 300w, https:\/\/www.radiopiu.net\/wordpress\/wp-content\/uploads\/2023\/09\/PXL_20230919_091444969-1024x768.jpg 1024w, https:\/\/www.radiopiu.net\/wordpress\/wp-content\/uploads\/2023\/09\/PXL_20230919_091444969-768x576.jpg 768w, https:\/\/www.radiopiu.net\/wordpress\/wp-content\/uploads\/2023\/09\/PXL_20230919_091444969-1536x1152.jpg 1536w, https:\/\/www.radiopiu.net\/wordpress\/wp-content\/uploads\/2023\/09\/PXL_20230919_091444969-2048x1536.jpg 2048w\" sizes=\"auto, (max-width: 160px) 100vw, 160px\" \/><\/a>FELTRE<\/strong> Uniti per dare a genitori e soggetti educanti degli strumenti operativi utili per la formazione dei ragazzi minori, con particolare attenzione alle situazioni di fragilit\u00e0 educativa e marginalit\u00e0 sociale. E\u2019 questo l\u2019obiettivo di \u201cEduca il futuro: l\u2019adulto di domani \u00e8 responsabilit\u00e0 dell\u2019adulto di oggi\u201d un progetto selezionato da \u201cCon i Bambini\u201d nell\u2019ambito del Fondo per il contrasto della povert\u00e0 educativa minorile\u201d e presentato oggi presso il municipio di Feltre. Il Comune della citt\u00e0 murata \u00e8 infatti uno dei partner dell\u2019iniziativa promossa e coordinata dalla cooperativa Portaperta che ne \u00e8 la capofila. Molto eterogenea l\u2019area di provenienza degli altri soggetti aderenti al progetto, che spaziano dall\u2019ambito sanitario e sociale (l\u2019ULSS 1 Dolomiti e l\u2019Azienda Feltrina per i Servizi alla Persona), a quello formativo ed educativo (l\u2019Istituto \u201cGalilei\u201d e l\u2019associazione \u201cAmici del Scuole in Rete\u201d di Belluno, l\u2019APS \u201cStudi Abilit\u00e0 Umane\u201d di Feltre), a quello istituzionale\u00a0 (con i Comuni di Borgo Valbelluna e Pedavena, oltre a quello gi\u00e0 citato di Feltre), sino al mondo dello sport, con l\u2019adesione del Rugby Feltre.<\/p>\n<hr \/>\n<blockquote>\n<h3><\/h3>\n<h3>NUOVA SEDE E CONTATTI PER LA LILT SEZIONE DI BELLUNO<\/h3>\n<\/blockquote>\n<p><strong>BELLUNO <\/strong>Ventata di novit\u00e0 per la Lilt (Lega italiana per la lotta contro i tumori) sezione di Belluno. A met\u00e0 ottobre sar\u00e0 inaugurata la nuova sede presso il Centro Millennio in via Vittorio Veneto, 258 (scala A- terzo piano) a Belluno. Variazione anche per il numero di telefono, che sar\u00e0 il seguente: <strong>0437 184362<\/strong>. A seguito del taglio del nastro, l&#8217;attivit\u00e0 di segreteria &#8211; temporaneamente sospesa per il trasferimento &#8211; riprender\u00e0 come di consueto.<\/p>\n<p>&nbsp;<\/p>\n<p>&nbsp;<\/p>\n<hr \/>\n<blockquote>\n<h3 align=\"justify\">L&#8217;ISTITUTO COMPRENSIVO DI PUOS D&#8217;ALPAGO INCONTRA LIBERA<\/h3>\n<\/blockquote>\n<p align=\"justify\"><strong><a class=\"dt-pswp-item\" href=\"https:\/\/www.radiopiu.net\/wordpress\/wp-content\/uploads\/2023\/09\/sindaco-dei-ragazzi-2.jpg\" data-dt-img-description=\"\" data-large_image_width=\"1448\" data-large_image_height=\"1086\"><img loading=\"lazy\" decoding=\"async\" class=\" wp-image-353193 alignleft\" src=\"https:\/\/www.radiopiu.net\/wordpress\/wp-content\/uploads\/2023\/09\/sindaco-dei-ragazzi-2-300x225.jpg\" alt=\"\" width=\"136\" height=\"102\" srcset=\"https:\/\/www.radiopiu.net\/wordpress\/wp-content\/uploads\/2023\/09\/sindaco-dei-ragazzi-2-300x225.jpg 300w, https:\/\/www.radiopiu.net\/wordpress\/wp-content\/uploads\/2023\/09\/sindaco-dei-ragazzi-2-1024x768.jpg 1024w, https:\/\/www.radiopiu.net\/wordpress\/wp-content\/uploads\/2023\/09\/sindaco-dei-ragazzi-2-768x576.jpg 768w, https:\/\/www.radiopiu.net\/wordpress\/wp-content\/uploads\/2023\/09\/sindaco-dei-ragazzi-2.jpg 1448w\" sizes=\"auto, (max-width: 136px) 100vw, 136px\" \/><\/a>BELLUNO <\/strong>L&#8217;associazione &#8220;Libera &#8211; sezione Bellunese Orientale&#8221; ha organizzato quattro eventi il 18 e 19 settembre per commemorare il sessantesimo anniversario della tragedia del Vajont. Il primo incontro si \u00e8 svolto il 18 settembre presso la Casa della Giovent\u00f9 a Puos d&#8217;Alpago, con la partecipazione di Alessio Cordaro, figlio di Rosalia (Lia) Pipitone, vittima di mafia. La platea comprendeva studenti, insegnanti e genitori dell&#8217;Istituto Comprensivo, con la presenza di autorit\u00e0 locali. Durante l&#8217;incontro, Cordaro ha condiviso la sua esperienza personale in modo aperto e diretto, affrontando domande profonde dei ragazzi e mettendo in evidenza il valore della libert\u00e0, incarnato dalla figura di sua madre, Lia Pipitone. Questo momento \u00e8 stato toccante e istruttivo, portando alla riflessione su questioni di educazione civica e di genere, anche se apparentemente distanti dal territorio bellunese.<\/p>\n<hr \/>\n<blockquote>\n<h3 class=\"absolute bottom-0 left-0 w-full border-t md:border-t-0 dark:border-white\/20 md:border-transparent md:dark:border-transparent md:bg-vert-light-gradient bg-white dark:bg-gray-800 md:!bg-transparent dark:md:bg-vert-dark-gradient pt-2 md:pl-2 md:w-[calc(100%-.5rem)]\">AL LAVORO IN BICLETTA O IN BUS<\/h3>\n<\/blockquote>\n<p class=\"absolute bottom-0 left-0 w-full border-t md:border-t-0 dark:border-white\/20 md:border-transparent md:dark:border-transparent md:bg-vert-light-gradient bg-white dark:bg-gray-800 md:!bg-transparent dark:md:bg-vert-dark-gradient pt-2 md:pl-2 md:w-[calc(100%-.5rem)]\"><strong><a class=\"dt-pswp-item\" href=\"https:\/\/www.radiopiu.net\/wordpress\/wp-content\/uploads\/2023\/09\/mobilita-sostenibile-donna.jpg\" data-dt-img-description=\"\" data-large_image_width=\"2048\" data-large_image_height=\"1536\"><img loading=\"lazy\" decoding=\"async\" class=\" wp-image-353214 alignleft\" src=\"https:\/\/www.radiopiu.net\/wordpress\/wp-content\/uploads\/2023\/09\/mobilita-sostenibile-donna-300x225.jpg\" alt=\"\" width=\"151\" height=\"113\" srcset=\"https:\/\/www.radiopiu.net\/wordpress\/wp-content\/uploads\/2023\/09\/mobilita-sostenibile-donna-300x225.jpg 300w, https:\/\/www.radiopiu.net\/wordpress\/wp-content\/uploads\/2023\/09\/mobilita-sostenibile-donna-1024x768.jpg 1024w, https:\/\/www.radiopiu.net\/wordpress\/wp-content\/uploads\/2023\/09\/mobilita-sostenibile-donna-768x576.jpg 768w, https:\/\/www.radiopiu.net\/wordpress\/wp-content\/uploads\/2023\/09\/mobilita-sostenibile-donna-1536x1152.jpg 1536w, https:\/\/www.radiopiu.net\/wordpress\/wp-content\/uploads\/2023\/09\/mobilita-sostenibile-donna.jpg 2048w\" sizes=\"auto, (max-width: 151px) 100vw, 151px\" \/><\/a>PADOVA <\/strong>&#8220;Cambia e vai&#8221; \u00e8 il motto della Settimana europea della mobilit\u00e0 sostenibile, in corso dal 16 al 22 settembre, incentrata su spostamenti che rendano i centri urbani pi\u00f9 vivibili e sul risparmio energetico. Un cambiamento che Arpav ha attuato da anni con il Piano di spostamenti casa lavoro. Nella pratica: il 2023 per Arpav \u00e8 il terzo anno di \u201cBike to work\u201d, un\u2019iniziativa che premia i dipendenti che scelgono la bici con un incentivo in busta paga di 25 centesimi al chilometro. Dopo i primi due anni, con 74 e 75 adesioni, nel 2023 i dipendenti che hanno deciso di abbandonare l\u2019auto per recarsi al lavoro in bicicletta sono 125.<\/p>\n<p>&nbsp;<\/p>\n<p>&nbsp;<\/p>\n<hr \/>\n<blockquote>\n<h3 class=\"absolute bottom-0 left-0 w-full border-t md:border-t-0 dark:border-white\/20 md:border-transparent md:dark:border-transparent md:bg-vert-light-gradient bg-white dark:bg-gray-800 md:!bg-transparent dark:md:bg-vert-dark-gradient pt-2 md:pl-2 md:w-[calc(100%-.5rem)]\">DOMANI L\u2019ANNIVERSARIO STRAGE DIVISIONE ACQUI<\/h3>\n<\/blockquote>\n<p class=\"absolute bottom-0 left-0 w-full border-t md:border-t-0 dark:border-white\/20 md:border-transparent md:dark:border-transparent md:bg-vert-light-gradient bg-white dark:bg-gray-800 md:!bg-transparent dark:md:bg-vert-dark-gradient pt-2 md:pl-2 md:w-[calc(100%-.5rem)]\"><strong>BELLUNO\u00a0<\/strong>Domani ricorre l\u201980esimo anniversario della Strage Divisione Acqui (Cefalonia \u2013 Corf\u00f9). L\u2019occasione sar\u00e0 ricordata e celebrata con l\u2019apposizione di un mazzo di fiori sotto la targa affissa all\u2019ingresso nord del Parco Citt\u00e0 di Bologna domani mattina alle 12.30. Sar\u00e0 presente al breve momento commemorativo l\u2019assessore alla sicurezza e alla cultura Raffaele Addamiano.<\/p>\n<p>&nbsp;<\/p>\n<p>&nbsp;<\/p>\n<hr \/>\n<p>&nbsp;<\/p>\n<blockquote>\n<h3>DOMANI LA GIORNATA INTERNAZIONALE DELL&#8217;ALZHEIMER<\/h3>\n<\/blockquote>\n<p><strong>BELLUNO<\/strong> In occasione della Giornata Mondiale dell\u2019 Alzheimer, l\u2019Ulss Dolomiti propone un incontro dal titolo \u201cPerdutaMente: oltre la diagnosi di disturbo neurocognitivo\u201d. L\u2019appuntamento \u00e8 per domani alle 18.00 nella Sala Convegni dell\u2019Ospedale di Feltre per parlare di prevenzione, diagnosi e presa in carico della persona con disturbo neurocognitivo<\/p>\n<p>&nbsp;<\/p>\n<p>&nbsp;<\/p>\n<hr \/>\n<blockquote>\n<h3 align=\"justify\">ARABBA MARMOLADA 2030, A UN PASSO DAL FUTURO<\/h3>\n<\/blockquote>\n<blockquote>\n<h3>ARABBA MARMOLADA 2030. VENERDI&#8217; AL RIFUGIO LUIGI GORZA in diretta su tutti i canali di radiopi\u00f9<\/h3>\n<\/blockquote>\n<p><a class=\"dt-pswp-item\" href=\"https:\/\/www.radiopiu.net\/wordpress\/wp-content\/uploads\/2023\/09\/Arabba_Fodom_Turismo_ph_Roberto_De_Pellegrin_web-13-1.jpg\" data-dt-img-description=\"\" data-large_image_width=\"1115\" data-large_image_height=\"743\"><img loading=\"lazy\" decoding=\"async\" class=\" wp-image-353050 alignleft\" src=\"https:\/\/www.radiopiu.net\/wordpress\/wp-content\/uploads\/2023\/09\/Arabba_Fodom_Turismo_ph_Roberto_De_Pellegrin_web-13-1-300x200.jpg\" alt=\"\" width=\"197\" height=\"131\" srcset=\"https:\/\/www.radiopiu.net\/wordpress\/wp-content\/uploads\/2023\/09\/Arabba_Fodom_Turismo_ph_Roberto_De_Pellegrin_web-13-1-300x200.jpg 300w, https:\/\/www.radiopiu.net\/wordpress\/wp-content\/uploads\/2023\/09\/Arabba_Fodom_Turismo_ph_Roberto_De_Pellegrin_web-13-1-1024x682.jpg 1024w, https:\/\/www.radiopiu.net\/wordpress\/wp-content\/uploads\/2023\/09\/Arabba_Fodom_Turismo_ph_Roberto_De_Pellegrin_web-13-1-768x512.jpg 768w, https:\/\/www.radiopiu.net\/wordpress\/wp-content\/uploads\/2023\/09\/Arabba_Fodom_Turismo_ph_Roberto_De_Pellegrin_web-13-1.jpg 1115w\" sizes=\"auto, (max-width: 197px) 100vw, 197px\" \/><\/a>Venerd\u00ec alle 18:00 al Rifugio Luigi Gorza si terr\u00e0 un appuntamento in quota per discutere di montagna, progetti e sviluppo turistico.<\/p>\n<p>&nbsp;<\/p>\n<p>&nbsp;<\/p>\n<h1><span style=\"color: #0000ff;\"><strong>GLI SPECIALI ALLA RADIO<\/strong><\/span><\/h1>\n<div id=\"attachment_111002\" style=\"width: 204px\" class=\"wp-caption alignleft\"><a class=\"dt-pswp-item\" href=\"https:\/\/www.radiopiu.net\/wordpress\/wp-content\/uploads\/2019\/12\/download-16.jpg\" data-dt-img-description=\"diego de battista \" data-large_image_width=\"194\" data-large_image_height=\"259\"><img loading=\"lazy\" decoding=\"async\" aria-describedby=\"caption-attachment-111002\" class=\" wp-image-111002\" src=\"https:\/\/www.radiopiu.net\/wordpress\/wp-content\/uploads\/2019\/12\/download-16.jpg\" alt=\"\" width=\"105\" height=\"140\" \/><\/a><p id=\"caption-attachment-111002\" class=\"wp-caption-text\">diego de battista<\/p><\/div>\n<p><span style=\"color: #ff0000;\"><strong>L&#8217;INTERVISTA A DIEGO DE BATTISTA, PRESIDENTE CONSORZIO IMPIANTI A FUNIVIE\u00a0<\/strong><\/span><\/p>\n<audio class=\"wp-audio-shortcode\" id=\"audio-353095-5\" preload=\"none\" style=\"width: 100%;\" controls=\"controls\"><source type=\"audio\/mpeg\" src=\"https:\/\/www.radiopiu.net\/wordpress\/wp-content\/uploads\/2023\/09\/DIEGO-DE-BATTISTA.mp3?_=5\" \/><a href=\"https:\/\/www.radiopiu.net\/wordpress\/wp-content\/uploads\/2023\/09\/DIEGO-DE-BATTISTA.mp3\">https:\/\/www.radiopiu.net\/wordpress\/wp-content\/uploads\/2023\/09\/DIEGO-DE-BATTISTA.mp3<\/a><\/audio>\n<blockquote><p>&nbsp;<\/p><\/blockquote>\n<hr \/>\n<p>&nbsp;<\/p>\n<blockquote>\n<h3>E&#8217; CLAUDIO COSTA IL NUOVO REFERENTE DELLA CATEGORIA<\/h3>\n<\/blockquote>\n<p><strong><a class=\"dt-pswp-item\" href=\"https:\/\/www.radiopiu.net\/wordpress\/wp-content\/uploads\/2023\/09\/288603206_10228801185559683_7678000387348962564_n.jpg\" data-dt-img-description=\"\" data-large_image_width=\"720\" data-large_image_height=\"720\"><img loading=\"lazy\" decoding=\"async\" class=\" wp-image-353137 alignleft\" src=\"https:\/\/www.radiopiu.net\/wordpress\/wp-content\/uploads\/2023\/09\/288603206_10228801185559683_7678000387348962564_n-300x300.jpg\" alt=\"\" width=\"245\" height=\"245\" srcset=\"https:\/\/www.radiopiu.net\/wordpress\/wp-content\/uploads\/2023\/09\/288603206_10228801185559683_7678000387348962564_n-300x300.jpg 300w, https:\/\/www.radiopiu.net\/wordpress\/wp-content\/uploads\/2023\/09\/288603206_10228801185559683_7678000387348962564_n-150x150.jpg 150w, https:\/\/www.radiopiu.net\/wordpress\/wp-content\/uploads\/2023\/09\/288603206_10228801185559683_7678000387348962564_n.jpg 720w\" sizes=\"auto, (max-width: 245px) 100vw, 245px\" \/><\/a>CANALE D&#8217;AGORDO<\/strong><i> <\/i>\u00a0Nel mondo del commercio e dell&#8217;artigianato, la passione e la tradizione familiare spesso si intrecciano in un connubio che produce eccellenza. Questa realt\u00e0 \u00e8 ben rappresentata da Claudio Costa, il rinomato macellaio di Canale d&#8217;Agordo, che ha recentemente assunto il ruolo di referente di categoria per i macellai nell&#8217;ambito di Confcommercio. Figlio d&#8217;arte, Claudio Costa ha ereditato la sua passione per la carne e la macellazione dalla sua famiglia, che \u00e8 stata coinvolta nel settore per generazioni. Questa lunga tradizione di conoscenza e abilit\u00e0 si \u00e8 rivelata fondamentale per il suo successo come macellaio e, ora, come rappresentante di categoria. Il Presidente di Confcommercio, Paolo Doglioni, ha dichiarato:<em> &#8220;Siamo entusiasti di accogliere Claudio Costa come il nostro nuovo referente di categoria per i macellai. La sua decisione di mettersi a disposizione \u00e8 un gesto di straordinaria generosit\u00e0 e un segno del suo impegno a servire la comunit\u00e0 commerciale locale. Claudio \u00e8 ben noto nella nostra associazione per la sua competenza e dedizione, e siamo sicuri che porter\u00e0 una prospettiva preziosa al tavolo delle discussioni.&#8221; <\/em>Il ruolo di referente di categoria all&#8217;interno di Confcommercio \u00e8 cruciale per rappresentare gli interessi dei professionisti del settore, promuovere le migliori pratiche commerciali e favorire la collaborazione tra i colleghi. Claudio Costa si \u00e8 reso disponibile con lo spirito di essere un punto di contatto affidabile tra i macellai locali e l&#8217;associazione, con l&#8217;obiettivo di migliorare la coesione e il successo dell&#8217;intera comunit\u00e0 dei macellai. In risposta alla nomina, Con la nomina di Claudio Costa come referente di categoria, Confcommercio invita tutti i macellai della regione a rapportarsi con il nuovo rappresentante, fornendo feedback e suggerimenti per aiutare a plasmare il futuro del settore.<\/p>\n<div class=\"flex-1 overflow-hidden\">\n<div class=\"react-scroll-to-bottom--css-dhqcr-79elbk h-full dark:bg-gray-800\">\n<div class=\"react-scroll-to-bottom--css-dhqcr-1n7m0yu\">\n<div class=\"flex flex-col text-sm dark:bg-gray-800\">\n<div class=\"group w-full text-token-text-primary border-b border-black\/10 dark:border-gray-900\/50 bg-gray-50 dark:bg-[#444654]\" data-testid=\"conversation-turn-3\">\n<div class=\"p-4 justify-center text-base md:gap-6 md:py-6 m-auto\">\n<div class=\"flex flex-1 gap-4 text-base mx-auto md:gap-6 md:max-w-2xl lg:max-w-[38rem] xl:max-w-3xl }\">\n<div class=\"relative flex w-[calc(100%-50px)] flex-col gap-1 md:gap-3 lg:w-[calc(100%-115px)]\">\n<div class=\"flex flex-grow flex-col gap-3 max-w-full\">\n<div class=\"min-h-[20px] flex flex-col items-start gap-3 overflow-x-auto whitespace-pre-wrap break-words\">\n<div class=\"markdown prose w-full break-words dark:prose-invert light\">\n<blockquote><p>La storia di Claudio Costa \u00e8 un esempio di come la passione per un mestiere possa trasformarsi in un contributo significativo alla comunit\u00e0 imprenditoriale locale. La sua nomina come referente di categoria \u00e8 un riconoscimento del suo impegno e della sua dedizione, e promette di portare ulteriori benefici al settore della macellazione a in provincia.<\/p><\/blockquote>\n<\/div>\n<\/div>\n<\/div>\n<\/div>\n<\/div>\n<div class=\"flex justify-between lg:block\">\n<hr \/>\n<\/div>\n<h3><\/h3>\n<p>&nbsp;<\/p>\n<blockquote>\n<h3>DILLO A RADIO PIU&#8217;&#8230; CARA DOLOMITIBUS SE NON CI SONO SERVIZI NON C&#8217;E&#8217; UTENZA E NON VICEVERSA<\/h3>\n<\/blockquote>\n<div><\/div>\n<div>\n<p><strong>REDAZIONE<\/strong> Spesso i nostri notiziari hanno messo in evidenza la scarsit\u00e0 di servizi del trasporto pubblico nei giorni festivi (nei giorni in cui rimane chiusa Luxottica in particolare). Spesso abbiamo rimarcato la totale assenza. Ma tutti, utenti in primis, hanno dovuto arrendersi, anche davanti alle risposte della Dolomitibus. Oggi il problema riemerge in tutta la sua interezza come ci scrive una nostra ascoltatrice.<\/p>\n<p>&nbsp;<\/p>\n<p><img decoding=\"async\" class=\"alignleft\" src=\"https:\/\/www.radiopiu.net\/wordpress\/wp-content\/uploads\/2023\/09\/th-20.jpg\" \/>Vorrei dire la mia sulla situazione delle corriere dolomitibus e sul fatto che oramai intere comunit\u00e0 montane del bellunese siano di fatto isolate.\u00a0 Mia suocera possiede una casa nella valle agordina e noi non abbiamo la possibilit\u00e0 di utilizzare l&#8217;automobile. Quest&#8217;estate arrivavamo in treno a Belluno e poi prendevamo la corriera della dolomitibus per Falcade. La situazione dell&#8217;anno scorso, fino al 15 giugno era che di fatto eravamo impossibilitati a fare un week end a casa nostra in quanto alla domenica e nei festivi NON ESISTEVA nemmeno un autobus in grado di riportarci a Belluno (noi il luned\u00ec lavoriamo). La dolomitibus ci ha risposto che non c\u2019\u00e8 utenza e quindi alcuni servizi sono stati soppressi (mi permetto di dire che \u00e8 esattamente il contrario, non c&#8217;\u00e8 utenza perch\u00e9 non ci sono servizi&#8230; semmai) e che potevamo prendere un taxi \u2013 andata e ritorno da Falcade a Belluno 160 euro. Comunque per manutenere la casa abbiamo preso qualche luned\u00ec di ferie per poter avere dei mezzi con cui arrivare alla stazione di Belluno. Essendo OVVIO che i mezzi scolastici sono i primi a dover essere garantiti mi permetto di dire, essendo 45 anni che frequento la valle ed avendo numerose amicizie tra i residenti, che la mancanza di mezzi ha creato disagi non solo a noi \u201cturisti\u201d che dobbiamo andare su per riunioni di condominio, manutenere la casa etc, ma anche a MOLTISSIMI RESIDENTI (lavoratori e studenti) che devono lavorare e studiare fuori sede. Di fatto l\u2019anno scorso non essendoci nessun bus nei festivi erano impossibilitati a tornare a casa in quanto non c\u2019erano poi mezzi per tornare alla domenica sera al loro posto di studio o lavoro.<br \/>\nQuest\u2019anno cosa dobbiamo fare?<br \/>\nAspettare il 15 giugno (forse) per poter andare su?<\/p>\n<p>S.V.<\/p>\n<\/div>\n<div><\/div>\n<div><\/div>\n<div><\/div>\n<div>\n<hr \/>\n<\/div>\n<div><\/div>\n<blockquote>\n<h3>AMELIE, DAI JINGLE DI NATALE DI RADIO PIU&#8217; ALLA PUBBLICITA&#8217; DEL DIXAN<\/h3>\n<\/blockquote>\n<div>\n<p><strong>REDAZIONE<\/strong> E&#8217; partita la nuova pubblicit\u00e0 del Dixan, il famoso detersivo per la biancheria. Tra i protagonisti del nuovo spot televisivo c&#8217;\u00e8 anche Amelie, una bambina non nuova agli ascoltatori di Radio Pi\u00f9. Infatti durante il periodo Natalizio Amelie aveva realizzato il jingle sulle note di Feliz Navidad di Jos\u00e9 Feliciano. Siamo orgogliosi di aver tenuto a &#8220;battesimo&#8221; Amelie con i jingle di Natale. Ora per lei una nuova esperienza davanti alle telecamere per lo spot televisivo del famoso detersivo.<\/p>\n<p><strong>IL JINGLE DI NATALE DI RADIO PIU&#8217;<\/strong><\/p>\n<audio class=\"wp-audio-shortcode\" id=\"audio-353095-6\" preload=\"none\" style=\"width: 100%;\" controls=\"controls\"><source type=\"audio\/mpeg\" src=\"https:\/\/www.radiopiu.net\/wordpress\/wp-content\/uploads\/2023\/09\/WhatsApp-Audio-2023-09-19-at-17.29.42.mp3?_=6\" \/><a href=\"https:\/\/www.radiopiu.net\/wordpress\/wp-content\/uploads\/2023\/09\/WhatsApp-Audio-2023-09-19-at-17.29.42.mp3\">https:\/\/www.radiopiu.net\/wordpress\/wp-content\/uploads\/2023\/09\/WhatsApp-Audio-2023-09-19-at-17.29.42.mp3<\/a><\/audio>\n<p>&nbsp;<\/p>\n<p><strong>LO SPOT TELEVISIVO DEL DIXAN<\/strong><\/p>\n<div style=\"width: 1200px;\" class=\"wp-video\"><video class=\"wp-video-shortcode\" id=\"video-353095-3\" width=\"1200\" height=\"675\" preload=\"metadata\" controls=\"controls\"><source type=\"video\/mp4\" src=\"https:\/\/www.radiopiu.net\/wordpress\/wp-content\/uploads\/2023\/09\/WhatsApp-Video-2023-09-19-at-17.26.15.mp4?_=3\" \/><a href=\"https:\/\/www.radiopiu.net\/wordpress\/wp-content\/uploads\/2023\/09\/WhatsApp-Video-2023-09-19-at-17.26.15.mp4\">https:\/\/www.radiopiu.net\/wordpress\/wp-content\/uploads\/2023\/09\/WhatsApp-Video-2023-09-19-at-17.26.15.mp4<\/a><\/video><\/div>\n<p>&nbsp;<\/p>\n<hr \/>\n<p>&nbsp;<\/p>\n<\/div>\n<blockquote>\n<h3>100 ANNI FA IL CASELO A DIGOMAN. DOMENICA LA FESTA<\/h3>\n<\/blockquote>\n<div>\n<p><strong>VOLTAGO<\/strong> Nel 1923, la latteria di Digoman fu istituita e costruita dai capifamiglia di Voltago, diventando un importante punto di riferimento per la comunit\u00e0. La latteria lavorava una grande quantit\u00e0 di latte ogni giorno durante la stagione, quando ogni famiglia possedeva almeno una vacca. Nel settembre 2023, esattamente un secolo dopo la sua fondazione, la comunit\u00e0 di Voltago commemora questa fondamentale realt\u00e0 con una targa commemorativa e la riapertura del cas\u00e8lo, dove verr\u00e0 prodotta la cagliata. Verr\u00e0 anche scoperta una seconda targa in onore del forno utilizzato per l&#8217;essiccamento della canapa, un&#8217;attivit\u00e0 che portava alla produzione di tessuti resistenti. Durante l&#8217;evento, un esperto mostrer\u00e0 la tessitura manuale della canapa, e ci saranno esibizioni del Gruppo Folk del P\u00f3i e la visita delle Donaze. L&#8217;evento si concluder\u00e0 con un rinfresco offerto dagli abitanti di Digoman. L&#8217;appuntamento \u00e8 per domenica al Caselo di Digoman.<\/p>\n<p><strong>DI GIANNI SANTOMASO<\/strong><\/p>\n<audio class=\"wp-audio-shortcode\" id=\"audio-353095-7\" preload=\"none\" style=\"width: 100%;\" controls=\"controls\"><source type=\"audio\/mpeg\" src=\"https:\/\/www.radiopiu.net\/wordpress\/wp-content\/uploads\/2023\/09\/GIANNI-CASELO-DI-DIGOMAN.mp3?_=7\" \/><a href=\"https:\/\/www.radiopiu.net\/wordpress\/wp-content\/uploads\/2023\/09\/GIANNI-CASELO-DI-DIGOMAN.mp3\">https:\/\/www.radiopiu.net\/wordpress\/wp-content\/uploads\/2023\/09\/GIANNI-CASELO-DI-DIGOMAN.mp3<\/a><\/audio>\n<p>&nbsp;<\/p>\n\n\t\t\t<style type='text\/css'>\n\t\t\t\t#gallery-4 {\n\t\t\t\t\tmargin: auto;\n\t\t\t\t}\n\t\t\t\t#gallery-4 .gallery-item {\n\t\t\t\t\tfloat: left;\n\t\t\t\t\tmargin-top: 10px;\n\t\t\t\t\ttext-align: center;\n\t\t\t\t\twidth: 25%;\n\t\t\t\t}\n\t\t\t\t#gallery-4 img {\n\t\t\t\t\tborder: 2px solid #cfcfcf;\n\t\t\t\t}\n\t\t\t\t#gallery-4 .gallery-caption {\n\t\t\t\t\tmargin-left: 0;\n\t\t\t\t}\n\t\t\t\t\/* see gallery_shortcode() in wp-includes\/media.php *\/\n\t\t\t<\/style>\n\t\t<div id='gallery-4' class='dt-gallery-container gallery galleryid-353095 gallery-columns-4 gallery-size-thumbnail'><dl class='gallery-item'>\n\t\t\t\t<dt class='gallery-icon landscape'>\n\t\t\t\t\t<a class=\"rollover rollover-zoom dt-pswp-item\" title=\"Latteria\" data-dt-img-description=\"\" data-large_image_width=\"1476\" data-large_image_height=\"984\"href='https:\/\/www.radiopiu.net\/wordpress\/wp-content\/uploads\/2023\/09\/Latteria.jpg'><img loading=\"lazy\" decoding=\"async\" width=\"150\" height=\"150\" src=\"https:\/\/www.radiopiu.net\/wordpress\/wp-content\/uploads\/2023\/09\/Latteria-150x150.jpg\" class=\"attachment-thumbnail size-thumbnail\" alt=\"\" \/><\/a>\n\t\t\t\t<\/dt><\/dl><dl class='gallery-item'>\n\t\t\t\t<dt class='gallery-icon portrait'>\n\t\t\t\t\t<a class=\"rollover rollover-zoom dt-pswp-item\" title=\"Tessitrice\" data-dt-img-description=\"\" data-large_image_width=\"721\" data-large_image_height=\"918\"href='https:\/\/www.radiopiu.net\/wordpress\/wp-content\/uploads\/2023\/09\/Tessitrice.jpg'><img loading=\"lazy\" decoding=\"async\" width=\"150\" height=\"150\" src=\"https:\/\/www.radiopiu.net\/wordpress\/wp-content\/uploads\/2023\/09\/Tessitrice-150x150.jpg\" class=\"attachment-thumbnail size-thumbnail\" alt=\"\" \/><\/a>\n\t\t\t\t<\/dt><\/dl><dl class='gallery-item'>\n\t\t\t\t<dt class='gallery-icon landscape'>\n\t\t\t\t\t<a class=\"rollover rollover-zoom dt-pswp-item\" title=\"GruppoFolkPoi\" data-dt-img-description=\"\" data-large_image_width=\"1194\" data-large_image_height=\"891\"href='https:\/\/www.radiopiu.net\/wordpress\/wp-content\/uploads\/2023\/09\/GruppoFolkPoi.jpg'><img loading=\"lazy\" decoding=\"async\" width=\"150\" height=\"150\" src=\"https:\/\/www.radiopiu.net\/wordpress\/wp-content\/uploads\/2023\/09\/GruppoFolkPoi-150x150.jpg\" class=\"attachment-thumbnail size-thumbnail\" alt=\"\" \/><\/a>\n\t\t\t\t<\/dt><\/dl><dl class='gallery-item'>\n\t\t\t\t<dt class='gallery-icon landscape'>\n\t\t\t\t\t<a class=\"rollover rollover-zoom dt-pswp-item\" title=\"Donaze\" data-dt-img-description=\"\" data-large_image_width=\"1181\" data-large_image_height=\"886\"href='https:\/\/www.radiopiu.net\/wordpress\/wp-content\/uploads\/2023\/09\/Donaze.jpg'><img loading=\"lazy\" decoding=\"async\" width=\"150\" height=\"150\" src=\"https:\/\/www.radiopiu.net\/wordpress\/wp-content\/uploads\/2023\/09\/Donaze-150x150.jpg\" class=\"attachment-thumbnail size-thumbnail\" alt=\"\" \/><\/a>\n\t\t\t\t<\/dt><\/dl><br style=\"clear: both\" \/>\n\t\t\t<\/div>\n\n<p>&nbsp;<\/p>\n<p>&nbsp;<\/p>\n<hr \/>\n<p>&nbsp;<\/p>\n<\/div>\n<blockquote>\n<h3>OMICIDIO DI EMMA CANTON-atti processuali- IL LIBRO DI ROBERTO DE NART<\/h3>\n<\/blockquote>\n<div>\n<p><strong><a class=\"dt-pswp-item\" href=\"https:\/\/www.radiopiu.net\/wordpress\/wp-content\/uploads\/2023\/09\/copertina-cartaceo-omicidio-emma-canton.jpg\" data-dt-img-description=\"\" data-large_image_width=\"691\" data-large_image_height=\"1031\"><img loading=\"lazy\" decoding=\"async\" class=\"size-medium wp-image-353117 alignleft\" src=\"https:\/\/www.radiopiu.net\/wordpress\/wp-content\/uploads\/2023\/09\/copertina-cartaceo-omicidio-emma-canton-201x300.jpg\" alt=\"\" width=\"201\" height=\"300\" srcset=\"https:\/\/www.radiopiu.net\/wordpress\/wp-content\/uploads\/2023\/09\/copertina-cartaceo-omicidio-emma-canton-201x300.jpg 201w, https:\/\/www.radiopiu.net\/wordpress\/wp-content\/uploads\/2023\/09\/copertina-cartaceo-omicidio-emma-canton-686x1024.jpg 686w, https:\/\/www.radiopiu.net\/wordpress\/wp-content\/uploads\/2023\/09\/copertina-cartaceo-omicidio-emma-canton.jpg 691w\" sizes=\"auto, (max-width: 201px) 100vw, 201px\" \/><\/a>BELLUNO<\/strong> Novant\u2019anni fa, nella frazione di Sant\u2019Antonio di Tortal (Borgo Valbelluna), la giovane Emma Canton veniva uccisa barbaramente per mano del suo coetaneo Abele De Barba con il quale aveva avuto una relazione sentimentale. La vicenda, ricostruita attraverso gli atti processuali conservati all\u2019Archivio di Stato di Venezia, \u00e8 contenuta nell\u2019ultimo libro di Roberto De Nart dal titolo \u201cOmicidio di Emma Canton\u201d con postfazione dell\u2019Associazione Belluno-Donna (Bellunopress Editore, 220 pagine, 15 euro) disponibile a breve nelle librerie e in formato elettronico eBook su Amazon. Emma Canton, 22enne di Confos, viene attirata in una trappola mortale e assassinata brutalmente nella notte tra sabato 4 e domenica del 5 febbraio del 1933 a Sant\u2019Antonio Tortal dal suo ex fidanzato Abele De Barba. Un omicidio orrendo, per le <a class=\"dt-pswp-item\" href=\"https:\/\/www.radiopiu.net\/wordpress\/wp-content\/uploads\/2023\/09\/copertina-epub-omicidio-di-emma-canton.jpg\" data-dt-img-description=\"\" data-large_image_width=\"1747\" data-large_image_height=\"2400\"><img loading=\"lazy\" decoding=\"async\" class=\"size-medium wp-image-353118 alignright\" src=\"https:\/\/www.radiopiu.net\/wordpress\/wp-content\/uploads\/2023\/09\/copertina-epub-omicidio-di-emma-canton-218x300.jpg\" alt=\"\" width=\"218\" height=\"300\" srcset=\"https:\/\/www.radiopiu.net\/wordpress\/wp-content\/uploads\/2023\/09\/copertina-epub-omicidio-di-emma-canton-218x300.jpg 218w, https:\/\/www.radiopiu.net\/wordpress\/wp-content\/uploads\/2023\/09\/copertina-epub-omicidio-di-emma-canton-745x1024.jpg 745w, https:\/\/www.radiopiu.net\/wordpress\/wp-content\/uploads\/2023\/09\/copertina-epub-omicidio-di-emma-canton-768x1055.jpg 768w, https:\/\/www.radiopiu.net\/wordpress\/wp-content\/uploads\/2023\/09\/copertina-epub-omicidio-di-emma-canton-1118x1536.jpg 1118w, https:\/\/www.radiopiu.net\/wordpress\/wp-content\/uploads\/2023\/09\/copertina-epub-omicidio-di-emma-canton-1491x2048.jpg 1491w, https:\/\/www.radiopiu.net\/wordpress\/wp-content\/uploads\/2023\/09\/copertina-epub-omicidio-di-emma-canton.jpg 1747w\" sizes=\"auto, (max-width: 218px) 100vw, 218px\" \/><\/a>modalit\u00e0 adottate dall\u2019assassino, reso ancor pi\u00f9 odioso perch\u00e9 Emma era incinta di due mesi a seguito della relazione poi interrotta con lo stesso De Barba. Ma c\u2019\u00e8 di pi\u00f9, come rivelano gli atti processuali. Perch\u00e9 anche da morta Emma sar\u00e0 lasciata sola dalla comunit\u00e0 in cui vive. Possibile che su una sessantina di testimoni, che sfilano dinanzi al pubblico ministero, se si escludono i parenti pi\u00f9 vicini, ad inquadrare la personalit\u00e0 criminale del De Barba sia solo un\u2019altra donna, la vicina di casa dell\u2019omicida, che dichiarer\u00e0 agli inquirenti: \u201cE\u2019 un giovane falso, e nell\u2019intimit\u00e0 un violento\u201d! Per tutti gli altri, Abele De Barba \u00e8 un bravo giovane laborioso! Ebbene, novant\u2019anni sembrano trascorsi inutilmente, dal momento che anche oggi succedono fatti analoghi, dove talvolta \u00e8 ancora la vittima ad essere colpevolizzata. La vicenda processuale si concluder\u00e0 otto mesi dopo l\u2019omicidio, il 12 ottobre 1933, con una serie di colpi di scena con la sentenza di condanna all\u2019ergastolo di Abele De Barba, pronunciata dalla Corte d\u2019Assise di Belluno, pena inasprita da un anno di isolamento, per aver ucciso per motivi abbietti e con premeditazione. Ma l\u2019ergastolo in Italia, non significa fine pena mai, come si vedr\u00e0, nemmeno per i peggiori criminali.<\/p>\n<p><strong>ROBERTO DE NART<\/strong><\/p>\n<\/div>\n<\/div>\n<\/div>\n<\/div>\n<\/div>\n<\/div>\n<\/div>\n<audio class=\"wp-audio-shortcode\" id=\"audio-353095-8\" preload=\"none\" style=\"width: 100%;\" controls=\"controls\"><source type=\"audio\/mpeg\" src=\"https:\/\/www.radiopiu.net\/wordpress\/wp-content\/uploads\/2023\/09\/ROBERTO-DE-NART.mp3?_=8\" \/><a href=\"https:\/\/www.radiopiu.net\/wordpress\/wp-content\/uploads\/2023\/09\/ROBERTO-DE-NART.mp3\">https:\/\/www.radiopiu.net\/wordpress\/wp-content\/uploads\/2023\/09\/ROBERTO-DE-NART.mp3<\/a><\/audio>\n<p>&nbsp;<\/p>\n<hr \/>\n<p>&nbsp;<\/p>\n<blockquote>\n<h3>LONGARONE FIERE DOLOMITI CAPITALE DEL TURISMO DAL 2 AL 4 OTTOBRE<\/h3>\n<\/blockquote>\n<p><strong><a class=\"dt-pswp-item\" href=\"https:\/\/www.radiopiu.net\/wordpress\/wp-content\/uploads\/2023\/09\/Dolomiti-HoReCa-2023_01.jpg\" data-dt-img-description=\"\" data-large_image_width=\"2200\" data-large_image_height=\"1467\"><img loading=\"lazy\" decoding=\"async\" class=\" wp-image-353202 alignleft\" src=\"https:\/\/www.radiopiu.net\/wordpress\/wp-content\/uploads\/2023\/09\/Dolomiti-HoReCa-2023_01-300x200.jpg\" alt=\"\" width=\"153\" height=\"102\" srcset=\"https:\/\/www.radiopiu.net\/wordpress\/wp-content\/uploads\/2023\/09\/Dolomiti-HoReCa-2023_01-300x200.jpg 300w, https:\/\/www.radiopiu.net\/wordpress\/wp-content\/uploads\/2023\/09\/Dolomiti-HoReCa-2023_01-1024x683.jpg 1024w, https:\/\/www.radiopiu.net\/wordpress\/wp-content\/uploads\/2023\/09\/Dolomiti-HoReCa-2023_01-768x512.jpg 768w, https:\/\/www.radiopiu.net\/wordpress\/wp-content\/uploads\/2023\/09\/Dolomiti-HoReCa-2023_01-1536x1024.jpg 1536w, https:\/\/www.radiopiu.net\/wordpress\/wp-content\/uploads\/2023\/09\/Dolomiti-HoReCa-2023_01-2048x1366.jpg 2048w\" sizes=\"auto, (max-width: 153px) 100vw, 153px\" \/><\/a>LONGARONE <\/strong>Il turismo \u00e8 ormai una componente stabile del Pil italiano, anzi, in continua crescita. E il settore delle vacanze, in montagna, pu\u00f2 contare su due stagioni, l\u2019inverno e l\u2019estate. Se ci si aggiunge che tra poco pi\u00f9 di due anni si celebreranno le Olimpiadi invernali di Milano-Cortina, ecco serviti gli ingredienti per Horeca. La terza edizione della fiera dell\u2019ospitalit\u00e0 e della ristorazione sar\u00e0 a Longarone Fiere Dolomiti dal 2 al 4 ottobre, riservata al pubblico professionale che opera principalmente nelle aree montane e collinari, e a tutte le attivit\u00e0 del settore turistico e agroturistico. Con momenti di incontro, approfondimenti tecnici, masterclass di cucina, sommelier e mixology.<\/p>\n<p>&nbsp;<\/p>\n<p>&nbsp;<\/p>\n<hr \/>\n<p>&nbsp;<\/p>\n<blockquote>\n<h3>TORNA ATTENTI AL LIBRO A BELLUNO<\/h3>\n<\/blockquote>\n<p><strong>BELLUNO<\/strong> La Biblioteca civica di Belluno, a partire dal 22 settembre, ripropone il progetto \u201cAttenti al libro!\u201d, con letture a alta voce per bambini dai 4 ai 7 anni, a cura di Giorgia Dell\u2019Elba e Barbara De Poloni. L\u2019appuntamento per gli interessati \u00e8 nella sede provvisoria della Bilbioteca, a palazzo Bembo, con ingresso da Piazzetta Giovan Battista Pellegrini, alle ore 17.<\/p>\n<p>&nbsp;<\/p>\n<p>&nbsp;<\/p>\n<hr \/>\n<p>&nbsp;<\/p>\n<blockquote>\n<h3>VOCI RIBELLI: CONVERSAZIONI SENZA FILTRI PER RAGAZZI AUDACI &#8211; 19 SETTEMBRE 2023<\/h3>\n<\/blockquote>\n<p><strong><a class=\"dt-pswp-item\" href=\"https:\/\/www.radiopiu.net\/wordpress\/wp-content\/uploads\/2023\/09\/ass.-dafne.png\" data-dt-img-description=\"\" data-large_image_width=\"225\" data-large_image_height=\"225\"><img loading=\"lazy\" decoding=\"async\" class=\" wp-image-352143 alignleft\" src=\"https:\/\/www.radiopiu.net\/wordpress\/wp-content\/uploads\/2023\/09\/ass.-dafne.png\" alt=\"\" width=\"85\" height=\"85\" srcset=\"https:\/\/www.radiopiu.net\/wordpress\/wp-content\/uploads\/2023\/09\/ass.-dafne.png 225w, https:\/\/www.radiopiu.net\/wordpress\/wp-content\/uploads\/2023\/09\/ass.-dafne-150x150.png 150w\" sizes=\"auto, (max-width: 85px) 100vw, 85px\" \/><\/a>PUNTATA 02 &#8211; 19 SETTEMBRE 2023<\/strong><\/p>\n<audio class=\"wp-audio-shortcode\" id=\"audio-353095-9\" preload=\"none\" style=\"width: 100%;\" controls=\"controls\"><source type=\"audio\/mpeg\" src=\"https:\/\/www.radiopiu.net\/wordpress\/wp-content\/uploads\/2023\/09\/FATTO-Voci-ribelli_02.mp3?_=9\" \/><a href=\"https:\/\/www.radiopiu.net\/wordpress\/wp-content\/uploads\/2023\/09\/FATTO-Voci-ribelli_02.mp3\">https:\/\/www.radiopiu.net\/wordpress\/wp-content\/uploads\/2023\/09\/FATTO-Voci-ribelli_02.mp3<\/a><\/audio>\n<p>&nbsp;<\/p>\n<p>&nbsp;<\/p>\n<hr \/>\n<p>&nbsp;<\/p>\n<blockquote>\n<h3>\u00a0&#8220;DINTORN E FORA VIA&#8221;\u00a0 IL PROGRAMMA\u00a0 A CURA DEL MUSLA<\/h3>\n<\/blockquote>\n<h1 style=\"text-align: center;\"><strong><span style=\"color: #ff0000;\">SECONDO ANNO\u00a0<\/span><\/strong><\/h1>\n<p><strong><a class=\"dt-pswp-item\" href=\"https:\/\/www.radiopiu.net\/wordpress\/wp-content\/uploads\/2023\/04\/322100301_516815977090762_8285095125123579123_n.jpg\" data-dt-img-description=\"\" data-large_image_width=\"640\" data-large_image_height=\"640\"><img loading=\"lazy\" decoding=\"async\" class=\" wp-image-331476 alignleft\" src=\"https:\/\/www.radiopiu.net\/wordpress\/wp-content\/uploads\/2023\/04\/322100301_516815977090762_8285095125123579123_n-300x300.jpg\" alt=\"\" width=\"145\" height=\"145\" srcset=\"https:\/\/www.radiopiu.net\/wordpress\/wp-content\/uploads\/2023\/04\/322100301_516815977090762_8285095125123579123_n-300x300.jpg 300w, https:\/\/www.radiopiu.net\/wordpress\/wp-content\/uploads\/2023\/04\/322100301_516815977090762_8285095125123579123_n-150x150.jpg 150w, https:\/\/www.radiopiu.net\/wordpress\/wp-content\/uploads\/2023\/04\/322100301_516815977090762_8285095125123579123_n.jpg 640w\" sizes=\"auto, (max-width: 145px) 100vw, 145px\" \/><\/a>PUNTATA 19 SETTEMBRE ELEONORA TROI<\/strong><\/p>\n<audio class=\"wp-audio-shortcode\" id=\"audio-353095-10\" preload=\"none\" style=\"width: 100%;\" controls=\"controls\"><source type=\"audio\/mpeg\" src=\"https:\/\/www.radiopiu.net\/wordpress\/wp-content\/uploads\/2023\/09\/MUSLA-4.mp3?_=10\" \/><a href=\"https:\/\/www.radiopiu.net\/wordpress\/wp-content\/uploads\/2023\/09\/MUSLA-4.mp3\">https:\/\/www.radiopiu.net\/wordpress\/wp-content\/uploads\/2023\/09\/MUSLA-4.mp3<\/a><\/audio>\n<p>&nbsp;<\/p>\n<p>&nbsp;<\/p>\n<p>&nbsp;<\/p>\n<hr \/>\n<p>&nbsp;<\/p>\n<h2><span style=\"color: #008080;\">DALLA PRO LOCO DI SEDICO CLAUDIO MEZZAVILLA<\/span><\/h2>\n<p><strong><a class=\"dt-pswp-item\" href=\"https:\/\/www.radiopiu.net\/wordpress\/wp-content\/uploads\/2022\/01\/th-20.jpg\" data-dt-img-description=\"\" data-large_image_width=\"259\" data-large_image_height=\"194\"><img loading=\"lazy\" decoding=\"async\" class=\" wp-image-256243 alignleft\" src=\"https:\/\/www.radiopiu.net\/wordpress\/wp-content\/uploads\/2022\/01\/th-20.jpg\" alt=\"\" width=\"143\" height=\"107\" \/><\/a>di Mirko Mezzacasa<\/strong><\/p>\n<p>OSPITE: Claudio Mezzavilla, Pro Loco di Sedico<\/p>\n<audio class=\"wp-audio-shortcode\" id=\"audio-353095-11\" preload=\"none\" style=\"width: 100%;\" controls=\"controls\"><source type=\"audio\/mpeg\" src=\"https:\/\/www.radiopiu.net\/wordpress\/wp-content\/uploads\/2023\/09\/CLAUDIO-MEZZAVILLA.mp3?_=11\" \/><a href=\"https:\/\/www.radiopiu.net\/wordpress\/wp-content\/uploads\/2023\/09\/CLAUDIO-MEZZAVILLA.mp3\">https:\/\/www.radiopiu.net\/wordpress\/wp-content\/uploads\/2023\/09\/CLAUDIO-MEZZAVILLA.mp3<\/a><\/audio>\n<p>&nbsp;<\/p>\n<hr \/>\n<p>&nbsp;<\/p>\n<h2><span style=\"color: #ff00ff;\">&#8230;INTANTO ME LA CANTO&#8230;<\/span><\/h2>\n<p><strong>REDAZIONE<\/strong> Terzo appuntamento serale in compagnia di Marina Don\u00e0 e Luisa Alchini. Musica e tante chiacchiere dallo Studio 1 di Radio Pi\u00f9. Questa volta si parla di sesso e di amore&#8230;<\/p>\n<p><span style=\"color: #ff0000;\"><strong>IL FUORI ONDA&#8230;LA PROVA MICROFONI<\/strong><\/span><\/p>\n<audio class=\"wp-audio-shortcode\" id=\"audio-353095-12\" preload=\"none\" style=\"width: 100%;\" controls=\"controls\"><source type=\"audio\/mpeg\" src=\"https:\/\/www.radiopiu.net\/wordpress\/wp-content\/uploads\/2023\/09\/PROVA-MICROFONI.mp3?_=12\" \/><a href=\"https:\/\/www.radiopiu.net\/wordpress\/wp-content\/uploads\/2023\/09\/PROVA-MICROFONI.mp3\">https:\/\/www.radiopiu.net\/wordpress\/wp-content\/uploads\/2023\/09\/PROVA-MICROFONI.mp3<\/a><\/audio>\n<p>&nbsp;<\/p>\n<p><strong>LA DIRETTA RADIO PIU&#8217;<\/strong><\/p>\n<p><iframe loading=\"lazy\" title=\"INTANTO ME LA CANTO\" width=\"1200\" height=\"675\" src=\"https:\/\/www.youtube.com\/embed\/WzLuqRVYhAA?feature=oembed\" frameborder=\"0\" allow=\"accelerometer; autoplay; clipboard-write; encrypted-media; gyroscope; picture-in-picture; web-share\" allowfullscreen><\/iframe><\/p>\n<p>&nbsp;<\/p>\n<p>&nbsp;<\/p>\n<hr \/>\n<p>&nbsp;<\/p>\n<blockquote class=\"wp-embedded-content\" data-secret=\"zGd5kEVonZ\"><p><a href=\"https:\/\/www.radiopiu.net\/wordpress\/puntata-36\/\">IL RITORNO DEL COUNTRY ALLA RADIO&#8230; IL RITORNO DI ALEX NASCINBEN<\/a><\/p><\/blockquote>\n<p><iframe loading=\"lazy\" class=\"wp-embedded-content\" sandbox=\"allow-scripts\" security=\"restricted\" style=\"position: absolute; clip: rect(1px, 1px, 1px, 1px);\" title=\"&#8220;IL RITORNO DEL COUNTRY ALLA RADIO&#8230; IL RITORNO DI ALEX NASCINBEN&#8221; &#8212; Radio Pi\u00f9\" src=\"https:\/\/www.radiopiu.net\/wordpress\/puntata-36\/embed\/#?secret=VDBPOvc8sF#?secret=zGd5kEVonZ\" data-secret=\"zGd5kEVonZ\" width=\"600\" height=\"338\" frameborder=\"0\" marginwidth=\"0\" marginheight=\"0\" scrolling=\"no\"><\/iframe><\/p>\n<p>&nbsp;<\/p>\n<p>&nbsp;<\/p>\n<p>&nbsp;<\/p>\n<hr \/>\n<p>&nbsp;<\/p>\n<h2><span style=\"color: #ff0000;\">GLI APPUNTAMENTI DELLA SETTIMANA\u00a0<\/span><\/h2>\n<blockquote>\n<h3>AD ARTEN SI PRESENTA IL NUOVO LIBRO DI TRIMERI<\/h3>\n<\/blockquote>\n<p><strong>FELTRE<\/strong> Il poeta di Arten Giovanni Trimeri sar\u00e0 ospite \u201cin casa\u201d per presentare la sua nuova fatica letteraria dal titolo \u201cV\u00e9nder f\u00f3ra\/Svendere\u201d (DBS editore). La raccolta edita a tiratura limitata, numerata e firmata dall&#8217;autore, propone ritratti e immagini del paese, del quale coglie le trasformazioni sociali, demografiche ed economiche. I testi dialettali riportano in calce la traduzione in italiano. Ad organizzare la serata sono la Sezione di Arten \u201cToigo Mor\u00ecs\u201d dell\u2019Associazione Feltrina Donatori Volontari di Sangue e il Gruppo Alpini di Arten; l\u2019incontro si terr\u00e0 venerd\u00ec alle 20.30 presso il Casel di Arten.<\/p>\n<p>&nbsp;<\/p>\n<p>&nbsp;<\/p>\n<p><strong><a class=\"dt-pswp-item\" href=\"https:\/\/www.radiopiu.net\/wordpress\/wp-content\/uploads\/2023\/09\/84243051-bb93-44b6-b1e4-d199c2330988.jpg\" data-dt-img-description=\"\" data-large_image_width=\"715\" data-large_image_height=\"1024\"><img loading=\"lazy\" decoding=\"async\" class=\"size-medium wp-image-352515 aligncenter\" src=\"https:\/\/www.radiopiu.net\/wordpress\/wp-content\/uploads\/2023\/09\/84243051-bb93-44b6-b1e4-d199c2330988-209x300.jpg\" alt=\"\" width=\"209\" height=\"300\" srcset=\"https:\/\/www.radiopiu.net\/wordpress\/wp-content\/uploads\/2023\/09\/84243051-bb93-44b6-b1e4-d199c2330988-209x300.jpg 209w, https:\/\/www.radiopiu.net\/wordpress\/wp-content\/uploads\/2023\/09\/84243051-bb93-44b6-b1e4-d199c2330988.jpg 715w\" sizes=\"auto, (max-width: 209px) 100vw, 209px\" \/> <\/a><\/strong><\/p>\n<p><strong>LA MESSA A FORCELLA CAMP\u00a0<\/strong> Sabato alle 10,30 appuntamento a Forcella Camp. Ventitre&#8217; anni fa l&#8217;idea di Giorgio Favero e da allora ogni anno \u00e8 diventato punto importante di ritrovo per chi ama la montagna con un pensiero all&#8217;indimenticabile amico Giorgio Favero.<\/p>\n<h3><\/h3>\n<blockquote>\n<h3>FILASTROCCHE E STORIE POPOLARI AL MUSEO ETNOGRAFICO DOLOMITI<\/h3>\n<\/blockquote>\n<p><strong>BELLUNO <\/strong>Come le balie e le mamme addormentano i bambini. \u00c8 un giro del mondo delle ninne nanne, quello proposto dal Museo Etnografico Dolomiti. Un concerto dal titolo \u201cNanna bob\u00f2\u201d che verr\u00e0 proposto sabato prossimo (23 settembre), a cura del coro femminile Vocincanto, diretto dal maestro Francesco Lorenzo Luciani.<\/p>\n<p>&nbsp;<\/p>\n<blockquote>\n<h3>SABATO KARAOKE E DJ SET A L&#8217;AIVAZ<\/h3>\n<\/blockquote>\n<p><strong>FALCADE<\/strong> Sabato dalle 19 a L&#8217;Aivaz sulla piana di Falcade una serata di festa con karaoke e DJ set con Nelio<\/p>\n<p>&nbsp;<\/p>\n<blockquote>\n<h3>IL COMPLEANNO DI INSIEME SI PUO&#8217; FODOM<\/h3>\n<\/blockquote>\n<p><strong>LIVINALLONGO<\/strong> Sabato 23 settembre alle 20 nella sala congressi di Arabba il gruppo Insieme Si Pu\u00f2 di Fodom festeggia il compleanno. 20+2 il titolo della serata in cui verr\u00e0 presentato il libro fotografico di Edy Mariaclara, Anna e Matteo.<\/p>\n<p>&nbsp;<\/p>\n<p><a class=\"dt-pswp-item\" href=\"https:\/\/www.radiopiu.net\/wordpress\/wp-content\/uploads\/2023\/09\/42736ef3-6d90-452a-b3ec-551dca51eeaf.jpg\" data-dt-img-description=\"\" data-large_image_width=\"1456\" data-large_image_height=\"2048\"><img loading=\"lazy\" decoding=\"async\" class=\"size-medium wp-image-352248 alignleft\" src=\"https:\/\/www.radiopiu.net\/wordpress\/wp-content\/uploads\/2023\/09\/42736ef3-6d90-452a-b3ec-551dca51eeaf-213x300.jpg\" alt=\"\" width=\"213\" height=\"300\" srcset=\"https:\/\/www.radiopiu.net\/wordpress\/wp-content\/uploads\/2023\/09\/42736ef3-6d90-452a-b3ec-551dca51eeaf-213x300.jpg 213w, https:\/\/www.radiopiu.net\/wordpress\/wp-content\/uploads\/2023\/09\/42736ef3-6d90-452a-b3ec-551dca51eeaf-728x1024.jpg 728w, https:\/\/www.radiopiu.net\/wordpress\/wp-content\/uploads\/2023\/09\/42736ef3-6d90-452a-b3ec-551dca51eeaf-768x1080.jpg 768w, https:\/\/www.radiopiu.net\/wordpress\/wp-content\/uploads\/2023\/09\/42736ef3-6d90-452a-b3ec-551dca51eeaf-1092x1536.jpg 1092w, https:\/\/www.radiopiu.net\/wordpress\/wp-content\/uploads\/2023\/09\/42736ef3-6d90-452a-b3ec-551dca51eeaf.jpg 1456w\" sizes=\"auto, (max-width: 213px) 100vw, 213px\" \/><\/a><\/p>\n<p>44ESIMA MOSTRA MERCATO A VILLA PATT DI SEDICO. DOMENICA 24 SETTEMBRE DALLE 9.30 A SERA: PRODOTTI AGRICOLI LATTIERO-CASEARI, HOBBYSTICA, FATTORIA DIDATTICA, MOSTRE E GIOCHI DI UNA VOLTA PER GRANDI E BAMBINI CON IL GRUPPO COMITATO PULLIR. IMMANCABILE LA TRUCCABIMBI STRYLLI E L&#8217;ANIMAZIONE PER I PIU&#8217; PICCOLI. ALLE 9.30 CONVEGNO SUL MIELE CON API DOLOMITI, DALLE 11.30 CUCINA APERTA CON PIATTI TIPICI E FORNITISSIMI CHIOSCHI, INTRATTENIMENTO MUSICALE CON FAUSTO E CHIARA. DOMENICA 24 SETTEMBRE A SEDICO VILLA PATT!<\/p>\n<p>&nbsp;<\/p>\n<p>&nbsp;<\/p>\n<p>&nbsp;<\/p>\n<p>&nbsp;<\/p>\n<p>&nbsp;<\/p>\n<p>&nbsp;<\/p>\n<blockquote>\n<h3>IL QUINTO MINITRAIL DI VILLA SAN FRANCESCO<\/h3>\n<\/blockquote>\n<p><strong>PEDAVENA<\/strong> Il 24 settembre \u00e8 in programma il 5\u00b0 Minitrail di Villa San Francesco. Alle 8:30 l&#8217;apertura delle iscrizioni, alle 9:30 la partenza. A seguire premiazioni e rinfresco. Pacco gara per i primi 100 iscritti<\/p>\n<p>&nbsp;<\/p>\n<p>&nbsp;<\/p>\n<blockquote>\n<h4><a class=\"dt-pswp-item\" href=\"https:\/\/www.radiopiu.net\/wordpress\/wp-content\/uploads\/2023\/09\/partenza-G.Rosa-2022.jpg\" data-dt-img-description=\"\" data-large_image_width=\"500\" data-large_image_height=\"500\"><img loading=\"lazy\" decoding=\"async\" class=\" wp-image-353027 alignleft\" src=\"https:\/\/www.radiopiu.net\/wordpress\/wp-content\/uploads\/2023\/09\/partenza-G.Rosa-2022-300x300.jpg\" alt=\"\" width=\"261\" height=\"261\" srcset=\"https:\/\/www.radiopiu.net\/wordpress\/wp-content\/uploads\/2023\/09\/partenza-G.Rosa-2022-300x300.jpg 300w, https:\/\/www.radiopiu.net\/wordpress\/wp-content\/uploads\/2023\/09\/partenza-G.Rosa-2022-150x150.jpg 150w, https:\/\/www.radiopiu.net\/wordpress\/wp-content\/uploads\/2023\/09\/partenza-G.Rosa-2022.jpg 500w\" sizes=\"auto, (max-width: 261px) 100vw, 261px\" \/><\/a>GIORNATA DELLA ROSA &#8211; \u201cALLE SPONDE DEL VESES\u201d<\/h4>\n<\/blockquote>\n<p><strong>SANTA GIUSTINA\u00a0 <\/strong>Domenica\u00a0 Santa Giustina ospiter\u00e0 la nuova edizione de \u201cLa Giornata della Rosa-Alle sponde del Veses\u201d,\u00a0 manifestazione promossa dalla sezione provinciale dell&#8217;AIPD (associazione italiana persone down). L\u2019evento principale \u00e8 quello podistico, con due percorsi distinti lungo le vie centrali e periferiche del paese.\u00a0 Durante la manifestazione si potr\u00e0 sostenere l\u2019AIPD Belluno anche acquistando i biglietti dell\u2019annuale Lotteria.\u00a0 Prossimi appuntamenti: domenica 8 ottobre,\u00a0 banchetti espositivi in vari centri della provincia, domenica 15 ottobre\u201cGiro con le Topolino\u201d, arrivo ad Alleghe.<\/p>\n<p>&nbsp;<\/p>\n<p>&nbsp;<\/p>\n<p>&nbsp;<\/p>\n<blockquote>\n<h3>IL CANTO DEI MIEI SILENZI<\/h3>\n<\/blockquote>\n<p><strong>BELLUNO<\/strong> Domenica alle 17 Arte nuova organizza un evento culturale, presso il palazzo Fulcis di Belluno, con il patrocinio del Comune di Belluno. Un evento particolare, la presentazione dell\u2019ultimo lavoro del pianista bellunese Carlo De Battista.<\/p>\n<p>&nbsp;<\/p>\n<h2><span style=\"color: #ff0000;\">PROSSIMAMENTE&#8230;<\/span><\/h2>\n<p>GALA&#8217; BOLLICINA, QUARTA EDIZIONE. DOMENICA 22 OTTOBRE DALLE 11 ALLE 17 AL NOF FILO&#8217; DI CENCENIGHE. OSPITE D&#8217;ONORE IL SOMMELIER PLURIPREMIATO, LUCA GARDINI, MIGLIOR SOMMELIER AL MONDO 2020 E OGGI AMBASCIATORE DEL METODO CLASSICO. UN EVENTO &#8220;OH PER BACCO, VINI E SAPORI DELLE DOLOMITI.<br \/>\nGALA&#8217; BOLLICINA, DOMENICA 22 OTTOBRE DALLE 11 ALLE 17 AL NOF FILO&#8217; DI CENCENIGHE: 80 BOLLICINE IN DEGUSTAZIONE, 60 AZIENDE PRESENTI, CICCHETTERIA OH PER BACCO, FINGER FOOD E CUCINA &#8220;COSTA&#8221; (o chiusa, come costicina). diretta su radio piu&#8217; E DALLE 17 ALL&#8217;OH PER BACCO AFTER PARTY CON MORGAN DJ info 348 2779135<\/p>\n<p>&nbsp;<\/p>\n<p><a class=\"dt-pswp-item\" href=\"https:\/\/www.radiopiu.net\/wordpress\/wp-content\/uploads\/2023\/09\/880aa720-47e8-48f2-a5b8-7382d84557b2.jpg\" data-dt-img-description=\"\" data-large_image_width=\"1080\" data-large_image_height=\"1533\"><img loading=\"lazy\" decoding=\"async\" class=\"size-medium wp-image-353010 aligncenter\" src=\"https:\/\/www.radiopiu.net\/wordpress\/wp-content\/uploads\/2023\/09\/880aa720-47e8-48f2-a5b8-7382d84557b2-211x300.jpg\" alt=\"\" width=\"211\" height=\"300\" srcset=\"https:\/\/www.radiopiu.net\/wordpress\/wp-content\/uploads\/2023\/09\/880aa720-47e8-48f2-a5b8-7382d84557b2-211x300.jpg 211w, https:\/\/www.radiopiu.net\/wordpress\/wp-content\/uploads\/2023\/09\/880aa720-47e8-48f2-a5b8-7382d84557b2-721x1024.jpg 721w, https:\/\/www.radiopiu.net\/wordpress\/wp-content\/uploads\/2023\/09\/880aa720-47e8-48f2-a5b8-7382d84557b2-768x1090.jpg 768w, https:\/\/www.radiopiu.net\/wordpress\/wp-content\/uploads\/2023\/09\/880aa720-47e8-48f2-a5b8-7382d84557b2.jpg 1080w\" sizes=\"auto, (max-width: 211px) 100vw, 211px\" \/><\/a><\/p>\n<p>&nbsp;<\/p>\n<p>&nbsp;<\/p>\n<p>&nbsp;<\/p>\n<hr \/>\n<p>&nbsp;<\/p>\n<div class=\"message spoilers-container\" dir=\"auto\">\n<div class=\"column\">\n<div class=\"message spoilers-container\" dir=\"auto\">\n<div class=\"column\">\n<p><img loading=\"lazy\" decoding=\"async\" class=\"aligncenter wp-image-61954 size-full\" src=\"https:\/\/www.radiopiu.net\/wordpress\/wp-content\/uploads\/2018\/09\/viabilita.jpeg\" sizes=\"auto, (max-width: 800px) 100vw, 800px\" srcset=\"https:\/\/www.radiopiu.net\/wordpress\/wp-content\/uploads\/2018\/09\/viabilita.jpeg 800w, https:\/\/www.radiopiu.net\/wordpress\/wp-content\/uploads\/2018\/09\/viabilita-300x38.jpeg 300w, https:\/\/www.radiopiu.net\/wordpress\/wp-content\/uploads\/2018\/09\/viabilita-768x96.jpeg 768w\" alt=\"\" width=\"800\" height=\"100\" \/><\/p>\n<\/div>\n<\/div>\n<div class=\"message spoilers-container\" dir=\"auto\">\n<div class=\"column\">\n<p>&nbsp;<\/p>\n<\/div>\n<\/div>\n<\/div>\n<\/div>\n<blockquote class=\"wp-embedded-content\" data-secret=\"DEhUN0O52h\"><p><a href=\"https:\/\/www.radiopiu.net\/wordpress\/viabilita\/\">viabilita<\/a><\/p><\/blockquote>\n<p><iframe loading=\"lazy\" class=\"wp-embedded-content\" sandbox=\"allow-scripts\" security=\"restricted\" style=\"position: absolute; clip: rect(1px, 1px, 1px, 1px);\" title=\"&#8220;viabilita&#8221; &#8212; Radio Pi\u00f9\" src=\"https:\/\/www.radiopiu.net\/wordpress\/viabilita\/embed\/#?secret=9zhKbODr6n#?secret=DEhUN0O52h\" data-secret=\"DEhUN0O52h\" width=\"600\" height=\"338\" frameborder=\"0\" marginwidth=\"0\" marginheight=\"0\" scrolling=\"no\"><\/iframe><\/p>\n<div class=\"message spoilers-container\" dir=\"auto\">\n<div class=\"column\">\n<div class=\"message spoilers-container\" dir=\"auto\">\n<div class=\"column\">\n<div>\n<div dir=\"ltr\">\n<div class=\"gmail_quote\">\n<div dir=\"ltr\">\n<div><\/div>\n<div><\/div>\n<div><\/div>\n<\/div>\n<\/div>\n<\/div>\n<\/div>\n<hr \/>\n<p>&nbsp;<\/p>\n<p><a class=\"dt-pswp-item\" href=\"https:\/\/www.radiopiu.net\/wordpress\/wp-content\/uploads\/2018\/09\/WhatsApp-Image-2018-09-20-at-16.04.06.jpeg\" data-dt-img-description=\"\" data-large_image_width=\"800\" data-large_image_height=\"100\"><img loading=\"lazy\" decoding=\"async\" class=\"wp-image-61378 size-full aligncenter\" src=\"https:\/\/www.radiopiu.net\/wordpress\/wp-content\/uploads\/2018\/09\/WhatsApp-Image-2018-09-20-at-16.04.06.jpeg\" alt=\"\" width=\"800\" height=\"100\" srcset=\"https:\/\/www.radiopiu.net\/wordpress\/wp-content\/uploads\/2018\/09\/WhatsApp-Image-2018-09-20-at-16.04.06.jpeg 800w, https:\/\/www.radiopiu.net\/wordpress\/wp-content\/uploads\/2018\/09\/WhatsApp-Image-2018-09-20-at-16.04.06-300x38.jpeg 300w, https:\/\/www.radiopiu.net\/wordpress\/wp-content\/uploads\/2018\/09\/WhatsApp-Image-2018-09-20-at-16.04.06-768x96.jpeg 768w\" sizes=\"auto, (max-width: 800px) 100vw, 800px\" \/><\/a><\/p>\n<\/div>\n<\/div>\n<p>&nbsp;<\/p>\n<\/div>\n<\/div>\n<p><center><b>OGGI<\/b><\/center>Al mattino soleggiato e stabile, salvo la presenza temporanea di nubi basse in molte valli nelle ore fredde. Nel corso del mattino soleggiamento sempre meno intenso per il transito di nubi alte. Dalle ore centrali modesta attivit\u00e0 cumuliforme, assieme a qualche stratocumulo a ridosso dei rilievi.<br \/>\n<b>Precipitazioni: <\/b>Generalmente assenti al mattino (0%), possibili dalla sera (30-40%) per fenomeni da locali a sparsi, anche a carattere di rovescio o di temporale, specie sulle Prealpi e Pedemontana.<br \/>\n<b>Temperature: <\/b>Minime stazionarie o in lieve calo soprattutto nelle valli, massime stazionarie<\/p>\n<hr \/>\n<p><center><b>DOMANI<\/b><\/center>Cielo irregolarmente nuvoloso a tratti molto nuvoloso con possibili fenomeni sparsi discontinui e intermittenti nel corso della giornata.<br \/>\n<b>Precipitazioni: <\/b>Possibili precipitazioni sparse, discontinue e intermittenti nel corso della giornata (40-50%), anche a carattere di rovescio.<br \/>\n<b>Temperature: <\/b>Minime in rialzo nelle valli e in lieve calo in alta montagna, massime in leggera o contenuta diminuzione<\/p>\n<hr \/>\n<p><center><b>VENERDI<\/b><\/center>Tempo variabile a tratti perturbato con precipitazioni intermittenti, frequenti e diffuse, in prevalenza di moderata intensit\u00e0. Temperature minime stazionarie o in lieve aumento, massime in diminuzione anche sensibile.<\/p>\n<hr \/>\n<p><center><b>SABATO<\/b><\/center>Cielo generalmente nuvoloso o molto nuvoloso con tempo a tratti ancora instabile e probabili precipitazioni sparse anche a carattere di rovescio o di temporale. Temperature minime in calo, massime in contenuto aumento.<\/p>\n<p>&nbsp;<\/p>\n<div class=\"message spoilers-container\" dir=\"auto\">\n<hr \/>\n<p>&nbsp;<\/p>\n<p><img loading=\"lazy\" decoding=\"async\" class=\"wp-image-60761 size-full aligncenter\" src=\"https:\/\/www.radiopiu.net\/wordpress\/wp-content\/uploads\/2018\/09\/sport.jpg\" alt=\"\" width=\"800\" height=\"100\" srcset=\"https:\/\/www.radiopiu.net\/wordpress\/wp-content\/uploads\/2018\/09\/sport.jpg 800w, https:\/\/www.radiopiu.net\/wordpress\/wp-content\/uploads\/2018\/09\/sport-300x38.jpg 300w, https:\/\/www.radiopiu.net\/wordpress\/wp-content\/uploads\/2018\/09\/sport-768x96.jpg 768w\" sizes=\"auto, (max-width: 800px) 100vw, 800px\" \/><\/p>\n<p>&nbsp;<\/p>\n\n\t\t\t<style type='text\/css'>\n\t\t\t\t#gallery-5 {\n\t\t\t\t\tmargin: auto;\n\t\t\t\t}\n\t\t\t\t#gallery-5 .gallery-item {\n\t\t\t\t\tfloat: left;\n\t\t\t\t\tmargin-top: 10px;\n\t\t\t\t\ttext-align: center;\n\t\t\t\t\twidth: 100%;\n\t\t\t\t}\n\t\t\t\t#gallery-5 img {\n\t\t\t\t\tborder: 2px solid #cfcfcf;\n\t\t\t\t}\n\t\t\t\t#gallery-5 .gallery-caption {\n\t\t\t\t\tmargin-left: 0;\n\t\t\t\t}\n\t\t\t\t\/* see gallery_shortcode() in wp-includes\/media.php *\/\n\t\t\t<\/style>\n\t\t<div id='gallery-5' class='dt-gallery-container gallery galleryid-353095 gallery-columns-1 gallery-size-medium'><dl class='gallery-item'>\n\t\t\t\t<dt class='gallery-icon portrait'>\n\t\t\t\t\t<a class=\"rollover rollover-zoom dt-pswp-item\" title=\"df2af2e4-65b2-4b47-8e69-2b3c62d6ec35\" data-dt-img-description=\"\" data-large_image_width=\"724\" data-large_image_height=\"1024\"href='https:\/\/www.radiopiu.net\/wordpress\/wp-content\/uploads\/2023\/09\/df2af2e4-65b2-4b47-8e69-2b3c62d6ec35.jpg'><img loading=\"lazy\" decoding=\"async\" width=\"212\" height=\"300\" src=\"https:\/\/www.radiopiu.net\/wordpress\/wp-content\/uploads\/2023\/09\/df2af2e4-65b2-4b47-8e69-2b3c62d6ec35-212x300.jpg\" class=\"attachment-medium size-medium\" alt=\"\" aria-describedby=\"gallery-5-353211\" srcset=\"https:\/\/www.radiopiu.net\/wordpress\/wp-content\/uploads\/2023\/09\/df2af2e4-65b2-4b47-8e69-2b3c62d6ec35-212x300.jpg 212w, https:\/\/www.radiopiu.net\/wordpress\/wp-content\/uploads\/2023\/09\/df2af2e4-65b2-4b47-8e69-2b3c62d6ec35.jpg 724w\" sizes=\"auto, (max-width: 212px) 100vw, 212px\" \/><\/a>\n\t\t\t\t<\/dt>\n\t\t\t\t\t<dd class='wp-caption-text gallery-caption' id='gallery-5-353211'>\n\t\t\t\t\tSABATO L&#8217;ESORDIO DELLE CIVETTE AL DE TONI\n\t\t\t\t\t<\/dd><\/dl><br style=\"clear: both\" \/>\n\t\t\t<\/div>\n\n<p><span style=\"color: #0000ff;\"><strong>CALCIO<\/strong><\/span><\/p>\n<blockquote>\n<h3>RETI INVIOLATE ALL&#8217;IVANO DORIGO NELLA PRIMA PARTITA IN TERZA CATEGORIA DELL&#8217;AGORDINA<\/h3>\n<\/blockquote>\n<p><span style=\"color: #ff0000;\"><strong><a class=\"dt-pswp-item\" href=\"https:\/\/www.radiopiu.net\/wordpress\/wp-content\/uploads\/2019\/09\/AGORDINA-CALCIO.jpeg\" data-dt-img-description=\"\" data-large_image_width=\"225\" data-large_image_height=\"225\"><img loading=\"lazy\" decoding=\"async\" class=\" wp-image-97575 alignleft\" src=\"https:\/\/www.radiopiu.net\/wordpress\/wp-content\/uploads\/2019\/09\/AGORDINA-CALCIO.jpeg\" alt=\"\" width=\"125\" height=\"125\" srcset=\"https:\/\/www.radiopiu.net\/wordpress\/wp-content\/uploads\/2019\/09\/AGORDINA-CALCIO.jpeg 225w, https:\/\/www.radiopiu.net\/wordpress\/wp-content\/uploads\/2019\/09\/AGORDINA-CALCIO-150x150.jpeg 150w\" sizes=\"auto, (max-width: 125px) 100vw, 125px\" \/><\/a><span style=\"color: #000000;\">di Marco Gaz<\/span><\/strong><\/span><\/p>\n<p><span style=\"color: #ff0000;\"><strong>TERZA CATEGORIA<\/strong><\/span><\/p>\n<p><strong>AGORDINA &#8211; LAMONESE 0-0<\/strong><\/p>\n<p>Termina con un pareggio la prima partita stagionale in Terza categoria dell&#8217;Agordina Calcio. Reti inviolate all&#8217;Ivano Dorigo di Agordo contro la Lamonese nel posticipo della prima giornata di campionato. Un punto a testa dopo una sfida giocata a viso aperto con ben poche occasioni da gol.\u00a0 Il primo tiro verso la porta \u00e8 della squadra di Lamon che al 10&#8242; si vede respingere una conclusione. Gioco che staziona a centrocampo e sul finale di primo tempo la Lamonese sfiora il palo mentre l&#8217;Agordina risponde con Mezzacasa ma il pallone termina fuori di poco. Nella ripresa \u00e8 ancora la squadra ospite a farsi pericolosa ma il portiere dell&#8217;Agordina salva il risultato. Poco dopo Cancel prova una conclusione debole che termina tra le braccia dell&#8217;estremo difensore. Al 75&#8242; la Lamonese ci prova su punizione ma il pallone viene deviato sopra la traversa. Match che continua senza tante emozioni con le due formazioni che sembrano accontentarsi del pareggio.<\/p>\n<p>&nbsp;<\/p>\n<p><span style=\"color: #0000ff;\"><strong>PALLAVOLO<\/strong><\/span><\/p>\n<blockquote>\n<h3>REYES DIMESSO DAL SAN MARTINO DI BELLUNO<\/h3>\n<\/blockquote>\n<p><strong>BELLUNO <\/strong>Alex Reyes \u00e8 stato dimesso dall\u2019ospedale \u201cSan Martino\u201d di Belluno, dove era ricoverato da sabato sera in seguito all\u2019infortunio rimediato alla caviglia in occasione del primo test stagionale.<span class=\"gmail-Apple-converted-space\"> \u00a0<\/span>Lo schiacciatore italo-cubano \u00e8 stato sottoposto a una tac, ma per avere un quadro pi\u00f9 definito rispetto alla reale entit\u00e0 del problema bisogner\u00e0 attendere l\u2019esito della risonanza magnetica, gi\u00e0 in calendario per venerd\u00ec 29 settembre.<span class=\"gmail-Apple-converted-space\">\u00a0<\/span><\/p>\n<\/div>\n","protected":false},"excerpt":{"rendered":"<p>40esimo di RADIOPIU\u2026. LA VOCE DELL\u2019EMOZIONE ISCRIVITI AL NOSTRO CANALE\u00a0\u00a0YOUTUBE PER SEGUIRE IN DIRETTA I PRINCIPALI PROGRAMMI DI RADIO PIU\u2019 E LE FUTURE DIRETTE IN ESTERNA. PER ISCRIVERTI\u00a0CLICCA QUI\u00a0E PREMI\u00a0 \u201cIscriviti\u201d &nbsp; VERSO LA SE DESMONTEGHEA DI FALCADE\u00a0 &nbsp; &nbsp; Ieri Don Luigi Ciotti a Longarone sulla pista da bob da 124 miloni di euro:&hellip;<\/p>\n","protected":false},"author":4,"featured_media":353187,"comment_status":"closed","ping_status":"closed","sticky":false,"template":"","format":"standard","meta":{"_monsterinsights_skip_tracking":false,"_monsterinsights_sitenote_active":false,"_monsterinsights_sitenote_note":"","_monsterinsights_sitenote_category":0,"footnotes":""},"categories":[51,86,49],"tags":[],"class_list":["post-353095","post","type-post","status-publish","format-standard","has-post-thumbnail","hentry","category-evidenza-top","category-gr","category-news-18","category-51","category-86","category-49","description-off"],"img_url":"https:\/\/www.radiopiu.net\/wordpress\/wp-content\/uploads\/2023\/09\/20230919_001411-scaled.jpg","_links":{"self":[{"href":"https:\/\/www.radiopiu.net\/wordpress\/wp-json\/wp\/v2\/posts\/353095","targetHints":{"allow":["GET"]}}],"collection":[{"href":"https:\/\/www.radiopiu.net\/wordpress\/wp-json\/wp\/v2\/posts"}],"about":[{"href":"https:\/\/www.radiopiu.net\/wordpress\/wp-json\/wp\/v2\/types\/post"}],"author":[{"embeddable":true,"href":"https:\/\/www.radiopiu.net\/wordpress\/wp-json\/wp\/v2\/users\/4"}],"replies":[{"embeddable":true,"href":"https:\/\/www.radiopiu.net\/wordpress\/wp-json\/wp\/v2\/comments?post=353095"}],"version-history":[{"count":0,"href":"https:\/\/www.radiopiu.net\/wordpress\/wp-json\/wp\/v2\/posts\/353095\/revisions"}],"wp:featuredmedia":[{"embeddable":true,"href":"https:\/\/www.radiopiu.net\/wordpress\/wp-json\/wp\/v2\/media\/353187"}],"wp:attachment":[{"href":"https:\/\/www.radiopiu.net\/wordpress\/wp-json\/wp\/v2\/media?parent=353095"}],"wp:term":[{"taxonomy":"category","embeddable":true,"href":"https:\/\/www.radiopiu.net\/wordpress\/wp-json\/wp\/v2\/categories?post=353095"},{"taxonomy":"post_tag","embeddable":true,"href":"https:\/\/www.radiopiu.net\/wordpress\/wp-json\/wp\/v2\/tags?post=353095"}],"curies":[{"name":"wp","href":"https:\/\/api.w.org\/{rel}","templated":true}]}}