{"id":353107,"date":"2023-09-19T07:55:58","date_gmt":"2023-09-19T05:55:58","guid":{"rendered":"https:\/\/www.radiopiu.net\/wordpress\/?p=353107"},"modified":"2023-09-19T08:40:31","modified_gmt":"2023-09-19T06:40:31","slug":"la-rassegna-stampa-locale-dal-1983-ogni-giorno-dal-lunedi-al-sabato-alle-otto-del-mattino","status":"publish","type":"post","link":"https:\/\/www.radiopiu.net\/wordpress\/la-rassegna-stampa-locale-dal-1983-ogni-giorno-dal-lunedi-al-sabato-alle-otto-del-mattino\/","title":{"rendered":"LA RASSEGNA STAMPA LOCALE DAL 1983, OGNI GIORNO DAL LUNEDI AL SABATO ALLE OTTO DEL MATTINO."},"content":{"rendered":"<p><iframe loading=\"lazy\" title=\"RASSEGNA STAMPA LOCALE\" width=\"1200\" height=\"675\" src=\"https:\/\/www.youtube.com\/embed\/TG-aRR0wDhA?feature=oembed\" frameborder=\"0\" allow=\"accelerometer; autoplay; clipboard-write; encrypted-media; gyroscope; picture-in-picture; web-share\" allowfullscreen><\/iframe><\/p>\n<p>&nbsp;<\/p>\n<p>Per lavori alla rete idrica comunale, oggi dalle 8:00 a FINE LAVORI verr\u00e0 sospesa l\u2019erogazione dell\u2019acqua a CANALE D&#8217;AGORDO nelle localit\u00e0 FEDER, TEGOSA e VIA PAVIER.<\/p>\n<p>MIGRANTI I sindaci si lamentano dal Prefetto perch\u00e9 ci sia una distribuzione equa dei richiedenti accoglienza e non dei soliti noti. Il Governo ipotizza nuovi centri con una permanenza fino a 18 mesi.<br \/>\nDOLOMITIBUS Di peggio in peggio. Ieri dal Prefetto le parti sindacali sono state chiare: aumentati gli stipendi. L&#8217;azienda risponde prendendo tempo. Si va verso lo sciopero, per ora nessuno ha ancora rassegnato le dimissioni. Anche ieri disagi notevoli, per il secondo giorno e senza preavviso (non era nella corse cancellate), a Livinallongo gli studenti e i lavoratori sono rimasti a piedi di prima mattina. Subito segnalato ma nessuno chieder\u00e0 scusa o rimborser\u00e0 nessuno, nemmeno la quota di aumento decisa unilateralmente da una societ\u00e0 che sta facendo discutere l&#8217;intera Regione.<br \/>\nCROLLI DI ROCCIA Ieri Regione e Soccorso Alpino in sopralluogo dopo i crolli sopra San Vito, sono esclusi rischi per abitati e abitanti, ma la ferrata Berti \u00e8 pericolosa, va chiusa.<br \/>\nBELLUNO In ospedale arriva un Tir, servir\u00e0 per le risonanze magnetiche, per abbattere le liste di attesa. Convenzione: 768 esami per 158.346 euro.<br \/>\nBELLUNO Daniele Trabucco saluta Oscar De Pellegrin e l&#8217;intero gruppo di maggioranza. Dimissioni irrevocabili &#8220;per motivi di lavoro&#8221;, al suo posto il ritorno di Celeste Balcon.<br \/>\nBELLUNO\u00a0 Ieri mattina nel Castionese sulla navetta scolastica che trasportava gli alunni della scuola elementare di Badilet alla struttura del Parco Citt\u00e0 di Bologna. I genitori sono inferociti a causa delle conseguenze: lividi, e dolori dei loro figli. La segnalazione proviene da Mirco Costa, consigliere comunale e padre di due bambini a bordo del pulmino.<br \/>\nPASSO SAN PELLEGRINO Ieri mattina poco dopo le 11 un incidente sul Passo San Pellegrino ha creato qualche disagio alla viabilit\u00e0 con le auto che sono state deviate verso il Passo Valles. Nell&#8217;incidente \u00e8 rimasta ferita una donna tedesca di 60 anni che \u00e8 stata trasportata all&#8217;ospedale di Agordo.<br \/>\nOLTRE UN MILIONE DI EURO A ROCCA PIETORE per interventi sul territorio<br \/>\nINIZIATI I LAVORI PER LA GALLERIA DI TAI DI CADORE<br \/>\nARSIE&#8217;, IL COMUNE RICORRE DOPO IL PRONUNCIAMENTO DEL GIUDICE DI PACE, ALTRI 700 EURO DEI CONTRIBUENTI.<br \/>\nSABATO RITORNA SPORT IN PIAZZA A FELTRE.<br \/>\nARABBA MARMOLADA 2030. VENERDI&#8217; AL RIFUGIO LUIGI GORZA in diretta su tutti i canali di radiopi\u00f9<\/p>\n<p>MOTORI CON UNA GARA DI ANTICIPO DENIS MEZZACASA VINCE LA SEAT IBIZA CUP<br \/>\nHOCKEY SU GHIACCIO BUONA LA PRIMA PER IL CORTINA\/ALLEGHE UNDER 19<br \/>\nCALCIO I GIOVANISSIMI DELL&#8217;AGORDINA INCIAMPANO ALL&#8217;ESORDIO. VENERDI TOCCA AGLI ALLIEVI<br \/>\nATLETICA IL GS LA PIAVE 2000 CORRE IN&#8230; ARGENTO<\/p>\n<p>&nbsp;<\/p>\n<p>&nbsp;<\/p>\n<p>&nbsp;<\/p>\n","protected":false},"excerpt":{"rendered":"<p>&nbsp; Per lavori alla rete idrica comunale, oggi dalle 8:00 a FINE LAVORI verr\u00e0 sospesa l\u2019erogazione dell\u2019acqua a CANALE D&#8217;AGORDO nelle localit\u00e0 FEDER, TEGOSA e VIA PAVIER. MIGRANTI I sindaci si lamentano dal Prefetto perch\u00e9 ci sia una distribuzione equa dei richiedenti accoglienza e non dei soliti noti. Il Governo ipotizza nuovi centri con una&hellip;<\/p>\n","protected":false},"author":4,"featured_media":353108,"comment_status":"closed","ping_status":"closed","sticky":false,"template":"","format":"standard","meta":{"_monsterinsights_skip_tracking":false,"_monsterinsights_sitenote_active":false,"_monsterinsights_sitenote_note":"","_monsterinsights_sitenote_category":0,"footnotes":""},"categories":[104,49,142],"tags":[],"class_list":["post-353107","post","type-post","status-publish","format-standard","has-post-thumbnail","hentry","category-evidenza_3","category-news-18","category-rassegna-stampa","category-104","category-49","category-142","description-off"],"img_url":"https:\/\/www.radiopiu.net\/wordpress\/wp-content\/uploads\/2023\/09\/Senza-nome-44.png","_links":{"self":[{"href":"https:\/\/www.radiopiu.net\/wordpress\/wp-json\/wp\/v2\/posts\/353107","targetHints":{"allow":["GET"]}}],"collection":[{"href":"https:\/\/www.radiopiu.net\/wordpress\/wp-json\/wp\/v2\/posts"}],"about":[{"href":"https:\/\/www.radiopiu.net\/wordpress\/wp-json\/wp\/v2\/types\/post"}],"author":[{"embeddable":true,"href":"https:\/\/www.radiopiu.net\/wordpress\/wp-json\/wp\/v2\/users\/4"}],"replies":[{"embeddable":true,"href":"https:\/\/www.radiopiu.net\/wordpress\/wp-json\/wp\/v2\/comments?post=353107"}],"version-history":[{"count":0,"href":"https:\/\/www.radiopiu.net\/wordpress\/wp-json\/wp\/v2\/posts\/353107\/revisions"}],"wp:featuredmedia":[{"embeddable":true,"href":"https:\/\/www.radiopiu.net\/wordpress\/wp-json\/wp\/v2\/media\/353108"}],"wp:attachment":[{"href":"https:\/\/www.radiopiu.net\/wordpress\/wp-json\/wp\/v2\/media?parent=353107"}],"wp:term":[{"taxonomy":"category","embeddable":true,"href":"https:\/\/www.radiopiu.net\/wordpress\/wp-json\/wp\/v2\/categories?post=353107"},{"taxonomy":"post_tag","embeddable":true,"href":"https:\/\/www.radiopiu.net\/wordpress\/wp-json\/wp\/v2\/tags?post=353107"}],"curies":[{"name":"wp","href":"https:\/\/api.w.org\/{rel}","templated":true}]}}