{"id":353116,"date":"2023-09-19T10:14:06","date_gmt":"2023-09-19T08:14:06","guid":{"rendered":"https:\/\/www.radiopiu.net\/wordpress\/?p=353116"},"modified":"2023-09-19T10:14:06","modified_gmt":"2023-09-19T08:14:06","slug":"omicidio-di-emma-canton-atti-processuali-il-libro-di-roberto-de-nart","status":"publish","type":"post","link":"https:\/\/www.radiopiu.net\/wordpress\/omicidio-di-emma-canton-atti-processuali-il-libro-di-roberto-de-nart\/","title":{"rendered":"OMICIDIO DI EMMA CANTON-atti processuali- IL LIBRO DI ROBERTO DE NART"},"content":{"rendered":"<p><strong><a class=\"dt-pswp-item\" href=\"https:\/\/www.radiopiu.net\/wordpress\/wp-content\/uploads\/2023\/09\/copertina-cartaceo-omicidio-emma-canton.jpg\" data-dt-img-description=\"\" data-large_image_width=\"691\" data-large_image_height=\"1031\"><img loading=\"lazy\" decoding=\"async\" class=\"size-medium wp-image-353117 alignleft\" src=\"https:\/\/www.radiopiu.net\/wordpress\/wp-content\/uploads\/2023\/09\/copertina-cartaceo-omicidio-emma-canton-201x300.jpg\" alt=\"\" width=\"201\" height=\"300\" srcset=\"https:\/\/www.radiopiu.net\/wordpress\/wp-content\/uploads\/2023\/09\/copertina-cartaceo-omicidio-emma-canton-201x300.jpg 201w, https:\/\/www.radiopiu.net\/wordpress\/wp-content\/uploads\/2023\/09\/copertina-cartaceo-omicidio-emma-canton-686x1024.jpg 686w, https:\/\/www.radiopiu.net\/wordpress\/wp-content\/uploads\/2023\/09\/copertina-cartaceo-omicidio-emma-canton.jpg 691w\" sizes=\"auto, (max-width: 201px) 100vw, 201px\" \/><\/a>BELLUNO<\/strong> Novant\u2019anni fa, nella frazione di Sant\u2019Antonio di Tortal (Borgo Valbelluna), la giovane Emma Canton veniva uccisa barbaramente per mano del suo coetaneo Abele De Barba con il quale aveva avuto una relazione sentimentale. La vicenda, ricostruita attraverso gli atti processuali conservati all\u2019Archivio di Stato di Venezia, \u00e8 contenuta nell\u2019ultimo libro di Roberto De Nart dal titolo \u201cOmicidio di Emma Canton\u201d con postfazione dell\u2019Associazione Belluno-Donna (Bellunopress Editore, 220 pagine, 15 euro) disponibile a breve nelle librerie e in formato elettronico eBook su Amazon. Emma Canton, 22enne di Confos, viene attirata in una trappola mortale e assassinata brutalmente nella notte tra sabato 4 e domenica del 5 febbraio del 1933 a Sant\u2019Antonio Tortal dal suo ex fidanzato Abele De Barba. Un omicidio orrendo, per le <a class=\"dt-pswp-item\" href=\"https:\/\/www.radiopiu.net\/wordpress\/wp-content\/uploads\/2023\/09\/copertina-epub-omicidio-di-emma-canton.jpg\" data-dt-img-description=\"\" data-large_image_width=\"1747\" data-large_image_height=\"2400\"><img loading=\"lazy\" decoding=\"async\" class=\"size-medium wp-image-353118 alignright\" src=\"https:\/\/www.radiopiu.net\/wordpress\/wp-content\/uploads\/2023\/09\/copertina-epub-omicidio-di-emma-canton-218x300.jpg\" alt=\"\" width=\"218\" height=\"300\" srcset=\"https:\/\/www.radiopiu.net\/wordpress\/wp-content\/uploads\/2023\/09\/copertina-epub-omicidio-di-emma-canton-218x300.jpg 218w, https:\/\/www.radiopiu.net\/wordpress\/wp-content\/uploads\/2023\/09\/copertina-epub-omicidio-di-emma-canton-745x1024.jpg 745w, https:\/\/www.radiopiu.net\/wordpress\/wp-content\/uploads\/2023\/09\/copertina-epub-omicidio-di-emma-canton-768x1055.jpg 768w, https:\/\/www.radiopiu.net\/wordpress\/wp-content\/uploads\/2023\/09\/copertina-epub-omicidio-di-emma-canton-1118x1536.jpg 1118w, https:\/\/www.radiopiu.net\/wordpress\/wp-content\/uploads\/2023\/09\/copertina-epub-omicidio-di-emma-canton-1491x2048.jpg 1491w, https:\/\/www.radiopiu.net\/wordpress\/wp-content\/uploads\/2023\/09\/copertina-epub-omicidio-di-emma-canton.jpg 1747w\" sizes=\"auto, (max-width: 218px) 100vw, 218px\" \/><\/a>modalit\u00e0 adottate dall\u2019assassino, reso ancor pi\u00f9 odioso perch\u00e9 Emma era incinta di due mesi a seguito della relazione poi interrotta con lo stesso De Barba. Ma c\u2019\u00e8 di pi\u00f9, come rivelano gli atti processuali. Perch\u00e9 anche da morta Emma sar\u00e0 lasciata sola dalla comunit\u00e0 in cui vive. Possibile che su una sessantina di testimoni, che sfilano dinanzi al pubblico ministero, se si escludono i parenti pi\u00f9 vicini, ad inquadrare la personalit\u00e0 criminale del De Barba sia solo un\u2019altra donna, la vicina di casa dell\u2019omicida, che dichiarer\u00e0 agli inquirenti: \u201cE\u2019 un giovane falso, e nell\u2019intimit\u00e0 un violento\u201d! Per tutti gli altri, Abele De Barba \u00e8 un bravo giovane laborioso! Ebbene, novant\u2019anni sembrano trascorsi inutilmente, dal momento che anche oggi succedono fatti analoghi, dove talvolta \u00e8 ancora la vittima ad essere colpevolizzata. La vicenda processuale si concluder\u00e0 otto mesi dopo l\u2019omicidio, il 12 ottobre 1933, con una serie di colpi di scena con la sentenza di condanna all\u2019ergastolo di Abele De Barba, pronunciata dalla Corte d\u2019Assise di Belluno, pena inasprita da un anno di isolamento, per aver ucciso per motivi abbietti e con premeditazione. Ma l\u2019ergastolo in Italia, non significa fine pena mai, come si vedr\u00e0, nemmeno per i peggiori criminali.<\/p>\n<p>&nbsp;<\/p>\n<p>&nbsp;<\/p>\n<hr \/>\n<p>&nbsp;<\/p>\n","protected":false},"excerpt":{"rendered":"<p>BELLUNO Novant\u2019anni fa, nella frazione di Sant\u2019Antonio di Tortal (Borgo Valbelluna), la giovane Emma Canton veniva uccisa barbaramente per mano del suo coetaneo Abele De Barba con il quale aveva avuto una relazione sentimentale. La vicenda, ricostruita attraverso gli atti processuali conservati all\u2019Archivio di Stato di Venezia, \u00e8 contenuta nell\u2019ultimo libro di Roberto De Nart&hellip;<\/p>\n","protected":false},"author":4,"featured_media":353117,"comment_status":"closed","ping_status":"closed","sticky":false,"template":"","format":"standard","meta":{"_monsterinsights_skip_tracking":false,"_monsterinsights_sitenote_active":false,"_monsterinsights_sitenote_note":"","_monsterinsights_sitenote_category":0,"footnotes":""},"categories":[49],"tags":[],"class_list":["post-353116","post","type-post","status-publish","format-standard","has-post-thumbnail","hentry","category-news-18","category-49","description-off"],"img_url":"https:\/\/www.radiopiu.net\/wordpress\/wp-content\/uploads\/2023\/09\/copertina-cartaceo-omicidio-emma-canton.jpg","_links":{"self":[{"href":"https:\/\/www.radiopiu.net\/wordpress\/wp-json\/wp\/v2\/posts\/353116","targetHints":{"allow":["GET"]}}],"collection":[{"href":"https:\/\/www.radiopiu.net\/wordpress\/wp-json\/wp\/v2\/posts"}],"about":[{"href":"https:\/\/www.radiopiu.net\/wordpress\/wp-json\/wp\/v2\/types\/post"}],"author":[{"embeddable":true,"href":"https:\/\/www.radiopiu.net\/wordpress\/wp-json\/wp\/v2\/users\/4"}],"replies":[{"embeddable":true,"href":"https:\/\/www.radiopiu.net\/wordpress\/wp-json\/wp\/v2\/comments?post=353116"}],"version-history":[{"count":0,"href":"https:\/\/www.radiopiu.net\/wordpress\/wp-json\/wp\/v2\/posts\/353116\/revisions"}],"wp:featuredmedia":[{"embeddable":true,"href":"https:\/\/www.radiopiu.net\/wordpress\/wp-json\/wp\/v2\/media\/353117"}],"wp:attachment":[{"href":"https:\/\/www.radiopiu.net\/wordpress\/wp-json\/wp\/v2\/media?parent=353116"}],"wp:term":[{"taxonomy":"category","embeddable":true,"href":"https:\/\/www.radiopiu.net\/wordpress\/wp-json\/wp\/v2\/categories?post=353116"},{"taxonomy":"post_tag","embeddable":true,"href":"https:\/\/www.radiopiu.net\/wordpress\/wp-json\/wp\/v2\/tags?post=353116"}],"curies":[{"name":"wp","href":"https:\/\/api.w.org\/{rel}","templated":true}]}}