{"id":353123,"date":"2023-09-19T13:24:49","date_gmt":"2023-09-19T11:24:49","guid":{"rendered":"https:\/\/www.radiopiu.net\/wordpress\/?p=353123"},"modified":"2023-09-19T13:24:49","modified_gmt":"2023-09-19T11:24:49","slug":"dillo-a-radio-piu-cara-dolomitibus-se-non-ci-sono-servizi-non-ce-utenza-e-non-viceversa","status":"publish","type":"post","link":"https:\/\/www.radiopiu.net\/wordpress\/dillo-a-radio-piu-cara-dolomitibus-se-non-ci-sono-servizi-non-ce-utenza-e-non-viceversa\/","title":{"rendered":"DILLO A RADIO PIU&#8217;&#8230; CARA DOLOMITIBUS SE NON CI SONO SERVIZI NON C&#8217;E&#8217; UTENZA E NON VICEVERSA"},"content":{"rendered":"<p><strong>REDAZIONE<\/strong> Spesso i nostri notiziari hanno messo in evidenza la scarsit\u00e0 di servizi del trasporto pubblico nei giorni festivi (nei giorni in cui rimane chiusa Luxottica in particolare). Spesso abbiamo rimarcato la totale assenza. Ma tutti, utenti in primis, hanno dovuto arrendersi, anche davanti alle risposte della Dolomitibus. Oggi il problema riemerge in tutta la sua interezza come ci scrive una nostra ascoltatrice.<\/p>\n<p>&nbsp;<\/p>\n<p>Vorrei dire la mia sulla situazione delle corriere dolomitibus e sul fatto che oramai intere comunit\u00e0 montane del bellunese siano di fatto isolate.\u00a0 Mia suocera possiede una casa nella valle agordina e noi non abbiamo la possibilit\u00e0 di utilizzare l&#8217;automobile. Quest&#8217;estate arrivavamo in treno a Belluno e poi prendevamo la corriera della dolomitibus per Falcade. La situazione dell&#8217;anno scorso, fino al 15 giugno era che di fatto eravamo impossibilitati a fare un week end a casa nostra in quanto alla domenica e nei festivi NON ESISTEVA nemmeno un autobus in grado di riportarci a Belluno (noi il luned\u00ec lavoriamo). La dolomitibus ci ha risposto che non c\u2019\u00e8 utenza e quindi alcuni servizi sono stati soppressi (mi permetto di dire che \u00e8 esattamente il contrario, non c&#8217;\u00e8 utenza perch\u00e9 non ci sono servizi&#8230; semmai) e che potevamo prendere un taxi \u2013 andata e ritorno da Falcade a Belluno 160 euro. Comunque per manutenere la casa abbiamo preso qualche luned\u00ec di ferie per poter avere dei mezzi con cui arrivare alla stazione di Belluno. Essendo OVVIO che i mezzi scolastici sono i primi a dover essere garantiti mi permetto di dire, essendo 45 anni che frequento la valle ed avendo numerose amicizie tra i residenti, che la mancanza di mezzi ha creato disagi non solo a noi \u201cturisti\u201d che dobbiamo andare su per riunioni di condominio, manutenere la casa etc, ma anche a MOLTISSIMI RESIDENTI (lavoratori e studenti) che devono lavorare e studiare fuori sede. Di fatto l\u2019anno scorso non essendoci nessun bus nei festivi erano impossibilitati a tornare a casa in quanto non c\u2019erano poi mezzi per tornare alla domenica sera al loro posto di studio o lavoro.<br \/>\nQuest\u2019anno cosa dobbiamo fare?<br \/>\nAspettare il 15 giugno (forse) per poter andare su?<\/p>\n<p>S.V.<\/p>\n<p>&nbsp;<\/p>\n<p>&nbsp;<\/p>\n<p>___<\/p>\n","protected":false},"excerpt":{"rendered":"<p>REDAZIONE Spesso i nostri notiziari hanno messo in evidenza la scarsit\u00e0 di servizi del trasporto pubblico nei giorni festivi (nei giorni in cui rimane chiusa Luxottica in particolare). Spesso abbiamo rimarcato la totale assenza. Ma tutti, utenti in primis, hanno dovuto arrendersi, anche davanti alle risposte della Dolomitibus. Oggi il problema riemerge in tutta la&hellip;<\/p>\n","protected":false},"author":4,"featured_media":353124,"comment_status":"closed","ping_status":"closed","sticky":false,"template":"","format":"standard","meta":{"_monsterinsights_skip_tracking":false,"_monsterinsights_sitenote_active":false,"_monsterinsights_sitenote_note":"","_monsterinsights_sitenote_category":0,"footnotes":""},"categories":[51,49],"tags":[],"class_list":["post-353123","post","type-post","status-publish","format-standard","has-post-thumbnail","hentry","category-evidenza-top","category-news-18","category-51","category-49","description-off"],"img_url":"https:\/\/www.radiopiu.net\/wordpress\/wp-content\/uploads\/2023\/09\/th-20.jpg","_links":{"self":[{"href":"https:\/\/www.radiopiu.net\/wordpress\/wp-json\/wp\/v2\/posts\/353123","targetHints":{"allow":["GET"]}}],"collection":[{"href":"https:\/\/www.radiopiu.net\/wordpress\/wp-json\/wp\/v2\/posts"}],"about":[{"href":"https:\/\/www.radiopiu.net\/wordpress\/wp-json\/wp\/v2\/types\/post"}],"author":[{"embeddable":true,"href":"https:\/\/www.radiopiu.net\/wordpress\/wp-json\/wp\/v2\/users\/4"}],"replies":[{"embeddable":true,"href":"https:\/\/www.radiopiu.net\/wordpress\/wp-json\/wp\/v2\/comments?post=353123"}],"version-history":[{"count":0,"href":"https:\/\/www.radiopiu.net\/wordpress\/wp-json\/wp\/v2\/posts\/353123\/revisions"}],"wp:featuredmedia":[{"embeddable":true,"href":"https:\/\/www.radiopiu.net\/wordpress\/wp-json\/wp\/v2\/media\/353124"}],"wp:attachment":[{"href":"https:\/\/www.radiopiu.net\/wordpress\/wp-json\/wp\/v2\/media?parent=353123"}],"wp:term":[{"taxonomy":"category","embeddable":true,"href":"https:\/\/www.radiopiu.net\/wordpress\/wp-json\/wp\/v2\/categories?post=353123"},{"taxonomy":"post_tag","embeddable":true,"href":"https:\/\/www.radiopiu.net\/wordpress\/wp-json\/wp\/v2\/tags?post=353123"}],"curies":[{"name":"wp","href":"https:\/\/api.w.org\/{rel}","templated":true}]}}