{"id":353134,"date":"2023-09-19T14:08:40","date_gmt":"2023-09-19T12:08:40","guid":{"rendered":"https:\/\/www.radiopiu.net\/wordpress\/?p=353134"},"modified":"2023-09-19T19:51:09","modified_gmt":"2023-09-19T17:51:09","slug":"e-claudio-costa-il-nuovo-referente-della-categoria","status":"publish","type":"post","link":"https:\/\/www.radiopiu.net\/wordpress\/e-claudio-costa-il-nuovo-referente-della-categoria\/","title":{"rendered":"E&#8217; CLAUDIO COSTA IL NUOVO REFERENTE DELLA CATEGORIA"},"content":{"rendered":"<p><strong><a class=\"dt-pswp-item\" href=\"https:\/\/www.radiopiu.net\/wordpress\/wp-content\/uploads\/2023\/09\/288603206_10228801185559683_7678000387348962564_n.jpg\" data-dt-img-description=\"\" data-large_image_width=\"720\" data-large_image_height=\"720\"><img loading=\"lazy\" decoding=\"async\" class=\" wp-image-353137 alignleft\" src=\"https:\/\/www.radiopiu.net\/wordpress\/wp-content\/uploads\/2023\/09\/288603206_10228801185559683_7678000387348962564_n-300x300.jpg\" alt=\"\" width=\"245\" height=\"245\" srcset=\"https:\/\/www.radiopiu.net\/wordpress\/wp-content\/uploads\/2023\/09\/288603206_10228801185559683_7678000387348962564_n-300x300.jpg 300w, https:\/\/www.radiopiu.net\/wordpress\/wp-content\/uploads\/2023\/09\/288603206_10228801185559683_7678000387348962564_n-150x150.jpg 150w, https:\/\/www.radiopiu.net\/wordpress\/wp-content\/uploads\/2023\/09\/288603206_10228801185559683_7678000387348962564_n.jpg 720w\" sizes=\"auto, (max-width: 245px) 100vw, 245px\" \/><\/a>CANALE D&#8217;AGORDO<\/strong><i> <\/i>\u00a0Nel mondo del commercio e dell&#8217;artigianato, la passione e la tradizione familiare spesso si intrecciano in un connubio che produce eccellenza. Questa realt\u00e0 \u00e8 ben rappresentata da Claudio Costa, il rinomato macellaio di Canale d&#8217;Agordo, che ha recentemente assunto il ruolo di referente di categoria per i macellai nell&#8217;ambito di Confcommercio. Figlio d&#8217;arte, Claudio Costa ha ereditato la sua passione per la carne e la macellazione dalla sua famiglia, che \u00e8 stata coinvolta nel settore per generazioni. Questa lunga tradizione di conoscenza e abilit\u00e0 si \u00e8 rivelata fondamentale per il suo successo come macellaio e, ora, come rappresentante di categoria. Il Presidente di Confcommercio, Paolo Doglioni, ha dichiarato:<em> &#8220;Siamo entusiasti di accogliere Claudio Costa come il nostro nuovo referente di categoria per i macellai. La sua decisione di mettersi a disposizione \u00e8 un gesto di straordinaria generosit\u00e0 e un segno del suo impegno a servire la comunit\u00e0 commerciale locale. Claudio \u00e8 ben noto nella nostra associazione per la sua competenza e dedizione, e siamo sicuri che porter\u00e0 una prospettiva preziosa al tavolo delle discussioni.&#8221; <\/em>Il ruolo di referente di categoria all&#8217;interno di Confcommercio \u00e8 cruciale per rappresentare gli interessi dei professionisti del settore, promuovere le migliori pratiche commerciali e favorire la collaborazione tra i colleghi. Claudio Costa si \u00e8 reso disponibile con lo spirito di essere un punto di contatto affidabile tra i macellai locali e l&#8217;associazione, con l&#8217;obiettivo di migliorare la coesione e il successo dell&#8217;intera comunit\u00e0 dei macellai. In risposta alla nomina, Con la nomina di Claudio Costa come referente di categoria, Confcommercio invita i macellai\u00a0 a rapportarsi con il nuovo rappresentante, fornendo feedback e suggerimenti per aiutare a plasmare il futuro del settore.<\/p>\n<div class=\"flex-1 overflow-hidden\">\n<div class=\"react-scroll-to-bottom--css-dhqcr-79elbk h-full dark:bg-gray-800\">\n<div class=\"react-scroll-to-bottom--css-dhqcr-1n7m0yu\">\n<div class=\"flex flex-col text-sm dark:bg-gray-800\">\n<div class=\"group w-full text-token-text-primary border-b border-black\/10 dark:border-gray-900\/50 bg-gray-50 dark:bg-[#444654]\" data-testid=\"conversation-turn-3\">\n<div class=\"p-4 justify-center text-base md:gap-6 md:py-6 m-auto\">\n<div class=\"flex flex-1 gap-4 text-base mx-auto md:gap-6 md:max-w-2xl lg:max-w-[38rem] xl:max-w-3xl }\">\n<div class=\"relative flex w-[calc(100%-50px)] flex-col gap-1 md:gap-3 lg:w-[calc(100%-115px)]\">\n<div class=\"flex flex-grow flex-col gap-3 max-w-full\">\n<div class=\"min-h-[20px] flex flex-col items-start gap-3 overflow-x-auto whitespace-pre-wrap break-words\">\n<div class=\"markdown prose w-full break-words dark:prose-invert light\">\n<blockquote><p>La storia di Claudio Costa \u00e8 un esempio di come la passione per un mestiere possa trasformarsi in un contributo significativo alla comunit\u00e0 imprenditoriale locale. La sua nomina come referente di categoria \u00e8 un riconoscimento del suo impegno e della sua dedizione, e promette di portare ulteriori benefici al settore della macellazione a in provincia.<\/p><\/blockquote>\n<\/div>\n<\/div>\n<\/div>\n<div class=\"flex justify-between lg:block\"><\/div>\n<\/div>\n<\/div>\n<\/div>\n<\/div>\n<\/div>\n<\/div>\n<\/div>\n<\/div>\n<div class=\"absolute bottom-0 left-0 w-full border-t md:border-t-0 dark:border-white\/20 md:border-transparent md:dark:border-transparent md:bg-vert-light-gradient bg-white dark:bg-gray-800 md:!bg-transparent dark:md:bg-vert-dark-gradient pt-2 md:pl-2 md:w-[calc(100%-.5rem)]\">\n<form class=\"stretch mx-2 flex flex-row gap-3 last:mb-2 md:mx-4 md:last:mb-6 lg:mx-auto lg:max-w-2xl xl:max-w-3xl\">\n<div class=\"relative flex h-full flex-1 items-stretch md:flex-col\">\n<div>\n<div class=\"h-full flex ml-1 md:w-full md:m-auto md:mb-4 gap-0 md:gap-2 justify-center\">___<\/div>\n<\/div>\n<\/div>\n<\/form>\n<\/div>\n","protected":false},"excerpt":{"rendered":"<p>CANALE D&#8217;AGORDO \u00a0Nel mondo del commercio e dell&#8217;artigianato, la passione e la tradizione familiare spesso si intrecciano in un connubio che produce eccellenza. Questa realt\u00e0 \u00e8 ben rappresentata da Claudio Costa, il rinomato macellaio di Canale d&#8217;Agordo, che ha recentemente assunto il ruolo di referente di categoria per i macellai nell&#8217;ambito di Confcommercio. Figlio d&#8217;arte,&hellip;<\/p>\n","protected":false},"author":4,"featured_media":353137,"comment_status":"closed","ping_status":"closed","sticky":false,"template":"","format":"standard","meta":{"_monsterinsights_skip_tracking":false,"_monsterinsights_sitenote_active":false,"_monsterinsights_sitenote_note":"","_monsterinsights_sitenote_category":0,"footnotes":""},"categories":[49],"tags":[],"class_list":["post-353134","post","type-post","status-publish","format-standard","has-post-thumbnail","hentry","category-news-18","category-49","description-off"],"img_url":"https:\/\/www.radiopiu.net\/wordpress\/wp-content\/uploads\/2023\/09\/288603206_10228801185559683_7678000387348962564_n.jpg","_links":{"self":[{"href":"https:\/\/www.radiopiu.net\/wordpress\/wp-json\/wp\/v2\/posts\/353134","targetHints":{"allow":["GET"]}}],"collection":[{"href":"https:\/\/www.radiopiu.net\/wordpress\/wp-json\/wp\/v2\/posts"}],"about":[{"href":"https:\/\/www.radiopiu.net\/wordpress\/wp-json\/wp\/v2\/types\/post"}],"author":[{"embeddable":true,"href":"https:\/\/www.radiopiu.net\/wordpress\/wp-json\/wp\/v2\/users\/4"}],"replies":[{"embeddable":true,"href":"https:\/\/www.radiopiu.net\/wordpress\/wp-json\/wp\/v2\/comments?post=353134"}],"version-history":[{"count":0,"href":"https:\/\/www.radiopiu.net\/wordpress\/wp-json\/wp\/v2\/posts\/353134\/revisions"}],"wp:featuredmedia":[{"embeddable":true,"href":"https:\/\/www.radiopiu.net\/wordpress\/wp-json\/wp\/v2\/media\/353137"}],"wp:attachment":[{"href":"https:\/\/www.radiopiu.net\/wordpress\/wp-json\/wp\/v2\/media?parent=353134"}],"wp:term":[{"taxonomy":"category","embeddable":true,"href":"https:\/\/www.radiopiu.net\/wordpress\/wp-json\/wp\/v2\/categories?post=353134"},{"taxonomy":"post_tag","embeddable":true,"href":"https:\/\/www.radiopiu.net\/wordpress\/wp-json\/wp\/v2\/tags?post=353134"}],"curies":[{"name":"wp","href":"https:\/\/api.w.org\/{rel}","templated":true}]}}