{"id":353166,"date":"2023-09-19T15:46:15","date_gmt":"2023-09-19T13:46:15","guid":{"rendered":"https:\/\/www.radiopiu.net\/wordpress\/?p=353166"},"modified":"2023-09-20T06:00:51","modified_gmt":"2023-09-20T04:00:51","slug":"100-anni-fa-il-caselo-a-digoman-domenica","status":"publish","type":"post","link":"https:\/\/www.radiopiu.net\/wordpress\/100-anni-fa-il-caselo-a-digoman-domenica\/","title":{"rendered":"100 ANNI FA IL CASELO A DIGOMAN. DOMENICA LA FESTA"},"content":{"rendered":"<p><strong>VOLTAGO <\/strong>Era l\u2019estate del 1923 quando entr\u00f2 in funzione il <em>cas\u00e8lo<\/em> (latteria turnaria) di Digoman. Istituita e costruita <em>a pi\u00f3dech<\/em> (in maniera gratuita) dagli stessi capifamiglia della piccola frazione di Voltago \u2013 che poi ne sarebbero diventati soci \u2013 la latteria di Digoman rimase attiva fino al 1982; in piena stagione, negli anni in cui ogni famiglia possedeva almeno una vacca, lavorava 450\/500 litri di latte al giorno. Nella mattina di domenica 24 settembre, dalle ore 10.00, giusto a un secolo esatto da quel lontano 1923, verr\u00e0 ricordata questa importante e fondamentale realt\u00e0 associativa di quella comunit\u00e0 con lo scoprimento di una targa commemorativa, nella piazzetta del paese, alla presenza del sindaco di Voltago Giuseppe Schena. Per l\u2019occasione verr\u00e0 aperto e riattivato il <em>cas\u00e8lo,<\/em> dove un casaro produrr\u00e0 la <em>sc\u00f2ta<\/em> (cagliata); verr\u00e0 pure scoperta, proprio a fianco del <em>cas\u00e8lo<\/em>, una seconda targa che ricorder\u00e0 la presenza in paese anche di un forno per l\u2019essiccamento della canapa. Tale costruzione, utilizzata fino al 1920 circa, era una delle poche del genere presenti nella zona e veniva utilizzata per rendere gli steli di questa pianta adatti alla loro successiva lavorazione. Il prodotto finale dell\u2019essiccamento e di altri lunghi e complessi trattamenti della canapa portava alla produzione di quei tessuti, tanto ruvidi quanto resistenti, di cui erano composte lenzuola e <em>d\u00f2ta<\/em> (corredo matrimoniale femminile) delle nostre nonne. Proprio a dimostrazione della tessitura manuale della canapa, sulla piazzetta di Digoman una esperta, con il suo telaio, mostrer\u00e0 i segreti di questa artistica lavorazione. A cornice di tutto ci\u00f2 si esibir\u00e0 il Gruppo Folk del P\u00f3i e ci sar\u00e0 la \u201crumorosa\u201d visita delle <em>Donaze<\/em>. Non mancher\u00e0, dulcis in fundo, un appetitoso rinfresco offerto a tutti i presenti dagli abitanti di questo bel paesino alle pendici dell\u2019Agner.<\/p>\n<p>&nbsp;<\/p>\n\n\t\t\t<style type='text\/css'>\n\t\t\t\t#gallery-1 {\n\t\t\t\t\tmargin: auto;\n\t\t\t\t}\n\t\t\t\t#gallery-1 .gallery-item {\n\t\t\t\t\tfloat: left;\n\t\t\t\t\tmargin-top: 10px;\n\t\t\t\t\ttext-align: center;\n\t\t\t\t\twidth: 25%;\n\t\t\t\t}\n\t\t\t\t#gallery-1 img {\n\t\t\t\t\tborder: 2px solid #cfcfcf;\n\t\t\t\t}\n\t\t\t\t#gallery-1 .gallery-caption {\n\t\t\t\t\tmargin-left: 0;\n\t\t\t\t}\n\t\t\t\t\/* see gallery_shortcode() in wp-includes\/media.php *\/\n\t\t\t<\/style>\n\t\t<div id='gallery-1' class='dt-gallery-container gallery galleryid-353166 gallery-columns-4 gallery-size-thumbnail'><dl class='gallery-item'>\n\t\t\t\t<dt class='gallery-icon landscape'>\n\t\t\t\t\t<a class=\"rollover rollover-zoom dt-pswp-item\" title=\"Latteria\" data-dt-img-description=\"\" data-large_image_width=\"1476\" data-large_image_height=\"984\"href='https:\/\/www.radiopiu.net\/wordpress\/wp-content\/uploads\/2023\/09\/Latteria.jpg'><img loading=\"lazy\" decoding=\"async\" width=\"150\" height=\"150\" src=\"https:\/\/www.radiopiu.net\/wordpress\/wp-content\/uploads\/2023\/09\/Latteria-150x150.jpg\" class=\"attachment-thumbnail size-thumbnail\" alt=\"\" \/><\/a>\n\t\t\t\t<\/dt><\/dl><dl class='gallery-item'>\n\t\t\t\t<dt class='gallery-icon portrait'>\n\t\t\t\t\t<a class=\"rollover rollover-zoom dt-pswp-item\" title=\"Tessitrice\" data-dt-img-description=\"\" data-large_image_width=\"721\" data-large_image_height=\"918\"href='https:\/\/www.radiopiu.net\/wordpress\/wp-content\/uploads\/2023\/09\/Tessitrice.jpg'><img loading=\"lazy\" decoding=\"async\" width=\"150\" height=\"150\" src=\"https:\/\/www.radiopiu.net\/wordpress\/wp-content\/uploads\/2023\/09\/Tessitrice-150x150.jpg\" class=\"attachment-thumbnail size-thumbnail\" alt=\"\" \/><\/a>\n\t\t\t\t<\/dt><\/dl><dl class='gallery-item'>\n\t\t\t\t<dt class='gallery-icon landscape'>\n\t\t\t\t\t<a class=\"rollover rollover-zoom dt-pswp-item\" title=\"GruppoFolkPoi\" data-dt-img-description=\"\" data-large_image_width=\"1194\" data-large_image_height=\"891\"href='https:\/\/www.radiopiu.net\/wordpress\/wp-content\/uploads\/2023\/09\/GruppoFolkPoi.jpg'><img loading=\"lazy\" decoding=\"async\" width=\"150\" height=\"150\" src=\"https:\/\/www.radiopiu.net\/wordpress\/wp-content\/uploads\/2023\/09\/GruppoFolkPoi-150x150.jpg\" class=\"attachment-thumbnail size-thumbnail\" alt=\"\" \/><\/a>\n\t\t\t\t<\/dt><\/dl><dl class='gallery-item'>\n\t\t\t\t<dt class='gallery-icon landscape'>\n\t\t\t\t\t<a class=\"rollover rollover-zoom dt-pswp-item\" title=\"Donaze\" data-dt-img-description=\"\" data-large_image_width=\"1181\" data-large_image_height=\"886\"href='https:\/\/www.radiopiu.net\/wordpress\/wp-content\/uploads\/2023\/09\/Donaze.jpg'><img loading=\"lazy\" decoding=\"async\" width=\"150\" height=\"150\" src=\"https:\/\/www.radiopiu.net\/wordpress\/wp-content\/uploads\/2023\/09\/Donaze-150x150.jpg\" class=\"attachment-thumbnail size-thumbnail\" alt=\"\" \/><\/a>\n\t\t\t\t<\/dt><\/dl><br style=\"clear: both\" \/>\n\t\t\t<\/div>\n\n","protected":false},"excerpt":{"rendered":"<p>VOLTAGO Era l\u2019estate del 1923 quando entr\u00f2 in funzione il cas\u00e8lo (latteria turnaria) di Digoman. Istituita e costruita a pi\u00f3dech (in maniera gratuita) dagli stessi capifamiglia della piccola frazione di Voltago \u2013 che poi ne sarebbero diventati soci \u2013 la latteria di Digoman rimase attiva fino al 1982; in piena stagione, negli anni in cui&hellip;<\/p>\n","protected":false},"author":4,"featured_media":353168,"comment_status":"closed","ping_status":"closed","sticky":false,"template":"","format":"standard","meta":{"_monsterinsights_skip_tracking":false,"_monsterinsights_sitenote_active":false,"_monsterinsights_sitenote_note":"","_monsterinsights_sitenote_category":0,"footnotes":""},"categories":[51,49],"tags":[],"class_list":["post-353166","post","type-post","status-publish","format-standard","has-post-thumbnail","hentry","category-evidenza-top","category-news-18","category-51","category-49","description-off"],"img_url":"https:\/\/www.radiopiu.net\/wordpress\/wp-content\/uploads\/2023\/09\/Latteria.jpg","_links":{"self":[{"href":"https:\/\/www.radiopiu.net\/wordpress\/wp-json\/wp\/v2\/posts\/353166","targetHints":{"allow":["GET"]}}],"collection":[{"href":"https:\/\/www.radiopiu.net\/wordpress\/wp-json\/wp\/v2\/posts"}],"about":[{"href":"https:\/\/www.radiopiu.net\/wordpress\/wp-json\/wp\/v2\/types\/post"}],"author":[{"embeddable":true,"href":"https:\/\/www.radiopiu.net\/wordpress\/wp-json\/wp\/v2\/users\/4"}],"replies":[{"embeddable":true,"href":"https:\/\/www.radiopiu.net\/wordpress\/wp-json\/wp\/v2\/comments?post=353166"}],"version-history":[{"count":0,"href":"https:\/\/www.radiopiu.net\/wordpress\/wp-json\/wp\/v2\/posts\/353166\/revisions"}],"wp:featuredmedia":[{"embeddable":true,"href":"https:\/\/www.radiopiu.net\/wordpress\/wp-json\/wp\/v2\/media\/353168"}],"wp:attachment":[{"href":"https:\/\/www.radiopiu.net\/wordpress\/wp-json\/wp\/v2\/media?parent=353166"}],"wp:term":[{"taxonomy":"category","embeddable":true,"href":"https:\/\/www.radiopiu.net\/wordpress\/wp-json\/wp\/v2\/categories?post=353166"},{"taxonomy":"post_tag","embeddable":true,"href":"https:\/\/www.radiopiu.net\/wordpress\/wp-json\/wp\/v2\/tags?post=353166"}],"curies":[{"name":"wp","href":"https:\/\/api.w.org\/{rel}","templated":true}]}}