{"id":353249,"date":"2023-09-21T05:35:10","date_gmt":"2023-09-21T03:35:10","guid":{"rendered":"https:\/\/www.radiopiu.net\/wordpress\/?p=353249"},"modified":"2023-09-21T09:10:42","modified_gmt":"2023-09-21T07:10:42","slug":"giornale-radiopiu-21-settembre-2023-direttore-mirko-mezzacasada-40-anni-25-giugno-1983-25-giugno-2023","status":"publish","type":"post","link":"https:\/\/www.radiopiu.net\/wordpress\/giornale-radiopiu-21-settembre-2023-direttore-mirko-mezzacasada-40-anni-25-giugno-1983-25-giugno-2023\/","title":{"rendered":"GIORNALE RADIOPIU 21 SETTEMBRE 2023 DIRETTORE MIRKO MEZZACASA\u2026DA 40 ANNI 25 GIUGNO 1983-25 GIUGNO 2023"},"content":{"rendered":"<h1 class=\"entry-title\">40esimo di RADIOPIU\u2026. LA VOCE DELL\u2019EMOZIONE<\/h1>\n<h2><span style=\"color: #ff0000;\">ISCRIVITI AL NOSTRO CANALE\u00a0\u00a0YOUTUBE PER SEGUIRE IN DIRETTA I PRINCIPALI PROGRAMMI DI RADIO PIU\u2019 E LE FUTURE DIRETTE IN ESTERNA. PER ISCRIVERTI\u00a0<a style=\"color: #ff0000;\" href=\"https:\/\/youtube.com\/@radiopiu1527\">CLICCA QUI\u00a0<\/a>E PREMI\u00a0 \u201cIscriviti\u201d<\/span><\/h2>\n<p><a class=\"dt-pswp-item\" href=\"https:\/\/www.radiopiu.net\/wordpress\/wp-content\/uploads\/2023\/08\/sersa-ok-1.jpg\" data-dt-img-description=\"\" data-large_image_width=\"300\" data-large_image_height=\"300\"><img loading=\"lazy\" decoding=\"async\" class=\"size-full wp-image-349822 aligncenter\" src=\"https:\/\/www.radiopiu.net\/wordpress\/wp-content\/uploads\/2023\/08\/sersa-ok-1.jpg\" alt=\"\" width=\"300\" height=\"300\" srcset=\"https:\/\/www.radiopiu.net\/wordpress\/wp-content\/uploads\/2023\/08\/sersa-ok-1.jpg 300w, https:\/\/www.radiopiu.net\/wordpress\/wp-content\/uploads\/2023\/08\/sersa-ok-1-150x150.jpg 150w\" sizes=\"auto, (max-width: 300px) 100vw, 300px\" \/><\/a><\/p>\n<p>&nbsp;<\/p>\n<p>&nbsp;<\/p>\n<hr \/>\n<p>&nbsp;<\/p>\n<p><strong>IERI MATTINA, VIABILITA&#8217; LUXOTTICA NEL CAOS. LA DITTA INCARICATA DEI LAVORI HA LASCIATO I SEMAFORI &#8220;ABBANDONATI&#8221; E I MOVIERI?<\/strong><\/p>\n<p><strong>Ieri al cambio turno delle 14 c&#8217;erano i movieri. Ci hanno informato che secondo l&#8217;ordinanza del comune di Agordo (n. 57 del 31\/08\/23) dalle 07.00 alle 08.30, dalle 13.40 alle 14.20 e dalle 16.30 alle 17.30 il traffico l\u00ec DEVE essere regolato unicamente da movieri.<\/strong><br \/>\n<strong>Peccato che ieri se ne fossero &#8220;dimenticati&#8221;, lasciando attivo il semaforo.\u00a0 Quindi chi ha le responsabilit\u00e0 ed ha causato il &#8220;danno&#8221; adesso risponda all&#8217;azienda, ai sindacati, ai cittadini.\u00a0<\/strong><\/p>\n<p><em>\u2026<\/em><\/p>\n<div style=\"width: 848px;\" class=\"wp-video\"><video class=\"wp-video-shortcode\" id=\"video-353249-1\" width=\"848\" height=\"480\" preload=\"metadata\" controls=\"controls\"><source type=\"video\/mp4\" src=\"https:\/\/www.radiopiu.net\/wordpress\/wp-content\/uploads\/2023\/09\/WhatsApp-Video-2023-09-20-at-07.58.58.mp4?_=1\" \/><a href=\"https:\/\/www.radiopiu.net\/wordpress\/wp-content\/uploads\/2023\/09\/WhatsApp-Video-2023-09-20-at-07.58.58.mp4\">https:\/\/www.radiopiu.net\/wordpress\/wp-content\/uploads\/2023\/09\/WhatsApp-Video-2023-09-20-at-07.58.58.mp4<\/a><\/video><\/div>\n<p><strong><img loading=\"lazy\" decoding=\"async\" class=\"alignleft\" src=\"https:\/\/www.radiopiu.net\/wordpress\/wp-content\/uploads\/2020\/07\/Traffico_bassa.jpg\" width=\"357\" height=\"238\" \/>REDAZIONE<\/strong> Dunque iniziamo dagli ultimi due messaggi, dei tanti, arrivati in redazione. <span style=\"color: #ff0000;\">MARCO CI SCRIVE:<\/span> <em>&#8220;c\u2019\u00e8 un motivo plausibile per cui non ci siano i movieri a regolamentare con un po\u2019 pi\u00f9 di intelligenza,di quanto faccia il semaforo, Mezz\u2019ora il tempo di attesa in salita \u00e8 stato di venti minuti e in gi\u00f9 non veniva quasi nessuno\u2026&#8221;\u00a0 <\/em><span style=\"color: #ff0000;\">EMILIO INTERVIENE COSI&#8217;<em><span style=\"color: #000000;\"> L&#8217;ordinanza per i lavori in localit\u00e0 La Pissa prevede i movieri in caso di traffico sostenuto. La coda del mattino\u00a0 arriva fino alla centrale Enel (poco meno di 2 km, vedi chat telegram viabilit\u00e0) si pu\u00f2 considerare sufficiente o serve che arrivi fino al Peron?&#8221;<\/span><\/em><\/span><\/p>\n<p>Ed ora veniamo a Veneto Strade perch\u00e9 abbiamo letto sulle chat messaggi inadeguati per una societ\u00e0 che sta spendendo denaro ed energie per mettere in sicurezza la strada, l\u00ec e altrove, cadono sassi, ogni tanto su qualche auto e fino ad ora \u00e8 andata bene, ma continuare a sfidare il destino non \u00e8 da gente &#8220;sana&#8221;.<br \/>\nSono ingiuste le critiche per le code a Veneto Strade perch\u00e9 l&#8217;azienda nell&#8217;ordinanza 433 del 14 settembre\u00a0 (per il semaforo), inviata ovviamente all&#8217;azienda scrive in modo molto chiaro:<strong> E&#8217; fatto obbligo alla ditta di regolamentare il traffico nell&#8217;eventualit\u00e0 del passaggio dei mezzi di soccorso o adibiiti a particolari urgenze <span style=\"color: #ff0000;\">o nel caso di particolare intensit\u00e0 del traffico<\/span>&#8220;.<\/strong><br \/>\nUltima curiosit\u00e0 se qualcuno vorr\u00e0 rispondere. Visto che i sono i semafori e non i movieri, in caso di emergenza in quanto tempo il moviere \u00e8 in grado di prendere il posto del semaforo?<\/p>\n<p>&nbsp;<\/p>\n<hr \/>\n<p><em><strong>\u00a0<\/strong><\/em><\/p>\n<p><em><strong>&#8220;C&#8217;\u00e8 qualcosa&#8230;<\/strong><\/em><br \/>\n<em><strong>Che non va<\/strong><\/em><br \/>\n<em><strong>in questo &#8220;cielo&#8221;<\/strong><\/em><br \/>\n<em><strong>c&#8217;\u00e8 qualcuno&#8230;&#8221;<\/strong><\/em><\/p>\n<p><em><span style=\"color: #ff0000;\"><strong>C&#8217;E&#8217; QUALCHE COSA CHE NON VA IN QUESTA PROVINCIA&#8230; NASCONO COMITATI, SI ORGANIZZANO MANIFESTAZIONI E CONFERENZE. I CITTADINI HANNO DECISO DI MUOVERSI ANCHE DIFRONTE ALLA LATITANZA DI COLORO CHE HANNO AVUTO LA FIDUCIA PER SALVAGUARDARE GLI INTERESSI DI TUTTI E NON DI QUALCUNO.<\/strong><\/span><\/em><\/p>\n<p>&nbsp;<\/p>\n<h2><a class=\"dt-pswp-item\" href=\"https:\/\/www.radiopiu.net\/wordpress\/wp-content\/uploads\/2023\/09\/48ea64d4-1d40-4587-914c-99cc3c5abae3.jpg\" data-dt-img-description=\"\" data-large_image_width=\"1080\" data-large_image_height=\"1080\"><img loading=\"lazy\" decoding=\"async\" class=\" wp-image-353381 alignleft\" src=\"https:\/\/www.radiopiu.net\/wordpress\/wp-content\/uploads\/2023\/09\/48ea64d4-1d40-4587-914c-99cc3c5abae3-300x300.jpg\" alt=\"\" width=\"139\" height=\"139\" srcset=\"https:\/\/www.radiopiu.net\/wordpress\/wp-content\/uploads\/2023\/09\/48ea64d4-1d40-4587-914c-99cc3c5abae3-300x300.jpg 300w, https:\/\/www.radiopiu.net\/wordpress\/wp-content\/uploads\/2023\/09\/48ea64d4-1d40-4587-914c-99cc3c5abae3-1024x1024.jpg 1024w, https:\/\/www.radiopiu.net\/wordpress\/wp-content\/uploads\/2023\/09\/48ea64d4-1d40-4587-914c-99cc3c5abae3-150x150.jpg 150w, https:\/\/www.radiopiu.net\/wordpress\/wp-content\/uploads\/2023\/09\/48ea64d4-1d40-4587-914c-99cc3c5abae3-768x768.jpg 768w, https:\/\/www.radiopiu.net\/wordpress\/wp-content\/uploads\/2023\/09\/48ea64d4-1d40-4587-914c-99cc3c5abae3.jpg 1080w\" sizes=\"auto, (max-width: 139px) 100vw, 139px\" \/><\/a>UNA VIDEOCONFERENZA APERTA A TUTTI PER PARLARE DEI DISSERVIZI NEL TPL<\/h2>\n<p>Videconferenza aperta a tutti per parlare della situazione del Trasporto Pubblico Locale in Provincia di Belluno dopo l&#8217;incontro col Prefetto di luned\u00ec 18 settembre. Organizza il gruppo Giovani&amp;Futuro. Questa sera alle 21:15. <a href=\"https:\/\/meet.google.com\/gbk-mvtw-xsi\">QUI IL LINK PER ACCEDERE<\/a><\/p>\n<p>&nbsp;<\/p>\n<p>&nbsp;<\/p>\n<p>&nbsp;<\/p>\n<hr \/>\n<p>&nbsp;<\/p>\n<blockquote>\n<h3 class=\"photoswipe-wrapper\">MANIFESTAZIONE REGIONALE PER LA SANITA\u2019 PUBBLICA<a class=\"dt-pswp-item pspw-wrap-ready\" href=\"https:\/\/www.radiopiu.net\/wordpress\/wp-content\/uploads\/2023\/09\/image.png\" data-dt-img-description=\"\" data-large_image_width=\"1448\" data-large_image_height=\"2048\"><img loading=\"lazy\" decoding=\"async\" class=\" wp-image-352533 alignleft\" src=\"https:\/\/www.radiopiu.net\/wordpress\/wp-content\/uploads\/2023\/09\/image-212x300.png\" sizes=\"auto, (max-width: 173px) 100vw, 173px\" srcset=\"https:\/\/www.radiopiu.net\/wordpress\/wp-content\/uploads\/2023\/09\/image-212x300.png 212w, https:\/\/www.radiopiu.net\/wordpress\/wp-content\/uploads\/2023\/09\/image-724x1024.png 724w, https:\/\/www.radiopiu.net\/wordpress\/wp-content\/uploads\/2023\/09\/image-768x1086.png 768w, https:\/\/www.radiopiu.net\/wordpress\/wp-content\/uploads\/2023\/09\/image-1086x1536.png 1086w, https:\/\/www.radiopiu.net\/wordpress\/wp-content\/uploads\/2023\/09\/image.png 1448w\" alt=\"\" width=\"131\" height=\"186\" \/><\/a><\/h3>\n<div dir=\"auto\">\n<div id=\"m_-5898961077552835042:r8p:\">\n<div dir=\"auto\"><em>Le \u201d persone fragili\u201d uno dei cinque punti dell\u2019Appello della 3^ Manifestazione regionale che si terr\u00e0 a Belluno il 28 ottobre prossimo.<\/em><\/div>\n<\/div>\n<\/div>\n<\/blockquote>\n<p><strong>BELLUNO\u00a0<\/strong> La scelta del Campus Tina Merlin non \u00e8 a caso: qui si \u201crespirano\u201d 248 anni di storia e dove nel 1911 venne istituito il grande manicomio provinciale, chiuso nel 1978 con la Legge Basaglia.\u00a0 Tra quelle mura parleranno:\u00a0 Micaela Coletti e la sua \u201cpsicologia dell\u2019emergenza: il caso Vajont\u201d ;\u00a0 Tiberio Monar \u201cci\u00f2 che oggi succede nella sanit\u00e0 pubblica\u201d. Infine, ma non per importanza, la voce di Luana Calabrese , Aitsam ,ci racconter\u00e0 delle sue \u201cbattaglie\u201d per ridare dignit\u00e0 alle persone con disagio. La manifestazione regionale per la sanit\u00e0 pubblica avr\u00e0 luogo\u00a0 il 28 ottobre a partire dalle 14:30.<\/p>\n<p>&nbsp;<\/p>\n<p>&nbsp;<\/p>\n<blockquote>\n<h3><a class=\"dt-pswp-item\" href=\"https:\/\/www.radiopiu.net\/wordpress\/wp-content\/uploads\/2023\/09\/via-maestra.jpg\" data-dt-img-description=\"\" data-large_image_width=\"334\" data-large_image_height=\"464\"><img loading=\"lazy\" decoding=\"async\" class=\"wp-image-353388 alignleft\" src=\"https:\/\/www.radiopiu.net\/wordpress\/wp-content\/uploads\/2023\/09\/via-maestra-216x300.jpg\" alt=\"\" width=\"123\" height=\"171\" srcset=\"https:\/\/www.radiopiu.net\/wordpress\/wp-content\/uploads\/2023\/09\/via-maestra-216x300.jpg 216w, https:\/\/www.radiopiu.net\/wordpress\/wp-content\/uploads\/2023\/09\/via-maestra.jpg 334w\" sizes=\"auto, (max-width: 123px) 100vw, 123px\" \/><\/a><span style=\"color: #ff0000;\"><strong>7 OTTOBRE LA GRANDE MANIFESTAZIONE A ROMA, 2 PULLMAN IN PARTENZA DA BELLUNO E FELTRE, OGGI alle 10.30 e alle 19 ne parliamo con Maria Rita Gentilin, segretaria dello Spi Cgil di Belluno.<\/strong><\/span><\/h3>\n<\/blockquote>\n<p>&nbsp;<\/p>\n<p>&nbsp;<\/p>\n<p>&nbsp;<\/p>\n<p>&nbsp;<\/p>\n<p>&nbsp;<\/p>\n<p>&nbsp;<\/p>\n<blockquote>\n<h3>PISTA DA BOB: DOMENICA LA MANIFESTAZIONE A CORTINA<\/h3>\n<p><strong>DI BARBARA PAOLAZZI &#8211; RADIO CLUB 103<\/strong><\/p>\n<audio class=\"wp-audio-shortcode\" id=\"audio-353249-1\" preload=\"none\" style=\"width: 100%;\" controls=\"controls\"><source type=\"audio\/mpeg\" src=\"https:\/\/www.radiopiu.net\/wordpress\/wp-content\/uploads\/2023\/09\/BARBARA-PAOLAZZI-PISTA-BOB-MANIFESTAZIONE.mp3?_=1\" \/><a href=\"https:\/\/www.radiopiu.net\/wordpress\/wp-content\/uploads\/2023\/09\/BARBARA-PAOLAZZI-PISTA-BOB-MANIFESTAZIONE.mp3\">https:\/\/www.radiopiu.net\/wordpress\/wp-content\/uploads\/2023\/09\/BARBARA-PAOLAZZI-PISTA-BOB-MANIFESTAZIONE.mp3<\/a><\/audio>\n<p>&nbsp;<\/p><\/blockquote>\n<p><strong><a class=\"dt-pswp-item\" href=\"https:\/\/www.radiopiu.net\/wordpress\/wp-content\/uploads\/2021\/04\/cortina_guide_bob-1.jpg\" data-dt-img-description=\"\" data-large_image_width=\"600\" data-large_image_height=\"300\"><img loading=\"lazy\" decoding=\"async\" class=\" wp-image-204667 alignleft\" src=\"https:\/\/www.radiopiu.net\/wordpress\/wp-content\/uploads\/2021\/04\/cortina_guide_bob-1-300x150.jpg\" alt=\"\" width=\"156\" height=\"78\" srcset=\"https:\/\/www.radiopiu.net\/wordpress\/wp-content\/uploads\/2021\/04\/cortina_guide_bob-1-300x150.jpg 300w, https:\/\/www.radiopiu.net\/wordpress\/wp-content\/uploads\/2021\/04\/cortina_guide_bob-1.jpg 600w\" sizes=\"auto, (max-width: 156px) 100vw, 156px\" \/><\/a>CORTINA <\/strong>La comunit\u00e0 ampezzana ricorda l\u2019appuntamento di domenica per dire NO alla realizzazione della pista da bob progettata per le Olimpiadi invernali 2026. La manifestazione avr\u00e0 inizio alle 10:30 in piazza Dibona a Cortina d\u2019Ampezzo, con degli interventi iniziali che inquadreranno il tema e le proposte avanzate, proseguir\u00e0 con un corteo in direzione Pista da Bob e si concluder\u00e0 presso il limitrofo anfiteatro del Parco Giochi comunale con le dichiarazioni delle Associazioni sostenitrici. L\u2019iniziativa \u00e8 aperta a tutte le cittadine e a tutti i cittadini che hanno a cuore il futuro delle nostre montagne: non si spendano 120 milioni per una pista, ma per sostenere la montagna e chi ci abita con politiche sociali, sanitarie, abitative e servizi dignitosi<\/p>\n<p>&nbsp;<\/p>\n<p>&nbsp;<\/p>\n<hr \/>\n<p>&nbsp;<\/p>\n<blockquote>\n<h3>203 AGORDINA: AGORDO-MAS, SENSO UNICO H24 SABATO E DOMENICA COMPRESI<\/h3>\n<\/blockquote>\n<p><strong>SEDICO<\/strong> Veneto Strade comunica che fino al 13 ottobre, compresi sabati e domeniche, la SR 203 Agordina in localit\u00e0 La Pissa in comune di Sedico verr\u00e0 istituito un senso unico alternato regolato da semaforo o movieri.<\/p>\n<p>&nbsp;<\/p>\n<blockquote>\n<h3>LAVORI ALLE GALLERIE BRENTA E SAN VITO SULLA SS 50 BIS<\/h3>\n<\/blockquote>\n<p class=\"xmsonormal\">D<a class=\"dt-pswp-item\" href=\"https:\/\/www.radiopiu.net\/wordpress\/wp-content\/uploads\/2021\/06\/anas.png\" data-dt-img-description=\"\" data-large_image_width=\"299\" data-large_image_height=\"169\"><img loading=\"lazy\" decoding=\"async\" class=\" wp-image-213422 alignleft\" src=\"https:\/\/www.radiopiu.net\/wordpress\/wp-content\/uploads\/2021\/06\/anas.png\" alt=\"\" width=\"149\" height=\"84\" \/><\/a>ivieto di transito ai mezzi pesanti con massa superiore alle 3,5 tonnellate lungo la SR 50 bis.\u00a0 Per i mezzi leggeri rimane attiva la deviazione pi\u00f9 breve che da Primolano porta ad Arsi\u00e9, passando per Fastro e percorrendo quindi via Nazionale e via Mezzavia.<\/p>\n<blockquote>\n<h3><\/h3>\n<h3>PER OLTRE UN MESE CHIUDE LA PROVINCIALE DEL MIS<\/h3>\n<\/blockquote>\n<p><strong>SOSPIROLO<\/strong> La provinciale 2 della Valle del Mis tra Pian Falcina e Gena Bassa (Sospirolo) chiude dal 25 settembre al 31 ottobre, dal lunedi al venerdi 7-12.30 e 13.30 18. Negli altri orari senso unico alternato.<\/p>\n<p>&nbsp;<\/p>\n<blockquote>\n<h3>PROVINCIALE 10 DI ALANO DI PIAVE: INTERDIZIONE TOTALE<\/h3>\n<\/blockquote>\n<p><strong>ALANO DI PIAVE<\/strong> Dal 25 settembre al 31 ottobre interdizione totale al traffico lungo la provinciale 10 di Alano, la chiusura: dalle 8 alle 12 e dalle 13 alle 18.\u00a0 Questo permetter\u00e0 di proseguire i lavori di realizzazione della strada forestale.<\/p>\n<p>&nbsp;<\/p>\n<p>&nbsp;<\/p>\n<hr \/>\n<p>&nbsp;<\/p>\n<blockquote>\n<h3>INTERRUZIONE PROGRAMMATA GSP A FALCADE<\/h3>\n<\/blockquote>\n<p>Per lavori alla rete idrica comunale, domani dalle 8:00 a FINE LAVORI verr\u00e0 sospesa l\u2019erogazione dell\u2019acqua a FALCADE, nelle VIE CORSO ROMA, CORSO ITALIA, MAREDANE, A. MURER, DEGLI EMIGRANTI<\/p>\n<p>&nbsp;<\/p>\n<hr \/>\n<p>&nbsp;<\/p>\n<blockquote>\n<h3>IT-ALERT: OGGI ALLE 12 IL TEST IN VENETO<\/h3>\n<\/blockquote>\n<p><strong><a class=\"dt-pswp-item\" href=\"https:\/\/www.radiopiu.net\/wordpress\/wp-content\/uploads\/2021\/10\/cellulare.jpg\" data-dt-img-description=\"\" data-large_image_width=\"1920\" data-large_image_height=\"1280\"><img loading=\"lazy\" decoding=\"async\" class=\" wp-image-237705 alignleft\" src=\"https:\/\/www.radiopiu.net\/wordpress\/wp-content\/uploads\/2021\/10\/cellulare-300x200.jpg\" alt=\"\" width=\"165\" height=\"110\" srcset=\"https:\/\/www.radiopiu.net\/wordpress\/wp-content\/uploads\/2021\/10\/cellulare-300x200.jpg 300w, https:\/\/www.radiopiu.net\/wordpress\/wp-content\/uploads\/2021\/10\/cellulare-1024x683.jpg 1024w, https:\/\/www.radiopiu.net\/wordpress\/wp-content\/uploads\/2021\/10\/cellulare-768x512.jpg 768w, https:\/\/www.radiopiu.net\/wordpress\/wp-content\/uploads\/2021\/10\/cellulare-1536x1024.jpg 1536w, https:\/\/www.radiopiu.net\/wordpress\/wp-content\/uploads\/2021\/10\/cellulare.jpg 1920w\" sizes=\"auto, (max-width: 165px) 100vw, 165px\" \/><\/a>VENEZIA<\/strong> &#8220;Alle 12 tutti i cittadini, veneti e non, che si troveranno in Veneto riceveranno un messaggio di test del nuovo sistema di allertamento pubblico IT alert che, in caso di eventi calamitosi ed emergenze di vario tipo incluse quelle sanitarie, avvertir\u00e0 la popolazione. \u00c8 uno strumento molto importante, che non sostituisce quelli esistenti, ma che ci aiuter\u00e0 a mettere in guardia le persone in caso di pericolo\u201d. Cos\u00ec Luca Zaia, Presidente della Regione del Veneto, sottolinea l\u2019importanza del test previsto oggi nella nostra regione. Tutti i telefoni cellulari presenti nel territorio alle ore 12, saranno raggiunti da un messaggio di test IT-alert, il nuovo sistema di allarme pubblico nazionale. Tutti i dispositivi agganciati a celle di telefonia mobile in Veneto suoneranno contemporaneamente, emettendo un suono distintivo diverso da quello delle notifiche a cui siamo abituati. Chi riceve il messaggio di test non ha nulla da temere, e non dovr\u00e0 fare nulla tranne leggere il messaggio. L\u2019invito per tutti, che abbiano ricevuto correttamente il messaggio o meno, \u00e8 ad andare sul sito it-alert.it e rispondere al questionario: le risposte degli utenti infatti consentiranno di migliorare lo strumento.<\/p>\n<p>&nbsp;<\/p>\n<p>&nbsp;<\/p>\n<hr \/>\n<p>&nbsp;<\/p>\n<blockquote>\n<h3>BLITZ DEI CARABINIERI SUI PASSI: VIA ALTRE 10 PATENTI<\/h3>\n<\/blockquote>\n<p><strong><a class=\"dt-pswp-item\" href=\"https:\/\/www.radiopiu.net\/wordpress\/wp-content\/uploads\/2023\/09\/82554029-eafc-45ad-808e-7e5fed421e3c.jpg\" data-dt-img-description=\"\" data-large_image_width=\"1024\" data-large_image_height=\"575\"><img loading=\"lazy\" decoding=\"async\" class=\"size-medium wp-image-353298 alignleft\" src=\"https:\/\/www.radiopiu.net\/wordpress\/wp-content\/uploads\/2023\/09\/82554029-eafc-45ad-808e-7e5fed421e3c-300x168.jpg\" alt=\"\" width=\"300\" height=\"168\" srcset=\"https:\/\/www.radiopiu.net\/wordpress\/wp-content\/uploads\/2023\/09\/82554029-eafc-45ad-808e-7e5fed421e3c-300x168.jpg 300w, https:\/\/www.radiopiu.net\/wordpress\/wp-content\/uploads\/2023\/09\/82554029-eafc-45ad-808e-7e5fed421e3c-768x431.jpg 768w, https:\/\/www.radiopiu.net\/wordpress\/wp-content\/uploads\/2023\/09\/82554029-eafc-45ad-808e-7e5fed421e3c.jpg 1024w\" sizes=\"auto, (max-width: 300px) 100vw, 300px\" \/><\/a>CORTINA<\/strong> I militari della Compagnia di Cortina d&#8217;Ampezzo, coordinati dal Capitano Alessandro Bui, si sono posizionati ieri tra il Passo Pordoi ed il Passo Falzarego, per eseguire una serie di controlli stradali finalizzati a infrenare il fenomeno che troppo spesso affligge i passi dolomitici. Oltre 10 pattuglie dell\u2019Aliquota Radiomobile e delle Stazioni dell\u2019Arma si sono posizionate in punti strategici dell\u2019area per verificare le <a class=\"dt-pswp-item\" href=\"https:\/\/www.radiopiu.net\/wordpress\/wp-content\/uploads\/2023\/09\/5ffe1745-8008-4b72-811f-95771b9f57b1.jpg\" data-dt-img-description=\"\" data-large_image_width=\"1024\" data-large_image_height=\"575\"><img loading=\"lazy\" decoding=\"async\" class=\"size-medium wp-image-353297 alignright\" src=\"https:\/\/www.radiopiu.net\/wordpress\/wp-content\/uploads\/2023\/09\/5ffe1745-8008-4b72-811f-95771b9f57b1-300x168.jpg\" alt=\"\" width=\"300\" height=\"168\" srcset=\"https:\/\/www.radiopiu.net\/wordpress\/wp-content\/uploads\/2023\/09\/5ffe1745-8008-4b72-811f-95771b9f57b1-300x168.jpg 300w, https:\/\/www.radiopiu.net\/wordpress\/wp-content\/uploads\/2023\/09\/5ffe1745-8008-4b72-811f-95771b9f57b1-768x431.jpg 768w, https:\/\/www.radiopiu.net\/wordpress\/wp-content\/uploads\/2023\/09\/5ffe1745-8008-4b72-811f-95771b9f57b1.jpg 1024w\" sizes=\"auto, (max-width: 300px) 100vw, 300px\" \/><\/a>condotte degli automobilisti che impegnavano quei tratti stradali. Nella prima mattinata i Carabinieri hanno quindi intercettato una lunga carovana di autovetture sportive che, nel percorrere le strade di montagna, avevano messo in atto manovre ad alto rischio per la circolazione stradale: dal sorpasso alla guida in contromano, gli automobilisti hanno dato sfogo ad una lunga sequela di infrazioni, ma i posti di blocco dell\u2019Arma, posizionati nell\u2019area, hanno interrotto la loro corsa. Un\u2019amara sorpresa, quel segnale di posto di blocco e la paletta alzata dei <a class=\"dt-pswp-item\" href=\"https:\/\/www.radiopiu.net\/wordpress\/wp-content\/uploads\/2023\/09\/d00b92ff-1b4f-45a4-8e80-55154b8336a9.jpg\" data-dt-img-description=\"\" data-large_image_width=\"1024\" data-large_image_height=\"575\"><img loading=\"lazy\" decoding=\"async\" class=\"size-medium wp-image-353296 alignleft\" src=\"https:\/\/www.radiopiu.net\/wordpress\/wp-content\/uploads\/2023\/09\/d00b92ff-1b4f-45a4-8e80-55154b8336a9-300x168.jpg\" alt=\"\" width=\"300\" height=\"168\" srcset=\"https:\/\/www.radiopiu.net\/wordpress\/wp-content\/uploads\/2023\/09\/d00b92ff-1b4f-45a4-8e80-55154b8336a9-300x168.jpg 300w, https:\/\/www.radiopiu.net\/wordpress\/wp-content\/uploads\/2023\/09\/d00b92ff-1b4f-45a4-8e80-55154b8336a9-768x431.jpg 768w, https:\/\/www.radiopiu.net\/wordpress\/wp-content\/uploads\/2023\/09\/d00b92ff-1b4f-45a4-8e80-55154b8336a9.jpg 1024w\" sizes=\"auto, (max-width: 300px) 100vw, 300px\" \/><\/a>Carabinieri, per i 10 conducenti che hanno visto la loro patente ritirata. I militari hanno elevato complessivamente 37 contravvenzioni e imposto ai \u201cpiloti\u201d il rientro presso il proprio domicilio lungo il percorso pi\u00f9 breve. Per gli automobilisti, senza pi\u00f9 patente, non \u00e8 rimasto altro che fare inversione di marcia e, lentamente, iniziare il loro rientro a casa, dopo aver \u201csaldato il conto\u201d con il codice della strada. Pochi giorni fa, sempre sui passi, i Carabinieri di Cortina avevano ritirato altre 6 patenti, per analoghe condotte pericolose di altrettanti automobilisti. Auto sportive, di grossa cilindrata ed elevato valore, erano state fermate anche in quella occasione dai militari. \u201cLa nostra azione di controllo continuer\u00e0 senza sosta e non solo su questo fronte \u2013 commenta il Colonnello Pigozzo \u2013 forse qualcuno ha pensato che, fatto un controllo, poi i Carabinieri distolgono lo sguardo. Non \u00e8 cos\u00ec. Continueremo a monitorare con grande attenzione i passi, cos\u00ec come tutte le zone del territorio che sono sotto la nostra tutela, per garantire le migliori condizioni di sicurezza ai nostri concittadini e a tutti quelli che vogliono godere delle nostre montagne, le cui strade, va ribadito con forza, non sono piste o autodromi dove correre\u201d.<\/p>\n<p>&nbsp;<\/p>\n<p>&nbsp;<\/p>\n<blockquote>\n<h3><a class=\"dt-pswp-item\" href=\"https:\/\/www.radiopiu.net\/wordpress\/wp-content\/uploads\/2023\/04\/leandro.png\" data-dt-img-description=\"\" data-large_image_width=\"409\" data-large_image_height=\"278\"><img loading=\"lazy\" decoding=\"async\" class=\"wp-image-331942 alignleft\" src=\"https:\/\/www.radiopiu.net\/wordpress\/wp-content\/uploads\/2023\/04\/leandro-300x204.png\" alt=\"\" width=\"151\" height=\"103\" srcset=\"https:\/\/www.radiopiu.net\/wordpress\/wp-content\/uploads\/2023\/04\/leandro-300x204.png 300w, https:\/\/www.radiopiu.net\/wordpress\/wp-content\/uploads\/2023\/04\/leandro.png 409w\" sizes=\"auto, (max-width: 151px) 100vw, 151px\" \/><\/a>CONTROLLI SUI PASSI DOLOMITICI. GRONES &#8220;GRATO AI CARABINIERI PER IL SERVIZIO SANZIONATORIO-PREVENTIVO&#8221;<\/h3>\n<\/blockquote>\n<p><strong>LIVINALLONGO<\/strong> Dopo la notizia pubblicata dei controlli da parte dei Carabinieri di Cortina sui passi dolomitici, il sindaco di Livinallongo Leandro Grones si complimenta con le Forze Dell&#8217;Ordine per il servizio<\/p>\n<p><strong>LEANDRO GRONES, SINDACO DI LIVINALLONGO<\/strong><\/p>\n<audio class=\"wp-audio-shortcode\" id=\"audio-353249-2\" preload=\"none\" style=\"width: 100%;\" controls=\"controls\"><source type=\"audio\/mpeg\" src=\"https:\/\/www.radiopiu.net\/wordpress\/wp-content\/uploads\/2023\/09\/GRONES-CARABINIERI-PASSI.mp3?_=2\" \/><a href=\"https:\/\/www.radiopiu.net\/wordpress\/wp-content\/uploads\/2023\/09\/GRONES-CARABINIERI-PASSI.mp3\">https:\/\/www.radiopiu.net\/wordpress\/wp-content\/uploads\/2023\/09\/GRONES-CARABINIERI-PASSI.mp3<\/a><\/audio>\n<p>&nbsp;<\/p>\n<p><strong>DAL TG DI ANTENNA 3, CANALE 10 DIGITALE TERRESTRE. ogni sera alle 19.30 il TG BELLUNESE alle 19.10 su RADIO PIU&#8217; le anticipazioni. Il servizio di Stefano Bozzi,\u00a0 <\/strong><strong>\u00a0Intervistati CAP. ALESSANDRO BUI (COMANDANTE CARABINIERI CORTINA D&#8217;AMPEZZO)<\/strong><\/p>\n<p><iframe loading=\"lazy\" title=\"BOLIDI SULLE DOLOMITI, RITIRATE 10 PATENTI | 20\/09\/2023\" width=\"1200\" height=\"675\" src=\"https:\/\/www.youtube.com\/embed\/yW9Nzf2ufDw?feature=oembed\" frameborder=\"0\" allow=\"accelerometer; autoplay; clipboard-write; encrypted-media; gyroscope; picture-in-picture; web-share\" allowfullscreen><\/iframe><\/p>\n<p>&nbsp;<\/p>\n<hr \/>\n<p>&nbsp;<\/p>\n<blockquote>\n<h2>Donna di Feltre Ritrova i Suoi Cani in Val Canzoi, ma Si Perde<\/h2>\n<\/blockquote>\n<blockquote><p><em><a class=\"dt-pswp-item\" href=\"https:\/\/www.radiopiu.net\/wordpress\/wp-content\/uploads\/2023\/09\/Watermark_20230920_105219_834.jpg\" data-dt-img-description=\"\" data-large_image_width=\"1773\" data-large_image_height=\"2364\"><img loading=\"lazy\" decoding=\"async\" class=\" wp-image-353305 alignleft\" src=\"https:\/\/www.radiopiu.net\/wordpress\/wp-content\/uploads\/2023\/09\/Watermark_20230920_105219_834-225x300.jpg\" alt=\"\" width=\"102\" height=\"136\" srcset=\"https:\/\/www.radiopiu.net\/wordpress\/wp-content\/uploads\/2023\/09\/Watermark_20230920_105219_834-225x300.jpg 225w, https:\/\/www.radiopiu.net\/wordpress\/wp-content\/uploads\/2023\/09\/Watermark_20230920_105219_834-768x1024.jpg 768w, https:\/\/www.radiopiu.net\/wordpress\/wp-content\/uploads\/2023\/09\/Watermark_20230920_105219_834-1152x1536.jpg 1152w, https:\/\/www.radiopiu.net\/wordpress\/wp-content\/uploads\/2023\/09\/Watermark_20230920_105219_834-1536x2048.jpg 1536w, https:\/\/www.radiopiu.net\/wordpress\/wp-content\/uploads\/2023\/09\/Watermark_20230920_105219_834.jpg 1773w\" sizes=\"auto, (max-width: 102px) 100vw, 102px\" \/><\/a><\/em><\/p><\/blockquote>\n<p><strong>CESIOMAGGIORE<\/strong> Partita con la sorella per cercare i suoi due cani allontanatisi in una precedente passeggiata in Val Canzoi, una 61enne di Feltre \u00e8 riuscita a ritrovarli su un versante scosceso, ma ha perso lei stessa l&#8217;orientamento non riuscendo pi\u00f9 a rientrare. Martedi alle 19.30 la Centrale del Suem ha allertato il Soccorso alpino di Feltre. La donna aveva sentito i suoi due beagle abbaiare sul versante opposto. Si era separata dalla sorella, era scesa per poi prendere una traccia di cacciatori denominata Slavinaz. Riuscita a trovare campo per lanciare l&#8217;allarme, messa in contatto con i soccorritori ha cercato di spiegare i suoi movimenti. Poi, dato che tutta l&#8217;area \u00e8 sprovvista di copertura, il telefono non \u00e8 stato pi\u00f9 raggiungibile, nemmeno per risalire alle coordinate della posizione. Quindici soccorritori hanno iniziato a percorrere la sentieristica della vallata, solo dopo le 22.30 hanno fortunatamente scorto dei segnali luminosi provenire dal versante di fronte al loro. Le squadre sono quindi scese e risalite, finch\u00e9, attorno alle 2.30 sono arrivate dalla donna. Un soccorritore la ha assicurata a s\u00e9 con la corda, altri due hanno preso un cane a testa e lentamente hanno iniziato la discesa verso il sentiero Slavinaz. Da l\u00ec sono quindi tornate sulla strada, dove attendeva la sorella. L&#8217;intervento si \u00e8 concluso verso le 5.30.<\/p>\n<p>&nbsp;<\/p>\n<p>&nbsp;<\/p>\n<p>&nbsp;<\/p>\n<hr \/>\n<p>&nbsp;<\/p>\n<blockquote>\n<h3>EMERGENZA PROFUGHI,\u00a0 I B&amp;B NON SONO UNA ONLUS MA ATTIVITA&#8217; COSTOSE E GRAVATE DA IMPOSIZIONI FISCALI BEN NOTE-<\/h3>\n<\/blockquote>\n<div class=\"articlePlainText\"><em>La Prefettura propone di ricorrere a strutture private tipo albergo o b&amp;b. Soluzione\u00a0 insostenibile con\u00a0 28 euro a migrante al giorno. Le Coop &#8211; pagate dallo Stato &#8211; cercano disperatamente nuovi alloggi, nelle strutture esistenti hanno gi\u00e0 fatto il pieno. Invito agli imprenditori ad aprire le porte ai migranti, stesso invito da Federalberghi per i profughi da impiegare in lavori stagionali<\/em><\/div>\n<div class=\"flex-1 overflow-hidden\">\n<div class=\"react-scroll-to-bottom--css-fwplk-79elbk h-full dark:bg-gray-800\">\n<div class=\"react-scroll-to-bottom--css-fwplk-1n7m0yu\">\n<div class=\"flex flex-col text-sm dark:bg-gray-800\">\n<div class=\"group w-full text-token-text-primary border-b border-black\/10 gizmo:border-0 dark:border-gray-900\/50 gizmo:dark:border-0 bg-gray-50 gizmo:bg-transparent dark:bg-[#444654] gizmo:dark:bg-transparent\" data-testid=\"conversation-turn-3\">\n<div class=\"p-4 justify-center text-base md:gap-6 md:py-6 m-auto\">\n<div class=\"flex flex-1 gap-4 text-base mx-auto md:gap-6 md:max-w-2xl lg:max-w-[38rem] xl:max-w-3xl }\">\n<div class=\"relative flex w-[calc(100%-50px)] flex-col gap-1 md:gap-3 lg:w-[calc(100%-115px)]\">\n<div class=\"flex flex-grow flex-col gap-3 max-w-full\">\n<div class=\"min-h-[20px] flex flex-col items-start gap-3 overflow-x-auto whitespace-pre-wrap break-words\">\n<div class=\"markdown prose w-full break-words dark:prose-invert light\">\n<p><strong>\u00a0<\/strong><\/p>\n<p><strong><a class=\"dt-pswp-item\" href=\"https:\/\/www.radiopiu.net\/wordpress\/wp-content\/uploads\/2023\/09\/th-24.jpg\" data-dt-img-description=\"\" data-large_image_width=\"329\" data-large_image_height=\"180\"><img loading=\"lazy\" decoding=\"async\" class=\"wp-image-353389 alignleft\" src=\"https:\/\/www.radiopiu.net\/wordpress\/wp-content\/uploads\/2023\/09\/th-24-300x164.jpg\" alt=\"\" width=\"249\" height=\"136\" srcset=\"https:\/\/www.radiopiu.net\/wordpress\/wp-content\/uploads\/2023\/09\/th-24-300x164.jpg 300w, https:\/\/www.radiopiu.net\/wordpress\/wp-content\/uploads\/2023\/09\/th-24.jpg 329w\" sizes=\"auto, (max-width: 249px) 100vw, 249px\" \/><\/a>BELLUNO<\/strong> In un incontro tra sindaci convocati dal prefetto per discutere dell&#8217;accoglienza dei migranti in provincia, si \u00e8 rivelato un profondo divario tra chi ospita gi\u00e0 profughi e chi si rifiuta di farlo. Il prefetto ha esortato tutti i comuni a ospitare almeno uno o due profughi per affrontare l&#8217;emergenza umanitaria, ma alcuni sindaci hanno protestato, sostenendo di essere gi\u00e0 al limite delle loro capacit\u00e0 di accoglienza. Ci sono stati scambi di accuse tra i sindaci che accolgono e quelli che rifiutano l&#8217;accoglienza. Alcuni sindaci hanno sottolineato la necessit\u00e0 di coinvolgere tutti i comuni nella distribuzione dell&#8217;emergenza e hanno evidenziato le difficolt\u00e0 economiche nel ricorrere a strutture alberghiere o b&amp;b per l&#8217;accoglienza dei migranti. La situazione rimane tesa e il prefetto ha minacciato che, se non verranno trovate soluzioni, i profughi potrebbero finire per rimanere senza una sistemazione adeguata. Nel frattempo, i profughi continuano ad arrivare in provincia, aggravando ulteriormente la situazione.<\/p>\n<\/div>\n<\/div>\n<\/div>\n<div class=\"flex justify-between lg:block\"><\/div>\n<\/div>\n<\/div>\n<\/div>\n<\/div>\n<\/div>\n<\/div>\n<\/div>\n<\/div>\n<p>&nbsp;<\/p>\n<p>&nbsp;<\/p>\n<hr \/>\n<p>&nbsp;<\/p>\n<blockquote>\n<h3>CERCA LAVORO, IL TITOLARE NE APPROFITTA. &#8220;SONO STATA VIOLENTATA TRE VOLTE&#8221;<\/h3>\n<p>OGGI SUL CORRIERE DELLE ALPI<br \/>\nDI GIGI SOSSO<\/p><\/blockquote>\n<p><strong><a class=\"dt-pswp-item\" href=\"https:\/\/www.radiopiu.net\/wordpress\/wp-content\/uploads\/2022\/03\/TRIBUNALE-2.jpg\" data-dt-img-description=\"\" data-large_image_width=\"960\" data-large_image_height=\"720\"><img loading=\"lazy\" decoding=\"async\" class=\" wp-image-263776 alignleft\" src=\"https:\/\/www.radiopiu.net\/wordpress\/wp-content\/uploads\/2022\/03\/TRIBUNALE-2-300x225.jpg\" alt=\"\" width=\"215\" height=\"161\" srcset=\"https:\/\/www.radiopiu.net\/wordpress\/wp-content\/uploads\/2022\/03\/TRIBUNALE-2-300x225.jpg 300w, https:\/\/www.radiopiu.net\/wordpress\/wp-content\/uploads\/2022\/03\/TRIBUNALE-2-768x576.jpg 768w, https:\/\/www.radiopiu.net\/wordpress\/wp-content\/uploads\/2022\/03\/TRIBUNALE-2.jpg 960w\" sizes=\"auto, (max-width: 215px) 100vw, 215px\" \/><\/a>BELLUNO\u00a0<\/strong> La giovane di 19 anni \u00e8 stata violentata tre volte in poche ore. Inizialmente, \u00e8 stata invitata per un colloquio di lavoro da un ex ragazzo che le aveva avvisato del comportamento inappropriato del titolare del locale. Durante il giorno, l&#8217;uomo la ha portata in vari bar, cercando di farle bere alcolici nonostante lei non volesse. La prima aggressione sessuale \u00e8 avvenuta in un parcheggio di una scuola abbandonata, dove l&#8217;uomo l&#8217;ha molestata nonostante lei avesse chiaramente rifiutato. La seconda aggressione \u00e8 avvenuta in un ristorante durante la cena, dove l&#8217;uomo ha continuato ad abusare di lei nonostante il suo rifiuto e il timore per la sua sicurezza. Infine, l&#8217;uomo l&#8217;ha portata a casa sua dove ha compiuto un atto sessuale non consensuale e non protetto. La ragazza \u00e8 stata portata all&#8217;ospedale dal padre, che ha chiamato il 118 dopo aver appreso degli abusi. L&#8217;imputato e la vittima avevano avuto conversazioni su WhatsApp che indicavano un interesse sessuale da parte dell&#8217;uomo. La sentenza \u00e8 prevista per il 7 febbraio.<\/p>\n<div class=\"flex-1 overflow-hidden\">\n<div class=\"react-scroll-to-bottom--css-jerfe-79elbk h-full dark:bg-gray-800\">\n<div class=\"react-scroll-to-bottom--css-jerfe-1n7m0yu\">\n<div class=\"flex flex-col text-sm dark:bg-gray-800\">\n<div class=\"group w-full text-token-text-primary border-b border-black\/10 gizmo:border-0 dark:border-gray-900\/50 gizmo:dark:border-0 bg-gray-50 gizmo:bg-transparent dark:bg-[#444654] gizmo:dark:bg-transparent\" data-testid=\"conversation-turn-3\">\n<div class=\"p-4 justify-center text-base md:gap-6 md:py-6 m-auto\">\n<div class=\"flex flex-1 gap-4 text-base mx-auto md:gap-6 md:max-w-2xl lg:max-w-[38rem] xl:max-w-3xl }\">\n<div class=\"relative flex w-[calc(100%-50px)] flex-col gap-1 md:gap-3 lg:w-[calc(100%-115px)]\">\n<div class=\"flex justify-between lg:block\">\n<div class=\"text-xs flex items-center justify-center gap-1 self-center pt-2 !invisible\"><\/div>\n<div><\/div>\n<div>\n<hr \/>\n<\/div>\n<blockquote>\n<h3><a class=\"dt-pswp-item\" href=\"https:\/\/www.radiopiu.net\/wordpress\/wp-content\/uploads\/2023\/09\/Senza-nome-48.png\" data-dt-img-description=\"\" data-large_image_width=\"354\" data-large_image_height=\"283\"><img loading=\"lazy\" decoding=\"async\" class=\"wp-image-353396 alignleft\" src=\"https:\/\/www.radiopiu.net\/wordpress\/wp-content\/uploads\/2023\/09\/Senza-nome-48-300x240.png\" alt=\"\" width=\"163\" height=\"130\" srcset=\"https:\/\/www.radiopiu.net\/wordpress\/wp-content\/uploads\/2023\/09\/Senza-nome-48-300x240.png 300w, https:\/\/www.radiopiu.net\/wordpress\/wp-content\/uploads\/2023\/09\/Senza-nome-48.png 354w\" sizes=\"auto, (max-width: 163px) 100vw, 163px\" \/><\/a>UN\u00a0 BOATO, UN ALTRO PEZZO DI MONTAGNA A VALLE<\/h3>\n<\/blockquote>\n<div><strong>COMELICO\u00a0<\/strong> Ieri mattina intorno alle 10, si \u00e8 verificato un grosso distacco di roccia sul versante sud di Cima Bagni, nel gruppo montuoso del Popera in Comelico. La frana ha colpito l&#8217;area denominata Ciadin dei Bagni, interessando il lato sud di forcella Camosci. Il rumore della frana \u00e8 stato udito distintamente nella zona e la polvere generata \u00e8 rimasta sospesa nell&#8217;aria per gran parte della giornata, a causa anche della fitta nebbia che avvolgeva le cime dolomitiche. Fortunatamente, non sono stati segnalati feriti o persone coinvolte nella frana. I gestori dei rifugi Lunelli e Berti hanno testimoniato la paura vissuta dagli ospiti dei rifugi a causa del forte boato<\/div>\n<div><\/div>\n<div><\/div>\n<div>\n<hr \/>\n<\/div>\n<blockquote>\n<h3><a class=\"dt-pswp-item\" href=\"https:\/\/www.radiopiu.net\/wordpress\/wp-content\/uploads\/2023\/04\/CUCCIOLI-LUPO.jpeg\" data-dt-img-description=\"\" data-large_image_width=\"916\" data-large_image_height=\"714\"><img loading=\"lazy\" decoding=\"async\" class=\"wp-image-333449 alignleft\" src=\"https:\/\/www.radiopiu.net\/wordpress\/wp-content\/uploads\/2023\/04\/CUCCIOLI-LUPO-300x234.jpeg\" alt=\"\" width=\"129\" height=\"101\" srcset=\"https:\/\/www.radiopiu.net\/wordpress\/wp-content\/uploads\/2023\/04\/CUCCIOLI-LUPO-300x234.jpeg 300w, https:\/\/www.radiopiu.net\/wordpress\/wp-content\/uploads\/2023\/04\/CUCCIOLI-LUPO-768x599.jpeg 768w, https:\/\/www.radiopiu.net\/wordpress\/wp-content\/uploads\/2023\/04\/CUCCIOLI-LUPO.jpeg 916w\" sizes=\"auto, (max-width: 129px) 100vw, 129px\" \/><\/a>DUE ASINI UCCISI DAL BRANCO<\/h3>\n<\/blockquote>\n<div><strong>BORGO VALBELLUNA<\/strong> Due asini sbranati da almeno 5 lupi (ieri abbiamo raccontato dell&#8217;episodio a Pian de Vacia, Selva di Cadore, dove sono stati contati\u00a0 10 lupi) a Campedei poco prima del San Boldo. I predatori sono entrati nel recinto.<\/div>\n<div><\/div>\n<div><\/div>\n<\/div>\n<\/div>\n<\/div>\n<\/div>\n<\/div>\n<\/div>\n<\/div>\n<\/div>\n<\/div>\n<hr \/>\n<p>&nbsp;<\/p>\n<blockquote>\n<h3>BACINO DEL VANOI: LA PROVINCIA CONDIVIDE LE PERPLESSITA&#8217; DEL TERRITORIO<\/h3>\n<\/blockquote>\n<p><strong><a class=\"dt-pswp-item\" href=\"https:\/\/www.radiopiu.net\/wordpress\/wp-content\/uploads\/2021\/07\/Simone-Deola.jpg\" data-dt-img-description=\"\" data-large_image_width=\"554\" data-large_image_height=\"305\"><img loading=\"lazy\" decoding=\"async\" class=\" wp-image-220498 alignleft\" src=\"https:\/\/www.radiopiu.net\/wordpress\/wp-content\/uploads\/2021\/07\/Simone-Deola-300x165.jpg\" alt=\"\" width=\"175\" height=\"96\" srcset=\"https:\/\/www.radiopiu.net\/wordpress\/wp-content\/uploads\/2021\/07\/Simone-Deola-300x165.jpg 300w, https:\/\/www.radiopiu.net\/wordpress\/wp-content\/uploads\/2021\/07\/Simone-Deola.jpg 554w\" sizes=\"auto, (max-width: 175px) 100vw, 175px\" \/><\/a>BELLUNO<\/strong> Il consigliere provinciale delegato all&#8217;ambiente, Simone Deola, ha espresso preoccupazioni riguardo all&#8217;ipotesi di realizzazione di un bacino artificiale sul fiume Vanoi, avanzata dal Consorzio di bonifica Brenta. La Provincia di Belluno condivide le preoccupazioni del territorio, in particolare dei cittadini di Lamon e Sovramonte. La Provincia ritiene che le soluzioni alla crisi idrica e alla transizione energetica non debbano essere affrontate in modo drastico, ma debbano considerare sia gli obiettivi di sistema sia le esigenze delle comunit\u00e0 locali. In passato, il consiglio provinciale ha gi\u00e0 esaminato la questione della crisi energetica e idrica, sottolineando la necessit\u00e0 di ridurre gli sprechi idrici dovuti a infrastrutture obsolete e di adottare un uso corretto delle risorse idriche. Deola sostiene che la soluzione alla siccit\u00e0 non dovrebbe essere un grande invaso, ma piuttosto una serie di piccoli invasi in zone a minor rischio. La questione \u00e8 vista come politica e programmatoria, e Deola sottolinea che non dovrebbero essere utilizzate risorse pubbliche per lo studio e la progettazione di opere come quella nel Vanoi.<\/p>\n<p>&nbsp;<\/p>\n<p>&nbsp;<\/p>\n<hr \/>\n<p>&nbsp;<\/p>\n<p>&nbsp;<\/p>\n<blockquote>\n<h3>ROSSELLA DAL BO E&#8217; LA NUOVA OSTETRICA AD AGORDO<\/h3>\n<\/blockquote>\n<p><strong>AGORDO<\/strong><\/p>\n<p><strong><a class=\"dt-pswp-item\" href=\"https:\/\/www.radiopiu.net\/wordpress\/wp-content\/uploads\/2023\/09\/119936063_104346804759473_3438798017883046093_n.jpg\" data-dt-img-description=\"\" data-large_image_width=\"526\" data-large_image_height=\"526\"><img loading=\"lazy\" decoding=\"async\" class=\"wp-image-353387 alignleft\" src=\"https:\/\/www.radiopiu.net\/wordpress\/wp-content\/uploads\/2023\/09\/119936063_104346804759473_3438798017883046093_n-300x300.jpg\" alt=\"\" width=\"131\" height=\"131\" srcset=\"https:\/\/www.radiopiu.net\/wordpress\/wp-content\/uploads\/2023\/09\/119936063_104346804759473_3438798017883046093_n-300x300.jpg 300w, https:\/\/www.radiopiu.net\/wordpress\/wp-content\/uploads\/2023\/09\/119936063_104346804759473_3438798017883046093_n-150x150.jpg 150w, https:\/\/www.radiopiu.net\/wordpress\/wp-content\/uploads\/2023\/09\/119936063_104346804759473_3438798017883046093_n.jpg 526w\" sizes=\"auto, (max-width: 131px) 100vw, 131px\" \/><\/a><\/strong>di Gianni Santomaso<\/p>\n<audio class=\"wp-audio-shortcode\" id=\"audio-353249-3\" preload=\"none\" style=\"width: 100%;\" controls=\"controls\"><source type=\"audio\/mpeg\" src=\"https:\/\/www.radiopiu.net\/wordpress\/wp-content\/uploads\/2023\/09\/GIANNI-ROSSELLA-DAL-BO-E-LA-NUOVA-OSTETRICA-AD-AGORDO.mp3?_=3\" \/><a href=\"https:\/\/www.radiopiu.net\/wordpress\/wp-content\/uploads\/2023\/09\/GIANNI-ROSSELLA-DAL-BO-E-LA-NUOVA-OSTETRICA-AD-AGORDO.mp3\">https:\/\/www.radiopiu.net\/wordpress\/wp-content\/uploads\/2023\/09\/GIANNI-ROSSELLA-DAL-BO-E-LA-NUOVA-OSTETRICA-AD-AGORDO.mp3<\/a><\/audio>\n<p>&nbsp;<\/p>\n<hr \/>\n<p>&nbsp;<\/p>\n<blockquote>\n<h3>IL PD VENETO CHIEDE DI AUMENTARE LE RISORSE PER 100 MILIONI DI EURO AI CENTRI SERVIZIO ANZIANI<\/h3>\n<\/blockquote>\n<p><strong><a class=\"dt-pswp-item\" href=\"https:\/\/www.radiopiu.net\/wordpress\/wp-content\/uploads\/2023\/03\/hand-2906425__340.jpg\" data-dt-img-description=\"\" data-large_image_width=\"510\" data-large_image_height=\"340\"><img loading=\"lazy\" decoding=\"async\" class=\" wp-image-326940 alignleft\" src=\"https:\/\/www.radiopiu.net\/wordpress\/wp-content\/uploads\/2023\/03\/hand-2906425__340-300x200.jpg\" alt=\"\" width=\"143\" height=\"95\" srcset=\"https:\/\/www.radiopiu.net\/wordpress\/wp-content\/uploads\/2023\/03\/hand-2906425__340-300x200.jpg 300w, https:\/\/www.radiopiu.net\/wordpress\/wp-content\/uploads\/2023\/03\/hand-2906425__340.jpg 510w\" sizes=\"auto, (max-width: 143px) 100vw, 143px\" \/><\/a>VENEZIA <\/strong>Aumentare di 100 milioni lo stanziamento del Fondo regionale per la non autosufficienza a favore dei Centri di Servizio. Per garantirne il funzionamento e la ricettivit\u00e0 e per scongiurare l\u2019annunciato aumento delle rette a carico delle famiglie. Questo l&#8217;impegno fissato per la Giunta regionale da una mozione a prima firma Anna Maria Bigon (PD) e sottoscritta dai colleghi del gruppo dem. Secondo Bigon &#8220;\u00e8 indispensabile aumentare la dotazione economica di 100 milioni per garantire la continuit\u00e0 assistenziale senza gravare ulteriormente le famiglie. Questo gi\u00e0 a partire dal 2024 e dunque dal prossimo bilancio di previsione&#8221;.<\/p>\n<p>&nbsp;<\/p>\n<p>&nbsp;<\/p>\n<hr \/>\n<p>&nbsp;<\/p>\n<blockquote>\n<h3>BOTTACIN A FERRARA A STATI GENERALI RISANAMENTO RIGENERAZIONE E SVILUPPO SOSTENIBILE DEI TERRITORI<\/h3>\n<\/blockquote>\n<p><strong><a class=\"dt-pswp-item\" href=\"https:\/\/www.radiopiu.net\/wordpress\/wp-content\/uploads\/2023\/09\/BOTTACIN-A-FERRARA.jpg\" data-dt-img-description=\"\" data-large_image_width=\"1609\" data-large_image_height=\"1299\"><img loading=\"lazy\" decoding=\"async\" class=\" wp-image-353348 alignleft\" src=\"https:\/\/www.radiopiu.net\/wordpress\/wp-content\/uploads\/2023\/09\/BOTTACIN-A-FERRARA-300x242.jpg\" alt=\"\" width=\"144\" height=\"116\" srcset=\"https:\/\/www.radiopiu.net\/wordpress\/wp-content\/uploads\/2023\/09\/BOTTACIN-A-FERRARA-300x242.jpg 300w, https:\/\/www.radiopiu.net\/wordpress\/wp-content\/uploads\/2023\/09\/BOTTACIN-A-FERRARA-1024x827.jpg 1024w, https:\/\/www.radiopiu.net\/wordpress\/wp-content\/uploads\/2023\/09\/BOTTACIN-A-FERRARA-768x620.jpg 768w, https:\/\/www.radiopiu.net\/wordpress\/wp-content\/uploads\/2023\/09\/BOTTACIN-A-FERRARA-1536x1240.jpg 1536w, https:\/\/www.radiopiu.net\/wordpress\/wp-content\/uploads\/2023\/09\/BOTTACIN-A-FERRARA.jpg 1609w\" sizes=\"auto, (max-width: 144px) 100vw, 144px\" \/><\/a>VENEZIA <\/strong>Presente a Ferrara, dove si stanno svolgendo gli Stati Generali del risanamento, rigenerazione e sviluppo sostenibile dei territori, l&#8217;assessore regionale all&#8217;Ambiente del Veneto Gianpaolo Bottacin ha portato l&#8217;esperienza del Veneto nel tavolo dedicato a rifiuti e bonifiche. &#8220;Un percorso fatto di eccellenze &#8211; ha sottolineato l&#8217;assessore &#8211; a partire dalla gestione dei rifiuti, su cui da tempo siamo leader a livello nazionale&#8221;. Entrando nei dettagli Bottacin si \u00e8 soffermato sui temi della tariffa puntuale, del fondo incentivante e sull&#8217;obiettivo 84% di raccolta differenziata entro il 2030, &#8220;ma gi\u00e0 oggi raggiunto da ben 187 Comuni nella nostra Regione. \u00c8 il frutto del tanto lavoro che abbiamo svolto in questi anni e che continuer\u00e0 attraverso il nostro piano rifiuti, che abbiamo aggiornato lo scorso anno, prevedendo fra l&#8217;altro di arrivare a tali risultati senza la necessit\u00e0 di aprire nessuna nuova discarica, nemmeno in ampliamento, nessun ulteriore termovalorizzatore e nessun incremento di potenzialit\u00e0 degli stessi rispetto a quanto gi\u00e0 autorizzato oggi.<\/p>\n<p>&nbsp;<\/p>\n<hr \/>\n<p>&nbsp;<\/p>\n<p>&nbsp;<\/p>\n<p><strong><a class=\"dt-pswp-item\" href=\"https:\/\/www.radiopiu.net\/wordpress\/wp-content\/uploads\/2020\/04\/Sellaronda-bike-day-ph.credit_freddy-planinschek.jpg\" data-dt-img-description=\"\" data-large_image_width=\"990\" data-large_image_height=\"660\"><img loading=\"lazy\" decoding=\"async\" class=\"wp-image-132243 alignleft\" src=\"https:\/\/www.radiopiu.net\/wordpress\/wp-content\/uploads\/2020\/04\/Sellaronda-bike-day-ph.credit_freddy-planinschek-300x200.jpg\" alt=\"\" width=\"180\" height=\"120\" srcset=\"https:\/\/www.radiopiu.net\/wordpress\/wp-content\/uploads\/2020\/04\/Sellaronda-bike-day-ph.credit_freddy-planinschek-300x200.jpg 300w, https:\/\/www.radiopiu.net\/wordpress\/wp-content\/uploads\/2020\/04\/Sellaronda-bike-day-ph.credit_freddy-planinschek-768x512.jpg 768w, https:\/\/www.radiopiu.net\/wordpress\/wp-content\/uploads\/2020\/04\/Sellaronda-bike-day-ph.credit_freddy-planinschek.jpg 990w\" sizes=\"auto, (max-width: 180px) 100vw, 180px\" \/><\/a>SELLARONDA, OLTRE 10MILA PRESENZE.\u00a0 E&#8217; LA RISPOSTA AI CRITICONI DEL GIORNO<\/strong><\/p>\n<p><em><strong>il Sellaronda pi\u00f9 partecipato di tutte le edizioni autunnali.\u00a0<\/strong><\/em><\/p>\n<p><strong>LIVINALLONGO<\/strong> Si tirano le somme sul recente bike day tardo estivo, il secondo dell&#8217;estate. Una domenica con i passi chiusi ai mezzi motorizzati, riservati ai ciclisti. Idea eccezionale anche per\u00a0 destagionalizzare il turismo oltre il 20 di agosto. Le dichiarazioni, Michela Lezuo presidente di Arabba Fodom Turismo chiarisce un concetto anche a chi\u00a0 dovrebbe essere da esempio anzich\u00e8 limitarsi a\u00a0 criticare sulla stampa. <em>\u00abSe qualche albergo o qualche ristorante ha registrato il vuoto, nel giorno del Sellaronda Bike day, si guardi in casa, prima di parlare di flop\u00bb.\u00a0 \u00a0<\/em><\/p>\n<p>&nbsp;<\/p>\n<p>&nbsp;<\/p>\n<p>&nbsp;<\/p>\n<hr \/>\n<p>&nbsp;<\/p>\n<blockquote>\n<h3>CIMITERO DI CUSIGHE CHIUSO PER MANUTENZIONE NEL FINE SETTIMANA<\/h3>\n<\/blockquote>\n<p><strong><a class=\"dt-pswp-item\" href=\"https:\/\/www.radiopiu.net\/wordpress\/wp-content\/uploads\/2023\/09\/CIMITERO-CUSIGHE.png\" data-dt-img-description=\"\" data-large_image_width=\"707\" data-large_image_height=\"537\"><img loading=\"lazy\" decoding=\"async\" class=\" wp-image-353363 alignleft\" src=\"https:\/\/www.radiopiu.net\/wordpress\/wp-content\/uploads\/2023\/09\/CIMITERO-CUSIGHE-300x228.png\" alt=\"\" width=\"167\" height=\"127\" srcset=\"https:\/\/www.radiopiu.net\/wordpress\/wp-content\/uploads\/2023\/09\/CIMITERO-CUSIGHE-300x228.png 300w, https:\/\/www.radiopiu.net\/wordpress\/wp-content\/uploads\/2023\/09\/CIMITERO-CUSIGHE.png 707w\" sizes=\"auto, (max-width: 167px) 100vw, 167px\" \/><\/a>BELLUNO<\/strong> Chiuso il cimitero di Cusighe, a Belluno, nel fine settimana per manutenzione e trattamento con prodotti fitosanitari: continua l&#8217;attivit\u00e0 del Comune di Belluno per il decoro dei cimiteri cittadini.<\/p>\n<p><strong>di Daniele Dalvit<\/strong><\/p>\n<p>(foto: Google Maps)<\/p>\n<audio class=\"wp-audio-shortcode\" id=\"audio-353249-4\" preload=\"none\" style=\"width: 100%;\" controls=\"controls\"><source type=\"audio\/mpeg\" src=\"https:\/\/www.radiopiu.net\/wordpress\/wp-content\/uploads\/2023\/09\/Radio-Piu-Servizio-Pulizia-cimitero-Cusighe.mp3?_=4\" \/><a href=\"https:\/\/www.radiopiu.net\/wordpress\/wp-content\/uploads\/2023\/09\/Radio-Piu-Servizio-Pulizia-cimitero-Cusighe.mp3\">https:\/\/www.radiopiu.net\/wordpress\/wp-content\/uploads\/2023\/09\/Radio-Piu-Servizio-Pulizia-cimitero-Cusighe.mp3<\/a><\/audio>\n<p>&nbsp;<\/p>\n<p>&nbsp;<\/p>\n<hr \/>\n<p>&nbsp;<\/p>\n<blockquote>\n<h3>CIPA RINNOVA IL SUO CONSIGLIO DIRETTIVO E GUARDA AL FUTURO: LUCA BARBINI NUOVO PRESIDENTE<\/h3>\n<\/blockquote>\n<p><strong>BELLUNO <\/strong>Rafforzare e innovare i servizi alle imprese e la sostenibilit\u00e0 come modello di sviluppo: Cipa, il Consorzio Industriali Protezione Ambiente della provincia di Belluno, cambia il proprio consiglio direttivo guardando al futuro. Nuovo presidente \u00e8 Luca Barbini, gi\u00e0 past president di Confindustria Belluno Dolomiti, mentre Gianluca Vigne, anche lui forte di una grande esperienza associativa, \u00e8 il suo vice. La nuova squadra \u00e8 inoltre composta da Gabriele Bianchini, Luciano Favero, Andrea Ferrazzi, Massimo Larcher, Francesco Raccanelli. Il nuovo consiglio direttivo ha ricordato Giovanni Viel, storico direttore del consorzio prematuramente scomparso, e ringraziato il presidente uscente Arone Roni<\/p>\n<p>&nbsp;<\/p>\n<p>&nbsp;<\/p>\n<hr \/>\n<p>&nbsp;<\/p>\n<blockquote>\n<h3>UNA MOSTRA SULLA FAMIGLIA DI ARTISTI<\/h3>\n<\/blockquote>\n<p><strong><a class=\"dt-pswp-item\" href=\"https:\/\/www.radiopiu.net\/wordpress\/wp-content\/uploads\/2023\/09\/Casa_Boito_aperta_alle_scolaresche.jpg\" data-dt-img-description=\"\" data-large_image_width=\"1368\" data-large_image_height=\"919\"><img loading=\"lazy\" decoding=\"async\" class=\" wp-image-353332 alignleft\" src=\"https:\/\/www.radiopiu.net\/wordpress\/wp-content\/uploads\/2023\/09\/Casa_Boito_aperta_alle_scolaresche-300x202.jpg\" alt=\"\" width=\"172\" height=\"116\" srcset=\"https:\/\/www.radiopiu.net\/wordpress\/wp-content\/uploads\/2023\/09\/Casa_Boito_aperta_alle_scolaresche-300x202.jpg 300w, https:\/\/www.radiopiu.net\/wordpress\/wp-content\/uploads\/2023\/09\/Casa_Boito_aperta_alle_scolaresche-1024x688.jpg 1024w, https:\/\/www.radiopiu.net\/wordpress\/wp-content\/uploads\/2023\/09\/Casa_Boito_aperta_alle_scolaresche-768x516.jpg 768w, https:\/\/www.radiopiu.net\/wordpress\/wp-content\/uploads\/2023\/09\/Casa_Boito_aperta_alle_scolaresche.jpg 1368w\" sizes=\"auto, (max-width: 172px) 100vw, 172px\" \/><\/a>PONTE NELLE ALPI<\/strong> Sono aperte le visite alla mostra dei Boito. E gi\u00e0 diverse scolaresche hanno aderito all\u2019iniziativa.<span class=\"gmail-Apple-converted-space\"> \u00a0<\/span>A questo proposito, il 28 e 29 luglio si sono svolte a Polpet le iniziative dedicate a Silvestro, Arrigo e Camillo Boito, una famiglia di artisti importanti che ha origini bellunesi e ha segnato la storia risorgimentale nei campi della pittura, della letteratura e dell\u2019architettura. Si va dalle lettere ai carteggi, alla corrispondenza, fino ai testi, alla musica e alle opere liriche. Marisa Fanna, curatrice della mostra insieme ai volontari dell\u2019associazione Ecomuseo del Piave e del comitato frazionale, accompagner\u00e0 alunni, associazioni e gruppi che ne faranno richiesta. Un\u2019occasione unica per approfondire la storia risorgimentale e musicale italiana. \u00c8 possibile prenotare gratuitamente le visite al numero 348.7305587 o inviando una mail a<span class=\"gmail-Apple-converted-space\">\u00a0 <\/span><a href=\"mailto:ecomudop@gmail.com\">ecomudop@gmail.com<\/a>. Polpet \u00e8 facilmente raggiungibile anche in treno.<\/p>\n<p>&nbsp;<\/p>\n<p>&nbsp;<\/p>\n<hr \/>\n<p>&nbsp;<\/p>\n<blockquote>\n<h3>\u201cL\u2019ORO DI\u00a0CORNIA\u201d: LA PRO LOCO OMAGGIA GLI STUDENTI DI SOSPIROLO<\/h3>\n<\/blockquote>\n<p><strong><a class=\"dt-pswp-item\" href=\"https:\/\/www.radiopiu.net\/wordpress\/wp-content\/uploads\/2023\/09\/DONAZIONE-ORO-DI-CORNIA-scaled.jpg\" data-dt-img-description=\"\" data-large_image_width=\"2560\" data-large_image_height=\"1920\"><img loading=\"lazy\" decoding=\"async\" class=\" wp-image-353335 alignleft\" src=\"https:\/\/www.radiopiu.net\/wordpress\/wp-content\/uploads\/2023\/09\/DONAZIONE-ORO-DI-CORNIA-300x225.jpg\" alt=\"\" width=\"135\" height=\"101\" srcset=\"https:\/\/www.radiopiu.net\/wordpress\/wp-content\/uploads\/2023\/09\/DONAZIONE-ORO-DI-CORNIA-300x225.jpg 300w, https:\/\/www.radiopiu.net\/wordpress\/wp-content\/uploads\/2023\/09\/DONAZIONE-ORO-DI-CORNIA-1024x768.jpg 1024w, https:\/\/www.radiopiu.net\/wordpress\/wp-content\/uploads\/2023\/09\/DONAZIONE-ORO-DI-CORNIA-768x576.jpg 768w, https:\/\/www.radiopiu.net\/wordpress\/wp-content\/uploads\/2023\/09\/DONAZIONE-ORO-DI-CORNIA-1536x1152.jpg 1536w, https:\/\/www.radiopiu.net\/wordpress\/wp-content\/uploads\/2023\/09\/DONAZIONE-ORO-DI-CORNIA-2048x1536.jpg 2048w\" sizes=\"auto, (max-width: 135px) 100vw, 135px\" \/><\/a>SOSPIROLO <\/strong>Ben 101 copie de \u201cL&#8217;Oro di Cornia. La natura e gli uomini nel paesaggio delle Masiere di Vedana\u201d sono state donate dalla Pro loco \u201cMonti del Sole\u201d agli alunni e insegnanti della scuola media di Sospirolo. La pubblicazione \u00e8 dedicata a uno dei luoghi pi\u00f9 interessanti del territorio sospirolese, quello delle Masiere, zona ricca di fascino e mistero grazie alle numerose leggende che la caratterizzano, a iniziare da quella riguardante l\u2019antica e sepolta citt\u00e0 di Cornia, che d\u00e0 il titolo al libro. Alla cerimonia di consegna erano presenti Alba Barattin, curatrice del libro e presidente del Comitato di gestione della Biblioteca, la referente di Sospirolo della scuola media Stefania Petrera, la dirigente scolastica dell\u2019Istituto Comprensivo Lucia Fratturelli e alcuni studenti.<\/p>\n<p>&nbsp;<\/p>\n<p>&nbsp;<\/p>\n<hr \/>\n<p>&nbsp;<\/p>\n<blockquote>\n<h3>RIAPRE L&#8217;UFFICIO POSTALE DI LIMANA<\/h3>\n<\/blockquote>\n<p><strong><a class=\"dt-pswp-item\" href=\"https:\/\/www.radiopiu.net\/wordpress\/wp-content\/uploads\/2023\/09\/Ufficio-Postale-Limana_jpg.jpg\" data-dt-img-description=\"\" data-large_image_width=\"768\" data-large_image_height=\"432\"><img loading=\"lazy\" decoding=\"async\" class=\" wp-image-353338 alignleft\" src=\"https:\/\/www.radiopiu.net\/wordpress\/wp-content\/uploads\/2023\/09\/Ufficio-Postale-Limana_jpg-300x169.jpg\" alt=\"\" width=\"172\" height=\"97\" srcset=\"https:\/\/www.radiopiu.net\/wordpress\/wp-content\/uploads\/2023\/09\/Ufficio-Postale-Limana_jpg-300x169.jpg 300w, https:\/\/www.radiopiu.net\/wordpress\/wp-content\/uploads\/2023\/09\/Ufficio-Postale-Limana_jpg.jpg 768w\" sizes=\"auto, (max-width: 172px) 100vw, 172px\" \/><\/a>LIMANA <\/strong>Riapre oggi alle 9 l\u2019Ufficio Postale di Limana. Sono terminati infatti i lavori di ristrutturazione della sede di piazzetta Piol. Con i lavori appena conclusi, l\u2019ufficio postale ha cambiato il suo tradizionale aspetto grazie anche alla realizzazione di uno sportello ribassato, utile per richiedere con comodit\u00e0 i servizi della pubblica amministrazione non appena disponibili, oltre ai servizi ed ai prodotti di Poste Italiane. Inoltre, l\u2019intera sala che accoglie i clienti \u00e8 stata tinteggiata, dotata di nuovi arredi e colori ed una corsia per non vedenti. L\u2019ufficio postale di Limana \u00e8 a disposizione dei cittadini con il consueto orario: dal luned\u00ec al venerd\u00ec dalle 8.20 alle 13.35 ed il sabato fino alle 12.35.<\/p>\n<p>&nbsp;<\/p>\n<p>&nbsp;<\/p>\n<hr \/>\n<p>&nbsp;<\/p>\n<blockquote>\n<h3>ALLEGHE, LA NUOVA PROLOCO ENTUSIASMO DEI GIOVANI E DI UN PAESE<\/h3>\n<\/blockquote>\n<p><a class=\"dt-pswp-item\" href=\"https:\/\/www.radiopiu.net\/wordpress\/wp-content\/uploads\/2023\/09\/13557774_10209704907368132_4130664765576962811_n.jpg\" data-dt-img-description=\"\" data-large_image_width=\"899\" data-large_image_height=\"914\"><img loading=\"lazy\" decoding=\"async\" class=\"wp-image-353314 alignleft\" src=\"https:\/\/www.radiopiu.net\/wordpress\/wp-content\/uploads\/2023\/09\/13557774_10209704907368132_4130664765576962811_n-295x300.jpg\" alt=\"\" width=\"143\" height=\"145\" srcset=\"https:\/\/www.radiopiu.net\/wordpress\/wp-content\/uploads\/2023\/09\/13557774_10209704907368132_4130664765576962811_n-295x300.jpg 295w, https:\/\/www.radiopiu.net\/wordpress\/wp-content\/uploads\/2023\/09\/13557774_10209704907368132_4130664765576962811_n-768x781.jpg 768w, https:\/\/www.radiopiu.net\/wordpress\/wp-content\/uploads\/2023\/09\/13557774_10209704907368132_4130664765576962811_n.jpg 899w\" sizes=\"auto, (max-width: 143px) 100vw, 143px\" \/><\/a>di mirko mezzacasa<\/p>\n<p>OSPITE OMAR PINIE&#8217;, PRESIDENTE PROLOCO ALLEGHE<\/p>\n<p>&nbsp;<\/p>\n<p>&nbsp;<\/p>\n<p>&nbsp;<\/p>\n<p>AUDIO<\/p>\n<audio class=\"wp-audio-shortcode\" id=\"audio-353249-5\" preload=\"none\" style=\"width: 100%;\" controls=\"controls\"><source type=\"audio\/mpeg\" src=\"https:\/\/www.radiopiu.net\/wordpress\/wp-content\/uploads\/2023\/09\/omar-pinie.mp3?_=5\" \/><a href=\"https:\/\/www.radiopiu.net\/wordpress\/wp-content\/uploads\/2023\/09\/omar-pinie.mp3\">https:\/\/www.radiopiu.net\/wordpress\/wp-content\/uploads\/2023\/09\/omar-pinie.mp3<\/a><\/audio>\n<p>&nbsp;<\/p>\n<p>&nbsp;<\/p>\n<p>&nbsp;<\/p>\n<p>&nbsp;<\/p>\n<hr \/>\n<p>&nbsp;<\/p>\n<h2><span style=\"color: #808000;\">DOMENICA L&#8217;INAUGURAZIONE DELLA TRATTORIA PIZZERIA PALU&#8217; A CENCENIGHE<\/span><\/h2>\n<p><strong>DI MIRKO MEZZACASA<\/strong><\/p>\n<p>Ospite: Giovanni Manfroi<\/p>\n<p><iframe loading=\"lazy\" title=\"Diretta Radio Pi\u00f9 da Pal\u00f9 Cencenighe\" width=\"1200\" height=\"675\" src=\"https:\/\/www.youtube.com\/embed\/616WQFZezXE?feature=oembed\" frameborder=\"0\" allow=\"accelerometer; autoplay; clipboard-write; encrypted-media; gyroscope; picture-in-picture; web-share\" allowfullscreen><\/iframe><\/p>\n<p>&nbsp;<\/p>\n<hr \/>\n<p>&nbsp;<\/p>\n<h2><span style=\"color: #008080;\">DALLA PRO LOCO DI SEDICO CLAUDIO MEZZAVILLA<\/span><\/h2>\n<p><strong><a class=\"dt-pswp-item\" href=\"https:\/\/www.radiopiu.net\/wordpress\/wp-content\/uploads\/2022\/01\/th-20.jpg\" data-dt-img-description=\"\" data-large_image_width=\"259\" data-large_image_height=\"194\"><img loading=\"lazy\" decoding=\"async\" class=\" wp-image-256243 alignleft\" src=\"https:\/\/www.radiopiu.net\/wordpress\/wp-content\/uploads\/2022\/01\/th-20.jpg\" alt=\"\" width=\"143\" height=\"107\" \/><\/a>di Mirko Mezzacasa<\/strong><\/p>\n<p>OSPITE: Claudio Mezzavilla, Pro Loco di Sedico<\/p>\n<audio class=\"wp-audio-shortcode\" id=\"audio-353249-6\" preload=\"none\" style=\"width: 100%;\" controls=\"controls\"><source type=\"audio\/mpeg\" src=\"https:\/\/www.radiopiu.net\/wordpress\/wp-content\/uploads\/2023\/09\/CLAUDIO-MEZZAVILLA.mp3?_=6\" \/><a href=\"https:\/\/www.radiopiu.net\/wordpress\/wp-content\/uploads\/2023\/09\/CLAUDIO-MEZZAVILLA.mp3\">https:\/\/www.radiopiu.net\/wordpress\/wp-content\/uploads\/2023\/09\/CLAUDIO-MEZZAVILLA.mp3<\/a><\/audio>\n<p>&nbsp;<\/p>\n<p>&nbsp;<\/p>\n<p>&nbsp;<\/p>\n<hr \/>\n<p>&nbsp;<\/p>\n<div class=\"flex-1 overflow-hidden\">\n<div class=\"react-scroll-to-bottom--css-dhqcr-79elbk h-full dark:bg-gray-800\">\n<div class=\"react-scroll-to-bottom--css-dhqcr-1n7m0yu\">\n<div class=\"flex flex-col text-sm dark:bg-gray-800\">\n<div class=\"group w-full text-token-text-primary border-b border-black\/10 dark:border-gray-900\/50 bg-gray-50 dark:bg-[#444654]\" data-testid=\"conversation-turn-3\">\n<div class=\"p-4 justify-center text-base md:gap-6 md:py-6 m-auto\">\n<div>\n<p>&nbsp;<\/p>\n<\/div>\n<blockquote>\n<h3><strong><a class=\"dt-pswp-item\" href=\"https:\/\/www.radiopiu.net\/wordpress\/wp-content\/uploads\/2023\/09\/copertina-cartaceo-omicidio-emma-canton.jpg\" data-dt-img-description=\"\" data-large_image_width=\"691\" data-large_image_height=\"1031\"><img loading=\"lazy\" decoding=\"async\" class=\" wp-image-353117 alignleft\" src=\"https:\/\/www.radiopiu.net\/wordpress\/wp-content\/uploads\/2023\/09\/copertina-cartaceo-omicidio-emma-canton-201x300.jpg\" alt=\"\" width=\"145\" height=\"216\" srcset=\"https:\/\/www.radiopiu.net\/wordpress\/wp-content\/uploads\/2023\/09\/copertina-cartaceo-omicidio-emma-canton-201x300.jpg 201w, https:\/\/www.radiopiu.net\/wordpress\/wp-content\/uploads\/2023\/09\/copertina-cartaceo-omicidio-emma-canton-686x1024.jpg 686w, https:\/\/www.radiopiu.net\/wordpress\/wp-content\/uploads\/2023\/09\/copertina-cartaceo-omicidio-emma-canton.jpg 691w\" sizes=\"auto, (max-width: 145px) 100vw, 145px\" \/><\/a><\/strong>OMICIDIO DI EMMA CANTON-atti processuali- IL LIBRO DI ROBERTO DE NART<\/h3>\n<\/blockquote>\n<div>\n<p>&nbsp;<\/p>\n<p><strong>ROBERTO DE NART<\/strong><\/p>\n<\/div>\n<\/div>\n<\/div>\n<\/div>\n<\/div>\n<\/div>\n<\/div>\n<audio class=\"wp-audio-shortcode\" id=\"audio-353249-7\" preload=\"none\" style=\"width: 100%;\" controls=\"controls\"><source type=\"audio\/mpeg\" src=\"https:\/\/www.radiopiu.net\/wordpress\/wp-content\/uploads\/2023\/09\/ROBERTO-DE-NART.mp3?_=7\" \/><a href=\"https:\/\/www.radiopiu.net\/wordpress\/wp-content\/uploads\/2023\/09\/ROBERTO-DE-NART.mp3\">https:\/\/www.radiopiu.net\/wordpress\/wp-content\/uploads\/2023\/09\/ROBERTO-DE-NART.mp3<\/a><\/audio>\n<p>&nbsp;<\/p>\n<p>&nbsp;<\/p>\n<hr \/>\n<p>&nbsp;<\/p>\n<blockquote>\n<h3>LONGARONE FIERE DOLOMITI CAPITALE DEL TURISMO DAL 2 AL 4 OTTOBRE<\/h3>\n<\/blockquote>\n<p><strong><a class=\"dt-pswp-item\" href=\"https:\/\/www.radiopiu.net\/wordpress\/wp-content\/uploads\/2023\/09\/Dolomiti-HoReCa-2023_01.jpg\" data-dt-img-description=\"\" data-large_image_width=\"2200\" data-large_image_height=\"1467\"><img loading=\"lazy\" decoding=\"async\" class=\" wp-image-353202 alignleft\" src=\"https:\/\/www.radiopiu.net\/wordpress\/wp-content\/uploads\/2023\/09\/Dolomiti-HoReCa-2023_01-300x200.jpg\" alt=\"\" width=\"153\" height=\"102\" srcset=\"https:\/\/www.radiopiu.net\/wordpress\/wp-content\/uploads\/2023\/09\/Dolomiti-HoReCa-2023_01-300x200.jpg 300w, https:\/\/www.radiopiu.net\/wordpress\/wp-content\/uploads\/2023\/09\/Dolomiti-HoReCa-2023_01-1024x683.jpg 1024w, https:\/\/www.radiopiu.net\/wordpress\/wp-content\/uploads\/2023\/09\/Dolomiti-HoReCa-2023_01-768x512.jpg 768w, https:\/\/www.radiopiu.net\/wordpress\/wp-content\/uploads\/2023\/09\/Dolomiti-HoReCa-2023_01-1536x1024.jpg 1536w, https:\/\/www.radiopiu.net\/wordpress\/wp-content\/uploads\/2023\/09\/Dolomiti-HoReCa-2023_01-2048x1366.jpg 2048w\" sizes=\"auto, (max-width: 153px) 100vw, 153px\" \/><\/a>LONGARONE <\/strong>Il turismo \u00e8 ormai una componente stabile del Pil italiano, anzi, in continua crescita. E il settore delle vacanze, in montagna, pu\u00f2 contare su due stagioni, l\u2019inverno e l\u2019estate. Se ci si aggiunge che tra poco pi\u00f9 di due anni si celebreranno le Olimpiadi invernali di Milano-Cortina, ecco serviti gli ingredienti per Horeca. La terza edizione della fiera dell\u2019ospitalit\u00e0 e della ristorazione sar\u00e0 a Longarone Fiere Dolomiti dal 2 al 4 ottobre, riservata al pubblico professionale che opera principalmente nelle aree montane e collinari, e a tutte le attivit\u00e0 del settore turistico e agroturistico. Con momenti di incontro, approfondimenti tecnici, masterclass di cucina, sommelier e mixology.<\/p>\n<p>&nbsp;<\/p>\n<p>&nbsp;<\/p>\n<p>&nbsp;<\/p>\n<hr \/>\n<p>&nbsp;<\/p>\n<p>&nbsp;<\/p>\n<blockquote>\n<h3><img loading=\"lazy\" decoding=\"async\" class=\"alignleft\" src=\"https:\/\/www.radiopiu.net\/wordpress\/wp-content\/uploads\/2023\/09\/948dd5af-a994-4745-a752-209c8ab63be4.jpg\" width=\"108\" height=\"169\" \/>LIBER&#8230; SECONDA PUNTATA &#8220;PIERO FA LA MERICA&#8221; di Paolo Malaguti<\/h3>\n<\/blockquote>\n<p><strong>di e con LIANA CAVALLET<\/strong><\/p>\n<p>&nbsp;<\/p>\n<p><strong>AUDIO<\/strong><\/p>\n<audio class=\"wp-audio-shortcode\" id=\"audio-353249-8\" preload=\"none\" style=\"width: 100%;\" controls=\"controls\"><source type=\"audio\/mpeg\" src=\"https:\/\/www.radiopiu.net\/wordpress\/wp-content\/uploads\/2023\/09\/LIANA-1.mp3?_=8\" \/><a href=\"https:\/\/www.radiopiu.net\/wordpress\/wp-content\/uploads\/2023\/09\/LIANA-1.mp3\">https:\/\/www.radiopiu.net\/wordpress\/wp-content\/uploads\/2023\/09\/LIANA-1.mp3<\/a><\/audio>\n<p>&nbsp;<\/p>\n<p>&nbsp;<\/p>\n<p>&nbsp;<\/p>\n<hr \/>\n<p>&nbsp;<\/p>\n<blockquote>\n<h3>SE NON LA SMETTI DI MANDO DAL PRESIDE, SECONDA PUNTATA<\/h3>\n<\/blockquote>\n<p><a class=\"dt-pswp-item\" href=\"https:\/\/www.radiopiu.net\/wordpress\/wp-content\/uploads\/2023\/09\/th-23.jpg\" data-dt-img-description=\"\" data-large_image_width=\"320\" data-large_image_height=\"180\"><img loading=\"lazy\" decoding=\"async\" class=\"wp-image-353315 alignleft\" src=\"https:\/\/www.radiopiu.net\/wordpress\/wp-content\/uploads\/2023\/09\/th-23-300x169.jpg\" alt=\"\" width=\"172\" height=\"97\" srcset=\"https:\/\/www.radiopiu.net\/wordpress\/wp-content\/uploads\/2023\/09\/th-23-300x169.jpg 300w, https:\/\/www.radiopiu.net\/wordpress\/wp-content\/uploads\/2023\/09\/th-23.jpg 320w\" sizes=\"auto, (max-width: 172px) 100vw, 172px\" \/><\/a>di mirko mezzacasa<\/p>\n<p><strong>CON LA PROF. MARIA ROSA SALMAZO<\/strong><\/p>\n<p><span style=\"color: #ff0000;\">AUDIO<\/span><\/p>\n<audio class=\"wp-audio-shortcode\" id=\"audio-353249-9\" preload=\"none\" style=\"width: 100%;\" controls=\"controls\"><source type=\"audio\/mpeg\" src=\"https:\/\/www.radiopiu.net\/wordpress\/wp-content\/uploads\/2023\/09\/se-non-la-smetti-2-2023.mp3?_=9\" \/><a href=\"https:\/\/www.radiopiu.net\/wordpress\/wp-content\/uploads\/2023\/09\/se-non-la-smetti-2-2023.mp3\">https:\/\/www.radiopiu.net\/wordpress\/wp-content\/uploads\/2023\/09\/se-non-la-smetti-2-2023.mp3<\/a><\/audio>\n<p>&nbsp;<\/p>\n<hr \/>\n<p>&nbsp;<\/p>\n<blockquote><p><span style=\"color: #ff0000;\"><strong>VERSO LA SE DESMONTEGHEA DI FALCADE\u00a0<\/strong><\/span><\/p>\n<p><a class=\"dt-pswp-item\" href=\"https:\/\/www.radiopiu.net\/wordpress\/wp-content\/uploads\/2023\/09\/16ae7805-26bd-4f7c-a34e-6308a1c88a22.jpg\" data-dt-img-description=\"\" data-large_image_width=\"1600\" data-large_image_height=\"777\"><img loading=\"lazy\" decoding=\"async\" class=\"size-medium wp-image-353259 aligncenter\" src=\"https:\/\/www.radiopiu.net\/wordpress\/wp-content\/uploads\/2023\/09\/16ae7805-26bd-4f7c-a34e-6308a1c88a22-300x146.jpg\" alt=\"\" width=\"300\" height=\"146\" srcset=\"https:\/\/www.radiopiu.net\/wordpress\/wp-content\/uploads\/2023\/09\/16ae7805-26bd-4f7c-a34e-6308a1c88a22-300x146.jpg 300w, https:\/\/www.radiopiu.net\/wordpress\/wp-content\/uploads\/2023\/09\/16ae7805-26bd-4f7c-a34e-6308a1c88a22-1024x497.jpg 1024w, https:\/\/www.radiopiu.net\/wordpress\/wp-content\/uploads\/2023\/09\/16ae7805-26bd-4f7c-a34e-6308a1c88a22-768x373.jpg 768w, https:\/\/www.radiopiu.net\/wordpress\/wp-content\/uploads\/2023\/09\/16ae7805-26bd-4f7c-a34e-6308a1c88a22-1536x746.jpg 1536w, https:\/\/www.radiopiu.net\/wordpress\/wp-content\/uploads\/2023\/09\/16ae7805-26bd-4f7c-a34e-6308a1c88a22.jpg 1600w\" sizes=\"auto, (max-width: 300px) 100vw, 300px\" \/><\/a><\/p><\/blockquote>\n<p>&nbsp;<\/p>\n<hr \/>\n<p>&nbsp;<\/p>\n<blockquote>\n<h3>ARABBA MARMOLADA 2030. VENERDI&#8217; AL RIFUGIO LUIGI GORZA in diretta su tutti i canali di radiopi\u00f9<\/h3>\n<\/blockquote>\n<p><a class=\"dt-pswp-item\" href=\"https:\/\/www.radiopiu.net\/wordpress\/wp-content\/uploads\/2023\/09\/Arabba_Fodom_Turismo_ph_Roberto_De_Pellegrin_web-13-1.jpg\" data-dt-img-description=\"\" data-large_image_width=\"1115\" data-large_image_height=\"743\"><img loading=\"lazy\" decoding=\"async\" class=\" wp-image-353050 alignleft\" src=\"https:\/\/www.radiopiu.net\/wordpress\/wp-content\/uploads\/2023\/09\/Arabba_Fodom_Turismo_ph_Roberto_De_Pellegrin_web-13-1-300x200.jpg\" alt=\"\" width=\"197\" height=\"131\" srcset=\"https:\/\/www.radiopiu.net\/wordpress\/wp-content\/uploads\/2023\/09\/Arabba_Fodom_Turismo_ph_Roberto_De_Pellegrin_web-13-1-300x200.jpg 300w, https:\/\/www.radiopiu.net\/wordpress\/wp-content\/uploads\/2023\/09\/Arabba_Fodom_Turismo_ph_Roberto_De_Pellegrin_web-13-1-1024x682.jpg 1024w, https:\/\/www.radiopiu.net\/wordpress\/wp-content\/uploads\/2023\/09\/Arabba_Fodom_Turismo_ph_Roberto_De_Pellegrin_web-13-1-768x512.jpg 768w, https:\/\/www.radiopiu.net\/wordpress\/wp-content\/uploads\/2023\/09\/Arabba_Fodom_Turismo_ph_Roberto_De_Pellegrin_web-13-1.jpg 1115w\" sizes=\"auto, (max-width: 197px) 100vw, 197px\" \/><\/a>Venerd\u00ec alle 18:00 al Rifugio Luigi Gorza si terr\u00e0 un appuntamento in quota per discutere di montagna, progetti e sviluppo turistico.<\/p>\n<p>&nbsp;<\/p>\n<p>&nbsp;<\/p>\n<p>&nbsp;<\/p>\n<p>&nbsp;<\/p>\n<h1><span style=\"color: #0000ff;\"><strong>GLI SPECIALI ALLA RADIO<\/strong><\/span><\/h1>\n<div id=\"attachment_111002\" style=\"width: 204px\" class=\"wp-caption alignleft\"><a class=\"dt-pswp-item\" href=\"https:\/\/www.radiopiu.net\/wordpress\/wp-content\/uploads\/2019\/12\/download-16.jpg\" data-dt-img-description=\"diego de battista \" data-large_image_width=\"194\" data-large_image_height=\"259\"><img loading=\"lazy\" decoding=\"async\" aria-describedby=\"caption-attachment-111002\" class=\" wp-image-111002\" src=\"https:\/\/www.radiopiu.net\/wordpress\/wp-content\/uploads\/2019\/12\/download-16.jpg\" alt=\"\" width=\"105\" height=\"140\" \/><\/a><p id=\"caption-attachment-111002\" class=\"wp-caption-text\">diego de battista<\/p><\/div>\n<p><span style=\"color: #ff0000;\"><strong>L&#8217;INTERVISTA A DIEGO DE BATTISTA, PRESIDENTE CONSORZIO IMPIANTI A FUNIVIE\u00a0<\/strong><\/span><\/p>\n<audio class=\"wp-audio-shortcode\" id=\"audio-353249-10\" preload=\"none\" style=\"width: 100%;\" controls=\"controls\"><source type=\"audio\/mpeg\" src=\"https:\/\/www.radiopiu.net\/wordpress\/wp-content\/uploads\/2023\/09\/DIEGO-DE-BATTISTA.mp3?_=10\" \/><a href=\"https:\/\/www.radiopiu.net\/wordpress\/wp-content\/uploads\/2023\/09\/DIEGO-DE-BATTISTA.mp3\">https:\/\/www.radiopiu.net\/wordpress\/wp-content\/uploads\/2023\/09\/DIEGO-DE-BATTISTA.mp3<\/a><\/audio>\n<blockquote><p>&nbsp;<\/p><\/blockquote>\n<p>&nbsp;<\/p>\n<p>&nbsp;<\/p>\n<hr \/>\n<p>&nbsp;<\/p>\n<blockquote>\n<h3>OGGI LA GIORNATA INTERNAZIONALE DELL&#8217;ALZHEIMER<\/h3>\n<\/blockquote>\n<p><strong>BELLUNO<\/strong> In occasione della Giornata Mondiale dell\u2019 Alzheimer, l\u2019Ulss Dolomiti propone un incontro dal titolo \u201cPerdutaMente: oltre la diagnosi di disturbo neurocognitivo\u201d. L\u2019appuntamento \u00e8 per oggi alle 18.00 nella Sala Convegni dell\u2019Ospedale di Feltre per parlare di prevenzione, diagnosi e presa in carico della persona con disturbo neurocognitivo<\/p>\n<p>&nbsp;<\/p>\n<p>&nbsp;<\/p>\n<hr \/>\n<p>&nbsp;<\/p>\n<h2><span style=\"color: #ff0000;\">GLI APPUNTAMENTI DELLA SETTIMANA\u00a0<\/span><\/h2>\n<blockquote>\n<h3>AD ARTEN SI PRESENTA IL NUOVO LIBRO DI TRIMERI<\/h3>\n<\/blockquote>\n<p><strong>FELTRE<\/strong> Il poeta di Arten Giovanni Trimeri sar\u00e0 ospite \u201cin casa\u201d per presentare la sua nuova fatica letteraria dal titolo \u201cV\u00e9nder f\u00f3ra\/Svendere\u201d (DBS editore). La raccolta edita a tiratura limitata, numerata e firmata dall&#8217;autore, propone ritratti e immagini del paese, del quale coglie le trasformazioni sociali, demografiche ed economiche. I testi dialettali riportano in calce la traduzione in italiano. Ad organizzare la serata sono la Sezione di Arten \u201cToigo Mor\u00ecs\u201d dell\u2019Associazione Feltrina Donatori Volontari di Sangue e il Gruppo Alpini di Arten; l\u2019incontro si terr\u00e0 domani alle 20.30 presso il Casel di Arten.<\/p>\n<p>&nbsp;<\/p>\n<p>&nbsp;<\/p>\n<p><strong><a class=\"dt-pswp-item\" href=\"https:\/\/www.radiopiu.net\/wordpress\/wp-content\/uploads\/2023\/09\/84243051-bb93-44b6-b1e4-d199c2330988.jpg\" data-dt-img-description=\"\" data-large_image_width=\"715\" data-large_image_height=\"1024\"><img loading=\"lazy\" decoding=\"async\" class=\"size-medium wp-image-352515 aligncenter\" src=\"https:\/\/www.radiopiu.net\/wordpress\/wp-content\/uploads\/2023\/09\/84243051-bb93-44b6-b1e4-d199c2330988-209x300.jpg\" alt=\"\" width=\"209\" height=\"300\" srcset=\"https:\/\/www.radiopiu.net\/wordpress\/wp-content\/uploads\/2023\/09\/84243051-bb93-44b6-b1e4-d199c2330988-209x300.jpg 209w, https:\/\/www.radiopiu.net\/wordpress\/wp-content\/uploads\/2023\/09\/84243051-bb93-44b6-b1e4-d199c2330988.jpg 715w\" sizes=\"auto, (max-width: 209px) 100vw, 209px\" \/> <\/a><\/strong><\/p>\n<p><strong>LA MESSA A FORCELLA CAMP\u00a0<\/strong> Sabato alle 10,30 appuntamento a Forcella Camp. Ventitre&#8217; anni fa l&#8217;idea di Giorgio Favero e da allora ogni anno \u00e8 diventato punto importante di ritrovo per chi ama la montagna con un pensiero all&#8217;indimenticabile amico Giorgio Favero.<\/p>\n<h3><\/h3>\n<p>&nbsp;<\/p>\n<blockquote>\n<blockquote>\n<h3><a class=\"dt-pswp-item\" href=\"https:\/\/www.radiopiu.net\/wordpress\/wp-content\/uploads\/2023\/09\/Tessitrice.jpg\" data-dt-img-description=\"\" data-large_image_width=\"721\" data-large_image_height=\"918\"><img loading=\"lazy\" decoding=\"async\" class=\"wp-image-353169 alignleft\" src=\"https:\/\/www.radiopiu.net\/wordpress\/wp-content\/uploads\/2023\/09\/Tessitrice-236x300.jpg\" alt=\"\" width=\"142\" height=\"181\" srcset=\"https:\/\/www.radiopiu.net\/wordpress\/wp-content\/uploads\/2023\/09\/Tessitrice-236x300.jpg 236w, https:\/\/www.radiopiu.net\/wordpress\/wp-content\/uploads\/2023\/09\/Tessitrice.jpg 721w\" sizes=\"auto, (max-width: 142px) 100vw, 142px\" \/><\/a>100 ANNI FA IL CASELO A DIGOMAN. DOMENICA LA FESTA<\/h3>\n<\/blockquote>\n<div>\n<p><strong>DI GIANNI SANTOMASO<\/strong><\/p>\n<audio class=\"wp-audio-shortcode\" id=\"audio-353249-11\" preload=\"none\" style=\"width: 100%;\" controls=\"controls\"><source type=\"audio\/mpeg\" src=\"https:\/\/www.radiopiu.net\/wordpress\/wp-content\/uploads\/2023\/09\/GIANNI-CASELO-DI-DIGOMAN.mp3?_=11\" \/><a href=\"https:\/\/www.radiopiu.net\/wordpress\/wp-content\/uploads\/2023\/09\/GIANNI-CASELO-DI-DIGOMAN.mp3\">https:\/\/www.radiopiu.net\/wordpress\/wp-content\/uploads\/2023\/09\/GIANNI-CASELO-DI-DIGOMAN.mp3<\/a><\/audio>\n<p>&nbsp;<\/p>\n<p>&nbsp;<\/p>\n<\/div>\n<\/blockquote>\n<blockquote>\n<h3>SABATO KARAOKE E DJ SET A L&#8217;AIVAZ<\/h3>\n<\/blockquote>\n<p><strong>FALCADE<\/strong> Sabato dalle 19 a L&#8217;Aivaz sulla piana di Falcade una serata di festa con karaoke e DJ set con Nelio<\/p>\n<p>&nbsp;<\/p>\n<blockquote>\n<h3>IL COMPLEANNO DI INSIEME SI PUO&#8217; FODOM<\/h3>\n<\/blockquote>\n<p><strong>LIVINALLONGO<\/strong> Sabato 23 settembre alle 20 nella sala congressi di Arabba il gruppo Insieme Si Pu\u00f2 di Fodom festeggia il compleanno. 20+2 il titolo della serata in cui verr\u00e0 presentato il libro fotografico di Edy Mariaclara, Anna e Matteo.<\/p>\n<p>&nbsp;<\/p>\n<p><a class=\"dt-pswp-item\" href=\"https:\/\/www.radiopiu.net\/wordpress\/wp-content\/uploads\/2023\/09\/42736ef3-6d90-452a-b3ec-551dca51eeaf.jpg\" data-dt-img-description=\"\" data-large_image_width=\"1456\" data-large_image_height=\"2048\"><img loading=\"lazy\" decoding=\"async\" class=\"size-medium wp-image-352248 alignleft\" src=\"https:\/\/www.radiopiu.net\/wordpress\/wp-content\/uploads\/2023\/09\/42736ef3-6d90-452a-b3ec-551dca51eeaf-213x300.jpg\" alt=\"\" width=\"213\" height=\"300\" srcset=\"https:\/\/www.radiopiu.net\/wordpress\/wp-content\/uploads\/2023\/09\/42736ef3-6d90-452a-b3ec-551dca51eeaf-213x300.jpg 213w, https:\/\/www.radiopiu.net\/wordpress\/wp-content\/uploads\/2023\/09\/42736ef3-6d90-452a-b3ec-551dca51eeaf-728x1024.jpg 728w, https:\/\/www.radiopiu.net\/wordpress\/wp-content\/uploads\/2023\/09\/42736ef3-6d90-452a-b3ec-551dca51eeaf-768x1080.jpg 768w, https:\/\/www.radiopiu.net\/wordpress\/wp-content\/uploads\/2023\/09\/42736ef3-6d90-452a-b3ec-551dca51eeaf-1092x1536.jpg 1092w, https:\/\/www.radiopiu.net\/wordpress\/wp-content\/uploads\/2023\/09\/42736ef3-6d90-452a-b3ec-551dca51eeaf.jpg 1456w\" sizes=\"auto, (max-width: 213px) 100vw, 213px\" \/><\/a><\/p>\n<p>44ESIMA MOSTRA MERCATO A VILLA PATT DI SEDICO. DOMENICA 24 SETTEMBRE DALLE 9.30 A SERA: PRODOTTI AGRICOLI LATTIERO-CASEARI, HOBBYSTICA, FATTORIA DIDATTICA, MOSTRE E GIOCHI DI UNA VOLTA PER GRANDI E BAMBINI CON IL GRUPPO COMITATO PULLIR. IMMANCABILE LA TRUCCABIMBI STRYLLI E L&#8217;ANIMAZIONE PER I PIU&#8217; PICCOLI. ALLE 9.30 CONVEGNO SUL MIELE CON API DOLOMITI, DALLE 11.30 CUCINA APERTA CON PIATTI TIPICI E FORNITISSIMI CHIOSCHI, INTRATTENIMENTO MUSICALE CON FAUSTO E CHIARA. DOMENICA 24 SETTEMBRE A SEDICO VILLA PATT!<\/p>\n<p>&nbsp;<\/p>\n<p>&nbsp;<\/p>\n<p>&nbsp;<\/p>\n<p>&nbsp;<\/p>\n<p>&nbsp;<\/p>\n<p>&nbsp;<\/p>\n<blockquote>\n<h3>IL QUINTO MINITRAIL DI VILLA SAN FRANCESCO<\/h3>\n<\/blockquote>\n<p><strong>PEDAVENA<\/strong> Il 24 settembre \u00e8 in programma il 5\u00b0 Minitrail di Villa San Francesco. Alle 8:30 l&#8217;apertura delle iscrizioni, alle 9:30 la partenza. A seguire premiazioni e rinfresco. Pacco gara per i primi 100 iscritti<\/p>\n<p>&nbsp;<\/p>\n<p>&nbsp;<\/p>\n<blockquote>\n<h4><a class=\"dt-pswp-item\" href=\"https:\/\/www.radiopiu.net\/wordpress\/wp-content\/uploads\/2023\/09\/partenza-G.Rosa-2022.jpg\" data-dt-img-description=\"\" data-large_image_width=\"500\" data-large_image_height=\"500\"><img loading=\"lazy\" decoding=\"async\" class=\" wp-image-353027 alignleft\" src=\"https:\/\/www.radiopiu.net\/wordpress\/wp-content\/uploads\/2023\/09\/partenza-G.Rosa-2022-300x300.jpg\" alt=\"\" width=\"261\" height=\"261\" srcset=\"https:\/\/www.radiopiu.net\/wordpress\/wp-content\/uploads\/2023\/09\/partenza-G.Rosa-2022-300x300.jpg 300w, https:\/\/www.radiopiu.net\/wordpress\/wp-content\/uploads\/2023\/09\/partenza-G.Rosa-2022-150x150.jpg 150w, https:\/\/www.radiopiu.net\/wordpress\/wp-content\/uploads\/2023\/09\/partenza-G.Rosa-2022.jpg 500w\" sizes=\"auto, (max-width: 261px) 100vw, 261px\" \/><\/a>GIORNATA DELLA ROSA &#8211; \u201cALLE SPONDE DEL VESES\u201d<\/h4>\n<\/blockquote>\n<p><strong>SANTA GIUSTINA\u00a0 <\/strong>Domenica\u00a0 Santa Giustina ospiter\u00e0 la nuova edizione de \u201cLa Giornata della Rosa-Alle sponde del Veses\u201d,\u00a0 manifestazione promossa dalla sezione provinciale dell&#8217;AIPD (associazione italiana persone down). L\u2019evento principale \u00e8 quello podistico, con due percorsi distinti lungo le vie centrali e periferiche del paese.\u00a0 Durante la manifestazione si potr\u00e0 sostenere l\u2019AIPD Belluno anche acquistando i biglietti dell\u2019annuale Lotteria.\u00a0 Prossimi appuntamenti: domenica 8 ottobre,\u00a0 banchetti espositivi in vari centri della provincia, domenica 15 ottobre\u201cGiro con le Topolino\u201d, arrivo ad Alleghe.<\/p>\n<p>&nbsp;<\/p>\n<p>&nbsp;<\/p>\n<p>&nbsp;<\/p>\n<blockquote>\n<h3><\/h3>\n<h3>IL CANTO DEI MIEI SILENZI<\/h3>\n<\/blockquote>\n<p><strong>BELLUNO<\/strong> Domenica alle 17 Arte nuova organizza un evento culturale, presso il palazzo Fulcis di Belluno, con il patrocinio del Comune di Belluno. Un evento particolare, la presentazione dell\u2019ultimo lavoro del pianista bellunese Carlo De Battista.<\/p>\n<p>&nbsp;<\/p>\n<h2><span style=\"color: #ff0000;\">PROSSIMAMENTE&#8230;<\/span><\/h2>\n<blockquote>\n<h3>IL TENORE RICCARDO PISANI A BELLUNO<\/h3>\n<\/blockquote>\n<p><strong><a class=\"dt-pswp-item\" href=\"https:\/\/www.radiopiu.net\/wordpress\/wp-content\/uploads\/2023\/09\/Pisani_Cera_ArteMusica.jpeg\" data-dt-img-description=\"\" data-large_image_width=\"1040\" data-large_image_height=\"721\"><img loading=\"lazy\" decoding=\"async\" class=\" wp-image-353343 alignleft\" src=\"https:\/\/www.radiopiu.net\/wordpress\/wp-content\/uploads\/2023\/09\/Pisani_Cera_ArteMusica-300x208.jpeg\" alt=\"\" width=\"164\" height=\"114\" srcset=\"https:\/\/www.radiopiu.net\/wordpress\/wp-content\/uploads\/2023\/09\/Pisani_Cera_ArteMusica-300x208.jpeg 300w, https:\/\/www.radiopiu.net\/wordpress\/wp-content\/uploads\/2023\/09\/Pisani_Cera_ArteMusica-1024x710.jpeg 1024w, https:\/\/www.radiopiu.net\/wordpress\/wp-content\/uploads\/2023\/09\/Pisani_Cera_ArteMusica-768x532.jpeg 768w, https:\/\/www.radiopiu.net\/wordpress\/wp-content\/uploads\/2023\/09\/Pisani_Cera_ArteMusica.jpeg 1040w\" sizes=\"auto, (max-width: 164px) 100vw, 164px\" \/><\/a>BELLUNO<\/strong> Luned\u00ec\u00a0 alle 20:30 all&#8217; Auditorium del Liceo Lollino evento di rilevanza con\u00a0 una formazione interessante composta dal tenore Riccardo Pisani, dal maestro Francesco Cera clavicembalo, fondatore e direttore di Ensemble Arte e Musica. (belcircolo.org)<\/p>\n<p>&nbsp;<\/p>\n<p>&nbsp;<\/p>\n<p>&nbsp;<\/p>\n<p>&nbsp;<\/p>\n<h3><a class=\"dt-pswp-item\" href=\"https:\/\/www.radiopiu.net\/wordpress\/wp-content\/uploads\/2023\/09\/PARAFARMACIA-AGORDO.png\" data-dt-img-description=\"\" data-large_image_width=\"617\" data-large_image_height=\"424\"><img loading=\"lazy\" decoding=\"async\" class=\" wp-image-353366 alignleft\" src=\"https:\/\/www.radiopiu.net\/wordpress\/wp-content\/uploads\/2023\/09\/PARAFARMACIA-AGORDO-300x206.png\" alt=\"\" width=\"164\" height=\"112\" srcset=\"https:\/\/www.radiopiu.net\/wordpress\/wp-content\/uploads\/2023\/09\/PARAFARMACIA-AGORDO-300x206.png 300w, https:\/\/www.radiopiu.net\/wordpress\/wp-content\/uploads\/2023\/09\/PARAFARMACIA-AGORDO.png 617w\" sizes=\"auto, (max-width: 164px) 100vw, 164px\" \/><\/a>DENSIOMETRIA OSSEA ALLA PARAFARMACIA DI AGORDO<\/h3>\n<p>Giornata gratuita dedicata alla densitometria ossea GIOVEDI 28 SETTEMBRE, AD AGORDO. Nel punto vendita erboristico e sanitario della dottoressa Nadia Bulf, presso l&#8217;area commerciale GANZ, il teste gratuito, una durata di CIRCA 20 minuti, informazioni e prenotazioni 0437 86683, sui social o passando direttamente in negozio.<\/p>\n<p>&nbsp;<\/p>\n<p>&nbsp;<\/p>\n<p>&nbsp;<\/p>\n<p>GALA&#8217; BOLLICINA, QUARTA EDIZIONE. DOMENICA 22 OTTOBRE DALLE 11 ALLE 17 AL NOF FILO&#8217; DI CENCENIGHE. OSPITE D&#8217;ONORE IL SOMMELIER PLURIPREMIATO, LUCA GARDINI, MIGLIOR SOMMELIER AL MONDO 2020 E OGGI AMBASCIATORE DEL METODO CLASSICO. UN EVENTO &#8220;OH PER BACCO, VINI E SAPORI DELLE DOLOMITI.<br \/>\nGALA&#8217; BOLLICINA, DOMENICA 22 OTTOBRE DALLE 11 ALLE 17 AL NOF FILO&#8217; DI CENCENIGHE: 80 BOLLICINE IN DEGUSTAZIONE, 60 AZIENDE PRESENTI, CICCHETTERIA OH PER BACCO, FINGER FOOD E CUCINA &#8220;COSTA&#8221; (o chiusa, come costicina). diretta su radio piu&#8217; E DALLE 17 ALL&#8217;OH PER BACCO AFTER PARTY CON MORGAN DJ info 348 2779135<\/p>\n<p>&nbsp;<\/p>\n<p><a class=\"dt-pswp-item\" href=\"https:\/\/www.radiopiu.net\/wordpress\/wp-content\/uploads\/2023\/09\/880aa720-47e8-48f2-a5b8-7382d84557b2.jpg\" data-dt-img-description=\"\" data-large_image_width=\"1080\" data-large_image_height=\"1533\"><img loading=\"lazy\" decoding=\"async\" class=\"size-medium wp-image-353010 aligncenter\" src=\"https:\/\/www.radiopiu.net\/wordpress\/wp-content\/uploads\/2023\/09\/880aa720-47e8-48f2-a5b8-7382d84557b2-211x300.jpg\" alt=\"\" width=\"211\" height=\"300\" srcset=\"https:\/\/www.radiopiu.net\/wordpress\/wp-content\/uploads\/2023\/09\/880aa720-47e8-48f2-a5b8-7382d84557b2-211x300.jpg 211w, https:\/\/www.radiopiu.net\/wordpress\/wp-content\/uploads\/2023\/09\/880aa720-47e8-48f2-a5b8-7382d84557b2-721x1024.jpg 721w, https:\/\/www.radiopiu.net\/wordpress\/wp-content\/uploads\/2023\/09\/880aa720-47e8-48f2-a5b8-7382d84557b2-768x1090.jpg 768w, https:\/\/www.radiopiu.net\/wordpress\/wp-content\/uploads\/2023\/09\/880aa720-47e8-48f2-a5b8-7382d84557b2.jpg 1080w\" sizes=\"auto, (max-width: 211px) 100vw, 211px\" \/><\/a><\/p>\n<p>&nbsp;<\/p>\n<p>&nbsp;<\/p>\n<p>&nbsp;<\/p>\n<hr \/>\n<p>&nbsp;<\/p>\n<div class=\"message spoilers-container\" dir=\"auto\">\n<div class=\"column\">\n<div class=\"message spoilers-container\" dir=\"auto\">\n<div class=\"column\">\n<p><img loading=\"lazy\" decoding=\"async\" class=\"aligncenter wp-image-61954 size-full\" src=\"https:\/\/www.radiopiu.net\/wordpress\/wp-content\/uploads\/2018\/09\/viabilita.jpeg\" sizes=\"auto, (max-width: 800px) 100vw, 800px\" srcset=\"https:\/\/www.radiopiu.net\/wordpress\/wp-content\/uploads\/2018\/09\/viabilita.jpeg 800w, https:\/\/www.radiopiu.net\/wordpress\/wp-content\/uploads\/2018\/09\/viabilita-300x38.jpeg 300w, https:\/\/www.radiopiu.net\/wordpress\/wp-content\/uploads\/2018\/09\/viabilita-768x96.jpeg 768w\" alt=\"\" width=\"800\" height=\"100\" \/><\/p>\n<\/div>\n<\/div>\n<div class=\"message spoilers-container\" dir=\"auto\">\n<div class=\"column\">\n<p>&nbsp;<\/p>\n<\/div>\n<\/div>\n<\/div>\n<\/div>\n<blockquote class=\"wp-embedded-content\" data-secret=\"dOlvEl14s3\"><p><a href=\"https:\/\/www.radiopiu.net\/wordpress\/viabilita\/\">viabilita<\/a><\/p><\/blockquote>\n<p><iframe loading=\"lazy\" class=\"wp-embedded-content\" sandbox=\"allow-scripts\" security=\"restricted\" style=\"position: absolute; clip: rect(1px, 1px, 1px, 1px);\" title=\"&#8220;viabilita&#8221; &#8212; Radio Pi\u00f9\" src=\"https:\/\/www.radiopiu.net\/wordpress\/viabilita\/embed\/#?secret=oVocetLNY7#?secret=dOlvEl14s3\" data-secret=\"dOlvEl14s3\" width=\"600\" height=\"338\" frameborder=\"0\" marginwidth=\"0\" marginheight=\"0\" scrolling=\"no\"><\/iframe><\/p>\n<div class=\"message spoilers-container\" dir=\"auto\">\n<div class=\"column\">\n<div class=\"message spoilers-container\" dir=\"auto\">\n<div class=\"column\">\n<div>\n<div dir=\"ltr\">\n<div class=\"gmail_quote\">\n<div dir=\"ltr\">\n<div><\/div>\n<div><\/div>\n<div><\/div>\n<\/div>\n<\/div>\n<\/div>\n<\/div>\n<hr \/>\n<p>&nbsp;<\/p>\n<p><a class=\"dt-pswp-item\" href=\"https:\/\/www.radiopiu.net\/wordpress\/wp-content\/uploads\/2018\/09\/WhatsApp-Image-2018-09-20-at-16.04.06.jpeg\" data-dt-img-description=\"\" data-large_image_width=\"800\" data-large_image_height=\"100\"><img loading=\"lazy\" decoding=\"async\" class=\"wp-image-61378 size-full aligncenter\" src=\"https:\/\/www.radiopiu.net\/wordpress\/wp-content\/uploads\/2018\/09\/WhatsApp-Image-2018-09-20-at-16.04.06.jpeg\" alt=\"\" width=\"800\" height=\"100\" srcset=\"https:\/\/www.radiopiu.net\/wordpress\/wp-content\/uploads\/2018\/09\/WhatsApp-Image-2018-09-20-at-16.04.06.jpeg 800w, https:\/\/www.radiopiu.net\/wordpress\/wp-content\/uploads\/2018\/09\/WhatsApp-Image-2018-09-20-at-16.04.06-300x38.jpeg 300w, https:\/\/www.radiopiu.net\/wordpress\/wp-content\/uploads\/2018\/09\/WhatsApp-Image-2018-09-20-at-16.04.06-768x96.jpeg 768w\" sizes=\"auto, (max-width: 800px) 100vw, 800px\" \/><\/a><\/p>\n<\/div>\n<\/div>\n<p>&nbsp;<\/p>\n<\/div>\n<\/div>\n<p><center><b>OGGI<\/b><\/center>Cielo irregolarmente nuvoloso a tratti molto nuvoloso con qualche parziale schiarita nel corso della giornata.<br \/>\n<b>Precipitazioni: <\/b>Possibili precipitazioni sparse, discontinue e intermittenti (40-50%), anche a carattere di rovescio localmente forte.<br \/>\n<b>Temperature: <\/b>Minime in rialzo nelle valli e in lieve calo in alta montagna, massime in leggera o contenuta diminuzione.<\/p>\n<hr \/>\n<p><center><b>DOMANI<\/b><\/center>Cielo in prevalenza molto nuvoloso o coperto con tempo perturbato.<br \/>\n<b>Precipitazioni: <\/b>Alta probabilit\u00e0 (80-100%) di precipitazioni frequenti e diffuse, in prevalenza di moderata intensit\u00e0, anche a carattere di rovescio o di temporale con possibili fenomeni intensi.<br \/>\n<b>Temperature: <\/b>Minime in lieve calo, massime in diminuzione anche sensibile e temporaneamente inferiori alle medie del periodo<\/p>\n<hr \/>\n<p><center><b>SABATO<\/b><\/center>Cielo generalmente nuvoloso o molto nuvoloso con tempo a tratti ancora instabile e probabili precipitazioni sparse anche a carattere di rovescio o di temporale con possibili e modeste nevicate oltre i 2700-2900 m. Temperature minime in calo, massime in contenuto aumento.<\/p>\n<hr \/>\n<p><center><b>DOMENICA<\/b><\/center>Tempo variabile con fenomeni in prevalenza assenti, salvo locali formazioni di addensamenti nuvolosi consistenti specie sulle Prealpi centro-occidentali, eventualmente associati a qualche possibile e breve piovasco. Temperature minime stazionarie o in lieve calo, massime in lieve aumento<\/p>\n<p>&nbsp;<\/p>\n<div class=\"message spoilers-container\" dir=\"auto\">\n<hr \/>\n<p>&nbsp;<\/p>\n<p><img loading=\"lazy\" decoding=\"async\" class=\"wp-image-60761 size-full aligncenter\" src=\"https:\/\/www.radiopiu.net\/wordpress\/wp-content\/uploads\/2018\/09\/sport.jpg\" alt=\"\" width=\"800\" height=\"100\" srcset=\"https:\/\/www.radiopiu.net\/wordpress\/wp-content\/uploads\/2018\/09\/sport.jpg 800w, https:\/\/www.radiopiu.net\/wordpress\/wp-content\/uploads\/2018\/09\/sport-300x38.jpg 300w, https:\/\/www.radiopiu.net\/wordpress\/wp-content\/uploads\/2018\/09\/sport-768x96.jpg 768w\" sizes=\"auto, (max-width: 800px) 100vw, 800px\" \/><\/p>\n<p>&nbsp;<\/p>\n\n\t\t\t<style type='text\/css'>\n\t\t\t\t#gallery-1 {\n\t\t\t\t\tmargin: auto;\n\t\t\t\t}\n\t\t\t\t#gallery-1 .gallery-item {\n\t\t\t\t\tfloat: left;\n\t\t\t\t\tmargin-top: 10px;\n\t\t\t\t\ttext-align: center;\n\t\t\t\t\twidth: 100%;\n\t\t\t\t}\n\t\t\t\t#gallery-1 img {\n\t\t\t\t\tborder: 2px solid #cfcfcf;\n\t\t\t\t}\n\t\t\t\t#gallery-1 .gallery-caption {\n\t\t\t\t\tmargin-left: 0;\n\t\t\t\t}\n\t\t\t\t\/* see gallery_shortcode() in wp-includes\/media.php *\/\n\t\t\t<\/style>\n\t\t<div id='gallery-1' class='dt-gallery-container gallery galleryid-353249 gallery-columns-1 gallery-size-medium'><dl class='gallery-item'>\n\t\t\t\t<dt class='gallery-icon portrait'>\n\t\t\t\t\t<a class=\"rollover rollover-zoom dt-pswp-item\" title=\"df2af2e4-65b2-4b47-8e69-2b3c62d6ec35\" data-dt-img-description=\"\" data-large_image_width=\"724\" data-large_image_height=\"1024\"href='https:\/\/www.radiopiu.net\/wordpress\/wp-content\/uploads\/2023\/09\/df2af2e4-65b2-4b47-8e69-2b3c62d6ec35.jpg'><img loading=\"lazy\" decoding=\"async\" width=\"212\" height=\"300\" src=\"https:\/\/www.radiopiu.net\/wordpress\/wp-content\/uploads\/2023\/09\/df2af2e4-65b2-4b47-8e69-2b3c62d6ec35-212x300.jpg\" class=\"attachment-medium size-medium\" alt=\"\" aria-describedby=\"gallery-1-353211\" srcset=\"https:\/\/www.radiopiu.net\/wordpress\/wp-content\/uploads\/2023\/09\/df2af2e4-65b2-4b47-8e69-2b3c62d6ec35-212x300.jpg 212w, https:\/\/www.radiopiu.net\/wordpress\/wp-content\/uploads\/2023\/09\/df2af2e4-65b2-4b47-8e69-2b3c62d6ec35.jpg 724w\" sizes=\"auto, (max-width: 212px) 100vw, 212px\" \/><\/a>\n\t\t\t\t<\/dt>\n\t\t\t\t\t<dd class='wp-caption-text gallery-caption' id='gallery-1-353211'>\n\t\t\t\t\tSABATO L&#8217;ESORDIO DELLE CIVETTE AL DE TONI\n\t\t\t\t\t<\/dd><\/dl><br style=\"clear: both\" \/>\n\t\t\t<\/div>\n\n<p><span style=\"color: #0000ff;\"><strong>HOCKEY SU GHIACCIO<\/strong><\/span><\/p>\n<blockquote>\n<h3>IL FINE SETTIMANA DELLE GIOVANILI DELL&#8217;ALLEGHE HOCKEY<\/h3>\n<\/blockquote>\n<p><strong><a class=\"dt-pswp-item\" href=\"https:\/\/www.radiopiu.net\/wordpress\/wp-content\/uploads\/2021\/03\/hockey-2744905_1920.jpg\" data-dt-img-description=\"\" data-large_image_width=\"1920\" data-large_image_height=\"1279\"><img loading=\"lazy\" decoding=\"async\" class=\" wp-image-197447 alignleft\" src=\"https:\/\/www.radiopiu.net\/wordpress\/wp-content\/uploads\/2021\/03\/hockey-2744905_1920-300x200.jpg\" alt=\"\" width=\"185\" height=\"123\" srcset=\"https:\/\/www.radiopiu.net\/wordpress\/wp-content\/uploads\/2021\/03\/hockey-2744905_1920-300x200.jpg 300w, https:\/\/www.radiopiu.net\/wordpress\/wp-content\/uploads\/2021\/03\/hockey-2744905_1920-1024x682.jpg 1024w, https:\/\/www.radiopiu.net\/wordpress\/wp-content\/uploads\/2021\/03\/hockey-2744905_1920-768x512.jpg 768w, https:\/\/www.radiopiu.net\/wordpress\/wp-content\/uploads\/2021\/03\/hockey-2744905_1920-1536x1023.jpg 1536w, https:\/\/www.radiopiu.net\/wordpress\/wp-content\/uploads\/2021\/03\/hockey-2744905_1920.jpg 1920w\" sizes=\"auto, (max-width: 185px) 100vw, 185px\" \/><\/a>di Marco Gaz<\/strong><\/p>\n<p><strong>REDAZIONE<\/strong> Con il prossimo fine settimana scenderanno in campo tutte le squadre del settore giovanile dell&#8217;Alleghe Hockey. Dopo l&#8217;ottimo esordio dell&#8217;Under 19 e 16, anche i giovani Under 14 inizieranno il loro cammino in campionato. La squadra pi\u00f9 giovane dell&#8217;Alleghe Hockey esordir\u00e0 domenica in trasferta contro il Fassa. I ragazzi Under 16, dopo la vittoria per ben 18 a 2 contro il Gardena, domenica rispetteranno il turno di riposo. L&#8217;Under 19, dopo la vittoria di misura contro il Merano, scenderanno in campo domenica alle 12:30 all&#8217;Olimpico di Cortina contro il Pinerolo.<\/p>\n<p>&nbsp;<\/p>\n<p>&nbsp;<\/p>\n<p>&nbsp;<\/p>\n<\/div>\n","protected":false},"excerpt":{"rendered":"<p>40esimo di RADIOPIU\u2026. LA VOCE DELL\u2019EMOZIONE ISCRIVITI AL NOSTRO CANALE\u00a0\u00a0YOUTUBE PER SEGUIRE IN DIRETTA I PRINCIPALI PROGRAMMI DI RADIO PIU\u2019 E LE FUTURE DIRETTE IN ESTERNA. PER ISCRIVERTI\u00a0CLICCA QUI\u00a0E PREMI\u00a0 \u201cIscriviti\u201d &nbsp; &nbsp; &nbsp; IERI MATTINA, VIABILITA&#8217; LUXOTTICA NEL CAOS. LA DITTA INCARICATA DEI LAVORI HA LASCIATO I SEMAFORI &#8220;ABBANDONATI&#8221; E I MOVIERI? Ieri al&hellip;<\/p>\n","protected":false},"author":4,"featured_media":353381,"comment_status":"closed","ping_status":"closed","sticky":false,"template":"","format":"standard","meta":{"_monsterinsights_skip_tracking":false,"_monsterinsights_sitenote_active":false,"_monsterinsights_sitenote_note":"","_monsterinsights_sitenote_category":0,"footnotes":""},"categories":[51,86,49],"tags":[],"class_list":["post-353249","post","type-post","status-publish","format-standard","has-post-thumbnail","hentry","category-evidenza-top","category-gr","category-news-18","category-51","category-86","category-49","description-off"],"img_url":"https:\/\/www.radiopiu.net\/wordpress\/wp-content\/uploads\/2023\/09\/48ea64d4-1d40-4587-914c-99cc3c5abae3.jpg","_links":{"self":[{"href":"https:\/\/www.radiopiu.net\/wordpress\/wp-json\/wp\/v2\/posts\/353249","targetHints":{"allow":["GET"]}}],"collection":[{"href":"https:\/\/www.radiopiu.net\/wordpress\/wp-json\/wp\/v2\/posts"}],"about":[{"href":"https:\/\/www.radiopiu.net\/wordpress\/wp-json\/wp\/v2\/types\/post"}],"author":[{"embeddable":true,"href":"https:\/\/www.radiopiu.net\/wordpress\/wp-json\/wp\/v2\/users\/4"}],"replies":[{"embeddable":true,"href":"https:\/\/www.radiopiu.net\/wordpress\/wp-json\/wp\/v2\/comments?post=353249"}],"version-history":[{"count":0,"href":"https:\/\/www.radiopiu.net\/wordpress\/wp-json\/wp\/v2\/posts\/353249\/revisions"}],"wp:featuredmedia":[{"embeddable":true,"href":"https:\/\/www.radiopiu.net\/wordpress\/wp-json\/wp\/v2\/media\/353381"}],"wp:attachment":[{"href":"https:\/\/www.radiopiu.net\/wordpress\/wp-json\/wp\/v2\/media?parent=353249"}],"wp:term":[{"taxonomy":"category","embeddable":true,"href":"https:\/\/www.radiopiu.net\/wordpress\/wp-json\/wp\/v2\/categories?post=353249"},{"taxonomy":"post_tag","embeddable":true,"href":"https:\/\/www.radiopiu.net\/wordpress\/wp-json\/wp\/v2\/tags?post=353249"}],"curies":[{"name":"wp","href":"https:\/\/api.w.org\/{rel}","templated":true}]}}