{"id":353277,"date":"2023-09-20T07:55:47","date_gmt":"2023-09-20T05:55:47","guid":{"rendered":"https:\/\/www.radiopiu.net\/wordpress\/?p=353277"},"modified":"2023-09-20T08:52:35","modified_gmt":"2023-09-20T06:52:35","slug":"la-rassegna-della-stampa-locale-dal-1983-e-da-oggi-alle-7-del-mattino-le-anticipazioni","status":"publish","type":"post","link":"https:\/\/www.radiopiu.net\/wordpress\/la-rassegna-della-stampa-locale-dal-1983-e-da-oggi-alle-7-del-mattino-le-anticipazioni\/","title":{"rendered":"LA RASSEGNA DELLA STAMPA LOCALE, DAL 1983 e da oggi ALLE 7 DEL MATTINO le anticipazioni"},"content":{"rendered":"<p>&nbsp;<\/p>\n<p><iframe loading=\"lazy\" title=\"RASSEGNA STAMPA LOCALE\" width=\"1200\" height=\"675\" src=\"https:\/\/www.youtube.com\/embed\/dcBBk1XgvBM?feature=oembed\" frameborder=\"0\" allow=\"accelerometer; autoplay; clipboard-write; encrypted-media; gyroscope; picture-in-picture; web-share\" allowfullscreen><\/iframe><\/p>\n<p>&nbsp;<\/p>\n<p>Ieri Don Luigi Ciotti a Longarone sulla pista da bob da 124 miloni di euro: &#8221; Questo \u00e8 un autentico spreco di risorse pubbliche, che, tra l&#8217;altro, viene consumato in 15 giorni. Rester\u00e0 una cattedrale nel deserto, come la pista costruita in Piemonte nel 2006, oggi abbandonata\u00bb.<br \/>\nSEDICO Veneto Strade comunica che fino al 13 ottobre, compresi sabati e domeniche, la SR 203 Agordina in localit\u00e0 La Pissa in comune di Sedico verr\u00e0 istituito un senso unico alternato regolato da semaforo o movieri.<br \/>\nSOSPIROLO La provinciale 2 della Valle del Mis tra Pian Falcina e Gena Bassa (Sospirolo) chiude dal 25 settembre al 31 ottobre, dal lunedi al venerdi 7-12.30 e 13.30 18. Negli altri orari senso unico alternato.<br \/>\nALANO DI PIAVE\u00a0 Durante i lavori in casa ad Alano di Piave \u00e8 stata trovata una granata da guerra inesplosa. Il proprietario ha segnalato l&#8217;ordigno ai carabinieri, che hanno chiamato gli specialisti del 3^ Reggimento guastatori dell&#8217;Esercito. Luned\u00ec, la granata \u00e8 stata fatta brillare in una cava a Lentiai<br \/>\nMETALBA,\u00a0 BOCCIATO L&#8217;AMPLIAMENTO E L&#8217;AZIENDA NON SI ARRENDE ANNUNCIANDO RICORSO AL TAR. RESPIRANO LE FAMIGLIE COSTRETTA A CONVIVERE CON L&#8217;IMPIANTO.<br \/>\nSELVA DI CADORE Almeno 5 mila euro di danni a malga &#8220;Pien de Vacia&#8221;, in Val Fiorentina. I lupi hanno fatto festa entrando nel recinto non elettrificato, si sono sbranati un cavallo, da poco acquistato, e\u00a0 una manza. Ecco perch\u00e9 tante malghe hanno gi\u00e0 chiuso, ma nessuno fa niente, totale il disinteresse.<br \/>\nLIVINALLONGO\u00a0 Una nuova lista per le elezioni a Fodom. Oscar Nagler si presenta e presenta una pagina facebook\u00a0 FODOM DA VEGNI<br \/>\nAGORDINO\u00a0 L&#8217;assistente sociale intreccia una relazione con l&#8217;uomo. Lui finir\u00e0 per picchiarla e maltrattarla, andr\u00e0 in carcere.\u00a0 Una giovane assistente sociale, che lavorava al Servizio psichiatrico Diagnosi e cura di Belluno, si era innamorata di uno tra i ragazzi dei quali si stava occupando,\u00a0 di nazionalit\u00e0 marocchina, ma da sempre residente in Agordino con la sua famiglia,\u00a0 \u00e8\u00a0 detenuto nel carcere di Baldenich<br \/>\nA BELLUNO MINACCIA SCIOPERO PER I DISAGI NEI TRASPORTI, A VENEZIA DE BERTI &#8220;AMMODERNIAMO LA FLOTTA DI AUTOBUS IN REGIONE&#8221;<br \/>\nDOLOMITI BUS: PER IL SINDACO DE PELLEGRIN UN DISSERVIZIO INACCETTABILE<br \/>\nLAMON TROPPO ASFALTO IN MEZZO AL PORFIDO Chi non conosce i fagioli di Lamon?Peccato che la piazza non sia tenuta come la localit\u00e0 meriterebbe<br \/>\nPRESENTATO UN NUOVO PROGETTO DESTINATO AGLI ASPIRANTI SOCCORRITORI DEL SOCCORSO ALPINO<br \/>\nIl progetto presentato presso la sede del Soccorso Alpino e Speleologico Veneto \u00e8 dedicato a Mauro Piccolin ed \u00e8 rivolto agli aspiranti soccorritori. L&#8217;obiettivo \u00e8 colmare eventuali lacune nella loro preparazione alpinistica tecnica e curriculare prima di affrontare le verifiche di ingresso.<br \/>\nANCHE IL COMUNE DI ROCCA PIETORE PUNTA AD ABBELLIRE IL PAESE CON I FONDI DI CONFINE<br \/>\nBELLUNO Anche Belluno, come tutto il Veneto, parteciper\u00e0 gioved\u00ec al test di IT Alert, il nuovo sistema di allerta promosso dal Dipartimento nazionale di Protezione Civile che in caso di allarme avviser\u00e0 direttamente sullo smartphone tutti i cittadini presenti sul territorio.<br \/>\nARABBA MARMOLADA 2030, A UN PASSO DAL FUTURO<br \/>\nARABBA MARMOLADA 2030. VENERDI&#8217; AL RIFUGIO LUIGI GORZA in diretta su tutti i canali di radiopi\u00f9<br \/>\nCANALE D&#8217;AGORDO \u00a0Nel mondo del commercio e dell&#8217;artigianato, la passione e la tradizione familiare spesso si intrecciano in un connubio che produce eccellenza. Questa realt\u00e0 \u00e8 ben rappresentata da Claudio Costa, il rinomato macellaio di Canale d&#8217;Agordo, che ha recentemente assunto il ruolo di referente di categoria per i macellai nell&#8217;ambito di Confcommercio.<br \/>\nREDAZIONE E&#8217; partita la nuova pubblicit\u00e0 del Dixan, il famoso detersivo per la biancheria. Tra i protagonisti del nuovo spot televisivo c&#8217;\u00e8 anche Amelie, una bambina non nuova agli ascoltatori di Radio Pi\u00f9. Infatti durante il periodo Natalizio Amelie aveva realizzato il jingle sulle note di Feliz Navidad di Jos\u00e9 Feliciano<br \/>\nVOLTAGO 100 ANNI FA IL CASELO A DIGOMAN. DOMENICA LA FESTA<br \/>\nOMICIDIO DI EMMA CANTON-atti processuali- IL LIBRO DI ROBERTO DE NART<br \/>\nLA MESSA A FORCELLA CAMP\u00a0 Sabato alle 10,30 appuntamento a Forcella Camp. Ventitre&#8217; anni fa l&#8217;idea di Giorgio Favero e da allora ogni anno \u00e8 diventato punto importante di ritrovo per chi ama la montagna con un pensiero all&#8217;indimenticabile amico Giorgio Favero.<br \/>\nLIVINALLONGO Sabato 23 settembre alle 20 nella sala congressi di Arabba il gruppo Insieme Si Pu\u00f2 di Fodom festeggia il compleanno. 20+2 il titolo della serata in cui verr\u00e0 presentato il libro fotografico di Edy Mariaclara, Anna e Matteo.<br \/>\nCALCIO RETI INVIOLATE ALL&#8217;IVANO DORIGO NELLA PRIMA PARTITA IN TERZA CATEGORIA DELL&#8217;AGORDINA<br \/>\nPALLAVOLO REYES DIMESSO DAL SAN MARTINO DI BELLUNO<\/p>\n<p>&nbsp;<\/p>\n<p>&nbsp;<\/p>\n<p>&nbsp;<\/p>\n<p>&nbsp;<\/p>\n<p>&nbsp;<\/p>\n<p>+<\/p>\n<p>&nbsp;<\/p>\n<p>&nbsp;<\/p>\n<p>&nbsp;<\/p>\n<p>&nbsp;<\/p>\n","protected":false},"excerpt":{"rendered":"<p>&nbsp; &nbsp; Ieri Don Luigi Ciotti a Longarone sulla pista da bob da 124 miloni di euro: &#8221; Questo \u00e8 un autentico spreco di risorse pubbliche, che, tra l&#8217;altro, viene consumato in 15 giorni. Rester\u00e0 una cattedrale nel deserto, come la pista costruita in Piemonte nel 2006, oggi abbandonata\u00bb. SEDICO Veneto Strade comunica che fino&hellip;<\/p>\n","protected":false},"author":4,"featured_media":353280,"comment_status":"closed","ping_status":"closed","sticky":false,"template":"","format":"standard","meta":{"_monsterinsights_skip_tracking":false,"_monsterinsights_sitenote_active":false,"_monsterinsights_sitenote_note":"","_monsterinsights_sitenote_category":0,"footnotes":""},"categories":[104,49,142],"tags":[],"class_list":["post-353277","post","type-post","status-publish","format-standard","has-post-thumbnail","hentry","category-evidenza_3","category-news-18","category-rassegna-stampa","category-104","category-49","category-142","description-off"],"img_url":"https:\/\/www.radiopiu.net\/wordpress\/wp-content\/uploads\/2023\/09\/asdasd.png","_links":{"self":[{"href":"https:\/\/www.radiopiu.net\/wordpress\/wp-json\/wp\/v2\/posts\/353277","targetHints":{"allow":["GET"]}}],"collection":[{"href":"https:\/\/www.radiopiu.net\/wordpress\/wp-json\/wp\/v2\/posts"}],"about":[{"href":"https:\/\/www.radiopiu.net\/wordpress\/wp-json\/wp\/v2\/types\/post"}],"author":[{"embeddable":true,"href":"https:\/\/www.radiopiu.net\/wordpress\/wp-json\/wp\/v2\/users\/4"}],"replies":[{"embeddable":true,"href":"https:\/\/www.radiopiu.net\/wordpress\/wp-json\/wp\/v2\/comments?post=353277"}],"version-history":[{"count":0,"href":"https:\/\/www.radiopiu.net\/wordpress\/wp-json\/wp\/v2\/posts\/353277\/revisions"}],"wp:featuredmedia":[{"embeddable":true,"href":"https:\/\/www.radiopiu.net\/wordpress\/wp-json\/wp\/v2\/media\/353280"}],"wp:attachment":[{"href":"https:\/\/www.radiopiu.net\/wordpress\/wp-json\/wp\/v2\/media?parent=353277"}],"wp:term":[{"taxonomy":"category","embeddable":true,"href":"https:\/\/www.radiopiu.net\/wordpress\/wp-json\/wp\/v2\/categories?post=353277"},{"taxonomy":"post_tag","embeddable":true,"href":"https:\/\/www.radiopiu.net\/wordpress\/wp-json\/wp\/v2\/tags?post=353277"}],"curies":[{"name":"wp","href":"https:\/\/api.w.org\/{rel}","templated":true}]}}