{"id":353295,"date":"2023-09-21T05:31:53","date_gmt":"2023-09-21T03:31:53","guid":{"rendered":"https:\/\/www.radiopiu.net\/wordpress\/?p=353295"},"modified":"2023-09-21T05:40:20","modified_gmt":"2023-09-21T03:40:20","slug":"blitz-dei-carabinieri-sui-passi-via-altre-10-patenti","status":"publish","type":"post","link":"https:\/\/www.radiopiu.net\/wordpress\/blitz-dei-carabinieri-sui-passi-via-altre-10-patenti\/","title":{"rendered":"BLITZ DEI CARABINIERI SUI PASSI: VIA ALTRE 10 PATENTI"},"content":{"rendered":"<blockquote><p><em>Posti di blocco dei Carabinieri sui passi dolomitici: 10 patenti ritirate, elevate 37 contravvenzioni, i Carabinieri di Cortina infliggono un altro duro colpo ad automobilisti spericolati che affrontano ad alta velocit\u00e0 le strade di montagna.<\/em><\/p><\/blockquote>\n<p><strong><a class=\"dt-pswp-item\" href=\"https:\/\/www.radiopiu.net\/wordpress\/wp-content\/uploads\/2023\/09\/82554029-eafc-45ad-808e-7e5fed421e3c.jpg\" data-dt-img-description=\"\" data-large_image_width=\"1024\" data-large_image_height=\"575\"><img loading=\"lazy\" decoding=\"async\" class=\"size-medium wp-image-353298 alignleft\" src=\"https:\/\/www.radiopiu.net\/wordpress\/wp-content\/uploads\/2023\/09\/82554029-eafc-45ad-808e-7e5fed421e3c-300x168.jpg\" alt=\"\" width=\"300\" height=\"168\" srcset=\"https:\/\/www.radiopiu.net\/wordpress\/wp-content\/uploads\/2023\/09\/82554029-eafc-45ad-808e-7e5fed421e3c-300x168.jpg 300w, https:\/\/www.radiopiu.net\/wordpress\/wp-content\/uploads\/2023\/09\/82554029-eafc-45ad-808e-7e5fed421e3c-768x431.jpg 768w, https:\/\/www.radiopiu.net\/wordpress\/wp-content\/uploads\/2023\/09\/82554029-eafc-45ad-808e-7e5fed421e3c.jpg 1024w\" sizes=\"auto, (max-width: 300px) 100vw, 300px\" \/><\/a>CORTINA<\/strong> I militari della Compagnia di Cortina d&#8217;Ampezzo, coordinati dal Capitano Alessandro Bui, si sono posizionati ieri tra il Passo Pordoi ed il Passo Falzarego, per eseguire una serie di controlli stradali finalizzati a infrenare il fenomeno che troppo spesso affligge i passi dolomitici. Oltre 10 pattuglie dell\u2019Aliquota Radiomobile e delle Stazioni dell\u2019Arma si sono posizionate in punti strategici dell\u2019area per verificare le <a class=\"dt-pswp-item\" href=\"https:\/\/www.radiopiu.net\/wordpress\/wp-content\/uploads\/2023\/09\/5ffe1745-8008-4b72-811f-95771b9f57b1.jpg\" data-dt-img-description=\"\" data-large_image_width=\"1024\" data-large_image_height=\"575\"><img loading=\"lazy\" decoding=\"async\" class=\"size-medium wp-image-353297 alignright\" src=\"https:\/\/www.radiopiu.net\/wordpress\/wp-content\/uploads\/2023\/09\/5ffe1745-8008-4b72-811f-95771b9f57b1-300x168.jpg\" alt=\"\" width=\"300\" height=\"168\" srcset=\"https:\/\/www.radiopiu.net\/wordpress\/wp-content\/uploads\/2023\/09\/5ffe1745-8008-4b72-811f-95771b9f57b1-300x168.jpg 300w, https:\/\/www.radiopiu.net\/wordpress\/wp-content\/uploads\/2023\/09\/5ffe1745-8008-4b72-811f-95771b9f57b1-768x431.jpg 768w, https:\/\/www.radiopiu.net\/wordpress\/wp-content\/uploads\/2023\/09\/5ffe1745-8008-4b72-811f-95771b9f57b1.jpg 1024w\" sizes=\"auto, (max-width: 300px) 100vw, 300px\" \/><\/a>condotte degli automobilisti che impegnavano quei tratti stradali. Nella prima mattinata i Carabinieri hanno quindi intercettato una lunga carovana di autovetture sportive che, nel percorrere le strade di montagna, avevano messo in atto manovre ad alto rischio per la circolazione stradale: dal sorpasso alla guida in contromano, gli automobilisti hanno dato sfogo ad una lunga sequela di infrazioni, ma i posti di blocco dell\u2019Arma, posizionati nell\u2019area, hanno interrotto la loro corsa. Un\u2019amara sorpresa, quel segnale di posto di blocco e la paletta alzata dei <a class=\"dt-pswp-item\" href=\"https:\/\/www.radiopiu.net\/wordpress\/wp-content\/uploads\/2023\/09\/d00b92ff-1b4f-45a4-8e80-55154b8336a9.jpg\" data-dt-img-description=\"\" data-large_image_width=\"1024\" data-large_image_height=\"575\"><img loading=\"lazy\" decoding=\"async\" class=\"size-medium wp-image-353296 alignleft\" src=\"https:\/\/www.radiopiu.net\/wordpress\/wp-content\/uploads\/2023\/09\/d00b92ff-1b4f-45a4-8e80-55154b8336a9-300x168.jpg\" alt=\"\" width=\"300\" height=\"168\" srcset=\"https:\/\/www.radiopiu.net\/wordpress\/wp-content\/uploads\/2023\/09\/d00b92ff-1b4f-45a4-8e80-55154b8336a9-300x168.jpg 300w, https:\/\/www.radiopiu.net\/wordpress\/wp-content\/uploads\/2023\/09\/d00b92ff-1b4f-45a4-8e80-55154b8336a9-768x431.jpg 768w, https:\/\/www.radiopiu.net\/wordpress\/wp-content\/uploads\/2023\/09\/d00b92ff-1b4f-45a4-8e80-55154b8336a9.jpg 1024w\" sizes=\"auto, (max-width: 300px) 100vw, 300px\" \/><\/a>Carabinieri, per i 10 conducenti che hanno visto la loro patente ritirata. I militari hanno elevato complessivamente 37 contravvenzioni e imposto ai \u201cpiloti\u201d il rientro presso il proprio domicilio lungo il percorso pi\u00f9 breve. Per gli automobilisti, senza pi\u00f9 patente, non \u00e8 rimasto altro che fare inversione di marcia e, lentamente, iniziare il loro rientro a casa, dopo aver \u201csaldato il conto\u201d con il codice della strada. Pochi giorni fa, sempre sui passi, i Carabinieri di Cortina avevano ritirato altre 6 patenti, per analoghe condotte pericolose di altrettanti automobilisti. Auto sportive, di grossa cilindrata ed elevato valore, erano state fermate anche in quella occasione dai militari. \u201cLa nostra azione di controllo continuer\u00e0 senza sosta e non solo su questo fronte \u2013 commenta il Colonnello Pigozzo \u2013 forse qualcuno ha pensato che, fatto un controllo, poi i Carabinieri distolgono lo sguardo. Non \u00e8 cos\u00ec. Continueremo a monitorare con grande attenzione i passi, cos\u00ec come tutte le zone del territorio che sono sotto la nostra tutela, per garantire le migliori condizioni di sicurezza ai nostri concittadini e a tutti quelli che vogliono godere delle nostre montagne, le cui strade, va ribadito con forza, non sono piste o autodromi dove correre\u201d.<\/p>\n","protected":false},"excerpt":{"rendered":"<p>Posti di blocco dei Carabinieri sui passi dolomitici: 10 patenti ritirate, elevate 37 contravvenzioni, i Carabinieri di Cortina infliggono un altro duro colpo ad automobilisti spericolati che affrontano ad alta velocit\u00e0 le strade di montagna. CORTINA I militari della Compagnia di Cortina d&#8217;Ampezzo, coordinati dal Capitano Alessandro Bui, si sono posizionati ieri tra il Passo&hellip;<\/p>\n","protected":false},"author":4,"featured_media":353298,"comment_status":"closed","ping_status":"closed","sticky":false,"template":"","format":"standard","meta":{"_monsterinsights_skip_tracking":false,"_monsterinsights_sitenote_active":false,"_monsterinsights_sitenote_note":"","_monsterinsights_sitenote_category":0,"footnotes":""},"categories":[51,49],"tags":[],"class_list":["post-353295","post","type-post","status-publish","format-standard","has-post-thumbnail","hentry","category-evidenza-top","category-news-18","category-51","category-49","description-off"],"img_url":"https:\/\/www.radiopiu.net\/wordpress\/wp-content\/uploads\/2023\/09\/82554029-eafc-45ad-808e-7e5fed421e3c.jpg","_links":{"self":[{"href":"https:\/\/www.radiopiu.net\/wordpress\/wp-json\/wp\/v2\/posts\/353295","targetHints":{"allow":["GET"]}}],"collection":[{"href":"https:\/\/www.radiopiu.net\/wordpress\/wp-json\/wp\/v2\/posts"}],"about":[{"href":"https:\/\/www.radiopiu.net\/wordpress\/wp-json\/wp\/v2\/types\/post"}],"author":[{"embeddable":true,"href":"https:\/\/www.radiopiu.net\/wordpress\/wp-json\/wp\/v2\/users\/4"}],"replies":[{"embeddable":true,"href":"https:\/\/www.radiopiu.net\/wordpress\/wp-json\/wp\/v2\/comments?post=353295"}],"version-history":[{"count":0,"href":"https:\/\/www.radiopiu.net\/wordpress\/wp-json\/wp\/v2\/posts\/353295\/revisions"}],"wp:featuredmedia":[{"embeddable":true,"href":"https:\/\/www.radiopiu.net\/wordpress\/wp-json\/wp\/v2\/media\/353298"}],"wp:attachment":[{"href":"https:\/\/www.radiopiu.net\/wordpress\/wp-json\/wp\/v2\/media?parent=353295"}],"wp:term":[{"taxonomy":"category","embeddable":true,"href":"https:\/\/www.radiopiu.net\/wordpress\/wp-json\/wp\/v2\/categories?post=353295"},{"taxonomy":"post_tag","embeddable":true,"href":"https:\/\/www.radiopiu.net\/wordpress\/wp-json\/wp\/v2\/tags?post=353295"}],"curies":[{"name":"wp","href":"https:\/\/api.w.org\/{rel}","templated":true}]}}