{"id":353403,"date":"2023-09-21T07:55:43","date_gmt":"2023-09-21T05:55:43","guid":{"rendered":"https:\/\/www.radiopiu.net\/wordpress\/?p=353403"},"modified":"2023-09-21T08:58:08","modified_gmt":"2023-09-21T06:58:08","slug":"dal-1983-loriginale-la-piu-imitata-la-rassegna-stampa-locale-di-mirko-mezzacasa","status":"publish","type":"post","link":"https:\/\/www.radiopiu.net\/wordpress\/dal-1983-loriginale-la-piu-imitata-la-rassegna-stampa-locale-di-mirko-mezzacasa\/","title":{"rendered":"DAL 1983: L&#8217;ORIGINALE, LA PIU&#8217; IMITATA. la rassegna stampa locale di mirko mezzacasa"},"content":{"rendered":"<p><iframe loading=\"lazy\" title=\"RASSEGNA STAMPA LOCALE\" width=\"1200\" height=\"675\" src=\"https:\/\/www.youtube.com\/embed\/dsHJSUbr7JE?feature=oembed\" frameborder=\"0\" allow=\"accelerometer; autoplay; clipboard-write; encrypted-media; gyroscope; picture-in-picture; web-share\" allowfullscreen><\/iframe><\/p>\n<p>&nbsp;<\/p>\n<p>BELLUNO Profughi: scontro tra sindaci tra chi offre ospitalit\u00e0 e chi come il sindaco di Rocca Pietore Andrea De Bernardin dice no &#8221; \u00abIn democrazia un sindaco pu\u00f2 decidere cosa \u00e8 meglio per la sua comunit\u00e0 e i primi cittadini devono poter decidere\u00bb.<br \/>\nLIVINALLONGO Guida spericolata, 10 patenti ritirate oltre alle 6 dell&#8217;altra settimana. Sorpassi e guida contromano tra Falzarego e Pordoi, 37 le contravvenzioni.<br \/>\nBELLUNO Cerca impiego in un locale, la 19enne violentata tre volte in un giorno, l&#8217;uomo \u00e8 a processo.<br \/>\nCOMELICO Secondo crollo sulle Dolomiti in due giorni. Un grosso distacco, ieri, dalla Cima Bagni, nessuna persona coinvolta.<br \/>\nCESIOMAGGIORE Donna di Feltre Ritrova i Suoi Cani in Val Canzoi, ma Si Perde. La recupera il Soccorso Alpino tra la sera e le 5.30 del mattino.<br \/>\nEX INNOVATEK Grandi progetti dal 2 novembre, s&#8217;inizio con 30 dipendenti, obiettivo 167 per la nuova Fulchir.<br \/>\nBORGO VALBELLUNA Un&#8217;altra notte da lupi, ammazzati due asini. Elena Soravia: &#8220;Chiedo a chi difende i lupi di riflettere&#8221;<br \/>\nBELLUNO La Provincia si schiera con il fronte feltrino anti diga del Vanoi e contesta il disinteresse della Regione e Consorzio Irriguo di Cittadella (Padova).<br \/>\nUNA VIDEOCONFERENZA APERTA A TUTTI PER PARLARE DEI DISSERVIZI NEL TPL<br \/>\nVideconferenza aperta a tutti per parlare della situazione del Trasporto Pubblico Locale in Provincia di Belluno dopo l\u2019incontro col Prefetto di luned\u00ec 18 settembre. Organizza il gruppo Giovani&amp;Futuro. Questa sera alle 21:15 (vedi GIORNALE RADIOPIU sul sito).<br \/>\nPISTA DA BOB: DOMENICA LA MANIFESTAZIONE A CORTINA<br \/>\nLIVINALLONGO SELLARONDA, OLTRE 10MILA PRESENZE. E\u2019 LA RISPOSTA AI CRITICONI DEL GIORNO il Sellaronda pi\u00f9 partecipato di tutte le edizioni autunnali.<br \/>\nBELLUNO: CIMITERO DI CUSIGHE CHIUSO PER MANUTENZIONE NEL FINE SETTIMANA<br \/>\nLIMANA, RIAPRE L\u2019UFFICIO POSTALE<br \/>\nALLEGHE, LA NUOVA PROLOCO ENTUSIASMO DEI GIOVANI E DI UN PAESE lo speciale don Omar Pini\u00e8 (presidente) nel GIORNALE RADIOPIU sul sito.<\/p>\n<p>CENCENIGHE DOMENICA L\u2019INAUGURAZIONE DELLA TRATTORIA PIZZERIA PALU\u2019 nel GIORNALE RADIOPIU ne parliamo con Giovanni Manfroi &#8220;Giangi&#8221; sul sito di radiopiu.<br \/>\nSEDICO Verso l&#8217;evento! Domenica il mercato a Villa Patt, sul sito di RADIOPIU nel GIORNALE RADIOPIU l&#8217;intervista a Claudio Mezzavilla.<br \/>\nOGGI ALLA RADIO: OMICIDIO DI EMMA CANTON-atti processuali- IL LIBRO DI ROBERTO DE NART oggi alle 16.30 lo speciale alla radio<br \/>\nRIECCO HORECA: LONGARONE FIERE DOLOMITI CAPITALE DEL TURISMO DAL 2 AL 4 OTTOBRE<br \/>\nARABBA MARMOLADA 2030. VENERDI\u2019 AL RIFUGIO LUIGI GORZA in diretta su tutti i canali di radiopi\u00f9. Domani alle 18:00 al Rifugio Luigi Gorza si terr\u00e0 un appuntamento in quota per discutere di montagna, progetti e sviluppo turistico.<br \/>\nOGGI LA GIORNATA INTERNAZIONALE DELL\u2019ALZHEIMER<br \/>\nBELLUNO In occasione della Giornata Mondiale dell\u2019 Alzheimer, l\u2019Ulss Dolomiti propone un incontro dal titolo \u201cPerdutaMente: oltre la diagnosi di disturbo neurocognitivo\u201d. L\u2019appuntamento \u00e8 per oggi alle 18.00 nella Sala Convegni dell\u2019Ospedale di Feltre per parlare di prevenzione, diagnosi e presa in carico della persona con disturbo neurocognitivo<\/p>\n<p>&nbsp;<\/p>\n<p>203 AGORDINA: AGORDO-MAS, SENSO UNICO H24 SABATO E DOMENICA COMPRESI<\/p>\n<p>IT-ALERT: OGGI ALLE 12 IL TEST IN VENETO<\/p>\n<p>ROSSELLA DAL BO E\u2019 LA NUOVA OSTETRICA AD AGORDO<\/p>\n<p>IL PD VENETO CHIEDE DI AUMENTARE LE RISORSE PER 100 MILIONI DI EURO AI CENTRI SERVIZIO ANZIANI<\/p>\n<p>&nbsp;<\/p>\n<p>&nbsp;<\/p>\n","protected":false},"excerpt":{"rendered":"<p>&nbsp; BELLUNO Profughi: scontro tra sindaci tra chi offre ospitalit\u00e0 e chi come il sindaco di Rocca Pietore Andrea De Bernardin dice no &#8221; \u00abIn democrazia un sindaco pu\u00f2 decidere cosa \u00e8 meglio per la sua comunit\u00e0 e i primi cittadini devono poter decidere\u00bb. LIVINALLONGO Guida spericolata, 10 patenti ritirate oltre alle 6 dell&#8217;altra settimana.&hellip;<\/p>\n","protected":false},"author":4,"featured_media":353405,"comment_status":"closed","ping_status":"closed","sticky":false,"template":"","format":"standard","meta":{"_monsterinsights_skip_tracking":false,"_monsterinsights_sitenote_active":false,"_monsterinsights_sitenote_note":"","_monsterinsights_sitenote_category":0,"footnotes":""},"categories":[104,49,142],"tags":[],"class_list":["post-353403","post","type-post","status-publish","format-standard","has-post-thumbnail","hentry","category-evidenza_3","category-news-18","category-rassegna-stampa","category-104","category-49","category-142","description-off"],"img_url":"https:\/\/www.radiopiu.net\/wordpress\/wp-content\/uploads\/2023\/09\/Senza-nome-49.png","_links":{"self":[{"href":"https:\/\/www.radiopiu.net\/wordpress\/wp-json\/wp\/v2\/posts\/353403","targetHints":{"allow":["GET"]}}],"collection":[{"href":"https:\/\/www.radiopiu.net\/wordpress\/wp-json\/wp\/v2\/posts"}],"about":[{"href":"https:\/\/www.radiopiu.net\/wordpress\/wp-json\/wp\/v2\/types\/post"}],"author":[{"embeddable":true,"href":"https:\/\/www.radiopiu.net\/wordpress\/wp-json\/wp\/v2\/users\/4"}],"replies":[{"embeddable":true,"href":"https:\/\/www.radiopiu.net\/wordpress\/wp-json\/wp\/v2\/comments?post=353403"}],"version-history":[{"count":0,"href":"https:\/\/www.radiopiu.net\/wordpress\/wp-json\/wp\/v2\/posts\/353403\/revisions"}],"wp:featuredmedia":[{"embeddable":true,"href":"https:\/\/www.radiopiu.net\/wordpress\/wp-json\/wp\/v2\/media\/353405"}],"wp:attachment":[{"href":"https:\/\/www.radiopiu.net\/wordpress\/wp-json\/wp\/v2\/media?parent=353403"}],"wp:term":[{"taxonomy":"category","embeddable":true,"href":"https:\/\/www.radiopiu.net\/wordpress\/wp-json\/wp\/v2\/categories?post=353403"},{"taxonomy":"post_tag","embeddable":true,"href":"https:\/\/www.radiopiu.net\/wordpress\/wp-json\/wp\/v2\/tags?post=353403"}],"curies":[{"name":"wp","href":"https:\/\/api.w.org\/{rel}","templated":true}]}}