{"id":353421,"date":"2023-09-21T08:45:53","date_gmt":"2023-09-21T06:45:53","guid":{"rendered":"https:\/\/www.radiopiu.net\/wordpress\/?p=353421"},"modified":"2023-09-21T09:18:13","modified_gmt":"2023-09-21T07:18:13","slug":"code-lungo-la-203-agordina-i-responsabili-del-cantiere-hanno-da-tempo-lordinanza-di-veneto-strade","status":"publish","type":"post","link":"https:\/\/www.radiopiu.net\/wordpress\/code-lungo-la-203-agordina-i-responsabili-del-cantiere-hanno-da-tempo-lordinanza-di-veneto-strade\/","title":{"rendered":"CODE LUNGO LA 203 AGORDINA, I RESPONSABILI DEL CANTIERE HANNO DA TEMPO L&#8217;ORDINANZA DI VENETO STRADE"},"content":{"rendered":"<p><strong><img loading=\"lazy\" decoding=\"async\" class=\"alignleft\" src=\"https:\/\/www.radiopiu.net\/wordpress\/wp-content\/uploads\/2020\/07\/Traffico_bassa.jpg\" width=\"357\" height=\"238\" \/>REDAZIONE<\/strong> Dunque iniziamo dagli ultimi due messaggi, dei tanti, arrivati in redazione. <span style=\"color: #ff0000;\">MARCO CI SCRIVE:<\/span> <em>&#8220;c\u2019\u00e8 un motivo plausibile per cui non ci siano i movieri a regolamentare con un po\u2019 pi\u00f9 di intelligenza,di quanto faccia il semaforo, Mezz\u2019ora il tempo di attesa in salita \u00e8 stato di venti minuti e in gi\u00f9 non veniva quasi nessuno\u2026&#8221;\u00a0 <\/em><span style=\"color: #ff0000;\">EMILIO INTERVIENE COSI&#8217;<em><span style=\"color: #000000;\"> L&#8217;ordinanza per i lavori in localit\u00e0 La Pissa prevede i movieri in caso di traffico sostenuto. La coda del mattino\u00a0 arriva fino alla centrale Enel (poco meno di 2 km, vedi chat telegram viabilit\u00e0) si pu\u00f2 considerare sufficiente o serve che arrivi fino al Peron?&#8221;<\/span><\/em><\/span><\/p>\n<p>Ed ora veniamo a Veneto Strade perch\u00e9 abbiamo letto sulle chat messaggi inadeguati per una societ\u00e0 che sta spendendo denaro ed energie per mettere in sicurezza la strada, l\u00ec e altrove, cadono sassi, ogni tanto su qualche auto e fino ad ora \u00e8 andata bene, ma continuare a sfidare il destino non \u00e8 da gente &#8220;sana&#8221;.<br \/>\nSono ingiuste le critiche per le code a Veneto Strade perch\u00e9 l&#8217;azienda nell&#8217;ordinanza 433 del 14 settembre\u00a0 (per il semaforo), inviata ovviamente all&#8217;azienda scrive in modo molto chiaro:<strong> E&#8217; fatto obbligo alla ditta di regolamentare il traffico nell&#8217;eventualit\u00e0 del passaggio dei mezzi di soccorso o adibiiti a particolari urgenze <span style=\"color: #ff0000;\">o nel caso di particolare intensit\u00e0 del traffico<\/span>&#8220;.<\/strong><br \/>\nUltima curiosit\u00e0 se qualcuno vorr\u00e0 rispondere. Visto che ci sono i semafori e non i movieri, in caso di emergenza in quanto tempo il moviere \u00e8 in grado di prendere il posto del semaforo?<\/p>\n<p>&nbsp;<\/p>\n<p>___<\/p>\n","protected":false},"excerpt":{"rendered":"<p>REDAZIONE Dunque iniziamo dagli ultimi due messaggi, dei tanti, arrivati in redazione. MARCO CI SCRIVE: &#8220;c\u2019\u00e8 un motivo plausibile per cui non ci siano i movieri a regolamentare con un po\u2019 pi\u00f9 di intelligenza,di quanto faccia il semaforo, Mezz\u2019ora il tempo di attesa in salita \u00e8 stato di venti minuti e in gi\u00f9 non veniva&hellip;<\/p>\n","protected":false},"author":4,"featured_media":148717,"comment_status":"closed","ping_status":"closed","sticky":false,"template":"","format":"standard","meta":{"_monsterinsights_skip_tracking":false,"_monsterinsights_sitenote_active":false,"_monsterinsights_sitenote_note":"","_monsterinsights_sitenote_category":0,"footnotes":""},"categories":[51,49],"tags":[],"class_list":["post-353421","post","type-post","status-publish","format-standard","has-post-thumbnail","hentry","category-evidenza-top","category-news-18","category-51","category-49","description-off"],"img_url":"https:\/\/www.radiopiu.net\/wordpress\/wp-content\/uploads\/2020\/07\/Traffico_bassa.jpg","_links":{"self":[{"href":"https:\/\/www.radiopiu.net\/wordpress\/wp-json\/wp\/v2\/posts\/353421","targetHints":{"allow":["GET"]}}],"collection":[{"href":"https:\/\/www.radiopiu.net\/wordpress\/wp-json\/wp\/v2\/posts"}],"about":[{"href":"https:\/\/www.radiopiu.net\/wordpress\/wp-json\/wp\/v2\/types\/post"}],"author":[{"embeddable":true,"href":"https:\/\/www.radiopiu.net\/wordpress\/wp-json\/wp\/v2\/users\/4"}],"replies":[{"embeddable":true,"href":"https:\/\/www.radiopiu.net\/wordpress\/wp-json\/wp\/v2\/comments?post=353421"}],"version-history":[{"count":0,"href":"https:\/\/www.radiopiu.net\/wordpress\/wp-json\/wp\/v2\/posts\/353421\/revisions"}],"wp:featuredmedia":[{"embeddable":true,"href":"https:\/\/www.radiopiu.net\/wordpress\/wp-json\/wp\/v2\/media\/148717"}],"wp:attachment":[{"href":"https:\/\/www.radiopiu.net\/wordpress\/wp-json\/wp\/v2\/media?parent=353421"}],"wp:term":[{"taxonomy":"category","embeddable":true,"href":"https:\/\/www.radiopiu.net\/wordpress\/wp-json\/wp\/v2\/categories?post=353421"},{"taxonomy":"post_tag","embeddable":true,"href":"https:\/\/www.radiopiu.net\/wordpress\/wp-json\/wp\/v2\/tags?post=353421"}],"curies":[{"name":"wp","href":"https:\/\/api.w.org\/{rel}","templated":true}]}}