{"id":353441,"date":"2023-09-21T14:06:23","date_gmt":"2023-09-21T12:06:23","guid":{"rendered":"https:\/\/www.radiopiu.net\/wordpress\/?p=353441"},"modified":"2023-09-22T05:59:29","modified_gmt":"2023-09-22T03:59:29","slug":"dillo-a-radio-piu-dolomitibus-quale-servizio","status":"publish","type":"post","link":"https:\/\/www.radiopiu.net\/wordpress\/dillo-a-radio-piu-dolomitibus-quale-servizio\/","title":{"rendered":"DILLO A RADIO PIU&#8217;&#8230; DOLOMITIBUS QUALE SERVIZIO?"},"content":{"rendered":"<h3 class=\"tit ng-scope\"><em>Autisti introvabili passeggeri a piedi il trasporto pubblico \u00e8 al collasso. La programmazione giornaliera continua a subire continue fluttuazioni con partenze (decine al giorno) soppresse anche all\u2019ultimo minuto. Insomma, un caos nonostante l\u2019aumento di biglietti e abbonamenti anche superiore al 30%.\u00a0 L\u2019Alto Adige offre 2.300 euro netti al mese ai giovani che vogliano svolgere questa professione, Dolomitibus?\u00a0 1.650 euro lordi. Scusate ma serve aggiungere altro? Speriamo che i dirigenti di oggi &#8211; visto i risultati &#8211; si lascino affascinare dalle offerte delle\u00a0 Regioni autonome, che non sono nemmeno tanto lontane. Qui\u00a0 sentiamo il\u00a0 bisogno di aria nuova,\u00a0 di un cambiamento perch\u00e9 peggio di cos\u00ec non potr\u00e0 andare. E per il rispetto della gente che lavora s&#8217;inizi a pensare ai rimborsi e anche le associazioni dei consumatori &#8211; ammesso esistano ancora e i dubbi ci sono &#8211; \u00e8 ora che si facciano vive o serve qualche motivo particolare per scuoterle?\u00a0 Infine mentre tutti si lamentano e si rischia la protesta di piazza la\u00a0 Regione annuncia 161 milioni di investimento per il rinnovo delle flotte in ottica risparmio. <\/em><\/h3>\n<p>&nbsp;<\/p>\n<p>&nbsp;<\/p>\n<blockquote>\n<h3>&#8230; DISSERVIZI<\/h3>\n<p>&nbsp;<\/p><\/blockquote>\n<p>Oggi mia figlia entra un ora dopo a scuola per la mancanza della corriera che parte a Gosaldo alle 6.13. L&#8217;autista sta male e tutto salta non ci sono autisti disponibili per sostituirlo. Alle 13.10 a mio figlio che doveva trovare a casa succede la stessa cosa, un ora in stazione per aspettare la corsa successiva. Io mi chiedo perch\u00e9 nessuno fa nulla per far s\u00ec che questa situazione cambi. Si chiede un aumento sugli abbonamenti e dopo? Dov&#8217;\u00e8 quando il servizio non c&#8217;\u00e8? Io come tutti i genitori dei ragazzi rimasti a piedi lavoriamo e abbiamo diritto avendo pagato gli abbonamenti ad avere un servizio garantito.<\/p>\n<p>una mamma<\/p>\n<p>&nbsp;<\/p>\n<p>Oggi mio figlio che frequenta l\u2019Istituto Segato a Belluno \u00e8 entrato a scuola un\u2019ora dopo l\u2019inizio delle lezioni perch\u00e9 la corriera che parte alle 6.13 da Gosaldo non \u00e8 passata e come lui tutti i ragazzi che studiano a Belluno, sono dovuti salire sulla corriera successiva. Ma se questo non bastasse, alle 13 di rientro da Belluno, una volta arrivato alla stazione di Agordo, doveva prendere insieme al fratello e tutti i ragazzi che vanno a scuola ad Agordo, la corriera delle 13.10 per Gosaldo che come al mattino non c\u2018 era. Sono stati consigliati da un autista presente in stazione di prendere la successiva delle 13.50. Ora, mi chiedo, ma come \u00e8 possibile? Tra l\u2019 altro tengo a sottolineare che tutte le sere noi verifichiamo sul sito della Dolomitibus \u201cle corse non garantite\u201d e non c&#8217;era traccia della mancanza delle due corse non effettuate nella giornata. Noi come la maggior parte dei genitori lavoriamo, spesso partiamo da casa prima dei nostri figli, li affidiamo a un servizio che dovrebbe garantire lo svolgimento delle loro attivit\u00e0 in sicurezza senza rimanere ore su una strada o una stazione. Concludo manifestando il nostro grande disagio per questo servizio che rende ancora pi\u00f9 difficile vivere in questo territorio gi\u00e0 fatto di tanti limiti.<\/p>\n<p>Un genitore<\/p>\n<p><strong>Corriera delle 7.13 da Agordo a San Cipriano per Falcade inesistente questa\u00a0 mattina studenti a scuola un&#8217;ora in ritardo&#8230;<\/strong><\/p>\n<p>una nonna<\/p>\n<p>&nbsp;<\/p>\n<p><span class=\"x193iq5w xeuugli x13faqbe x1vvkbs x1xmvt09 x1lliihq x1s928wv xhkezso x1gmr53x x1cpjm7i x1fgarty x1943h6x xudqn12 x3x7a5m x6prxxf xvq8zen xo1l8bm xzsf02u\" dir=\"auto\" lang=\"it-IT\">Questa mattina, gli studenti diretti a Cencenighe e Falcade alle 7.10 sono rimasti a piedi e dopo aver consultato il sito dove non c&#8217;era la soppressione di questa corsa. Presi per i fondelli due volte: la prima per aver pagato un abbonamento e dover consultare il sito tutte le sere per saper se ci sar\u00e0 la corsa che serve. La seconda per consultare il sito e restare a piedi ugualmente.<\/span><\/p>\n<p>Giuliana<\/p>\n<p>&nbsp;<\/p>\n<p><span class=\"x193iq5w xeuugli x13faqbe x1vvkbs x1xmvt09 x1lliihq x1s928wv xhkezso x1gmr53x x1cpjm7i x1fgarty x1943h6x xudqn12 x3x7a5m x6prxxf xvq8zen xo1l8bm xzsf02u\" dir=\"auto\" lang=\"it-IT\">No comment, e dopo ci si chiede come mai non viene utilizzato il servizio pubblico.<\/span><\/p>\n<p>Vania<\/p>\n<p><span class=\"x193iq5w xeuugli x13faqbe x1vvkbs x1xmvt09 x1lliihq x1s928wv xhkezso x1gmr53x x1cpjm7i x1fgarty x1943h6x xudqn12 x3x7a5m x6prxxf xvq8zen xo1l8bm xzsf02u\" dir=\"auto\" lang=\"it-IT\">Peccato che aggiornino dopo aver lasciato a piedi i ragazzi. Alle 13:30 le corse in giallo non erano segnalate, e i ragazzi in autostazione sperando nella corriera successiva (con l&#8217;abbonamento annuale in tasca\u00a0<\/span><\/p>\n<p>Romina<\/p>\n<p>&nbsp;<\/p>\n<p>&nbsp;<\/p>\n<hr \/>\n<p>&nbsp;<\/p>\n<p>Riceviamo e volentieri pubblichiamo, dai nostalgici ricordi dei bei giorni alla situazione attuale dove tutti fanno a gara nella lotta contro l&#8217;inquinamento, spesso solo a parole.<\/p>\n<p>&nbsp;<\/p>\n<p><em><img loading=\"lazy\" decoding=\"async\" class=\"alignleft\" src=\"https:\/\/www.radiopiu.net\/wordpress\/wp-content\/uploads\/2020\/06\/e5f1ebd2-744d-4055-bc0b-055e47c27368.jpg\" width=\"306\" height=\"230\" \/>&#8220;Rammento ancora da ragazzo, in vacanza con i miei genitori nel Feltrino che il servizio bus che collegava i vari comuni della cintura bellunese, garantivano pi\u00f9 che discretamente i collegamenti con il capoluogo Belluno (festivi compresi). Il tempo passa, le cose cambiano repentinamente, quello che mi addolora e che frequentando ancora, dopo tanto tempo la mia adorata montagna, noto che questa benedetta Azienda limita, anzi abbatte in pi\u00f9 mortifica i viaggiatori, con vergognose penalizzazioni delle corse. Per i festivi ormai siamo a livelli zero. In un momento epocale in cui si parla di sostenibilit\u00e0, di salvaguardia dell&#8217;ambiente, di lotta contro l&#8217;inquinamento, di limitare il traffico veicolare, alternative plausibili, come il viaggiare con i mezzi pubblici diventa impossibile. Un esempio, rammento che per visitare il Cansiglio, nel periodo estivo, si poteva usufruire di corse autobus che portavano i villeggianti o chi decideva di contemplare la natura montana, direttamente nella Piana del Cansiglio. Per rimanere in tema attuale corse festive, perch\u00e8 non attivare corse (anche nel periodo Giugno-Settembre) per visitare la Valbelluna e i suoi Comuni ricchi di storia ed arte, l&#8217;Agordino, oppure la Val Cellina. Non si pu\u00f2 rispondere che le corse vengono di fatto eliminate in quanto non ci sono utenti. Il tutto andrebbe coordinato a monte, la collaborazione con gli Uffici turistici del Bellunese, con Trenitalia, con le Associazioni di Commercio i rappresentanti delle Istituzioni, dovrebbero costituire un corpo unico al fine di promuovere il viaggio sostenibile pubblico, con integrazioni, offerte, proposte culturali garantendo a chi vuole viaggiare in scioltezza, sicurezza, tranquillit\u00e0 il tempo libero. Utopia?, forse, non viviamo certi tempi buoni, ma se non ci facciamo sentire la situazione credo tender\u00e0 a peggiorare ulteriromente. Ultima chicca, noto che Dolomiti Bus cerca autisti, e quindi, avete bisogno che le corse siano attive&#8230;allora dai ragionateci su&#8221;.\u00a0<\/em><\/p>\n<p>Graziano Menin Venezia<\/p>\n<p>&nbsp;<\/p>\n<hr \/>\n<p>&nbsp;<\/p>\n<p><strong>A PROPOSITO&#8230; OGGI E&#8217; IL GIORNO DELLE CORSE NON GARANTITE NELL&#8217;AGORDINO\u00a0<\/strong><\/p>\n<div dir=\"auto\">&#8230;<strong>CORSE NON GARANTITE NEI COMUNI DELLA CONCA<\/strong><\/div>\n<div dir=\"auto\"><strong><span class=\"x3nfvp2 x1j61x8r x1fcty0u xdj266r xhhsvwb xat24cr xgzva0m xxymvpz xlup9mm x1kky2od\"><img loading=\"lazy\" decoding=\"async\" src=\"https:\/\/static.xx.fbcdn.net\/images\/emoji.php\/v9\/tdd\/1\/16\/274c.png\" alt=\"&#x274c;\" width=\"16\" height=\"16\" \/><\/span>GIOVED\u00cc 21 SETTEMBRE &#8211; CORSE NON GARANTITE<span class=\"x3nfvp2 x1j61x8r x1fcty0u xdj266r xhhsvwb xat24cr xgzva0m xxymvpz xlup9mm x1kky2od\"><img loading=\"lazy\" decoding=\"async\" src=\"https:\/\/static.xx.fbcdn.net\/images\/emoji.php\/v9\/tdd\/1\/16\/274c.png\" alt=\"&#x274c;\" width=\"16\" height=\"16\" \/><\/span><\/strong><\/div>\n<div dir=\"auto\"><strong><span class=\"x3nfvp2 x1j61x8r x1fcty0u xdj266r xhhsvwb xat24cr xgzva0m xxymvpz xlup9mm x1kky2od\"><img loading=\"lazy\" decoding=\"async\" src=\"https:\/\/static.xx.fbcdn.net\/images\/emoji.php\/v9\/tdc\/1\/16\/26a0.png\" alt=\"&#x26a0;&#xfe0f;\" width=\"16\" height=\"16\" \/><\/span>AGGIORNAMENTO<\/strong><\/div>\n<p><a class=\"dt-pswp-item\" href=\"https:\/\/www.radiopiu.net\/wordpress\/wp-content\/uploads\/2023\/09\/ac8aa363-99e7-4870-8ae2-f77a0982e208.jpg\" data-dt-img-description=\"\" data-large_image_width=\"1280\" data-large_image_height=\"936\"><img loading=\"lazy\" decoding=\"async\" class=\"alignnone wp-image-353442 size-full\" src=\"https:\/\/www.radiopiu.net\/wordpress\/wp-content\/uploads\/2023\/09\/ac8aa363-99e7-4870-8ae2-f77a0982e208.jpg\" alt=\"\" width=\"1280\" height=\"936\" srcset=\"https:\/\/www.radiopiu.net\/wordpress\/wp-content\/uploads\/2023\/09\/ac8aa363-99e7-4870-8ae2-f77a0982e208.jpg 1280w, https:\/\/www.radiopiu.net\/wordpress\/wp-content\/uploads\/2023\/09\/ac8aa363-99e7-4870-8ae2-f77a0982e208-300x219.jpg 300w, https:\/\/www.radiopiu.net\/wordpress\/wp-content\/uploads\/2023\/09\/ac8aa363-99e7-4870-8ae2-f77a0982e208-1024x749.jpg 1024w, https:\/\/www.radiopiu.net\/wordpress\/wp-content\/uploads\/2023\/09\/ac8aa363-99e7-4870-8ae2-f77a0982e208-768x562.jpg 768w\" sizes=\"auto, (max-width: 1280px) 100vw, 1280px\" \/><\/a><\/p>\n","protected":false},"excerpt":{"rendered":"<p>Autisti introvabili passeggeri a piedi il trasporto pubblico \u00e8 al collasso. La programmazione giornaliera continua a subire continue fluttuazioni con partenze (decine al giorno) soppresse anche all\u2019ultimo minuto. Insomma, un caos nonostante l\u2019aumento di biglietti e abbonamenti anche superiore al 30%.\u00a0 L\u2019Alto Adige offre 2.300 euro netti al mese ai giovani che vogliano svolgere questa&hellip;<\/p>\n","protected":false},"author":4,"featured_media":144902,"comment_status":"closed","ping_status":"closed","sticky":false,"template":"","format":"standard","meta":{"_monsterinsights_skip_tracking":false,"_monsterinsights_sitenote_active":false,"_monsterinsights_sitenote_note":"","_monsterinsights_sitenote_category":0,"footnotes":""},"categories":[51,49],"tags":[],"class_list":["post-353441","post","type-post","status-publish","format-standard","has-post-thumbnail","hentry","category-evidenza-top","category-news-18","category-51","category-49","description-off"],"img_url":"https:\/\/www.radiopiu.net\/wordpress\/wp-content\/uploads\/2020\/06\/e5f1ebd2-744d-4055-bc0b-055e47c27368.jpg","_links":{"self":[{"href":"https:\/\/www.radiopiu.net\/wordpress\/wp-json\/wp\/v2\/posts\/353441","targetHints":{"allow":["GET"]}}],"collection":[{"href":"https:\/\/www.radiopiu.net\/wordpress\/wp-json\/wp\/v2\/posts"}],"about":[{"href":"https:\/\/www.radiopiu.net\/wordpress\/wp-json\/wp\/v2\/types\/post"}],"author":[{"embeddable":true,"href":"https:\/\/www.radiopiu.net\/wordpress\/wp-json\/wp\/v2\/users\/4"}],"replies":[{"embeddable":true,"href":"https:\/\/www.radiopiu.net\/wordpress\/wp-json\/wp\/v2\/comments?post=353441"}],"version-history":[{"count":0,"href":"https:\/\/www.radiopiu.net\/wordpress\/wp-json\/wp\/v2\/posts\/353441\/revisions"}],"wp:featuredmedia":[{"embeddable":true,"href":"https:\/\/www.radiopiu.net\/wordpress\/wp-json\/wp\/v2\/media\/144902"}],"wp:attachment":[{"href":"https:\/\/www.radiopiu.net\/wordpress\/wp-json\/wp\/v2\/media?parent=353441"}],"wp:term":[{"taxonomy":"category","embeddable":true,"href":"https:\/\/www.radiopiu.net\/wordpress\/wp-json\/wp\/v2\/categories?post=353441"},{"taxonomy":"post_tag","embeddable":true,"href":"https:\/\/www.radiopiu.net\/wordpress\/wp-json\/wp\/v2\/tags?post=353441"}],"curies":[{"name":"wp","href":"https:\/\/api.w.org\/{rel}","templated":true}]}}