{"id":353446,"date":"2023-09-21T14:34:40","date_gmt":"2023-09-21T12:34:40","guid":{"rendered":"https:\/\/www.radiopiu.net\/wordpress\/?p=353446"},"modified":"2023-09-21T14:34:40","modified_gmt":"2023-09-21T12:34:40","slug":"procaffe-sbalza-in-avanti-crescita-a-doppia-cifra","status":"publish","type":"post","link":"https:\/\/www.radiopiu.net\/wordpress\/procaffe-sbalza-in-avanti-crescita-a-doppia-cifra\/","title":{"rendered":"PROCAFFE&#8217; SBALZA IN AVANTI, CRESCITA A DOPPIA CIFRA"},"content":{"rendered":"<div class=\"group w-full text-token-text-primary border-b border-black\/10 gizmo:border-0 dark:border-gray-900\/50 gizmo:dark:border-0 bg-gray-50 gizmo:bg-transparent dark:bg-[#444654] gizmo:dark:bg-transparent\" data-testid=\"conversation-turn-3\">\n<div class=\"p-4 justify-center text-base md:gap-6 md:py-6 m-auto\">\n<div class=\"flex flex-1 gap-4 text-base mx-auto md:gap-6 md:max-w-2xl lg:max-w-[38rem] xl:max-w-3xl }\">\n<div class=\"relative flex w-[calc(100%-50px)] flex-col gap-1 md:gap-3 lg:w-[calc(100%-115px)]\">\n<div class=\"flex flex-grow flex-col gap-3 max-w-full\">\n<div class=\"min-h-[20px] flex flex-col items-start gap-3 overflow-x-auto whitespace-pre-wrap break-words\">\n<div class=\"markdown prose w-full break-words dark:prose-invert light\">\n<blockquote>\n<h2><\/h2>\n<p>di Mirko Mezzacasa<\/p><\/blockquote>\n<\/div>\n<\/div>\n<\/div>\n<\/div>\n<\/div>\n<\/div>\n<\/div>\n<p><strong><a class=\"dt-pswp-item\" href=\"https:\/\/www.radiopiu.net\/wordpress\/wp-content\/uploads\/2023\/09\/Fabio-Citron-retail-manager-Bristot.jpg\" data-dt-img-description=\"\" data-large_image_width=\"2239\" data-large_image_height=\"2068\"><img loading=\"lazy\" decoding=\"async\" class=\" wp-image-353445 alignleft\" src=\"https:\/\/www.radiopiu.net\/wordpress\/wp-content\/uploads\/2023\/09\/Fabio-Citron-retail-manager-Bristot-300x277.jpg\" alt=\"\" width=\"233\" height=\"215\" srcset=\"https:\/\/www.radiopiu.net\/wordpress\/wp-content\/uploads\/2023\/09\/Fabio-Citron-retail-manager-Bristot-300x277.jpg 300w, https:\/\/www.radiopiu.net\/wordpress\/wp-content\/uploads\/2023\/09\/Fabio-Citron-retail-manager-Bristot-1024x946.jpg 1024w, https:\/\/www.radiopiu.net\/wordpress\/wp-content\/uploads\/2023\/09\/Fabio-Citron-retail-manager-Bristot-768x709.jpg 768w, https:\/\/www.radiopiu.net\/wordpress\/wp-content\/uploads\/2023\/09\/Fabio-Citron-retail-manager-Bristot-1536x1419.jpg 1536w, https:\/\/www.radiopiu.net\/wordpress\/wp-content\/uploads\/2023\/09\/Fabio-Citron-retail-manager-Bristot-2048x1892.jpg 2048w\" sizes=\"auto, (max-width: 233px) 100vw, 233px\" \/><\/a>BELLUNO<\/strong>\u00a0 Procaff\u00e8, noto per il marchio Bristot, ha registrato una crescita a doppia cifra nel settore retail nel primo semestre del 2023, trainata principalmente dalla categoria del caff\u00e8 &#8220;grano&#8221; per il consumo domestico. Questa crescita del 21% \u00e8 notevolmente superiore alla performance dei principali concorrenti nel mercato. La crescita non \u00e8 limitata solo alla regione d&#8217;origine, il Veneto, ma si estende anche al Trentino Alto Adige. L&#8217;azienda mira a espandersi ulteriormente sia nel mercato italiano che all&#8217;estero. Procaff\u00e8 Spa, ha chiuso il 2022 in modo positivo, registrando un aumento dei ricavi del 25% rispetto all&#8217;anno precedente, riportando cos\u00ec l&#8217;azienda ai livelli pre-pandemici. Inoltre, l&#8217;azienda sta pianificando investimenti nell&#8217;area bellunese per supportare ulteriori piani di sviluppo aziendale.<\/p>\n<p align=\"justify\"><span style=\"font-family: Arial, serif;\"><span style=\"font-size: medium;\"><i>&#8220;I ricavi 2022 si sono assestati a quota 37,1 mln di euro contro i 29,6 mln euro registrati nel 2021, totalizzando cos\u00ec oltre +25% su base annua &#8211; dice Fabio Citron reatil manager Bristot (foto)\u00a0 Una costante ripresa delle vendite che ha riportato a livelli pre-pandemici tutti i fondamentali dell\u2019azienda.<\/i><\/span><\/span><\/p>\n","protected":false},"excerpt":{"rendered":"<p>di Mirko Mezzacasa BELLUNO\u00a0 Procaff\u00e8, noto per il marchio Bristot, ha registrato una crescita a doppia cifra nel settore retail nel primo semestre del 2023, trainata principalmente dalla categoria del caff\u00e8 &#8220;grano&#8221; per il consumo domestico. Questa crescita del 21% \u00e8 notevolmente superiore alla performance dei principali concorrenti nel mercato. La crescita non \u00e8 limitata&hellip;<\/p>\n","protected":false},"author":4,"featured_media":353447,"comment_status":"closed","ping_status":"closed","sticky":false,"template":"","format":"standard","meta":{"_monsterinsights_skip_tracking":false,"_monsterinsights_sitenote_active":false,"_monsterinsights_sitenote_note":"","_monsterinsights_sitenote_category":0,"footnotes":""},"categories":[49],"tags":[],"class_list":["post-353446","post","type-post","status-publish","format-standard","has-post-thumbnail","hentry","category-news-18","category-49","description-off"],"img_url":"https:\/\/www.radiopiu.net\/wordpress\/wp-content\/uploads\/2023\/09\/th-25.jpg","_links":{"self":[{"href":"https:\/\/www.radiopiu.net\/wordpress\/wp-json\/wp\/v2\/posts\/353446","targetHints":{"allow":["GET"]}}],"collection":[{"href":"https:\/\/www.radiopiu.net\/wordpress\/wp-json\/wp\/v2\/posts"}],"about":[{"href":"https:\/\/www.radiopiu.net\/wordpress\/wp-json\/wp\/v2\/types\/post"}],"author":[{"embeddable":true,"href":"https:\/\/www.radiopiu.net\/wordpress\/wp-json\/wp\/v2\/users\/4"}],"replies":[{"embeddable":true,"href":"https:\/\/www.radiopiu.net\/wordpress\/wp-json\/wp\/v2\/comments?post=353446"}],"version-history":[{"count":0,"href":"https:\/\/www.radiopiu.net\/wordpress\/wp-json\/wp\/v2\/posts\/353446\/revisions"}],"wp:featuredmedia":[{"embeddable":true,"href":"https:\/\/www.radiopiu.net\/wordpress\/wp-json\/wp\/v2\/media\/353447"}],"wp:attachment":[{"href":"https:\/\/www.radiopiu.net\/wordpress\/wp-json\/wp\/v2\/media?parent=353446"}],"wp:term":[{"taxonomy":"category","embeddable":true,"href":"https:\/\/www.radiopiu.net\/wordpress\/wp-json\/wp\/v2\/categories?post=353446"},{"taxonomy":"post_tag","embeddable":true,"href":"https:\/\/www.radiopiu.net\/wordpress\/wp-json\/wp\/v2\/tags?post=353446"}],"curies":[{"name":"wp","href":"https:\/\/api.w.org\/{rel}","templated":true}]}}