{"id":353449,"date":"2023-09-22T05:37:39","date_gmt":"2023-09-22T03:37:39","guid":{"rendered":"https:\/\/www.radiopiu.net\/wordpress\/?p=353449"},"modified":"2023-09-22T06:00:07","modified_gmt":"2023-09-22T04:00:07","slug":"in-cassazione-condanna-confermata-per-la-morte-del-lavoratore-in-nero","status":"publish","type":"post","link":"https:\/\/www.radiopiu.net\/wordpress\/in-cassazione-condanna-confermata-per-la-morte-del-lavoratore-in-nero\/","title":{"rendered":"IN CASSAZIONE: CONDANNA CONFERMATA PER LA MORTE DEL LAVORATORE &#8220;IN NERO&#8221;"},"content":{"rendered":"<div class=\"flex-1 overflow-hidden\">\n<div class=\"react-scroll-to-bottom--css-nafbo-79elbk h-full dark:bg-gray-800\">\n<div class=\"react-scroll-to-bottom--css-nafbo-1n7m0yu\">\n<div class=\"flex flex-col text-sm dark:bg-gray-800\">\n<div class=\"group w-full text-token-text-primary border-b border-black\/10 gizmo:border-0 dark:border-gray-900\/50 gizmo:dark:border-0 bg-gray-50 gizmo:bg-transparent dark:bg-[#444654] gizmo:dark:bg-transparent\" data-testid=\"conversation-turn-3\">\n<div class=\"p-4 justify-center text-base md:gap-6 md:py-6 m-auto\">\n<div class=\"flex flex-1 gap-4 text-base mx-auto md:gap-6 md:max-w-2xl lg:max-w-[38rem] xl:max-w-3xl }\">\n<div class=\"relative flex w-[calc(100%-50px)] flex-col gap-1 md:gap-3 lg:w-[calc(100%-115px)]\">\n<div class=\"flex flex-grow flex-col gap-3 max-w-full\">\n<div class=\"min-h-[20px] flex flex-col items-start gap-3 overflow-x-auto whitespace-pre-wrap break-words\">\n<div class=\"markdown prose w-full break-words dark:prose-invert light\">\n<blockquote><p><em>La sorella della vittima, assistita da Giesse Risarcimento Danni, gruppo specializzato in casi di infortuni sul lavoro mortali, si \u00e8 lasciata andare a un lungo pianto liberatorio, al termine di un processo nel quale, purtroppo, ha dovuto rivivere fin troppe volte l\u2019immenso <a class=\"dt-pswp-item\" href=\"https:\/\/www.radiopiu.net\/wordpress\/wp-content\/uploads\/2023\/09\/Vitali-Mardari-1.jpg\" data-dt-img-description=\"\" data-large_image_width=\"800\" data-large_image_height=\"438\"><img loading=\"lazy\" decoding=\"async\" class=\"size-medium wp-image-353450 alignright\" src=\"https:\/\/www.radiopiu.net\/wordpress\/wp-content\/uploads\/2023\/09\/Vitali-Mardari-1-300x164.jpg\" alt=\"\" width=\"300\" height=\"164\" srcset=\"https:\/\/www.radiopiu.net\/wordpress\/wp-content\/uploads\/2023\/09\/Vitali-Mardari-1-300x164.jpg 300w, https:\/\/www.radiopiu.net\/wordpress\/wp-content\/uploads\/2023\/09\/Vitali-Mardari-1-768x420.jpg 768w, https:\/\/www.radiopiu.net\/wordpress\/wp-content\/uploads\/2023\/09\/Vitali-Mardari-1.jpg 800w\" sizes=\"auto, (max-width: 300px) 100vw, 300px\" \/><\/a>dolore di quel tragico giorno.<\/em><\/p><\/blockquote>\n<p><strong>BELLUNO<\/strong> La Corte di Cassazione ha respinto il ricorso presentato dai legali di Riccardo Sorar\u00f9, confermando la condanna di 4 anni e 5 mesi di reclusione che gli era stata inflitta inizialmente per la morte di Vitali Mardari (FOTO) avvenuta alla fine del 2018 nei boschi tra Veneto e Trentino. La vittima aveva aiutato Sorar\u00f9 e altri due lavoratori &#8220;in nero&#8221; in un lavoro non regolare, quando un cavo d&#8217;acciaio si spezz\u00f2 causando la sua morte. Invece di cercare soccorso immediato, Sorar\u00f9 e gli altri lavoratori trasferirono il corpo della vittima lontano dal luogo dell&#8217;incidente e lo coprirono con pezzi di legno. Solo in seguito, Sorar\u00f9 chiam\u00f2 i soccorsi fingendo di aver ritrovato il corpo per caso. Sorar\u00f9 aveva anche fornito false informazioni ai carabinieri riguardo all&#8217;accaduto. Le indagini e le testimonianze hanno rivelato che i lavoratori coinvolti non avevano contratti regolari n\u00e9 formazione adeguata per il lavoro svolto, il che ha contribuito alla decisione del Tribunale di Trento di condannare Sorar\u00f9 senza attenuanti. La Corte d&#8217;Appello di Venezia aveva confermato questa condanna, e ora, con la decisione della Corte di Cassazione, Sorar\u00f9 \u00e8 destinato a essere incarcerato. Nonostante l&#8217;orrore dell&#8217;incidente e le condanne precedentemente inflitte, Sorar\u00f9 non aveva ancora risarcito la famiglia della vittima. La famiglia ha accolto con sollievo la decisione dei giudici e ha dichiarato che, se necessario, intraprender\u00e0 azioni legali per ottenere il risarcimento che spetta loro.<\/p>\n<\/div>\n<\/div>\n<\/div>\n<div class=\"flex justify-between lg:block\">\n<div class=\"text-xs flex items-center justify-center gap-1 self-center pt-2 !invisible\"><strong>ARCHIVIO RADIOPIU 28 OTTOBRE 2021<\/strong><\/div>\n<div>\n<blockquote class=\"wp-embedded-content\" data-secret=\"C3Urs8FtTn\"><p><a href=\"https:\/\/www.radiopiu.net\/wordpress\/mori-colpito-dal-cavo-della-teleferica-condannato-il-datore-di-lavoro\/\">MORI&#8217; COLPITO DAL CAVO DELLA TELEFERICA, CONDANNATO IL DATORE DI LAVORO<\/a><\/p><\/blockquote>\n<p><iframe loading=\"lazy\" class=\"wp-embedded-content\" sandbox=\"allow-scripts\" security=\"restricted\" style=\"position: absolute; clip: rect(1px, 1px, 1px, 1px);\" title=\"&#8220;MORI&#8217; COLPITO DAL CAVO DELLA TELEFERICA, CONDANNATO IL DATORE DI LAVORO&#8221; &#8212; Radio Pi\u00f9\" src=\"https:\/\/www.radiopiu.net\/wordpress\/mori-colpito-dal-cavo-della-teleferica-condannato-il-datore-di-lavoro\/embed\/#?secret=FssjvD90iq#?secret=C3Urs8FtTn\" data-secret=\"C3Urs8FtTn\" width=\"600\" height=\"338\" frameborder=\"0\" marginwidth=\"0\" marginheight=\"0\" scrolling=\"no\"><\/iframe><\/p>\n<p>&nbsp;<\/p>\n<p>&nbsp;<\/p>\n<p>&nbsp;<\/p>\n<p>&nbsp;<\/p>\n<p>&nbsp;<\/p>\n<p>&nbsp;<\/p>\n<p>&nbsp;<\/p>\n<p>&nbsp;<\/p>\n<p>&nbsp;<\/p>\n<\/div>\n<\/div>\n<\/div>\n<\/div>\n<\/div>\n<\/div>\n<p>&nbsp;<\/p>\n<\/div>\n<\/div>\n<\/div>\n<\/div>\n","protected":false},"excerpt":{"rendered":"<p>La sorella della vittima, assistita da Giesse Risarcimento Danni, gruppo specializzato in casi di infortuni sul lavoro mortali, si \u00e8 lasciata andare a un lungo pianto liberatorio, al termine di un processo nel quale, purtroppo, ha dovuto rivivere fin troppe volte l\u2019immenso dolore di quel tragico giorno. BELLUNO La Corte di Cassazione ha respinto il&hellip;<\/p>\n","protected":false},"author":4,"featured_media":353450,"comment_status":"closed","ping_status":"closed","sticky":false,"template":"","format":"standard","meta":{"_monsterinsights_skip_tracking":false,"_monsterinsights_sitenote_active":false,"_monsterinsights_sitenote_note":"","_monsterinsights_sitenote_category":0,"footnotes":""},"categories":[104,49],"tags":[],"class_list":["post-353449","post","type-post","status-publish","format-standard","has-post-thumbnail","hentry","category-evidenza_3","category-news-18","category-104","category-49","description-off"],"img_url":"https:\/\/www.radiopiu.net\/wordpress\/wp-content\/uploads\/2023\/09\/Vitali-Mardari-1.jpg","_links":{"self":[{"href":"https:\/\/www.radiopiu.net\/wordpress\/wp-json\/wp\/v2\/posts\/353449","targetHints":{"allow":["GET"]}}],"collection":[{"href":"https:\/\/www.radiopiu.net\/wordpress\/wp-json\/wp\/v2\/posts"}],"about":[{"href":"https:\/\/www.radiopiu.net\/wordpress\/wp-json\/wp\/v2\/types\/post"}],"author":[{"embeddable":true,"href":"https:\/\/www.radiopiu.net\/wordpress\/wp-json\/wp\/v2\/users\/4"}],"replies":[{"embeddable":true,"href":"https:\/\/www.radiopiu.net\/wordpress\/wp-json\/wp\/v2\/comments?post=353449"}],"version-history":[{"count":0,"href":"https:\/\/www.radiopiu.net\/wordpress\/wp-json\/wp\/v2\/posts\/353449\/revisions"}],"wp:featuredmedia":[{"embeddable":true,"href":"https:\/\/www.radiopiu.net\/wordpress\/wp-json\/wp\/v2\/media\/353450"}],"wp:attachment":[{"href":"https:\/\/www.radiopiu.net\/wordpress\/wp-json\/wp\/v2\/media?parent=353449"}],"wp:term":[{"taxonomy":"category","embeddable":true,"href":"https:\/\/www.radiopiu.net\/wordpress\/wp-json\/wp\/v2\/categories?post=353449"},{"taxonomy":"post_tag","embeddable":true,"href":"https:\/\/www.radiopiu.net\/wordpress\/wp-json\/wp\/v2\/tags?post=353449"}],"curies":[{"name":"wp","href":"https:\/\/api.w.org\/{rel}","templated":true}]}}