{"id":353463,"date":"2023-09-21T15:27:09","date_gmt":"2023-09-21T13:27:09","guid":{"rendered":"https:\/\/www.radiopiu.net\/wordpress\/?p=353463"},"modified":"2023-09-21T17:02:13","modified_gmt":"2023-09-21T15:02:13","slug":"se-non-ci-sono-le-strutture-non-si-possono-accogliere-profughi-de-bernardin-un-problema-che-sta-diventano-incontrollabile","status":"publish","type":"post","link":"https:\/\/www.radiopiu.net\/wordpress\/se-non-ci-sono-le-strutture-non-si-possono-accogliere-profughi-de-bernardin-un-problema-che-sta-diventano-incontrollabile\/","title":{"rendered":"SE NON CI SONO LE STRUTTURE NON SI POSSONO ACCOGLIERE PROFUGHI. DE BERNARDIN &#8220;Un problema che sta diventano incontrollabile&#8221;"},"content":{"rendered":"<h3><\/h3>\n<p><strong>BELLUNO<\/strong> Profughi: scontro tra sindaci tra chi offre ospitalit\u00e0 e chi come il sindaco di Rocca Pietore Andrea De Bernardin dice no \u201d \u00abIn democrazia un sindaco pu\u00f2 decidere cosa \u00e8 meglio per la sua comunit\u00e0 e i primi cittadini devono poter decidere\u00bb.<\/p>\n<p>il sindaco di ROCCA PIETORE Andrea De Bernardin<\/p>\n<div style=\"width: 848px;\" class=\"wp-video\"><video class=\"wp-video-shortcode\" id=\"video-353463-1\" width=\"848\" height=\"480\" preload=\"metadata\" controls=\"controls\"><source type=\"video\/mp4\" src=\"https:\/\/www.radiopiu.net\/wordpress\/wp-content\/uploads\/2023\/09\/WhatsApp-Video-2023-09-21-at-12.11.53.mp4?_=1\" \/><a href=\"https:\/\/www.radiopiu.net\/wordpress\/wp-content\/uploads\/2023\/09\/WhatsApp-Video-2023-09-21-at-12.11.53.mp4\">https:\/\/www.radiopiu.net\/wordpress\/wp-content\/uploads\/2023\/09\/WhatsApp-Video-2023-09-21-at-12.11.53.mp4<\/a><\/video><\/div>\n<p>&nbsp;<\/p>\n<p><strong>LE DICHIARAZIONI DI ZAIA SUL TEMA DEGLI ARRIVI DEI MIGRANTI E SULLA SITUAZIONE ALLE FRONTIERE\u00a0<\/strong><\/p>\n<div style=\"width: 1200px;\" class=\"wp-video\"><video class=\"wp-video-shortcode\" id=\"video-353463-2\" width=\"1200\" height=\"675\" preload=\"metadata\" controls=\"controls\"><source type=\"video\/mp4\" src=\"https:\/\/www.radiopiu.net\/wordpress\/wp-content\/uploads\/2023\/09\/ZAIA-SU-BLOCCHI-FRONTIERE-MIGRANTI-21092023-HD.mp4?_=2\" \/><a href=\"https:\/\/www.radiopiu.net\/wordpress\/wp-content\/uploads\/2023\/09\/ZAIA-SU-BLOCCHI-FRONTIERE-MIGRANTI-21092023-HD.mp4\">https:\/\/www.radiopiu.net\/wordpress\/wp-content\/uploads\/2023\/09\/ZAIA-SU-BLOCCHI-FRONTIERE-MIGRANTI-21092023-HD.mp4<\/a><\/video><\/div>\n<p>&nbsp;<\/p>\n<blockquote>\n<h3>EMERGENZA PROFUGHI,\u00a0 I B&amp;B NON SONO UNA ONLUS MA ATTIVITA&#8217; COSTOSE E GRAVATE DA IMPOSIZIONI FISCALI BEN NOTE-<\/h3>\n<\/blockquote>\n<div class=\"articlePlainText\"><em>La Prefettura propone di ricorrere a strutture private tipo albergo o b&amp;b,\u00a0 con\u00a0 28 euro a migrante al giorno. Le Coop cercano disperatamente nuovi alloggi, nelle strutture esistenti hanno gi\u00e0 fatto il pieno. Invito agli imprenditori ad aprire le porte ai migranti, stesso invito da Federalberghi per i profughi da impiegare in lavori stagionali<\/em><\/div>\n<div class=\"flex-1 overflow-hidden\">\n<div class=\"react-scroll-to-bottom--css-fwplk-79elbk h-full dark:bg-gray-800\">\n<div class=\"react-scroll-to-bottom--css-fwplk-1n7m0yu\">\n<div class=\"flex flex-col text-sm dark:bg-gray-800\">\n<div class=\"group w-full text-token-text-primary border-b border-black\/10 gizmo:border-0 dark:border-gray-900\/50 gizmo:dark:border-0 bg-gray-50 gizmo:bg-transparent dark:bg-[#444654] gizmo:dark:bg-transparent\" data-testid=\"conversation-turn-3\">\n<div class=\"p-4 justify-center text-base md:gap-6 md:py-6 m-auto\">\n<div class=\"flex flex-1 gap-4 text-base mx-auto md:gap-6 md:max-w-2xl lg:max-w-[38rem] xl:max-w-3xl }\">\n<div class=\"relative flex w-[calc(100%-50px)] flex-col gap-1 md:gap-3 lg:w-[calc(100%-115px)]\">\n<div class=\"flex flex-grow flex-col gap-3 max-w-full\">\n<div class=\"min-h-[20px] flex flex-col items-start gap-3 overflow-x-auto whitespace-pre-wrap break-words\">\n<div class=\"markdown prose w-full break-words dark:prose-invert light\">\n<p><strong>\u00a0<\/strong><\/p>\n<p><strong><a class=\"dt-pswp-item\" href=\"https:\/\/www.radiopiu.net\/wordpress\/wp-content\/uploads\/2023\/09\/th-24.jpg\" data-dt-img-description=\"\" data-large_image_width=\"329\" data-large_image_height=\"180\"><img loading=\"lazy\" decoding=\"async\" class=\"wp-image-353389 alignleft\" src=\"https:\/\/www.radiopiu.net\/wordpress\/wp-content\/uploads\/2023\/09\/th-24-300x164.jpg\" alt=\"\" width=\"249\" height=\"136\" srcset=\"https:\/\/www.radiopiu.net\/wordpress\/wp-content\/uploads\/2023\/09\/th-24-300x164.jpg 300w, https:\/\/www.radiopiu.net\/wordpress\/wp-content\/uploads\/2023\/09\/th-24.jpg 329w\" sizes=\"auto, (max-width: 249px) 100vw, 249px\" \/><\/a>BELLUNO<\/strong> In un incontro tra sindaci convocati dal prefetto per discutere dell&#8217;accoglienza dei migranti in provincia, si \u00e8 rivelato un profondo divario tra chi ospita gi\u00e0 profughi e chi si rifiuta di farlo. Il prefetto ha esortato tutti i comuni a ospitare almeno uno o due profughi per affrontare l&#8217;emergenza umanitaria, ma alcuni sindaci hanno protestato, sostenendo di essere gi\u00e0 al limite delle loro capacit\u00e0 di accoglienza.<\/p>\n<p>Alcuni sindaci hanno sottolineato la necessit\u00e0 di coinvolgere tutti i comuni nella distribuzione dell&#8217;emergenza e hanno evidenziato le difficolt\u00e0 economiche nel ricorrere a strutture alberghiere o b&amp;b per l&#8217;accoglienza dei migranti. La situazione rimane tesa e il prefetto ha minacciato che, se non verranno trovate soluzioni, i profughi potrebbero finire per rimanere senza una sistemazione adeguata. Nel frattempo, i profughi continuano ad arrivare in provincia, aggravando ulteriormente la situazione.<\/p>\n<\/div>\n<\/div>\n<\/div>\n<div class=\"flex justify-between lg:block\"><\/div>\n<\/div>\n<\/div>\n<\/div>\n<\/div>\n<\/div>\n<\/div>\n<\/div>\n<\/div>\n<p>&nbsp;<\/p>\n<hr \/>\n<p>&nbsp;<\/p>\n","protected":false},"excerpt":{"rendered":"<p>BELLUNO Profughi: scontro tra sindaci tra chi offre ospitalit\u00e0 e chi come il sindaco di Rocca Pietore Andrea De Bernardin dice no \u201d \u00abIn democrazia un sindaco pu\u00f2 decidere cosa \u00e8 meglio per la sua comunit\u00e0 e i primi cittadini devono poter decidere\u00bb. il sindaco di ROCCA PIETORE Andrea De Bernardin &nbsp; LE DICHIARAZIONI DI&hellip;<\/p>\n","protected":false},"author":4,"featured_media":331912,"comment_status":"closed","ping_status":"closed","sticky":false,"template":"","format":"standard","meta":{"_monsterinsights_skip_tracking":false,"_monsterinsights_sitenote_active":false,"_monsterinsights_sitenote_note":"","_monsterinsights_sitenote_category":0,"footnotes":""},"categories":[51,49],"tags":[],"class_list":["post-353463","post","type-post","status-publish","format-standard","has-post-thumbnail","hentry","category-evidenza-top","category-news-18","category-51","category-49","description-off"],"img_url":"https:\/\/www.radiopiu.net\/wordpress\/wp-content\/uploads\/2023\/04\/ANDREA-DB.png","_links":{"self":[{"href":"https:\/\/www.radiopiu.net\/wordpress\/wp-json\/wp\/v2\/posts\/353463","targetHints":{"allow":["GET"]}}],"collection":[{"href":"https:\/\/www.radiopiu.net\/wordpress\/wp-json\/wp\/v2\/posts"}],"about":[{"href":"https:\/\/www.radiopiu.net\/wordpress\/wp-json\/wp\/v2\/types\/post"}],"author":[{"embeddable":true,"href":"https:\/\/www.radiopiu.net\/wordpress\/wp-json\/wp\/v2\/users\/4"}],"replies":[{"embeddable":true,"href":"https:\/\/www.radiopiu.net\/wordpress\/wp-json\/wp\/v2\/comments?post=353463"}],"version-history":[{"count":0,"href":"https:\/\/www.radiopiu.net\/wordpress\/wp-json\/wp\/v2\/posts\/353463\/revisions"}],"wp:featuredmedia":[{"embeddable":true,"href":"https:\/\/www.radiopiu.net\/wordpress\/wp-json\/wp\/v2\/media\/331912"}],"wp:attachment":[{"href":"https:\/\/www.radiopiu.net\/wordpress\/wp-json\/wp\/v2\/media?parent=353463"}],"wp:term":[{"taxonomy":"category","embeddable":true,"href":"https:\/\/www.radiopiu.net\/wordpress\/wp-json\/wp\/v2\/categories?post=353463"},{"taxonomy":"post_tag","embeddable":true,"href":"https:\/\/www.radiopiu.net\/wordpress\/wp-json\/wp\/v2\/tags?post=353463"}],"curies":[{"name":"wp","href":"https:\/\/api.w.org\/{rel}","templated":true}]}}