{"id":353467,"date":"2023-09-21T15:33:01","date_gmt":"2023-09-21T13:33:01","guid":{"rendered":"https:\/\/www.radiopiu.net\/wordpress\/?p=353467"},"modified":"2023-09-21T15:33:01","modified_gmt":"2023-09-21T13:33:01","slug":"ero-aria-manza-felice-ora-sono-nellaria-con-eghel-e-la-natura-ma-qui-serve-un-accordo","status":"publish","type":"post","link":"https:\/\/www.radiopiu.net\/wordpress\/ero-aria-manza-felice-ora-sono-nellaria-con-eghel-e-la-natura-ma-qui-serve-un-accordo\/","title":{"rendered":"ERO ARIA MANZA FELICE, ORA SONO NELL&#8217;ARIA CON EGHEL &#8220;E&#8217; LA NATURA, MA QUI SERVE UN ACCORDO&#8221;"},"content":{"rendered":"<div class=\"xdj266r x11i5rnm xat24cr x1mh8g0r x1vvkbs x126k92a\">\n<div dir=\"auto\"><\/div>\n<div dir=\"auto\"><strong>SOSPIROLO,da Valentina Casanova, diplomata Istituto Agrario &#8220;della Lucia&#8221;<\/strong><\/div>\n<div dir=\"auto\"><a class=\"dt-pswp-item\" href=\"https:\/\/www.radiopiu.net\/wordpress\/wp-content\/uploads\/2023\/09\/381527602_6669053033144547_6102200935039041985_n.jpg\" data-dt-img-description=\"\" data-large_image_width=\"600\" data-large_image_height=\"450\"><img loading=\"lazy\" decoding=\"async\" class=\"size-medium wp-image-353469 alignleft\" src=\"https:\/\/www.radiopiu.net\/wordpress\/wp-content\/uploads\/2023\/09\/381527602_6669053033144547_6102200935039041985_n-300x225.jpg\" alt=\"\" width=\"300\" height=\"225\" srcset=\"https:\/\/www.radiopiu.net\/wordpress\/wp-content\/uploads\/2023\/09\/381527602_6669053033144547_6102200935039041985_n-300x225.jpg 300w, https:\/\/www.radiopiu.net\/wordpress\/wp-content\/uploads\/2023\/09\/381527602_6669053033144547_6102200935039041985_n.jpg 600w\" sizes=\"auto, (max-width: 300px) 100vw, 300px\" \/><\/a>Ciao, sono Aria e sono una manza nata nel 2022 e ho 14 mesi. Sono nata in una stalla con un grande prato vicino al fiume e insieme alle mie sorelle e alle mie amiche e amici pascoliamo tutto il giorno e quando c&#8217;\u00e8 pi\u00f9 caldo ci facciamo anche un bel bagnetto al guado. Quest&#8217;anno il nostro allevatore ha voluto farci una sorpresa, io insieme ad altre 24 manze siamo andate in montagna, in una malga a Selva di Cadore. Quass\u00f9 \u00e8 pi\u00f9 fresco, c&#8217;\u00e8 sempre erba, acqua, boschi e pascoli e il nostro recinto \u00e9 enorme! Ho conosciuto altre 3 amiche quass\u00f9. Questa estate \u00e9 stata proprio divertente, abbiamo corso, mangiato, giocato, riposato, ci siamo proprio rilassate e si stava davvero bene! Oggi abbiamo pascolato in un recinto da poco nuovo e c&#8217;\u00e8 moltissima erba fresca e succosa pronta per essere mangiata, che bont\u00e0! Devo dire che ci gustiamo anche l&#8217;occhio <a class=\"dt-pswp-item\" href=\"https:\/\/www.radiopiu.net\/wordpress\/wp-content\/uploads\/2023\/09\/381003680_6669053446477839_4469027876911536789_n.jpg\" data-dt-img-description=\"\" data-large_image_width=\"1536\" data-large_image_height=\"2048\"><img loading=\"lazy\" decoding=\"async\" class=\"size-medium wp-image-353471 alignright\" src=\"https:\/\/www.radiopiu.net\/wordpress\/wp-content\/uploads\/2023\/09\/381003680_6669053446477839_4469027876911536789_n-225x300.jpg\" alt=\"\" width=\"225\" height=\"300\" srcset=\"https:\/\/www.radiopiu.net\/wordpress\/wp-content\/uploads\/2023\/09\/381003680_6669053446477839_4469027876911536789_n-225x300.jpg 225w, https:\/\/www.radiopiu.net\/wordpress\/wp-content\/uploads\/2023\/09\/381003680_6669053446477839_4469027876911536789_n-768x1024.jpg 768w, https:\/\/www.radiopiu.net\/wordpress\/wp-content\/uploads\/2023\/09\/381003680_6669053446477839_4469027876911536789_n-1152x1536.jpg 1152w, https:\/\/www.radiopiu.net\/wordpress\/wp-content\/uploads\/2023\/09\/381003680_6669053446477839_4469027876911536789_n.jpg 1536w\" sizes=\"auto, (max-width: 225px) 100vw, 225px\" \/><\/a>perch\u00e9 vediamo delle montagne enormi e bellissime, i nostri malgari dicono che si chiamano Pelmo e Civetta. Ah che stanca che sono, quasi quasi mi sdraio un po&#8217; e comincio a ruminare tanto questa sera c&#8217;\u00e8 molta nebbia e sta cominciando a piovere&#8230; Siamo tutte tranquille, c&#8217;\u00e8 chi dorme chi rumina chi invece sta in piedi e pascola, ci stiamo godendo le ultime sere qui in malga perch\u00e9 fra qualche settimana scenderemo e <a class=\"dt-pswp-item\" href=\"https:\/\/www.radiopiu.net\/wordpress\/wp-content\/uploads\/2023\/09\/379901513_6669053199811197_4884052862800694493_n.jpg\" data-dt-img-description=\"\" data-large_image_width=\"899\" data-large_image_height=\"1599\"><img loading=\"lazy\" decoding=\"async\" class=\"size-medium wp-image-353470 alignleft\" src=\"https:\/\/www.radiopiu.net\/wordpress\/wp-content\/uploads\/2023\/09\/379901513_6669053199811197_4884052862800694493_n-169x300.jpg\" alt=\"\" width=\"169\" height=\"300\" srcset=\"https:\/\/www.radiopiu.net\/wordpress\/wp-content\/uploads\/2023\/09\/379901513_6669053199811197_4884052862800694493_n-169x300.jpg 169w, https:\/\/www.radiopiu.net\/wordpress\/wp-content\/uploads\/2023\/09\/379901513_6669053199811197_4884052862800694493_n-576x1024.jpg 576w, https:\/\/www.radiopiu.net\/wordpress\/wp-content\/uploads\/2023\/09\/379901513_6669053199811197_4884052862800694493_n-768x1366.jpg 768w, https:\/\/www.radiopiu.net\/wordpress\/wp-content\/uploads\/2023\/09\/379901513_6669053199811197_4884052862800694493_n-864x1536.jpg 864w, https:\/\/www.radiopiu.net\/wordpress\/wp-content\/uploads\/2023\/09\/379901513_6669053199811197_4884052862800694493_n.jpg 899w\" sizes=\"auto, (max-width: 169px) 100vw, 169px\" \/><\/a>torniamo a casa nella nostra bellissima stalla. . &#8230;mmm c&#8217;\u00e8 qualcosa di strano in questa sera, comincio a sentire dei movimenti strani e delle figure che non sono le mie amiche, sono delle ombre di un animale grande, orecchie a punta, muso lungo, code folte, mi sembrerebbe quasi un cane&#8230;ma no sono in tanti e hanno le zampe pi\u00f9 grandi, io e le mie compagne cominciamo ad essere spaventate e decidiamo di alzarci&#8230;ad un certo punto per\u00f2 queste grandi figure stanno venendo contro di noi e ci vogliono prendere credo, non lo so, ho paura e comincio a correre, mi sento inseguita, stiamo tutte correndo, scappando da questi animali e ad un certo punto&#8230;. Ciao, ero Aria, ero una manza felice in un posto bellissimo e non ce l&#8217;ho fatta, sono finita in una piccola buca dove c&#8217;era acqua e fango, sono stata incantonata e da qui non sono pi\u00f9 uscita.<\/div>\n<div dir=\"auto\"><\/div>\n<div dir=\"auto\">Ciao, io ero Eghel una bellissima cavalla alta 1.55 al garrese con un manto pezzato e anch&#8217;io come Aria non ce l&#8217;ho fatta, ho combattuto fino alla fine, sono scappata, ho provato a difendermi e niente&#8230;quei denti cos\u00ec lunghi e appuntiti sono sprofondati sul collo..ero felice e libera e avrei voluto passare altre estati quass\u00f9, sarei tornata a casa durante l&#8217;inverno stando insieme ai miei amici cavalli e avrei fatto anche qualche passeggiata con il mio amico umano. Ciao lupi, noi sappiamo che avete fame e che questa \u00e9 la natura, forse per\u00f2 dovremmo trovare un accordo che possiate vivere voi e anche noi&#8230;<\/div>\n<div dir=\"auto\"><\/div>\n<div dir=\"auto\"><\/div>\n<div dir=\"auto\">\n<hr \/>\n<\/div>\n<\/div>\n<div class=\"x11i5rnm xat24cr x1mh8g0r x1vvkbs xtlvy1s x126k92a\">\n<div dir=\"auto\"><\/div>\n<\/div>\n","protected":false},"excerpt":{"rendered":"<p>SOSPIROLO,da Valentina Casanova, diplomata Istituto Agrario &#8220;della Lucia&#8221; Ciao, sono Aria e sono una manza nata nel 2022 e ho 14 mesi. Sono nata in una stalla con un grande prato vicino al fiume e insieme alle mie sorelle e alle mie amiche e amici pascoliamo tutto il giorno e quando c&#8217;\u00e8 pi\u00f9 caldo ci&hellip;<\/p>\n","protected":false},"author":4,"featured_media":353469,"comment_status":"closed","ping_status":"closed","sticky":false,"template":"","format":"standard","meta":{"_monsterinsights_skip_tracking":false,"_monsterinsights_sitenote_active":false,"_monsterinsights_sitenote_note":"","_monsterinsights_sitenote_category":0,"footnotes":""},"categories":[104,49],"tags":[],"class_list":["post-353467","post","type-post","status-publish","format-standard","has-post-thumbnail","hentry","category-evidenza_3","category-news-18","category-104","category-49","description-off"],"img_url":"https:\/\/www.radiopiu.net\/wordpress\/wp-content\/uploads\/2023\/09\/381527602_6669053033144547_6102200935039041985_n.jpg","_links":{"self":[{"href":"https:\/\/www.radiopiu.net\/wordpress\/wp-json\/wp\/v2\/posts\/353467","targetHints":{"allow":["GET"]}}],"collection":[{"href":"https:\/\/www.radiopiu.net\/wordpress\/wp-json\/wp\/v2\/posts"}],"about":[{"href":"https:\/\/www.radiopiu.net\/wordpress\/wp-json\/wp\/v2\/types\/post"}],"author":[{"embeddable":true,"href":"https:\/\/www.radiopiu.net\/wordpress\/wp-json\/wp\/v2\/users\/4"}],"replies":[{"embeddable":true,"href":"https:\/\/www.radiopiu.net\/wordpress\/wp-json\/wp\/v2\/comments?post=353467"}],"version-history":[{"count":0,"href":"https:\/\/www.radiopiu.net\/wordpress\/wp-json\/wp\/v2\/posts\/353467\/revisions"}],"wp:featuredmedia":[{"embeddable":true,"href":"https:\/\/www.radiopiu.net\/wordpress\/wp-json\/wp\/v2\/media\/353469"}],"wp:attachment":[{"href":"https:\/\/www.radiopiu.net\/wordpress\/wp-json\/wp\/v2\/media?parent=353467"}],"wp:term":[{"taxonomy":"category","embeddable":true,"href":"https:\/\/www.radiopiu.net\/wordpress\/wp-json\/wp\/v2\/categories?post=353467"},{"taxonomy":"post_tag","embeddable":true,"href":"https:\/\/www.radiopiu.net\/wordpress\/wp-json\/wp\/v2\/tags?post=353467"}],"curies":[{"name":"wp","href":"https:\/\/api.w.org\/{rel}","templated":true}]}}