{"id":353525,"date":"2023-09-22T09:36:17","date_gmt":"2023-09-22T07:36:17","guid":{"rendered":"https:\/\/www.radiopiu.net\/wordpress\/?p=353525"},"modified":"2023-09-22T06:00:23","modified_gmt":"2023-09-22T04:00:23","slug":"soccorso-alpino-in-azione-a-cortina-e-val-di-zoldo","status":"publish","type":"post","link":"https:\/\/www.radiopiu.net\/wordpress\/soccorso-alpino-in-azione-a-cortina-e-val-di-zoldo\/","title":{"rendered":"SOCCORSO ALPINO IN AZIONE A CORTINA E VAL DI ZOLDO"},"content":{"rendered":"<p><strong>CORTINA <\/strong>Questa mattina verso le 11.30, a seguito della chiamata della gestrice del Rifugio che ha dato l&#8217;allarme, l&#8217;elicottero del Suem di Pieve di Cadore \u00e8 decollato in direzione del sentiero che sale al Vandelli dove, alla fine dell&#8217;ultimo tratto di cavo fisso, un&#8217;escursionista 58enne di Taiwan aveva riportato una sospetta frattura al braccio. Individuato il punto dove si trovava la donna, il tecnico di elisoccorso \u00e8 stato sbarcato a circa 100 metri di distanza. Raggiunta, l&#8217;infortunata \u00e8 stata imbarcata con il verricello e trasportata all&#8217;ospedale di Belluno.<\/p>\n<p><strong>VAL DI ZOLDO <\/strong>Attorno alle 14. 20 l&#8217;eliambulanza \u00e8 partita in direzione di Forcella Val d&#8217;Arcia sul Pelmo, poich\u00e9 una coppia di trentenni polacchi, spaventata, non era pi\u00f9 in grado di proseguire. Per la presenza di nebbia l&#8217;elicottero, riuscito a sbarcare a terra il tecnico di elisoccorso, \u00e8 dovuto atterrare al Rifugio Citt\u00e0 di Fiume. Il soccorritore ha quindi iniziato a scendere assieme all&#8217;uomo e la donna lungo il sentiero, aiutandoli nel cammino. Arrivati a 2.050 metri di quota una schiarita ha permesso l&#8217;avvicinamento dell&#8217;eliambulanza e la salita in hovering. La coppia \u00e8 stata lasciata a San Vito di Cadore.<\/p>\n<p>&nbsp;<\/p>\n<p>&nbsp;<\/p>\n<p>********<\/p>\n","protected":false},"excerpt":{"rendered":"<p>CORTINA Questa mattina verso le 11.30, a seguito della chiamata della gestrice del Rifugio che ha dato l&#8217;allarme, l&#8217;elicottero del Suem di Pieve di Cadore \u00e8 decollato in direzione del sentiero che sale al Vandelli dove, alla fine dell&#8217;ultimo tratto di cavo fisso, un&#8217;escursionista 58enne di Taiwan aveva riportato una sospetta frattura al braccio. Individuato&hellip;<\/p>\n","protected":false},"author":4,"featured_media":270917,"comment_status":"closed","ping_status":"closed","sticky":false,"template":"","format":"standard","meta":{"_monsterinsights_skip_tracking":false,"_monsterinsights_sitenote_active":false,"_monsterinsights_sitenote_note":"","_monsterinsights_sitenote_category":0,"footnotes":""},"categories":[51,49],"tags":[],"class_list":["post-353525","post","type-post","status-publish","format-standard","has-post-thumbnail","hentry","category-evidenza-top","category-news-18","category-51","category-49","description-off"],"img_url":"https:\/\/www.radiopiu.net\/wordpress\/wp-content\/uploads\/2022\/04\/soccorso-alpino-1024x602-1.jpg","_links":{"self":[{"href":"https:\/\/www.radiopiu.net\/wordpress\/wp-json\/wp\/v2\/posts\/353525","targetHints":{"allow":["GET"]}}],"collection":[{"href":"https:\/\/www.radiopiu.net\/wordpress\/wp-json\/wp\/v2\/posts"}],"about":[{"href":"https:\/\/www.radiopiu.net\/wordpress\/wp-json\/wp\/v2\/types\/post"}],"author":[{"embeddable":true,"href":"https:\/\/www.radiopiu.net\/wordpress\/wp-json\/wp\/v2\/users\/4"}],"replies":[{"embeddable":true,"href":"https:\/\/www.radiopiu.net\/wordpress\/wp-json\/wp\/v2\/comments?post=353525"}],"version-history":[{"count":0,"href":"https:\/\/www.radiopiu.net\/wordpress\/wp-json\/wp\/v2\/posts\/353525\/revisions"}],"wp:featuredmedia":[{"embeddable":true,"href":"https:\/\/www.radiopiu.net\/wordpress\/wp-json\/wp\/v2\/media\/270917"}],"wp:attachment":[{"href":"https:\/\/www.radiopiu.net\/wordpress\/wp-json\/wp\/v2\/media?parent=353525"}],"wp:term":[{"taxonomy":"category","embeddable":true,"href":"https:\/\/www.radiopiu.net\/wordpress\/wp-json\/wp\/v2\/categories?post=353525"},{"taxonomy":"post_tag","embeddable":true,"href":"https:\/\/www.radiopiu.net\/wordpress\/wp-json\/wp\/v2\/tags?post=353525"}],"curies":[{"name":"wp","href":"https:\/\/api.w.org\/{rel}","templated":true}]}}