{"id":353600,"date":"2023-09-23T15:02:36","date_gmt":"2023-09-23T13:02:36","guid":{"rendered":"https:\/\/www.radiopiu.net\/wordpress\/?p=353600"},"modified":"2023-09-23T05:52:45","modified_gmt":"2023-09-23T03:52:45","slug":"a-palazzo-rosso-nuovo-gruppo-consiliare-piu-forti-insieme","status":"publish","type":"post","link":"https:\/\/www.radiopiu.net\/wordpress\/a-palazzo-rosso-nuovo-gruppo-consiliare-piu-forti-insieme\/","title":{"rendered":"A PALAZZO ROSSO NUOVO GRUPPO CONSILIARE &#8220;PIU&#8217; FORTI INSIEME&#8221;"},"content":{"rendered":"<blockquote>\n<div dir=\"auto\"><em>Ferro e La Grua:\u00a0 &#8220;non vogliamo aprire alcuna polemica. Usciamo dal gruppo, non dal partito<\/em><\/div>\n<\/blockquote>\n<div dir=\"auto\">\n<div dir=\"auto\"><strong><a class=\"dt-pswp-item\" href=\"https:\/\/www.radiopiu.net\/wordpress\/wp-content\/uploads\/2023\/09\/1673593816344_Francesco-La-Grua_700.jpg\" data-dt-img-description=\"\" data-large_image_width=\"700\" data-large_image_height=\"400\"><img loading=\"lazy\" decoding=\"async\" class=\" wp-image-353601 alignleft\" src=\"https:\/\/www.radiopiu.net\/wordpress\/wp-content\/uploads\/2023\/09\/1673593816344_Francesco-La-Grua_700-300x171.jpg\" alt=\"\" width=\"204\" height=\"116\" srcset=\"https:\/\/www.radiopiu.net\/wordpress\/wp-content\/uploads\/2023\/09\/1673593816344_Francesco-La-Grua_700-300x171.jpg 300w, https:\/\/www.radiopiu.net\/wordpress\/wp-content\/uploads\/2023\/09\/1673593816344_Francesco-La-Grua_700.jpg 700w\" sizes=\"auto, (max-width: 204px) 100vw, 204px\" \/><\/a>BELLUNO<\/strong> A Palazzo Rosso \u00e8 stato creato un nuovo gruppo consiliare chiamato &#8220;Pi\u00f9 Forti Insieme&#8221;, formato dai consiglieri comunali Roberto Ferro e Francesco La Grua (FOTO). Il gruppo \u00e8 nato all&#8217;interno della coalizione di centrodestra formata nella primavera del 2022 con l&#8217;obiettivo di rafforzare la maggioranza emersa dalle elezioni. Gli obiettivi principali includono il dialogo con enti superiori, in particolare la Regione del Veneto, per collaborare con l&#8217;attuale amministrazione regionale guidata dal presidente Zaia. Il gruppo &#8220;Pi\u00f9 Forti Insieme&#8221; si impegna a seguire il programma elettorale dello scorso anno e a promuovere l&#8217;iniziativa programmatica del Comune, anche se al momento non ha l&#8217;intenzione di richiedere rappresentanti in Giunta. I consiglieri Ferro e La Grua hanno sottolineato che la loro decisione di uscire dal gruppo della Lega, senza abbandonare il partito, \u00e8 motivata dalla volont\u00e0 di portare avanti i valori per cui si erano candidati e che, secondo loro, non sono stati adeguatamente rappresentati dalla Sezione locale della Lega e dal capogruppo consiliare che li ha sostituiti nei quindici mesi precedenti. Nei prossimi giorni, nel rispetto dei termini previsti dal regolamento comunale, verr\u00e0 designato il capogruppo della neonata formazione <em>&#8220;ma in questo momento &#8211; sottolineano i consiglieri &#8211; per noi \u00e8 pi\u00f9 importante provare a rilanciare l&#8217;iniziativa programmatica del Comune, stimolando in maniera propositiva l&#8217;azione sulle materie che gli sono proprie&#8221;<\/em>.<\/div>\n<div dir=\"auto\"><strong>MOTIVAZIONE ufficiale<\/strong>:\u00a0 portare avanti\u00a0 i valori ribaditi al momento della candidatura e che in questi quindici mesi\u00a0 &#8211; secondo i consiglieri &#8211; sono stati spesso rappresentati in maniera ondivaga quando non totalmente disattesi dalla Sezione locale della Lega e dal subentrato capogruppo consiliare.<\/div>\n<\/div>\n<div dir=\"auto\"><\/div>\n<div dir=\"auto\">\n<hr \/>\n<\/div>\n","protected":false},"excerpt":{"rendered":"<p>Ferro e La Grua:\u00a0 &#8220;non vogliamo aprire alcuna polemica. Usciamo dal gruppo, non dal partito BELLUNO A Palazzo Rosso \u00e8 stato creato un nuovo gruppo consiliare chiamato &#8220;Pi\u00f9 Forti Insieme&#8221;, formato dai consiglieri comunali Roberto Ferro e Francesco La Grua (FOTO). Il gruppo \u00e8 nato all&#8217;interno della coalizione di centrodestra formata nella primavera del 2022&hellip;<\/p>\n","protected":false},"author":4,"featured_media":353601,"comment_status":"closed","ping_status":"closed","sticky":false,"template":"","format":"standard","meta":{"_monsterinsights_skip_tracking":false,"_monsterinsights_sitenote_active":false,"_monsterinsights_sitenote_note":"","_monsterinsights_sitenote_category":0,"footnotes":""},"categories":[51,49],"tags":[],"class_list":["post-353600","post","type-post","status-publish","format-standard","has-post-thumbnail","hentry","category-evidenza-top","category-news-18","category-51","category-49","description-off"],"img_url":"https:\/\/www.radiopiu.net\/wordpress\/wp-content\/uploads\/2023\/09\/1673593816344_Francesco-La-Grua_700.jpg","_links":{"self":[{"href":"https:\/\/www.radiopiu.net\/wordpress\/wp-json\/wp\/v2\/posts\/353600","targetHints":{"allow":["GET"]}}],"collection":[{"href":"https:\/\/www.radiopiu.net\/wordpress\/wp-json\/wp\/v2\/posts"}],"about":[{"href":"https:\/\/www.radiopiu.net\/wordpress\/wp-json\/wp\/v2\/types\/post"}],"author":[{"embeddable":true,"href":"https:\/\/www.radiopiu.net\/wordpress\/wp-json\/wp\/v2\/users\/4"}],"replies":[{"embeddable":true,"href":"https:\/\/www.radiopiu.net\/wordpress\/wp-json\/wp\/v2\/comments?post=353600"}],"version-history":[{"count":0,"href":"https:\/\/www.radiopiu.net\/wordpress\/wp-json\/wp\/v2\/posts\/353600\/revisions"}],"wp:featuredmedia":[{"embeddable":true,"href":"https:\/\/www.radiopiu.net\/wordpress\/wp-json\/wp\/v2\/media\/353601"}],"wp:attachment":[{"href":"https:\/\/www.radiopiu.net\/wordpress\/wp-json\/wp\/v2\/media?parent=353600"}],"wp:term":[{"taxonomy":"category","embeddable":true,"href":"https:\/\/www.radiopiu.net\/wordpress\/wp-json\/wp\/v2\/categories?post=353600"},{"taxonomy":"post_tag","embeddable":true,"href":"https:\/\/www.radiopiu.net\/wordpress\/wp-json\/wp\/v2\/tags?post=353600"}],"curies":[{"name":"wp","href":"https:\/\/api.w.org\/{rel}","templated":true}]}}