{"id":353677,"date":"2023-09-23T05:26:21","date_gmt":"2023-09-23T03:26:21","guid":{"rendered":"https:\/\/www.radiopiu.net\/wordpress\/?p=353677"},"modified":"2023-09-23T05:54:37","modified_gmt":"2023-09-23T03:54:37","slug":"arabba-marmolada-2030-la-diretta","status":"publish","type":"post","link":"https:\/\/www.radiopiu.net\/wordpress\/arabba-marmolada-2030-la-diretta\/","title":{"rendered":"ARABBA MARMOLADA 2030 &#8211; LA DIRETTA"},"content":{"rendered":"<p><a class=\"dt-pswp-item\" href=\"https:\/\/www.radiopiu.net\/wordpress\/wp-content\/uploads\/2023\/09\/Arabba_Fodom_Turismo_ph_Roberto_De_Pellegrin_web-13-1.jpg\" data-dt-img-description=\"\" data-large_image_width=\"1115\" data-large_image_height=\"743\"><img loading=\"lazy\" decoding=\"async\" class=\" wp-image-353050 alignleft\" src=\"https:\/\/www.radiopiu.net\/wordpress\/wp-content\/uploads\/2023\/09\/Arabba_Fodom_Turismo_ph_Roberto_De_Pellegrin_web-13-1-300x200.jpg\" alt=\"\" width=\"147\" height=\"98\" srcset=\"https:\/\/www.radiopiu.net\/wordpress\/wp-content\/uploads\/2023\/09\/Arabba_Fodom_Turismo_ph_Roberto_De_Pellegrin_web-13-1-300x200.jpg 300w, https:\/\/www.radiopiu.net\/wordpress\/wp-content\/uploads\/2023\/09\/Arabba_Fodom_Turismo_ph_Roberto_De_Pellegrin_web-13-1-1024x682.jpg 1024w, https:\/\/www.radiopiu.net\/wordpress\/wp-content\/uploads\/2023\/09\/Arabba_Fodom_Turismo_ph_Roberto_De_Pellegrin_web-13-1-768x512.jpg 768w, https:\/\/www.radiopiu.net\/wordpress\/wp-content\/uploads\/2023\/09\/Arabba_Fodom_Turismo_ph_Roberto_De_Pellegrin_web-13-1.jpg 1115w\" sizes=\"auto, (max-width: 147px) 100vw, 147px\" \/><\/a>Al Rifugio Luigi Gorza un appuntamento in quota per discutere di montagna, progetti e sviluppo turistico. Il progetto \u201cArabba \u2013 Marmolada 2030\u201d \u00e8 nato nel 2020 con l\u2019obiettivo di migliorare la competitivit\u00e0 delle localit\u00e0 di Arabba e Rocca Pietore. Queste due localit\u00e0 sono unite da un Consorzio impianti a fune e dalla zona sciistica. Il mercato turistico globale \u00e8 in crescita, ma c\u2019\u00e8 una crescente competizione tra le destinazioni. Pertanto, \u00e8 necessario sviluppare strategie di commercializzazione pi\u00f9 strutturate. Il progetto ha coinvolto diverse parti interessate, tra cui operatori turistici, amministrazioni pubbliche, associazioni turistiche e cittadini. I risultati del piano di sviluppo sono positivi e includono la valorizzazione del territorio, il miglioramento della qualit\u00e0 della vita, lo sviluppo di nuove forme di ricettivit\u00e0, la costruzione di spazi per eventi, miglioramenti nella viabilit\u00e0 e molto altro.<\/p>\n<p><strong>LA DIRETTA RADIO PIU&#8217; A CURA DI DANIELE DALVIT<\/strong><\/p>\n<p><iframe loading=\"lazy\" title=\"Strategie di sviluppo turistico Arabba Marmolada 2030. Presentazione risultati\u00a0del\u00a0progetto\" width=\"1200\" height=\"675\" src=\"https:\/\/www.youtube.com\/embed\/HOfdLVedg5g?feature=oembed\" frameborder=\"0\" allow=\"accelerometer; autoplay; clipboard-write; encrypted-media; gyroscope; picture-in-picture; web-share\" allowfullscreen><\/iframe><\/p>\n<p>&nbsp;<\/p>\n<p><strong>VIDEO 2<\/strong><\/p>\n<p><iframe loading=\"lazy\" title=\"Arabba Marmolada 2030 - ripresa\" width=\"1200\" height=\"675\" src=\"https:\/\/www.youtube.com\/embed\/yQFl_NGFwMo?feature=oembed\" frameborder=\"0\" allow=\"accelerometer; autoplay; clipboard-write; encrypted-media; gyroscope; picture-in-picture; web-share\" allowfullscreen><\/iframe><\/p>\n<p>********<\/p>\n","protected":false},"excerpt":{"rendered":"<p>Al Rifugio Luigi Gorza un appuntamento in quota per discutere di montagna, progetti e sviluppo turistico. Il progetto \u201cArabba \u2013 Marmolada 2030\u201d \u00e8 nato nel 2020 con l\u2019obiettivo di migliorare la competitivit\u00e0 delle localit\u00e0 di Arabba e Rocca Pietore. Queste due localit\u00e0 sono unite da un Consorzio impianti a fune e dalla zona sciistica. Il&hellip;<\/p>\n","protected":false},"author":4,"featured_media":353050,"comment_status":"closed","ping_status":"closed","sticky":false,"template":"","format":"standard","meta":{"_monsterinsights_skip_tracking":false,"_monsterinsights_sitenote_active":false,"_monsterinsights_sitenote_note":"","_monsterinsights_sitenote_category":0,"footnotes":""},"categories":[104,49],"tags":[],"class_list":["post-353677","post","type-post","status-publish","format-standard","has-post-thumbnail","hentry","category-evidenza_3","category-news-18","category-104","category-49","description-off"],"img_url":"https:\/\/www.radiopiu.net\/wordpress\/wp-content\/uploads\/2023\/09\/Arabba_Fodom_Turismo_ph_Roberto_De_Pellegrin_web-13-1.jpg","_links":{"self":[{"href":"https:\/\/www.radiopiu.net\/wordpress\/wp-json\/wp\/v2\/posts\/353677","targetHints":{"allow":["GET"]}}],"collection":[{"href":"https:\/\/www.radiopiu.net\/wordpress\/wp-json\/wp\/v2\/posts"}],"about":[{"href":"https:\/\/www.radiopiu.net\/wordpress\/wp-json\/wp\/v2\/types\/post"}],"author":[{"embeddable":true,"href":"https:\/\/www.radiopiu.net\/wordpress\/wp-json\/wp\/v2\/users\/4"}],"replies":[{"embeddable":true,"href":"https:\/\/www.radiopiu.net\/wordpress\/wp-json\/wp\/v2\/comments?post=353677"}],"version-history":[{"count":0,"href":"https:\/\/www.radiopiu.net\/wordpress\/wp-json\/wp\/v2\/posts\/353677\/revisions"}],"wp:featuredmedia":[{"embeddable":true,"href":"https:\/\/www.radiopiu.net\/wordpress\/wp-json\/wp\/v2\/media\/353050"}],"wp:attachment":[{"href":"https:\/\/www.radiopiu.net\/wordpress\/wp-json\/wp\/v2\/media?parent=353677"}],"wp:term":[{"taxonomy":"category","embeddable":true,"href":"https:\/\/www.radiopiu.net\/wordpress\/wp-json\/wp\/v2\/categories?post=353677"},{"taxonomy":"post_tag","embeddable":true,"href":"https:\/\/www.radiopiu.net\/wordpress\/wp-json\/wp\/v2\/tags?post=353677"}],"curies":[{"name":"wp","href":"https:\/\/api.w.org\/{rel}","templated":true}]}}