{"id":353695,"date":"2023-09-25T05:37:51","date_gmt":"2023-09-25T03:37:51","guid":{"rendered":"https:\/\/www.radiopiu.net\/wordpress\/?p=353695"},"modified":"2023-09-25T09:27:45","modified_gmt":"2023-09-25T07:27:45","slug":"giornale-radiopiu-25-settembre-2023-direttore-mirko-mezzacasada-40-anni-25-giugno-1983-25-giugno-2023","status":"publish","type":"post","link":"https:\/\/www.radiopiu.net\/wordpress\/giornale-radiopiu-25-settembre-2023-direttore-mirko-mezzacasada-40-anni-25-giugno-1983-25-giugno-2023\/","title":{"rendered":"GIORNALE RADIOPIU 25 SETTEMBRE 2023 DIRETTORE MIRKO MEZZACASA\u2026DA 40 ANNI 25 GIUGNO 1983-25 GIUGNO 2023"},"content":{"rendered":"<h1 class=\"entry-title\">40esimo di RADIOPIU\u2026. LA VOCE DELL\u2019EMOZIONE<\/h1>\n<h2><span style=\"color: #ff0000;\">ISCRIVITI AL NOSTRO CANALE\u00a0\u00a0YOUTUBE PER SEGUIRE IN DIRETTA I PRINCIPALI PROGRAMMI DI RADIO PIU\u2019 E LE FUTURE DIRETTE IN ESTERNA. PER ISCRIVERTI\u00a0<a style=\"color: #ff0000;\" href=\"https:\/\/youtube.com\/@radiopiu1527\">CLICCA QUI\u00a0<\/a>E PREMI\u00a0 \u201cIscriviti\u201d<\/span><\/h2>\n<p>&nbsp;<\/p>\n<blockquote>\n<h3>ULTIMA CHIAMATA, &#8220;NON BUTTATE VIA MILIONI DI EURO PER UNA PISTA DA BOB&#8221;<\/h3>\n<p><em>il sindaco scarica le responsabilit\u00e0 sull&#8217;amministrazione precedente.<\/em><\/p><\/blockquote>\n<p><strong><a class=\"dt-pswp-item\" href=\"https:\/\/www.radiopiu.net\/wordpress\/wp-content\/uploads\/2023\/09\/Senza-nome-60.png\" data-dt-img-description=\"\" data-large_image_width=\"258\" data-large_image_height=\"148\"><img loading=\"lazy\" decoding=\"async\" class=\"size-full wp-image-353954 alignleft\" src=\"https:\/\/www.radiopiu.net\/wordpress\/wp-content\/uploads\/2023\/09\/Senza-nome-60.png\" alt=\"\" width=\"258\" height=\"148\" \/><\/a>CORTINA<\/strong> In tanti, almeno un migliaio, alla\u00a0 manifestazione organizzata da Cortina Bene Comune contro la costruzione di una nuova pista da bob. Questo gruppo ha ricevuto il sostegno di numerose associazioni (25) provenienti da diverse regioni italiane. Il sindaco di Cortina ha ammesso la mancanza di una chiara prospettiva finanziaria e di garanzie per il progetto. La manifestazione ha subito ritardi a causa<a class=\"dt-pswp-item\" href=\"https:\/\/www.radiopiu.net\/wordpress\/wp-content\/uploads\/2023\/09\/Senza-nome-61.png\" data-dt-img-description=\"\" data-large_image_width=\"179\" data-large_image_height=\"149\"><img loading=\"lazy\" decoding=\"async\" class=\"size-full wp-image-353955 alignright\" src=\"https:\/\/www.radiopiu.net\/wordpress\/wp-content\/uploads\/2023\/09\/Senza-nome-61.png\" alt=\"\" width=\"179\" height=\"149\" \/><\/a> dei disagi nel raggiungere la citt\u00e0, inclusi problemi con i mezzi pubblici. Durante l&#8217;evento, sono stati discussi i problemi legati ai costi del progetto e alla gestione post-Olimpiadi. Alcuni suggeriscono di utilizzare la pista di Innsbruck invece di costruirne una nuova. Marina Menardi del comitato civico Cortina: <em>&#8220;Il Comune avr\u00e0 sul groppone la gestione dell&#8217;impianto, che costa un milione e mezzo all&#8217;anno. I ricavi\u00a0 dal taxi bob: Simco ipotizza 7.000 corse all&#8217;anno per un milione di euro in cinque anni. Dati che non sono credibili, infatti risultano essere quasi sei volte quelli di Innsbruck, dove si fanno 1.205 corse all&#8217;anno&#8221;.<\/em><\/p>\n<p>&nbsp;<\/p>\n<p>&nbsp;<\/p>\n<hr \/>\n<p>&nbsp;<\/p>\n<blockquote>\n<h3>203 AGORDINA: AGORDO-MAS, SENSO UNICO H24 SABATO E DOMENICA COMPRESI<\/h3>\n<\/blockquote>\n<p><strong>SEDICO<\/strong> Veneto Strade comunica che fino al 13 ottobre, compresi sabati e domeniche, la SR 203 Agordina in localit\u00e0 La Pissa in comune di Sedico verr\u00e0 istituito un senso unico alternato regolato da semaforo o movieri. <strong>Veneto Strade ORDINA all&#8217;impresa appaltante di regolamentare il traffico con movieri al passaggio dei mezzi di emergenza ma anche in particolari condizioni di intensit\u00e0 di traffico<\/strong><\/p>\n<p>&nbsp;<\/p>\n<blockquote>\n<h3>CODE CHILOMETRICHE SULLA SR 203 AGORDINA PER IL SEMAFORO A LA PISSA<\/h3>\n<\/blockquote>\n<p><strong>REDAZIONE <\/strong>Sulla 203 Agordina semaforo in localit\u00e0 La Pissa di Sedico. Anche ieri code chilometriche. Nella foto dalla chat Telegram VPB &#8211; Viabilit\u00e0 Provincia di Belluno si evince che la coda ha raggiunto la tangenziale di Agordo all&#8217;altezza dello stadio Ivano Dorigo.<\/p>\n\n\t\t\t<style type='text\/css'>\n\t\t\t\t#gallery-1 {\n\t\t\t\t\tmargin: auto;\n\t\t\t\t}\n\t\t\t\t#gallery-1 .gallery-item {\n\t\t\t\t\tfloat: left;\n\t\t\t\t\tmargin-top: 10px;\n\t\t\t\t\ttext-align: center;\n\t\t\t\t\twidth: 100%;\n\t\t\t\t}\n\t\t\t\t#gallery-1 img {\n\t\t\t\t\tborder: 2px solid #cfcfcf;\n\t\t\t\t}\n\t\t\t\t#gallery-1 .gallery-caption {\n\t\t\t\t\tmargin-left: 0;\n\t\t\t\t}\n\t\t\t\t\/* see gallery_shortcode() in wp-includes\/media.php *\/\n\t\t\t<\/style>\n\t\t<div id='gallery-1' class='dt-gallery-container gallery galleryid-353695 gallery-columns-1 gallery-size-medium'><dl class='gallery-item'>\n\t\t\t\t<dt class='gallery-icon portrait'>\n\t\t\t\t\t<a class=\"rollover rollover-zoom dt-pswp-item\" title=\"119b4036-271a-4ad9-8d63-bb2d450e51d0\" data-dt-img-description=\"\" data-large_image_width=\"720\" data-large_image_height=\"1280\"href='https:\/\/www.radiopiu.net\/wordpress\/wp-content\/uploads\/2023\/09\/119b4036-271a-4ad9-8d63-bb2d450e51d0.jpg'><img loading=\"lazy\" decoding=\"async\" width=\"169\" height=\"300\" src=\"https:\/\/www.radiopiu.net\/wordpress\/wp-content\/uploads\/2023\/09\/119b4036-271a-4ad9-8d63-bb2d450e51d0-169x300.jpg\" class=\"attachment-medium size-medium\" alt=\"\" srcset=\"https:\/\/www.radiopiu.net\/wordpress\/wp-content\/uploads\/2023\/09\/119b4036-271a-4ad9-8d63-bb2d450e51d0-169x300.jpg 169w, https:\/\/www.radiopiu.net\/wordpress\/wp-content\/uploads\/2023\/09\/119b4036-271a-4ad9-8d63-bb2d450e51d0-576x1024.jpg 576w, https:\/\/www.radiopiu.net\/wordpress\/wp-content\/uploads\/2023\/09\/119b4036-271a-4ad9-8d63-bb2d450e51d0.jpg 720w\" sizes=\"auto, (max-width: 169px) 100vw, 169px\" \/><\/a>\n\t\t\t\t<\/dt><\/dl><br style=\"clear: both\" \/>\n\t\t\t<\/div>\n\n<blockquote>\n<h3><\/h3>\n<\/blockquote>\n<blockquote>\n<h3>PER OLTRE UN MESE LA SP 563 DI SALESEI SARA&#8217; INTERDETTA AL TRAFFICO<\/h3>\n<\/blockquote>\n<p><strong>SEDICO<\/strong> Veneto Strade comunica che la SP 563 di Salesei, in localit\u00e0 Digonera nel comune di Rocca Pietore, sar\u00e0 interdetta alla circolazione stradale in entrambi i sensi di marcia dal 25 settembre al 31 ottobre<\/p>\n<p><strong>DI GIANNI SANTOMASO<\/strong><\/p>\n<audio class=\"wp-audio-shortcode\" id=\"audio-353695-1\" preload=\"none\" style=\"width: 100%;\" controls=\"controls\"><source type=\"audio\/mpeg\" src=\"https:\/\/www.radiopiu.net\/wordpress\/wp-content\/uploads\/2023\/09\/GIANNI-CHIUDE-LA-SP-563-SALESEI.mp3?_=1\" \/><a href=\"https:\/\/www.radiopiu.net\/wordpress\/wp-content\/uploads\/2023\/09\/GIANNI-CHIUDE-LA-SP-563-SALESEI.mp3\">https:\/\/www.radiopiu.net\/wordpress\/wp-content\/uploads\/2023\/09\/GIANNI-CHIUDE-LA-SP-563-SALESEI.mp3<\/a><\/audio>\n<p>&nbsp;<\/p>\n<blockquote>\n<h3>DA MARTEDI SENSO UNICO IN VALLE DEL MIS<\/h3>\n<\/blockquote>\n<p><b><img loading=\"lazy\" decoding=\"async\" class=\"alignleft\" src=\"https:\/\/www.radiopiu.net\/wordpress\/wp-content\/uploads\/2022\/06\/1381-2022.jpg.jpeg\" width=\"219\" height=\"140\" \/>SOSPIROLO <\/b>Veneto strade ha revocato l&#8217;ordinanza 436 del 15 settembre, la nuova ordinanza in vigore da martedi al 6 ottobre: dalle 7 alle 18, compresi sabato e domenica, lungo la provinciale 2 del Mis (Sospirolo) tra Pian Falcina e Gena Bassa, in tratti di lunghezza non superiori a 200 metri, senso unico alternato regolato da impianto semaforico o movieri con interruzioni alla viabilit\u00e0 fino a 10 minuti. <strong>Veneto Strade ORDINA all&#8217;impresa appaltante di regolamentare il traffico con movieri al passaggio dei mezzi di emergenza ma anche in particolari condizioni di intensit\u00e0 di traffico<\/strong><\/p>\n<p>&nbsp;<\/p>\n<blockquote>\n<h3>CADUTI DEI MASSI SULLA SP 2 DELLA VALLE DEL MIS<\/h3>\n<\/blockquote>\n<p><strong>REDAZIONE<\/strong> Nel pomeriggio di ieri raggiungere Belluno da Agordo attorno alle 17 \u00e8 stata un\u2019impresa. Il semaforo in localit\u00e0 La Pissa, come previsto, ha portato ad una colonna di chilometri, fino al PalaLuxottica ad Agordo. Tempo di percorrenza Agordo-Belluno via Vittorio Veneto un\u2019ora e 10 minuti. Per questo in molti hanno scelto la via alternativa, la provinciale della Valle del Mis con le sue gallerie buie e passaggi a raso, anche tra i sassi come documenta video da Viabilit\u00e0 Provincia Belluno su Telegram.<\/p>\n<div style=\"width: 848px;\" class=\"wp-video\"><video class=\"wp-video-shortcode\" id=\"video-353695-1\" width=\"848\" height=\"480\" preload=\"metadata\" controls=\"controls\"><source type=\"video\/mp4\" src=\"https:\/\/www.radiopiu.net\/wordpress\/wp-content\/uploads\/2023\/09\/WhatsApp-Video-2023-09-24-at-19.30.26.mp4?_=1\" \/><a href=\"https:\/\/www.radiopiu.net\/wordpress\/wp-content\/uploads\/2023\/09\/WhatsApp-Video-2023-09-24-at-19.30.26.mp4\">https:\/\/www.radiopiu.net\/wordpress\/wp-content\/uploads\/2023\/09\/WhatsApp-Video-2023-09-24-at-19.30.26.mp4<\/a><\/video><\/div>\n<p>&nbsp;<\/p>\n<p>&nbsp;<\/p>\n<blockquote>\n<h3>ANAS: AL VIA LA DEMOLIZIONE E RICOSTRUZIONE DEL NUOVO CAVALCAFERROVIA DI SANTA GIUSTINA LUNGO LA SS 50<\/h3>\n<p><span style=\"color: #ff0000;\">conclusione dei lavori prevista per il 17 dicembre<\/span><\/p><\/blockquote>\n<p><strong>VENEZIA <\/strong>Entrano nel vivo i lavori Anas di manutenzione del cavalcaferrovia di Santa Giustina.\u00a0 Il traffico sar\u00e0 deviato su via Nazionale. In alternativa \u00e8 possibile percorrere un secondo percorso alternativo che prevede il passaggio sulla SP635 e sulla SP1 da Sedico a Busche<\/p>\n<p>&nbsp;<\/p>\n<p>&nbsp;<\/p>\n<hr \/>\n<p>&nbsp;<\/p>\n<blockquote>\n<h3>ACQUA NON POTABILE A LIVINALLONGO. TORNA POTABILE L&#8217;ACQUA A VOLTAGO<\/h3>\n<\/blockquote>\n<p><strong>LIVINALLONGO<\/strong> Gestione Servizi Pubblici informa che a LIVINALLONGO DEL COL DI LANA in localit\u00e0 BRENTA e LARZONEI l&#8217;acqua erogata dall&#8217;acquedotto non \u00e8 potabile e pu\u00f2 essere usata per scopi alimentari SOLO PREVIA bollitura.<\/p>\n<p><strong>VOLTAGO<\/strong> A\u00a0VOLTAGO AGORDINO in localit\u00e0 BERTOI l&#8217;acqua erogata dall&#8217;acquedotto \u00e8 di nuovo potabile<\/p>\n<p>&nbsp;<\/p>\n<p>&nbsp;<\/p>\n<hr \/>\n<h3><\/h3>\n<blockquote>\n<h3>OGGI I FUNERALI DI MARIA LUISA PRAMAOR<\/h3>\n<\/blockquote>\n<p><strong>AGORDO<\/strong> Saranno celebrati oggi alle 14:30 nella Chiesa Parrocchiale di La Valle Agordina i funerali di Maria Luisa Pramaor. A darne il triste annuncio i figli Nicola Con Marta e Carolina con Marco, i tanto amati nipoti Emma, Sofia, Ludovico, Beatrice e i parenti tutti. Si ringrazia fin da ora quanti le hanno voluto bene e quanti parteciperanno alla cerimonia.<\/p>\n\n\t\t\t<style type='text\/css'>\n\t\t\t\t#gallery-2 {\n\t\t\t\t\tmargin: auto;\n\t\t\t\t}\n\t\t\t\t#gallery-2 .gallery-item {\n\t\t\t\t\tfloat: left;\n\t\t\t\t\tmargin-top: 10px;\n\t\t\t\t\ttext-align: center;\n\t\t\t\t\twidth: 100%;\n\t\t\t\t}\n\t\t\t\t#gallery-2 img {\n\t\t\t\t\tborder: 2px solid #cfcfcf;\n\t\t\t\t}\n\t\t\t\t#gallery-2 .gallery-caption {\n\t\t\t\t\tmargin-left: 0;\n\t\t\t\t}\n\t\t\t\t\/* see gallery_shortcode() in wp-includes\/media.php *\/\n\t\t\t<\/style>\n\t\t<div id='gallery-2' class='dt-gallery-container gallery galleryid-353695 gallery-columns-1 gallery-size-medium'><dl class='gallery-item'>\n\t\t\t\t<dt class='gallery-icon portrait'>\n\t\t\t\t\t<a class=\"rollover rollover-zoom dt-pswp-item\" title=\"SCR-20230923-kuta\" data-dt-img-description=\"\" data-large_image_width=\"946\" data-large_image_height=\"1332\"href='https:\/\/www.radiopiu.net\/wordpress\/wp-content\/uploads\/2023\/09\/SCR-20230923-kuta.png'><img loading=\"lazy\" decoding=\"async\" width=\"213\" height=\"300\" src=\"https:\/\/www.radiopiu.net\/wordpress\/wp-content\/uploads\/2023\/09\/SCR-20230923-kuta-213x300.png\" class=\"attachment-medium size-medium\" alt=\"\" srcset=\"https:\/\/www.radiopiu.net\/wordpress\/wp-content\/uploads\/2023\/09\/SCR-20230923-kuta-213x300.png 213w, https:\/\/www.radiopiu.net\/wordpress\/wp-content\/uploads\/2023\/09\/SCR-20230923-kuta-727x1024.png 727w, https:\/\/www.radiopiu.net\/wordpress\/wp-content\/uploads\/2023\/09\/SCR-20230923-kuta-768x1081.png 768w, https:\/\/www.radiopiu.net\/wordpress\/wp-content\/uploads\/2023\/09\/SCR-20230923-kuta.png 946w\" sizes=\"auto, (max-width: 213px) 100vw, 213px\" \/><\/a>\n\t\t\t\t<\/dt><\/dl><br style=\"clear: both\" \/>\n\t\t\t<\/div>\n\n<p>&nbsp;<\/p>\n<p>&nbsp;<\/p>\n<hr \/>\n<p>&nbsp;<\/p>\n<blockquote>\n<h3 class=\"entry-title\">ROCCA PIETORE NEL DOLORE PER L\u2019IMPROVVISA MORTE DI FAUSTO<\/h3>\n<\/blockquote>\n<p><strong><img loading=\"lazy\" decoding=\"async\" class=\"alignleft\" src=\"https:\/\/www.radiopiu.net\/wordpress\/wp-content\/uploads\/2023\/09\/fausto.png\" width=\"161\" height=\"100\" \/>ROCCA PIETORE<\/strong>\u00a0 Erano da poco passate le 17 del pomeriggio quando \u00e8 scattato l\u2019allarme lanciato dai familiari di Fausto Sirena. 66 anni di Rocca Pietore, improvvisamente colto da malore, mentre stava facendo legna in un bosco in prossimit\u00e0 dell\u2019abitato di Santa Maria delle Grazie al di l\u00e0 del torrente Cordevole. L\u2019equipe medica e il tecnico di elisoccorso dell\u2019elicottero del Suem di Pieve di Cadore, atterrato nelle vicinanze, sono subentrati nelle\u00a0<strong class=\"photoswipe-wrapper\"><a class=\"dt-pswp-item pspw-wrap-ready\" href=\"https:\/\/www.radiopiu.net\/wordpress\/wp-content\/uploads\/2023\/09\/IMG-20160714-WA0016.jpg\" data-dt-img-description=\"\" data-large_image_width=\"1600\" data-large_image_height=\"900\"><img loading=\"lazy\" decoding=\"async\" class=\" wp-image-353903 alignright\" src=\"https:\/\/www.radiopiu.net\/wordpress\/wp-content\/uploads\/2023\/09\/IMG-20160714-WA0016-300x169.jpg\" sizes=\"auto, (max-width: 201px) 100vw, 201px\" srcset=\"https:\/\/www.radiopiu.net\/wordpress\/wp-content\/uploads\/2023\/09\/IMG-20160714-WA0016-300x169.jpg 300w, https:\/\/www.radiopiu.net\/wordpress\/wp-content\/uploads\/2023\/09\/IMG-20160714-WA0016-1024x576.jpg 1024w, https:\/\/www.radiopiu.net\/wordpress\/wp-content\/uploads\/2023\/09\/IMG-20160714-WA0016-768x432.jpg 768w, https:\/\/www.radiopiu.net\/wordpress\/wp-content\/uploads\/2023\/09\/IMG-20160714-WA0016-1536x864.jpg 1536w, https:\/\/www.radiopiu.net\/wordpress\/wp-content\/uploads\/2023\/09\/IMG-20160714-WA0016.jpg 1600w\" alt=\"\" width=\"201\" height=\"113\" \/><\/a><\/strong>manovre di rianimazione, purtroppo invano, sul posto anche un\u2019ambulanza dell\u2019Associazione Volontari Ambulanza di Rocca Pietore. e il Soccorso alpino della Val Pettorina, gli amici di Fausto.<\/p>\n<blockquote><p><em>Fausto, 66 anni, una vita di lavoro nei servizi forestali prima della meritata pensione. Negli anni ha dato il suo concreto contributo nell\u2019Associazione Volontari Ambulanza di Rocca Pietore come volontario. Noi, quando\u00a0 nel 2016 siamo arrivati con le apparecchiature per la diretta de \u201cNa Sera da Zacan\u201d nel Borgo di Sottoguda, il suo borgo,\u00a0 l\u2019abbiamo incontrato e conosciuto. E\u2019 stato il primo a chiederci di cosa avevamo bisogno. Poi ad ogni occasione lo abbiamo rivisto e la domanda \u00e8 stata sempre stata la stessa. E se chiedi a qualcuno a Rocca Pietore un ricordo di Fausto la risposta \u00e8 ancora quella,\u00a0 in due parole: sempre disponibile. Un abbraccio a Nicoletta e Daniel da tutta la redazione di Radio Pi\u00f9.\u00a0 \u00a0<\/em><\/p><\/blockquote>\n<p>&nbsp;<\/p>\n<hr \/>\n<p>&nbsp;<\/p>\n<blockquote>\n<h3>LUTTO IN COMELICO PER LA MORTE DELL&#8217;AMICO CUOCO<br \/>\n<a class=\"dt-pswp-item\" href=\"https:\/\/www.radiopiu.net\/wordpress\/wp-content\/uploads\/2023\/09\/Senza-nome-62.png\" data-dt-img-description=\"\" data-large_image_width=\"199\" data-large_image_height=\"250\"><img loading=\"lazy\" decoding=\"async\" class=\"wp-image-353958 alignleft\" src=\"https:\/\/www.radiopiu.net\/wordpress\/wp-content\/uploads\/2023\/09\/Senza-nome-62.png\" alt=\"\" width=\"108\" height=\"136\" \/><\/a><br \/>\n<strong style=\"font-size: 14px;\">COMELICO<\/strong><span style=\"font-size: 14px; font-weight: normal;\"> Si svolgeranno domani a Sappada i funerali di Cristian Menia morto dopo alcuni giorni di degenza all&#8217;ospedale di Udine dove era ricoverato in seguito ad un malore che lo ha colpito a Lignano dove lavorava come cuoco.<\/span><\/h3>\n<\/blockquote>\n<p>&nbsp;<\/p>\n<hr \/>\n<p>&nbsp;<\/p>\n<blockquote>\n<h3>STRONCATO NELLA CUCINA DELL&#8217;HOTEL<\/h3>\n<\/blockquote>\n<p><strong>AURONZO<\/strong>\u00a0 Un giovane migrante della Guinea di 24 anni \u00e8 morto ieri pomeriggio all&#8217;albergo Usignolo dove lavorava come stagionale. Il giovane era molto apprezzato nella comunit\u00e0 dove era ben inserito. Per tutti era Skfansu, arrivato in Auronzo al centro di accoglienza con altri 11 giovani.<\/p>\n<p>&nbsp;<\/p>\n<hr \/>\n<p>&nbsp;<\/p>\n<blockquote>\n<h3>INCIDENTE IN GALLERIA<\/h3>\n<\/blockquote>\n<p><strong>ARSIE&#8217;\u00a0<\/strong>Ieri poco prima delle 10 un incidente stradale ha coinvolto tre vetture nella galleria di Arsi\u00e8 sulla SS 50 Bis\/var tra i Giaroni ed Arsi\u00e8. Tre le persone ferite\u00a0 e trasportate in ambulanza al Santa Maria del Prato di Feltre. Due uomini di 44\u00a0 e 76 anni\u00a0 \u00a0e una donna di 76 anni\u00a0 le persone coinvolte nello scontro, il 44enne di Sarno, l&#8217;altra coppia di Feltre. Sul posto SUEM, Vigili del Fuoco e Carabinieri. La strada \u00e8 rimasta chiusa chiusa visto che i veicoli occupavano entrambe le carreggiate. Sul posto anche il personale Anas per deviare il traffico sulla vecchia statale 50. Disagi alla circolazione per circa un&#8217;ora poi il traffico \u00e8 stato ripristinato. Le operazioni di soccorso dei vigili del fuoco sono terminate alle 11.30.<\/p>\n\n\t\t\t<style type='text\/css'>\n\t\t\t\t#gallery-3 {\n\t\t\t\t\tmargin: auto;\n\t\t\t\t}\n\t\t\t\t#gallery-3 .gallery-item {\n\t\t\t\t\tfloat: left;\n\t\t\t\t\tmargin-top: 10px;\n\t\t\t\t\ttext-align: center;\n\t\t\t\t\twidth: 50%;\n\t\t\t\t}\n\t\t\t\t#gallery-3 img {\n\t\t\t\t\tborder: 2px solid #cfcfcf;\n\t\t\t\t}\n\t\t\t\t#gallery-3 .gallery-caption {\n\t\t\t\t\tmargin-left: 0;\n\t\t\t\t}\n\t\t\t\t\/* see gallery_shortcode() in wp-includes\/media.php *\/\n\t\t\t<\/style>\n\t\t<div id='gallery-3' class='dt-gallery-container gallery galleryid-353695 gallery-columns-2 gallery-size-medium'><dl class='gallery-item'>\n\t\t\t\t<dt class='gallery-icon landscape'>\n\t\t\t\t\t<a class=\"rollover rollover-zoom dt-pswp-item\" title=\"4a7e4418-e301-42d4-8af5-40ed7b73f535\" data-dt-img-description=\"\" data-large_image_width=\"1280\" data-large_image_height=\"960\"href='https:\/\/www.radiopiu.net\/wordpress\/wp-content\/uploads\/2023\/09\/4a7e4418-e301-42d4-8af5-40ed7b73f535.jpg'><img loading=\"lazy\" decoding=\"async\" width=\"300\" height=\"225\" src=\"https:\/\/www.radiopiu.net\/wordpress\/wp-content\/uploads\/2023\/09\/4a7e4418-e301-42d4-8af5-40ed7b73f535-300x225.jpg\" class=\"attachment-medium size-medium\" alt=\"\" srcset=\"https:\/\/www.radiopiu.net\/wordpress\/wp-content\/uploads\/2023\/09\/4a7e4418-e301-42d4-8af5-40ed7b73f535-300x225.jpg 300w, https:\/\/www.radiopiu.net\/wordpress\/wp-content\/uploads\/2023\/09\/4a7e4418-e301-42d4-8af5-40ed7b73f535-1024x768.jpg 1024w, https:\/\/www.radiopiu.net\/wordpress\/wp-content\/uploads\/2023\/09\/4a7e4418-e301-42d4-8af5-40ed7b73f535-768x576.jpg 768w, https:\/\/www.radiopiu.net\/wordpress\/wp-content\/uploads\/2023\/09\/4a7e4418-e301-42d4-8af5-40ed7b73f535.jpg 1280w\" sizes=\"auto, (max-width: 300px) 100vw, 300px\" \/><\/a>\n\t\t\t\t<\/dt><\/dl><dl class='gallery-item'>\n\t\t\t\t<dt class='gallery-icon landscape'>\n\t\t\t\t\t<a class=\"rollover rollover-zoom dt-pswp-item\" title=\"3a9e73e9-4adf-4f50-8d8a-feae89bf7821\" data-dt-img-description=\"\" data-large_image_width=\"1280\" data-large_image_height=\"960\"href='https:\/\/www.radiopiu.net\/wordpress\/wp-content\/uploads\/2023\/09\/3a9e73e9-4adf-4f50-8d8a-feae89bf7821.jpg'><img loading=\"lazy\" decoding=\"async\" width=\"300\" height=\"225\" src=\"https:\/\/www.radiopiu.net\/wordpress\/wp-content\/uploads\/2023\/09\/3a9e73e9-4adf-4f50-8d8a-feae89bf7821-300x225.jpg\" class=\"attachment-medium size-medium\" alt=\"\" srcset=\"https:\/\/www.radiopiu.net\/wordpress\/wp-content\/uploads\/2023\/09\/3a9e73e9-4adf-4f50-8d8a-feae89bf7821-300x225.jpg 300w, https:\/\/www.radiopiu.net\/wordpress\/wp-content\/uploads\/2023\/09\/3a9e73e9-4adf-4f50-8d8a-feae89bf7821-1024x768.jpg 1024w, https:\/\/www.radiopiu.net\/wordpress\/wp-content\/uploads\/2023\/09\/3a9e73e9-4adf-4f50-8d8a-feae89bf7821-768x576.jpg 768w, https:\/\/www.radiopiu.net\/wordpress\/wp-content\/uploads\/2023\/09\/3a9e73e9-4adf-4f50-8d8a-feae89bf7821.jpg 1280w\" sizes=\"auto, (max-width: 300px) 100vw, 300px\" \/><\/a>\n\t\t\t\t<\/dt><\/dl><br style=\"clear: both\" \/>\n\t\t\t<\/div>\n\n<p>&nbsp;<\/p>\n<hr \/>\n<p>&nbsp;<\/p>\n<blockquote>\n<h3>ALPINISTI SOCCORSI A 2500 METRI<\/h3>\n<\/blockquote>\n<p><strong>AGORDO<\/strong> Intervento dell&#8217;elicottero dell&#8217;Aiut Alpin Dolomites ieri sera dopo le 21, con il buio in Moiazza a oltre 2500 metri. Recuperati due alpinisti, illesi.<\/p>\n<div dir=\"auto\">Partiti alle 10 da Passo Duran per il giro della Ferrata Costantini, due escursionisti si sono trovati in difficolt\u00e0 lungo il percorso e verso le 20.15 hanno contattato il 118. Al cellulare i due, un 53enne di Cittadella (PD) e una 47enne di Romano d&#8217;Ezzelino (VI), dicevano di essere in prossimit\u00e0 del bivio che indicava un Bivacco, ma di non poter pi\u00f9 procedere in quanto la donna era sfinita dalla stanchezza. Capito che si trovavano all&#8217;altezza della Cresta delle Masenade, l&#8217;elicottero dell&#8217;Aiut Alpin Dolomites di Bolzano, abilitato per il volo notturno, ha imbarcato un soccorritore di Agordo per guidare l&#8217;equipaggio durante il sorvolo. Una volta individuata la coppia, che si trovava poco pi\u00f9 avanti della Cresta, i due escursionisti sono stati recuperati e trasportati a valle. L&#8217;intervento si \u00e8 concluso alle 22 circa.<\/div>\n<p><img decoding=\"async\" src=\"https:\/\/www.radiopiu.net\/wordpress\/wp-content\/uploads\/2023\/09\/a89a15c0-6348-42b6-8b20-bde31b5af6f1.jpg\" \/><\/p>\n<p>&nbsp;<\/p>\n<p>&nbsp;<\/p>\n<p>&nbsp;<\/p>\n<hr \/>\n<p>&nbsp;<\/p>\n<blockquote>\n<h3>MALORE A MONDEVAL<\/h3>\n<\/blockquote>\n<p><strong>SAN VITO DI CADORE<\/strong> Mentre con altre tre persone stava percorrendo il sentiero numero 466 da Mondeval verso Passo Giau, un escursionista 62enne di Valdagno (VI) si \u00e8 sentito poco bene. Atterrati nelle vicinanze, equipe medica e tecnico di elisoccorso dell&#8217;elicottero del Suem di Pieve di Cadore hanno verificato le condizioni dell&#8217;uomo, per poi caricarlo a bordo e trasportarlo all&#8217;ospedale di Belluno per le verifiche del caso.<\/p>\n<p>&nbsp;<\/p>\n<p>&nbsp;<\/p>\n<hr \/>\n<p>&nbsp;<\/p>\n<blockquote>\n<h3>TRE INTERVENTI DEL SOCCORSO ALPINO TRA LONGARONE E CORTINA<\/h3>\n<\/blockquote>\n<p><strong>LONGARONE <\/strong>Ieri attorno a mezzogiorno \u00e8 scattato l&#8217;allarme per un partecipante della pedonata non competitiva dei Percorsi della memoria, ruzzolato per una quindicina di metri dal sentiero 380. Il 74enne di Silea (TV), che si trovava con altre persone, perso l&#8217;equilibrio era caduto all&#8217;altezza del Capitello di Sant&#8217;Antonio, riportando un grave politrauma.<\/p>\n<p><strong>CORTINA <\/strong>Prima l&#8217;eliambulanza aveva recuperato un&#8217;escursionista 31enne polacca con una sospetta frattura della caviglia. La donna, che si trovava sul sentiero 215 che conduce al Vandelli, \u00e8 stata portata a Belluno.<\/p>\n<p><strong>ERTO <\/strong>Il Pelikan di Bolzano \u00e8 invece intervenuto alle pendici del Monte Borg\u00e0, sul Col Sparavier, per un escursionista scivolato dal sentiero 394. L&#8217;uomo \u00e8 stato accompagnato con un sospetto trauma cranico a Belluno. Pronto a intervenire il Soccorso alpino di Longarone.<\/p>\n<p>&nbsp;<\/p>\n<p>&nbsp;<\/p>\n<hr \/>\n<p>&nbsp;<\/p>\n<blockquote>\n<h3>PERDONO IL SENTIERO, RECUPERATI TRE ESCURSIONISTI<\/h3>\n<\/blockquote>\n<p><strong>LONGARONE<\/strong> Quasi a scadenza effemeridi, l&#8217;elicottero del Suem di Pieve di Cadore \u00e8 decollato in direzione di Longarone, da dove, dopo aver imbarcato un soccorritore profondo conoscitore del territorio, si \u00e8 diretto sotto Forcella della Cazetta, a seguito della richiesta di tre escursionisti che avevano smarrito il sentiero.\u00a0 Individuati grazie ai segnali luminosi in una radura in mezzo al bosco, i tre sono stati issati a bordo con il verricello e trasportati a Belluno.<\/p>\n<p>&nbsp;<\/p>\n<p>&nbsp;<\/p>\n<p>&nbsp;<\/p>\n<hr \/>\n<p>&nbsp;<\/p>\n<blockquote>\n<h3 class=\"entry-title\">AUTO NEL LAGO, RECUPERO NON ANCORA RIUSCITO<br \/>\n<em>I sommozzatori dopo una giornata di lavoro non sono ancora riusciti a riportare a riva l&#8217;auto, difficile individuarla nel lago. Oggi nuovi tentativi<\/em><\/h3>\n<\/blockquote>\n<p><strong><a class=\"dt-pswp-item\" href=\"https:\/\/www.radiopiu.net\/wordpress\/wp-content\/uploads\/2023\/09\/th-33.jpg\" data-dt-img-description=\"\" data-large_image_width=\"270\" data-large_image_height=\"180\"><img loading=\"lazy\" decoding=\"async\" class=\" wp-image-353817 alignleft\" src=\"https:\/\/www.radiopiu.net\/wordpress\/wp-content\/uploads\/2023\/09\/th-33.jpg\" alt=\"\" width=\"161\" height=\"107\" \/><\/a>CADORE <\/strong>Un pescatore trevigiano ha vissuto una mattinata di pesca tranquilla nel Lago di Centro Cadore, ma la sua giornata si \u00e8 rovinata quando la sua auto blu, una Nissan, \u00e8 improvvisamente sprofondata nelle acque del lago. L&#8217;incidente \u00e8 avvenuto tra i comuni di Pieve e Calalzo. Pare che il pescatore non abbia applicato il freno a mano correttamente o completamente prima di lasciare l&#8217;auto incustodita mentre si fermava per scattare alcune fotografie. L&#8217;auto \u00e8 rimasta a galla per un breve periodo, con i tergicristalli ancora in funzione, prima di sprofondare nelle profondit\u00e0 del lago, dove il fondale si trova a circa trenta metri di profondit\u00e0.<\/p>\n<p>&nbsp;<\/p>\n<p>&nbsp;<\/p>\n<hr \/>\n<p>&nbsp;<\/p>\n<blockquote>\n<h3>NUOVI LAMPIONI A LED A RIVAMONTE PER ABBATTERE LE BOLLETTE<\/h3>\n<\/blockquote>\n<p><strong><a class=\"dt-pswp-item\" href=\"https:\/\/www.radiopiu.net\/wordpress\/wp-content\/uploads\/2021\/09\/DJI_0036-scaled.jpg\" data-dt-img-description=\"\" data-large_image_width=\"2560\" data-large_image_height=\"1920\"><img loading=\"lazy\" decoding=\"async\" class=\" wp-image-232647 alignleft\" src=\"https:\/\/www.radiopiu.net\/wordpress\/wp-content\/uploads\/2021\/09\/DJI_0036-300x225.jpg\" alt=\"\" width=\"179\" height=\"134\" srcset=\"https:\/\/www.radiopiu.net\/wordpress\/wp-content\/uploads\/2021\/09\/DJI_0036-300x225.jpg 300w, https:\/\/www.radiopiu.net\/wordpress\/wp-content\/uploads\/2021\/09\/DJI_0036-1024x768.jpg 1024w, https:\/\/www.radiopiu.net\/wordpress\/wp-content\/uploads\/2021\/09\/DJI_0036-768x576.jpg 768w, https:\/\/www.radiopiu.net\/wordpress\/wp-content\/uploads\/2021\/09\/DJI_0036-1536x1152.jpg 1536w, https:\/\/www.radiopiu.net\/wordpress\/wp-content\/uploads\/2021\/09\/DJI_0036-2048x1536.jpg 2048w\" sizes=\"auto, (max-width: 179px) 100vw, 179px\" \/><\/a>RIVAMONTE<\/strong><\/p>\n<p>DI GIANNI SANTOMASO<\/p>\n<audio class=\"wp-audio-shortcode\" id=\"audio-353695-2\" preload=\"none\" style=\"width: 100%;\" controls=\"controls\"><source type=\"audio\/mpeg\" src=\"https:\/\/www.radiopiu.net\/wordpress\/wp-content\/uploads\/2023\/09\/GIANNI-NUOVI-LAMPIONI-A-LED-A-RIVAMONTE-PER-ABBATTERE-LE-BOLLETTE.mp3?_=2\" \/><a href=\"https:\/\/www.radiopiu.net\/wordpress\/wp-content\/uploads\/2023\/09\/GIANNI-NUOVI-LAMPIONI-A-LED-A-RIVAMONTE-PER-ABBATTERE-LE-BOLLETTE.mp3\">https:\/\/www.radiopiu.net\/wordpress\/wp-content\/uploads\/2023\/09\/GIANNI-NUOVI-LAMPIONI-A-LED-A-RIVAMONTE-PER-ABBATTERE-LE-BOLLETTE.mp3<\/a><\/audio>\n<p>&nbsp;<\/p>\n<hr \/>\n<p>&nbsp;<\/p>\n<blockquote>\n<h3>DILLO A RADIO PIU&#8217;&#8230;QUEI TOMBINI SISTEMATI IN MODO POSTICCIO<\/h3>\n<\/blockquote>\n<p><strong>Riceviamo e pubblichiamo<\/strong><\/p>\n<p>Da una settimana in Via Insurrezione ad Agordo, proprio di fronte al centro La Corte Agordina, sono stati sistemati in modo posticcio tre tombini delimitati con dei birilli che sono evidentemente in mezzo alla strada intralciando il traffico. Qualcuno ha gi\u00e0 provveduto a fare Strike ma ci si chiede come sia possibile che un lavoro del genere su una strada cos\u00ec trafficata venga abbandonato a se stesso per tutto questo tempo senza alcun provvedimento. Ci si augura che al pi\u00f9 presto le maestranze preposte intervengano<\/p>\n\n\t\t\t<style type='text\/css'>\n\t\t\t\t#gallery-4 {\n\t\t\t\t\tmargin: auto;\n\t\t\t\t}\n\t\t\t\t#gallery-4 .gallery-item {\n\t\t\t\t\tfloat: left;\n\t\t\t\t\tmargin-top: 10px;\n\t\t\t\t\ttext-align: center;\n\t\t\t\t\twidth: 50%;\n\t\t\t\t}\n\t\t\t\t#gallery-4 img {\n\t\t\t\t\tborder: 2px solid #cfcfcf;\n\t\t\t\t}\n\t\t\t\t#gallery-4 .gallery-caption {\n\t\t\t\t\tmargin-left: 0;\n\t\t\t\t}\n\t\t\t\t\/* see gallery_shortcode() in wp-includes\/media.php *\/\n\t\t\t<\/style>\n\t\t<div id='gallery-4' class='dt-gallery-container gallery galleryid-353695 gallery-columns-2 gallery-size-thumbnail'><dl class='gallery-item'>\n\t\t\t\t<dt class='gallery-icon portrait'>\n\t\t\t\t\t<a class=\"rollover rollover-zoom dt-pswp-item\" title=\"621d03f1-4899-4a7c-b133-8b014784fe05\" data-dt-img-description=\"\" data-large_image_width=\"720\" data-large_image_height=\"1600\"href='https:\/\/www.radiopiu.net\/wordpress\/wp-content\/uploads\/2023\/09\/621d03f1-4899-4a7c-b133-8b014784fe05.jpg'><img loading=\"lazy\" decoding=\"async\" width=\"150\" height=\"150\" src=\"https:\/\/www.radiopiu.net\/wordpress\/wp-content\/uploads\/2023\/09\/621d03f1-4899-4a7c-b133-8b014784fe05-150x150.jpg\" class=\"attachment-thumbnail size-thumbnail\" alt=\"\" \/><\/a>\n\t\t\t\t<\/dt><\/dl><dl class='gallery-item'>\n\t\t\t\t<dt class='gallery-icon portrait'>\n\t\t\t\t\t<a class=\"rollover rollover-zoom dt-pswp-item\" title=\"415cc7b8-5cf2-4204-a011-c6e42d56c213\" data-dt-img-description=\"\" data-large_image_width=\"720\" data-large_image_height=\"1600\"href='https:\/\/www.radiopiu.net\/wordpress\/wp-content\/uploads\/2023\/09\/415cc7b8-5cf2-4204-a011-c6e42d56c213.jpg'><img loading=\"lazy\" decoding=\"async\" width=\"150\" height=\"150\" src=\"https:\/\/www.radiopiu.net\/wordpress\/wp-content\/uploads\/2023\/09\/415cc7b8-5cf2-4204-a011-c6e42d56c213-150x150.jpg\" class=\"attachment-thumbnail size-thumbnail\" alt=\"\" \/><\/a>\n\t\t\t\t<\/dt><\/dl><br style=\"clear: both\" \/>\n\t\t\t<\/div>\n\n<p>&nbsp;<\/p>\n<hr \/>\n<p>&nbsp;<\/p>\n<blockquote>\n<h3>LA DOTTORESSA PONS GIL SOSTITUISCE IL DOTTOR SITO AD AGORDO<\/h3>\n<\/blockquote>\n<p><strong><a class=\"dt-pswp-item\" href=\"https:\/\/www.radiopiu.net\/wordpress\/wp-content\/uploads\/2021\/06\/MEDICO.jpg\" data-dt-img-description=\"\" data-large_image_width=\"1920\" data-large_image_height=\"1440\"><img loading=\"lazy\" decoding=\"async\" class=\" wp-image-216887 alignleft\" src=\"https:\/\/www.radiopiu.net\/wordpress\/wp-content\/uploads\/2021\/06\/MEDICO-300x225.jpg\" alt=\"\" width=\"153\" height=\"115\" srcset=\"https:\/\/www.radiopiu.net\/wordpress\/wp-content\/uploads\/2021\/06\/MEDICO-300x225.jpg 300w, https:\/\/www.radiopiu.net\/wordpress\/wp-content\/uploads\/2021\/06\/MEDICO-1024x768.jpg 1024w, https:\/\/www.radiopiu.net\/wordpress\/wp-content\/uploads\/2021\/06\/MEDICO-768x576.jpg 768w, https:\/\/www.radiopiu.net\/wordpress\/wp-content\/uploads\/2021\/06\/MEDICO-1536x1152.jpg 1536w, https:\/\/www.radiopiu.net\/wordpress\/wp-content\/uploads\/2021\/06\/MEDICO.jpg 1920w\" sizes=\"auto, (max-width: 153px) 100vw, 153px\" \/><\/a>BELLUNO <\/strong>Dal 1 ottobre prende servizio ad Agordo, come medico di medicina generale, la dottoressa Pons Gil, con incarico provvisorio, in sostituzione del dr Manlio Sito recentemente andato in pensione. &#8220;Do il benvenuto alla dottoressa\u00a0 Pons Gil che dal primo ottobre assumer\u00e0 l&#8217;incarico di medico di medicina generale ad Agordo, nell&#8217;ambulatorio allestito in ASCA. Ringrazio i dottori Fadig\u00e0 e Pennacchioni che, con spirito di servizio e responsabilit\u00e0 verso la comunit\u00e0, si sono fatti carico dei pazienti in questo periodo di passaggio&#8221; commenta il Commissario Giuseppe Dal Ben. Al nuovo medico saranno assegnati d&#8217;ufficio gli ex assistiti del dr Manlio Sito, non sar\u00e0 pertanto necessario che gli assistiti si rechino agli sportelli ulss, fatta salva la possibilit\u00e0 di scelte diverse da parte degli utenti secondo le consuete modalit\u00e0 (fascicolo sanitario elettronico o contatto con ufficio anagrafe).<\/p>\n<p>&nbsp;<\/p>\n<p>&nbsp;<\/p>\n<hr \/>\n<p>&nbsp;<\/p>\n<blockquote>\n<h3>RSA DI CUISGHE: GESTIONE AFFIDATA A \u201cINSIEME SI PU\u00d2\u201d<\/h3>\n<\/blockquote>\n<p><strong><a class=\"dt-pswp-item\" href=\"https:\/\/www.radiopiu.net\/wordpress\/wp-content\/uploads\/2021\/03\/ULSS-1.jpg\" data-dt-img-description=\"\" data-large_image_width=\"776\" data-large_image_height=\"408\"><img loading=\"lazy\" decoding=\"async\" class=\" wp-image-198838 alignleft\" src=\"https:\/\/www.radiopiu.net\/wordpress\/wp-content\/uploads\/2021\/03\/ULSS-1-300x158.jpg\" alt=\"\" width=\"148\" height=\"78\" srcset=\"https:\/\/www.radiopiu.net\/wordpress\/wp-content\/uploads\/2021\/03\/ULSS-1-300x158.jpg 300w, https:\/\/www.radiopiu.net\/wordpress\/wp-content\/uploads\/2021\/03\/ULSS-1-768x404.jpg 768w, https:\/\/www.radiopiu.net\/wordpress\/wp-content\/uploads\/2021\/03\/ULSS-1.jpg 776w\" sizes=\"auto, (max-width: 148px) 100vw, 148px\" \/><\/a>BELLUNO <\/strong>In esito alle procedure di gara, la gestione della RSA di Cusighe \u00e8 stata affidata per tre anni alla coopertiva \u201cInsieme di pu\u00f2 \u201c per un importo complessivo di 6 milioni di euro. &#8220;Come promesso, si \u00e8 conclusa nei tempi la procedura per l&#8217;affidamento della gestione della RSA di Cusighe&#8221; commenta il Commissario Giuseppe Dal Ben &#8220;si apre ora un nuovo capitolo per gli ospiti della RSA e le loro famiglie. L&#8217;Azienda conferma l&#8217;impegno nel vigilare sulla qualit\u00e0 dei servizi offerti da parte della nuova realt\u00e0, che ha al suo attivo una solida esperienza nel settore in altri territori, nel comune interesse di dare il meglio agli ospiti e alle loro famiglie,\u00a0 in un ambiente che possa valorizzare e aver cura di ogni persona secondo le caratteristiche di ciascuno, con professionalit\u00e0 e umanit\u00e0&#8221;.<\/p>\n<p>&nbsp;<\/p>\n<p>&nbsp;<\/p>\n<hr \/>\n<p>&nbsp;<\/p>\n<blockquote>\n<h3>ARABBA MARMOLADA 2030 &#8211; A UN PASSO DAL FUTURO<\/h3>\n<\/blockquote>\n<p><strong><a class=\"dt-pswp-item\" href=\"https:\/\/www.radiopiu.net\/wordpress\/wp-content\/uploads\/2023\/09\/AM-2023-7-scaled.jpg\" data-dt-img-description=\"\" data-large_image_width=\"2560\" data-large_image_height=\"1707\"><img loading=\"lazy\" decoding=\"async\" class=\" wp-image-353775 alignleft\" src=\"https:\/\/www.radiopiu.net\/wordpress\/wp-content\/uploads\/2023\/09\/AM-2023-7-300x200.jpg\" alt=\"\" width=\"191\" height=\"127\" srcset=\"https:\/\/www.radiopiu.net\/wordpress\/wp-content\/uploads\/2023\/09\/AM-2023-7-300x200.jpg 300w, https:\/\/www.radiopiu.net\/wordpress\/wp-content\/uploads\/2023\/09\/AM-2023-7-1024x683.jpg 1024w, https:\/\/www.radiopiu.net\/wordpress\/wp-content\/uploads\/2023\/09\/AM-2023-7-768x512.jpg 768w, https:\/\/www.radiopiu.net\/wordpress\/wp-content\/uploads\/2023\/09\/AM-2023-7-1536x1024.jpg 1536w, https:\/\/www.radiopiu.net\/wordpress\/wp-content\/uploads\/2023\/09\/AM-2023-7-2048x1365.jpg 2048w\" sizes=\"auto, (max-width: 191px) 100vw, 191px\" \/><\/a>LIVINALLONGO<\/strong><\/p>\n<p>di Lorenzo Soratroi<\/p>\n<p><strong>IL SERVIZIO<\/strong><\/p>\n<audio class=\"wp-audio-shortcode\" id=\"audio-353695-3\" preload=\"none\" style=\"width: 100%;\" controls=\"controls\"><source type=\"audio\/mpeg\" src=\"https:\/\/www.radiopiu.net\/wordpress\/wp-content\/uploads\/2023\/09\/SORATROI-ARABBA-MARMOLADA-2030.mp3?_=3\" \/><a href=\"https:\/\/www.radiopiu.net\/wordpress\/wp-content\/uploads\/2023\/09\/SORATROI-ARABBA-MARMOLADA-2030.mp3\">https:\/\/www.radiopiu.net\/wordpress\/wp-content\/uploads\/2023\/09\/SORATROI-ARABBA-MARMOLADA-2030.mp3<\/a><\/audio>\n<p>&nbsp;<\/p>\n<p><strong>LE IMPRESSIONI DEI SINDACI<\/strong><\/p>\n<audio class=\"wp-audio-shortcode\" id=\"audio-353695-4\" preload=\"none\" style=\"width: 100%;\" controls=\"controls\"><source type=\"audio\/mpeg\" src=\"https:\/\/www.radiopiu.net\/wordpress\/wp-content\/uploads\/2023\/09\/SORATROI-ARABBA-MARMOLADA-GRONES-DE-BERNARDIN.mp3?_=4\" \/><a href=\"https:\/\/www.radiopiu.net\/wordpress\/wp-content\/uploads\/2023\/09\/SORATROI-ARABBA-MARMOLADA-GRONES-DE-BERNARDIN.mp3\">https:\/\/www.radiopiu.net\/wordpress\/wp-content\/uploads\/2023\/09\/SORATROI-ARABBA-MARMOLADA-GRONES-DE-BERNARDIN.mp3<\/a><\/audio>\n<p>&nbsp;<\/p>\n<p>Montagna, comunit\u00e0, identit\u00e0, sviluppo turistico. Queste le parole chiave di <em>Arabba Marmolada 2030 \u2013 a un passo dal futuro<\/em>, evento che si \u00e8 tenuto a Porta Vescovo al Rifugio Gorza lo scorso venerd\u00ec 22 settembre. Un evento molto sentito e partecipato dalla popolazione dei Comuni di Livinallongo del Col di Lana e di Rocca Pietore, ma anche da tante persone provenienti da altre localit\u00e0: oltre 300 le presenze, in un luogo simbolo a cavallo tra i due territori. Presenti, insieme ai Presidenti dei Consorzi coinvolti nel progetto di destination management \u2013 Lucia Farenzena per il Consorzio Turistico Marmolada, Michela Lezuo per Arabba Fodom Turismo, Diego De Battista per il Consorzio Impianti a Fune Arabba Marmolada, al Sindaco di Livinallongo Leandro Grones e al Sindaco di Rocca Pietore Andrea De Bernardin \u2013 anche figure di rilievo nel panorama provinciale e regionale: Silvia Cestaro, Consigliere Regionale Veneto per la circoscrizione di Belluno, Danilo De Toni, Assessore al Turismo Provincia di Belluno, Paolo Frena, Presidente Unione Montana Agordina, Elisa Calcamuggi, Responsabile Marketing Fondazione DMO Dolomiti, e tramite un videomessaggio di saluto anche Luca Zaia, Presidente della Regione Veneto. La serata \u00e8 stata seguita con interesse sia dai presenti che dalle molte persone che si sono collegate da casa alla diretta live. L\u2019evento, che ha presentato i risultati di un percorso volto allo studio ed alla gestione coordinata degli elementi che compongono la destinazione mettendo al centro le persone, \u00e8 stato inoltre l\u2019occasione per allargare il gruppo di lavoro facendo salire a bordo nuove risorse del territorio: a fine serata, ben 73 tra i presenti hanno lasciato il proprio nominativo per diventare parte attiva dei passi futuri del progetto. Le slide presentate e la registrazione della diretta saranno disponibili a breve su <a href=\"http:\/\/www.arabba-marmolada.it\/\">www.arabba-marmolada.it<\/a>, sito web all\u2019interno del quale si andranno poi a pubblicare i prossimi step, i progetti e i risultati di Arabba Marmolada 2030.<\/p>\n\n\t\t\t<style type='text\/css'>\n\t\t\t\t#gallery-5 {\n\t\t\t\t\tmargin: auto;\n\t\t\t\t}\n\t\t\t\t#gallery-5 .gallery-item {\n\t\t\t\t\tfloat: left;\n\t\t\t\t\tmargin-top: 10px;\n\t\t\t\t\ttext-align: center;\n\t\t\t\t\twidth: 25%;\n\t\t\t\t}\n\t\t\t\t#gallery-5 img {\n\t\t\t\t\tborder: 2px solid #cfcfcf;\n\t\t\t\t}\n\t\t\t\t#gallery-5 .gallery-caption {\n\t\t\t\t\tmargin-left: 0;\n\t\t\t\t}\n\t\t\t\t\/* see gallery_shortcode() in wp-includes\/media.php *\/\n\t\t\t<\/style>\n\t\t<div id='gallery-5' class='dt-gallery-container gallery galleryid-353695 gallery-columns-4 gallery-size-thumbnail'><dl class='gallery-item'>\n\t\t\t\t<dt class='gallery-icon landscape'>\n\t\t\t\t\t<a class=\"rollover rollover-zoom dt-pswp-item\" title=\"AM-2023-1\" data-dt-img-description=\"\" data-large_image_width=\"2560\" data-large_image_height=\"1707\"href='https:\/\/www.radiopiu.net\/wordpress\/wp-content\/uploads\/2023\/09\/AM-2023-1-scaled.jpg'><img loading=\"lazy\" decoding=\"async\" width=\"150\" height=\"150\" src=\"https:\/\/www.radiopiu.net\/wordpress\/wp-content\/uploads\/2023\/09\/AM-2023-1-150x150.jpg\" class=\"attachment-thumbnail size-thumbnail\" alt=\"\" \/><\/a>\n\t\t\t\t<\/dt><\/dl><dl class='gallery-item'>\n\t\t\t\t<dt class='gallery-icon landscape'>\n\t\t\t\t\t<a class=\"rollover rollover-zoom dt-pswp-item\" title=\"AM-2023-2\" data-dt-img-description=\"\" data-large_image_width=\"2560\" data-large_image_height=\"1707\"href='https:\/\/www.radiopiu.net\/wordpress\/wp-content\/uploads\/2023\/09\/AM-2023-2-scaled.jpg'><img loading=\"lazy\" decoding=\"async\" width=\"150\" height=\"150\" src=\"https:\/\/www.radiopiu.net\/wordpress\/wp-content\/uploads\/2023\/09\/AM-2023-2-150x150.jpg\" class=\"attachment-thumbnail size-thumbnail\" alt=\"\" \/><\/a>\n\t\t\t\t<\/dt><\/dl><dl class='gallery-item'>\n\t\t\t\t<dt class='gallery-icon landscape'>\n\t\t\t\t\t<a class=\"rollover rollover-zoom dt-pswp-item\" title=\"AM-2023-3\" data-dt-img-description=\"\" data-large_image_width=\"2560\" data-large_image_height=\"1707\"href='https:\/\/www.radiopiu.net\/wordpress\/wp-content\/uploads\/2023\/09\/AM-2023-3-scaled.jpg'><img loading=\"lazy\" decoding=\"async\" width=\"150\" height=\"150\" src=\"https:\/\/www.radiopiu.net\/wordpress\/wp-content\/uploads\/2023\/09\/AM-2023-3-150x150.jpg\" class=\"attachment-thumbnail size-thumbnail\" alt=\"\" \/><\/a>\n\t\t\t\t<\/dt><\/dl><dl class='gallery-item'>\n\t\t\t\t<dt class='gallery-icon landscape'>\n\t\t\t\t\t<a class=\"rollover rollover-zoom dt-pswp-item\" title=\"AM-2023-4\" data-dt-img-description=\"\" data-large_image_width=\"2560\" data-large_image_height=\"1707\"href='https:\/\/www.radiopiu.net\/wordpress\/wp-content\/uploads\/2023\/09\/AM-2023-4-scaled.jpg'><img loading=\"lazy\" decoding=\"async\" width=\"150\" height=\"150\" src=\"https:\/\/www.radiopiu.net\/wordpress\/wp-content\/uploads\/2023\/09\/AM-2023-4-150x150.jpg\" class=\"attachment-thumbnail size-thumbnail\" alt=\"\" \/><\/a>\n\t\t\t\t<\/dt><\/dl><br style=\"clear: both\" \/><dl class='gallery-item'>\n\t\t\t\t<dt class='gallery-icon landscape'>\n\t\t\t\t\t<a class=\"rollover rollover-zoom dt-pswp-item\" title=\"AM-2023-5\" data-dt-img-description=\"\" data-large_image_width=\"2560\" data-large_image_height=\"1707\"href='https:\/\/www.radiopiu.net\/wordpress\/wp-content\/uploads\/2023\/09\/AM-2023-5-scaled.jpg'><img loading=\"lazy\" decoding=\"async\" width=\"150\" height=\"150\" src=\"https:\/\/www.radiopiu.net\/wordpress\/wp-content\/uploads\/2023\/09\/AM-2023-5-150x150.jpg\" class=\"attachment-thumbnail size-thumbnail\" alt=\"\" \/><\/a>\n\t\t\t\t<\/dt><\/dl><dl class='gallery-item'>\n\t\t\t\t<dt class='gallery-icon landscape'>\n\t\t\t\t\t<a class=\"rollover rollover-zoom dt-pswp-item\" title=\"AM-2023-6\" data-dt-img-description=\"\" data-large_image_width=\"2560\" data-large_image_height=\"1707\"href='https:\/\/www.radiopiu.net\/wordpress\/wp-content\/uploads\/2023\/09\/AM-2023-6-scaled.jpg'><img loading=\"lazy\" decoding=\"async\" width=\"150\" height=\"150\" src=\"https:\/\/www.radiopiu.net\/wordpress\/wp-content\/uploads\/2023\/09\/AM-2023-6-150x150.jpg\" class=\"attachment-thumbnail size-thumbnail\" alt=\"\" \/><\/a>\n\t\t\t\t<\/dt><\/dl><dl class='gallery-item'>\n\t\t\t\t<dt class='gallery-icon landscape'>\n\t\t\t\t\t<a class=\"rollover rollover-zoom dt-pswp-item\" title=\"AM-2023-7\" data-dt-img-description=\"\" data-large_image_width=\"2560\" data-large_image_height=\"1707\"href='https:\/\/www.radiopiu.net\/wordpress\/wp-content\/uploads\/2023\/09\/AM-2023-7-scaled.jpg'><img loading=\"lazy\" decoding=\"async\" width=\"150\" height=\"150\" src=\"https:\/\/www.radiopiu.net\/wordpress\/wp-content\/uploads\/2023\/09\/AM-2023-7-150x150.jpg\" class=\"attachment-thumbnail size-thumbnail\" alt=\"\" \/><\/a>\n\t\t\t\t<\/dt><\/dl><dl class='gallery-item'>\n\t\t\t\t<dt class='gallery-icon landscape'>\n\t\t\t\t\t<a class=\"rollover rollover-zoom dt-pswp-item\" title=\"AM-2023-8\" data-dt-img-description=\"\" data-large_image_width=\"2560\" data-large_image_height=\"1707\"href='https:\/\/www.radiopiu.net\/wordpress\/wp-content\/uploads\/2023\/09\/AM-2023-8-scaled.jpg'><img loading=\"lazy\" decoding=\"async\" width=\"150\" height=\"150\" src=\"https:\/\/www.radiopiu.net\/wordpress\/wp-content\/uploads\/2023\/09\/AM-2023-8-150x150.jpg\" class=\"attachment-thumbnail size-thumbnail\" alt=\"\" \/><\/a>\n\t\t\t\t<\/dt><\/dl><br style=\"clear: both\" \/>\n\t\t\t<\/div>\n\n<p>&nbsp;<\/p>\n<p><strong>LA DIRETTA RADIO PIU&#8217;<\/strong><\/p>\n<p><iframe loading=\"lazy\" title=\"ARABBA MARMOLADA 2030\" width=\"1200\" height=\"675\" src=\"https:\/\/www.youtube.com\/embed\/x_eyP3A__i8?feature=oembed\" frameborder=\"0\" allow=\"accelerometer; autoplay; clipboard-write; encrypted-media; gyroscope; picture-in-picture; web-share\" allowfullscreen><\/iframe><\/p>\n<p>&nbsp;<\/p>\n<hr \/>\n<p>&nbsp;<\/p>\n<blockquote>\n<h3>PROLUNGATO A FINE SETTEMBRE IL BANDO PER LE STRUTTURE DI VALLE IMPERINA<\/h3>\n<\/blockquote>\n<p><strong><a class=\"dt-pswp-item\" href=\"https:\/\/www.radiopiu.net\/wordpress\/wp-content\/uploads\/2020\/11\/36_Valle-Imperina.jpg\" data-dt-img-description=\"\" data-large_image_width=\"1280\" data-large_image_height=\"723\"><img loading=\"lazy\" decoding=\"async\" class=\" wp-image-170177 alignleft\" src=\"https:\/\/www.radiopiu.net\/wordpress\/wp-content\/uploads\/2020\/11\/36_Valle-Imperina-300x169.jpg\" alt=\"\" width=\"185\" height=\"104\" srcset=\"https:\/\/www.radiopiu.net\/wordpress\/wp-content\/uploads\/2020\/11\/36_Valle-Imperina-300x169.jpg 300w, https:\/\/www.radiopiu.net\/wordpress\/wp-content\/uploads\/2020\/11\/36_Valle-Imperina-1024x578.jpg 1024w, https:\/\/www.radiopiu.net\/wordpress\/wp-content\/uploads\/2020\/11\/36_Valle-Imperina-768x434.jpg 768w, https:\/\/www.radiopiu.net\/wordpress\/wp-content\/uploads\/2020\/11\/36_Valle-Imperina.jpg 1280w\" sizes=\"auto, (max-width: 185px) 100vw, 185px\" \/><\/a>RIVAMONTE<\/strong><\/p>\n<p>DI GIANNI SANTOMASO<\/p>\n<audio class=\"wp-audio-shortcode\" id=\"audio-353695-5\" preload=\"none\" style=\"width: 100%;\" controls=\"controls\"><source type=\"audio\/mpeg\" src=\"https:\/\/www.radiopiu.net\/wordpress\/wp-content\/uploads\/2023\/09\/GIANNI-PROLUNGATO-A-FINE-SETTEMBRE-IL-BANDO-PER-LE-STRUTTURE-DI-VALLE-IMPERINA.mp3?_=5\" \/><a href=\"https:\/\/www.radiopiu.net\/wordpress\/wp-content\/uploads\/2023\/09\/GIANNI-PROLUNGATO-A-FINE-SETTEMBRE-IL-BANDO-PER-LE-STRUTTURE-DI-VALLE-IMPERINA.mp3\">https:\/\/www.radiopiu.net\/wordpress\/wp-content\/uploads\/2023\/09\/GIANNI-PROLUNGATO-A-FINE-SETTEMBRE-IL-BANDO-PER-LE-STRUTTURE-DI-VALLE-IMPERINA.mp3<\/a><\/audio>\n<p>&nbsp;<\/p>\n<hr \/>\n<p>&nbsp;<\/p>\n<h2>PIU&#8217; DI 15MILA A VILLA PATT CON LA PROLOCO DI SEDICO<\/h2>\n<p>&nbsp;<\/p>\n<div class=\"flex-1 overflow-hidden\">\n<div class=\"react-scroll-to-bottom--css-nbdey-79elbk h-full dark:bg-gray-800\">\n<div class=\"react-scroll-to-bottom--css-nbdey-1n7m0yu\">\n<div class=\"flex flex-col text-sm dark:bg-gray-800\">\n<div class=\"group w-full text-token-text-primary border-b border-black\/10 gizmo:border-0 dark:border-gray-900\/50 gizmo:dark:border-0 bg-gray-50 gizmo:bg-transparent dark:bg-[#444654] gizmo:dark:bg-transparent\" data-testid=\"conversation-turn-3\">\n<div class=\"p-4 justify-center text-base md:gap-6 md:py-6 m-auto\">\n<div class=\"flex flex-1 gap-4 text-base mx-auto md:gap-6 md:max-w-2xl lg:max-w-[38rem] xl:max-w-3xl }\">\n<div class=\"relative flex w-[calc(100%-50px)] flex-col gap-1 md:gap-3 lg:w-[calc(100%-115px)]\">\n<div class=\"flex flex-grow flex-col gap-3 max-w-full\">\n<div class=\"min-h-[20px] flex flex-col items-start gap-3 overflow-x-auto whitespace-pre-wrap break-words\">\n<div class=\"markdown prose w-full break-words dark:prose-invert light\">\n<blockquote><p><em><a class=\"dt-pswp-item\" href=\"https:\/\/www.radiopiu.net\/wordpress\/wp-content\/uploads\/2023\/09\/Senza-nome-64.png\" data-dt-img-description=\"\" data-large_image_width=\"547\" data-large_image_height=\"278\"><img loading=\"lazy\" decoding=\"async\" class=\"size-medium wp-image-353970 alignleft\" src=\"https:\/\/www.radiopiu.net\/wordpress\/wp-content\/uploads\/2023\/09\/Senza-nome-64-300x152.png\" alt=\"\" width=\"300\" height=\"152\" srcset=\"https:\/\/www.radiopiu.net\/wordpress\/wp-content\/uploads\/2023\/09\/Senza-nome-64-300x152.png 300w, https:\/\/www.radiopiu.net\/wordpress\/wp-content\/uploads\/2023\/09\/Senza-nome-64.png 547w\" sizes=\"auto, (max-width: 300px) 100vw, 300px\" \/><\/a>La 44\u00aa Mostra Mercato di Villa Patt si \u00e8 rivelata un grande successo sotto molti aspetti, rappresentando un trampolino di lancio per l&#8217;arte, l&#8217;artigianato e i prodotti locali e. L&#8217;apprezzamento e il sostegno della comunit\u00e0 hanno dimostrato ancora una volta il valore di eventi come questo nell&#8217;arricchire la vita culturale ed economica della zona.<\/em><\/p><\/blockquote>\n<\/div>\n<\/div>\n<\/div>\n<\/div>\n<\/div>\n<\/div>\n<\/div>\n<\/div>\n<\/div>\n<\/div>\n<\/div>\n<p><strong>SEDICO<\/strong> La 44\u00aa edizione della Mostra Mercato di Villa Patt ha segnato un incredibile trionfo, attirando oltre 15.000 visitatori e ospitando pi\u00f9 di 100 espositori. L&#8217;evento, che si \u00e8 svolto in condizioni meteorologiche favorevoli, \u00e8 stato un grande successo per la comunit\u00e0 di Sedico, dimostrando ancora una volta il suo status di appuntamento imperdibile per gli amanti dell&#8217;arte, dell&#8217;artigianato e del buon cibo. Il presidente della Pro Loco di Sedico, Claudio Mezzavilla, si \u00e8 dichiarato estremamente soddisfatto dei risultati dell&#8217;evento e ha espresso la sua gratitudine nei confronti di tutti <em><a class=\"dt-pswp-item\" href=\"https:\/\/www.radiopiu.net\/wordpress\/wp-content\/uploads\/2023\/09\/14484590_905870699517395_5788375964031398616_n.jpg\" data-dt-img-description=\"\" data-large_image_width=\"960\" data-large_image_height=\"540\"><img loading=\"lazy\" decoding=\"async\" class=\"size-medium wp-image-353971 alignright\" src=\"https:\/\/www.radiopiu.net\/wordpress\/wp-content\/uploads\/2023\/09\/14484590_905870699517395_5788375964031398616_n-300x169.jpg\" alt=\"\" width=\"300\" height=\"169\" srcset=\"https:\/\/www.radiopiu.net\/wordpress\/wp-content\/uploads\/2023\/09\/14484590_905870699517395_5788375964031398616_n-300x169.jpg 300w, https:\/\/www.radiopiu.net\/wordpress\/wp-content\/uploads\/2023\/09\/14484590_905870699517395_5788375964031398616_n-768x432.jpg 768w, https:\/\/www.radiopiu.net\/wordpress\/wp-content\/uploads\/2023\/09\/14484590_905870699517395_5788375964031398616_n.jpg 960w\" sizes=\"auto, (max-width: 300px) 100vw, 300px\" \/><\/a><\/em>coloro che hanno contribuito a renderlo un successo straordinario. Ha ringraziato <a class=\"dt-pswp-item\" href=\"https:\/\/www.radiopiu.net\/wordpress\/wp-content\/uploads\/2023\/09\/17313048331599960929.jpg\" data-dt-img-description=\"\" data-large_image_width=\"500\" data-large_image_height=\"261\"><img loading=\"lazy\" decoding=\"async\" class=\"wp-image-353972 alignleft\" src=\"https:\/\/www.radiopiu.net\/wordpress\/wp-content\/uploads\/2023\/09\/17313048331599960929-300x157.jpg\" alt=\"\" width=\"166\" height=\"87\" srcset=\"https:\/\/www.radiopiu.net\/wordpress\/wp-content\/uploads\/2023\/09\/17313048331599960929-300x157.jpg 300w, https:\/\/www.radiopiu.net\/wordpress\/wp-content\/uploads\/2023\/09\/17313048331599960929.jpg 500w\" sizes=\"auto, (max-width: 166px) 100vw, 166px\" \/><\/a>calorosamente sia i partecipanti che gli espositori, sottolineando quanto il loro impegno abbia reso possibile il raggiungimento di questo traguardo eccezionale. L&#8217;atmosfera vibrante e festosa della Mostra Mercato ha incantato i visitatori, che hanno potuto scoprire una vasta gamma di prodotti artigianali, opere d&#8217;arte, prodotti alimentari locali e molto altro ancora. Ogni angolo di Villa Patt \u00e8 stato animato da stand affascinanti e colorati, che hanno offerto un&#8217;ampia variet\u00e0 di opzioni per lo shopping e l&#8217;intrattenimento. L&#8217;aspetto pi\u00f9 notevole dell&#8217;evento \u00e8 stato senza dubbio il notevole afflusso di pubblico. Oltre 15.000 persone hanno affollato le vie della mostra durante il suo svolgimento, dimostrando l&#8217;entusiasmo della comunit\u00e0 locale e dei visitatori provenienti da diverse parti della provincia e oltre. L&#8217;alta partecipazione ha contribuito in modo significativo alla vivacit\u00e0 dell&#8217;evento e ha rafforzato il suo ruolo come uno dei principali eventi culturali ed economici.<\/p>\n<p>&nbsp;<\/p>\n<p>&nbsp;<\/p>\n<p>&nbsp;<\/p>\n<hr \/>\n<p>&nbsp;<\/p>\n<blockquote>\n<h3>COMUNE DI DANTA E ALPAGO ASSIEME AD EUROPE DIRECT MOUNTAIN INCONTRANO I CITTADINI<\/h3>\n<\/blockquote>\n<p><strong>DANTA DI CADORE <\/strong>A Danta di Cadore si \u00e8 svolto un incontro pubblico organizzato dai Comuni di Danta di Cadore e Alpago, insieme al centro Europe Direct Montagna Veneta del GAL Prealpi e Dolomiti. L&#8217;incontro ha affrontato il discorso annuale della Presidente della Commissione europea, Ursula Von der Leyen, pronunciato il 13 settembre davanti al Parlamento europeo. Tale discorso valuta i risultati dell&#8217;anno precedente e presenta le priorit\u00e0 per l&#8217;anno successivo. L&#8217;evento ha visto la partecipazione di diverse istituzioni, tra cui il GAL Alto Bellunese e l&#8217;europarlamentare Gianantonio Da Re, dopo i saluti istituzionali del Sindaco di Danta, Ivano Mattea, e del Presidente della Regola di Tutta Danta, Valentino Maddalin Zoldo. L&#8217;obiettivo principale dell&#8217;incontro era promuovere un dibattito sulla strategia della Commissione europea e raccogliere feedback dal pubblico, con particolare attenzione alle questioni riguardanti le aree montane.<\/p>\n\n\t\t\t<style type='text\/css'>\n\t\t\t\t#gallery-6 {\n\t\t\t\t\tmargin: auto;\n\t\t\t\t}\n\t\t\t\t#gallery-6 .gallery-item {\n\t\t\t\t\tfloat: left;\n\t\t\t\t\tmargin-top: 10px;\n\t\t\t\t\ttext-align: center;\n\t\t\t\t\twidth: 50%;\n\t\t\t\t}\n\t\t\t\t#gallery-6 img {\n\t\t\t\t\tborder: 2px solid #cfcfcf;\n\t\t\t\t}\n\t\t\t\t#gallery-6 .gallery-caption {\n\t\t\t\t\tmargin-left: 0;\n\t\t\t\t}\n\t\t\t\t\/* see gallery_shortcode() in wp-includes\/media.php *\/\n\t\t\t<\/style>\n\t\t<div id='gallery-6' class='dt-gallery-container gallery galleryid-353695 gallery-columns-2 gallery-size-thumbnail'><dl class='gallery-item'>\n\t\t\t\t<dt class='gallery-icon landscape'>\n\t\t\t\t\t<a class=\"rollover rollover-zoom dt-pswp-item\" title=\"IMG-20230923-WA0022\" data-dt-img-description=\"\" data-large_image_width=\"2000\" data-large_image_height=\"1496\"href='https:\/\/www.radiopiu.net\/wordpress\/wp-content\/uploads\/2023\/09\/IMG-20230923-WA0022.jpg'><img loading=\"lazy\" decoding=\"async\" width=\"150\" height=\"150\" src=\"https:\/\/www.radiopiu.net\/wordpress\/wp-content\/uploads\/2023\/09\/IMG-20230923-WA0022-150x150.jpg\" class=\"attachment-thumbnail size-thumbnail\" alt=\"\" \/><\/a>\n\t\t\t\t<\/dt><\/dl><dl class='gallery-item'>\n\t\t\t\t<dt class='gallery-icon landscape'>\n\t\t\t\t\t<a class=\"rollover rollover-zoom dt-pswp-item\" title=\"IMG-20230923-WA0006\" data-dt-img-description=\"\" data-large_image_width=\"1024\" data-large_image_height=\"768\"href='https:\/\/www.radiopiu.net\/wordpress\/wp-content\/uploads\/2023\/09\/IMG-20230923-WA0006.jpg'><img loading=\"lazy\" decoding=\"async\" width=\"150\" height=\"150\" src=\"https:\/\/www.radiopiu.net\/wordpress\/wp-content\/uploads\/2023\/09\/IMG-20230923-WA0006-150x150.jpg\" class=\"attachment-thumbnail size-thumbnail\" alt=\"\" \/><\/a>\n\t\t\t\t<\/dt><\/dl><br style=\"clear: both\" \/>\n\t\t\t<\/div>\n\n<p>&nbsp;<\/p>\n<hr \/>\n<p>&nbsp;<\/p>\n<blockquote>\n<h3>L&#8217;INAUGURAZIONE DELL&#8217;ANTICA TRATTORIA RISTORANTE PIZZERIA PALU&#8217;<\/h3>\n<\/blockquote>\n<p><strong>LA DIRETTA RADIO PIU&#8217;<\/strong><\/p>\n<p><iframe loading=\"lazy\" title=\"Inaugurazione Antica Trattoria Ristorante Pizzeria Pal\u00fa\" width=\"1200\" height=\"675\" src=\"https:\/\/www.youtube.com\/embed\/acBqqqv8JXA?feature=oembed\" frameborder=\"0\" allow=\"accelerometer; autoplay; clipboard-write; encrypted-media; gyroscope; picture-in-picture; web-share\" allowfullscreen><\/iframe><\/p>\n<p>&nbsp;<\/p>\n<hr \/>\n<p>&nbsp;<\/p>\n<blockquote>\n<h3>STRADA ROMANA E CHIESETTA DI SANT&#8217;ANDREA RIMESSE A NUOVO DAI VOLONTARI<\/h3>\n<\/blockquote>\n<p><strong>PONTE NELLE ALPI <\/strong>Gli angeli custodi della strada romana di Polpet e della Chiesetta di Sant\u2019Andrea in Monte entrano in azione. Come ogni anno, nei primi giorni di giugno e nell\u2019ultima settimana di settembre, i volontari del Comitato frazionale di Polpet diventano custodi del territorio. E, in accordo con l\u2019amministrazione comunale di Ponte nelle Alpi, si dedicano a pulizia, sfalcio e decoro urbano di aree simbolo nella storia del comune e di Polpet. Sono circa una ventina le persone che si sono ritrovate stamattina, in piazza Boito, e con le necessarie attrezzature hanno portato a termine le opere di taglio dell\u2019erba e delle ramaglie, lungo la strada romana e il sentiero che porta alla Chiesetta di Sant\u2019Andrea.<span class=\"gmail-Apple-converted-space\"> \u00a0<\/span>Ai piedi del monte Frusseda, la strada \u00e8 un tratta dell\u2019antica \u201cClaudia Augusta Altinate\u201d che dalla pianura veneta congiungeva il Nord Europa. Oltre a rappresentare un bel percorso per passeggiate, \u00e8 un fondamentale snodo della ciclo-pedonale delle Dolomiti. I dati rilevati dall\u2019inizio estate 2023 indicano un passaggio di 20mila appassionati di biciclette e running. Cos\u00ec come \u00e8 da rimarcare la presenza di escursionisti e fedeli che si recano alla Chiesetta di Sant\u2019Andrea in Monte. In merito a Polpet, invece, la rilevanza della cittadina durante l\u2019epoca romana \u00e8 testimoniata da notevoli ritrovamenti archeologici e da approfonditi studi.<span class=\"gmail-Apple-converted-space\">\u00a0<\/span><\/p>\n\n\t\t\t<style type='text\/css'>\n\t\t\t\t#gallery-7 {\n\t\t\t\t\tmargin: auto;\n\t\t\t\t}\n\t\t\t\t#gallery-7 .gallery-item {\n\t\t\t\t\tfloat: left;\n\t\t\t\t\tmargin-top: 10px;\n\t\t\t\t\ttext-align: center;\n\t\t\t\t\twidth: 50%;\n\t\t\t\t}\n\t\t\t\t#gallery-7 img {\n\t\t\t\t\tborder: 2px solid #cfcfcf;\n\t\t\t\t}\n\t\t\t\t#gallery-7 .gallery-caption {\n\t\t\t\t\tmargin-left: 0;\n\t\t\t\t}\n\t\t\t\t\/* see gallery_shortcode() in wp-includes\/media.php *\/\n\t\t\t<\/style>\n\t\t<div id='gallery-7' class='dt-gallery-container gallery galleryid-353695 gallery-columns-2 gallery-size-thumbnail'><dl class='gallery-item'>\n\t\t\t\t<dt class='gallery-icon landscape'>\n\t\t\t\t\t<a class=\"rollover rollover-zoom dt-pswp-item\" title=\"Volontari_al_lavoro\" data-dt-img-description=\"\" data-large_image_width=\"1174\" data-large_image_height=\"727\"href='https:\/\/www.radiopiu.net\/wordpress\/wp-content\/uploads\/2023\/09\/Volontari_al_lavoro.jpg'><img loading=\"lazy\" decoding=\"async\" width=\"150\" height=\"150\" src=\"https:\/\/www.radiopiu.net\/wordpress\/wp-content\/uploads\/2023\/09\/Volontari_al_lavoro-150x150.jpg\" class=\"attachment-thumbnail size-thumbnail\" alt=\"\" \/><\/a>\n\t\t\t\t<\/dt><\/dl><dl class='gallery-item'>\n\t\t\t\t<dt class='gallery-icon portrait'>\n\t\t\t\t\t<a class=\"rollover rollover-zoom dt-pswp-item\" title=\"Sulla_strada_romana\" data-dt-img-description=\"\" data-large_image_width=\"1530\" data-large_image_height=\"2040\"href='https:\/\/www.radiopiu.net\/wordpress\/wp-content\/uploads\/2023\/09\/Sulla_strada_romana.jpg'><img loading=\"lazy\" decoding=\"async\" width=\"150\" height=\"150\" src=\"https:\/\/www.radiopiu.net\/wordpress\/wp-content\/uploads\/2023\/09\/Sulla_strada_romana-150x150.jpg\" class=\"attachment-thumbnail size-thumbnail\" alt=\"\" \/><\/a>\n\t\t\t\t<\/dt><\/dl><br style=\"clear: both\" \/>\n\t\t\t<\/div>\n\n<div class=\"page\" title=\"Page 1\">\n<div class=\"layoutArea\">\n<div class=\"column\">\n<p>&nbsp;<\/p>\n<p>&nbsp;<\/p>\n<hr \/>\n<p>&nbsp;<\/p>\n<blockquote>\n<h3>HORECA 2023 A LONGARONE FIERE<\/h3>\n<\/blockquote>\n<p><strong>LONGARONE <\/strong>La terza edizione di Horeca 2023, la fiera dedicata all&#8217;ospitalit\u00e0 e all&#8217;accoglienza, si terr\u00e0 a Longarone Fiere Dolomiti dal 2 al 4 ottobre e si aprir\u00e0 con un evento culinario preparato dallo chef stellato Graziano Prest, presidente di Fipe Belluno. L&#8217;inaugurazione includer\u00e0 un aperitivo curato da Aibes (l&#8217;associazione italiana barman) e Confcooperative Belluno-Treviso. Durante l&#8217;inaugurazione, verr\u00e0 anche premiata l&#8217;iniziativa &#8220;The Land of Venice &#8211; Food Excellence&#8221;, che riconosce i ristoranti di eccellenza del Veneto attraverso una comparazione tra le guide gastronomiche pi\u00f9 note (Michelin, Gambero Rosso ed Espresso). Saranno premiati 47 ristoranti veneti di eccellenza con una targa di benemerenza realizzata con il legno di Vaia. Horeca 2023 si concentra sulla promozione delle potenzialit\u00e0 del settore turistico e dell&#8217;accoglienza, con un programma tecnico rivolto agli addetti ai lavori. Longarone Fiere Dolomiti svolge un ruolo importante nel supportare il turismo e nel valorizzare le potenzialit\u00e0 del territorio, situato tra le Dolomiti e Venezia.<\/p>\n\n\t\t\t<style type='text\/css'>\n\t\t\t\t#gallery-8 {\n\t\t\t\t\tmargin: auto;\n\t\t\t\t}\n\t\t\t\t#gallery-8 .gallery-item {\n\t\t\t\t\tfloat: left;\n\t\t\t\t\tmargin-top: 10px;\n\t\t\t\t\ttext-align: center;\n\t\t\t\t\twidth: 50%;\n\t\t\t\t}\n\t\t\t\t#gallery-8 img {\n\t\t\t\t\tborder: 2px solid #cfcfcf;\n\t\t\t\t}\n\t\t\t\t#gallery-8 .gallery-caption {\n\t\t\t\t\tmargin-left: 0;\n\t\t\t\t}\n\t\t\t\t\/* see gallery_shortcode() in wp-includes\/media.php *\/\n\t\t\t<\/style>\n\t\t<div id='gallery-8' class='dt-gallery-container gallery galleryid-353695 gallery-columns-2 gallery-size-medium'><dl class='gallery-item'>\n\t\t\t\t<dt class='gallery-icon landscape'>\n\t\t\t\t\t<a class=\"rollover rollover-zoom dt-pswp-item\" title=\"Dolomiti HoReCa 2023_02\" data-dt-img-description=\"\" data-large_image_width=\"2200\" data-large_image_height=\"1463\"href='https:\/\/www.radiopiu.net\/wordpress\/wp-content\/uploads\/2023\/09\/Dolomiti-HoReCa-2023_02.jpg'><img loading=\"lazy\" decoding=\"async\" width=\"300\" height=\"200\" src=\"https:\/\/www.radiopiu.net\/wordpress\/wp-content\/uploads\/2023\/09\/Dolomiti-HoReCa-2023_02-300x200.jpg\" class=\"attachment-medium size-medium\" alt=\"\" srcset=\"https:\/\/www.radiopiu.net\/wordpress\/wp-content\/uploads\/2023\/09\/Dolomiti-HoReCa-2023_02-300x200.jpg 300w, https:\/\/www.radiopiu.net\/wordpress\/wp-content\/uploads\/2023\/09\/Dolomiti-HoReCa-2023_02-1024x681.jpg 1024w, https:\/\/www.radiopiu.net\/wordpress\/wp-content\/uploads\/2023\/09\/Dolomiti-HoReCa-2023_02-768x511.jpg 768w, https:\/\/www.radiopiu.net\/wordpress\/wp-content\/uploads\/2023\/09\/Dolomiti-HoReCa-2023_02-1536x1021.jpg 1536w, https:\/\/www.radiopiu.net\/wordpress\/wp-content\/uploads\/2023\/09\/Dolomiti-HoReCa-2023_02-2048x1362.jpg 2048w\" sizes=\"auto, (max-width: 300px) 100vw, 300px\" \/><\/a>\n\t\t\t\t<\/dt><\/dl><dl class='gallery-item'>\n\t\t\t\t<dt class='gallery-icon landscape'>\n\t\t\t\t\t<a class=\"rollover rollover-zoom dt-pswp-item\" title=\"Dolomiti HoReCa 2023_03\" data-dt-img-description=\"\" data-large_image_width=\"2300\" data-large_image_height=\"1469\"href='https:\/\/www.radiopiu.net\/wordpress\/wp-content\/uploads\/2023\/09\/Dolomiti-HoReCa-2023_03.jpg'><img loading=\"lazy\" decoding=\"async\" width=\"300\" height=\"192\" src=\"https:\/\/www.radiopiu.net\/wordpress\/wp-content\/uploads\/2023\/09\/Dolomiti-HoReCa-2023_03-300x192.jpg\" class=\"attachment-medium size-medium\" alt=\"\" srcset=\"https:\/\/www.radiopiu.net\/wordpress\/wp-content\/uploads\/2023\/09\/Dolomiti-HoReCa-2023_03-300x192.jpg 300w, https:\/\/www.radiopiu.net\/wordpress\/wp-content\/uploads\/2023\/09\/Dolomiti-HoReCa-2023_03-1024x654.jpg 1024w, https:\/\/www.radiopiu.net\/wordpress\/wp-content\/uploads\/2023\/09\/Dolomiti-HoReCa-2023_03-768x491.jpg 768w, https:\/\/www.radiopiu.net\/wordpress\/wp-content\/uploads\/2023\/09\/Dolomiti-HoReCa-2023_03-1536x981.jpg 1536w, https:\/\/www.radiopiu.net\/wordpress\/wp-content\/uploads\/2023\/09\/Dolomiti-HoReCa-2023_03-2048x1308.jpg 2048w\" sizes=\"auto, (max-width: 300px) 100vw, 300px\" \/><\/a>\n\t\t\t\t<\/dt><\/dl><br style=\"clear: both\" \/>\n\t\t\t<\/div>\n\n<p>&nbsp;<\/p>\n<p>&nbsp;<\/p>\n<hr \/>\n<p>&nbsp;<\/p>\n<\/div>\n<\/div>\n<\/div>\n<blockquote>\n<h3>RIVOLUZIONE DIGITALE: TRAIETTORIE DI SVILUPPO NELLE IMPRESE ICT SGUARDO SUL VENETO E CONFRONTO CON EMILIA-ROMAGNA E LOMBARDIA<\/h3>\n<\/blockquote>\n<p><strong><a class=\"dt-pswp-item\" href=\"https:\/\/www.radiopiu.net\/wordpress\/wp-content\/uploads\/2023\/09\/MANO-PC-COMPUTER.jpg\" data-dt-img-description=\"\" data-large_image_width=\"1280\" data-large_image_height=\"853\"><img loading=\"lazy\" decoding=\"async\" class=\" wp-image-353765 alignleft\" src=\"https:\/\/www.radiopiu.net\/wordpress\/wp-content\/uploads\/2023\/09\/MANO-PC-COMPUTER-300x200.jpg\" alt=\"\" width=\"162\" height=\"108\" srcset=\"https:\/\/www.radiopiu.net\/wordpress\/wp-content\/uploads\/2023\/09\/MANO-PC-COMPUTER-300x200.jpg 300w, https:\/\/www.radiopiu.net\/wordpress\/wp-content\/uploads\/2023\/09\/MANO-PC-COMPUTER-1024x682.jpg 1024w, https:\/\/www.radiopiu.net\/wordpress\/wp-content\/uploads\/2023\/09\/MANO-PC-COMPUTER-768x512.jpg 768w, https:\/\/www.radiopiu.net\/wordpress\/wp-content\/uploads\/2023\/09\/MANO-PC-COMPUTER.jpg 1280w\" sizes=\"auto, (max-width: 162px) 100vw, 162px\" \/><\/a>TREVISO<\/strong> Negli ultimi dieci anni, il settore delle aziende ICT in Veneto \u00e8 cresciuto di 1.400 unit\u00e0, registrando un aumento del 11,5%. A Belluno, tuttavia, si \u00e8 verificata una contrazione di 20 aziende (-6,5%), mentre Treviso ha registrato un aumento di 286 aziende (+13,7%). A livello nazionale, la Lombardia ha trainato l&#8217;Italia con una crescita del 17,9%, seguita dall&#8217;Emilia-Romagna con un aumento del 14,4%. Il Presidente della Camera di Commercio di Treviso &#8211; Belluno Mario Pozza ha commentato questi dati positivi, evidenziando l&#8217;importanza del settore ICT in Veneto. Attualmente, ci sono 13.500 imprese e filiali nel settore ICT nella regione, che impiegano oltre 49.000 lavoratori. Treviso ospita circa 2.400 di queste imprese, con circa 9.000 addetti, mentre Belluno ne ospita circa 300 con circa 700 addetti. Il report ha anche confrontato le dinamiche del settore ICT in Veneto con quelle delle regioni limitrofe della Lombardia e dell&#8217;Emilia-Romagna. Pozza ha sottolineato che il settore della produzione software, che coinvolge la maggior parte delle imprese e degli addetti nel settore, ha visto una crescita del 35-38% in Veneto e Treviso negli ultimi 10 anni, in linea con Lombardia ed Emilia-Romagna. Tuttavia, i dati relativi a Belluno mostrano una stabilit\u00e0 nel numero di imprese dedite alla produzione di software negli ultimi 10 anni, con una leggera flessione tra il 2013 e il 2018 e un recupero negli ultimi 5 anni. Pozza ha sottolineato l&#8217;importanza della digitalizzazione e ha invitato a cambiare strategia per puntare sulla digitalizzazione delle aree interne, comprese le zone montane, al fine di rendere il Veneto pi\u00f9 competitivo. Ha evidenziato la necessit\u00e0 di una strategia digitale d&#8217;insieme e ha sottolineato il ruolo dell&#8217;ICT nel guidare l&#8217;intero sistema economico verso le sfide della digitalizzazione. La Camera di Commercio si impegna a favorire la creazione di sinergie tra imprese e istituzioni accademiche e auspica l&#8217;ingresso di nuovi investimenti nel settore ICT.<\/p>\n<p>&nbsp;<\/p>\n<p>&nbsp;<\/p>\n<hr \/>\n<p>&nbsp;<\/p>\n<blockquote>\n<h3 class=\"entry-title\">SONO 118.000 LE FAMIGLIE VENETE IN POVERTA\u2019 ENERGETICA<\/h3>\n<\/blockquote>\n<p class=\"photoswipe-wrapper\"><a class=\"dt-pswp-item pspw-wrap-ready\" href=\"https:\/\/www.radiopiu.net\/wordpress\/wp-content\/uploads\/2023\/09\/Schermata-2023-09-23-alle-09.19.39.png\" data-dt-img-description=\"\" data-large_image_width=\"1034\" data-large_image_height=\"1436\"><img loading=\"lazy\" decoding=\"async\" class=\"size-medium wp-image-353741 alignleft\" src=\"https:\/\/www.radiopiu.net\/wordpress\/wp-content\/uploads\/2023\/09\/Schermata-2023-09-23-alle-09.19.39-216x300.png\" sizes=\"auto, (max-width: 216px) 100vw, 216px\" srcset=\"https:\/\/www.radiopiu.net\/wordpress\/wp-content\/uploads\/2023\/09\/Schermata-2023-09-23-alle-09.19.39-216x300.png 216w, https:\/\/www.radiopiu.net\/wordpress\/wp-content\/uploads\/2023\/09\/Schermata-2023-09-23-alle-09.19.39-737x1024.png 737w, https:\/\/www.radiopiu.net\/wordpress\/wp-content\/uploads\/2023\/09\/Schermata-2023-09-23-alle-09.19.39-768x1067.png 768w, https:\/\/www.radiopiu.net\/wordpress\/wp-content\/uploads\/2023\/09\/Schermata-2023-09-23-alle-09.19.39.png 1034w\" alt=\"\" width=\"216\" height=\"300\" \/><\/a>Sono quasi 118.000 le famiglie venete in povert\u00e0 energetica (PE). Stiamo parlando di 267 mila persone che nel 2021 vivevano in abitazioni poco salubri, scarsamente riscaldate d\u2019inverno, poco raffrescate d\u2019estate, con livelli di illuminazione scadenti e con un utilizzo molto contenuto dei principali elettrodomestici bianchi. I nuclei familiari pi\u00f9 a rischio sono costituiti da un elevato numero di persone, si trovano in condizioni di disagio economico e le abitazioni in cui vivono sono in cattivo stato di conservazione. A livello territoriale la situazione pi\u00f9 critica si verifica in Calabria, dove il 16,7 per cento delle famiglie, composte da 304.675 individui, si trova in condizioni di PE. Seguono la Puglia (16,4 per cento), il Molise (16 per cento), la Basilicata (15 per cento) e la Sicilia (14,6 per cento). Il Veneto si colloca nella parte bassa della graduatoria con un\u2019incidenza delle famiglie in PE del 5,6 per cento. Le regioni, invece, meno interessate da questo fenomeno sono la Lombardia (5,3 per cento delle famiglie totali), la Liguria (4,8 per cento) e, in particolar modo, le Marche (4,6 per cento). Il dato medio nazionale \u00e8 pari all\u20198,5 per cento ed \u00e8 in crescita dello 0,5 per cento rispetto al 2020 (vedi Tab. 1).<\/p>\n<p>A dirlo \u00e8 l\u2019Ufficio studi della CGIA che ha elaborato i dati ripresi dal Rapporto OIPE 2023. Per il Veneto questi risultati non sono particolarmente preoccupanti, ma nemmeno da trascurare, anche perch\u00e9 sono certamente sottodimensionati, poich\u00e9 riferiti a prima dello shock energetico scoppiato nel nostro Paese a inizio del 2022. Le principali condizioni professionali del capofamiglia che si trovano in PE sono, in linea di massima, tre: disoccupato, pensionato solo e in molti casi, sottolinea la CGIA, gli occupati come lavoratori autonomi. Va infine sottolineato che le famiglie pi\u00f9 a rischio PE, anche a Nordest, sono quelle che utilizzano il gas\/metano quale principale fonte di riscaldamento. Coloro che invece utilizzano altri combustibili (bombole a gas, pellet, gasolio, legna, kerosene, etc.), presentano valori percentuali di rischio pi\u00f9 contenuti.<\/p>\n<p><strong>Rispetto al pre-Covid, oggi il costo del gas e dell\u2019energia elettrica e pi\u00f9 che raddoppiato<\/strong><br \/>\nSebbene la spesa delle famiglie e delle imprese per le bollette di luce e del gas sia in calo da parecchi mesi, l\u2019incremento dei costi energetici rispetto al periodo pre-Covid rimane ancora molto elevato. Se il prezzo medio del gas naturale nel 2019 era pari a 16 euro\/MWh, ad agosto di quest\u2019anno ha toccato i 34 euro\/MWh (+112 per cento). L\u2019energia elettrica, invece, nel 2019 costava mediamente poco pi\u00f9 di 52 euro\/MWh, il mese scorso ha raggiunto i 112 euro\/MWh (+115 per cento). Dopo i picchi raggiunti nell\u2019agosto del 2022, i prezzi del gas e dell\u2019energia elettrica sono tornati a scendere. Oggi sono praticamente in linea con quelli che avevamo tra luglio e agosto del 2021 (vedi Graf. 1 e Graf. 2).<\/p>\n<p><strong class=\"photoswipe-wrapper\"><a class=\"dt-pswp-item pspw-wrap-ready\" href=\"https:\/\/www.radiopiu.net\/wordpress\/wp-content\/uploads\/2023\/09\/Schermata-2023-09-23-alle-09.19.50.png\" data-dt-img-description=\"\" data-large_image_width=\"1280\" data-large_image_height=\"830\"><img loading=\"lazy\" decoding=\"async\" class=\"size-medium wp-image-353740 alignleft\" src=\"https:\/\/www.radiopiu.net\/wordpress\/wp-content\/uploads\/2023\/09\/Schermata-2023-09-23-alle-09.19.50-300x195.png\" sizes=\"auto, (max-width: 300px) 100vw, 300px\" srcset=\"https:\/\/www.radiopiu.net\/wordpress\/wp-content\/uploads\/2023\/09\/Schermata-2023-09-23-alle-09.19.50-300x195.png 300w, https:\/\/www.radiopiu.net\/wordpress\/wp-content\/uploads\/2023\/09\/Schermata-2023-09-23-alle-09.19.50-1024x664.png 1024w, https:\/\/www.radiopiu.net\/wordpress\/wp-content\/uploads\/2023\/09\/Schermata-2023-09-23-alle-09.19.50-768x498.png 768w, https:\/\/www.radiopiu.net\/wordpress\/wp-content\/uploads\/2023\/09\/Schermata-2023-09-23-alle-09.19.50.png 1280w\" alt=\"\" width=\"300\" height=\"195\" \/><\/a>Gli autonomi pagano due volte gli aumenti delle bollette<\/strong><br \/>\nI costi energetici continuano a preoccupare ancora tantissime famiglie, anche alla luce delle scadenze previste entro la fine di questo mese. Se, infatti, non verranno prorogati gli aiuti messi in campo dal governo Meloni con la legge di bilancio 2023, dal prossimo mese di ottobre avremo un deciso aumento delle bollette e a pagarne il conto saranno soprattutto le famiglie dei lavoratori autonomi. Nel ricordare che il 70 per cento circa degli artigiani e dei commercianti lavora da solo, ovvero non ha n\u00e9 dipendenti n\u00e9 collaboratori familiari, moltissimi artigiani, tantissimi piccoli commercianti e altrettante partite Iva hanno pagato due volte l\u2019impennata delle bollette di luce e gas verificatasi negli ultimi due anni. La prima come utenti domestici e la seconda come micro imprenditori per riscaldare\/raffrescare e illuminare le proprie botteghe e negozi. Segnaliamo, infine, che sebbene il rischio povert\u00e0 o esclusione sociale delle famiglie presenti in Italia in questi ultimi anni sia diminuito, anche nel 2022 quelle con un reddito principale da lavoro autonomo presentavano un rischio povert\u00e0 pari al 19,9 per cento del totale, contro il 17,2 per cento delle famiglie con fonte di reddito principale da lavoro dipendente. Purtroppo, anche dopo il Covid, la crisi energetica e il boom dell\u2019inflazione i nuclei in cui il capofamiglia \u00e8 un lavoratore autonomo continuano ad avere maggiori fragilit\u00e0 economiche e sociali di quelle dei lavoratori dipendenti. Questi bonus, pertanto, vanno prorogati, almeno sino alla fine del prossimo inverno, per dare un sostegno a chi ancora adesso si trova in una condizione di difficolt\u00e0 economica. Purtroppo, le previsioni non sono per nulla rassicuranti; secondo Nomisma Energia a partire dal prossimo mese di ottobre le bollette potrebbero subire un aumento oscillante tra il 7 e il 10 per cento.<\/p>\n<p><strong class=\"photoswipe-wrapper\"><a class=\"dt-pswp-item pspw-wrap-ready\" href=\"https:\/\/www.radiopiu.net\/wordpress\/wp-content\/uploads\/2023\/09\/Schermata-2023-09-23-alle-09.19.58.png\" data-dt-img-description=\"\" data-large_image_width=\"1280\" data-large_image_height=\"830\"><img loading=\"lazy\" decoding=\"async\" class=\"size-medium wp-image-353739 alignleft\" src=\"https:\/\/www.radiopiu.net\/wordpress\/wp-content\/uploads\/2023\/09\/Schermata-2023-09-23-alle-09.19.58-300x195.png\" sizes=\"auto, (max-width: 300px) 100vw, 300px\" srcset=\"https:\/\/www.radiopiu.net\/wordpress\/wp-content\/uploads\/2023\/09\/Schermata-2023-09-23-alle-09.19.58-300x195.png 300w, https:\/\/www.radiopiu.net\/wordpress\/wp-content\/uploads\/2023\/09\/Schermata-2023-09-23-alle-09.19.58-1024x664.png 1024w, https:\/\/www.radiopiu.net\/wordpress\/wp-content\/uploads\/2023\/09\/Schermata-2023-09-23-alle-09.19.58-768x498.png 768w, https:\/\/www.radiopiu.net\/wordpress\/wp-content\/uploads\/2023\/09\/Schermata-2023-09-23-alle-09.19.58.png 1280w\" alt=\"\" width=\"300\" height=\"195\" \/><\/a>A fine settembre decadono i bonus energia<\/strong><\/p>\n<p>Nel biennio 2022-2023 i governi Draghi e Meloni hanno introdotto alcune misure di contenimento della spesa per le bollette di luce e gas per famiglie e imprese di oltre 91 miliardi di euro. L\u2019esecutivo in carica ha annunciato che i provvedimenti ancora in vigore e destinati a decadere il prossimo 30 settembre saranno prorogati nel Consiglio dei Ministri di luned\u00ec prossimo. Essi sono:<\/p>\n<p>Iva ridotta al 5 per cento sulle somministrazioni di gas metano per usi civili e industriali (l\u2019aliquota ordinaria \u00e8 al 10 per cento). La riduzione dell\u2019Iva vale anche per il teleriscaldamento e per l\u2019energia prodotta con il gas metano;<\/p>\n<p>azzeramento degli oneri di sistema sulle bollette del gas (gli oneri di sistema sulle bollette dell\u2019energia elettrica sono invece stati reintrodotti dal 1\u00b0 aprile 2023);<br \/>\npotenziamento dei bonus luce e gas per le famiglie in condizioni di disagio economico e fisico: l\u2019assegno ordinario continuer\u00e0 ad essere affiancato da un bonus straordinario che aumenter\u00e0 l\u2019importo dello sconto.<\/p>\n<p>Va altres\u00ec ricordato che, invece, \u00e8 scaduta lo scorso mese di giugno la misura che prevedeva crediti d\u2019imposta al 40 e al 45 per cento per le aziende che avevano registrato incrementi di prezzo in bolletta superiori al 30 per cento rispetto al 2019.<\/p>\n<p>&nbsp;<\/p>\n<p>&nbsp;<\/p>\n<hr \/>\n<p>&nbsp;<\/p>\n<blockquote>\n<h3>LA 24ESIMA EDIZIONE DI BABY&#8217;S BAZAR A BELLUNO<\/h3>\n<p><em>Pi\u00f9 di 300 bancarelle gestite da oltre 600 baby commercianti. Come sempre il ricavato andr\u00e0 tutto in beneficenza.<\/em><\/p><\/blockquote>\n<p><strong>BELLUNO<\/strong> Ventiquattresima edizione a Belluno del \u201cBaby\u2019s bazar dei bambini\u201d, mostra-mercato-scambio riservata ad \u201caspiranti commercianti\u201d di et\u00e0 compresa fra i 6 ed i 14 anni. L\u2019iniziativa \u00e8 proposta nella suggestiva cornice di Piazza dei Martiri dal Circolo ricreativo Vigili del fuoco in collaborazione con Unicef, Comando provinciale Vigili del fuoco e Comune di Belluno. Tra la giuria anche Radio Pi\u00f9.<\/p>\n<div class=\"articlePlainText\">Premiate le tre bancarelle pi\u00f9 originali. Al terzo posto &#8220;L&#8217;albero della natura&#8221; di Melissa.\u00a0 Seconda piazza per Alice e Camilla,\u00a0 hanno allestito \u00ab&#8221;Il teatrino delle marionette&#8221; che vendevano cose alle persone\u00bb. Il primo premio \u00e8 andato a &#8220;Il giardino delle meraviglie&#8221; di Aurora. \u00abHo pensato questa bancarella perch\u00e9 sentivo parlare di cani e animali maltrattati. Met\u00e0 del ricavato lo dar\u00f2 all&#8217;Apaca di Belluno\u00bb.<\/div>\n\n\t\t\t<style type='text\/css'>\n\t\t\t\t#gallery-9 {\n\t\t\t\t\tmargin: auto;\n\t\t\t\t}\n\t\t\t\t#gallery-9 .gallery-item {\n\t\t\t\t\tfloat: left;\n\t\t\t\t\tmargin-top: 10px;\n\t\t\t\t\ttext-align: center;\n\t\t\t\t\twidth: 25%;\n\t\t\t\t}\n\t\t\t\t#gallery-9 img {\n\t\t\t\t\tborder: 2px solid #cfcfcf;\n\t\t\t\t}\n\t\t\t\t#gallery-9 .gallery-caption {\n\t\t\t\t\tmargin-left: 0;\n\t\t\t\t}\n\t\t\t\t\/* see gallery_shortcode() in wp-includes\/media.php *\/\n\t\t\t<\/style>\n\t\t<div id='gallery-9' class='dt-gallery-container gallery galleryid-353695 gallery-columns-4 gallery-size-thumbnail'><dl class='gallery-item'>\n\t\t\t\t<dt class='gallery-icon landscape'>\n\t\t\t\t\t<a class=\"rollover rollover-zoom dt-pswp-item\" title=\"1978f7cc-2d4f-4b61-b789-57b7b6fb3baa\" data-dt-img-description=\"\" data-large_image_width=\"1024\" data-large_image_height=\"576\"href='https:\/\/www.radiopiu.net\/wordpress\/wp-content\/uploads\/2023\/09\/1978f7cc-2d4f-4b61-b789-57b7b6fb3baa.jpg'><img loading=\"lazy\" decoding=\"async\" width=\"150\" height=\"150\" src=\"https:\/\/www.radiopiu.net\/wordpress\/wp-content\/uploads\/2023\/09\/1978f7cc-2d4f-4b61-b789-57b7b6fb3baa-150x150.jpg\" class=\"attachment-thumbnail size-thumbnail\" alt=\"\" \/><\/a>\n\t\t\t\t<\/dt><\/dl><dl class='gallery-item'>\n\t\t\t\t<dt class='gallery-icon landscape'>\n\t\t\t\t\t<a class=\"rollover rollover-zoom dt-pswp-item\" title=\"97e6160d-144a-4775-97bf-93bd9b012e25\" data-dt-img-description=\"\" data-large_image_width=\"1024\" data-large_image_height=\"897\"href='https:\/\/www.radiopiu.net\/wordpress\/wp-content\/uploads\/2023\/09\/97e6160d-144a-4775-97bf-93bd9b012e25.jpg'><img loading=\"lazy\" decoding=\"async\" width=\"150\" height=\"150\" src=\"https:\/\/www.radiopiu.net\/wordpress\/wp-content\/uploads\/2023\/09\/97e6160d-144a-4775-97bf-93bd9b012e25-150x150.jpg\" class=\"attachment-thumbnail size-thumbnail\" alt=\"\" \/><\/a>\n\t\t\t\t<\/dt><\/dl><dl class='gallery-item'>\n\t\t\t\t<dt class='gallery-icon landscape'>\n\t\t\t\t\t<a class=\"rollover rollover-zoom dt-pswp-item\" title=\"a6be20b5-41e2-4ae3-88d5-db966a9e9697\" data-dt-img-description=\"\" data-large_image_width=\"1024\" data-large_image_height=\"768\"href='https:\/\/www.radiopiu.net\/wordpress\/wp-content\/uploads\/2023\/09\/a6be20b5-41e2-4ae3-88d5-db966a9e9697.jpg'><img loading=\"lazy\" decoding=\"async\" width=\"150\" height=\"150\" src=\"https:\/\/www.radiopiu.net\/wordpress\/wp-content\/uploads\/2023\/09\/a6be20b5-41e2-4ae3-88d5-db966a9e9697-150x150.jpg\" class=\"attachment-thumbnail size-thumbnail\" alt=\"\" \/><\/a>\n\t\t\t\t<\/dt><\/dl><dl class='gallery-item'>\n\t\t\t\t<dt class='gallery-icon landscape'>\n\t\t\t\t\t<a class=\"rollover rollover-zoom dt-pswp-item\" title=\"ab51b5be-3e4c-40a9-aa79-c5f50c76cc65\" data-dt-img-description=\"\" data-large_image_width=\"1024\" data-large_image_height=\"768\"href='https:\/\/www.radiopiu.net\/wordpress\/wp-content\/uploads\/2023\/09\/ab51b5be-3e4c-40a9-aa79-c5f50c76cc65.jpg'><img loading=\"lazy\" decoding=\"async\" width=\"150\" height=\"150\" src=\"https:\/\/www.radiopiu.net\/wordpress\/wp-content\/uploads\/2023\/09\/ab51b5be-3e4c-40a9-aa79-c5f50c76cc65-150x150.jpg\" class=\"attachment-thumbnail size-thumbnail\" alt=\"\" \/><\/a>\n\t\t\t\t<\/dt><\/dl><br style=\"clear: both\" \/><dl class='gallery-item'>\n\t\t\t\t<dt class='gallery-icon landscape'>\n\t\t\t\t\t<a class=\"rollover rollover-zoom dt-pswp-item\" title=\"fc978101-df77-4952-85d9-b76da345463d\" data-dt-img-description=\"\" data-large_image_width=\"1024\" data-large_image_height=\"768\"href='https:\/\/www.radiopiu.net\/wordpress\/wp-content\/uploads\/2023\/09\/fc978101-df77-4952-85d9-b76da345463d.jpg'><img loading=\"lazy\" decoding=\"async\" width=\"150\" height=\"150\" src=\"https:\/\/www.radiopiu.net\/wordpress\/wp-content\/uploads\/2023\/09\/fc978101-df77-4952-85d9-b76da345463d-150x150.jpg\" class=\"attachment-thumbnail size-thumbnail\" alt=\"\" \/><\/a>\n\t\t\t\t<\/dt><\/dl><dl class='gallery-item'>\n\t\t\t\t<dt class='gallery-icon landscape'>\n\t\t\t\t\t<a class=\"rollover rollover-zoom dt-pswp-item\" title=\"98af7419-8ad0-4f01-9012-aa5e6c53dc8c\" data-dt-img-description=\"\" data-large_image_width=\"1024\" data-large_image_height=\"768\"href='https:\/\/www.radiopiu.net\/wordpress\/wp-content\/uploads\/2023\/09\/98af7419-8ad0-4f01-9012-aa5e6c53dc8c.jpg'><img loading=\"lazy\" decoding=\"async\" width=\"150\" height=\"150\" src=\"https:\/\/www.radiopiu.net\/wordpress\/wp-content\/uploads\/2023\/09\/98af7419-8ad0-4f01-9012-aa5e6c53dc8c-150x150.jpg\" class=\"attachment-thumbnail size-thumbnail\" alt=\"\" \/><\/a>\n\t\t\t\t<\/dt><\/dl><dl class='gallery-item'>\n\t\t\t\t<dt class='gallery-icon landscape'>\n\t\t\t\t\t<a class=\"rollover rollover-zoom dt-pswp-item\" title=\"5b1810a9-2bf3-4f7b-ae10-0ba406412dbf\" data-dt-img-description=\"\" data-large_image_width=\"1024\" data-large_image_height=\"768\"href='https:\/\/www.radiopiu.net\/wordpress\/wp-content\/uploads\/2023\/09\/5b1810a9-2bf3-4f7b-ae10-0ba406412dbf.jpg'><img loading=\"lazy\" decoding=\"async\" width=\"150\" height=\"150\" src=\"https:\/\/www.radiopiu.net\/wordpress\/wp-content\/uploads\/2023\/09\/5b1810a9-2bf3-4f7b-ae10-0ba406412dbf-150x150.jpg\" class=\"attachment-thumbnail size-thumbnail\" alt=\"\" \/><\/a>\n\t\t\t\t<\/dt><\/dl>\n\t\t\t\t<br style='clear: both' \/>\n\t\t\t<\/div>\n\n<p>&nbsp;<\/p>\n<hr \/>\n<p>&nbsp;<\/p>\n<p>&nbsp;<\/p>\n<p><a class=\"dt-pswp-item\" href=\"https:\/\/www.radiopiu.net\/wordpress\/wp-content\/uploads\/2023\/09\/Senza-nome-59.png\" data-dt-img-description=\"\" data-large_image_width=\"454\" data-large_image_height=\"653\"><img loading=\"lazy\" decoding=\"async\" class=\"size-medium wp-image-353953 alignleft\" src=\"https:\/\/www.radiopiu.net\/wordpress\/wp-content\/uploads\/2023\/09\/Senza-nome-59-209x300.png\" alt=\"\" width=\"209\" height=\"300\" srcset=\"https:\/\/www.radiopiu.net\/wordpress\/wp-content\/uploads\/2023\/09\/Senza-nome-59-209x300.png 209w, https:\/\/www.radiopiu.net\/wordpress\/wp-content\/uploads\/2023\/09\/Senza-nome-59.png 454w\" sizes=\"auto, (max-width: 209px) 100vw, 209px\" \/><\/a><strong>GEOGRAFIA QUESTA SCONOSCIUTA, ennesima puntata.<\/strong><\/p>\n<p>&nbsp;<\/p>\n<p><span style=\"color: #ff0000;\">Tratto da &#8220;Donna&#8221;, inserto del sabato di Repubblica.<\/span><br \/>\nAnche Bramezza di Rocca Pietore \u00e8 passata al Trentino, fortunatamente solo secondo l&#8217;articolo di giornale. Vi assicuriamo che Costante da Bramezza \u00e8 registrato all&#8217;anagrafe del Comune rocchesano.<\/p>\n<p>&nbsp;<\/p>\n<p>&nbsp;<\/p>\n<p>&nbsp;<\/p>\n<p>&nbsp;<\/p>\n<p>&nbsp;<\/p>\n<hr \/>\n<p>&nbsp;<\/p>\n<blockquote>\n<h3>CONSIGLIO COMUNALE A TAIBON<\/h3>\n<\/blockquote>\n<p><strong>TAIBON<\/strong> Consiglio comunale mercoled\u00ec alle 18. Si parler\u00e0 di una variazione a bilancio, l&#8217;approvazione di modifiche al regolamento edilizio, di una convenzione con il comune di Voltago per l&#8217;utilizzo di personale pubblico ed eventuali comunicazioni del sindaco.<\/p>\n<p>&nbsp;<\/p>\n<p>&nbsp;<\/p>\n<hr \/>\n<p>&nbsp;<\/p>\n<div dir=\"auto\">\n<blockquote>\n<h3 class=\"photoswipe-wrapper\">MANIFESTAZIONE REGIONALE PER LA SANITA\u2019 PUBBLICA<a class=\"dt-pswp-item pspw-wrap-ready\" href=\"https:\/\/www.radiopiu.net\/wordpress\/wp-content\/uploads\/2023\/09\/image.png\" data-dt-img-description=\"\" data-large_image_width=\"1448\" data-large_image_height=\"2048\"><img loading=\"lazy\" decoding=\"async\" class=\" wp-image-352533 alignleft\" src=\"https:\/\/www.radiopiu.net\/wordpress\/wp-content\/uploads\/2023\/09\/image-212x300.png\" sizes=\"auto, (max-width: 173px) 100vw, 173px\" srcset=\"https:\/\/www.radiopiu.net\/wordpress\/wp-content\/uploads\/2023\/09\/image-212x300.png 212w, https:\/\/www.radiopiu.net\/wordpress\/wp-content\/uploads\/2023\/09\/image-724x1024.png 724w, https:\/\/www.radiopiu.net\/wordpress\/wp-content\/uploads\/2023\/09\/image-768x1086.png 768w, https:\/\/www.radiopiu.net\/wordpress\/wp-content\/uploads\/2023\/09\/image-1086x1536.png 1086w, https:\/\/www.radiopiu.net\/wordpress\/wp-content\/uploads\/2023\/09\/image.png 1448w\" alt=\"\" width=\"131\" height=\"186\" \/><\/a><\/h3>\n<div dir=\"auto\">\n<div id=\"m_-5898961077552835042:r8p:\">\n<div dir=\"auto\"><em>Le \u201d persone fragili\u201d uno dei cinque punti dell\u2019Appello della 3^ Manifestazione regionale che si terr\u00e0 a Belluno il 28 ottobre prossimo.<\/em><\/div>\n<\/div>\n<\/div>\n<\/blockquote>\n<p><strong>BELLUNO\u00a0<\/strong> La scelta del Campus Tina Merlin non \u00e8 a caso: qui si \u201crespirano\u201d 248 anni di storia e dove nel 1911 venne istituito il grande manicomio provinciale, chiuso nel 1978 con la Legge Basaglia.\u00a0 Tra quelle mura parleranno:\u00a0 Micaela Coletti e la sua \u201cpsicologia dell\u2019emergenza: il caso Vajont\u201d ;\u00a0 Tiberio Monar \u201cci\u00f2 che oggi succede nella sanit\u00e0 pubblica\u201d. Infine, ma non per importanza, la voce di Luana Calabrese , Aitsam ,ci racconter\u00e0 delle sue \u201cbattaglie\u201d per ridare dignit\u00e0 alle persone con disagio. La manifestazione regionale per la sanit\u00e0 pubblica avr\u00e0 luogo\u00a0 il 28 ottobre a partire dalle 14:30.<\/p>\n<p>&nbsp;<\/p>\n<p>&nbsp;<\/p>\n<blockquote>\n<h3><a class=\"dt-pswp-item\" href=\"https:\/\/www.radiopiu.net\/wordpress\/wp-content\/uploads\/2023\/09\/via-maestra.jpg\" data-dt-img-description=\"\" data-large_image_width=\"334\" data-large_image_height=\"464\"><img loading=\"lazy\" decoding=\"async\" class=\"wp-image-353388 alignleft\" src=\"https:\/\/www.radiopiu.net\/wordpress\/wp-content\/uploads\/2023\/09\/via-maestra-216x300.jpg\" alt=\"\" width=\"123\" height=\"171\" srcset=\"https:\/\/www.radiopiu.net\/wordpress\/wp-content\/uploads\/2023\/09\/via-maestra-216x300.jpg 216w, https:\/\/www.radiopiu.net\/wordpress\/wp-content\/uploads\/2023\/09\/via-maestra.jpg 334w\" sizes=\"auto, (max-width: 123px) 100vw, 123px\" \/><\/a><span style=\"color: #ff0000;\"><strong>7 OTTOBRE LA GRANDE MANIFESTAZIONE A ROMA, 2 PULLMAN IN PARTENZA DA BELLUNO E FELTRE, OGGI alle 10.30 e alle 19 ne parliamo con Maria Rita Gentilin, segretaria dello Spi Cgil di Belluno.<\/strong><\/span><\/h3>\n<\/blockquote>\n<\/div>\n<div dir=\"auto\"><\/div>\n<div dir=\"auto\"><\/div>\n<div dir=\"auto\"><\/div>\n<div dir=\"auto\"><\/div>\n<div dir=\"auto\"><\/div>\n<div dir=\"auto\">\n<hr \/>\n<\/div>\n<div dir=\"auto\"><\/div>\n<blockquote>\n<h3 dir=\"auto\">A NOVEMBRE RIPRENDONO I CORSI DI GINNASTICA POSTURALE<\/h3>\n<\/blockquote>\n<p><strong>CANALE D&#8217;AGORDO<\/strong> Riprendono il 27 novembre i corsi di ginnastica posturale con la fisioterapista Silvana Andrich. Otto lezioni presso la Casa Del Popolo in Via Roma. Info ed iscrizioni al 377 9665237<\/p>\n<p>&nbsp;<\/p>\n<p>&nbsp;<\/p>\n<hr \/>\n<p>&nbsp;<\/p>\n<h2><span style=\"color: #ff6600;\">ALLA RADIO<\/span><\/h2>\n<h2><strong><a class=\"dt-pswp-item\" href=\"https:\/\/www.radiopiu.net\/wordpress\/wp-content\/uploads\/2020\/12\/DON-GIORGIO-LISE.jpg\" data-dt-img-description=\"\" data-large_image_width=\"1600\" data-large_image_height=\"901\"><img loading=\"lazy\" decoding=\"async\" class=\" wp-image-177420 alignleft\" src=\"https:\/\/www.radiopiu.net\/wordpress\/wp-content\/uploads\/2020\/12\/DON-GIORGIO-LISE-300x169.jpg\" alt=\"\" width=\"213\" height=\"120\" srcset=\"https:\/\/www.radiopiu.net\/wordpress\/wp-content\/uploads\/2020\/12\/DON-GIORGIO-LISE-300x169.jpg 300w, https:\/\/www.radiopiu.net\/wordpress\/wp-content\/uploads\/2020\/12\/DON-GIORGIO-LISE-1024x577.jpg 1024w, https:\/\/www.radiopiu.net\/wordpress\/wp-content\/uploads\/2020\/12\/DON-GIORGIO-LISE-768x432.jpg 768w, https:\/\/www.radiopiu.net\/wordpress\/wp-content\/uploads\/2020\/12\/DON-GIORGIO-LISE-1536x865.jpg 1536w, https:\/\/www.radiopiu.net\/wordpress\/wp-content\/uploads\/2020\/12\/DON-GIORGIO-LISE.jpg 1600w\" sizes=\"auto, (max-width: 213px) 100vw, 213px\" \/><\/a><\/strong><span style=\"color: #008080;\">DUE MINUTI PER TE<\/span><\/h2>\n<p><strong>APPUNTAMENTO DELLA DOMENICA CON IL PENSIERO DI MONSIGNOR GIORGIO LISE<\/strong><\/p>\n<audio class=\"wp-audio-shortcode\" id=\"audio-353695-6\" preload=\"none\" style=\"width: 100%;\" controls=\"controls\"><source type=\"audio\/mpeg\" src=\"https:\/\/www.radiopiu.net\/wordpress\/wp-content\/uploads\/2023\/09\/DON-GIORGIO-3.mp3?_=6\" \/><a href=\"https:\/\/www.radiopiu.net\/wordpress\/wp-content\/uploads\/2023\/09\/DON-GIORGIO-3.mp3\">https:\/\/www.radiopiu.net\/wordpress\/wp-content\/uploads\/2023\/09\/DON-GIORGIO-3.mp3<\/a><\/audio>\n<p>&nbsp;<\/p>\n<hr \/>\n<p>&nbsp;<\/p>\n<blockquote><p><span style=\"color: #ff0000;\"><strong>VERSO LA SE DESMONTEGHEA DI FALCADE\u00a0<\/strong><\/span><\/p>\n<p><a class=\"dt-pswp-item\" href=\"https:\/\/www.radiopiu.net\/wordpress\/wp-content\/uploads\/2023\/09\/16ae7805-26bd-4f7c-a34e-6308a1c88a22.jpg\" data-dt-img-description=\"\" data-large_image_width=\"1600\" data-large_image_height=\"777\"><img loading=\"lazy\" decoding=\"async\" class=\"size-medium wp-image-353259 aligncenter\" src=\"https:\/\/www.radiopiu.net\/wordpress\/wp-content\/uploads\/2023\/09\/16ae7805-26bd-4f7c-a34e-6308a1c88a22-300x146.jpg\" alt=\"\" width=\"300\" height=\"146\" srcset=\"https:\/\/www.radiopiu.net\/wordpress\/wp-content\/uploads\/2023\/09\/16ae7805-26bd-4f7c-a34e-6308a1c88a22-300x146.jpg 300w, https:\/\/www.radiopiu.net\/wordpress\/wp-content\/uploads\/2023\/09\/16ae7805-26bd-4f7c-a34e-6308a1c88a22-1024x497.jpg 1024w, https:\/\/www.radiopiu.net\/wordpress\/wp-content\/uploads\/2023\/09\/16ae7805-26bd-4f7c-a34e-6308a1c88a22-768x373.jpg 768w, https:\/\/www.radiopiu.net\/wordpress\/wp-content\/uploads\/2023\/09\/16ae7805-26bd-4f7c-a34e-6308a1c88a22-1536x746.jpg 1536w, https:\/\/www.radiopiu.net\/wordpress\/wp-content\/uploads\/2023\/09\/16ae7805-26bd-4f7c-a34e-6308a1c88a22.jpg 1600w\" sizes=\"auto, (max-width: 300px) 100vw, 300px\" \/><\/a><\/p><\/blockquote>\n<p>&nbsp;<\/p>\n<hr \/>\n<p>&nbsp;<\/p>\n<h2><span style=\"color: #ff0000;\">GLI APPUNTAMENTI DELLA SETTIMANA\u00a0<\/span><\/h2>\n<blockquote>\n<h3>IL TENORE RICCARDO PISANI A BELLUNO<\/h3>\n<\/blockquote>\n<p><strong><a class=\"dt-pswp-item\" href=\"https:\/\/www.radiopiu.net\/wordpress\/wp-content\/uploads\/2023\/09\/Pisani_Cera_ArteMusica.jpeg\" data-dt-img-description=\"\" data-large_image_width=\"1040\" data-large_image_height=\"721\"><img loading=\"lazy\" decoding=\"async\" class=\" wp-image-353343 alignleft\" src=\"https:\/\/www.radiopiu.net\/wordpress\/wp-content\/uploads\/2023\/09\/Pisani_Cera_ArteMusica-300x208.jpeg\" alt=\"\" width=\"164\" height=\"114\" srcset=\"https:\/\/www.radiopiu.net\/wordpress\/wp-content\/uploads\/2023\/09\/Pisani_Cera_ArteMusica-300x208.jpeg 300w, https:\/\/www.radiopiu.net\/wordpress\/wp-content\/uploads\/2023\/09\/Pisani_Cera_ArteMusica-1024x710.jpeg 1024w, https:\/\/www.radiopiu.net\/wordpress\/wp-content\/uploads\/2023\/09\/Pisani_Cera_ArteMusica-768x532.jpeg 768w, https:\/\/www.radiopiu.net\/wordpress\/wp-content\/uploads\/2023\/09\/Pisani_Cera_ArteMusica.jpeg 1040w\" sizes=\"auto, (max-width: 164px) 100vw, 164px\" \/><\/a>BELLUNO<\/strong> &#8220;Alla musica di Francesco Rasi, poliedrica figura di cantante, poeta, compositore e strumentista, non \u00e8 stato ancora riservato il posto di rilievo che merita nel repertorio vocale italiano del primo seicento&#8221;, scrivono Francesco Cera e Riccardo Pisani. E il concerto di Belluno mira proprio a riproporre le musiche del protagonista dell&#8217;opera e del canto solistico, domani ore 20:30. Auditorium del Liceo Lollino, con un evento di rilevanza, perch\u00e9 il Circolo Culturale Bellunese ha invitato una formazione internazionale di primo piano, composta dal tenore Riccardo Pisani, dal maestro Francesco Cera clavicembalo, fondatore e direttore di Ensemble Arte e Musica. Il concerto apre la seconda parte della 70a Stagione del Circolo Culturale Bellunese. Informazioni e note di sala complete su: belcircolo.org<\/p>\n<p>&nbsp;<\/p>\n<blockquote>\n<h3><a class=\"dt-pswp-item\" href=\"https:\/\/www.radiopiu.net\/wordpress\/wp-content\/uploads\/2023\/09\/PARAFARMACIA-AGORDO.png\" data-dt-img-description=\"\" data-large_image_width=\"617\" data-large_image_height=\"424\"><img loading=\"lazy\" decoding=\"async\" class=\" wp-image-353366 alignleft\" src=\"https:\/\/www.radiopiu.net\/wordpress\/wp-content\/uploads\/2023\/09\/PARAFARMACIA-AGORDO-300x206.png\" alt=\"\" width=\"164\" height=\"112\" srcset=\"https:\/\/www.radiopiu.net\/wordpress\/wp-content\/uploads\/2023\/09\/PARAFARMACIA-AGORDO-300x206.png 300w, https:\/\/www.radiopiu.net\/wordpress\/wp-content\/uploads\/2023\/09\/PARAFARMACIA-AGORDO.png 617w\" sizes=\"auto, (max-width: 164px) 100vw, 164px\" \/><\/a>DENSIOMETRIA OSSEA ALLA PARAFARMACIA DI AGORDO<\/h3>\n<\/blockquote>\n<p>Giornata gratuita dedicata alla densitometria ossea GIOVEDI 28 SETTEMBRE, AD AGORDO. Nel punto vendita erboristico e sanitario della dottoressa Nadia Bulf, presso l&#8217;area commerciale GANZ, il teste gratuito, una durata di CIRCA 20 minuti, informazioni e prenotazioni 0437 86683, sui social o passando direttamente in negozio.<\/p>\n<p>&nbsp;<\/p>\n<blockquote>\n<h3>DAL 28 AL 30 SETTEMBRE IO GIOCO A BELLUNO<\/h3>\n<\/blockquote>\n<p><strong>BELLUNO<\/strong> Saranno tre giorni dedicati a bambini e ragazzi con laboratori e incontri dedicati ai pi\u00f9 giovani. A Belluno, alla Casa Delle Arti Spazio EX, torna &#8220;Io Gioco&#8221;. Per il programma completo <a href=\"https:\/\/www.radiopiu.net\/wordpress\/wp-content\/uploads\/2023\/09\/PROGRAMMA-IOGIOCO_2023OK.pdf\">clicca qui<\/a><\/p>\n<p>&nbsp;<\/p>\n<blockquote>\n<h3>CONCERTO D\u2019AUTUNNO<\/h3>\n<\/blockquote>\n<p><strong>COLLE SANTA LUCIA<\/strong> Sabato alle 20:30 nella Chiesa di Santa Fosca appuntamento con il Conzert D\u2019Auton con l\u2019ensamble MusiCol<\/p>\n<p>&nbsp;<\/p>\n<blockquote>\n<h3>LA TESI DI LAUREA DI ELEONORA PESCOSTA<\/h3>\n<\/blockquote>\n<p><strong>FALCADE<\/strong> Sabato 30 settembre in Sala Cinsigliare di Falcade appuntamento con L&#8217;estate delle biblioteche. Sar\u00e0 presentata la tesi di laurea di Eleonora Pescosta.<\/p>\n<p>&nbsp;<\/p>\n<h2><span style=\"color: #ff0000;\">PROSSIMAMENTE&#8230;<\/span><\/h2>\n<blockquote>\n<h3>I 50 ANNI DELLA PRO LOCO DI CENCENIGHE<\/h3>\n<\/blockquote>\n<p><strong>CENCENIGHE<\/strong> Mezzo secolo di vita per la Pro Loco di Cencenighe che sabato 7 ottobre festegger\u00e0 il traguardo dei 50 anni al Nof Fil\u00f2 di Cencenighe. Alle 17:30 l&#8217;excursus sulla storia dell&#8217;associazione in serata festa anni &#8217;80 con DJ Jack<\/p>\n<p>&nbsp;<\/p>\n<p>GALA&#8217; BOLLICINA, QUARTA EDIZIONE. DOMENICA 22 OTTOBRE DALLE 11 ALLE 17 AL NOF FILO&#8217; DI CENCENIGHE. OSPITE D&#8217;ONORE IL SOMMELIER PLURIPREMIATO, LUCA GARDINI, MIGLIOR SOMMELIER AL MONDO 2020 E OGGI AMBASCIATORE DEL METODO CLASSICO. UN EVENTO &#8220;OH PER BACCO, VINI E SAPORI DELLE DOLOMITI.<br \/>\nGALA&#8217; BOLLICINA, DOMENICA 22 OTTOBRE DALLE 11 ALLE 17 AL NOF FILO&#8217; DI CENCENIGHE: 80 BOLLICINE IN DEGUSTAZIONE, 60 AZIENDE PRESENTI, CICCHETTERIA OH PER BACCO, FINGER FOOD E CUCINA &#8220;COSTA&#8221; (o chiusa, come costicina). diretta su radio piu&#8217; E DALLE 17 ALL&#8217;OH PER BACCO AFTER PARTY CON MORGAN DJ info 348 2779135<\/p>\n<p>&nbsp;<\/p>\n<p><a class=\"dt-pswp-item\" href=\"https:\/\/www.radiopiu.net\/wordpress\/wp-content\/uploads\/2023\/09\/880aa720-47e8-48f2-a5b8-7382d84557b2.jpg\" data-dt-img-description=\"\" data-large_image_width=\"1080\" data-large_image_height=\"1533\"><img loading=\"lazy\" decoding=\"async\" class=\"size-medium wp-image-353010 aligncenter\" src=\"https:\/\/www.radiopiu.net\/wordpress\/wp-content\/uploads\/2023\/09\/880aa720-47e8-48f2-a5b8-7382d84557b2-211x300.jpg\" alt=\"\" width=\"211\" height=\"300\" srcset=\"https:\/\/www.radiopiu.net\/wordpress\/wp-content\/uploads\/2023\/09\/880aa720-47e8-48f2-a5b8-7382d84557b2-211x300.jpg 211w, https:\/\/www.radiopiu.net\/wordpress\/wp-content\/uploads\/2023\/09\/880aa720-47e8-48f2-a5b8-7382d84557b2-721x1024.jpg 721w, https:\/\/www.radiopiu.net\/wordpress\/wp-content\/uploads\/2023\/09\/880aa720-47e8-48f2-a5b8-7382d84557b2-768x1090.jpg 768w, https:\/\/www.radiopiu.net\/wordpress\/wp-content\/uploads\/2023\/09\/880aa720-47e8-48f2-a5b8-7382d84557b2.jpg 1080w\" sizes=\"auto, (max-width: 211px) 100vw, 211px\" \/><\/a><\/p>\n<p>&nbsp;<\/p>\n<p>&nbsp;<\/p>\n<p>&nbsp;<\/p>\n<hr \/>\n<p>&nbsp;<\/p>\n<blockquote>\n<h3>STASERA LA PRESENTAZIONE DELL&#8217;ALBUM &#8220;NEL CASSETTO DEL CUORE&#8221; DI GIANNIANTONIO CASSISI<\/h3>\n<\/blockquote>\n<p><strong>REDAZIONE<\/strong> Appuntamento da non perdere stasera alle 20:30 su Radio Pi\u00f9. Ospite della serata Gianniantonio Cassisi che presenter\u00e0 il suo album &#8220;Nel Cassetto Del Cuore&#8221;, 11 brani da tenere nel cassetto del cuore. Ospiti in studio assieme a Gianniantonio Cassisi anche Piero Bolzan dello studio di registrazione audio gruppo, Tiziana Iudica vocal coach e Fabio De Min produttore. Un programma di Mirko Mezzacasa e Moreno Tocchetto<\/p>\n<p><strong>IL PROMO ALLA RADIO<\/strong><\/p>\n<audio class=\"wp-audio-shortcode\" id=\"audio-353695-7\" preload=\"none\" style=\"width: 100%;\" controls=\"controls\"><source type=\"audio\/mpeg\" src=\"https:\/\/www.radiopiu.net\/wordpress\/wp-content\/uploads\/2023\/09\/WhatsApp-Audio-2023-09-22-at-15.51.20.mp3?_=7\" \/><a href=\"https:\/\/www.radiopiu.net\/wordpress\/wp-content\/uploads\/2023\/09\/WhatsApp-Audio-2023-09-22-at-15.51.20.mp3\">https:\/\/www.radiopiu.net\/wordpress\/wp-content\/uploads\/2023\/09\/WhatsApp-Audio-2023-09-22-at-15.51.20.mp3<\/a><\/audio>\n<p>&nbsp;<\/p>\n\n\t\t\t<style type='text\/css'>\n\t\t\t\t#gallery-10 {\n\t\t\t\t\tmargin: auto;\n\t\t\t\t}\n\t\t\t\t#gallery-10 .gallery-item {\n\t\t\t\t\tfloat: left;\n\t\t\t\t\tmargin-top: 10px;\n\t\t\t\t\ttext-align: center;\n\t\t\t\t\twidth: 33%;\n\t\t\t\t}\n\t\t\t\t#gallery-10 img {\n\t\t\t\t\tborder: 2px solid #cfcfcf;\n\t\t\t\t}\n\t\t\t\t#gallery-10 .gallery-caption {\n\t\t\t\t\tmargin-left: 0;\n\t\t\t\t}\n\t\t\t\t\/* see gallery_shortcode() in wp-includes\/media.php *\/\n\t\t\t<\/style>\n\t\t<div id='gallery-10' class='dt-gallery-container gallery galleryid-353695 gallery-columns-3 gallery-size-thumbnail'><dl class='gallery-item'>\n\t\t\t\t<dt class='gallery-icon landscape'>\n\t\t\t\t\t<a class=\"rollover rollover-zoom dt-pswp-item\" title=\"43f2025f-9f8c-4942-b20c-eceda4eb0d8b\" data-dt-img-description=\"\" data-large_image_width=\"1600\" data-large_image_height=\"1142\"href='https:\/\/www.radiopiu.net\/wordpress\/wp-content\/uploads\/2023\/09\/43f2025f-9f8c-4942-b20c-eceda4eb0d8b.jpg'><img loading=\"lazy\" decoding=\"async\" width=\"150\" height=\"150\" src=\"https:\/\/www.radiopiu.net\/wordpress\/wp-content\/uploads\/2023\/09\/43f2025f-9f8c-4942-b20c-eceda4eb0d8b-150x150.jpg\" class=\"attachment-thumbnail size-thumbnail\" alt=\"\" \/><\/a>\n\t\t\t\t<\/dt><\/dl><dl class='gallery-item'>\n\t\t\t\t<dt class='gallery-icon landscape'>\n\t\t\t\t\t<a class=\"rollover rollover-zoom dt-pswp-item\" title=\"8f1ec793-033a-44e5-8064-ccd0adc4228b\" data-dt-img-description=\"\" data-large_image_width=\"850\" data-large_image_height=\"850\"href='https:\/\/www.radiopiu.net\/wordpress\/wp-content\/uploads\/2023\/09\/8f1ec793-033a-44e5-8064-ccd0adc4228b.jpg'><img loading=\"lazy\" decoding=\"async\" width=\"150\" height=\"150\" src=\"https:\/\/www.radiopiu.net\/wordpress\/wp-content\/uploads\/2023\/09\/8f1ec793-033a-44e5-8064-ccd0adc4228b-150x150.jpg\" class=\"attachment-thumbnail size-thumbnail\" alt=\"\" srcset=\"https:\/\/www.radiopiu.net\/wordpress\/wp-content\/uploads\/2023\/09\/8f1ec793-033a-44e5-8064-ccd0adc4228b-150x150.jpg 150w, https:\/\/www.radiopiu.net\/wordpress\/wp-content\/uploads\/2023\/09\/8f1ec793-033a-44e5-8064-ccd0adc4228b-300x300.jpg 300w, https:\/\/www.radiopiu.net\/wordpress\/wp-content\/uploads\/2023\/09\/8f1ec793-033a-44e5-8064-ccd0adc4228b-768x768.jpg 768w, https:\/\/www.radiopiu.net\/wordpress\/wp-content\/uploads\/2023\/09\/8f1ec793-033a-44e5-8064-ccd0adc4228b.jpg 850w\" sizes=\"auto, (max-width: 150px) 100vw, 150px\" \/><\/a>\n\t\t\t\t<\/dt><\/dl><dl class='gallery-item'>\n\t\t\t\t<dt class='gallery-icon portrait'>\n\t\t\t\t\t<a class=\"rollover rollover-zoom dt-pswp-item\" title=\"48f8067e-b1ac-4174-8545-95fdaa256e57\" data-dt-img-description=\"\" data-large_image_width=\"1142\" data-large_image_height=\"1600\"href='https:\/\/www.radiopiu.net\/wordpress\/wp-content\/uploads\/2023\/09\/48f8067e-b1ac-4174-8545-95fdaa256e57.jpg'><img loading=\"lazy\" decoding=\"async\" width=\"150\" height=\"150\" src=\"https:\/\/www.radiopiu.net\/wordpress\/wp-content\/uploads\/2023\/09\/48f8067e-b1ac-4174-8545-95fdaa256e57-150x150.jpg\" class=\"attachment-thumbnail size-thumbnail\" alt=\"\" \/><\/a>\n\t\t\t\t<\/dt><\/dl><br style=\"clear: both\" \/>\n\t\t\t<\/div>\n\n<p>&nbsp;<\/p>\n<hr \/>\n<p>&nbsp;<\/p>\n<blockquote class=\"wp-embedded-content\" data-secret=\"fKVu0mRAz6\"><p><a href=\"https:\/\/www.radiopiu.net\/wordpress\/la-costruzione-in-pietra-del-ponte-di-lantrago-e-le-grandi-alluvioni-a-la-valle-agordina-nella-seconda-meta-del-1800-quinta-parte\/\">LA COSTRUZIONE IN PIETRA DEL PONTE DI LANTRAGO E LE GRANDI ALLUVIONI A LA VALLE AGORDINA NELLA SECONDA META\u2019 DEL 1800  &#8211; QUINTA PARTE<\/a><\/p><\/blockquote>\n<p><iframe loading=\"lazy\" class=\"wp-embedded-content\" sandbox=\"allow-scripts\" security=\"restricted\" style=\"position: absolute; clip: rect(1px, 1px, 1px, 1px);\" title=\"&#8220;LA COSTRUZIONE IN PIETRA DEL PONTE DI LANTRAGO E LE GRANDI ALLUVIONI A LA VALLE AGORDINA NELLA SECONDA META\u2019 DEL 1800  &#8211; QUINTA PARTE&#8221; &#8212; Radio Pi\u00f9\" src=\"https:\/\/www.radiopiu.net\/wordpress\/la-costruzione-in-pietra-del-ponte-di-lantrago-e-le-grandi-alluvioni-a-la-valle-agordina-nella-seconda-meta-del-1800-quinta-parte\/embed\/#?secret=p7iiYHdfBj#?secret=fKVu0mRAz6\" data-secret=\"fKVu0mRAz6\" width=\"600\" height=\"338\" frameborder=\"0\" marginwidth=\"0\" marginheight=\"0\" scrolling=\"no\"><\/iframe><\/p>\n<p>&nbsp;<\/p>\n<hr \/>\n<p>&nbsp;<\/p>\n<div class=\"message spoilers-container\" dir=\"auto\">\n<div class=\"column\">\n<div class=\"message spoilers-container\" dir=\"auto\">\n<div class=\"column\">\n<p><img loading=\"lazy\" decoding=\"async\" class=\"aligncenter wp-image-61954 size-full\" src=\"https:\/\/www.radiopiu.net\/wordpress\/wp-content\/uploads\/2018\/09\/viabilita.jpeg\" sizes=\"auto, (max-width: 800px) 100vw, 800px\" srcset=\"https:\/\/www.radiopiu.net\/wordpress\/wp-content\/uploads\/2018\/09\/viabilita.jpeg 800w, https:\/\/www.radiopiu.net\/wordpress\/wp-content\/uploads\/2018\/09\/viabilita-300x38.jpeg 300w, https:\/\/www.radiopiu.net\/wordpress\/wp-content\/uploads\/2018\/09\/viabilita-768x96.jpeg 768w\" alt=\"\" width=\"800\" height=\"100\" \/><\/p>\n<\/div>\n<\/div>\n<div class=\"message spoilers-container\" dir=\"auto\">\n<div class=\"column\">\n<p>&nbsp;<\/p>\n<\/div>\n<\/div>\n<\/div>\n<\/div>\n<blockquote class=\"wp-embedded-content\" data-secret=\"gFWUt9lb0j\"><p><a href=\"https:\/\/www.radiopiu.net\/wordpress\/viabilita\/\">viabilita<\/a><\/p><\/blockquote>\n<p><iframe loading=\"lazy\" class=\"wp-embedded-content\" sandbox=\"allow-scripts\" security=\"restricted\" style=\"position: absolute; clip: rect(1px, 1px, 1px, 1px);\" title=\"&#8220;viabilita&#8221; &#8212; Radio Pi\u00f9\" src=\"https:\/\/www.radiopiu.net\/wordpress\/viabilita\/embed\/#?secret=bLzQLoAyfG#?secret=gFWUt9lb0j\" data-secret=\"gFWUt9lb0j\" width=\"600\" height=\"338\" frameborder=\"0\" marginwidth=\"0\" marginheight=\"0\" scrolling=\"no\"><\/iframe><\/p>\n<div class=\"message spoilers-container\" dir=\"auto\">\n<div class=\"column\">\n<div class=\"message spoilers-container\" dir=\"auto\">\n<div class=\"column\">\n<div>\n<div dir=\"ltr\">\n<div class=\"gmail_quote\">\n<div dir=\"ltr\">\n<div><\/div>\n<div><\/div>\n<div><\/div>\n<\/div>\n<\/div>\n<\/div>\n<\/div>\n<hr \/>\n<p>&nbsp;<\/p>\n<p><a class=\"dt-pswp-item\" href=\"https:\/\/www.radiopiu.net\/wordpress\/wp-content\/uploads\/2018\/09\/WhatsApp-Image-2018-09-20-at-16.04.06.jpeg\" data-dt-img-description=\"\" data-large_image_width=\"800\" data-large_image_height=\"100\"><img loading=\"lazy\" decoding=\"async\" class=\"wp-image-61378 size-full aligncenter\" src=\"https:\/\/www.radiopiu.net\/wordpress\/wp-content\/uploads\/2018\/09\/WhatsApp-Image-2018-09-20-at-16.04.06.jpeg\" alt=\"\" width=\"800\" height=\"100\" srcset=\"https:\/\/www.radiopiu.net\/wordpress\/wp-content\/uploads\/2018\/09\/WhatsApp-Image-2018-09-20-at-16.04.06.jpeg 800w, https:\/\/www.radiopiu.net\/wordpress\/wp-content\/uploads\/2018\/09\/WhatsApp-Image-2018-09-20-at-16.04.06-300x38.jpeg 300w, https:\/\/www.radiopiu.net\/wordpress\/wp-content\/uploads\/2018\/09\/WhatsApp-Image-2018-09-20-at-16.04.06-768x96.jpeg 768w\" sizes=\"auto, (max-width: 800px) 100vw, 800px\" \/><\/a><\/p>\n<\/div>\n<\/div>\n<p>&nbsp;<\/p>\n<\/div>\n<\/div>\n<p><center><b>OGGI<\/b><\/center>Tempo pi\u00f9 soleggiato e stabile rispetto a domenica, salvo temporanei e modesti annuvolamenti per nubi basse in alcune valli nelle ore pi\u00f9 fredde in rapido dissolvimento dopo l&#8217;alba.<br \/>\n<b>Precipitazioni: <\/b>Assenti (0%).<br \/>\n<b>Temperature: <\/b>In aumento specie le massime, salvo lievi diminuzioni delle minime nelle valli, su valori superiori alla norma<\/p>\n<hr \/>\n<p><center><b>DOMANI<\/b><\/center><b>Tempo atteso: <\/b>Tempo soleggiato e stabile con clima diurno mite per il periodo e molto gradevole.<br \/>\n<b>Precipitazioni: <\/b>Assenti (0%).<br \/>\n<b>Temperature: <\/b>In aumento specie le minime; escursione termica giornaliera elevata.<\/p>\n<hr \/>\n<p><center><b>MERCOLEDI<\/b><\/center>Stabile e soleggiato, salvo modesti passaggi di nubi alte molto sottili nel corso del pomeriggio che potranno attenuare a tratti e lievemente il soleggiamento. Temperature senza notevoli variazioni, salvo lievi diminuzioni delle massime specie nelle valli, su valori superiori alla norma.<\/p>\n<hr \/>\n<p><center><b>GIOVEDI<\/b><\/center>Ancora tempo stabile e abbastanza soleggiato per possibili passaggi di nubi alte, pi\u00f9 presenti e pi\u00f9 consistenti rispetto quelle di mercoled\u00ec. Temperature senza variazioni di rilievo, salvo lievi diminuzioni delle massime ma con clima ancora mite per il periodo e molto gradevole di giorno<\/p>\n<p>&nbsp;<\/p>\n<div class=\"message spoilers-container\" dir=\"auto\">\n<hr \/>\n<p>&nbsp;<\/p>\n<p><img loading=\"lazy\" decoding=\"async\" class=\"wp-image-60761 size-full aligncenter\" src=\"https:\/\/www.radiopiu.net\/wordpress\/wp-content\/uploads\/2018\/09\/sport.jpg\" alt=\"\" width=\"800\" height=\"100\" srcset=\"https:\/\/www.radiopiu.net\/wordpress\/wp-content\/uploads\/2018\/09\/sport.jpg 800w, https:\/\/www.radiopiu.net\/wordpress\/wp-content\/uploads\/2018\/09\/sport-300x38.jpg 300w, https:\/\/www.radiopiu.net\/wordpress\/wp-content\/uploads\/2018\/09\/sport-768x96.jpg 768w\" sizes=\"auto, (max-width: 800px) 100vw, 800px\" \/><\/p>\n<p>&nbsp;<\/p>\n<p><span style=\"color: #0000ff;\"><strong>HOCKEY SU GHIACCIO<\/strong><\/span><\/p>\n<blockquote>\n<h3 class=\"entry-title\">UNA SCONFITTA ALL\u2019OVERTIME CONTRO I CAMPIONI D\u2019ITALIA APRE LA STAGIONE DELLE CIVETTE<\/h3>\n<\/blockquote>\n<p><strong class=\"photoswipe-wrapper\"><a class=\"dt-pswp-item pspw-wrap-ready\" href=\"https:\/\/www.radiopiu.net\/wordpress\/wp-content\/uploads\/2023\/09\/alleghe-logo-2023.jpg\" data-dt-img-description=\"\" data-large_image_width=\"1024\" data-large_image_height=\"576\"><img loading=\"lazy\" decoding=\"async\" class=\" wp-image-352035 alignleft\" src=\"https:\/\/www.radiopiu.net\/wordpress\/wp-content\/uploads\/2023\/09\/alleghe-logo-2023-300x169.jpg\" sizes=\"auto, (max-width: 208px) 100vw, 208px\" srcset=\"https:\/\/www.radiopiu.net\/wordpress\/wp-content\/uploads\/2023\/09\/alleghe-logo-2023-300x169.jpg 300w, https:\/\/www.radiopiu.net\/wordpress\/wp-content\/uploads\/2023\/09\/alleghe-logo-2023-768x432.jpg 768w, https:\/\/www.radiopiu.net\/wordpress\/wp-content\/uploads\/2023\/09\/alleghe-logo-2023.jpg 1024w\" alt=\"\" width=\"208\" height=\"117\" \/><\/a>Di Marco Gaz<\/strong><\/p>\n<p><span style=\"color: #ff0000;\"><strong>PRIMA GIORNATA IHL<\/strong><\/span><\/p>\n<p><strong>ALLEGHE \u2013 VARESE 1-2 dot<\/strong><\/p>\n<p>PARZIALI: 0-1, 0-0, 1-0, 0-1<\/p>\n<p>GOL: pt. 11\u201910\u201d Vanetti. Tt. 16\u201918\u201d G. Vinatzer. Ot. 3\u201932\u201d Schina<\/p>\n<p>Di fronte a 500 persone, l\u2019Alleghe non vince ma convince contro i campioni in carica del Varese. La squadra di Scapinello fatica ad ingranare la marcia giusta nella prima frazione subendo il gol dal Varese, ma nel secondo terzo tempo fa vedere di che pasta \u00e8 fatta mettendo in difficolt\u00e0 una formazione atleticamente ben preparata che ha fatto vedere del buon hockey. Primo punto stagionale per le civette che perdono all\u2019overtime contro i lombardi dopo una sfida aperta e carica di emozioni. Inizia a ritmi alti la sfida del De Toni. Ad avere le occasioni migliori sono i campioni in carica che impegnano Scola fin da subito. Si lotta su ogni disco ma ad avere la meglio \u00e8 il Varese. Alla prima penalit\u00e0 per gli alleghesi i mastini trovano il vantaggio con Vanetti. La prima occasione delle civette \u00e8 di Martini ma la conclusione non ha centrato i pali. Anche Zherdev ci prova ma il gol non arriva e si va al riposo con i lombardi in vantaggio. Nel secondo periodo i ritmi rimangono alti e le squadre battagliano. Gli agordini le provano tutte per cercare di pareggiare i conti ma i campioni in carica provano a rispondere in contropiede. I biancorossi prendono di mira la porta avversaria ma alla prima disattenzione i mastini si fanno pericolosi costringendo Scola agli straordinari. Nel finale del secondo drittel i lombardi premono approfittando dell\u2019uomo in pi\u00f9. Powerplay che termina senza brutte sorprese ad inizio terza frazione. Ci provano i ragazzi di Scapinello ma la porta varesina sembra stregata e il disco non vuole entrare. Perla sembra essere in serata e riesce a salvare il risultato su un assedio degli agordini. Calano il ritmo le civette e il Varese mette alle corde le civette. Tante le conclusioni verso la porta agordina ma il disco non entra. Campioni in carica che vogliono chiudere la sfida ma Scola \u00e8 una saracinesca e salva il risultato all\u2019ennesimo powerplay della serata. E quando meno te lo aspetti ecco le civette che trovano il pareggio. Ci pensa Gabriel Vinatzer a mettere la firma alla prima rete stagionale degli agordini quando i padroni di casa si trovavano in doppia superiorit\u00e0 numerica. Finale di terzo tempo concitato con i biancorossi alla ricerca della vittoria. Si va all\u2019overtime e si continua a lottare. Ad avere la meglio sono i mastini che a 1\u201928\u201d dal termine trovano il punto supplementare con Schina<\/p>\n<p>&nbsp;<\/p>\n<blockquote>\n<h3>UN FINE SETTIMANA POSITIVO PER LE GIOVANILI ALLEGHE HOCKEY<\/h3>\n<\/blockquote>\n<p><span style=\"color: #ff0000;\"><strong>UNDER 19<\/strong><\/span><\/p>\n<p><strong>CORTINA\/ALLEGHE &#8211; PINEROLO 6-0<\/strong><\/p>\n<p>GOL CORTINA\/ALLEGHE: Sudiro, Zandegiacomo, 2 Esposito, 2 De Luca<\/p>\n<p>Secondo risultato utile consecutivo per la squadra mista bellunese che supera con facilit\u00e0 il Pinerolo allo Stadio Olimpico di Cortina. Match che si chiude nella prima frazione con un secco 4 a 0 dei padroni di casa grazie alle reti di Sudiro, Zandegiacomo, Esposito e De Luca. Nel secondo tempo altre due marcature con Esposito e De Luca che mettono la firma alla doppietta personale. Nell&#8217;ultimo drittel ancora Cortina\/Alleghe che tiene in mano la sfida ma senza infierire sugli avversari.<\/p>\n<p><span style=\"color: #ff0000;\"><strong>UNDER 16<\/strong><\/span><\/p>\n<p><strong>GIORNATA DI RIPOSO<\/strong><\/p>\n<p><span style=\"color: #ff0000;\"><strong>UNDER 14<\/strong><\/span><\/p>\n<p><strong>FASSA &#8211; ALLEGHE\/CORTINA 0-7<\/strong><\/p>\n<p>Esordio ottimo per i giovani under 14 della squadra mista che in terra trentina incamerano i 3 punti. Una sfida a senso unico che ha visto i giovani bellunesi tenere in mano la sfida dall&#8217;inizio alla fine contro il Fassa, concedendo ben poco agli avversari.<\/p>\n<p>&nbsp;<\/p>\n<p><span style=\"color: #0000ff;\"><strong>CALCIO<\/strong><\/span><\/p>\n<blockquote>\n<h3>L&#8217;AGORDINA RIFILA UNA MANITA AL TAMBRE, SECONDA SCONFITTA PER IL PIAVE<\/h3>\n<\/blockquote>\n<p><span style=\"color: #ff0000;\"><strong><a class=\"dt-pswp-item\" href=\"https:\/\/www.radiopiu.net\/wordpress\/wp-content\/uploads\/2022\/10\/CALCIO-2022-e1665937841126.jpg\" data-dt-img-description=\"\" data-large_image_width=\"400\" data-large_image_height=\"250\"><img loading=\"lazy\" decoding=\"async\" class=\" wp-image-301842 alignleft\" src=\"https:\/\/www.radiopiu.net\/wordpress\/wp-content\/uploads\/2022\/10\/CALCIO-2022-e1665937841126-300x188.jpg\" alt=\"\" width=\"187\" height=\"117\" srcset=\"https:\/\/www.radiopiu.net\/wordpress\/wp-content\/uploads\/2022\/10\/CALCIO-2022-e1665937841126-300x188.jpg 300w, https:\/\/www.radiopiu.net\/wordpress\/wp-content\/uploads\/2022\/10\/CALCIO-2022-e1665937841126.jpg 400w\" sizes=\"auto, (max-width: 187px) 100vw, 187px\" \/><\/a><span style=\"color: #000000;\">di Marco Gaz<\/span><\/strong><\/span><\/p>\n<p><span style=\"color: #ff0000;\"><strong>TERZA CATEGORIA<\/strong><\/span><\/p>\n<p><strong>AGORDINA \u2013 TAMBRE 5-0<\/strong><\/p>\n<p>GOL AGORDINA: 3 Pellegrini, Sibillon, Chiea (rig)<\/p>\n<p>L\u2019Agordina di Elvio Chiea incamera la prima vittoria stagionale e lo fa contro il Tambre all\u2019Ivano Dorigo di Agordo. Una sfida dalle due facce con un primo tempo carico di occasioni ma senza gol, nella ripresa la compagine di Agordo ingrana la marcia giusta e trova una rete dopo l\u2019altra. Padroni di casa che iniziano bene la sfida avvicinandosi al gol con Tirabeni e Sibilllon. Prova a rispondere il Tambre ma senza impensierire pi\u00f9 di tanto il portiere Palla. Alla mezz\u2019ora \u00e8 ancora l\u2019Agordina che ci prova con Sibillon ma l\u2019estremo difensore riesce a metterci una pezza. Nella ripresa \u00e8 ancora la squadra di Chiea che fa la voce grossa e al 66\u2019 trova il vantaggio. Palla lunga e colpo di testa di Pellegrini che infila la sfera nel sacco. Il raddoppio 10\u2019 dopo ancora una volta con Pellegrini che va a segno con un rasoterra imprendibile. Terza marcatura dell\u2019Agordina al 40\u2019. Questa volta \u00e8 Sibillon a mettere la firma con una conclusione vincente sul primo palo. Nel finale spazio altre due marcature dei padroni di casa. Al 90\u2019 Chiea trasforma un rigore assegnato per fallo di mano in area e 3\u2019 dopo Pellegrini mette la firma sulla tripletta personale.<\/p>\n<p>&nbsp;<\/p>\n<p><strong>AURONZO \u2013 PIAVE 2-1<\/strong><\/p>\n<p><strong>IL SERVIZIO DI ANDREA BALDASSI, PORTAVOCE DEL PIAVE CALCIO<\/strong><\/p>\n<audio class=\"wp-audio-shortcode\" id=\"audio-353695-8\" preload=\"none\" style=\"width: 100%;\" controls=\"controls\"><source type=\"audio\/mpeg\" src=\"https:\/\/www.radiopiu.net\/wordpress\/wp-content\/uploads\/2023\/09\/BALDA-PIAVE-2.mp3?_=8\" \/><a href=\"https:\/\/www.radiopiu.net\/wordpress\/wp-content\/uploads\/2023\/09\/BALDA-PIAVE-2.mp3\">https:\/\/www.radiopiu.net\/wordpress\/wp-content\/uploads\/2023\/09\/BALDA-PIAVE-2.mp3<\/a><\/audio>\n<p>&nbsp;<\/p>\n<p><span style=\"color: #008000;\"><strong>GIOVANILI AGORDINA<\/strong><\/span><\/p>\n<p><span style=\"color: #ff0000;\"><strong>JUNIORES<\/strong><\/span><\/p>\n<p><strong>SAN FIOR \u2013 AGORDINA 2-3<\/strong><\/p>\n<p>GOL AGORDINA: 2 Marcon, Carlin<\/p>\n<p>Ottimo inizio per l\u2019Agordina Juniores che inizia la stagione strappando una vittoria in terra trevigiana contro il San Fior. L\u2019Agordina va in doppio vantaggio grazie a due azioni fotocopia: Carlin recupera palla sulla tre quarti offensiva e lancia in profondit\u00e0 Marcon che sigla l\u2019uno due che spiazza il San Fior. La partita procede caratterizzata da grande agonismo, specialmente nei duelli a centrocampo fino a che al 47\u2019 il San Fior accorcia le distanze su rigore. Il 3-1 dell\u2019 Agordina arriva ancora con un lancio in profondit\u00e0: Benvegn\u00f9 premia l\u2019inserimento di Carlin che sfrutta la sua velocit\u00e0 e pone la sua firma sul match. Nella frazione finale della partita il San Fior riesce a farsi preferire sul piano fisico e trova il 2-3 con un tiro da fuori area.<\/p>\n<p><span style=\"color: #ff0000;\"><strong>ALLIEVI <\/strong><\/span><\/p>\n<p><strong>AGORDINA \u2013 CASTION 2-2<\/strong><\/p>\n<p>GOL AGORDINA: 2 Soccol<\/p>\n<p>Inizia con un pareggio la stagione degli Allievi dell\u2019Agordina. Due a due contro il Castion dopo una gara combattuta. Ad aprire le marcature la squadra di Belluno che si ripete al 35\u2019. La compagine di Agordo non si fa sorprendere e accorcia le distanze un minuto dopo con Soccol. Pareggio nella ripresa ancora una volta con Soccol che sfrutta un assist di Bressan.<\/p>\n<p><span style=\"color: #ff0000;\"><strong>GIOVANISSIMI<\/strong><\/span><\/p>\n<p><strong>AGORDINA sq. A \u2013 SCHIARA 5-0<\/strong><\/p>\n<p>La prima squadra dell\u2019Agordina Giovanissmi rifila una manita allo Schiara nella prima partita ufficiale della stagione. Tibolla, Da Ronch, Groppa, De Bernardin e Serafini gli autori delle reti in una partita a senso unico.<\/p>\n<p><strong>DYNAMO VELLAI \u2013 AGORDINA sq. B 1-0<\/strong><\/p>\n<p>Seconda sconfitta consecutiva per i giovanissmi della squadra B di Agordo che perdono di misura contro la Dynamo Vellai nella trasferta in terra feltrina. Nonostante tutto una buona partita dei giovani agordini che hanno tenuto testa agli avversari per 60\u2019 prima di subire la marcatura.<\/p>\n<p>&nbsp;<\/p>\n<blockquote>\n<h3>IL FIORI BARP MAS HA PRESENTATO IL SETTORE GIOVANILE<\/h3>\n<\/blockquote>\n<p><strong><a class=\"dt-pswp-item\" href=\"https:\/\/www.radiopiu.net\/wordpress\/wp-content\/uploads\/2023\/09\/1dba1516-6fa5-48bd-bbe9-172e025dc5e9.jpg\" data-dt-img-description=\"\" data-large_image_width=\"960\" data-large_image_height=\"720\"><img loading=\"lazy\" decoding=\"async\" class=\" wp-image-353921 alignleft\" src=\"https:\/\/www.radiopiu.net\/wordpress\/wp-content\/uploads\/2023\/09\/1dba1516-6fa5-48bd-bbe9-172e025dc5e9-300x225.jpg\" alt=\"\" width=\"135\" height=\"101\" srcset=\"https:\/\/www.radiopiu.net\/wordpress\/wp-content\/uploads\/2023\/09\/1dba1516-6fa5-48bd-bbe9-172e025dc5e9-300x225.jpg 300w, https:\/\/www.radiopiu.net\/wordpress\/wp-content\/uploads\/2023\/09\/1dba1516-6fa5-48bd-bbe9-172e025dc5e9-768x576.jpg 768w, https:\/\/www.radiopiu.net\/wordpress\/wp-content\/uploads\/2023\/09\/1dba1516-6fa5-48bd-bbe9-172e025dc5e9.jpg 960w\" sizes=\"auto, (max-width: 135px) 100vw, 135px\" \/><\/a>SEDICO<\/strong><\/p>\n<p>DI ROBERTO BONA<\/p>\n<audio class=\"wp-audio-shortcode\" id=\"audio-353695-9\" preload=\"none\" style=\"width: 100%;\" controls=\"controls\"><source type=\"audio\/mpeg\" src=\"https:\/\/www.radiopiu.net\/wordpress\/wp-content\/uploads\/2023\/09\/FioravanteBarpCalcio.mp3?_=9\" \/><a href=\"https:\/\/www.radiopiu.net\/wordpress\/wp-content\/uploads\/2023\/09\/FioravanteBarpCalcio.mp3\">https:\/\/www.radiopiu.net\/wordpress\/wp-content\/uploads\/2023\/09\/FioravanteBarpCalcio.mp3<\/a><\/audio>\n<p>&nbsp;<\/p>\n<p><span style=\"color: #0000ff;\"><strong>PALLAVOLO<\/strong><\/span><\/p>\n<blockquote>\n<h3>TERMINA IN PAREGGIO IL TEST MATCH DEL BELLUNO VOLLEY<\/h3>\n<\/blockquote>\n<p><b><a class=\"dt-pswp-item\" href=\"https:\/\/www.radiopiu.net\/wordpress\/wp-content\/uploads\/2023\/09\/Mozzato_sotto_rete.jpg\" data-dt-img-description=\"\" data-large_image_width=\"1280\" data-large_image_height=\"853\"><img loading=\"lazy\" decoding=\"async\" class=\" wp-image-353853 alignleft\" src=\"https:\/\/www.radiopiu.net\/wordpress\/wp-content\/uploads\/2023\/09\/Mozzato_sotto_rete-300x200.jpg\" alt=\"\" width=\"167\" height=\"111\" srcset=\"https:\/\/www.radiopiu.net\/wordpress\/wp-content\/uploads\/2023\/09\/Mozzato_sotto_rete-300x200.jpg 300w, https:\/\/www.radiopiu.net\/wordpress\/wp-content\/uploads\/2023\/09\/Mozzato_sotto_rete-1024x682.jpg 1024w, https:\/\/www.radiopiu.net\/wordpress\/wp-content\/uploads\/2023\/09\/Mozzato_sotto_rete-768x512.jpg 768w, https:\/\/www.radiopiu.net\/wordpress\/wp-content\/uploads\/2023\/09\/Mozzato_sotto_rete.jpg 1280w\" sizes=\"auto, (max-width: 167px) 100vw, 167px\" \/><\/a>BELLUNO VOLLEY-VOLLEY TEAM CLUB SAN DON\u00c0 2-2<\/b><\/p>\n<p><b>PARZIALI: <\/b>25-23, 18-25, 25-20, 21-25<\/p>\n<p>Finisce con la divisione della posta un derby veneto, destinato a essere proiettato anche sul grande schermo della Serie A3. Vero, di solito nella pallavolo non \u00e8 contemplato il pareggio. Ma il pre-campionato fa eccezione, essendo la fase utile a sperimentare nuove soluzioni e schermi tattici, affinare la condizione, dare spazio a ogni singolo elemento della rosa. Ed \u00e8 esattamente ci\u00f2 che ha fatto il Belluno Volley, peraltro reduce da una settimana di importanti carichi in allenamento. Alla fine, col Volley Team Club San Don\u00e0, prende forma un inedito 2-2 che fotografa in maniera fedele l\u2019andamento a strappi di un confronto nel segno dell\u2019equilibrio.<\/p>\n<p>&nbsp;<\/p>\n<p><span style=\"color: #0000ff;\"><strong>EQUITAZIONE<\/strong><\/span><\/p>\n<blockquote>\n<h3>OTTIMI RISULTATI PER IL PR RANCH ALLA COPPA ITALIA DI VOLTEGGIO<\/h3>\n<\/blockquote>\n<p><strong>REDAZIONE<\/strong> Un fine settimana carico di emozioni per i ragazzi del PR Ranch di La Valle che ritornato dalla Coppa Italia di Volteggio a Cervia con dei buoni risultati. Nel ludico, al primo anno di partecipazione, si sono distinti Arianna Oldrati, Alice Stieven e Luce Busana con un quinto sposto nella categoria pi\u00f9 giovane. Quinta posizione anche per Giulia Bessegato e Matilde Gastaldello e un&#8217;inaspettata medaglia di argento per Irene De Toni, Alessandro Oldrati e Mattia Giora.<\/p>\n\n\t\t\t<style type='text\/css'>\n\t\t\t\t#gallery-11 {\n\t\t\t\t\tmargin: auto;\n\t\t\t\t}\n\t\t\t\t#gallery-11 .gallery-item {\n\t\t\t\t\tfloat: left;\n\t\t\t\t\tmargin-top: 10px;\n\t\t\t\t\ttext-align: center;\n\t\t\t\t\twidth: 20%;\n\t\t\t\t}\n\t\t\t\t#gallery-11 img {\n\t\t\t\t\tborder: 2px solid #cfcfcf;\n\t\t\t\t}\n\t\t\t\t#gallery-11 .gallery-caption {\n\t\t\t\t\tmargin-left: 0;\n\t\t\t\t}\n\t\t\t\t\/* see gallery_shortcode() in wp-includes\/media.php *\/\n\t\t\t<\/style>\n\t\t<div id='gallery-11' class='dt-gallery-container gallery galleryid-353695 gallery-columns-5 gallery-size-thumbnail'><dl class='gallery-item'>\n\t\t\t\t<dt class='gallery-icon landscape'>\n\t\t\t\t\t<a class=\"rollover rollover-zoom dt-pswp-item\" title=\"5f7bc0bf-6b08-4f93-8198-efa7b8da73ee\" data-dt-img-description=\"\" data-large_image_width=\"1600\" data-large_image_height=\"737\"href='https:\/\/www.radiopiu.net\/wordpress\/wp-content\/uploads\/2023\/09\/5f7bc0bf-6b08-4f93-8198-efa7b8da73ee.jpg'><img loading=\"lazy\" decoding=\"async\" width=\"150\" height=\"150\" src=\"https:\/\/www.radiopiu.net\/wordpress\/wp-content\/uploads\/2023\/09\/5f7bc0bf-6b08-4f93-8198-efa7b8da73ee-150x150.jpg\" class=\"attachment-thumbnail size-thumbnail\" alt=\"\" \/><\/a>\n\t\t\t\t<\/dt><\/dl><dl class='gallery-item'>\n\t\t\t\t<dt class='gallery-icon portrait'>\n\t\t\t\t\t<a class=\"rollover rollover-zoom dt-pswp-item\" title=\"237bb9d2-e6f2-42de-a330-dcfe0419adf9\" data-dt-img-description=\"\" data-large_image_width=\"737\" data-large_image_height=\"1600\"href='https:\/\/www.radiopiu.net\/wordpress\/wp-content\/uploads\/2023\/09\/237bb9d2-e6f2-42de-a330-dcfe0419adf9.jpg'><img loading=\"lazy\" decoding=\"async\" width=\"150\" height=\"150\" src=\"https:\/\/www.radiopiu.net\/wordpress\/wp-content\/uploads\/2023\/09\/237bb9d2-e6f2-42de-a330-dcfe0419adf9-150x150.jpg\" class=\"attachment-thumbnail size-thumbnail\" alt=\"\" \/><\/a>\n\t\t\t\t<\/dt><\/dl><dl class='gallery-item'>\n\t\t\t\t<dt class='gallery-icon landscape'>\n\t\t\t\t\t<a class=\"rollover rollover-zoom dt-pswp-item\" title=\"47380819-0dfc-43f9-9d0f-f604d87232e4\" data-dt-img-description=\"\" data-large_image_width=\"1600\" data-large_image_height=\"737\"href='https:\/\/www.radiopiu.net\/wordpress\/wp-content\/uploads\/2023\/09\/47380819-0dfc-43f9-9d0f-f604d87232e4.jpg'><img loading=\"lazy\" decoding=\"async\" width=\"150\" height=\"150\" src=\"https:\/\/www.radiopiu.net\/wordpress\/wp-content\/uploads\/2023\/09\/47380819-0dfc-43f9-9d0f-f604d87232e4-150x150.jpg\" class=\"attachment-thumbnail size-thumbnail\" alt=\"\" \/><\/a>\n\t\t\t\t<\/dt><\/dl><dl class='gallery-item'>\n\t\t\t\t<dt class='gallery-icon portrait'>\n\t\t\t\t\t<a class=\"rollover rollover-zoom dt-pswp-item\" title=\"48030637-3ab4-4f8d-b108-ca57e49da0a6\" data-dt-img-description=\"\" data-large_image_width=\"1200\" data-large_image_height=\"1600\"href='https:\/\/www.radiopiu.net\/wordpress\/wp-content\/uploads\/2023\/09\/48030637-3ab4-4f8d-b108-ca57e49da0a6.jpg'><img loading=\"lazy\" decoding=\"async\" width=\"150\" height=\"150\" src=\"https:\/\/www.radiopiu.net\/wordpress\/wp-content\/uploads\/2023\/09\/48030637-3ab4-4f8d-b108-ca57e49da0a6-150x150.jpg\" class=\"attachment-thumbnail size-thumbnail\" alt=\"\" \/><\/a>\n\t\t\t\t<\/dt><\/dl><dl class='gallery-item'>\n\t\t\t\t<dt class='gallery-icon portrait'>\n\t\t\t\t\t<a class=\"rollover rollover-zoom dt-pswp-item\" title=\"e0176f37-3a80-42f3-8011-0fbb32afbf73\" data-dt-img-description=\"\" data-large_image_width=\"1200\" data-large_image_height=\"1600\"href='https:\/\/www.radiopiu.net\/wordpress\/wp-content\/uploads\/2023\/09\/e0176f37-3a80-42f3-8011-0fbb32afbf73.jpg'><img loading=\"lazy\" decoding=\"async\" width=\"150\" height=\"150\" src=\"https:\/\/www.radiopiu.net\/wordpress\/wp-content\/uploads\/2023\/09\/e0176f37-3a80-42f3-8011-0fbb32afbf73-150x150.jpg\" class=\"attachment-thumbnail size-thumbnail\" alt=\"\" \/><\/a>\n\t\t\t\t<\/dt><\/dl><br style=\"clear: both\" \/>\n\t\t\t<\/div>\n\n<p><span style=\"color: #0000ff;\"><strong>ATLETICA<\/strong><\/span><\/p>\n<blockquote>\n<h3>GS LA PIAVE 2000 DA TOP TEN<\/h3>\n<\/blockquote>\n<p><strong><a class=\"dt-pswp-item\" href=\"https:\/\/www.radiopiu.net\/wordpress\/wp-content\/uploads\/2023\/09\/Gs-La-Piave-2000_La-squadra-a-Campi-Bisenzio.jpg\" data-dt-img-description=\"\" data-large_image_width=\"1850\" data-large_image_height=\"1152\"><img loading=\"lazy\" decoding=\"async\" class=\" wp-image-353919 alignleft\" src=\"https:\/\/www.radiopiu.net\/wordpress\/wp-content\/uploads\/2023\/09\/Gs-La-Piave-2000_La-squadra-a-Campi-Bisenzio-300x187.jpg\" alt=\"\" width=\"181\" height=\"113\" srcset=\"https:\/\/www.radiopiu.net\/wordpress\/wp-content\/uploads\/2023\/09\/Gs-La-Piave-2000_La-squadra-a-Campi-Bisenzio-300x187.jpg 300w, https:\/\/www.radiopiu.net\/wordpress\/wp-content\/uploads\/2023\/09\/Gs-La-Piave-2000_La-squadra-a-Campi-Bisenzio-1024x638.jpg 1024w, https:\/\/www.radiopiu.net\/wordpress\/wp-content\/uploads\/2023\/09\/Gs-La-Piave-2000_La-squadra-a-Campi-Bisenzio-768x478.jpg 768w, https:\/\/www.radiopiu.net\/wordpress\/wp-content\/uploads\/2023\/09\/Gs-La-Piave-2000_La-squadra-a-Campi-Bisenzio-1536x956.jpg 1536w, https:\/\/www.radiopiu.net\/wordpress\/wp-content\/uploads\/2023\/09\/Gs-La-Piave-2000_La-squadra-a-Campi-Bisenzio.jpg 1850w\" sizes=\"auto, (max-width: 181px) 100vw, 181px\" \/><\/a>BORGO VALBELLUNA<\/strong> Decime in Argento. Le ragazze del Gs La Piave 2000 tagliano il traguardo della loro prima finale tricolore con un risultato da incorniciare: il decimo posto nella finale Argento dei campionati italiani allieve (under 18) di societ\u00e0 su pista, disputata nel weekend a Campi Bisenzio (Firenze), equivale al 22<span lang=\"EN-US\">\u00b0<\/span> posto in Italia, considerando che le prime 12 posizioni sono occupate dalle squadre della finale Oro che in contemporanea, a Perugia, assegnava gli scudetti.\u00a0 La spedizione in Toscana ha offerto al Gs La Piave 2000 anche un argento e due bronzi individuali. Martina Bergamasco Spina \u00e8 giunta seconda nel martello con un ultimo lancio a 35.86. Caterina Pison si \u00e8 piazzata terza nei 200 (25<span lang=\"EN-US\">\u201d<\/span>75 ventoso) dopo un bel quarto posto nei 100 (12<span lang=\"EN-US\">\u201d<\/span>74). Terza anche Chiara Da Pra nell<span lang=\"EN-US\">\u2019<\/span>alto (1.62). Da segnalare, poi, due piazzamenti ai piedi del podio: merito di Silvia Buogo, quarta nei 2000 siepi (7<span lang=\"EN-US\">\u2019<\/span>40<span lang=\"EN-US\">\u201d<\/span>61), e di Angelica Balest, che ha centrato lo stesso risultato nei 5000 metri di marcia (29<span lang=\"EN-US\">\u2019<\/span>24<span lang=\"EN-US\">\u201d<\/span>09).<\/p>\n<p>&nbsp;<\/p>\n<blockquote>\n<h2>PRIMI QUELLI DEL COL DI LANA<\/h2>\n<\/blockquote>\n<div class=\"articlePlainText\"><strong><img loading=\"lazy\" decoding=\"async\" class=\"alignleft\" src=\"https:\/\/www.radiopiu.net\/wordpress\/wp-content\/uploads\/2023\/09\/223462040_10224450630643953_3058857725499591311_n.jpg\" width=\"240\" height=\"159\" \/>AGORDO<\/strong> Il Team Vertical Col di Lana si aggiudica la prima edizione delle &#8220;3 ore dell&#8217;Agordino&#8221;\u00a0 sulla pista dello stadio comunale Ivano Dorigo di Agordo. I vincitori: Matteo Costa, Luca Palla, Igor Palla, Francesca De Col\u00f2, Valentino Costa e Daniele De Col\u00f2. Alle loro\u00a0 spalle, gli Atletici\u00a0 e il Bar Carlin.\u00a0 Primatisti Matteo Costa, Paolo Marcon, Pierpaolo Moretti, Nicol\u00f2 Fontanive, Valentino Costa e Mirco Rossi che ha coperto la maggiore distanza assoluta, meglio anche di Daniele De Col\u00f2 (8,65) e di Emanuele Busin (8,5). Da registrare, infine, la partecipazione di William Da Roit che si \u00e8 cimentato nella &#8220;3 ore dell&#8217;Agordino&#8221; correndo in solitaria per tutte e tre le ore di gara. Al termine della prova, l&#8217;atleta di La Valle Agordina ha percorso oltre ottanta giri di campo, per un 32 chilometri abbondanti.<\/div>\n<div class=\"articlePlainText\"><strong>Squadre maschile<\/strong>:\u00a01. Team Vertical Col di Lana 48.025 metri; 2. Atletici 46.855; 3. Bar Carlin 46.667; 4. Chei da Cence 45.075; 5. Quei da Cesio e company 43.985; 6. Gli amici di Alan 42.280.<\/div>\n<div class=\"articlePlainText\"><strong>Femminile:\u00a0<\/strong>1. Le pantere rosa 42.405; 2. Gli amici di Alan Women 36.<\/div>\n<div><\/div>\n<div>foto archivio<\/div>\n<\/div>\n","protected":false},"excerpt":{"rendered":"<p>40esimo di RADIOPIU\u2026. LA VOCE DELL\u2019EMOZIONE ISCRIVITI AL NOSTRO CANALE\u00a0\u00a0YOUTUBE PER SEGUIRE IN DIRETTA I PRINCIPALI PROGRAMMI DI RADIO PIU\u2019 E LE FUTURE DIRETTE IN ESTERNA. PER ISCRIVERTI\u00a0CLICCA QUI\u00a0E PREMI\u00a0 \u201cIscriviti\u201d &nbsp; ULTIMA CHIAMATA, &#8220;NON BUTTATE VIA MILIONI DI EURO PER UNA PISTA DA BOB&#8221; il sindaco scarica le responsabilit\u00e0 sull&#8217;amministrazione precedente. CORTINA In tanti,&hellip;<\/p>\n","protected":false},"author":4,"featured_media":353915,"comment_status":"closed","ping_status":"closed","sticky":false,"template":"","format":"standard","meta":{"_monsterinsights_skip_tracking":false,"_monsterinsights_sitenote_active":false,"_monsterinsights_sitenote_note":"","_monsterinsights_sitenote_category":0,"footnotes":""},"categories":[51,86,49],"tags":[],"class_list":["post-353695","post","type-post","status-publish","format-standard","has-post-thumbnail","hentry","category-evidenza-top","category-gr","category-news-18","category-51","category-86","category-49","description-off"],"img_url":"https:\/\/www.radiopiu.net\/wordpress\/wp-content\/uploads\/2023\/09\/Senza-nome-58.png","_links":{"self":[{"href":"https:\/\/www.radiopiu.net\/wordpress\/wp-json\/wp\/v2\/posts\/353695","targetHints":{"allow":["GET"]}}],"collection":[{"href":"https:\/\/www.radiopiu.net\/wordpress\/wp-json\/wp\/v2\/posts"}],"about":[{"href":"https:\/\/www.radiopiu.net\/wordpress\/wp-json\/wp\/v2\/types\/post"}],"author":[{"embeddable":true,"href":"https:\/\/www.radiopiu.net\/wordpress\/wp-json\/wp\/v2\/users\/4"}],"replies":[{"embeddable":true,"href":"https:\/\/www.radiopiu.net\/wordpress\/wp-json\/wp\/v2\/comments?post=353695"}],"version-history":[{"count":0,"href":"https:\/\/www.radiopiu.net\/wordpress\/wp-json\/wp\/v2\/posts\/353695\/revisions"}],"wp:featuredmedia":[{"embeddable":true,"href":"https:\/\/www.radiopiu.net\/wordpress\/wp-json\/wp\/v2\/media\/353915"}],"wp:attachment":[{"href":"https:\/\/www.radiopiu.net\/wordpress\/wp-json\/wp\/v2\/media?parent=353695"}],"wp:term":[{"taxonomy":"category","embeddable":true,"href":"https:\/\/www.radiopiu.net\/wordpress\/wp-json\/wp\/v2\/categories?post=353695"},{"taxonomy":"post_tag","embeddable":true,"href":"https:\/\/www.radiopiu.net\/wordpress\/wp-json\/wp\/v2\/tags?post=353695"}],"curies":[{"name":"wp","href":"https:\/\/api.w.org\/{rel}","templated":true}]}}