{"id":353745,"date":"2023-09-23T10:02:31","date_gmt":"2023-09-23T08:02:31","guid":{"rendered":"https:\/\/www.radiopiu.net\/wordpress\/?p=353745"},"modified":"2023-09-23T11:59:48","modified_gmt":"2023-09-23T09:59:48","slug":"tre-incidenti-ieri-sulle-strade-bellunesi-diverse-persone-coinvolte-alcune-con-ferite-gravi","status":"publish","type":"post","link":"https:\/\/www.radiopiu.net\/wordpress\/tre-incidenti-ieri-sulle-strade-bellunesi-diverse-persone-coinvolte-alcune-con-ferite-gravi\/","title":{"rendered":"Tre Incidenti ieri sulle strade bellunesi: Diverse persone coinvolte, alcune con ferite gravi"},"content":{"rendered":"<blockquote><p><em><img loading=\"lazy\" decoding=\"async\" class=\"alignleft\" src=\"https:\/\/www.radiopiu.net\/wordpress\/wp-content\/uploads\/2023\/09\/bd695635-e9b8-49ff-9a4c-7e6655f2e408.jpg\" width=\"154\" height=\"205\" \/>Gli interventi del Pronto Soccorso e del Suem nella provincia di Belluno<\/em><\/p><\/blockquote>\n<p><strong>REDAZIONE\u00a0<\/strong> Ieri, tre incidenti stradali hanno scosso la tranquillit\u00e0 delle strade bellunesi, causando ferite a diverse persone.\u00a0 Il primo incidente si \u00e8 verificato lungo la 203 Agordina, in prossimit\u00e0 della localit\u00e0 Le Campe. Una donna di 70 anni, residente a Ponte nella Alpi, \u00e8 stata coinvolta in un incidente che ha richiesto l&#8217;intervento dell&#8217;ambulanza del Pronto Soccorso di Agordo. La paziente \u00e8 stata trasportata al Papa Luciani per ricevere le cure necessarie. Nel secondo incidente, avvenuto nel pomeriggio a Rasa, zona industriale, un uomo di 80 anni, residente a Feltre, \u00e8 stato coinvolto in un incidente autonomo. Le ferite riportate sono state di media gravit\u00e0, e il ferito \u00e8 stato immediatamente trasportato al Santa Maria del Prato per le cure mediche necessarie. Infine, nel terzo incidente, che si \u00e8 verificato ieri sera a Belluno, sono state coinvolte tre persone di 21, 22 e 63 anni, residenti a Ronchi dei Legionari. L&#8217;incidente ha richiesto l&#8217;intervento del Suem, che ha prontamente soccorso le vittime e le ha trasportate al San Martino. Alcune di queste persone hanno riportato ferite gravi. foto copertina da VPB su telegram<\/p>\n<p><strong>BELLUNO, INCIDENTE TRA DUE AUTO: TRE FERITI<\/strong><br \/>\nVenerd\u00ec, alle 22:00, i vigili del fuoco sono intervenuti in Via Lungardo a Belluno per un incidente stradale tra due auto: tre feriti. I pompieri arrivati dalla sede centrale, hanno messo in sicurezza i mezzi ed utilizzando cesoie e divaricatori idraulici estratto le persone ferite, rimaste bloccate nelle auto. I feriti sono stati presi in cura dal personale sanitario del Suem e trasferiti con tre ambulanze in ospedale. Le forze dell\u2019ordine hanno deviato il traffico ed eseguito i rilievi del sinistro. durante le operazioni di soccorso la strada \u00e8 rimasta chiusa.<\/p>\n\n\t\t\t<style type='text\/css'>\n\t\t\t\t#gallery-1 {\n\t\t\t\t\tmargin: auto;\n\t\t\t\t}\n\t\t\t\t#gallery-1 .gallery-item {\n\t\t\t\t\tfloat: left;\n\t\t\t\t\tmargin-top: 10px;\n\t\t\t\t\ttext-align: center;\n\t\t\t\t\twidth: 50%;\n\t\t\t\t}\n\t\t\t\t#gallery-1 img {\n\t\t\t\t\tborder: 2px solid #cfcfcf;\n\t\t\t\t}\n\t\t\t\t#gallery-1 .gallery-caption {\n\t\t\t\t\tmargin-left: 0;\n\t\t\t\t}\n\t\t\t\t\/* see gallery_shortcode() in wp-includes\/media.php *\/\n\t\t\t<\/style>\n\t\t<div id='gallery-1' class='dt-gallery-container gallery galleryid-353745 gallery-columns-2 gallery-size-thumbnail'><dl class='gallery-item'>\n\t\t\t\t<dt class='gallery-icon landscape'>\n\t\t\t\t\t<a class=\"rollover rollover-zoom dt-pswp-item\" title=\"53076f58-39d4-4ee3-92b7-cb51d9d1508f\" data-dt-img-description=\"\" data-large_image_width=\"960\" data-large_image_height=\"640\"href='https:\/\/www.radiopiu.net\/wordpress\/wp-content\/uploads\/2023\/09\/53076f58-39d4-4ee3-92b7-cb51d9d1508f.jpg'><img loading=\"lazy\" decoding=\"async\" width=\"150\" height=\"150\" src=\"https:\/\/www.radiopiu.net\/wordpress\/wp-content\/uploads\/2023\/09\/53076f58-39d4-4ee3-92b7-cb51d9d1508f-150x150.jpg\" class=\"attachment-thumbnail size-thumbnail\" alt=\"\" \/><\/a>\n\t\t\t\t<\/dt><\/dl><dl class='gallery-item'>\n\t\t\t\t<dt class='gallery-icon landscape'>\n\t\t\t\t\t<a class=\"rollover rollover-zoom dt-pswp-item\" title=\"b5818966-f827-4a4d-8f03-dc11c92790e6\" data-dt-img-description=\"\" data-large_image_width=\"960\" data-large_image_height=\"668\"href='https:\/\/www.radiopiu.net\/wordpress\/wp-content\/uploads\/2023\/09\/b5818966-f827-4a4d-8f03-dc11c92790e6.jpg'><img loading=\"lazy\" decoding=\"async\" width=\"150\" height=\"150\" src=\"https:\/\/www.radiopiu.net\/wordpress\/wp-content\/uploads\/2023\/09\/b5818966-f827-4a4d-8f03-dc11c92790e6-150x150.jpg\" class=\"attachment-thumbnail size-thumbnail\" alt=\"\" \/><\/a>\n\t\t\t\t<\/dt><\/dl><br style=\"clear: both\" \/><dl class='gallery-item'>\n\t\t\t\t<dt class='gallery-icon landscape'>\n\t\t\t\t\t<a class=\"rollover rollover-zoom dt-pswp-item\" title=\"f48a2b52-1b89-44e0-ad6e-4aa1516a40e8\" data-dt-img-description=\"\" data-large_image_width=\"960\" data-large_image_height=\"608\"href='https:\/\/www.radiopiu.net\/wordpress\/wp-content\/uploads\/2023\/09\/f48a2b52-1b89-44e0-ad6e-4aa1516a40e8.jpg'><img loading=\"lazy\" decoding=\"async\" width=\"150\" height=\"150\" src=\"https:\/\/www.radiopiu.net\/wordpress\/wp-content\/uploads\/2023\/09\/f48a2b52-1b89-44e0-ad6e-4aa1516a40e8-150x150.jpg\" class=\"attachment-thumbnail size-thumbnail\" alt=\"\" \/><\/a>\n\t\t\t\t<\/dt><\/dl><dl class='gallery-item'>\n\t\t\t\t<dt class='gallery-icon landscape'>\n\t\t\t\t\t<a class=\"rollover rollover-zoom dt-pswp-item\" title=\"b72f0052-bd6e-42c8-bb78-d72988d51ffe\" data-dt-img-description=\"\" data-large_image_width=\"960\" data-large_image_height=\"660\"href='https:\/\/www.radiopiu.net\/wordpress\/wp-content\/uploads\/2023\/09\/b72f0052-bd6e-42c8-bb78-d72988d51ffe.jpg'><img loading=\"lazy\" decoding=\"async\" width=\"150\" height=\"150\" src=\"https:\/\/www.radiopiu.net\/wordpress\/wp-content\/uploads\/2023\/09\/b72f0052-bd6e-42c8-bb78-d72988d51ffe-150x150.jpg\" class=\"attachment-thumbnail size-thumbnail\" alt=\"\" \/><\/a>\n\t\t\t\t<\/dt><\/dl><br style=\"clear: both\" \/>\n\t\t\t<\/div>\n\n<p>&nbsp;<\/p>\n<p>&nbsp;<\/p>\n<p>&nbsp;<\/p>\n<hr \/>\n<div class=\"absolute bottom-0 left-0 w-full border-t md:border-t-0 dark:border-white\/20 md:border-transparent md:dark:border-transparent md:bg-vert-light-gradient bg-white dark:bg-gray-800 md:!bg-transparent dark:md:bg-vert-dark-gradient pt-2 md:pl-2 md:w-[calc(100%-.5rem)]\">\n<form class=\"stretch mx-2 flex flex-row gap-3 last:mb-2 md:mx-4 md:last:mb-6 lg:mx-auto lg:max-w-2xl xl:max-w-3xl\">\n<div class=\"relative flex h-full flex-1 items-stretch md:flex-col\">\n<div>\n<div class=\"h-full flex ml-1 md:w-full md:m-auto md:mb-4 gap-0 md:gap-2 justify-center\"><\/div>\n<\/div>\n<\/div>\n<\/form>\n<\/div>\n","protected":false},"excerpt":{"rendered":"<p>Gli interventi del Pronto Soccorso e del Suem nella provincia di Belluno REDAZIONE\u00a0 Ieri, tre incidenti stradali hanno scosso la tranquillit\u00e0 delle strade bellunesi, causando ferite a diverse persone.\u00a0 Il primo incidente si \u00e8 verificato lungo la 203 Agordina, in prossimit\u00e0 della localit\u00e0 Le Campe. Una donna di 70 anni, residente a Ponte nella Alpi,&hellip;<\/p>\n","protected":false},"author":4,"featured_media":353746,"comment_status":"closed","ping_status":"closed","sticky":false,"template":"","format":"standard","meta":{"_monsterinsights_skip_tracking":false,"_monsterinsights_sitenote_active":false,"_monsterinsights_sitenote_note":"","_monsterinsights_sitenote_category":0,"footnotes":""},"categories":[51,49],"tags":[],"class_list":["post-353745","post","type-post","status-publish","format-standard","has-post-thumbnail","hentry","category-evidenza-top","category-news-18","category-51","category-49","description-off"],"img_url":"https:\/\/www.radiopiu.net\/wordpress\/wp-content\/uploads\/2023\/09\/bd695635-e9b8-49ff-9a4c-7e6655f2e408.jpg","_links":{"self":[{"href":"https:\/\/www.radiopiu.net\/wordpress\/wp-json\/wp\/v2\/posts\/353745","targetHints":{"allow":["GET"]}}],"collection":[{"href":"https:\/\/www.radiopiu.net\/wordpress\/wp-json\/wp\/v2\/posts"}],"about":[{"href":"https:\/\/www.radiopiu.net\/wordpress\/wp-json\/wp\/v2\/types\/post"}],"author":[{"embeddable":true,"href":"https:\/\/www.radiopiu.net\/wordpress\/wp-json\/wp\/v2\/users\/4"}],"replies":[{"embeddable":true,"href":"https:\/\/www.radiopiu.net\/wordpress\/wp-json\/wp\/v2\/comments?post=353745"}],"version-history":[{"count":0,"href":"https:\/\/www.radiopiu.net\/wordpress\/wp-json\/wp\/v2\/posts\/353745\/revisions"}],"wp:featuredmedia":[{"embeddable":true,"href":"https:\/\/www.radiopiu.net\/wordpress\/wp-json\/wp\/v2\/media\/353746"}],"wp:attachment":[{"href":"https:\/\/www.radiopiu.net\/wordpress\/wp-json\/wp\/v2\/media?parent=353745"}],"wp:term":[{"taxonomy":"category","embeddable":true,"href":"https:\/\/www.radiopiu.net\/wordpress\/wp-json\/wp\/v2\/categories?post=353745"},{"taxonomy":"post_tag","embeddable":true,"href":"https:\/\/www.radiopiu.net\/wordpress\/wp-json\/wp\/v2\/tags?post=353745"}],"curies":[{"name":"wp","href":"https:\/\/api.w.org\/{rel}","templated":true}]}}