{"id":353787,"date":"2023-09-23T15:41:35","date_gmt":"2023-09-23T13:41:35","guid":{"rendered":"https:\/\/www.radiopiu.net\/wordpress\/?p=353787"},"modified":"2023-09-23T15:41:35","modified_gmt":"2023-09-23T13:41:35","slug":"la-dottoressa-pons-gil-sostituisce-il-dottor-sito-ad-agordo","status":"publish","type":"post","link":"https:\/\/www.radiopiu.net\/wordpress\/la-dottoressa-pons-gil-sostituisce-il-dottor-sito-ad-agordo\/","title":{"rendered":"LA DOTTORESSA PONS GIL SOSTITUISCE IL DOTTOR SITO AD AGORDO"},"content":{"rendered":"<p><strong><a class=\"dt-pswp-item\" href=\"https:\/\/www.radiopiu.net\/wordpress\/wp-content\/uploads\/2021\/06\/MEDICO.jpg\" data-dt-img-description=\"\" data-large_image_width=\"1920\" data-large_image_height=\"1440\"><img loading=\"lazy\" decoding=\"async\" class=\" wp-image-216887 alignleft\" src=\"https:\/\/www.radiopiu.net\/wordpress\/wp-content\/uploads\/2021\/06\/MEDICO-300x225.jpg\" alt=\"\" width=\"153\" height=\"115\" srcset=\"https:\/\/www.radiopiu.net\/wordpress\/wp-content\/uploads\/2021\/06\/MEDICO-300x225.jpg 300w, https:\/\/www.radiopiu.net\/wordpress\/wp-content\/uploads\/2021\/06\/MEDICO-1024x768.jpg 1024w, https:\/\/www.radiopiu.net\/wordpress\/wp-content\/uploads\/2021\/06\/MEDICO-768x576.jpg 768w, https:\/\/www.radiopiu.net\/wordpress\/wp-content\/uploads\/2021\/06\/MEDICO-1536x1152.jpg 1536w, https:\/\/www.radiopiu.net\/wordpress\/wp-content\/uploads\/2021\/06\/MEDICO.jpg 1920w\" sizes=\"auto, (max-width: 153px) 100vw, 153px\" \/><\/a>BELLUNO <\/strong>Dal 1 ottobre prende servizio ad Agordo, come medico di medicina generale, la dottoressa Pons Gil, con incarico provvisorio, in sostituzione del dr Manlio Sito recentemente andato in pensione. &#8220;Do il benvenuto alla dottoressa\u00a0 Pons Gil che dal primo ottobre assumer\u00e0 l&#8217;incarico di medico di medicina generale ad Agordo, nell&#8217;ambulatorio allestito in ASCA. Ringrazio i dottori Fadig\u00e0 e Pennacchioni che, con spirito di servizio e responsabilit\u00e0 verso la comunit\u00e0, si sono fatti carico dei pazienti in questo periodo di passaggio&#8221; commenta il Commissario Giuseppe Dal Ben. Al nuovo medico saranno assegnati d&#8217;ufficio gli ex assistiti del dr Manlio Sito, non sar\u00e0 pertanto necessario che gli assistiti si rechino agli sportelli ulss, fatta salva la possibilit\u00e0 di scelte diverse da parte degli utenti secondo le consuete modalit\u00e0 (fascicolo sanitario elettronico o contatto con ufficio anagrafe).<\/p>\n<p>&nbsp;<\/p>\n<p>&nbsp;<\/p>\n<p>********<\/p>\n","protected":false},"excerpt":{"rendered":"<p>BELLUNO Dal 1 ottobre prende servizio ad Agordo, come medico di medicina generale, la dottoressa Pons Gil, con incarico provvisorio, in sostituzione del dr Manlio Sito recentemente andato in pensione. &#8220;Do il benvenuto alla dottoressa\u00a0 Pons Gil che dal primo ottobre assumer\u00e0 l&#8217;incarico di medico di medicina generale ad Agordo, nell&#8217;ambulatorio allestito in ASCA. Ringrazio&hellip;<\/p>\n","protected":false},"author":4,"featured_media":216887,"comment_status":"closed","ping_status":"closed","sticky":false,"template":"","format":"standard","meta":{"_monsterinsights_skip_tracking":false,"_monsterinsights_sitenote_active":false,"_monsterinsights_sitenote_note":"","_monsterinsights_sitenote_category":0,"footnotes":""},"categories":[51,49],"tags":[],"class_list":["post-353787","post","type-post","status-publish","format-standard","has-post-thumbnail","hentry","category-evidenza-top","category-news-18","category-51","category-49","description-off"],"img_url":"https:\/\/www.radiopiu.net\/wordpress\/wp-content\/uploads\/2021\/06\/MEDICO.jpg","_links":{"self":[{"href":"https:\/\/www.radiopiu.net\/wordpress\/wp-json\/wp\/v2\/posts\/353787","targetHints":{"allow":["GET"]}}],"collection":[{"href":"https:\/\/www.radiopiu.net\/wordpress\/wp-json\/wp\/v2\/posts"}],"about":[{"href":"https:\/\/www.radiopiu.net\/wordpress\/wp-json\/wp\/v2\/types\/post"}],"author":[{"embeddable":true,"href":"https:\/\/www.radiopiu.net\/wordpress\/wp-json\/wp\/v2\/users\/4"}],"replies":[{"embeddable":true,"href":"https:\/\/www.radiopiu.net\/wordpress\/wp-json\/wp\/v2\/comments?post=353787"}],"version-history":[{"count":0,"href":"https:\/\/www.radiopiu.net\/wordpress\/wp-json\/wp\/v2\/posts\/353787\/revisions"}],"wp:featuredmedia":[{"embeddable":true,"href":"https:\/\/www.radiopiu.net\/wordpress\/wp-json\/wp\/v2\/media\/216887"}],"wp:attachment":[{"href":"https:\/\/www.radiopiu.net\/wordpress\/wp-json\/wp\/v2\/media?parent=353787"}],"wp:term":[{"taxonomy":"category","embeddable":true,"href":"https:\/\/www.radiopiu.net\/wordpress\/wp-json\/wp\/v2\/categories?post=353787"},{"taxonomy":"post_tag","embeddable":true,"href":"https:\/\/www.radiopiu.net\/wordpress\/wp-json\/wp\/v2\/tags?post=353787"}],"curies":[{"name":"wp","href":"https:\/\/api.w.org\/{rel}","templated":true}]}}