{"id":353819,"date":"2023-09-23T22:49:40","date_gmt":"2023-09-23T20:49:40","guid":{"rendered":"https:\/\/www.radiopiu.net\/wordpress\/?p=353819"},"modified":"2023-09-23T22:50:24","modified_gmt":"2023-09-23T20:50:24","slug":"353819-2","status":"publish","type":"post","link":"https:\/\/www.radiopiu.net\/wordpress\/353819-2\/","title":{"rendered":"UNA SCONFITTA ALL&#8217;OVERTIME CONTRO I CAMPIONI D&#8217;ITALIA APRE LA STAGIONE DELLE CIVETTE"},"content":{"rendered":"<p><strong><a class=\"dt-pswp-item\" href=\"https:\/\/www.radiopiu.net\/wordpress\/wp-content\/uploads\/2023\/09\/alleghe-logo-2023.jpg\" data-dt-img-description=\"\" data-large_image_width=\"1024\" data-large_image_height=\"576\"><img loading=\"lazy\" decoding=\"async\" class=\" wp-image-352035 alignleft\" src=\"https:\/\/www.radiopiu.net\/wordpress\/wp-content\/uploads\/2023\/09\/alleghe-logo-2023-300x169.jpg\" alt=\"\" width=\"208\" height=\"117\" srcset=\"https:\/\/www.radiopiu.net\/wordpress\/wp-content\/uploads\/2023\/09\/alleghe-logo-2023-300x169.jpg 300w, https:\/\/www.radiopiu.net\/wordpress\/wp-content\/uploads\/2023\/09\/alleghe-logo-2023-768x432.jpg 768w, https:\/\/www.radiopiu.net\/wordpress\/wp-content\/uploads\/2023\/09\/alleghe-logo-2023.jpg 1024w\" sizes=\"auto, (max-width: 208px) 100vw, 208px\" \/><\/a>Di Marco Gaz<\/strong><\/p>\n<p><span style=\"color: #ff0000;\"><strong>PRIMA GIORNATA IHL<\/strong><\/span><\/p>\n<p><strong>ALLEGHE \u2013 VARESE 1-2 dot<\/strong><\/p>\n<p>PARZIALI: 0-1, 0-0, 1-0, 0-1<\/p>\n<p>GOL: pt. 11\u201910\u201d Vanetti. Tt. 16\u201918\u201d G. Vinatzer. Ot. 3\u201932\u201d Schina<\/p>\n<p>Di fronte a 500 persone, l\u2019Alleghe non vince ma convince contro i campioni in carica del Varese. La squadra di Scapinello fatica ad ingranare la marcia giusta nella prima frazione subendo il gol dal Varese, ma nel secondo terzo tempo fa vedere di che pasta \u00e8 fatta mettendo in difficolt\u00e0 una formazione atleticamente ben preparata che ha fatto vedere del buon hockey. Primo punto stagionale per le civette che perdono all\u2019overtime contro i lombardi dopo una sfida aperta e carica di emozioni. Inizia a ritmi alti la sfida del De Toni. Ad avere le occasioni migliori sono i campioni in carica che impegnano Scola fin da subito. Si lotta su ogni disco ma ad avere la meglio \u00e8 il Varese. Alla prima penalit\u00e0 per gli alleghesi i mastini trovano il vantaggio con Vanetti. La prima occasione delle civette \u00e8 di Martini ma la conclusione non ha centrato i pali. Anche Zherdev ci prova ma il gol non arriva e si va al riposo con i lombardi in vantaggio. Nel secondo periodo i ritmi rimangono alti e le squadre battagliano. Gli agordini le provano tutte per cercare di pareggiare i conti ma i campioni in carica provano a rispondere in contropiede. I biancorossi prendono di mira la porta avversaria ma alla prima disattenzione i mastini si fanno pericolosi costringendo Scola agli straordinari. Nel finale del secondo drittel i lombardi premono approfittando dell\u2019uomo in pi\u00f9. Powerplay che termina senza brutte sorprese ad inizio terza frazione. Ci provano i ragazzi di Scapinello ma la porta varesina sembra stregata e il disco non vuole entrare. Perla sembra essere in serata e riesce a salvare il risultato su un assedio degli agordini. Calano il ritmo le civette e il Varese mette alle corde le civette. Tante le conclusioni verso la porta agordina ma il disco non entra. Campioni in carica che vogliono chiudere la sfida ma Scola \u00e8 una saracinesca e salva il risultato all\u2019ennesimo powerplay della serata. E quando meno te lo aspetti ecco le civette che trovano il pareggio. Ci pensa Gabriel Vinatzer a mettere la firma alla prima rete stagionale degli agordini quando i padroni di casa si trovavano in doppia superiorit\u00e0 numerica. Finale di terzo tempo concitato con i biancorossi alla ricerca della vittoria. Si va all\u2019overtime e si continua a lottare. Ad avere la meglio sono i mastini che a 1\u201928\u201d dal termine trovano il punto supplementare con Schina<\/p>\n<p>&nbsp;<\/p>\n<p>&nbsp;<\/p>\n<p>******<\/p>\n","protected":false},"excerpt":{"rendered":"<p>Di Marco Gaz PRIMA GIORNATA IHL ALLEGHE \u2013 VARESE 1-2 dot PARZIALI: 0-1, 0-0, 1-0, 0-1 GOL: pt. 11\u201910\u201d Vanetti. Tt. 16\u201918\u201d G. Vinatzer. Ot. 3\u201932\u201d Schina Di fronte a 500 persone, l\u2019Alleghe non vince ma convince contro i campioni in carica del Varese. La squadra di Scapinello fatica ad ingranare la marcia giusta nella&hellip;<\/p>\n","protected":false},"author":4,"featured_media":352035,"comment_status":"closed","ping_status":"closed","sticky":false,"template":"","format":"standard","meta":{"_monsterinsights_skip_tracking":false,"_monsterinsights_sitenote_active":false,"_monsterinsights_sitenote_note":"","_monsterinsights_sitenote_category":0,"footnotes":""},"categories":[49],"tags":[],"class_list":["post-353819","post","type-post","status-publish","format-standard","has-post-thumbnail","hentry","category-news-18","category-49","description-off"],"img_url":"https:\/\/www.radiopiu.net\/wordpress\/wp-content\/uploads\/2023\/09\/alleghe-logo-2023.jpg","_links":{"self":[{"href":"https:\/\/www.radiopiu.net\/wordpress\/wp-json\/wp\/v2\/posts\/353819","targetHints":{"allow":["GET"]}}],"collection":[{"href":"https:\/\/www.radiopiu.net\/wordpress\/wp-json\/wp\/v2\/posts"}],"about":[{"href":"https:\/\/www.radiopiu.net\/wordpress\/wp-json\/wp\/v2\/types\/post"}],"author":[{"embeddable":true,"href":"https:\/\/www.radiopiu.net\/wordpress\/wp-json\/wp\/v2\/users\/4"}],"replies":[{"embeddable":true,"href":"https:\/\/www.radiopiu.net\/wordpress\/wp-json\/wp\/v2\/comments?post=353819"}],"version-history":[{"count":0,"href":"https:\/\/www.radiopiu.net\/wordpress\/wp-json\/wp\/v2\/posts\/353819\/revisions"}],"wp:featuredmedia":[{"embeddable":true,"href":"https:\/\/www.radiopiu.net\/wordpress\/wp-json\/wp\/v2\/media\/352035"}],"wp:attachment":[{"href":"https:\/\/www.radiopiu.net\/wordpress\/wp-json\/wp\/v2\/media?parent=353819"}],"wp:term":[{"taxonomy":"category","embeddable":true,"href":"https:\/\/www.radiopiu.net\/wordpress\/wp-json\/wp\/v2\/categories?post=353819"},{"taxonomy":"post_tag","embeddable":true,"href":"https:\/\/www.radiopiu.net\/wordpress\/wp-json\/wp\/v2\/tags?post=353819"}],"curies":[{"name":"wp","href":"https:\/\/api.w.org\/{rel}","templated":true}]}}