{"id":353960,"date":"2023-09-24T12:59:29","date_gmt":"2023-09-24T10:59:29","guid":{"rendered":"https:\/\/www.radiopiu.net\/wordpress\/?p=353960"},"modified":"2023-09-25T05:47:39","modified_gmt":"2023-09-25T03:47:39","slug":"primi-quelli-del-col-di-lana","status":"publish","type":"post","link":"https:\/\/www.radiopiu.net\/wordpress\/primi-quelli-del-col-di-lana\/","title":{"rendered":"PRIMI  QUELLI DEL COL DI LANA"},"content":{"rendered":"<div class=\"articlePlainText\"><strong><img loading=\"lazy\" decoding=\"async\" class=\"alignleft\" src=\"https:\/\/www.radiopiu.net\/wordpress\/wp-content\/uploads\/2023\/09\/223462040_10224450630643953_3058857725499591311_n.jpg\" width=\"240\" height=\"159\" \/>AGORDO<\/strong> Il Team Vertical Col di Lana si aggiudica la prima edizione delle &#8220;3 ore dell&#8217;Agordino&#8221;\u00a0 sulla pista dello stadio comunale Ivano Dorigo di Agordo. I vincitori: Matteo Costa, Luca Palla, Igor Palla, Francesca De Col\u00f2, Valentino Costa e Daniele De Col\u00f2. Alle loro\u00a0 spalle, gli Atletici\u00a0 e il Bar Carlin.\u00a0 Primatisti Matteo Costa, Paolo Marcon, Pierpaolo Moretti, Nicol\u00f2 Fontanive, Valentino Costa e Mirco Rossi che ha coperto la maggiore distanza assoluta, meglio anche di Daniele De Col\u00f2 (8,65) e di Emanuele Busin (8,5). Da registrare, infine, la partecipazione di William Da Roit che si \u00e8 cimentato nella &#8220;3 ore dell&#8217;Agordino&#8221; correndo in solitaria per tutte e tre le ore di gara. Al termine della prova, l&#8217;atleta di La Valle Agordina ha percorso oltre ottanta giri di campo, per un 32 chilometri abbondanti.<\/div>\n<div class=\"articlePlainText\"><strong>Squadre maschile<\/strong>:\u00a01. Team Vertical Col di Lana 48.025 metri; 2. Atletici 46.855; 3. Bar Carlin 46.667; 4. Chei da Cence 45.075; 5. Quei da Cesio e company 43.985; 6. Gli amici di Alan 42.280.<\/div>\n<div class=\"articlePlainText\"><strong>Femminile:\u00a0<\/strong>1. Le pantere rosa 42.405; 2. Gli amici di Alan Women 36.<\/div>\n<div><\/div>\n<div>foto archivio<\/div>\n<div><\/div>\n<div>\n<hr \/>\n<\/div>\n","protected":false},"excerpt":{"rendered":"<p>AGORDO Il Team Vertical Col di Lana si aggiudica la prima edizione delle &#8220;3 ore dell&#8217;Agordino&#8221;\u00a0 sulla pista dello stadio comunale Ivano Dorigo di Agordo. I vincitori: Matteo Costa, Luca Palla, Igor Palla, Francesca De Col\u00f2, Valentino Costa e Daniele De Col\u00f2. Alle loro\u00a0 spalle, gli Atletici\u00a0 e il Bar Carlin.\u00a0 Primatisti Matteo Costa, Paolo&hellip;<\/p>\n","protected":false},"author":4,"featured_media":353961,"comment_status":"closed","ping_status":"closed","sticky":false,"template":"","format":"standard","meta":{"_monsterinsights_skip_tracking":false,"_monsterinsights_sitenote_active":false,"_monsterinsights_sitenote_note":"","_monsterinsights_sitenote_category":0,"footnotes":""},"categories":[104,49],"tags":[],"class_list":["post-353960","post","type-post","status-publish","format-standard","has-post-thumbnail","hentry","category-evidenza_3","category-news-18","category-104","category-49","description-off"],"img_url":"https:\/\/www.radiopiu.net\/wordpress\/wp-content\/uploads\/2023\/09\/223462040_10224450630643953_3058857725499591311_n.jpg","_links":{"self":[{"href":"https:\/\/www.radiopiu.net\/wordpress\/wp-json\/wp\/v2\/posts\/353960","targetHints":{"allow":["GET"]}}],"collection":[{"href":"https:\/\/www.radiopiu.net\/wordpress\/wp-json\/wp\/v2\/posts"}],"about":[{"href":"https:\/\/www.radiopiu.net\/wordpress\/wp-json\/wp\/v2\/types\/post"}],"author":[{"embeddable":true,"href":"https:\/\/www.radiopiu.net\/wordpress\/wp-json\/wp\/v2\/users\/4"}],"replies":[{"embeddable":true,"href":"https:\/\/www.radiopiu.net\/wordpress\/wp-json\/wp\/v2\/comments?post=353960"}],"version-history":[{"count":0,"href":"https:\/\/www.radiopiu.net\/wordpress\/wp-json\/wp\/v2\/posts\/353960\/revisions"}],"wp:featuredmedia":[{"embeddable":true,"href":"https:\/\/www.radiopiu.net\/wordpress\/wp-json\/wp\/v2\/media\/353961"}],"wp:attachment":[{"href":"https:\/\/www.radiopiu.net\/wordpress\/wp-json\/wp\/v2\/media?parent=353960"}],"wp:term":[{"taxonomy":"category","embeddable":true,"href":"https:\/\/www.radiopiu.net\/wordpress\/wp-json\/wp\/v2\/categories?post=353960"},{"taxonomy":"post_tag","embeddable":true,"href":"https:\/\/www.radiopiu.net\/wordpress\/wp-json\/wp\/v2\/tags?post=353960"}],"curies":[{"name":"wp","href":"https:\/\/api.w.org\/{rel}","templated":true}]}}