{"id":354008,"date":"2023-09-26T08:13:31","date_gmt":"2023-09-26T06:13:31","guid":{"rendered":"https:\/\/www.radiopiu.net\/wordpress\/?p=354008"},"modified":"2023-09-26T08:54:09","modified_gmt":"2023-09-26T06:54:09","slug":"giornale-radiopiu-26-settembre-2023-direttore-mirko-mezzacasada-40-anni-25-giugno-1983-25-giugno-2023","status":"publish","type":"post","link":"https:\/\/www.radiopiu.net\/wordpress\/giornale-radiopiu-26-settembre-2023-direttore-mirko-mezzacasada-40-anni-25-giugno-1983-25-giugno-2023\/","title":{"rendered":"GIORNALE RADIOPIU 26 SETTEMBRE 2023 DIRETTORE MIRKO MEZZACASA\u2026DA 40 ANNI 25 GIUGNO 1983-25 GIUGNO 2023"},"content":{"rendered":"<h1 class=\"entry-title\">40esimo di RADIOPIU\u2026. LA VOCE DELL\u2019EMOZIONE<\/h1>\n<h2><span style=\"color: #ff0000;\">ISCRIVITI AL NOSTRO CANALE\u00a0\u00a0YOUTUBE PER SEGUIRE IN DIRETTA I PRINCIPALI PROGRAMMI DI RADIO PIU\u2019 E LE FUTURE DIRETTE IN ESTERNA. PER ISCRIVERTI\u00a0<a style=\"color: #ff0000;\" href=\"https:\/\/youtube.com\/@radiopiu1527\">CLICCA QUI\u00a0<\/a>E PREMI\u00a0 \u201cIscriviti\u201d<\/span><\/h2>\n<p>&nbsp;<\/p>\n<hr \/>\n<p>&nbsp;<\/p>\n<p>&nbsp;<\/p>\n<p><span style=\"color: #0000ff;\"><strong>CONTRO<\/strong><\/span>:\u00a0 indica movimento di opposizione, Inteso come \u2018avversione\u2019 o come \u2018ostilit\u00e0 o contrasto<\/p>\n<p><strong>COSTI DI GESTIONE DELLA PISTA DA BOB A CORTINA, I SINDACI SI DICE SIANO CONTRO TRA LE ACCUSE DELL&#8217;ATTUALE SINDACO DI CORTINA A CHI L&#8217;HA PRECEDUTO. SINDACI CONTRO&#8230; QUINDI?<\/strong><\/p>\n<p>&nbsp;<\/p>\n<hr \/>\n<p>&nbsp;<\/p>\n<blockquote><p><em><strong>GIUSTIZIA:<\/strong> Virt\u00f9 eminentemente sociale che consiste nella volont\u00e0 di riconoscere e rispettare i diritti altrui attribuendo a ciascuno ci\u00f2 che gli \u00e8 dovuto secondo la ragione e la legge. \u00a0In senso assoluto e pi\u00f9 oggettivo, il riconoscimento e il rispetto dei diritti altrui, sia come consapevolezza sia come prassi dell\u2019uomo singolo e delle istituzioni\u00a0<\/em><\/p><\/blockquote>\n<p>&nbsp;<\/p>\n<blockquote>\n<h4><a class=\"dt-pswp-item\" href=\"https:\/\/www.radiopiu.net\/wordpress\/wp-content\/uploads\/2023\/09\/Senza-nome-66.png\" data-dt-img-description=\"\" data-large_image_width=\"484\" data-large_image_height=\"226\"><img loading=\"lazy\" decoding=\"async\" class=\"size-medium wp-image-354095 alignleft\" src=\"https:\/\/www.radiopiu.net\/wordpress\/wp-content\/uploads\/2023\/09\/Senza-nome-66-300x140.png\" alt=\"\" width=\"300\" height=\"140\" srcset=\"https:\/\/www.radiopiu.net\/wordpress\/wp-content\/uploads\/2023\/09\/Senza-nome-66-300x140.png 300w, https:\/\/www.radiopiu.net\/wordpress\/wp-content\/uploads\/2023\/09\/Senza-nome-66.png 484w\" sizes=\"auto, (max-width: 300px) 100vw, 300px\" \/><\/a><\/h4>\n<h4>L&#8217;AUTO DELLA HUTTER FUNZIONAVA CORRETTAMENTE, NESSUN GUASTO<\/h4>\n<\/blockquote>\n<p><strong>VENEZIA<\/strong> \u00a0 Angelika Hutter \u00e8 stata coinvolta in un incidente mortale il 6 luglio a Santo Stefano di Cadore, in cui ha investito mortalmente tre persone. Un consulente della Procura di Belluno ha confermato che l&#8217;Audi funzionava correttamente. Non ci sono segni di frenata nella zona dell&#8217;incidente. Hutter stava viaggiando a velocit\u00e0 eccessiva su una strada con limite di 50 km\/h, mentre era a circa 90 km\/h. Sono in corso ulteriori indagini per cercare ulteriori spiegazioni dell&#8217;incidente. Hutter aveva inizialmente invocato un guasto meccanico come causa dell&#8217;incidente ma poi ha ritrattato. Potrebbe essere sottoposta a perizia psichiatrica, dato il suo comportamento poco prima dell&#8217;incidente.<\/p>\n<p>&nbsp;<\/p>\n<hr \/>\n<p>&nbsp;<\/p>\n<p>&nbsp;<\/p>\n<blockquote>\n<h3><a class=\"dt-pswp-item\" href=\"https:\/\/www.radiopiu.net\/wordpress\/wp-content\/uploads\/2023\/09\/8cbacb5f-a985-4a77-9a97-e01731aa1ad0-300x225-1.jpg\" data-dt-img-description=\"\" data-large_image_width=\"300\" data-large_image_height=\"225\"><img loading=\"lazy\" decoding=\"async\" class=\"wp-image-354107 alignleft\" src=\"https:\/\/www.radiopiu.net\/wordpress\/wp-content\/uploads\/2023\/09\/8cbacb5f-a985-4a77-9a97-e01731aa1ad0-300x225-1.jpg\" alt=\"\" width=\"173\" height=\"130\" \/><\/a>DAL 12 AGOSTO L&#8217;AEREO PIANTONATO A SANTA CROCE<\/h3>\n<\/blockquote>\n<div class=\"articlePlainTitle\"><strong>ALPAGO<\/strong> Giorno e notte, senza tregua, h24. Dopo un mese e mezzo l&#8217;aero giallo \u00e8 sempre inchiodato in riva al lago dopo l&#8217;ammaraggio del 12 agosto. L&#8217;aereo dell&#8217;antincendio boschivo della Protezione civile nazionale At 802 &#8220;Fire Boss&#8221;\u00a0 si \u00e8 arenato sulla spiaggia di Farra per un&#8217;avaria al motore. Ieri mattina vertice tecnico. Attesa per oggi una l&#8217;elica che era stata smontata per ragioni di sicurezza.<\/div>\n<p>&nbsp;<\/p>\n<p>&nbsp;<\/p>\n<hr \/>\n<p>&nbsp;<\/p>\n<blockquote>\n<h3>203 AGORDINA: AGORDO-MAS, SENSO UNICO H24 SABATO E DOMENICA COMPRESI<\/h3>\n<\/blockquote>\n<p><strong>SEDICO<\/strong>\u00a0 fino al 13 ottobre, compresi sabati e domeniche, senso unico in localit\u00e0 La Pissa lungo la regionale 203 agordina.<\/p>\n<h3><strong style=\"font-size: 14px;\">ROCCA PIETORE <\/strong><span style=\"font-size: 14px; font-weight: normal;\">\u00a0SP 563 di Salesei, in localit\u00e0 Digonera\u00a0 interdetta alla circolazione stradale in entrambi i sensi di marcia\u00a0 finoal 31 ottobre<\/span><\/h3>\n<p><b>SOSPIROLO <\/b>dalle 7 alle 18, compresi sabato e domenica, lungo la provinciale 2 del Mis\u00a0 tra Pian Falcina e Gena Bassa senso unico alternato regolato da impianto semaforico o movieri con interruzioni alla viabilit\u00e0 fino a 10 minuti.<\/p>\n<p><strong>SANTA GIUSTINA <\/strong>SS 50 traffico deviato su via Nazionale. In alternativa \u00e8 possibile percorrere un secondo percorso alternativo che prevede il passaggio sulla SP635 e sulla SP1 da Sedico a Busche<\/p>\n<h3><strong style=\"font-size: 14px;\">AGORDO<\/strong><span style=\"font-size: 14px; font-weight: normal;\"> Il comune di Agordo informa che gioved\u00ec 28 settembre dalle 9 alle 11 verr\u00e0 interdetto al traffico in entrata e uscita per la frazione Valcozzena in prossimit\u00e0 del ponte sul Torrente Bisoliga a seguito di un intervento di manutenzione.<\/span><\/h3>\n<p>&nbsp;<\/p>\n<p>&nbsp;<\/p>\n<hr \/>\n<p>&nbsp;<\/p>\n<blockquote>\n<h3>OGGI IL GIORNO DI DOLORE A ROCCA PIETORE<\/h3>\n<\/blockquote>\n<p><strong><a class=\"dt-pswp-item\" href=\"https:\/\/www.radiopiu.net\/wordpress\/wp-content\/uploads\/2023\/09\/fausto-1.png\" data-dt-img-description=\"\" data-large_image_width=\"425\" data-large_image_height=\"264\"><img loading=\"lazy\" decoding=\"async\" class=\"wp-image-354056 alignleft\" src=\"https:\/\/www.radiopiu.net\/wordpress\/wp-content\/uploads\/2023\/09\/fausto-1-300x186.png\" alt=\"\" width=\"161\" height=\"100\" srcset=\"https:\/\/www.radiopiu.net\/wordpress\/wp-content\/uploads\/2023\/09\/fausto-1-300x186.png 300w, https:\/\/www.radiopiu.net\/wordpress\/wp-content\/uploads\/2023\/09\/fausto-1.png 425w\" sizes=\"auto, (max-width: 161px) 100vw, 161px\" \/><\/a>ROCCA PIETORE<\/strong> &#8220;Ciao sindaco della piazza&#8221;, alle 14.30 l&#8217;ultimo saluto a Fausto Sirena. Una comunit\u00e0 \u00e8 pronta a stringersi nel dolore con la moglie Nicoletta e il figlio Daniel,\u00a0 L&#8217;invito della famiglia. &#8220;Non fiori, ma eventuali offerte all&#8217;Associazione Volontari Ambulanza di Rocca Pietore&#8221;<\/p>\n<p>&nbsp;<\/p>\n<p>&nbsp;<\/p>\n<hr \/>\n<p>&nbsp;<\/p>\n<blockquote>\n<h3>LAMON SALUTA\u00a0 &#8220;FORNAROL&#8221;<\/h3>\n<\/blockquote>\n<div class=\"articlePlainText\"><em>Oggi alle 15 si svolgono nel duomo di Lamon i funerali di Mario Giacomin, morto nella casa di riposo di Arsi\u00e8 dove si trovava ospite da alcuni anni.<\/em><\/div>\n<p><a class=\"dt-pswp-item\" href=\"https:\/\/www.radiopiu.net\/wordpress\/wp-content\/uploads\/2023\/09\/Senza-nome-65.png\" data-dt-img-description=\"\" data-large_image_width=\"258\" data-large_image_height=\"202\"><img loading=\"lazy\" decoding=\"async\" class=\"wp-image-354091 alignleft\" src=\"https:\/\/www.radiopiu.net\/wordpress\/wp-content\/uploads\/2023\/09\/Senza-nome-65.png\" alt=\"\" width=\"133\" height=\"104\" \/><\/a><strong>LAMON<\/strong> Mario Giacomin \u00e8 stato il macellaio di fiducia del paese per molti anni, gestendo l&#8217;Antica Macelleria San Daniele e fornendo carne di qualit\u00e0 grazie al suo allevamento di vitelli. Ha trasmesso la sua passione per il mestiere ai figli Ruggero e Roberto, che continuano la tradizione. Mario era noto come &#8220;Fornarol&#8221; e aveva mani magiche che utilizzava per aiutare le persone con dolori muscolari e articolari. Ha trascorso gli ultimi anni nella casa di riposo di Arsi\u00e8 e oggi si tengono i suoi funerali nel duomo di Lamon, dove amici, familiari e chi apprezzava le sue doti umane e professionali gli rende omaggio.<\/p>\n<p>&nbsp;<\/p>\n<p>&nbsp;<\/p>\n<hr \/>\n<p>&nbsp;<\/p>\n<p>&nbsp;<\/p>\n<blockquote>\n<h3><a class=\"dt-pswp-item\" href=\"https:\/\/www.radiopiu.net\/wordpress\/wp-content\/uploads\/2023\/09\/Senza-nome-67.png\" data-dt-img-description=\"\" data-large_image_width=\"227\" data-large_image_height=\"200\"><img loading=\"lazy\" decoding=\"async\" class=\"size-full wp-image-354098 alignleft\" src=\"https:\/\/www.radiopiu.net\/wordpress\/wp-content\/uploads\/2023\/09\/Senza-nome-67.png\" alt=\"\" width=\"227\" height=\"200\" \/><\/a><\/h3>\n<h3>Addio a Fansu Keita, il giovane guineiano amato ad Auronzo<\/h3>\n<\/blockquote>\n<p><strong>AURONZO<\/strong> Fansu Keita, un giovane guineiano di 24 anni, \u00e8 morto improvvisamente durante il suo turno di lavoro all&#8217;Hotel Usignolo di Auronzo.<\/p>\n<p>Era un membro molto integrato nella comunit\u00e0 auronzana e aveva lavorato presso l&#8217;hotel per diversi anni. Fansu era arrivato in Italia nel 2017 attraverso un viaggio pericoloso in barca da Lampedusa ad Alpago, poi si era stabilito ad Auronzo.\u00a0 Dopo la fine della stagione turistica estiva, aveva previsto di tornare a casa, a Conakry, la capitale della Guinea, per riabbracciare sua madre. Alcuni familiari di Fansu sono arrivati da Guinea ad Auronzo, dove sono stati accolti dagli amici e da coloro che si sono presi cura di questi giovani sin dal loro arrivo.<\/p>\n<p>&nbsp;<\/p>\n<hr \/>\n<p>&nbsp;<\/p>\n<blockquote>\n<h3>COMMOZIONE A LA VALLE NELL&#8217;ULTIMO SALUTO A MARIA LUISA, IL RICORDO DI DON LUIGI DE COL<\/h3>\n<p><a class=\"dt-pswp-item\" href=\"https:\/\/www.radiopiu.net\/wordpress\/wp-content\/uploads\/2023\/09\/N.62.jpg\" data-dt-img-description=\"PM 2014-11-19 SEDE\" data-large_image_width=\"2000\" data-large_image_height=\"1331\"><img loading=\"lazy\" decoding=\"async\" class=\" wp-image-353633\" src=\"https:\/\/www.radiopiu.net\/wordpress\/wp-content\/uploads\/2023\/09\/N.62-300x200.jpg\" alt=\"\" width=\"149\" height=\"99\" srcset=\"https:\/\/www.radiopiu.net\/wordpress\/wp-content\/uploads\/2023\/09\/N.62-300x200.jpg 300w, https:\/\/www.radiopiu.net\/wordpress\/wp-content\/uploads\/2023\/09\/N.62-1024x681.jpg 1024w, https:\/\/www.radiopiu.net\/wordpress\/wp-content\/uploads\/2023\/09\/N.62-768x511.jpg 768w, https:\/\/www.radiopiu.net\/wordpress\/wp-content\/uploads\/2023\/09\/N.62-1536x1022.jpg 1536w, https:\/\/www.radiopiu.net\/wordpress\/wp-content\/uploads\/2023\/09\/N.62.jpg 2000w\" sizes=\"auto, (max-width: 149px) 100vw, 149px\" \/><\/a><\/p>\n<h3><\/h3>\n<\/blockquote>\n<p>LA VALLE-AGORDO-TAIBON<\/p>\n<p>DI GIANNI SANTOMASO<\/p>\n<audio class=\"wp-audio-shortcode\" id=\"audio-354008-1\" preload=\"none\" style=\"width: 100%;\" controls=\"controls\"><source type=\"audio\/mpeg\" src=\"https:\/\/www.radiopiu.net\/wordpress\/wp-content\/uploads\/2023\/09\/MARIA-PRAMAOR-GIANNI.mp3?_=1\" \/><a href=\"https:\/\/www.radiopiu.net\/wordpress\/wp-content\/uploads\/2023\/09\/MARIA-PRAMAOR-GIANNI.mp3\">https:\/\/www.radiopiu.net\/wordpress\/wp-content\/uploads\/2023\/09\/MARIA-PRAMAOR-GIANNI.mp3<\/a><\/audio>\n<p>&nbsp;<\/p>\n<p><a class=\"dt-pswp-item\" href=\"https:\/\/www.radiopiu.net\/wordpress\/wp-content\/uploads\/2023\/09\/Senza-nome-54.png\" data-dt-img-description=\"\" data-large_image_width=\"323\" data-large_image_height=\"239\"><img loading=\"lazy\" decoding=\"async\" class=\"size-medium wp-image-353708 aligncenter\" src=\"https:\/\/www.radiopiu.net\/wordpress\/wp-content\/uploads\/2023\/09\/Senza-nome-54-300x222.png\" alt=\"\" width=\"300\" height=\"222\" srcset=\"https:\/\/www.radiopiu.net\/wordpress\/wp-content\/uploads\/2023\/09\/Senza-nome-54-300x222.png 300w, https:\/\/www.radiopiu.net\/wordpress\/wp-content\/uploads\/2023\/09\/Senza-nome-54.png 323w\" sizes=\"auto, (max-width: 300px) 100vw, 300px\" \/><\/a><\/p>\n<p>&nbsp;<\/p>\n<p>&nbsp;<\/p>\n<p>&nbsp;<\/p>\n<hr \/>\n<p>&nbsp;<\/p>\n<p>&nbsp;<\/p>\n<blockquote>\n<h3><a class=\"dt-pswp-item\" href=\"https:\/\/www.radiopiu.net\/wordpress\/wp-content\/uploads\/2023\/09\/th-34.jpg\" data-dt-img-description=\"\" data-large_image_width=\"344\" data-large_image_height=\"180\"><img loading=\"lazy\" decoding=\"async\" class=\"wp-image-354092 alignleft\" src=\"https:\/\/www.radiopiu.net\/wordpress\/wp-content\/uploads\/2023\/09\/th-34-300x157.jpg\" alt=\"\" width=\"172\" height=\"90\" srcset=\"https:\/\/www.radiopiu.net\/wordpress\/wp-content\/uploads\/2023\/09\/th-34-300x157.jpg 300w, https:\/\/www.radiopiu.net\/wordpress\/wp-content\/uploads\/2023\/09\/th-34.jpg 344w\" sizes=\"auto, (max-width: 172px) 100vw, 172px\" \/><\/a>UBRIACA AL VOLANTE, DA SOBRIA FARA&#8217; LAVORI SOCIALI<\/h3>\n<\/blockquote>\n<p><strong>BELLUNO\u00a0<\/strong> una donna \u00e8 stata fermata con un tasso alcolemico di 3,03 e inizialmente aveva dato 2,99 al primo test. \u00c8 stata accusata di guida in stato di ebbrezza e ha avuto come difensore l&#8217;avvocato Raffaele Addamiano. Il giudice Paolo Velo ha deciso di imporle otto mesi di lavori di pubblica utilit\u00e0 e la frequenza a un corso di sensibilizzazione. Se completati con successo, il reato sar\u00e0 cancellato dalla sua fedina penale. Non \u00e8 stata discussa la questione della patente durante l&#8217;udienza. La prossima udienza di verifica \u00e8 fissata per il 16 settembre.<\/p>\n<p>&nbsp;<\/p>\n<hr \/>\n<p>&nbsp;<\/p>\n<p>&nbsp;<\/p>\n<blockquote>\n<h3>AD AGORDO ESEMPIO DI CONVIVENZA CON\u00a0 I LADRI E DISADATTATI, VOLTI NOTI ALLE FORZE DELL&#8217;ORDINE<\/h3>\n<\/blockquote>\n<p><strong>AGORDO<\/strong>\u00a0 \u00a0Un giovane agordino e la sua presunta complice sono a processo, indagati per\u00a0 furto aggravato di un monopattino. A.B. e N.D.B. l&#8217;avrebbero trovato all&#8217;esterno di un negozio e se ne sarebbero impossessati, mentre il titolare stava lavorando. Gli investigatori sono arrivati ai due imputati\u00a0 grazie alle telecamere. Il ragazzo sarebbe stato riconosciuto da capelli, vestiti e per il fatto che \u00e8 molto conosciuto agli uffici. Ma il 29 febbraio sar\u00e0 sentito un altro agente.<\/p>\n<p>&nbsp;<\/p>\n<p>&nbsp;<\/p>\n<hr \/>\n<p>&nbsp;<\/p>\n<blockquote>\n<h3><a class=\"dt-pswp-item\" href=\"https:\/\/www.radiopiu.net\/wordpress\/wp-content\/uploads\/2021\/06\/d80d78c4-d4bb-4317-8238-4958a613bc03.jpg\" data-dt-img-description=\"\" data-large_image_width=\"1920\" data-large_image_height=\"1080\"><img loading=\"lazy\" decoding=\"async\" class=\"wp-image-213614 alignleft\" src=\"https:\/\/www.radiopiu.net\/wordpress\/wp-content\/uploads\/2021\/06\/d80d78c4-d4bb-4317-8238-4958a613bc03-300x169.jpg\" alt=\"\" width=\"240\" height=\"135\" srcset=\"https:\/\/www.radiopiu.net\/wordpress\/wp-content\/uploads\/2021\/06\/d80d78c4-d4bb-4317-8238-4958a613bc03-300x169.jpg 300w, https:\/\/www.radiopiu.net\/wordpress\/wp-content\/uploads\/2021\/06\/d80d78c4-d4bb-4317-8238-4958a613bc03-1024x576.jpg 1024w, https:\/\/www.radiopiu.net\/wordpress\/wp-content\/uploads\/2021\/06\/d80d78c4-d4bb-4317-8238-4958a613bc03-768x432.jpg 768w, https:\/\/www.radiopiu.net\/wordpress\/wp-content\/uploads\/2021\/06\/d80d78c4-d4bb-4317-8238-4958a613bc03-1536x864.jpg 1536w, https:\/\/www.radiopiu.net\/wordpress\/wp-content\/uploads\/2021\/06\/d80d78c4-d4bb-4317-8238-4958a613bc03.jpg 1920w\" sizes=\"auto, (max-width: 240px) 100vw, 240px\" \/><\/a>EMERGENZA MIGRANTI, IN PREFETTURA IL TEMA &#8220;MINORI&#8221; NON ACCOMPAGNATI<\/h3>\n<\/blockquote>\n<p><strong>BELLUNO\u00a0<\/strong> \u00a0La Prefettura ha dovuto affrontare un fine settimana impegnativo per trovare alloggi per quattro minori, con un quinto previsto in arrivo. La Caritas sta temporaneamente ospitando questi minori in un B&amp;B, ma trovare soluzioni a lungo termine \u00e8 una sfida. Gli amministratori locali hanno sottolineato l&#8217;importanza di distribuire l&#8217;ospitalit\u00e0 per i profughi in modo pi\u00f9 equo su tutto il territorio anzich\u00e9 concentrarla sui comuni che hanno gi\u00e0 fatto la loro parte. Il prefetto ha chiesto ulteriori sforzi e disponibilit\u00e0 da parte dei Comuni, ma molti sindaci hanno evidenziato le loro difficolt\u00e0 nel gestire l&#8217;emergenza, dato che stanno gi\u00e0 ospitando profughi e migranti in alloggi limitati. La situazione sta diventando sempre pi\u00f9 complessa da gestire, con la tenda per la prima accoglienza fornita dalla Croce Rossa a Cavarzano che \u00e8 nuovamente piena.<\/p>\n<p>&nbsp;<\/p>\n<hr \/>\n<p>&nbsp;<\/p>\n<p>&nbsp;<\/p>\n<blockquote>\n<h3><a class=\"dt-pswp-item\" href=\"https:\/\/www.radiopiu.net\/wordpress\/wp-content\/uploads\/2021\/10\/9d1e264f-0772-472e-94d9-473a8e2a9cd1.jpg\" data-dt-img-description=\"\" data-large_image_width=\"1599\" data-large_image_height=\"899\"><img loading=\"lazy\" decoding=\"async\" class=\" wp-image-237484 alignleft\" src=\"https:\/\/www.radiopiu.net\/wordpress\/wp-content\/uploads\/2021\/10\/9d1e264f-0772-472e-94d9-473a8e2a9cd1-300x169.jpg\" alt=\"\" width=\"250\" height=\"141\" srcset=\"https:\/\/www.radiopiu.net\/wordpress\/wp-content\/uploads\/2021\/10\/9d1e264f-0772-472e-94d9-473a8e2a9cd1-300x169.jpg 300w, https:\/\/www.radiopiu.net\/wordpress\/wp-content\/uploads\/2021\/10\/9d1e264f-0772-472e-94d9-473a8e2a9cd1-1024x576.jpg 1024w, https:\/\/www.radiopiu.net\/wordpress\/wp-content\/uploads\/2021\/10\/9d1e264f-0772-472e-94d9-473a8e2a9cd1-768x432.jpg 768w, https:\/\/www.radiopiu.net\/wordpress\/wp-content\/uploads\/2021\/10\/9d1e264f-0772-472e-94d9-473a8e2a9cd1-1536x864.jpg 1536w, https:\/\/www.radiopiu.net\/wordpress\/wp-content\/uploads\/2021\/10\/9d1e264f-0772-472e-94d9-473a8e2a9cd1.jpg 1599w\" sizes=\"auto, (max-width: 250px) 100vw, 250px\" \/><\/a>DOLOMITIBUS CONTINUA A TAGLIARE, GLI UTENTI ESIGONO IL RIMBORSO PER I DISAGI QUOTIDIANI, ASSOCIAZIONI DEI CONSUMATORI SEMPRE LATITANTI, FORSE PASSATE DI &#8220;MODA&#8221;<\/h3>\n<p><em>Gli utenti dei pullman avviliti e rassegnati davanti alla manifesta incapacit\u00e0 di risolvere in modo definitivo i problemi<\/em><\/p><\/blockquote>\n<p><strong>BELLUNO<\/strong> La nuova specialit\u00e0 di Dolomitibus: usare le forbici in modo quotidiano. Oggi saltano almeno otto corse del trasporto pubblico locale. Oggi il bastone per\u00a0 i clienti dell&#8217;Alpago.<\/p>\n<p>&nbsp;<\/p>\n<p>&nbsp;<\/p>\n<hr \/>\n<p>&nbsp;<\/p>\n<h3><a class=\"dt-pswp-item\" href=\"https:\/\/www.radiopiu.net\/wordpress\/wp-content\/uploads\/2023\/09\/AM-2023-5-scaled.jpg\" data-dt-img-description=\"\" data-large_image_width=\"2560\" data-large_image_height=\"1707\"><img loading=\"lazy\" decoding=\"async\" class=\"wp-image-353773 alignleft\" src=\"https:\/\/www.radiopiu.net\/wordpress\/wp-content\/uploads\/2023\/09\/AM-2023-5-300x200.jpg\" alt=\"\" width=\"218\" height=\"145\" srcset=\"https:\/\/www.radiopiu.net\/wordpress\/wp-content\/uploads\/2023\/09\/AM-2023-5-300x200.jpg 300w, https:\/\/www.radiopiu.net\/wordpress\/wp-content\/uploads\/2023\/09\/AM-2023-5-1024x683.jpg 1024w, https:\/\/www.radiopiu.net\/wordpress\/wp-content\/uploads\/2023\/09\/AM-2023-5-768x512.jpg 768w, https:\/\/www.radiopiu.net\/wordpress\/wp-content\/uploads\/2023\/09\/AM-2023-5-1536x1024.jpg 1536w, https:\/\/www.radiopiu.net\/wordpress\/wp-content\/uploads\/2023\/09\/AM-2023-5-2048x1365.jpg 2048w\" sizes=\"auto, (max-width: 218px) 100vw, 218px\" \/><\/a>ARABBA MARMOLADA 2030 &#8211; A UN PASSO DAL FUTURO, QUESTA SERA DALLE 20.30 SULLE FREQUENZE DI RADIOPIU (FM) E IN TUTTO IL MONDO (WWW.RADIOPIU.NET E APPLICAZIONI) IL DIBATTITO DAL RIFUGIO GORZA, DIRETTA DIFFERITA INTEGRALE.<br \/>\nLO ANTICIPIAMO CON DIEGO DE BATTISTA PRESIDENTE CONSORZIO IMPIANTI A FUNE ARABBA-MARMOLADA<\/h3>\n<p>&nbsp;<\/p>\n<p>Montagna, comunit\u00e0, identit\u00e0, sviluppo turistico. Queste le parole chiave di Arabba Marmolada 2030 \u2013 a un passo dal futuro, evento che si \u00e8 tenuto al Rifugio Gorza a Porta Vescovo: Sentito e partecipato dalla popolazione dei Comuni di Livinallongo del Col di Lana e di Rocca Pietore, ma anche da tante persone provenienti da altre localit\u00e0: oltre 300 le presenze, in un luogo simbolo a cavallo tra i due territori. questa sera dalle 20.30 la diretta differita. sulle frequenze fm di radio piu<\/p>\n<audio class=\"wp-audio-shortcode\" id=\"audio-354008-2\" preload=\"none\" style=\"width: 100%;\" controls=\"controls\"><source type=\"audio\/mpeg\" src=\"https:\/\/www.radiopiu.net\/wordpress\/wp-content\/uploads\/2023\/09\/DIEGO-DE-BATTISTA-POST-EVENTO.mp3?_=2\" \/><a href=\"https:\/\/www.radiopiu.net\/wordpress\/wp-content\/uploads\/2023\/09\/DIEGO-DE-BATTISTA-POST-EVENTO.mp3\">https:\/\/www.radiopiu.net\/wordpress\/wp-content\/uploads\/2023\/09\/DIEGO-DE-BATTISTA-POST-EVENTO.mp3<\/a><\/audio>\n<p>&nbsp;<\/p>\n<hr \/>\n<p>&nbsp;<\/p>\n<p>&nbsp;<\/p>\n<blockquote>\n<h3>VIA LIBERA AI LAVORI PER LA MESSA IN SICUREZZA DELLA STRADA DI CONTRIN<\/h3>\n<\/blockquote>\n<p><strong><a class=\"dt-pswp-item\" href=\"https:\/\/www.radiopiu.net\/wordpress\/wp-content\/uploads\/2021\/07\/Pieve-di-Livinallongo_Arabba-Fodom-Turismo.jpg\" data-dt-img-description=\"\" data-large_image_width=\"2016\" data-large_image_height=\"1512\"><img loading=\"lazy\" decoding=\"async\" class=\" wp-image-222884 alignleft\" src=\"https:\/\/www.radiopiu.net\/wordpress\/wp-content\/uploads\/2021\/07\/Pieve-di-Livinallongo_Arabba-Fodom-Turismo-300x225.jpg\" alt=\"\" width=\"173\" height=\"130\" srcset=\"https:\/\/www.radiopiu.net\/wordpress\/wp-content\/uploads\/2021\/07\/Pieve-di-Livinallongo_Arabba-Fodom-Turismo-300x225.jpg 300w, https:\/\/www.radiopiu.net\/wordpress\/wp-content\/uploads\/2021\/07\/Pieve-di-Livinallongo_Arabba-Fodom-Turismo-1024x768.jpg 1024w, https:\/\/www.radiopiu.net\/wordpress\/wp-content\/uploads\/2021\/07\/Pieve-di-Livinallongo_Arabba-Fodom-Turismo-768x576.jpg 768w, https:\/\/www.radiopiu.net\/wordpress\/wp-content\/uploads\/2021\/07\/Pieve-di-Livinallongo_Arabba-Fodom-Turismo-1536x1152.jpg 1536w, https:\/\/www.radiopiu.net\/wordpress\/wp-content\/uploads\/2021\/07\/Pieve-di-Livinallongo_Arabba-Fodom-Turismo.jpg 2016w\" sizes=\"auto, (max-width: 173px) 100vw, 173px\" \/><\/a>LIVINALLONGO<\/strong><\/p>\n<p>DI LORENZO SORATROI<\/p>\n<audio class=\"wp-audio-shortcode\" id=\"audio-354008-3\" preload=\"none\" style=\"width: 100%;\" controls=\"controls\"><source type=\"audio\/mpeg\" src=\"https:\/\/www.radiopiu.net\/wordpress\/wp-content\/uploads\/2023\/09\/SORATROI-VIA-LIBERA-AI-LAVORI-PER-LA-MESSA-IN-SICUREZZA-DELLA-STRADA-DI-CONTRIN.mp3?_=3\" \/><a href=\"https:\/\/www.radiopiu.net\/wordpress\/wp-content\/uploads\/2023\/09\/SORATROI-VIA-LIBERA-AI-LAVORI-PER-LA-MESSA-IN-SICUREZZA-DELLA-STRADA-DI-CONTRIN.mp3\">https:\/\/www.radiopiu.net\/wordpress\/wp-content\/uploads\/2023\/09\/SORATROI-VIA-LIBERA-AI-LAVORI-PER-LA-MESSA-IN-SICUREZZA-DELLA-STRADA-DI-CONTRIN.mp3<\/a><\/audio>\n<p>&nbsp;<\/p>\n<p>&nbsp;<\/p>\n<p>&nbsp;<\/p>\n<hr \/>\n<p>&nbsp;<\/p>\n<blockquote>\n<h3>ACQUA NON POTABILE A LIVINALLONGO<\/h3>\n<\/blockquote>\n<p><strong>LIVINALLONGO<\/strong> Gestione Servizi Pubblici informa che a LIVINALLONGO DEL COL DI LANA in localit\u00e0 BRENTA e LARZONEI l&#8217;acqua erogata dall&#8217;acquedotto non \u00e8 potabile e pu\u00f2 essere usata per scopi alimentari SOLO PREVIA bollitura.<\/p>\n<p>&nbsp;<\/p>\n<p>&nbsp;<\/p>\n<hr \/>\n<p>&nbsp;<\/p>\n<blockquote>\n<h3 class=\"entry-title\">ALPINISTI SOCCORSI A 2500 METRI SULLA FERRATA COSTANTINI<\/h3>\n<\/blockquote>\n<p><strong><a class=\"dt-pswp-item\" href=\"https:\/\/www.radiopiu.net\/wordpress\/wp-content\/uploads\/2023\/09\/a89a15c0-6348-42b6-8b20-bde31b5af6f1.jpg\" data-dt-img-description=\"\" data-large_image_width=\"1600\" data-large_image_height=\"876\"><img loading=\"lazy\" decoding=\"async\" class=\" wp-image-353951 alignleft\" src=\"https:\/\/www.radiopiu.net\/wordpress\/wp-content\/uploads\/2023\/09\/a89a15c0-6348-42b6-8b20-bde31b5af6f1-300x164.jpg\" alt=\"\" width=\"166\" height=\"91\" srcset=\"https:\/\/www.radiopiu.net\/wordpress\/wp-content\/uploads\/2023\/09\/a89a15c0-6348-42b6-8b20-bde31b5af6f1-300x164.jpg 300w, https:\/\/www.radiopiu.net\/wordpress\/wp-content\/uploads\/2023\/09\/a89a15c0-6348-42b6-8b20-bde31b5af6f1-1024x561.jpg 1024w, https:\/\/www.radiopiu.net\/wordpress\/wp-content\/uploads\/2023\/09\/a89a15c0-6348-42b6-8b20-bde31b5af6f1-768x420.jpg 768w, https:\/\/www.radiopiu.net\/wordpress\/wp-content\/uploads\/2023\/09\/a89a15c0-6348-42b6-8b20-bde31b5af6f1-1536x841.jpg 1536w, https:\/\/www.radiopiu.net\/wordpress\/wp-content\/uploads\/2023\/09\/a89a15c0-6348-42b6-8b20-bde31b5af6f1.jpg 1600w\" sizes=\"auto, (max-width: 166px) 100vw, 166px\" \/><\/a>AGORDO<\/strong> Intervento dell\u2019elicottero dell\u2019Aiut Alpin Dolomites domenica sera dopo le 21, con il buio in Moiazza a oltre 2500 metri. Recuperati due alpinisti, illesi. Partiti alle 10 da Passo Duran per il giro della Ferrata Costantini, due escursionisti si sono trovati in difficolt\u00e0 lungo il percorso e verso le 20.15 hanno contattato il 118. Al cellulare i due, un 53enne di Cittadella (PD) e una 47enne di Romano d\u2019Ezzelino (VI), dicevano di essere in prossimit\u00e0 del bivio che indicava un Bivacco, ma di non poter pi\u00f9 procedere in quanto la donna era sfinita dalla stanchezza. Capito che si trovavano all\u2019altezza della Cresta delle Masenade, l\u2019elicottero dell\u2019Aiut Alpin Dolomites di Bolzano, abilitato per il volo notturno, ha imbarcato un soccorritore di Agordo per guidare l\u2019equipaggio durante il sorvolo. Una volta individuata la coppia, che si trovava poco pi\u00f9 avanti della Cresta, i due escursionisti sono stati recuperati e trasportati a valle. L\u2019intervento si \u00e8 concluso alle 22 circa.<\/p>\n<p>&nbsp;<\/p>\n<hr \/>\n<p>&nbsp;<\/p>\n<blockquote>\n<h2>LA DENUNCIA RACCOLTA DA DAFNE, PRESUNTA VITTIMA DI UN PEDOFILO, TUTTO DA VERIFICARE<\/h2>\n<\/blockquote>\n<p><strong><img loading=\"lazy\" decoding=\"async\" class=\"alignleft\" src=\"https:\/\/www.radiopiu.net\/wordpress\/wp-content\/uploads\/2023\/02\/DAFNE.jpg\" width=\"215\" height=\"104\" \/>BELLUNO<\/strong> Al centralino dell&#8217;associazione Dafne, \u00a0nata 17 anni fa da una vicenda che ha coinvolto alcune decine di bambine vittime di violenza sessuale\u00a0 di un insegnante elementare, \u00e8 arrivata una telefonata anonima preoccupante, la voce di una giovane ragazza. <em>&#8220;In sintesi &#8211; dicono all&#8217;associazione &#8211;\u00a0 ci ha raccontato che: Non ce la faceva pi\u00f9, la sua sofferenza era insopportabile e non riusciva a venirne fuori, sapeva di doverlo denunciare, ma non riusciva a farlo. Ci ha detto di essere stata vittima per anni di un pedofilo e sapere che costui \u00e8 ben visto, stimato ed apprezzato le rende tutto difficile. Ha la certezza di non essere l\u2019unica ragazzina a cui ha rivolto le sue morbose attenzioni. \u00a0La madre ne sarebbe a conoscenza, ma non capirebbe il dolore che ha dentro. Vorrebbe anzi convincerla che se lo denuncia poi nessuno le creder\u00e0, ma vorranno credere alla sua innocenza e lei sar\u00e0 solo una puttanella, ed \u00e8 preoccupata di cosa direbbero in paese&#8221;.<\/em> Da Dafne la disponibilit\u00e0 ad accompagnare la ragazza per la denuncia, ma non ha accettato. <em>&#8220;Non sappiamo neppure se le cose riferite siano reali o inventate, sappiamo per\u00f2 che sono situazioni che si possono verificare. Abbiamo sentito il bisogno di raccontare di questo colloquio telefonico nella speranza che chi \u00e8 coinvolto in questa o in analoghe situazioni, possa trovare motivo di riflessione.&#8221;.\u00a0<\/em><\/p>\n<p>&nbsp;<\/p>\n<hr \/>\n<p>&nbsp;<\/p>\n<p>&nbsp;<\/p>\n<blockquote>\n<h2>LIMITAZIONI TEMPORANEE NOTTURNE LUNGO LA SS51 \u201cDI ALEMAGNA\u201d<\/h2>\n<\/blockquote>\n<ul>\n<li><em><strong><img loading=\"lazy\" decoding=\"async\" class=\"alignleft\" src=\"https:\/\/www.radiopiu.net\/wordpress\/wp-content\/uploads\/2021\/06\/anas.png\" width=\"180\" height=\"102\" \/> dalle 22 alle 6<\/strong><\/em><\/li>\n<\/ul>\n<p><strong>OSPITALE<\/strong> Sono iniziati\u00a0 gli interventi di manutenzione degli impianti delle gallerie \u2018Macchietto\u2019, \u2018Termine\u2019, \u2018Ospitale\u2019 e \u2018Caralte\u2019 , da ieri\u00a0 sera sono previste limitazioni temporanee notturne lungo la strada statale 51 \u201cdi Alemagna\u201d fino al 6 ottobre \u00a0\u2013 giorni festivi esclusi \u2013\u00a0 dalle\u00a0 22 alle 6 del mattino successivo. La statale Alemagna sar\u00e0 chiusa al traffico dal km 53,300 al km 61,300, presso le gallerie \u2018Termine\u2019 e \u2018Ospitale\u2019, con contestuale deviazione del traffico sulla NSA 215 ossia il vecchio tracciato della SS51. Nei pressi delle gallerie \u2018Macchietto\u2019 (dal km 62,200 al km 63,800) e \u2018Caralte\u2019 (dal km 65,050 al km 66,800) sar\u00e0 invece istituito il senso unico alternato ed il limite massimo di velocit\u00e0 di 30 km\/h.<\/p>\n<p>&nbsp;<\/p>\n<p>&nbsp;<\/p>\n<hr \/>\n<p>&nbsp;<\/p>\n<p>&nbsp;<\/p>\n<blockquote>\n<h3>ESSILOR LUXOTTICA INTRODUCE LA PIATTAFORMA DIGITALE PER LA GESTIONE DEI NEGOZI DI OTTICA, LA VERNICE IN NORD AMERICA<\/h3>\n<\/blockquote>\n<p><strong>AGORDO<\/strong> EssilorLuxottica compie un altro importante passo avanti nella digitalizzazione del settore con il lancio di HELIX, la sua nuova divisione dedicata agli ottici indipendenti per aiutarli a ottimizzare la gestione del proprio business con soluzioni tecnologiche di ultima generazione.\u00a0 Il lancio di HELIX \u00e8 parte della strategia di EssilorLuxottica volta a offrire un ampio portafoglio di prodotti e<br \/>\nservizi pensati per migliorare l\u2019esperienza dei pazienti e, al tempo stesso, garantire agli ottici la massima efficienza nella gestione del proprio negozio. Le soluzioni HELIX saranno inizialmente disponibili in Nord America.<\/p>\n<p>&nbsp;<\/p>\n<p>&nbsp;<\/p>\n<hr \/>\n<p>&nbsp;<\/p>\n<blockquote>\n<h3>IL SENTIERO DEL RESPIRO<\/h3>\n<\/blockquote>\n<p><strong>VENEZIA <\/strong>Si terr\u00e0 oggi alle 12:30 a Palazzo Ferro Fini a Venezia la presentazione della conclusione dei lavori di realizzazione del \u201cSentiero del Respiro\u201d . L\u2019incontro sar\u00e0 l\u2019occasione per raccontare il progetto cha ha dato vita ad un percorso naturalistico-educazionale che, partendo da dentro il Castello di Andraz, nel comune di Livinallongo del Col di Lana (BL), prosegue nel bosco antistante, valorizzando i vecchi tracciati di terreni silvopastorali e militari e offrendo attivit\u00e0 ludico-ricreative adatte alle famiglie e agli amanti della montagna (es. Palestra di roccia per l\u2019arrampicata).\u00a0 Il progetto ha, inoltre, incluso un\u2019opera di rimboschimento di 10.000 nuovi alberi per ripristinare parte del bosco colpito dalla tempesta Vaia.<\/p>\n<p>&nbsp;<\/p>\n<p>&nbsp;<\/p>\n<hr \/>\n<p>&nbsp;<\/p>\n<blockquote>\n<h3>NEL FINE SETTIMANA IL DOLOMITI SCIENCE FESTIVAL<\/h3>\n<\/blockquote>\n<p><strong>SOSPIROLO <\/strong><span style=\"color: #000000;\"><span style=\"font-size: 11pt; font-family: arial, sans-serif; background-color: transparent; font-weight: 400; font-style: normal; font-variant: normal; text-decoration: none; vertical-align: baseline; white-space: pre-wrap;\">Il 29 e il 30 <span id=\"OBJ_PREFIX_DWT1005_com_zimbra_date\" class=\"Object\" role=\"link\">settembre <\/span>si terr\u00e0, nei comuni di Sospirolo e di Cesiomaggiore, il primo \u2018Dolomiti Science Festival\u2019<\/span><span style=\"font-size: 11pt; font-family: arial, sans-serif; background-color: transparent; font-weight: 400; font-style: normal; font-variant: normal; text-decoration: none; vertical-align: baseline; white-space: pre-wrap;\">, la cui progettualit\u00e0 \u00e8 stata abbracciata dalle rispettive biblioteche per concretizzare forme di microrete culturale da proporre alle due comunit\u00e0 attigue. <\/span><\/span><span style=\"color: #000000;\"><span style=\"font-size: 11pt; font-family: arial, sans-serif; background-color: transparent; font-weight: 400; font-style: normal; font-variant: normal; text-decoration: none; vertical-align: baseline; white-space: pre-wrap;\">Nato dall&#8217;idea di un quartetto di divulgatori <\/span><span style=\"font-size: 11pt; font-family: arial, sans-serif; background-color: transparent; font-weight: 400; font-style: normal; font-variant: normal; text-decoration: none; vertical-align: baseline; white-space: pre-wrap;\">scientifici<\/span><span style=\"font-size: 11pt; font-family: arial, sans-serif; background-color: transparent; font-weight: 400; font-style: normal; font-variant: normal; text-decoration: none; vertical-align: baseline; white-space: pre-wrap;\"> di formazione e professione diversa (<\/span><span style=\"font-size: 11pt; font-family: arial, sans-serif; background-color: transparent; font-weight: 400; font-style: normal; font-variant: normal; text-decoration: none; vertical-align: baseline; white-space: pre-wrap;\">Paolo Alessandrini, Filippo Busolo, Donata Caselli e Fabiano Nart)<\/span><span style=\"font-size: 11pt; font-family: arial, sans-serif; background-color: transparent; font-weight: 400; font-style: normal; font-variant: normal; text-decoration: none; vertical-align: baseline; white-space: pre-wrap;\">, il Festival si propone di promuovere la scienza in provincia di Belluno. <\/span><\/span><span style=\"color: #000000;\"><span style=\"font-size: 11pt; font-family: arial, sans-serif; background-color: transparent; font-weight: 400; font-style: normal; font-variant: normal; text-decoration: none; vertical-align: baseline; white-space: pre-wrap;\">I<\/span><span style=\"font-size: 11pt; font-family: arial, sans-serif; background-color: transparent; font-weight: 400; font-style: normal; font-variant: normal; text-decoration: none; vertical-align: baseline; white-space: pre-wrap;\">l Gruppo di lavoro, coordinato dalla bibliotecaria Donata Caselli, consapevole <\/span><span style=\"font-size: 11pt; font-family: arial, sans-serif; background-color: transparent; font-weight: 400; font-style: normal; font-variant: normal; text-decoration: none; vertical-align: baseline; white-space: pre-wrap;\">dell&#8217;importanza della formazione continua e con l&#8217;obiettivo di avvicinare le famiglie alla scienza, grazie a un programma eterogeneo e pop,<\/span> <span style=\"font-size: 11pt; font-family: arial, sans-serif; background-color: transparent; font-weight: 400; font-style: normal; font-variant: normal; text-decoration: none; vertical-align: baseline; white-space: pre-wrap;\">vuole stimolare la curiosit\u00e0 dei partecipanti, attraverso letture animate, laboratori e incontri. <\/span><span style=\"font-size: 11pt; font-family: arial, sans-serif; background-color: transparent; font-weight: 400; font-style: normal; font-variant: normal; text-decoration: none; vertical-align: baseline; white-space: pre-wrap;\">A chiusura della rassegna, <\/span><span style=\"font-size: 11pt; font-family: arial, sans-serif; background-color: transparent; font-weight: 400; font-style: normal; font-variant: normal; text-decoration: none; vertical-align: baseline; white-space: pre-wrap;\">unitaria e<\/span> <span style=\"font-size: 11pt; font-family: arial, sans-serif; background-color: transparent; font-weight: 400; font-style: normal; font-variant: normal; text-decoration: none; vertical-align: baseline; white-space: pre-wrap;\">a scavalco tra Sospirolo e Cesiomaggiore<\/span><span style=\"font-size: 11pt; font-family: arial, sans-serif; background-color: transparent; font-weight: 400; font-style: normal; font-variant: normal; text-decoration: none; vertical-align: baseline; white-space: pre-wrap;\">, verr\u00e0 realizzato un vero e proprio show di chimica, <\/span><span style=\"font-size: 11pt; font-family: arial, sans-serif; background-color: transparent; font-weight: 400; font-style: normal; font-variant: normal; text-decoration: none; vertical-align: baseline; white-space: pre-wrap;\">animato da Fabiano Nart<\/span><span style=\"font-size: 11pt; font-family: arial, sans-serif; background-color: transparent; font-weight: 400; font-style: normal; font-variant: normal; text-decoration: none; vertical-align: baseline; white-space: pre-wrap;\">. La partecipazione agli eventi \u00e8 libera e gratuita<\/span><\/span><\/p>\n<p>&nbsp;<\/p>\n<hr \/>\n<p>&nbsp;<\/p>\n<blockquote>\n<h3>DOLOMITI HORECA, DAL 2 OTTOBRE A LONGARONE FIERE<\/h3>\n<\/blockquote>\n<p><strong><a class=\"dt-pswp-item\" href=\"https:\/\/www.radiopiu.net\/wordpress\/wp-content\/uploads\/2023\/09\/e21a18f6-6890-47b8-94e3-ebf6a08adaca.jpg\" data-dt-img-description=\"\" data-large_image_width=\"2048\" data-large_image_height=\"1137\"><img loading=\"lazy\" decoding=\"async\" class=\"size-medium wp-image-354060 alignleft\" src=\"https:\/\/www.radiopiu.net\/wordpress\/wp-content\/uploads\/2023\/09\/e21a18f6-6890-47b8-94e3-ebf6a08adaca-300x167.jpg\" alt=\"\" width=\"300\" height=\"167\" srcset=\"https:\/\/www.radiopiu.net\/wordpress\/wp-content\/uploads\/2023\/09\/e21a18f6-6890-47b8-94e3-ebf6a08adaca-300x167.jpg 300w, https:\/\/www.radiopiu.net\/wordpress\/wp-content\/uploads\/2023\/09\/e21a18f6-6890-47b8-94e3-ebf6a08adaca-1024x569.jpg 1024w, https:\/\/www.radiopiu.net\/wordpress\/wp-content\/uploads\/2023\/09\/e21a18f6-6890-47b8-94e3-ebf6a08adaca-768x426.jpg 768w, https:\/\/www.radiopiu.net\/wordpress\/wp-content\/uploads\/2023\/09\/e21a18f6-6890-47b8-94e3-ebf6a08adaca-1536x853.jpg 1536w, https:\/\/www.radiopiu.net\/wordpress\/wp-content\/uploads\/2023\/09\/e21a18f6-6890-47b8-94e3-ebf6a08adaca.jpg 2048w\" sizes=\"auto, (max-width: 300px) 100vw, 300px\" \/><\/a>LONGARONE\u00a0<\/strong> Torna la prossima settimana per la terza edizione HoReCa, la rassegna dedicata all&#8217;ospitalit\u00e0 e all&#8217;accoglienza in montagna organizzata da Longarone Fiere Dolomiti. Tra le novit\u00e0, anche uno spazio dedicato alle offerte di lavoro nel settore.<\/p>\n<p>&nbsp;<\/p>\n<p>&nbsp;<\/p>\n<p>&nbsp;<\/p>\n<p><strong>di DANIELE DALVIT<\/strong><\/p>\n<audio class=\"wp-audio-shortcode\" id=\"audio-354008-4\" preload=\"none\" style=\"width: 100%;\" controls=\"controls\"><source type=\"audio\/mpeg\" src=\"https:\/\/www.radiopiu.net\/wordpress\/wp-content\/uploads\/2023\/09\/Radio-Piu-Servizio-Presentazione-HoReCa-2023.mp3?_=4\" \/><a href=\"https:\/\/www.radiopiu.net\/wordpress\/wp-content\/uploads\/2023\/09\/Radio-Piu-Servizio-Presentazione-HoReCa-2023.mp3\">https:\/\/www.radiopiu.net\/wordpress\/wp-content\/uploads\/2023\/09\/Radio-Piu-Servizio-Presentazione-HoReCa-2023.mp3<\/a><\/audio>\n<p>&nbsp;<\/p>\n<p>&nbsp;<\/p>\n<p>&nbsp;<\/p>\n<hr \/>\n<blockquote>\n<h3><em><img loading=\"lazy\" decoding=\"async\" class=\"alignleft\" src=\"https:\/\/www.radiopiu.net\/wordpress\/wp-content\/uploads\/2021\/07\/SALA-DON-TAMIS.png\" width=\"199\" height=\"135\" \/>\u00a0presentazione del Documento Unico di Programmazione.\u00a0<\/em><\/h3>\n<p>di Gianni Santomaso<\/p><\/blockquote>\n<p>&nbsp;<\/p>\n<p>&nbsp;<\/p>\n<audio class=\"wp-audio-shortcode\" id=\"audio-354008-5\" preload=\"none\" style=\"width: 100%;\" controls=\"controls\"><source type=\"audio\/mpeg\" src=\"https:\/\/www.radiopiu.net\/wordpress\/wp-content\/uploads\/2023\/09\/UMA-AGORDO-GIANNI.mp3?_=5\" \/><a href=\"https:\/\/www.radiopiu.net\/wordpress\/wp-content\/uploads\/2023\/09\/UMA-AGORDO-GIANNI.mp3\">https:\/\/www.radiopiu.net\/wordpress\/wp-content\/uploads\/2023\/09\/UMA-AGORDO-GIANNI.mp3<\/a><\/audio>\n<p>&nbsp;<\/p>\n<p>&nbsp;<\/p>\n<h4>IL REGOLAMENTO EDIZIONI COMUNALE NEL CONSIGLIO DI DOMANI\u00a0 A TAIBON<\/h4>\n<p>DI GIANNI SANTOMASO<\/p>\n<audio class=\"wp-audio-shortcode\" id=\"audio-354008-6\" preload=\"none\" style=\"width: 100%;\" controls=\"controls\"><source type=\"audio\/mpeg\" src=\"https:\/\/www.radiopiu.net\/wordpress\/wp-content\/uploads\/2023\/09\/CONSIGLIO-TAIBON-DOMANI-GIANNI.mp3?_=6\" \/><a href=\"https:\/\/www.radiopiu.net\/wordpress\/wp-content\/uploads\/2023\/09\/CONSIGLIO-TAIBON-DOMANI-GIANNI.mp3\">https:\/\/www.radiopiu.net\/wordpress\/wp-content\/uploads\/2023\/09\/CONSIGLIO-TAIBON-DOMANI-GIANNI.mp3<\/a><\/audio>\n<p>&nbsp;<\/p>\n<p>&nbsp;<\/p>\n<hr \/>\n<blockquote>\n<h3><b style=\"font-size: large; font-family: 'Times New Roman', serif;\"><a class=\"dt-pswp-item\" href=\"https:\/\/www.radiopiu.net\/wordpress\/wp-content\/uploads\/2023\/09\/Vaiont_V2_page-0002.jpg\" data-dt-img-description=\"\" data-large_image_width=\"1754\" data-large_image_height=\"2481\"><img loading=\"lazy\" decoding=\"async\" class=\"size-medium wp-image-354046 alignleft\" src=\"https:\/\/www.radiopiu.net\/wordpress\/wp-content\/uploads\/2023\/09\/Vaiont_V2_page-0002-212x300.jpg\" alt=\"\" width=\"212\" height=\"300\" srcset=\"https:\/\/www.radiopiu.net\/wordpress\/wp-content\/uploads\/2023\/09\/Vaiont_V2_page-0002-212x300.jpg 212w, https:\/\/www.radiopiu.net\/wordpress\/wp-content\/uploads\/2023\/09\/Vaiont_V2_page-0002-724x1024.jpg 724w, https:\/\/www.radiopiu.net\/wordpress\/wp-content\/uploads\/2023\/09\/Vaiont_V2_page-0002-768x1086.jpg 768w, https:\/\/www.radiopiu.net\/wordpress\/wp-content\/uploads\/2023\/09\/Vaiont_V2_page-0002-1086x1536.jpg 1086w, https:\/\/www.radiopiu.net\/wordpress\/wp-content\/uploads\/2023\/09\/Vaiont_V2_page-0002-1448x2048.jpg 1448w, https:\/\/www.radiopiu.net\/wordpress\/wp-content\/uploads\/2023\/09\/Vaiont_V2_page-0002.jpg 1754w\" sizes=\"auto, (max-width: 212px) 100vw, 212px\" \/><\/a><\/b><\/h3>\n<\/blockquote>\n<p align=\"CENTER\"><span style=\"font-family: Times New Roman, serif;\"><span style=\"font-size: large;\"><b>COLLABORAZIONE E SOLIDARIET\u00c0 NELLA TRAGEDIA DEL VAJONT<\/b><\/span><\/span><\/p>\n<p align=\"CENTER\"><span style=\"font-family: Times New Roman, serif;\"><span style=\"font-size: medium;\"><b><em>L\u2019appuntamento \u00e8 organizzato dal Csv Belluno Treviso; si terr\u00e0 venerd\u00ec 29 a Ponte nelle Alpi<\/em> <\/b><\/span><\/span><\/p>\n<p align=\"JUSTIFY\"><span style=\"color: #282727;\"><strong>BELLUNO<\/strong> \u201c<span style=\"font-family: Times New Roman, serif;\"><span style=\"font-size: medium;\">Collaborazione e Solidariet\u00e0 nella tragedia del Vajont\u201d: \u00e8 il tema e anche il titolo dell\u2019incontro che Csv Belluno Treviso organizza per venerd\u00ec 29 settembre alle 17.45 presso la Sala \u201cDavid Sassoli\u201d a Ponte nelle Alpi. <\/span><\/span><\/span><span style=\"color: #282727;\"><span style=\"font-family: Times New Roman, serif;\"><span style=\"font-size: medium;\">L\u2019evento, promosso in occasione delle commemorazioni per il 60\u00b0 anniversario della tragedia del Vajont, \u00e8 parte del programma dell\u2019edizione 2023 della maratona di lettura \u201cIl Veneto Legge\u201d organizzata dall\u2019Assessorato alla cultura della Regione del Veneto in collaborazione con la sezione regionale dell\u2019Associazione Italiana Biblioteche e l\u2019Ufficio Scolastico Regionale.<\/span><\/span><\/span><\/p>\n<p>&nbsp;<\/p>\n<p>&nbsp;<\/p>\n<p>&nbsp;<\/p>\n<hr \/>\n<p>&nbsp;<\/p>\n<p>&nbsp;<\/p>\n<blockquote>\n<h3>VENTI DI NOVIT\u00c0 IN ARRIVO PER GLI STUDI MUSICALI A BELLUNO<\/h3>\n<\/blockquote>\n<p><strong><a class=\"dt-pswp-item\" href=\"https:\/\/www.radiopiu.net\/wordpress\/wp-content\/uploads\/2023\/09\/Cs-convenzione-Steffani-e-fusione-Miari-Filarmonica-scaled.jpg\" data-dt-img-description=\"\" data-large_image_width=\"2560\" data-large_image_height=\"1920\"><img loading=\"lazy\" decoding=\"async\" class=\" wp-image-354040 alignleft\" src=\"https:\/\/www.radiopiu.net\/wordpress\/wp-content\/uploads\/2023\/09\/Cs-convenzione-Steffani-e-fusione-Miari-Filarmonica-300x225.jpg\" alt=\"\" width=\"159\" height=\"119\" srcset=\"https:\/\/www.radiopiu.net\/wordpress\/wp-content\/uploads\/2023\/09\/Cs-convenzione-Steffani-e-fusione-Miari-Filarmonica-300x225.jpg 300w, https:\/\/www.radiopiu.net\/wordpress\/wp-content\/uploads\/2023\/09\/Cs-convenzione-Steffani-e-fusione-Miari-Filarmonica-1024x768.jpg 1024w, https:\/\/www.radiopiu.net\/wordpress\/wp-content\/uploads\/2023\/09\/Cs-convenzione-Steffani-e-fusione-Miari-Filarmonica-768x576.jpg 768w, https:\/\/www.radiopiu.net\/wordpress\/wp-content\/uploads\/2023\/09\/Cs-convenzione-Steffani-e-fusione-Miari-Filarmonica-1536x1152.jpg 1536w, https:\/\/www.radiopiu.net\/wordpress\/wp-content\/uploads\/2023\/09\/Cs-convenzione-Steffani-e-fusione-Miari-Filarmonica-2048x1536.jpg 2048w\" sizes=\"auto, (max-width: 159px) 100vw, 159px\" \/><\/a>BELLUNO<\/strong> Il Comune di Belluno e la Scuola Comunale di Musica \u201cAntonio Miari\u201d continuano il loro impegno per fornire un&#8217;offerta formativa musicale di qualit\u00e0 nella provincia bellunese in collaborazione con il Conservatorio \u201cAgostino Steffani\u201d di Castelfranco Veneto. La convenzione quinquennale \u00e8 stata rinnovata, sottolineando l&#8217;importanza di questa partnership nel fornire un&#8217;educazione musicale di alto livello ai giovani del territorio. Nel corso dei primi cinque anni di collaborazione, sono stati organizzati masterclass esclusive, concerti di prestigio e lavori per l&#8217;attivazione di corsi di studio di Triennio accademico presso la \u201cMiari\u201d. L&#8217;impegno condiviso mira a garantire un percorso professionale di qualit\u00e0 nel settore musicale per i giovani della provincia.<\/p>\n<p><strong>L&#8217;ASSESSORE RAFFAELE ADDAMIANO<\/strong><\/p>\n<audio class=\"wp-audio-shortcode\" id=\"audio-354008-7\" preload=\"none\" style=\"width: 100%;\" controls=\"controls\"><source type=\"audio\/mpeg\" src=\"https:\/\/www.radiopiu.net\/wordpress\/wp-content\/uploads\/2023\/09\/ADDAMIANO.mp3?_=7\" \/><a href=\"https:\/\/www.radiopiu.net\/wordpress\/wp-content\/uploads\/2023\/09\/ADDAMIANO.mp3\">https:\/\/www.radiopiu.net\/wordpress\/wp-content\/uploads\/2023\/09\/ADDAMIANO.mp3<\/a><\/audio>\n<p>&nbsp;<\/p>\n<hr \/>\n<p>&nbsp;<\/p>\n<p>&nbsp;<\/p>\n<blockquote>\n<h3><a class=\"dt-pswp-item\" href=\"https:\/\/www.radiopiu.net\/wordpress\/wp-content\/uploads\/2023\/09\/Foto-1.jpg\" data-dt-img-description=\"\" data-large_image_width=\"1280\" data-large_image_height=\"853\"><img loading=\"lazy\" decoding=\"async\" class=\"wp-image-354047 alignleft\" src=\"https:\/\/www.radiopiu.net\/wordpress\/wp-content\/uploads\/2023\/09\/Foto-1-300x200.jpg\" alt=\"\" width=\"215\" height=\"143\" srcset=\"https:\/\/www.radiopiu.net\/wordpress\/wp-content\/uploads\/2023\/09\/Foto-1-300x200.jpg 300w, https:\/\/www.radiopiu.net\/wordpress\/wp-content\/uploads\/2023\/09\/Foto-1-1024x682.jpg 1024w, https:\/\/www.radiopiu.net\/wordpress\/wp-content\/uploads\/2023\/09\/Foto-1-768x512.jpg 768w, https:\/\/www.radiopiu.net\/wordpress\/wp-content\/uploads\/2023\/09\/Foto-1.jpg 1280w\" sizes=\"auto, (max-width: 215px) 100vw, 215px\" \/><\/a>SCUOLA INTERREGIONALE DI CANTO E TEATRO<\/h3>\n<p><em> Scuola per voci bianche e giovanili dai 6 anni in poi promossa dall&#8217;Associazione Culturale Le Muse e le Dolomiti.<\/em><\/p><\/blockquote>\n<p>La Scuola si rivolge a bambini e bambine dai 6 anni in poi: gli studenti partecipano a una lezione collettiva settimanale presso la \u201cloro\u201d sede. e, in occasione di giornate di studio, weekend \u201critiro\u201d, concerti e spettacoli, si uniscono in un \u201cCoro Teatrale Dolomitico\u201d. Le iscrizioni numerose hanno creato l\u2019esigenza di aprire una nuova sede a Caprile di Alleghe che si aggiunge a quelle di Moena, Cavalese, Vallada Agordina e Agordo. Info: www.musedolomiti.it.<\/p>\n<p>&nbsp;<\/p>\n<hr \/>\n<p>&nbsp;<\/p>\n<blockquote>\n<h2><a class=\"dt-pswp-item\" href=\"https:\/\/www.radiopiu.net\/wordpress\/wp-content\/uploads\/2023\/09\/coordinamento-insieme-si-puo_2019-scaled.jpg\" data-dt-img-description=\"\" data-large_image_width=\"2560\" data-large_image_height=\"1920\"><img loading=\"lazy\" decoding=\"async\" class=\"size-medium wp-image-354052 alignleft\" src=\"https:\/\/www.radiopiu.net\/wordpress\/wp-content\/uploads\/2023\/09\/coordinamento-insieme-si-puo_2019-300x225.jpg\" alt=\"\" width=\"300\" height=\"225\" srcset=\"https:\/\/www.radiopiu.net\/wordpress\/wp-content\/uploads\/2023\/09\/coordinamento-insieme-si-puo_2019-300x225.jpg 300w, https:\/\/www.radiopiu.net\/wordpress\/wp-content\/uploads\/2023\/09\/coordinamento-insieme-si-puo_2019-1024x768.jpg 1024w, https:\/\/www.radiopiu.net\/wordpress\/wp-content\/uploads\/2023\/09\/coordinamento-insieme-si-puo_2019-768x576.jpg 768w, https:\/\/www.radiopiu.net\/wordpress\/wp-content\/uploads\/2023\/09\/coordinamento-insieme-si-puo_2019-1536x1152.jpg 1536w, https:\/\/www.radiopiu.net\/wordpress\/wp-content\/uploads\/2023\/09\/coordinamento-insieme-si-puo_2019-2048x1536.jpg 2048w\" sizes=\"auto, (max-width: 300px) 100vw, 300px\" \/><\/a>40 ANNI DI INSIEME SI PUO&#8217; ALLA VENA D&#8217;ORO<\/h2>\n<p><em>Sar\u00e0 presentato l&#8217;ultimo libro del fondatore Piergiorgio Da Rold,\u00a0<\/em><\/p><\/blockquote>\n<p><strong>BELLUNO<\/strong> La festa \u00e8 in\u00a0 programma il 1 ottobre a Levego, ospite il giornalista e scrittore Gian Antonio Stella, nel pomeriggio l\u2019elezione del nuovo Coordinamento dell\u2019Associazione. Il primo Gruppo Insieme si pu\u00f2, \u00e8 nato il 3 febbraio 1983 a Gron di Sospirolo su iniziativa di Piergiorgio Da Rold. La tradizionale Festa dei Gruppi e dei volontari di \u201cInsieme si pu\u00f2&#8230;\u201d &#8211; che si svolge ogni anno in autunno &#8211; quest\u2019anno sar\u00e0 quindi particolarmente significativa dato lo speciale compleanno: una giornata di incontro e condivisione non solo per tutti i volontari e i sostenitori, ma anche per chiunque voglia partecipare e conoscere meglio le attivit\u00e0 che l\u2019Associazione svolge in 32 Paesi del mondo e sul territorio locale in favore dei pi\u00f9 deboli e delle persone in difficolt\u00e0.<\/p>\n<p>&nbsp;<\/p>\n<hr \/>\n<p>&nbsp;<\/p>\n<p>&nbsp;<\/p>\n<blockquote>\n<h3>DAL 28 AL 30 SETTEMBRE IO GIOCO A BELLUNO<\/h3>\n<\/blockquote>\n<blockquote>\n<h3><img loading=\"lazy\" decoding=\"async\" class=\"alignleft\" src=\"https:\/\/www.radiopiu.net\/wordpress\/wp-content\/uploads\/2023\/09\/bba2047d-8371-4ded-b2ab-3c15080704dc.jpg\" width=\"165\" height=\"178\" \/><\/h3>\n<\/blockquote>\n<p><strong>BELLUNO<\/strong> Saranno tre giorni dedicati a bambini e ragazzi con laboratori e incontri dedicati ai pi\u00f9 giovani. A Belluno, alla Casa Delle Arti Spazio EX, torna &#8220;Io Gioco&#8221;. Per il programma completo <a href=\"https:\/\/www.radiopiu.net\/wordpress\/wp-content\/uploads\/2023\/09\/PROGRAMMA-IOGIOCO_2023OK.pdf\">clicca qui\u00a0<\/a><\/p>\n<p>&nbsp;<\/p>\n<p>&nbsp;<\/p>\n<p>&nbsp;<\/p>\n<p>&nbsp;<\/p>\n<p><strong>i promotori dell&#8217;iniziativa del festival inter generazionale per bambini, adulti, famiglie&#8230;.<\/strong><\/p>\n<audio class=\"wp-audio-shortcode\" id=\"audio-354008-8\" preload=\"none\" style=\"width: 100%;\" controls=\"controls\"><source type=\"audio\/mpeg\" src=\"https:\/\/www.radiopiu.net\/wordpress\/wp-content\/uploads\/2023\/09\/andrea.mp3?_=8\" \/><a href=\"https:\/\/www.radiopiu.net\/wordpress\/wp-content\/uploads\/2023\/09\/andrea.mp3\">https:\/\/www.radiopiu.net\/wordpress\/wp-content\/uploads\/2023\/09\/andrea.mp3<\/a><\/audio>\n<p>&nbsp;<\/p>\n<hr \/>\n<p>&nbsp;<\/p>\n<blockquote>\n<h3><a class=\"dt-pswp-item\" href=\"https:\/\/www.radiopiu.net\/wordpress\/wp-content\/uploads\/2022\/09\/VIGILI-DEL-FUOCO-8-1.jpg\" data-dt-img-description=\"\" data-large_image_width=\"1599\" data-large_image_height=\"899\"><img loading=\"lazy\" decoding=\"async\" class=\"wp-image-299555 alignleft\" src=\"https:\/\/www.radiopiu.net\/wordpress\/wp-content\/uploads\/2022\/09\/VIGILI-DEL-FUOCO-8-1-300x169.jpg\" alt=\"\" width=\"243\" height=\"137\" srcset=\"https:\/\/www.radiopiu.net\/wordpress\/wp-content\/uploads\/2022\/09\/VIGILI-DEL-FUOCO-8-1-300x169.jpg 300w, https:\/\/www.radiopiu.net\/wordpress\/wp-content\/uploads\/2022\/09\/VIGILI-DEL-FUOCO-8-1-1024x576.jpg 1024w, https:\/\/www.radiopiu.net\/wordpress\/wp-content\/uploads\/2022\/09\/VIGILI-DEL-FUOCO-8-1-768x432.jpg 768w, https:\/\/www.radiopiu.net\/wordpress\/wp-content\/uploads\/2022\/09\/VIGILI-DEL-FUOCO-8-1-1536x864.jpg 1536w, https:\/\/www.radiopiu.net\/wordpress\/wp-content\/uploads\/2022\/09\/VIGILI-DEL-FUOCO-8-1.jpg 1599w\" sizes=\"auto, (max-width: 243px) 100vw, 243px\" \/><\/a>Concorso pubblico, per esami, a 88 posti nella qualifica di vice direttore del ruolo dei direttivi del Corpo nazionale dei vigili del fuoco<\/h3>\n<\/blockquote>\n<p><strong>BELLUNO<\/strong>\u00a0 Sul sito <span style=\"color: #0000ff;\">www.InPA.gov.it\u00a0<\/span> \u00e8 pubblicato il bando di concorso pubblico, per esami, a 88 posti nella qualifica di vice direttore del ruolo dei direttivi del Corpo nazionale dei vigili del fuoco. La domanda di partecipazione al concorso deve essere compilata utilizzando la procedura informatica\u00a0 entro il\u00a0 25 ottobre 2023.<\/p>\n<p>&nbsp;<\/p>\n<p>&nbsp;<\/p>\n<hr \/>\n<p>&nbsp;<\/p>\n<blockquote>\n<h2>IERI SERA ALLA RADIO&#8230;\u00a0 IL DISCO DI GIANNIANTONIO CASSISI<\/h2>\n<\/blockquote>\n<p><strong>REDAZIONE<\/strong> Appuntamento da non perdere luned\u00ec alle 20:30 su Radio Pi\u00f9. Ospite della serata Gianniantonio Cassisi che presenter\u00e0 il suo album &#8220;Nel Cassetto Del Cuore&#8221;, 11 brani da tenere nel cassetto del cuore. Ospiti in studio assieme a Gianniantonio Cassisi anche Piero Bolzan dello studio di registrazione audio gruppo, Tiziana Iudica vocal coach e Fabio De Min produttore. Un programma di Mirko Mezzacasa e Moreno Tocchetto<\/p>\n<p><strong>IL PROMO ALLA RADIO<\/strong><\/p>\n<p><iframe loading=\"lazy\" title=\"DIRETTA RADIO\" width=\"1200\" height=\"675\" src=\"https:\/\/www.youtube.com\/embed\/Q4C-v9CPjsQ?feature=oembed\" frameborder=\"0\" allow=\"accelerometer; autoplay; clipboard-write; encrypted-media; gyroscope; picture-in-picture; web-share\" allowfullscreen><\/iframe><\/p>\n<p>&nbsp;<\/p>\n<hr \/>\n<p>&nbsp;<\/p>\n<h2><span style=\"color: #33cccc;\">SALUTE E SOCIETA&#8217;<\/span><\/h2>\n<p><strong><a class=\"dt-pswp-item\" href=\"https:\/\/www.radiopiu.net\/wordpress\/wp-content\/uploads\/2023\/09\/128cbb9c-11e1-fd20-3c38-b4fe98b597cf.jpg\" data-dt-img-description=\"\" data-large_image_width=\"800\" data-large_image_height=\"445\"><img loading=\"lazy\" decoding=\"async\" class=\" wp-image-354011 alignleft\" src=\"https:\/\/www.radiopiu.net\/wordpress\/wp-content\/uploads\/2023\/09\/128cbb9c-11e1-fd20-3c38-b4fe98b597cf-300x167.jpg\" alt=\"\" width=\"163\" height=\"91\" srcset=\"https:\/\/www.radiopiu.net\/wordpress\/wp-content\/uploads\/2023\/09\/128cbb9c-11e1-fd20-3c38-b4fe98b597cf-300x167.jpg 300w, https:\/\/www.radiopiu.net\/wordpress\/wp-content\/uploads\/2023\/09\/128cbb9c-11e1-fd20-3c38-b4fe98b597cf-768x427.jpg 768w, https:\/\/www.radiopiu.net\/wordpress\/wp-content\/uploads\/2023\/09\/128cbb9c-11e1-fd20-3c38-b4fe98b597cf.jpg 800w\" sizes=\"auto, (max-width: 163px) 100vw, 163px\" \/><\/a>Tumore al polmone<\/strong> Il tumore al polmone non a piccole cellule \u00e8 il pi\u00f9 comune tipo di cancro ai polmoni, con circa l&#8217;85% di tutti i casi. Si verifica quando cellule anomale si formano e si moltiplicano nei tessuti polmonari, compresi bronchi, bronchioli e alveoli. Una nuova terapia allunga sopravvivenza ed evita ricadute dopo resezione chirurgica in stadio II-III. <strong>Ipertensione arteriosa <\/strong>Il controllo della pressione arteriosa, uno stile di vita sano e la corretta aderenza alle cure sono strumenti fondamentali per controllare questo diffuso fattore di rischio cardiovascolare, ma in Italia solo 1 paziente su 3 segue adeguatamente le terapie antipertensive.<\/p>\n<p><strong>LA PUNTATA DEL 25 SETTEMBRE 2023<\/strong><\/p>\n<audio class=\"wp-audio-shortcode\" id=\"audio-354008-9\" preload=\"none\" style=\"width: 100%;\" controls=\"controls\"><source type=\"audio\/mpeg\" src=\"https:\/\/www.radiopiu.net\/wordpress\/wp-content\/uploads\/2023\/09\/SALUTE-1.mp3?_=9\" \/><a href=\"https:\/\/www.radiopiu.net\/wordpress\/wp-content\/uploads\/2023\/09\/SALUTE-1.mp3\">https:\/\/www.radiopiu.net\/wordpress\/wp-content\/uploads\/2023\/09\/SALUTE-1.mp3<\/a><\/audio>\n<p>&nbsp;<\/p>\n<p>&nbsp;<\/p>\n<blockquote>\n<h3>LA DOTTORESSA PONS GIL SOSTITUISCE IL DOTTOR SITO AD AGORDO<\/h3>\n<\/blockquote>\n<p><strong><a class=\"dt-pswp-item\" href=\"https:\/\/www.radiopiu.net\/wordpress\/wp-content\/uploads\/2021\/06\/MEDICO.jpg\" data-dt-img-description=\"\" data-large_image_width=\"1920\" data-large_image_height=\"1440\"><img loading=\"lazy\" decoding=\"async\" class=\" wp-image-216887 alignleft\" src=\"https:\/\/www.radiopiu.net\/wordpress\/wp-content\/uploads\/2021\/06\/MEDICO-300x225.jpg\" alt=\"\" width=\"153\" height=\"115\" srcset=\"https:\/\/www.radiopiu.net\/wordpress\/wp-content\/uploads\/2021\/06\/MEDICO-300x225.jpg 300w, https:\/\/www.radiopiu.net\/wordpress\/wp-content\/uploads\/2021\/06\/MEDICO-1024x768.jpg 1024w, https:\/\/www.radiopiu.net\/wordpress\/wp-content\/uploads\/2021\/06\/MEDICO-768x576.jpg 768w, https:\/\/www.radiopiu.net\/wordpress\/wp-content\/uploads\/2021\/06\/MEDICO-1536x1152.jpg 1536w, https:\/\/www.radiopiu.net\/wordpress\/wp-content\/uploads\/2021\/06\/MEDICO.jpg 1920w\" sizes=\"auto, (max-width: 153px) 100vw, 153px\" \/><\/a>BELLUNO <\/strong>Dal 1 ottobre prende servizio ad Agordo, come medico di medicina generale, la dottoressa Pons Gil, con incarico provvisorio, in sostituzione del dr Manlio Sito recentemente andato in pensione. &#8220;Do il benvenuto alla dottoressa\u00a0 Pons Gil che dal primo ottobre assumer\u00e0 l&#8217;incarico di medico di medicina generale ad Agordo, nell&#8217;ambulatorio allestito in ASCA. Ringrazio i dottori Fadig\u00e0 e Pennacchioni che, con spirito di servizio e responsabilit\u00e0 verso la comunit\u00e0, si sono fatti carico dei pazienti in questo periodo di passaggio&#8221; commenta il Commissario Giuseppe Dal Ben. Al nuovo medico saranno assegnati d&#8217;ufficio gli ex assistiti del dr Manlio Sito, non sar\u00e0 pertanto necessario che gli assistiti si rechino agli sportelli ulss, fatta salva la possibilit\u00e0 di scelte diverse da parte degli utenti secondo le consuete modalit\u00e0 (fascicolo sanitario elettronico o contatto con ufficio anagrafe).<\/p>\n<p>&nbsp;<\/p>\n<p><a class=\"dt-pswp-item\" href=\"https:\/\/www.radiopiu.net\/wordpress\/wp-content\/uploads\/2023\/09\/0c5c27fd-dedc-46b3-a2ac-2c6e74d59722.jpg\" data-dt-img-description=\"\" data-large_image_width=\"1236\" data-large_image_height=\"1600\"><img loading=\"lazy\" decoding=\"async\" class=\"size-medium wp-image-354111 aligncenter\" src=\"https:\/\/www.radiopiu.net\/wordpress\/wp-content\/uploads\/2023\/09\/0c5c27fd-dedc-46b3-a2ac-2c6e74d59722-232x300.jpg\" alt=\"\" width=\"232\" height=\"300\" srcset=\"https:\/\/www.radiopiu.net\/wordpress\/wp-content\/uploads\/2023\/09\/0c5c27fd-dedc-46b3-a2ac-2c6e74d59722-232x300.jpg 232w, https:\/\/www.radiopiu.net\/wordpress\/wp-content\/uploads\/2023\/09\/0c5c27fd-dedc-46b3-a2ac-2c6e74d59722-791x1024.jpg 791w, https:\/\/www.radiopiu.net\/wordpress\/wp-content\/uploads\/2023\/09\/0c5c27fd-dedc-46b3-a2ac-2c6e74d59722-768x994.jpg 768w, https:\/\/www.radiopiu.net\/wordpress\/wp-content\/uploads\/2023\/09\/0c5c27fd-dedc-46b3-a2ac-2c6e74d59722-1187x1536.jpg 1187w, https:\/\/www.radiopiu.net\/wordpress\/wp-content\/uploads\/2023\/09\/0c5c27fd-dedc-46b3-a2ac-2c6e74d59722.jpg 1236w\" sizes=\"auto, (max-width: 232px) 100vw, 232px\" \/><\/a><\/p>\n<p>&nbsp;<\/p>\n<p>&nbsp;<\/p>\n<h2><span style=\"color: #808000;\">PERITI MINERARI DALL\u2019AGORDINO AL MONDO<\/span><\/h2>\n<p><strong>REDAZIONE<\/strong> Continua la serie di racconti con i periti minerari agordini. Nelle prossime due puntate ascolteremo una lunga intervista suddivisa in due parti a Claudio Panziera. I racconti dei periti minerari agordini che hanno lavorato nel mondo, ogni luned\u00ec alle 10:30 e alle 19 su Radio Pi\u00f9.<\/p>\n<p>&nbsp;<\/p>\n<p><iframe loading=\"lazy\" title=\"CLAUDIO PANZIERA\" width=\"1200\" height=\"675\" src=\"https:\/\/www.youtube.com\/embed\/x1mr3C1i2Bk?feature=oembed\" frameborder=\"0\" allow=\"accelerometer; autoplay; clipboard-write; encrypted-media; gyroscope; picture-in-picture; web-share\" allowfullscreen><\/iframe><\/p>\n<p>&nbsp;<\/p>\n<p>&nbsp;<\/p>\n<p>&nbsp;<\/p>\n<h2><span style=\"color: #ff00ff;\">ALLE NOVE\u2026 OGGI COME IERI DI E CON SILVIA BALDO<\/span><\/h2>\n<p><strong><a class=\"dt-pswp-item\" href=\"https:\/\/www.radiopiu.net\/wordpress\/wp-content\/uploads\/2023\/09\/pertini3_2718005.jpg\" data-dt-img-description=\"\" data-large_image_width=\"635\" data-large_image_height=\"351\"><img loading=\"lazy\" decoding=\"async\" class=\"size-medium wp-image-354023 alignleft\" src=\"https:\/\/www.radiopiu.net\/wordpress\/wp-content\/uploads\/2023\/09\/pertini3_2718005-300x166.jpg\" alt=\"\" width=\"300\" height=\"166\" srcset=\"https:\/\/www.radiopiu.net\/wordpress\/wp-content\/uploads\/2023\/09\/pertini3_2718005-300x166.jpg 300w, https:\/\/www.radiopiu.net\/wordpress\/wp-content\/uploads\/2023\/09\/pertini3_2718005.jpg 635w\" sizes=\"auto, (max-width: 300px) 100vw, 300px\" \/><\/a>PUNTATA 5 25 SETTEMBRE 2023<\/strong><\/p>\n<p>(FOTO:Famiglia Cristiana)<\/p>\n<audio class=\"wp-audio-shortcode\" id=\"audio-354008-10\" preload=\"none\" style=\"width: 100%;\" controls=\"controls\"><source type=\"audio\/mpeg\" src=\"https:\/\/www.radiopiu.net\/wordpress\/wp-content\/uploads\/2023\/09\/SIBI-3.mp3?_=10\" \/><a href=\"https:\/\/www.radiopiu.net\/wordpress\/wp-content\/uploads\/2023\/09\/SIBI-3.mp3\">https:\/\/www.radiopiu.net\/wordpress\/wp-content\/uploads\/2023\/09\/SIBI-3.mp3<\/a><\/audio>\n<p>&nbsp;<\/p>\n<p>&nbsp;<\/p>\n<p>&nbsp;<\/p>\n<h2><span style=\"color: #ff0000;\">NEL FINE SETTIMANA RITORNA &#8220;SE DESMONTEGHEA&#8221;. LO SPECIALE ALLA RADIO<\/span><\/h2>\n<p><strong><a class=\"dt-pswp-item\" href=\"https:\/\/www.radiopiu.net\/wordpress\/wp-content\/uploads\/2023\/09\/381063531_705740598237756_1866759592736551411_n-1.jpg\" data-dt-img-description=\"\" data-large_image_width=\"600\" data-large_image_height=\"450\"><img loading=\"lazy\" decoding=\"async\" class=\" wp-image-353717 alignleft\" src=\"https:\/\/www.radiopiu.net\/wordpress\/wp-content\/uploads\/2023\/09\/381063531_705740598237756_1866759592736551411_n-1-300x225.jpg\" alt=\"\" width=\"195\" height=\"146\" srcset=\"https:\/\/www.radiopiu.net\/wordpress\/wp-content\/uploads\/2023\/09\/381063531_705740598237756_1866759592736551411_n-1-300x225.jpg 300w, https:\/\/www.radiopiu.net\/wordpress\/wp-content\/uploads\/2023\/09\/381063531_705740598237756_1866759592736551411_n-1.jpg 600w\" sizes=\"auto, (max-width: 195px) 100vw, 195px\" \/><\/a>di Mirko Mezzacasa<\/strong><\/p>\n<p>OSPITI: Antonella Schena, Eddy Gaspari, Mayra De Marco, Danilo Marmolada<\/p>\n<audio class=\"wp-audio-shortcode\" id=\"audio-354008-11\" preload=\"none\" style=\"width: 100%;\" controls=\"controls\"><source type=\"audio\/mpeg\" src=\"https:\/\/www.radiopiu.net\/wordpress\/wp-content\/uploads\/2023\/09\/se-desmonteghea-2023.mp3?_=11\" \/><a href=\"https:\/\/www.radiopiu.net\/wordpress\/wp-content\/uploads\/2023\/09\/se-desmonteghea-2023.mp3\">https:\/\/www.radiopiu.net\/wordpress\/wp-content\/uploads\/2023\/09\/se-desmonteghea-2023.mp3<\/a><\/audio>\n<p>&nbsp;<\/p>\n<h2><span style=\"color: #800080;\">I RACCONTI DI PAOLO SOPPELSA<\/span><\/h2>\n<p><strong>UNA LETTERA PER VOI<\/strong><\/p>\n<p><strong>AUDIO<\/strong><\/p>\n<audio class=\"wp-audio-shortcode\" id=\"audio-354008-12\" preload=\"none\" style=\"width: 100%;\" controls=\"controls\"><source type=\"audio\/mpeg\" src=\"https:\/\/www.radiopiu.net\/wordpress\/wp-content\/uploads\/2023\/09\/PAOLO-SOPPELSA-UNA-LETTERA-PER-VOI.mp3?_=12\" \/><a href=\"https:\/\/www.radiopiu.net\/wordpress\/wp-content\/uploads\/2023\/09\/PAOLO-SOPPELSA-UNA-LETTERA-PER-VOI.mp3\">https:\/\/www.radiopiu.net\/wordpress\/wp-content\/uploads\/2023\/09\/PAOLO-SOPPELSA-UNA-LETTERA-PER-VOI.mp3<\/a><\/audio>\n<p>&nbsp;<\/p>\n<p><a class=\"dt-pswp-item\" href=\"https:\/\/www.radiopiu.net\/wordpress\/wp-content\/uploads\/2023\/09\/c9c9fa3f-52b0-40ab-b3f1-f597b98a05ab.jpg\" data-dt-img-description=\"\" data-large_image_width=\"1080\" data-large_image_height=\"810\"><img loading=\"lazy\" decoding=\"async\" class=\" wp-image-353850 alignleft\" src=\"https:\/\/www.radiopiu.net\/wordpress\/wp-content\/uploads\/2023\/09\/c9c9fa3f-52b0-40ab-b3f1-f597b98a05ab-300x225.jpg\" alt=\"\" width=\"212\" height=\"159\" srcset=\"https:\/\/www.radiopiu.net\/wordpress\/wp-content\/uploads\/2023\/09\/c9c9fa3f-52b0-40ab-b3f1-f597b98a05ab-300x225.jpg 300w, https:\/\/www.radiopiu.net\/wordpress\/wp-content\/uploads\/2023\/09\/c9c9fa3f-52b0-40ab-b3f1-f597b98a05ab-1024x768.jpg 1024w, https:\/\/www.radiopiu.net\/wordpress\/wp-content\/uploads\/2023\/09\/c9c9fa3f-52b0-40ab-b3f1-f597b98a05ab-768x576.jpg 768w, https:\/\/www.radiopiu.net\/wordpress\/wp-content\/uploads\/2023\/09\/c9c9fa3f-52b0-40ab-b3f1-f597b98a05ab.jpg 1080w\" sizes=\"auto, (max-width: 212px) 100vw, 212px\" \/><\/a>Cari nonni, sono ormai trascorsi una trentina d&#8217;anni da quando le nostre strade si sono divise; voi siete andati a riposare nel camposanto che guarda il Civetta, io invece a quel tempo stavo percorrendo a tutta velocit\u00e0 la strada che mi avrebbe portato a diventare un uomo. Quando passo per Celat mi fermo sempre per un saluto; prima ammiro per un attimo la grande montagna, poi apro il cigolante cancello, scendo la scalinata e giro a destra. Eccovi al terzo piano del &#8220;condominio&#8221;, come lo chiamavate voi, uno accanto all&#8217;altra come sempre nella vita. Vi saluto, guardo le date che ricordano il giorno in cui \u00e8 iniziato il vostro riposo perpetuo e poi ricordo i dettagli di quei giorni ormai lontani. Sento ancora sulla pelle quel vento bastardo di fine marzo e vivo quel pomeriggio limpido di fine ottobre con i boschi che sfogggiavano i loro colori pi\u00f9 intensi. Poi incrocio i vostri sguardi un po&#8217; malinconici e penso alle vostre vite cariche di fatiche, di tempi di guerra e sacrifici. Quando sono nato avevate entrambi sessant&#8217;anni e a conti fatti le nostre vite si sono incrociate per circa una decina di anni. Poco pi\u00f9 di dieci anni \u00e8 in fondo un tempo breve, quasi un battito d&#8217;ali, eppure \u00e8 stato un decennio importante, ricco di vita e di valori. \u00c8 stato un tempo semplice e prezioso in cui ho imparato come stare al mondo e immagazzinato i ricordi pi\u00f9 cari. In quei ormai lontani anni &#8217;80 ho avuto l&#8217;immensa fortuna di vivere un po&#8217; della vostra vita vissuta di fronte al Pelsa; ho avuto l&#8217;opportunit\u00e0 di imparare la semplicit\u00e0 di quelle vite di montagna laboriose e faticose, ho potuto ascoltare quei passi notturni che si dirigevano verso la stalla. Ho fatto appena in tempo a vedere come si falciano i prati e come si batte la falce, ho visto come si munge una vacca e come si prepara il cibo al maiale. Ho potuto bere quel latte a metri zero, gustare l&#8217;uovo ancora caldo e conoscere la vostra onest\u00e0 e dignit\u00e0. A volte, quando passo a trovarvi nel cimitero che guarda il Civetta, il vento che lambisce le tombe sembra portare le vostre voci. Chiudo gli occhi e sento ancora il parlare in quel dialetto che \u00e8 anche il mio dialetto e vi immagino sereni nel vostro riposare per sempre nel paese che vi ha visti nascere perch\u00e9 sapete che la vostra memoria \u00e8 ben custodita. La casa, il tabi\u00e0 e quei prati che sono diventati bosco parlano di voi, raccontano le vostre vite e in ogni pietra, in ogni trave e pugno di terra c&#8217;\u00e8 un po&#8217; del vostro sudore. Nel tabi\u00e0 i vostri attrezzi sono ancora al loro posto; ci sono le falci e i rastrelli, i cunei per spaccare le pietre, le gerle e le corde che usavate per legare i fasci di fieno. Sembra ancora di sentire il fruscio del fieno spostato con la forca, sembra ancora di vedere i vostri gesti lenti e sapienti e le vostre sagome stanche. I nostri dialoghi silenziosi durano pochi minuti, un po&#8217; di pi\u00f9 se ho bisogno di qualche consiglio, e poi iniziamo il consueto rito dei saluti. Sono le stesse parole di un tempo, stavolta pronunciate in silenzio; ci sono ancora quei &#8220;fa &#8216;l valent&#8221; e quei &#8220;se vedon domenega che vien&#8221;, mentre il vento muove i fiori e le fiammelle dei lumini che illuminano la vostre notti.<br \/>\n&#8220;&#8230;ciao Noni, sion stat asieme domai pok pi de diese ani parch\u00e8 la vita la vulest cos\u00ec, ma le chel che me a bast\u00e0 par m\u00e8 &#8216;mpen\u00ec de memorie da cen\u00ec polito da cont. Le stat bel, e le bel ve regord\u00e0 e zerc\u00e0 de men\u00e0 &#8216;n avant i vost sacrifici. Ai zerc\u00e0 de fa meio che ai podest, e son segur che si\u00e8 content\u2026&#8221;<\/p>\n<p>&nbsp;<\/p>\n<p>&nbsp;<\/p>\n<hr \/>\n<p>&nbsp;<\/p>\n<h2><span style=\"color: #ff0000;\">GLI APPUNTAMENTI DELLA SETTIMANA\u00a0<\/span><\/h2>\n<blockquote>\n<h3>IL TENORE RICCARDO PISANI A BELLUNO<\/h3>\n<\/blockquote>\n<p><strong><a class=\"dt-pswp-item\" href=\"https:\/\/www.radiopiu.net\/wordpress\/wp-content\/uploads\/2023\/09\/Pisani_Cera_ArteMusica.jpeg\" data-dt-img-description=\"\" data-large_image_width=\"1040\" data-large_image_height=\"721\"><img loading=\"lazy\" decoding=\"async\" class=\" wp-image-353343 alignleft\" src=\"https:\/\/www.radiopiu.net\/wordpress\/wp-content\/uploads\/2023\/09\/Pisani_Cera_ArteMusica-300x208.jpeg\" alt=\"\" width=\"164\" height=\"114\" srcset=\"https:\/\/www.radiopiu.net\/wordpress\/wp-content\/uploads\/2023\/09\/Pisani_Cera_ArteMusica-300x208.jpeg 300w, https:\/\/www.radiopiu.net\/wordpress\/wp-content\/uploads\/2023\/09\/Pisani_Cera_ArteMusica-1024x710.jpeg 1024w, https:\/\/www.radiopiu.net\/wordpress\/wp-content\/uploads\/2023\/09\/Pisani_Cera_ArteMusica-768x532.jpeg 768w, https:\/\/www.radiopiu.net\/wordpress\/wp-content\/uploads\/2023\/09\/Pisani_Cera_ArteMusica.jpeg 1040w\" sizes=\"auto, (max-width: 164px) 100vw, 164px\" \/><\/a>BELLUNO<\/strong> &#8220;Alla musica di Francesco Rasi, poliedrica figura di cantante, poeta, compositore e strumentista, non \u00e8 stato ancora riservato il posto di rilievo che merita nel repertorio vocale italiano del primo seicento&#8221;, scrivono Francesco Cera e Riccardo Pisani. E il concerto di Belluno mira proprio a riproporre le musiche del protagonista dell&#8217;opera e del canto solistico, oggi ore 20:30. Auditorium del Liceo Lollino, con un evento di rilevanza, perch\u00e9 il Circolo Culturale Bellunese ha invitato una formazione internazionale di primo piano, composta dal tenore Riccardo Pisani, dal maestro Francesco Cera clavicembalo, fondatore e direttore di Ensemble Arte e Musica. Il concerto apre la seconda parte della 70a Stagione del Circolo Culturale Bellunese. Informazioni e note di sala complete su: belcircolo.org<\/p>\n<p>&nbsp;<\/p>\n<blockquote>\n<h3><a class=\"dt-pswp-item\" href=\"https:\/\/www.radiopiu.net\/wordpress\/wp-content\/uploads\/2023\/09\/PARAFARMACIA-AGORDO.png\" data-dt-img-description=\"\" data-large_image_width=\"617\" data-large_image_height=\"424\"><img loading=\"lazy\" decoding=\"async\" class=\" wp-image-353366 alignleft\" src=\"https:\/\/www.radiopiu.net\/wordpress\/wp-content\/uploads\/2023\/09\/PARAFARMACIA-AGORDO-300x206.png\" alt=\"\" width=\"164\" height=\"112\" srcset=\"https:\/\/www.radiopiu.net\/wordpress\/wp-content\/uploads\/2023\/09\/PARAFARMACIA-AGORDO-300x206.png 300w, https:\/\/www.radiopiu.net\/wordpress\/wp-content\/uploads\/2023\/09\/PARAFARMACIA-AGORDO.png 617w\" sizes=\"auto, (max-width: 164px) 100vw, 164px\" \/><\/a>DENSIOMETRIA OSSEA ALLA PARAFARMACIA DI AGORDO<\/h3>\n<\/blockquote>\n<p>Giornata gratuita dedicata alla densitometria ossea GIOVEDI 28 SETTEMBRE, AD AGORDO. Nel punto vendita erboristico e sanitario della dottoressa Nadia Bulf, presso l&#8217;area commerciale GANZ, il teste gratuito, una durata di CIRCA 20 minuti, informazioni e prenotazioni 0437 86683, sui social o passando direttamente in negozio.<\/p>\n<p>&nbsp;<\/p>\n<blockquote>\n<h3>CONCERTO D\u2019AUTUNNO<\/h3>\n<\/blockquote>\n<p><strong>COLLE SANTA LUCIA<\/strong> Sabato alle 20:30 nella Chiesa di Santa Fosca appuntamento con il Conzert D\u2019Auton con l\u2019ensamble MusiCol<\/p>\n<p>&nbsp;<\/p>\n<blockquote>\n<h3>LA TESI DI LAUREA DI ELEONORA PESCOSTA<\/h3>\n<\/blockquote>\n<p><strong>FALCADE<\/strong> Sabato 30 settembre in Sala Cinsigliare di Falcade appuntamento con L&#8217;estate delle biblioteche. Sar\u00e0 presentata la tesi di laurea di Eleonora Pescosta.<\/p>\n<p>&nbsp;<\/p>\n<h2><span style=\"color: #ff0000;\">PROSSIMAMENTE&#8230;<\/span><\/h2>\n<blockquote>\n<h3>I 50 ANNI DELLA PRO LOCO DI CENCENIGHE<\/h3>\n<\/blockquote>\n<p><strong>CENCENIGHE<\/strong> Mezzo secolo di vita per la Pro Loco di Cencenighe che sabato 7 ottobre festegger\u00e0 il traguardo dei 50 anni al Nof Fil\u00f2 di Cencenighe. Alle 17:30 l&#8217;excursus sulla storia dell&#8217;associazione in serata festa anni &#8217;80 con DJ Jack<\/p>\n<p>&nbsp;<\/p>\n<p>GALA&#8217; BOLLICINA, QUARTA EDIZIONE. DOMENICA 22 OTTOBRE DALLE 11 ALLE 17 AL NOF FILO&#8217; DI CENCENIGHE. OSPITE D&#8217;ONORE IL SOMMELIER PLURIPREMIATO, LUCA GARDINI, MIGLIOR SOMMELIER AL MONDO 2020 E OGGI AMBASCIATORE DEL METODO CLASSICO. UN EVENTO &#8220;OH PER BACCO, VINI E SAPORI DELLE DOLOMITI.<br \/>\nGALA&#8217; BOLLICINA, DOMENICA 22 OTTOBRE DALLE 11 ALLE 17 AL NOF FILO&#8217; DI CENCENIGHE: 80 BOLLICINE IN DEGUSTAZIONE, 60 AZIENDE PRESENTI, CICCHETTERIA OH PER BACCO, FINGER FOOD E CUCINA &#8220;COSTA&#8221; (o chiusa, come costicina). diretta su radio piu&#8217; E DALLE 17 ALL&#8217;OH PER BACCO AFTER PARTY CON MORGAN DJ info 348 2779135<\/p>\n<p>&nbsp;<\/p>\n<p><a class=\"dt-pswp-item\" href=\"https:\/\/www.radiopiu.net\/wordpress\/wp-content\/uploads\/2023\/09\/880aa720-47e8-48f2-a5b8-7382d84557b2.jpg\" data-dt-img-description=\"\" data-large_image_width=\"1080\" data-large_image_height=\"1533\"><img loading=\"lazy\" decoding=\"async\" class=\"size-medium wp-image-353010 aligncenter\" src=\"https:\/\/www.radiopiu.net\/wordpress\/wp-content\/uploads\/2023\/09\/880aa720-47e8-48f2-a5b8-7382d84557b2-211x300.jpg\" alt=\"\" width=\"211\" height=\"300\" srcset=\"https:\/\/www.radiopiu.net\/wordpress\/wp-content\/uploads\/2023\/09\/880aa720-47e8-48f2-a5b8-7382d84557b2-211x300.jpg 211w, https:\/\/www.radiopiu.net\/wordpress\/wp-content\/uploads\/2023\/09\/880aa720-47e8-48f2-a5b8-7382d84557b2-721x1024.jpg 721w, https:\/\/www.radiopiu.net\/wordpress\/wp-content\/uploads\/2023\/09\/880aa720-47e8-48f2-a5b8-7382d84557b2-768x1090.jpg 768w, https:\/\/www.radiopiu.net\/wordpress\/wp-content\/uploads\/2023\/09\/880aa720-47e8-48f2-a5b8-7382d84557b2.jpg 1080w\" sizes=\"auto, (max-width: 211px) 100vw, 211px\" \/><\/a><\/p>\n<p>&nbsp;<\/p>\n<p>&nbsp;<\/p>\n<p>&nbsp;<\/p>\n<hr \/>\n<p>&nbsp;<\/p>\n<blockquote class=\"wp-embedded-content\" data-secret=\"EHFiWmNkEX\"><p><a href=\"https:\/\/www.radiopiu.net\/wordpress\/la-costruzione-in-pietra-del-ponte-di-lantrago-e-le-grandi-alluvioni-a-la-valle-agordina-nella-seconda-meta-del-1800-quinta-parte\/\">LA COSTRUZIONE IN PIETRA DEL PONTE DI LANTRAGO E LE GRANDI ALLUVIONI A LA VALLE AGORDINA NELLA SECONDA META\u2019 DEL 1800  &#8211; QUINTA PARTE<\/a><\/p><\/blockquote>\n<p><iframe loading=\"lazy\" class=\"wp-embedded-content\" sandbox=\"allow-scripts\" security=\"restricted\" style=\"position: absolute; clip: rect(1px, 1px, 1px, 1px);\" title=\"&#8220;LA COSTRUZIONE IN PIETRA DEL PONTE DI LANTRAGO E LE GRANDI ALLUVIONI A LA VALLE AGORDINA NELLA SECONDA META\u2019 DEL 1800  &#8211; QUINTA PARTE&#8221; &#8212; Radio Pi\u00f9\" src=\"https:\/\/www.radiopiu.net\/wordpress\/la-costruzione-in-pietra-del-ponte-di-lantrago-e-le-grandi-alluvioni-a-la-valle-agordina-nella-seconda-meta-del-1800-quinta-parte\/embed\/#?secret=H5lHnF1OpG#?secret=EHFiWmNkEX\" data-secret=\"EHFiWmNkEX\" width=\"600\" height=\"338\" frameborder=\"0\" marginwidth=\"0\" marginheight=\"0\" scrolling=\"no\"><\/iframe><\/p>\n<p>&nbsp;<\/p>\n<hr \/>\n<p>&nbsp;<\/p>\n<div class=\"message spoilers-container\" dir=\"auto\">\n<div class=\"column\">\n<div class=\"message spoilers-container\" dir=\"auto\">\n<div class=\"column\">\n<p><img loading=\"lazy\" decoding=\"async\" class=\"aligncenter wp-image-61954 size-full\" src=\"https:\/\/www.radiopiu.net\/wordpress\/wp-content\/uploads\/2018\/09\/viabilita.jpeg\" sizes=\"auto, (max-width: 800px) 100vw, 800px\" srcset=\"https:\/\/www.radiopiu.net\/wordpress\/wp-content\/uploads\/2018\/09\/viabilita.jpeg 800w, https:\/\/www.radiopiu.net\/wordpress\/wp-content\/uploads\/2018\/09\/viabilita-300x38.jpeg 300w, https:\/\/www.radiopiu.net\/wordpress\/wp-content\/uploads\/2018\/09\/viabilita-768x96.jpeg 768w\" alt=\"\" width=\"800\" height=\"100\" \/><\/p>\n<\/div>\n<\/div>\n<div class=\"message spoilers-container\" dir=\"auto\">\n<div class=\"column\">\n<p>&nbsp;<\/p>\n<\/div>\n<\/div>\n<\/div>\n<\/div>\n<blockquote class=\"wp-embedded-content\" data-secret=\"y7SjzrEIuF\"><p><a href=\"https:\/\/www.radiopiu.net\/wordpress\/viabilita\/\">viabilita<\/a><\/p><\/blockquote>\n<p><iframe loading=\"lazy\" class=\"wp-embedded-content\" sandbox=\"allow-scripts\" security=\"restricted\" style=\"position: absolute; clip: rect(1px, 1px, 1px, 1px);\" title=\"&#8220;viabilita&#8221; &#8212; Radio Pi\u00f9\" src=\"https:\/\/www.radiopiu.net\/wordpress\/viabilita\/embed\/#?secret=2s6XBeDoKb#?secret=y7SjzrEIuF\" data-secret=\"y7SjzrEIuF\" width=\"600\" height=\"338\" frameborder=\"0\" marginwidth=\"0\" marginheight=\"0\" scrolling=\"no\"><\/iframe><\/p>\n<div class=\"message spoilers-container\" dir=\"auto\">\n<div class=\"column\">\n<div class=\"message spoilers-container\" dir=\"auto\">\n<div class=\"column\">\n<div>\n<div dir=\"ltr\">\n<div class=\"gmail_quote\">\n<div dir=\"ltr\">\n<div><\/div>\n<div><\/div>\n<div><\/div>\n<\/div>\n<\/div>\n<\/div>\n<\/div>\n<hr \/>\n<p>&nbsp;<\/p>\n<p><a class=\"dt-pswp-item\" href=\"https:\/\/www.radiopiu.net\/wordpress\/wp-content\/uploads\/2018\/09\/WhatsApp-Image-2018-09-20-at-16.04.06.jpeg\" data-dt-img-description=\"\" data-large_image_width=\"800\" data-large_image_height=\"100\"><img loading=\"lazy\" decoding=\"async\" class=\"wp-image-61378 size-full aligncenter\" src=\"https:\/\/www.radiopiu.net\/wordpress\/wp-content\/uploads\/2018\/09\/WhatsApp-Image-2018-09-20-at-16.04.06.jpeg\" alt=\"\" width=\"800\" height=\"100\" srcset=\"https:\/\/www.radiopiu.net\/wordpress\/wp-content\/uploads\/2018\/09\/WhatsApp-Image-2018-09-20-at-16.04.06.jpeg 800w, https:\/\/www.radiopiu.net\/wordpress\/wp-content\/uploads\/2018\/09\/WhatsApp-Image-2018-09-20-at-16.04.06-300x38.jpeg 300w, https:\/\/www.radiopiu.net\/wordpress\/wp-content\/uploads\/2018\/09\/WhatsApp-Image-2018-09-20-at-16.04.06-768x96.jpeg 768w\" sizes=\"auto, (max-width: 800px) 100vw, 800px\" \/><\/a><\/p>\n<\/div>\n<\/div>\n<p>&nbsp;<\/p>\n<\/div>\n<\/div>\n<p><center><b>OGGI<\/b><\/center>Tempo stabile e ben soleggiato. Fino al primo mattino possibile qualche nube bassa o nebbia nei fondovalle e in giornata qualche sottile velatura.<br \/>\n<b>Precipitazioni: <\/b>Assenti.<br \/>\n<b>Temperature: <\/b>In aumento specie le minime ; escursione termica giornaliera elevata nelle valli.<\/p>\n<hr \/>\n<p><center><b>DOMANI<\/b><\/center>Stabile e ben soleggiato. Fino al primo mattino possibile qualche nebbia o nube bassa nei fondovalle e qualche sottile velatura in giornata.<br \/>\n<b>Precipitazioni: <\/b>Assenti.<br \/>\n<b>Temperature: <\/b>Temperature senza notevoli variazioni o in ulteriore lieve aumento le massime nelle valli, su valori sempre superiori alla norma<\/p>\n<hr \/>\n<p><center><b>GIOVEDI<\/b><\/center>Tempo stabile e abbastanza soleggiato seppur con la presenza di sottili nubi alte, pi\u00f9 presenti rispetto a mercoled\u00ec specie durante le ore centrali della giornata. Temperature senza variazioni di rilievo sempre ben oltre la media del periodo.<\/p>\n<hr \/>\n<p><center><b>VENERDI<\/b><\/center>Ancora tempo stabile e soleggiato con qualche addensamento durante le ore centrali e nel pomeriggio. Fino al primo mattino consueta formazione di nebbie o nubi basse nei fondovalle. Temperature stazionarie o in lieve aumento le massime<\/p>\n<p>&nbsp;<\/p>\n<div class=\"message spoilers-container\" dir=\"auto\">\n<hr \/>\n<p>&nbsp;<\/p>\n<p><img loading=\"lazy\" decoding=\"async\" class=\"wp-image-60761 size-full aligncenter\" src=\"https:\/\/www.radiopiu.net\/wordpress\/wp-content\/uploads\/2018\/09\/sport.jpg\" alt=\"\" width=\"800\" height=\"100\" srcset=\"https:\/\/www.radiopiu.net\/wordpress\/wp-content\/uploads\/2018\/09\/sport.jpg 800w, https:\/\/www.radiopiu.net\/wordpress\/wp-content\/uploads\/2018\/09\/sport-300x38.jpg 300w, https:\/\/www.radiopiu.net\/wordpress\/wp-content\/uploads\/2018\/09\/sport-768x96.jpg 768w\" sizes=\"auto, (max-width: 800px) 100vw, 800px\" \/><\/p>\n<p>&nbsp;<\/p>\n<p><span style=\"color: #0000ff;\"><strong>CALCIO<\/strong><\/span><\/p>\n<blockquote>\n<h3>UN FINE SETTIMANA DA INCORNICIARE PER L&#8217;AGORDINA CALCIO<\/h3>\n<\/blockquote>\n<p><strong><a class=\"dt-pswp-item\" href=\"https:\/\/www.radiopiu.net\/wordpress\/wp-content\/uploads\/2023\/02\/CALCIO-PALLONE.png\" data-dt-img-description=\"\" data-large_image_width=\"769\" data-large_image_height=\"495\"><img loading=\"lazy\" decoding=\"async\" class=\" wp-image-322076 alignleft\" src=\"https:\/\/www.radiopiu.net\/wordpress\/wp-content\/uploads\/2023\/02\/CALCIO-PALLONE-300x193.png\" alt=\"\" width=\"205\" height=\"132\" srcset=\"https:\/\/www.radiopiu.net\/wordpress\/wp-content\/uploads\/2023\/02\/CALCIO-PALLONE-300x193.png 300w, https:\/\/www.radiopiu.net\/wordpress\/wp-content\/uploads\/2023\/02\/CALCIO-PALLONE.png 769w\" sizes=\"auto, (max-width: 205px) 100vw, 205px\" \/><\/a>di Marco Gaz<\/strong><\/p>\n<p><strong>REDAZIONE<\/strong> L&#8217;Agordina Calcio esce da un fine settimana molto soddisfacente dove, sia nella prima squadra che nel settore giovanile, sono arrivati risultati che lasciano ben sperare. Partendo dalla prima squadra, domenica la formazione allenata da Elvio Chiea ha rifilato una manita al Tambre dopo un primo tempo soporifero e una ripresa dove l&#8217;Agordina ha fatto la voce grossa. Ottimo esordio della Juniores che nel campionato che vede al via formazioni bellunesi e trevigiane ha subito messo in chiaro di che pasta \u00e8 fatta battendo il San Fior di misura in terra trevigiana. Gli allievi, che nel fine settimana rispettavano il turno di riposo, hanno iniziato il loro campionato venerd\u00ec pomeriggio con il recupero della prima giornata dove \u00e8 uscito un pareggio con il Castion. Bene anche i giovanissmi. L&#8217;Agordina si presenta al campionato provinciale con due formazioni. La squadra A ha rifilato 5 gol allo Schiara mentre la squadra B ha perso di misura con la Dynamo Vellai. Tutto sommato un buon inizio di campionato per le squadre di Agordo.<\/p>\n<p><strong>DAGLI SPOGLIATOI DELLA SQUADRA &#8220;A&#8221; GIOVANISSIMI L&#8217;INTERVISTA<\/strong><\/p>\n<p>&nbsp;<\/p>\n<p><span style=\"color: #0000ff;\"><strong>PALLAVOLO<\/strong><\/span><\/p>\n<blockquote>\n<h3>REYES PENSA POSITIVO DOPO L&#8217;INFORTUNIO<\/h3>\n<\/blockquote>\n<p><strong><a class=\"dt-pswp-item\" href=\"https:\/\/www.radiopiu.net\/wordpress\/wp-content\/uploads\/2023\/09\/Reyes_a_bordo_campo_con_le_stampelle.jpeg\" data-dt-img-description=\"\" data-large_image_width=\"772\" data-large_image_height=\"824\"><img loading=\"lazy\" decoding=\"async\" class=\" wp-image-354033 alignleft\" src=\"https:\/\/www.radiopiu.net\/wordpress\/wp-content\/uploads\/2023\/09\/Reyes_a_bordo_campo_con_le_stampelle-281x300.jpeg\" alt=\"\" width=\"104\" height=\"111\" srcset=\"https:\/\/www.radiopiu.net\/wordpress\/wp-content\/uploads\/2023\/09\/Reyes_a_bordo_campo_con_le_stampelle-281x300.jpeg 281w, https:\/\/www.radiopiu.net\/wordpress\/wp-content\/uploads\/2023\/09\/Reyes_a_bordo_campo_con_le_stampelle-768x820.jpeg 768w, https:\/\/www.radiopiu.net\/wordpress\/wp-content\/uploads\/2023\/09\/Reyes_a_bordo_campo_con_le_stampelle.jpeg 772w\" sizes=\"auto, (max-width: 104px) 100vw, 104px\" \/><\/a>BELLUNO<\/strong> Il giorno in cui hanno distribuito buon umore e fiducia, \u201clui\u201d si \u00e8 preso una razione doppia. Razione che, peraltro, non tiene per s\u00e9, ma distribuisce a tutti coloro che lo circondano: nell\u2019ambiente pallavolistico e non solo. \u201cLui\u201d \u00e8 <b>Alex Reyes<\/b>. E anche se il destino gli ha riservato un colpo basso, con un brutto infortunio alla primissima uscita stagionale, lo schiacciatore sorride e guarda avanti: \u00abSto abbastanza bene, non sento pi\u00f9 dolore alla caviglia. Per fortuna il problema \u00e8 stato pi\u00f9 \u201cdolce\u201d di quanto sembrasse inizialmente. Ora ci vuole pazienza: penso solo a recuperare e a tornare in forma\u00bb.<\/p>\n<p>&nbsp;<\/p>\n<p><strong><span style=\"color: #0000ff;\">CORSA IN MONTAGNA<\/span><\/strong><\/p>\n<blockquote>\n<h3><strong><a class=\"dt-pswp-item\" href=\"https:\/\/www.radiopiu.net\/wordpress\/wp-content\/uploads\/2023\/09\/VERTICAL-KM-2017-il-vincitore-manuel-da-col-scaled.jpg\" data-dt-img-description=\"\" data-large_image_width=\"2560\" data-large_image_height=\"1707\"><img loading=\"lazy\" decoding=\"async\" class=\"wp-image-354054 alignleft\" src=\"https:\/\/www.radiopiu.net\/wordpress\/wp-content\/uploads\/2023\/09\/VERTICAL-KM-2017-il-vincitore-manuel-da-col-300x200.jpg\" alt=\"\" width=\"149\" height=\"99\" srcset=\"https:\/\/www.radiopiu.net\/wordpress\/wp-content\/uploads\/2023\/09\/VERTICAL-KM-2017-il-vincitore-manuel-da-col-300x200.jpg 300w, https:\/\/www.radiopiu.net\/wordpress\/wp-content\/uploads\/2023\/09\/VERTICAL-KM-2017-il-vincitore-manuel-da-col-1024x683.jpg 1024w, https:\/\/www.radiopiu.net\/wordpress\/wp-content\/uploads\/2023\/09\/VERTICAL-KM-2017-il-vincitore-manuel-da-col-768x512.jpg 768w, https:\/\/www.radiopiu.net\/wordpress\/wp-content\/uploads\/2023\/09\/VERTICAL-KM-2017-il-vincitore-manuel-da-col-1536x1024.jpg 1536w, https:\/\/www.radiopiu.net\/wordpress\/wp-content\/uploads\/2023\/09\/VERTICAL-KM-2017-il-vincitore-manuel-da-col-2048x1365.jpg 2048w\" sizes=\"auto, (max-width: 149px) 100vw, 149px\" \/><\/a>DOMENICA 8 OTTOBRE A DOMEGGE DI CADORE SAR\u00c0 PROTAGONISTA IL VERTICAL KILOMETER<\/strong><\/h3>\n<\/blockquote>\n<p><strong>Domenica 8 ottobre<\/strong> torner\u00e0 a <strong>Domegge di Cadore<\/strong> il <strong>Vertical Kilometer<\/strong>, evento podistico proposto dalla Pro Loco di Domegge, in collaborazione con Gruppo Marciatori Calalzo, associazione Domeje Events, Cai, Soccorso Alpino, Protezione Civile e Gruppo Alpini e con il supporto del Comune di Domegge. Il via verr\u00e0 dato alle 10 dal piazzale antistante il bar Henry a Vallesella mentre il traguardo \u00e8 fissato a Monte Croda<\/p>\n<\/div>\n<p>&nbsp;<\/p>\n<p>&nbsp;<\/p>\n<p>&nbsp;<\/p>\n<hr \/>\n<p>&nbsp;<\/p>\n","protected":false},"excerpt":{"rendered":"<p>40esimo di RADIOPIU\u2026. LA VOCE DELL\u2019EMOZIONE ISCRIVITI AL NOSTRO CANALE\u00a0\u00a0YOUTUBE PER SEGUIRE IN DIRETTA I PRINCIPALI PROGRAMMI DI RADIO PIU\u2019 E LE FUTURE DIRETTE IN ESTERNA. PER ISCRIVERTI\u00a0CLICCA QUI\u00a0E PREMI\u00a0 \u201cIscriviti\u201d &nbsp; &nbsp; &nbsp; CONTRO:\u00a0 indica movimento di opposizione, Inteso come \u2018avversione\u2019 o come \u2018ostilit\u00e0 o contrasto COSTI DI GESTIONE DELLA PISTA DA BOB A&hellip;<\/p>\n","protected":false},"author":4,"featured_media":354107,"comment_status":"closed","ping_status":"closed","sticky":false,"template":"","format":"standard","meta":{"_monsterinsights_skip_tracking":false,"_monsterinsights_sitenote_active":false,"_monsterinsights_sitenote_note":"","_monsterinsights_sitenote_category":0,"footnotes":""},"categories":[51,86,49],"tags":[],"class_list":["post-354008","post","type-post","status-publish","format-standard","has-post-thumbnail","hentry","category-evidenza-top","category-gr","category-news-18","category-51","category-86","category-49","description-off"],"img_url":"https:\/\/www.radiopiu.net\/wordpress\/wp-content\/uploads\/2023\/09\/8cbacb5f-a985-4a77-9a97-e01731aa1ad0-300x225-1.jpg","_links":{"self":[{"href":"https:\/\/www.radiopiu.net\/wordpress\/wp-json\/wp\/v2\/posts\/354008","targetHints":{"allow":["GET"]}}],"collection":[{"href":"https:\/\/www.radiopiu.net\/wordpress\/wp-json\/wp\/v2\/posts"}],"about":[{"href":"https:\/\/www.radiopiu.net\/wordpress\/wp-json\/wp\/v2\/types\/post"}],"author":[{"embeddable":true,"href":"https:\/\/www.radiopiu.net\/wordpress\/wp-json\/wp\/v2\/users\/4"}],"replies":[{"embeddable":true,"href":"https:\/\/www.radiopiu.net\/wordpress\/wp-json\/wp\/v2\/comments?post=354008"}],"version-history":[{"count":0,"href":"https:\/\/www.radiopiu.net\/wordpress\/wp-json\/wp\/v2\/posts\/354008\/revisions"}],"wp:featuredmedia":[{"embeddable":true,"href":"https:\/\/www.radiopiu.net\/wordpress\/wp-json\/wp\/v2\/media\/354107"}],"wp:attachment":[{"href":"https:\/\/www.radiopiu.net\/wordpress\/wp-json\/wp\/v2\/media?parent=354008"}],"wp:term":[{"taxonomy":"category","embeddable":true,"href":"https:\/\/www.radiopiu.net\/wordpress\/wp-json\/wp\/v2\/categories?post=354008"},{"taxonomy":"post_tag","embeddable":true,"href":"https:\/\/www.radiopiu.net\/wordpress\/wp-json\/wp\/v2\/tags?post=354008"}],"curies":[{"name":"wp","href":"https:\/\/api.w.org\/{rel}","templated":true}]}}