{"id":354096,"date":"2023-09-26T05:31:52","date_gmt":"2023-09-26T03:31:52","guid":{"rendered":"https:\/\/www.radiopiu.net\/wordpress\/?p=354096"},"modified":"2023-09-26T07:39:59","modified_gmt":"2023-09-26T05:39:59","slug":"lauto-della-hutter-funzionava-correttamente-nessun-guasto","status":"publish","type":"post","link":"https:\/\/www.radiopiu.net\/wordpress\/lauto-della-hutter-funzionava-correttamente-nessun-guasto\/","title":{"rendered":"L&#8217;AUTO DELLA HUTTER FUNZIONAVA CORRETTAMENTE, NESSUN GUASTO\u00a0"},"content":{"rendered":"<h4><em><strong>GIUSTIZIA:<\/strong>\u00a0Virt\u00f9 eminentemente sociale che consiste nella volont\u00e0 di riconoscere e rispettare i diritti altrui attribuendo a ciascuno ci\u00f2 che gli \u00e8 dovuto secondo la ragione e la legge. \u00a0In senso assoluto e pi\u00f9 oggettivo, il riconoscimento e il rispetto dei diritti altrui, sia come consapevolezza sia come prassi dell\u2019uomo singolo e delle istituzioni\u00a0<\/em><\/h4>\n<blockquote>\n<h4><strong><img loading=\"lazy\" decoding=\"async\" class=\"alignleft\" src=\"https:\/\/www.radiopiu.net\/wordpress\/wp-content\/uploads\/2023\/09\/Senza-nome-66.png\" width=\"308\" height=\"144\" \/>VENEZIA<\/strong><span style=\"font-weight: normal;\"> \u00a0 Angelika Hutter \u00e8 stata coinvolta in un incidente mortale il 6 luglio a Santo Stefano di Cadore, in cui ha investito mortalmente tre persone. Un consulente della Procura di Belluno ha confermato che l&#8217;Audi funzionava correttamente. Non ci sono segni di frenata nella zona dell&#8217;incidente. Hutter stava viaggiando a velocit\u00e0 eccessiva su una strada con limite di 50 km\/h, mentre era a circa 90 km\/h. Sono in corso ulteriori indagini per cercare ulteriori spiegazioni dell&#8217;incidente. Hutter aveva inizialmente invocato un guasto meccanico come causa dell&#8217;incidente ma poi ha ritrattato. Potrebbe essere sottoposta a perizia psichiatrica, dato il suo comportamento poco prima dell&#8217;incidente.<\/span><\/h4>\n<\/blockquote>\n<p>&nbsp;<\/p>\n","protected":false},"excerpt":{"rendered":"<p>GIUSTIZIA:\u00a0Virt\u00f9 eminentemente sociale che consiste nella volont\u00e0 di riconoscere e rispettare i diritti altrui attribuendo a ciascuno ci\u00f2 che gli \u00e8 dovuto secondo la ragione e la legge. \u00a0In senso assoluto e pi\u00f9 oggettivo, il riconoscimento e il rispetto dei diritti altrui, sia come consapevolezza sia come prassi dell\u2019uomo singolo e delle istituzioni\u00a0 VENEZIA \u00a0&hellip;<\/p>\n","protected":false},"author":4,"featured_media":354095,"comment_status":"closed","ping_status":"closed","sticky":false,"template":"","format":"standard","meta":{"_monsterinsights_skip_tracking":false,"_monsterinsights_sitenote_active":false,"_monsterinsights_sitenote_note":"","_monsterinsights_sitenote_category":0,"footnotes":""},"categories":[51,49],"tags":[],"class_list":["post-354096","post","type-post","status-publish","format-standard","has-post-thumbnail","hentry","category-evidenza-top","category-news-18","category-51","category-49","description-off"],"img_url":"https:\/\/www.radiopiu.net\/wordpress\/wp-content\/uploads\/2023\/09\/Senza-nome-66.png","_links":{"self":[{"href":"https:\/\/www.radiopiu.net\/wordpress\/wp-json\/wp\/v2\/posts\/354096","targetHints":{"allow":["GET"]}}],"collection":[{"href":"https:\/\/www.radiopiu.net\/wordpress\/wp-json\/wp\/v2\/posts"}],"about":[{"href":"https:\/\/www.radiopiu.net\/wordpress\/wp-json\/wp\/v2\/types\/post"}],"author":[{"embeddable":true,"href":"https:\/\/www.radiopiu.net\/wordpress\/wp-json\/wp\/v2\/users\/4"}],"replies":[{"embeddable":true,"href":"https:\/\/www.radiopiu.net\/wordpress\/wp-json\/wp\/v2\/comments?post=354096"}],"version-history":[{"count":0,"href":"https:\/\/www.radiopiu.net\/wordpress\/wp-json\/wp\/v2\/posts\/354096\/revisions"}],"wp:featuredmedia":[{"embeddable":true,"href":"https:\/\/www.radiopiu.net\/wordpress\/wp-json\/wp\/v2\/media\/354095"}],"wp:attachment":[{"href":"https:\/\/www.radiopiu.net\/wordpress\/wp-json\/wp\/v2\/media?parent=354096"}],"wp:term":[{"taxonomy":"category","embeddable":true,"href":"https:\/\/www.radiopiu.net\/wordpress\/wp-json\/wp\/v2\/categories?post=354096"},{"taxonomy":"post_tag","embeddable":true,"href":"https:\/\/www.radiopiu.net\/wordpress\/wp-json\/wp\/v2\/tags?post=354096"}],"curies":[{"name":"wp","href":"https:\/\/api.w.org\/{rel}","templated":true}]}}