{"id":354119,"date":"2023-09-26T07:55:47","date_gmt":"2023-09-26T05:55:47","guid":{"rendered":"https:\/\/www.radiopiu.net\/wordpress\/?p=354119"},"modified":"2023-09-26T08:45:10","modified_gmt":"2023-09-26T06:45:10","slug":"dal-1983-alle-otto-del-mattino-la-rassegna-stampa-locale","status":"publish","type":"post","link":"https:\/\/www.radiopiu.net\/wordpress\/dal-1983-alle-otto-del-mattino-la-rassegna-stampa-locale\/","title":{"rendered":"dal 1983 alle otto del mattino, la rassegna stampa locale"},"content":{"rendered":"<p><iframe loading=\"lazy\" title=\"RASSEGNA STAMPA LOCALE\" width=\"1200\" height=\"675\" src=\"https:\/\/www.youtube.com\/embed\/qEpLmALWebo?feature=oembed\" frameborder=\"0\" allow=\"accelerometer; autoplay; clipboard-write; encrypted-media; gyroscope; picture-in-picture; web-share\" allowfullscreen><\/iframe><\/p>\n<p>&nbsp;<\/p>\n<p><strong>CADORE<\/strong> Affari mafiosi in Cadore &#8211; titola a caratteri cubitali e in apertura il Corriere delle Alpi &#8211; gli immobili di Ospitale tra i beni riconducibili a &#8220;Scarface&#8221; del clan Mazzei di Catania condannato a 7 anni per associazione a delinquere, bancarotta, corruzione.<br \/>\n<strong>BELLUNO<\/strong> Presunta vittima di un pedofilo denuncia i fatti al telefono di Dafne, i genitori saprebbero ma non denunciano. &#8220;Spesso le vittime sono colpevolizzate&#8221;.<br \/>\n<strong>ALPAGO<\/strong> L&#8217;aereo spiaggiato al lago di Santa Croce \u00e8 presidiato da un mese a mezzo h 24, ieri il vertice oggi si attendono i pezzi di ricambio del Canadair costretto all&#8217;ammaraggio.<br \/>\n<strong>VENEZIA<\/strong> L&#8217;AUTO DELLA HUTTER FUNZIONAVA CORRETTAMENTE, NESSUN GUASTO. \u00a0 Angelika Hutter \u00e8 stata coinvolta in un incidente mortale il 6 luglio a Santo Stefano di Cadore, in cui ha investito mortalmente tre persone. Un consulente della Procura di Belluno ha confermato che l&#8217;Audi funzionava correttamente.<br \/>\n<strong>ROCCA PIETORE<\/strong> &#8220;Ciao sindaco della piazza&#8221;,\u00a0 domani alle 14.30 l&#8217;ultimo saluto a Fausto Sirena.<br \/>\n<strong>LAMON<\/strong> Oggi alle 15 si svolgono nel duomo di Lamon i funerali di Mario Giacomin, morto nella casa di riposo di Arsi\u00e8 dove si trovava ospite da alcuni anni.<br \/>\nCOMMOZIONE A LA VALLE NELL&#8217;ULTIMO SALUTO A MARIA LUISA, IL RICORDO DI DON LUIGI SUL CORRIERE DELLE ALPI, NEI NOTIZIARI DI RADIO PIU&#8217; I SERVIZI DI GIANNI SANTOMASO<br \/>\n<strong>BELLUNO<\/strong>\u00a0 una donna \u00e8 stata fermata con un tasso alcolemico di 3,03 e inizialmente aveva dato 2,99 al primo test. \u00c8 stata accusata di guida in stato di ebbrezza, sentenza: otto mesi di lavori di pubblica utilit\u00e0 e la frequenza a un corso di sensibilizzazione.<br \/>\n<strong>AD AGORDO<\/strong> ESEMPIO DI CONVIVENZA CON\u00a0 I LADRI E DISADATTATI, VOLTI NOTI ALLE FORZE DELL&#8217;ORDINE. AGORDO\u00a0 \u00a0Un giovane agordino e la sua presunta complice sono a processo, indagati per\u00a0 furto aggravato di un monopattino. A.B. e N.D.B. l&#8217;avrebbero trovato all&#8217;esterno di un negozio e se ne sarebbero impossessati.<br \/>\n<strong>BELLUNO\u00a0<\/strong> \u00a0La Prefettura ha dovuto affrontare un fine settimana impegnativo per trovare alloggi per quattro minori, con un quinto previsto in arrivo. La Caritas sta temporaneamente ospitando questi minori in un B&amp;B, ma trovare soluzioni a lungo termine \u00e8 una sfida.<br \/>\n<strong>DOLOMITIBUS<\/strong> CONTINUA A TAGLIARE, GLI UTENTI ESIGONO IL RIMBORSO PER I DISAGI QUOTIDIANI, ASSOCIAZIONI DEI CONSUMATORI SEMPRE LATITANTI, FORSE PASSATE DI &#8220;MODA&#8221; Gli utenti dei pullman avviliti e rassegnati davanti alla manifesta incapacit\u00e0 di risolvere in modo definitivo i problemi<br \/>\n<strong>ARABBA MARMOLADA 2030 &#8211; A UN PASSO DAL FUTURO<\/strong>, QUESTA SERA DALLE 20.30 SULLE FREQUENZE DI RADIOPIU (FM) E IN TUTTO IL MONDO (WWW.RADIOPIU.NET E APPLICAZIONI) IL DIBATTITO DAL RIFUGIO GORZA, DIRETTA DIFFERITA INTEGRALE.<br \/>\n<strong>livinallongo<\/strong> VIA LIBERA AI LAVORI PER LA MESSA IN SICUREZZA DELLA STRADA DI CONTRIN<br \/>\n<strong>ESSILOR LUXOTTICA<\/strong> INTRODUCE LA PIATTAFORMA DIGITALE PER LA GESTIONE DEI NEGOZI DI OTTICA, LA VERNICE IN NORD AMERICA<br \/>\n<strong>LONGARONE<\/strong>\u00a0 Torna la prossima settimana per la terza edizione HoReCa, la rassegna dedicata all&#8217;ospitalit\u00e0 e all&#8217;accoglienza in montagna organizzata da Longarone Fiere Dolomiti. Tra le novit\u00e0, anche uno spazio dedicato alle offerte di lavoro nel settore.<br \/>\nDAL 28 AL 30 SETTEMBRE <strong>IO GIOCO A BELLUNO<\/strong> Saranno tre giorni dedicati a bambini e ragazzi con laboratori e incontri dedicati ai pi\u00f9 giovani. A Belluno, alla Casa Delle Arti Spazio EX, torna &#8220;Io Gioco&#8221;.<\/p>\n<p>IERI SERA ALLA RADIO&#8230;\u00a0 IL DISCO DI GIANNIANTONIO CASSISI riascolta in podcast sul sito di radiopiu&#8217; l&#8217;intera serata.<\/p>\n<p>CALCIO UN FINE SETTIMANA DA INCORNICIARE PER L&#8217;AGORDINA CALCIO<br \/>\nPALLAVOLO REYES PENSA POSITIVO DOPO L&#8217;INFORTUNIO<br \/>\nCORSA IN MONTAGNA DOMENICA 8 OTTOBRE A DOMEGGE DI CADORE SAR\u00c0 PROTAGONISTA IL VERTICAL KILOMETER<\/p>\n<p>&nbsp;<\/p>\n<p>&nbsp;<\/p>\n<p>&nbsp;<\/p>\n<p>&nbsp;<\/p>\n<p>&nbsp;<\/p>\n<p>&nbsp;<\/p>\n<p>&nbsp;<\/p>\n<p>&nbsp;<\/p>\n","protected":false},"excerpt":{"rendered":"<p>&nbsp; CADORE Affari mafiosi in Cadore &#8211; titola a caratteri cubitali e in apertura il Corriere delle Alpi &#8211; gli immobili di Ospitale tra i beni riconducibili a &#8220;Scarface&#8221; del clan Mazzei di Catania condannato a 7 anni per associazione a delinquere, bancarotta, corruzione. BELLUNO Presunta vittima di un pedofilo denuncia i fatti al telefono&hellip;<\/p>\n","protected":false},"author":4,"featured_media":354101,"comment_status":"closed","ping_status":"closed","sticky":false,"template":"","format":"standard","meta":{"_monsterinsights_skip_tracking":false,"_monsterinsights_sitenote_active":false,"_monsterinsights_sitenote_note":"","_monsterinsights_sitenote_category":0,"footnotes":""},"categories":[104,49],"tags":[],"class_list":["post-354119","post","type-post","status-publish","format-standard","has-post-thumbnail","hentry","category-evidenza_3","category-news-18","category-104","category-49","description-off"],"img_url":"https:\/\/www.radiopiu.net\/wordpress\/wp-content\/uploads\/2023\/09\/copertina-7.png","_links":{"self":[{"href":"https:\/\/www.radiopiu.net\/wordpress\/wp-json\/wp\/v2\/posts\/354119","targetHints":{"allow":["GET"]}}],"collection":[{"href":"https:\/\/www.radiopiu.net\/wordpress\/wp-json\/wp\/v2\/posts"}],"about":[{"href":"https:\/\/www.radiopiu.net\/wordpress\/wp-json\/wp\/v2\/types\/post"}],"author":[{"embeddable":true,"href":"https:\/\/www.radiopiu.net\/wordpress\/wp-json\/wp\/v2\/users\/4"}],"replies":[{"embeddable":true,"href":"https:\/\/www.radiopiu.net\/wordpress\/wp-json\/wp\/v2\/comments?post=354119"}],"version-history":[{"count":0,"href":"https:\/\/www.radiopiu.net\/wordpress\/wp-json\/wp\/v2\/posts\/354119\/revisions"}],"wp:featuredmedia":[{"embeddable":true,"href":"https:\/\/www.radiopiu.net\/wordpress\/wp-json\/wp\/v2\/media\/354101"}],"wp:attachment":[{"href":"https:\/\/www.radiopiu.net\/wordpress\/wp-json\/wp\/v2\/media?parent=354119"}],"wp:term":[{"taxonomy":"category","embeddable":true,"href":"https:\/\/www.radiopiu.net\/wordpress\/wp-json\/wp\/v2\/categories?post=354119"},{"taxonomy":"post_tag","embeddable":true,"href":"https:\/\/www.radiopiu.net\/wordpress\/wp-json\/wp\/v2\/tags?post=354119"}],"curies":[{"name":"wp","href":"https:\/\/api.w.org\/{rel}","templated":true}]}}