{"id":354131,"date":"2023-09-27T05:37:12","date_gmt":"2023-09-27T03:37:12","guid":{"rendered":"https:\/\/www.radiopiu.net\/wordpress\/?p=354131"},"modified":"2023-09-27T05:53:40","modified_gmt":"2023-09-27T03:53:40","slug":"senza-eta-il-nuovo-film-di-stefano-usardi-al-cinema","status":"publish","type":"post","link":"https:\/\/www.radiopiu.net\/wordpress\/senza-eta-il-nuovo-film-di-stefano-usardi-al-cinema\/","title":{"rendered":"SENZA ETA&#8217;, IL NUOVO FILM DI STEFANO USARDI AL CINEMA"},"content":{"rendered":"<p><strong><a class=\"dt-pswp-item\" href=\"https:\/\/www.radiopiu.net\/wordpress\/wp-content\/uploads\/2023\/09\/image004.png\" data-dt-img-description=\"\" data-large_image_width=\"203\" data-large_image_height=\"285\"><img loading=\"lazy\" decoding=\"async\" class=\" wp-image-354136 alignleft\" src=\"https:\/\/www.radiopiu.net\/wordpress\/wp-content\/uploads\/2023\/09\/image004.png\" alt=\"\" width=\"118\" height=\"166\" \/><\/a>REDAZIONE <\/strong><em>Senza Et\u00e0\u00a0<\/em>di\u00a0Stefano Usardi\u00a0arriva al cinema dal\u00a021 Settembre\u00a0con\u00a0Draka Distribution. Il film \u00e8 la storia dell\u2019incontro tra un\u2019anziana signora che stringe una singolare amicizia con un giovane che la chiama nonna e che decide di esaudire il suo pi\u00f9 grande desiderio. Anna vuole uscire dalla casa di cura dove \u00e8 ospite per andare a vedere il mare. Sar\u00e0 l&#8217;inizio di un on the road e di un\u2019amicizia inaspettata.\u00a0 Anna e Pietro iniziano il loro viaggio dall&#8217;Italia alla Spagna, passando per la Francia, fino ad Almer\u00eda, citt\u00e0 che Anna avrebbe da sempre voluto vedere. Tra difficolt\u00e0 economiche, morti \u201capparenti\u201d, matrimoni, fughe, ambulanze, rapine, imprevisti e serate avventurose, raggiungono Almeria per vedere la Vergine del mare. Mentre i figli di lei, allarmati per la sua scomparsa, cominciano una ricerca affannosa nel tentativo di rintracciare l\u2019anziana madre, Pietro e Anna proseguono il loro viaggio con l\u2019intento di non farsi fermare. Un viaggio appassionante e inatteso come l\u2019amicizia che legher\u00e0 i protagonisti. Nel cast,\u00a0Patrizia La Fonte\u00a0nel ruolo di Anna,\u00a0Jacopo Garfagnoli\u00a0in quello di Pietro. Con loro tra gli interpreti\u00a0Giovanni Visentin,\u00a0Eleonora Panizzo,\u00a0Matilde Vigna,\u00a0Francesca Sartore,\u00a0Raffaella Paleari,\u00a0Eduardo Portesio.\u00a0<em>Senza Eta\u2019<\/em>\u00a0\u00e8\u00a0prodotto da\u00a0FiFilm Production, produttrice\u00a0Caterina Francavilla. Il film \u00e8 girato tra Padova, Costa Azzurra, Costa Brava, Girona, Canj\u00e1yar e Almer\u00eda. In Italia \u00e8 distribuito dalla\u00a0Draka Distribution di Corrado Azzollini. Il film \u00e8 proiettato all&#8217;Officinema di Feltre Sabato 30 settembre alle 20,30, Sabato 14 ottobre alle 19 e Domenica 15 ottobre alle 19.<\/p>\n\n\t\t\t<style type='text\/css'>\n\t\t\t\t#gallery-1 {\n\t\t\t\t\tmargin: auto;\n\t\t\t\t}\n\t\t\t\t#gallery-1 .gallery-item {\n\t\t\t\t\tfloat: left;\n\t\t\t\t\tmargin-top: 10px;\n\t\t\t\t\ttext-align: center;\n\t\t\t\t\twidth: 50%;\n\t\t\t\t}\n\t\t\t\t#gallery-1 img {\n\t\t\t\t\tborder: 2px solid #cfcfcf;\n\t\t\t\t}\n\t\t\t\t#gallery-1 .gallery-caption {\n\t\t\t\t\tmargin-left: 0;\n\t\t\t\t}\n\t\t\t\t\/* see gallery_shortcode() in wp-includes\/media.php *\/\n\t\t\t<\/style>\n\t\t<div id='gallery-1' class='dt-gallery-container gallery galleryid-354131 gallery-columns-2 gallery-size-medium'><dl class='gallery-item'>\n\t\t\t\t<dt class='gallery-icon landscape'>\n\t\t\t\t\t<a class=\"rollover rollover-zoom dt-pswp-item\" title=\"IMG_4031\" data-dt-img-description=\"\" data-large_image_width=\"2446\" data-large_image_height=\"1290\"href='https:\/\/www.radiopiu.net\/wordpress\/wp-content\/uploads\/2023\/09\/IMG_4031.jpeg'><img loading=\"lazy\" decoding=\"async\" width=\"300\" height=\"158\" src=\"https:\/\/www.radiopiu.net\/wordpress\/wp-content\/uploads\/2023\/09\/IMG_4031-300x158.jpeg\" class=\"attachment-medium size-medium\" alt=\"\" srcset=\"https:\/\/www.radiopiu.net\/wordpress\/wp-content\/uploads\/2023\/09\/IMG_4031-300x158.jpeg 300w, https:\/\/www.radiopiu.net\/wordpress\/wp-content\/uploads\/2023\/09\/IMG_4031-1024x540.jpeg 1024w, https:\/\/www.radiopiu.net\/wordpress\/wp-content\/uploads\/2023\/09\/IMG_4031-768x405.jpeg 768w, https:\/\/www.radiopiu.net\/wordpress\/wp-content\/uploads\/2023\/09\/IMG_4031-1536x810.jpeg 1536w, https:\/\/www.radiopiu.net\/wordpress\/wp-content\/uploads\/2023\/09\/IMG_4031-2048x1080.jpeg 2048w\" sizes=\"auto, (max-width: 300px) 100vw, 300px\" \/><\/a>\n\t\t\t\t<\/dt><\/dl><dl class='gallery-item'>\n\t\t\t\t<dt class='gallery-icon landscape'>\n\t\t\t\t\t<a class=\"rollover rollover-zoom dt-pswp-item\" title=\"IMG_4038\" data-dt-img-description=\"\" data-large_image_width=\"2480\" data-large_image_height=\"1290\"href='https:\/\/www.radiopiu.net\/wordpress\/wp-content\/uploads\/2023\/09\/IMG_4038.jpeg'><img loading=\"lazy\" decoding=\"async\" width=\"300\" height=\"156\" src=\"https:\/\/www.radiopiu.net\/wordpress\/wp-content\/uploads\/2023\/09\/IMG_4038-300x156.jpeg\" class=\"attachment-medium size-medium\" alt=\"\" srcset=\"https:\/\/www.radiopiu.net\/wordpress\/wp-content\/uploads\/2023\/09\/IMG_4038-300x156.jpeg 300w, https:\/\/www.radiopiu.net\/wordpress\/wp-content\/uploads\/2023\/09\/IMG_4038-1024x533.jpeg 1024w, https:\/\/www.radiopiu.net\/wordpress\/wp-content\/uploads\/2023\/09\/IMG_4038-768x399.jpeg 768w, https:\/\/www.radiopiu.net\/wordpress\/wp-content\/uploads\/2023\/09\/IMG_4038-1536x799.jpeg 1536w, https:\/\/www.radiopiu.net\/wordpress\/wp-content\/uploads\/2023\/09\/IMG_4038-2048x1065.jpeg 2048w\" sizes=\"auto, (max-width: 300px) 100vw, 300px\" \/><\/a>\n\t\t\t\t<\/dt><\/dl><br style=\"clear: both\" \/>\n\t\t\t<\/div>\n\n<p>&nbsp;<\/p>\n<p>&nbsp;<\/p>\n<p>*******<\/p>\n<p>&nbsp;<\/p>\n","protected":false},"excerpt":{"rendered":"<p>REDAZIONE Senza Et\u00e0\u00a0di\u00a0Stefano Usardi\u00a0arriva al cinema dal\u00a021 Settembre\u00a0con\u00a0Draka Distribution. Il film \u00e8 la storia dell\u2019incontro tra un\u2019anziana signora che stringe una singolare amicizia con un giovane che la chiama nonna e che decide di esaudire il suo pi\u00f9 grande desiderio. Anna vuole uscire dalla casa di cura dove \u00e8 ospite per andare a vedere il&hellip;<\/p>\n","protected":false},"author":4,"featured_media":354140,"comment_status":"closed","ping_status":"closed","sticky":false,"template":"","format":"standard","meta":{"_monsterinsights_skip_tracking":false,"_monsterinsights_sitenote_active":false,"_monsterinsights_sitenote_note":"","_monsterinsights_sitenote_category":0,"footnotes":""},"categories":[104,49],"tags":[],"class_list":["post-354131","post","type-post","status-publish","format-standard","has-post-thumbnail","hentry","category-evidenza_3","category-news-18","category-104","category-49","description-off"],"img_url":"https:\/\/www.radiopiu.net\/wordpress\/wp-content\/uploads\/2023\/09\/FSSH.jpg","_links":{"self":[{"href":"https:\/\/www.radiopiu.net\/wordpress\/wp-json\/wp\/v2\/posts\/354131","targetHints":{"allow":["GET"]}}],"collection":[{"href":"https:\/\/www.radiopiu.net\/wordpress\/wp-json\/wp\/v2\/posts"}],"about":[{"href":"https:\/\/www.radiopiu.net\/wordpress\/wp-json\/wp\/v2\/types\/post"}],"author":[{"embeddable":true,"href":"https:\/\/www.radiopiu.net\/wordpress\/wp-json\/wp\/v2\/users\/4"}],"replies":[{"embeddable":true,"href":"https:\/\/www.radiopiu.net\/wordpress\/wp-json\/wp\/v2\/comments?post=354131"}],"version-history":[{"count":0,"href":"https:\/\/www.radiopiu.net\/wordpress\/wp-json\/wp\/v2\/posts\/354131\/revisions"}],"wp:featuredmedia":[{"embeddable":true,"href":"https:\/\/www.radiopiu.net\/wordpress\/wp-json\/wp\/v2\/media\/354140"}],"wp:attachment":[{"href":"https:\/\/www.radiopiu.net\/wordpress\/wp-json\/wp\/v2\/media?parent=354131"}],"wp:term":[{"taxonomy":"category","embeddable":true,"href":"https:\/\/www.radiopiu.net\/wordpress\/wp-json\/wp\/v2\/categories?post=354131"},{"taxonomy":"post_tag","embeddable":true,"href":"https:\/\/www.radiopiu.net\/wordpress\/wp-json\/wp\/v2\/tags?post=354131"}],"curies":[{"name":"wp","href":"https:\/\/api.w.org\/{rel}","templated":true}]}}