{"id":354162,"date":"2023-09-27T05:38:51","date_gmt":"2023-09-27T03:38:51","guid":{"rendered":"https:\/\/www.radiopiu.net\/wordpress\/?p=354162"},"modified":"2023-09-27T05:53:22","modified_gmt":"2023-09-27T03:53:22","slug":"giovedi-a-canale-dagordo-la-santa-messa-nel-45esimo-anniversario-della-morte","status":"publish","type":"post","link":"https:\/\/www.radiopiu.net\/wordpress\/giovedi-a-canale-dagordo-la-santa-messa-nel-45esimo-anniversario-della-morte\/","title":{"rendered":"GIOVEDI&#8217; A CANALE D&#8217;AGORDO LA SANTA MESSA NEL 45ESIMO ANNIVERSARIO DELLA MORTE DI PAPA LUCIANI"},"content":{"rendered":"<p><strong><a class=\"dt-pswp-item\" href=\"https:\/\/www.radiopiu.net\/wordpress\/wp-content\/uploads\/2023\/09\/Canale-dAgordo-BL-scaled.jpg\" data-dt-img-description=\"\" data-large_image_width=\"2560\" data-large_image_height=\"1707\"><img loading=\"lazy\" decoding=\"async\" class=\" wp-image-354164 alignleft\" src=\"https:\/\/www.radiopiu.net\/wordpress\/wp-content\/uploads\/2023\/09\/Canale-dAgordo-BL-300x200.jpg\" alt=\"\" width=\"188\" height=\"125\" srcset=\"https:\/\/www.radiopiu.net\/wordpress\/wp-content\/uploads\/2023\/09\/Canale-dAgordo-BL-300x200.jpg 300w, https:\/\/www.radiopiu.net\/wordpress\/wp-content\/uploads\/2023\/09\/Canale-dAgordo-BL-1024x683.jpg 1024w, https:\/\/www.radiopiu.net\/wordpress\/wp-content\/uploads\/2023\/09\/Canale-dAgordo-BL-768x512.jpg 768w, https:\/\/www.radiopiu.net\/wordpress\/wp-content\/uploads\/2023\/09\/Canale-dAgordo-BL-1536x1024.jpg 1536w, https:\/\/www.radiopiu.net\/wordpress\/wp-content\/uploads\/2023\/09\/Canale-dAgordo-BL-2048x1366.jpg 2048w\" sizes=\"auto, (max-width: 188px) 100vw, 188px\" \/><\/a>CANALE D&#8217;AGORDO<\/strong> Ultimo appuntamento per l&#8217;edizione 2023 della rassegna estiva dedicata al beato papa Giovanni Paolo I e organizzata dal Musal &#8211; Museo Albino Luciani (www.musal.it) di Canale d&#8217;Agordo (Belluno). Come da tradizione la rassegna chiude con la Santa Messa nell&#8217;anniversario della morte di papa Luciani: gioved\u00ec alle 18, nella chiesa arcipretale di Canale d&#8217;Agordo verr\u00e0 celebrata la Santa Messa in onore della memoria liturgica del Beato Bernardino da Feltre. Al termine della cerimonia si ricorrer\u00e0 all\u2019intercessione del Beato Giovanni Paolo I nel giorno della sua morte 45 anni fa. Il Beato Bernardino da Feltre, al secolo Martino Tomitano, era conosciuto come eloquente predicatore molto richiesto dai vescovi delle grandi citt\u00e0 soprattutto nei periodi dell\u2019Avvento, Quaresimali e nei monasteri per gli esercizi spirituali. Nato a Feltre nel 1439 da Corona dei Rambaldi e dal nobile Donato dei Tomitano, studi\u00f2 all\u2019universit\u00e0 di Padova, laureatosi a pieni voti si trasfer\u00ec a Venezia dove fond\u00f2 una scuola insegnando per qualche tempo. Dopo aver ascoltato una predica di San Bernardino da Siena, manifest\u00f2 sentimenti di profondo spirito religioso. Ricevuti i voti dell\u2019Ordine dei frati minori e assunto il nome di Bernardino si dedic\u00f2 alla vita religiosa. Nel 1456 decise di entrare nell\u2019ordine francescano dei frati Minori Osservanti. Fu ordinato sacerdote nel 1463. Da allora divenne un noto predicatore, fustigatore dei costumi licenziosi e dell&#8217;usura. Era di fisico minuto e di salute cagionevole, ma impressionava tutti nella sua grande vitalit\u00e0 e forza, prodigandosi in continui spostamenti per la predicazione e in un costante lavoro di assistenza agli ammalati; durante la peste che colp\u00ec Padova nel 1478 non smise di predicare. Il suo fervore nell&#8217;assistere gli ammalati lo port\u00f2 poi a contrarre la tisi di cui morir\u00e0 il 28 settembre del 1494 a Pavia nel monastero di San Giacomo della Vernavola. Molto venerato dalla gente e all&#8217;interno del suo ordine, venne beatificato nel 1654.<\/p>\n<p>&nbsp;<\/p>\n<p>&nbsp;<\/p>\n<p>**********<\/p>\n","protected":false},"excerpt":{"rendered":"<p>CANALE D&#8217;AGORDO Ultimo appuntamento per l&#8217;edizione 2023 della rassegna estiva dedicata al beato papa Giovanni Paolo I e organizzata dal Musal &#8211; Museo Albino Luciani (www.musal.it) di Canale d&#8217;Agordo (Belluno). Come da tradizione la rassegna chiude con la Santa Messa nell&#8217;anniversario della morte di papa Luciani: gioved\u00ec alle 18, nella chiesa arcipretale di Canale d&#8217;Agordo&hellip;<\/p>\n","protected":false},"author":4,"featured_media":354164,"comment_status":"closed","ping_status":"closed","sticky":false,"template":"","format":"standard","meta":{"_monsterinsights_skip_tracking":false,"_monsterinsights_sitenote_active":false,"_monsterinsights_sitenote_note":"","_monsterinsights_sitenote_category":0,"footnotes":""},"categories":[51,49],"tags":[],"class_list":["post-354162","post","type-post","status-publish","format-standard","has-post-thumbnail","hentry","category-evidenza-top","category-news-18","category-51","category-49","description-off"],"img_url":"https:\/\/www.radiopiu.net\/wordpress\/wp-content\/uploads\/2023\/09\/Canale-dAgordo-BL-scaled.jpg","_links":{"self":[{"href":"https:\/\/www.radiopiu.net\/wordpress\/wp-json\/wp\/v2\/posts\/354162","targetHints":{"allow":["GET"]}}],"collection":[{"href":"https:\/\/www.radiopiu.net\/wordpress\/wp-json\/wp\/v2\/posts"}],"about":[{"href":"https:\/\/www.radiopiu.net\/wordpress\/wp-json\/wp\/v2\/types\/post"}],"author":[{"embeddable":true,"href":"https:\/\/www.radiopiu.net\/wordpress\/wp-json\/wp\/v2\/users\/4"}],"replies":[{"embeddable":true,"href":"https:\/\/www.radiopiu.net\/wordpress\/wp-json\/wp\/v2\/comments?post=354162"}],"version-history":[{"count":0,"href":"https:\/\/www.radiopiu.net\/wordpress\/wp-json\/wp\/v2\/posts\/354162\/revisions"}],"wp:featuredmedia":[{"embeddable":true,"href":"https:\/\/www.radiopiu.net\/wordpress\/wp-json\/wp\/v2\/media\/354164"}],"wp:attachment":[{"href":"https:\/\/www.radiopiu.net\/wordpress\/wp-json\/wp\/v2\/media?parent=354162"}],"wp:term":[{"taxonomy":"category","embeddable":true,"href":"https:\/\/www.radiopiu.net\/wordpress\/wp-json\/wp\/v2\/categories?post=354162"},{"taxonomy":"post_tag","embeddable":true,"href":"https:\/\/www.radiopiu.net\/wordpress\/wp-json\/wp\/v2\/tags?post=354162"}],"curies":[{"name":"wp","href":"https:\/\/api.w.org\/{rel}","templated":true}]}}