{"id":354218,"date":"2023-09-27T05:43:07","date_gmt":"2023-09-27T03:43:07","guid":{"rendered":"https:\/\/www.radiopiu.net\/wordpress\/?p=354218"},"modified":"2023-09-27T05:49:55","modified_gmt":"2023-09-27T03:49:55","slug":"pista-da-bob-a-cortina-eccola-la-risposta-dei-sindaci-si-valuti-lipotesi-innsbruck","status":"publish","type":"post","link":"https:\/\/www.radiopiu.net\/wordpress\/pista-da-bob-a-cortina-eccola-la-risposta-dei-sindaci-si-valuti-lipotesi-innsbruck\/","title":{"rendered":"pista da Bob a Cortina. ECCOLA LA RISPOSTA DEI SINDACI: &#8220;SI VALUTI L&#8217;IPOTESI INNSBRUCK"},"content":{"rendered":"<div class=\"flex-1 overflow-hidden\">\n<div class=\"react-scroll-to-bottom--css-ohbxq-79elbk h-full dark:bg-gray-800\">\n<div class=\"react-scroll-to-bottom--css-ohbxq-1n7m0yu\">\n<div class=\"flex flex-col text-sm dark:bg-gray-800\">\n<div class=\"group w-full text-token-text-primary border-b border-black\/10 gizmo:border-0 dark:border-gray-900\/50 gizmo:dark:border-0 bg-gray-50 gizmo:bg-transparent dark:bg-[#444654] gizmo:dark:bg-transparent\" data-testid=\"conversation-turn-3\">\n<div class=\"p-4 justify-center text-base md:gap-6 md:py-6 m-auto\">\n<div class=\"flex flex-1 gap-4 text-base mx-auto md:gap-6 md:max-w-2xl lg:max-w-[38rem] xl:max-w-3xl }\">\n<div class=\"relative flex w-[calc(100%-50px)] flex-col gap-1 md:gap-3 lg:w-[calc(100%-115px)]\">\n<div class=\"flex flex-grow flex-col gap-3 max-w-full\">\n<div class=\"min-h-[20px] flex flex-col items-start gap-3 overflow-x-auto whitespace-pre-wrap break-words\">\n<div class=\"markdown prose w-full break-words dark:prose-invert light\">\n<p><strong><img loading=\"lazy\" decoding=\"async\" class=\"alignleft\" src=\"https:\/\/www.radiopiu.net\/wordpress\/wp-content\/uploads\/2021\/06\/6bda7d20-2bca-46b1-9c47-7864eeb8da9e.jpg\" width=\"324\" height=\"182\" \/>BELLUNO<\/strong> Il Consiglio Provinciale di Belluno ha votato a favore di un ordine del giorno presentato dai consiglieri di &#8220;Provincia Comune 2030&#8221;, chiedendo una valutazione sulla possibilit\u00e0 di utilizzare la pista da bob di Innsbruck per le Olimpiadi Invernali del 2026, anzich\u00e9 costruire un nuovo impianto a Cortina. L&#8217;ordine del giorno \u00e8 stato approvato con <strong>cinque voti favorevoli e due astensioni. <\/strong>Il sindaco di Innsbruck ha presentato un cronoprogramma che prevede l&#8217;adeguamento della loro pista da bob entro la primavera del 2025, rendendo questa opzione una potenziale alternativa vantaggiosa. Tuttavia, alcuni consiglieri hanno espresso preoccupazioni riguardo alla cancellazione del progetto del Cortina sliding center, sostenendo che la pista da bob era parte integrante della candidatura di Milano-Cortina alle Olimpiadi del 2026. Il presidente ha sottolineato che la questione \u00e8 divisiva e non rientra nelle competenze della Provincia, ma piuttosto nelle decisioni del Governo italiano, della Fondazione Milano Cortina 2026 e della Regione del Veneto. Ha anche evidenziato i problemi legati all&#8217;aumento dei costi e ai tempi sempre pi\u00f9 stretti per la realizzazione.<\/p>\n<\/div>\n<p><em><strong>&#8220;Il mio sar\u00e0 un voto di astensione\u00bb ha detto il presidente Padrin<\/strong>. \u00abBisogna avere la consapevolezza che se dovesse risultare che l\u2019ipotesi Innsbruck \u00e8 percorribile, \u00e8 il caso che il governo italiano e quello austriaco trovino subito un accordo. Ma se l\u2019ipotesi non dovesse essere percorribile, si sgombri subito il campo dagli equivoci, evitando ulteriori speculazioni attorno all\u2019argomento\u00bb.\u00a0<\/em><\/p>\n<blockquote><p><em><span style=\"font-size: large;\">La pista da bob a Cortina \u00e8 argomento quanto mai divisivo. Lo dimostrano anche presenze e assenze alla seduta odierna del consiglio, cosa mai accaduta prima<\/span><\/em><\/p><\/blockquote>\n<div class=\"markdown prose w-full break-words dark:prose-invert light\">\n<p>\u00abNon \u00e8 mai facile decidere di fare opere come questa\u00bb ha detto<strong> il consigliere Fabio Luchetta.<\/strong> \u00abMa la pista da bob faceva parte del dossier olimpico con cui \u00e8 stato possibile inserire Cortina nei Giochi 2026. Nel 2022 questo stesso consiglio si \u00e8 espresso a favore della pista da bob. Siamo proprio d\u2019accordo nel voler cancellare la possibilit\u00e0 di riqualificare il vecchio impianto Eugenio Monti, e quindi perdere una delle poche discipline olimpiche che si disputeranno nel nostro territorio?\u00bb.<\/p>\n<p>&nbsp;<\/p>\n<p><em>Oltre a questa discussione, il Consiglio ha approvato debiti fuori bilancio per finanziare lavori urgenti di difesa del suolo, inclusi quelli al Passo Tre Croci, e ha stanziato fondi aggiuntivi per ulteriori interventi di difesa del suolo. Infine, \u00e8 stato approvato un nuovo schema di convenzione per l&#8217;adesione al servizio provinciale della Stazione unica appaltante, tenendo conto delle ultime normative, con diversi Comuni gi\u00e0 convenzionati e altri in procinto di aderire. La Stazione unica appaltante ha gestito una serie di appalti di opere e gare per la Provincia per un totale di oltre 40 milioni di euro nell&#8217;ultimo anno.\u00a0<\/em><\/p>\n<div><\/div>\n<div><\/div>\n<blockquote>\n<h3>LA PISTA DA BOB DI CORTINA &#8220;SPACCA&#8221; LA PROVINCIA, TRE CONSIGLIERI FUORI DALL&#8217;AULA E DUE ASTENSIONI<\/h3>\n<\/blockquote>\n<div><\/div>\n<div>\n<p><strong><img loading=\"lazy\" decoding=\"async\" class=\"alignleft\" src=\"https:\/\/www.radiopiu.net\/wordpress\/wp-content\/uploads\/2023\/09\/th-36.jpg\" width=\"181\" height=\"122\" \/>BELLUNO<\/strong><\/p>\n<p><strong>DI DANIELE DALVIT<\/strong><\/p>\n<p>&nbsp;<\/p>\n<audio class=\"wp-audio-shortcode\" id=\"audio-354218-1\" preload=\"none\" style=\"width: 100%;\" controls=\"controls\"><source type=\"audio\/mpeg\" src=\"https:\/\/www.radiopiu.net\/wordpress\/wp-content\/uploads\/2023\/09\/Radio-Piu-Servizio-Odg-Bob-Provincia.mp3?_=1\" \/><a href=\"https:\/\/www.radiopiu.net\/wordpress\/wp-content\/uploads\/2023\/09\/Radio-Piu-Servizio-Odg-Bob-Provincia.mp3\">https:\/\/www.radiopiu.net\/wordpress\/wp-content\/uploads\/2023\/09\/Radio-Piu-Servizio-Odg-Bob-Provincia.mp3<\/a><\/audio>\n<p>&nbsp;<\/p>\n<\/div>\n<\/div>\n<\/div>\n<\/div>\n<div class=\"flex justify-between lg:block\">\n<div class=\"text-gray-400 flex self-end lg:self-center justify-center gizmo:lg:justify-start mt-2 visible lg:gap-1 lg:absolute lg:top-0 lg:translate-x-full lg:right-0 lg:mt-0 lg:pl-2 gap-2 md:gap-3\"><\/div>\n<\/div>\n<\/div>\n<\/div>\n<\/div>\n<\/div>\n<div class=\"h-32 md:h-48 flex-shrink-0\">\n<hr \/>\n<\/div>\n<p>&nbsp;<\/p>\n<\/div>\n<\/div>\n<\/div>\n<\/div>\n<div class=\"absolute bottom-0 left-0 w-full border-t md:border-t-0 dark:border-white\/20 md:border-transparent md:dark:border-transparent md:bg-vert-light-gradient bg-white dark:bg-gray-800 md:!bg-transparent dark:md:bg-vert-dark-gradient pt-2 md:pl-2 md:w-[calc(100%-.5rem)]\">\n<form class=\"stretch mx-2 flex flex-row gap-3 last:mb-2 md:mx-4 md:last:mb-6 lg:mx-auto lg:max-w-2xl xl:max-w-3xl\">\n<div class=\"relative flex h-full flex-1 items-stretch md:flex-col\">\n<div>\n<div class=\"h-full flex ml-1 md:w-full md:m-auto md:mb-4 gap-0 md:gap-2 justify-center\"><\/div>\n<\/div>\n<\/div>\n<\/form>\n<\/div>\n","protected":false},"excerpt":{"rendered":"<p>BELLUNO Il Consiglio Provinciale di Belluno ha votato a favore di un ordine del giorno presentato dai consiglieri di &#8220;Provincia Comune 2030&#8221;, chiedendo una valutazione sulla possibilit\u00e0 di utilizzare la pista da bob di Innsbruck per le Olimpiadi Invernali del 2026, anzich\u00e9 costruire un nuovo impianto a Cortina. L&#8217;ordine del giorno \u00e8 stato approvato con&hellip;<\/p>\n","protected":false},"author":4,"featured_media":213612,"comment_status":"closed","ping_status":"closed","sticky":false,"template":"","format":"standard","meta":{"_monsterinsights_skip_tracking":false,"_monsterinsights_sitenote_active":false,"_monsterinsights_sitenote_note":"","_monsterinsights_sitenote_category":0,"footnotes":""},"categories":[51,49],"tags":[],"class_list":["post-354218","post","type-post","status-publish","format-standard","has-post-thumbnail","hentry","category-evidenza-top","category-news-18","category-51","category-49","description-off"],"img_url":"https:\/\/www.radiopiu.net\/wordpress\/wp-content\/uploads\/2021\/06\/6bda7d20-2bca-46b1-9c47-7864eeb8da9e.jpg","_links":{"self":[{"href":"https:\/\/www.radiopiu.net\/wordpress\/wp-json\/wp\/v2\/posts\/354218","targetHints":{"allow":["GET"]}}],"collection":[{"href":"https:\/\/www.radiopiu.net\/wordpress\/wp-json\/wp\/v2\/posts"}],"about":[{"href":"https:\/\/www.radiopiu.net\/wordpress\/wp-json\/wp\/v2\/types\/post"}],"author":[{"embeddable":true,"href":"https:\/\/www.radiopiu.net\/wordpress\/wp-json\/wp\/v2\/users\/4"}],"replies":[{"embeddable":true,"href":"https:\/\/www.radiopiu.net\/wordpress\/wp-json\/wp\/v2\/comments?post=354218"}],"version-history":[{"count":0,"href":"https:\/\/www.radiopiu.net\/wordpress\/wp-json\/wp\/v2\/posts\/354218\/revisions"}],"wp:featuredmedia":[{"embeddable":true,"href":"https:\/\/www.radiopiu.net\/wordpress\/wp-json\/wp\/v2\/media\/213612"}],"wp:attachment":[{"href":"https:\/\/www.radiopiu.net\/wordpress\/wp-json\/wp\/v2\/media?parent=354218"}],"wp:term":[{"taxonomy":"category","embeddable":true,"href":"https:\/\/www.radiopiu.net\/wordpress\/wp-json\/wp\/v2\/categories?post=354218"},{"taxonomy":"post_tag","embeddable":true,"href":"https:\/\/www.radiopiu.net\/wordpress\/wp-json\/wp\/v2\/tags?post=354218"}],"curies":[{"name":"wp","href":"https:\/\/api.w.org\/{rel}","templated":true}]}}