{"id":354231,"date":"2023-09-27T05:44:15","date_gmt":"2023-09-27T03:44:15","guid":{"rendered":"https:\/\/www.radiopiu.net\/wordpress\/?p=354231"},"modified":"2023-09-27T08:07:35","modified_gmt":"2023-09-27T06:07:35","slug":"la-pista-da-bob-di-cortina-spacca-la-provincia-tre-consiglieri-fuori-dallaula-e-due-astensioni","status":"publish","type":"post","link":"https:\/\/www.radiopiu.net\/wordpress\/la-pista-da-bob-di-cortina-spacca-la-provincia-tre-consiglieri-fuori-dallaula-e-due-astensioni\/","title":{"rendered":"LA PISTA DA BOB DI CORTINA &#8220;SPACCA&#8221; LA PROVINCIA, TRE CONSIGLIERI FUORI DALL&#8217;AULA E DUE ASTENSIONI"},"content":{"rendered":"<p><strong><img loading=\"lazy\" decoding=\"async\" class=\"alignleft\" src=\"https:\/\/www.radiopiu.net\/wordpress\/wp-content\/uploads\/2023\/09\/th-36.jpg\" width=\"181\" height=\"122\" \/>BELLUNO<\/strong><\/p>\n<p><strong>DI DANIELE DALVIT<\/strong><\/p>\n<p>&nbsp;<\/p>\n<audio class=\"wp-audio-shortcode\" id=\"audio-354231-1\" preload=\"none\" style=\"width: 100%;\" controls=\"controls\"><source type=\"audio\/mpeg\" src=\"https:\/\/www.radiopiu.net\/wordpress\/wp-content\/uploads\/2023\/09\/Radio-Piu-Servizio-Odg-Bob-Provincia.mp3?_=1\" \/><a href=\"https:\/\/www.radiopiu.net\/wordpress\/wp-content\/uploads\/2023\/09\/Radio-Piu-Servizio-Odg-Bob-Provincia.mp3\">https:\/\/www.radiopiu.net\/wordpress\/wp-content\/uploads\/2023\/09\/Radio-Piu-Servizio-Odg-Bob-Provincia.mp3<\/a><\/audio>\n<p>&nbsp;<\/p>\n<div><\/div>\n<div><\/div>\n<div><strong><span style=\"color: #ff0000;\">\u00a0CORRIERE DEL VENETO, INSERTO DEL CORRIERE DELLA SERA<\/span><\/strong><\/div>\n<div><a class=\"dt-pswp-item\" href=\"https:\/\/www.radiopiu.net\/wordpress\/wp-content\/uploads\/2023\/09\/Senza-nome-69.png\" data-dt-img-description=\"\" data-large_image_width=\"758\" data-large_image_height=\"121\"><img loading=\"lazy\" decoding=\"async\" class=\"alignnone wp-image-354269 size-full\" src=\"https:\/\/www.radiopiu.net\/wordpress\/wp-content\/uploads\/2023\/09\/Senza-nome-69.png\" alt=\"\" width=\"758\" height=\"121\" srcset=\"https:\/\/www.radiopiu.net\/wordpress\/wp-content\/uploads\/2023\/09\/Senza-nome-69.png 758w, https:\/\/www.radiopiu.net\/wordpress\/wp-content\/uploads\/2023\/09\/Senza-nome-69-300x48.png 300w\" sizes=\"auto, (max-width: 758px) 100vw, 758px\" \/><\/a><\/div>\n<div><\/div>\n<div><\/div>\n<blockquote>\n<h1>pista da Bob a Cortina. ECCOLA LA RISPOSTA DEI SINDACI: &#8220;SI VALUTI L&#8217;IPOTESI INNSBRUCK<\/h1>\n<h3><\/h3>\n<h3>L<em>a Provincia &#8220;vira&#8221;, cambio di rotta ma non per tutti. Il presidente Roberto Padrin si sfila, preferisce astenersi piuttosto che fare squadra con la maggioranza. Fa altrettanto il consigliere Fabio Luchetta sindaco di Vallada. Nell&#8217;ordine del giorno il\u00a0 primo firmatario \u00e8 l&#8217;ex sindaco di Feltre Paolo Perenzin.<br \/>\nL&#8217;ORDINE DEL GIORNO PER INNSBRUCK E&#8217; STATO VOTATO DA: Paolo Perenzin, Mario De Bon, Simone Deola, Monestier e Lucia Da Rold.<br \/>\nAL MOMENTO DEL VOTO SONO USCITI DALL&#8217;AULA I CONSIGLIERI DI CENTRO DESTRA Danilo De Toni, Dario Scopel Mattia Gosetti. Assente Serenella Bogana.<br \/>\nCONSIDERAZIONI CON CONFLITTO D&#8217;INTERESSI Il sindaco di Cortina \u00e8 sconcertato (come tutti i bellunesi che guardano con disgusto ai 124 milioni di euro). E&#8217; sconcertato perch\u00e9 la Provincia si \u00e8 messa di traverso. Secondo il primo cittadino ampezzano l&#8217;impianto arricchisce le Dolomiti ma evidentemente in Provincia non la pensano tutti come lui, nemmeno le migliaia di persone che hanno invaso Cortina per dire NO chiaro e rotondo ai mega progetti cortinesi.<\/em><\/h3>\n<\/blockquote>\n<div>\n<div class=\"markdown prose w-full break-words dark:prose-invert light\">\n<p><strong><img loading=\"lazy\" decoding=\"async\" class=\"alignleft\" src=\"https:\/\/www.radiopiu.net\/wordpress\/wp-content\/uploads\/2021\/06\/6bda7d20-2bca-46b1-9c47-7864eeb8da9e.jpg\" width=\"324\" height=\"182\" \/>BELLUNO<\/strong> Il Consiglio Provinciale di Belluno ha votato a favore di un ordine del giorno presentato dai consiglieri di &#8220;Provincia Comune 2030&#8221;, chiedendo una valutazione sulla possibilit\u00e0 di utilizzare la pista da bob di Innsbruck per le Olimpiadi Invernali del 2026, anzich\u00e9 costruire un nuovo impianto a Cortina. L&#8217;ordine del giorno \u00e8 stato approvato con <strong>cinque voti favorevoli e due astensioni. <\/strong>Il sindaco di Innsbruck ha presentato un cronoprogramma che prevede l&#8217;adeguamento della loro pista da bob entro la primavera del 2025, rendendo questa opzione una potenziale alternativa vantaggiosa. Tuttavia, alcuni consiglieri hanno espresso preoccupazioni riguardo alla cancellazione del progetto del Cortina sliding center, sostenendo che la pista da bob era parte integrante della candidatura di Milano-Cortina alle Olimpiadi del 2026. Il presidente ha sottolineato che la questione \u00e8 divisiva e non rientra nelle competenze della Provincia, ma piuttosto nelle decisioni del Governo italiano, della Fondazione Milano Cortina 2026 e della Regione del Veneto. Ha anche evidenziato i problemi legati all&#8217;aumento dei costi e ai tempi sempre pi\u00f9 stretti per la realizzazione.<\/p>\n<\/div>\n<p><em><strong>&#8220;Il mio sar\u00e0 un voto di astensione\u00bb ha detto il presidente Padrin<\/strong>. \u00abBisogna avere la consapevolezza che se dovesse risultare che l\u2019ipotesi Innsbruck \u00e8 percorribile, \u00e8 il caso che il governo italiano e quello austriaco trovino subito un accordo. Ma se l\u2019ipotesi non dovesse essere percorribile, si sgombri subito il campo dagli equivoci, evitando ulteriori speculazioni attorno all\u2019argomento\u00bb.\u00a0<\/em><\/p>\n<blockquote><p><em><span style=\"font-size: large;\">La pista da bob a Cortina \u00e8 argomento quanto mai divisivo. Lo dimostrano anche presenze e assenze alla seduta\u00a0 del consiglio, cosa mai accaduta prima<\/span><\/em><\/p><\/blockquote>\n<div class=\"markdown prose w-full break-words dark:prose-invert light\">\n<p>\u00abNon \u00e8 mai facile decidere di fare opere come questa\u00bb ha detto<strong> il consigliere Fabio Luchetta.<\/strong> \u00abMa la pista da bob faceva parte del dossier olimpico con cui \u00e8 stato possibile inserire Cortina nei Giochi 2026. Nel 2022 questo stesso consiglio si \u00e8 espresso a favore della pista da bob. Siamo proprio d\u2019accordo nel voler cancellare la possibilit\u00e0 di riqualificare il vecchio impianto Eugenio Monti, e quindi perdere una delle poche discipline olimpiche che si disputeranno nel nostro territorio?\u00bb.<\/p>\n<p>&nbsp;<\/p>\n<p><em>Oltre a questa discussione, il Consiglio ha approvato debiti fuori bilancio per finanziare lavori urgenti di difesa del suolo, inclusi quelli al Passo Tre Croci, e ha stanziato fondi aggiuntivi per ulteriori interventi di difesa del suolo. Infine, \u00e8 stato approvato un nuovo schema di convenzione per l&#8217;adesione al servizio provinciale della Stazione unica appaltante, tenendo conto delle ultime normative, con diversi Comuni gi\u00e0 convenzionati e altri in procinto di aderire. La Stazione unica appaltante ha gestito una serie di appalti di opere e gare per la Provincia per un totale di oltre 40 milioni di euro nell&#8217;ultimo anno.\u00a0<\/em><\/p>\n<\/div>\n<\/div>\n<div><\/div>\n<div><\/div>\n<div>\n<hr \/>\n<\/div>\n<hr \/>\n<p>&nbsp;<\/p>\n","protected":false},"excerpt":{"rendered":"<p>BELLUNO DI DANIELE DALVIT &nbsp; &nbsp; \u00a0CORRIERE DEL VENETO, INSERTO DEL CORRIERE DELLA SERA pista da Bob a Cortina. ECCOLA LA RISPOSTA DEI SINDACI: &#8220;SI VALUTI L&#8217;IPOTESI INNSBRUCK La Provincia &#8220;vira&#8221;, cambio di rotta ma non per tutti. Il presidente Roberto Padrin si sfila, preferisce astenersi piuttosto che fare squadra con la maggioranza. Fa altrettanto&hellip;<\/p>\n","protected":false},"author":4,"featured_media":354233,"comment_status":"closed","ping_status":"closed","sticky":false,"template":"","format":"standard","meta":{"_monsterinsights_skip_tracking":false,"_monsterinsights_sitenote_active":false,"_monsterinsights_sitenote_note":"","_monsterinsights_sitenote_category":0,"footnotes":""},"categories":[51,49],"tags":[],"class_list":["post-354231","post","type-post","status-publish","format-standard","has-post-thumbnail","hentry","category-evidenza-top","category-news-18","category-51","category-49","description-off"],"img_url":"https:\/\/www.radiopiu.net\/wordpress\/wp-content\/uploads\/2023\/09\/th-36.jpg","_links":{"self":[{"href":"https:\/\/www.radiopiu.net\/wordpress\/wp-json\/wp\/v2\/posts\/354231","targetHints":{"allow":["GET"]}}],"collection":[{"href":"https:\/\/www.radiopiu.net\/wordpress\/wp-json\/wp\/v2\/posts"}],"about":[{"href":"https:\/\/www.radiopiu.net\/wordpress\/wp-json\/wp\/v2\/types\/post"}],"author":[{"embeddable":true,"href":"https:\/\/www.radiopiu.net\/wordpress\/wp-json\/wp\/v2\/users\/4"}],"replies":[{"embeddable":true,"href":"https:\/\/www.radiopiu.net\/wordpress\/wp-json\/wp\/v2\/comments?post=354231"}],"version-history":[{"count":0,"href":"https:\/\/www.radiopiu.net\/wordpress\/wp-json\/wp\/v2\/posts\/354231\/revisions"}],"wp:featuredmedia":[{"embeddable":true,"href":"https:\/\/www.radiopiu.net\/wordpress\/wp-json\/wp\/v2\/media\/354233"}],"wp:attachment":[{"href":"https:\/\/www.radiopiu.net\/wordpress\/wp-json\/wp\/v2\/media?parent=354231"}],"wp:term":[{"taxonomy":"category","embeddable":true,"href":"https:\/\/www.radiopiu.net\/wordpress\/wp-json\/wp\/v2\/categories?post=354231"},{"taxonomy":"post_tag","embeddable":true,"href":"https:\/\/www.radiopiu.net\/wordpress\/wp-json\/wp\/v2\/tags?post=354231"}],"curies":[{"name":"wp","href":"https:\/\/api.w.org\/{rel}","templated":true}]}}