{"id":354236,"date":"2023-09-27T05:45:34","date_gmt":"2023-09-27T03:45:34","guid":{"rendered":"https:\/\/www.radiopiu.net\/wordpress\/?p=354236"},"modified":"2023-09-27T05:49:02","modified_gmt":"2023-09-27T03:49:02","slug":"il-9-ottobre-il-presidente-della-repubblica-a-longarone","status":"publish","type":"post","link":"https:\/\/www.radiopiu.net\/wordpress\/il-9-ottobre-il-presidente-della-repubblica-a-longarone\/","title":{"rendered":"IL 9 OTTOBRE IL PRESIDENTE DELLA REPUBBLICA A LONGARONE"},"content":{"rendered":"<p><strong> <img loading=\"lazy\" decoding=\"async\" class=\"alignleft\" src=\"https:\/\/www.radiopiu.net\/wordpress\/wp-content\/uploads\/2019\/03\/21369.jpg\" width=\"226\" height=\"188\" \/>LONGARONE\u00a0<\/strong> Il presidente della Repubblica Sergio Mattarella sar\u00e0 a Longarone il 9 ottobre, per le cerimonie del 60\u00b0 anniversario del Vajont. L\u2019ufficialit\u00e0 \u00e8 stata data oggi, nel corso di una conferenza stampa nella sede della Provincia di Belluno. Il presidente sar\u00e0 quindi alla commemorazione al cimitero monumentale di Fortogna, a partire dalle 11. Sar\u00e0 un momento particolarmente intimo e toccante. Poi il Capo di Stato, attorno alle 12, si sposter\u00e0 nello spiazzo della diga per gli interventi istituzionali.\u00a0 \u00a0 <em>\u00abAvere il presidente della Repubblica per il 60\u00b0 del Vajont \u00e8 un onore, ma anche un segnale di grande vicinanza\u00bb il commento del sindaco di Longarone e presidente della Provincia, Roberto Padrin. \u00abSergio Mattarella \u00e8 gi\u00e0 stato in visita al cimitero di Fortogna nel marzo 2019 e il 9 ottobre far\u00e0 sentire la presenza dello Stato a fianco dei familiari delle vittime, dei superstiti e dei sopravvissuti, ma anche dei tanti soccorritori e della macchina della solidariet\u00e0 che si \u00e8 mossa fin dall\u2019indomani della tragedia\u00bb. <\/em>Proprio i soccorritori avranno la loro giornata dedicata, l\u20198 ottobre, con una cerimonia che culminer\u00e0 nell\u2019intitolazione del viale della fiera.<\/p>\n<p>&nbsp;<\/p>\n<p>&nbsp;<\/p>\n<p>&nbsp;<\/p>\n<p>&nbsp;<\/p>\n<hr \/>\n<p>&nbsp;<\/p>\n","protected":false},"excerpt":{"rendered":"<p>LONGARONE\u00a0 Il presidente della Repubblica Sergio Mattarella sar\u00e0 a Longarone il 9 ottobre, per le cerimonie del 60\u00b0 anniversario del Vajont. L\u2019ufficialit\u00e0 \u00e8 stata data oggi, nel corso di una conferenza stampa nella sede della Provincia di Belluno. Il presidente sar\u00e0 quindi alla commemorazione al cimitero monumentale di Fortogna, a partire dalle 11. Sar\u00e0 un&hellip;<\/p>\n","protected":false},"author":4,"featured_media":78984,"comment_status":"closed","ping_status":"closed","sticky":false,"template":"","format":"standard","meta":{"_monsterinsights_skip_tracking":false,"_monsterinsights_sitenote_active":false,"_monsterinsights_sitenote_note":"","_monsterinsights_sitenote_category":0,"footnotes":""},"categories":[104,49],"tags":[],"class_list":["post-354236","post","type-post","status-publish","format-standard","has-post-thumbnail","hentry","category-evidenza_3","category-news-18","category-104","category-49","description-off"],"img_url":"https:\/\/www.radiopiu.net\/wordpress\/wp-content\/uploads\/2019\/03\/21369.jpg","_links":{"self":[{"href":"https:\/\/www.radiopiu.net\/wordpress\/wp-json\/wp\/v2\/posts\/354236","targetHints":{"allow":["GET"]}}],"collection":[{"href":"https:\/\/www.radiopiu.net\/wordpress\/wp-json\/wp\/v2\/posts"}],"about":[{"href":"https:\/\/www.radiopiu.net\/wordpress\/wp-json\/wp\/v2\/types\/post"}],"author":[{"embeddable":true,"href":"https:\/\/www.radiopiu.net\/wordpress\/wp-json\/wp\/v2\/users\/4"}],"replies":[{"embeddable":true,"href":"https:\/\/www.radiopiu.net\/wordpress\/wp-json\/wp\/v2\/comments?post=354236"}],"version-history":[{"count":0,"href":"https:\/\/www.radiopiu.net\/wordpress\/wp-json\/wp\/v2\/posts\/354236\/revisions"}],"wp:featuredmedia":[{"embeddable":true,"href":"https:\/\/www.radiopiu.net\/wordpress\/wp-json\/wp\/v2\/media\/78984"}],"wp:attachment":[{"href":"https:\/\/www.radiopiu.net\/wordpress\/wp-json\/wp\/v2\/media?parent=354236"}],"wp:term":[{"taxonomy":"category","embeddable":true,"href":"https:\/\/www.radiopiu.net\/wordpress\/wp-json\/wp\/v2\/categories?post=354236"},{"taxonomy":"post_tag","embeddable":true,"href":"https:\/\/www.radiopiu.net\/wordpress\/wp-json\/wp\/v2\/tags?post=354236"}],"curies":[{"name":"wp","href":"https:\/\/api.w.org\/{rel}","templated":true}]}}