{"id":354324,"date":"2023-09-27T11:07:26","date_gmt":"2023-09-27T09:07:26","guid":{"rendered":"https:\/\/www.radiopiu.net\/wordpress\/?p=354324"},"modified":"2023-09-27T11:07:26","modified_gmt":"2023-09-27T09:07:26","slug":"sr-203-agordina-interdizione-totale-al-traffico-in-orario-serale-ad-alleghe","status":"publish","type":"post","link":"https:\/\/www.radiopiu.net\/wordpress\/sr-203-agordina-interdizione-totale-al-traffico-in-orario-serale-ad-alleghe\/","title":{"rendered":"SR 203 AGORDINA: INTERDIZIONE TOTALE AL TRAFFICO IN ORARIO SERALE AD ALLEGHE"},"content":{"rendered":"<p><strong>SEDICO<\/strong> Veneto Strade comunica che dal 2 al 6 ottobre la SR 203 Agordina sar\u00e0 interessata da un&#8217;interdizione totale alla circolazione. Questo in comune di Alleghe dove dalle 20:30 alle 5:30 de giorno successivo la strada non sar\u00e0 percorribile in entrambi i sensi di marcia. La viabilit\u00e0 sar\u00e0 deviata su strada comunale per mezzi fino alle 7,5 tonnellate<\/p>\n<p>&nbsp;<\/p>\n<p>&nbsp;<\/p>\n<p>*******<\/p>\n","protected":false},"excerpt":{"rendered":"<p>SEDICO Veneto Strade comunica che dal 2 al 6 ottobre la SR 203 Agordina sar\u00e0 interessata da un&#8217;interdizione totale alla circolazione. Questo in comune di Alleghe dove dalle 20:30 alle 5:30 de giorno successivo la strada non sar\u00e0 percorribile in entrambi i sensi di marcia. La viabilit\u00e0 sar\u00e0 deviata su strada comunale per mezzi fino&hellip;<\/p>\n","protected":false},"author":4,"featured_media":351717,"comment_status":"closed","ping_status":"closed","sticky":false,"template":"","format":"standard","meta":{"_monsterinsights_skip_tracking":false,"_monsterinsights_sitenote_active":false,"_monsterinsights_sitenote_note":"","_monsterinsights_sitenote_category":0,"footnotes":""},"categories":[49],"tags":[],"class_list":["post-354324","post","type-post","status-publish","format-standard","has-post-thumbnail","hentry","category-news-18","category-49","description-off"],"img_url":"https:\/\/www.radiopiu.net\/wordpress\/wp-content\/uploads\/2023\/09\/Lavori_in_corso.jpg","_links":{"self":[{"href":"https:\/\/www.radiopiu.net\/wordpress\/wp-json\/wp\/v2\/posts\/354324","targetHints":{"allow":["GET"]}}],"collection":[{"href":"https:\/\/www.radiopiu.net\/wordpress\/wp-json\/wp\/v2\/posts"}],"about":[{"href":"https:\/\/www.radiopiu.net\/wordpress\/wp-json\/wp\/v2\/types\/post"}],"author":[{"embeddable":true,"href":"https:\/\/www.radiopiu.net\/wordpress\/wp-json\/wp\/v2\/users\/4"}],"replies":[{"embeddable":true,"href":"https:\/\/www.radiopiu.net\/wordpress\/wp-json\/wp\/v2\/comments?post=354324"}],"version-history":[{"count":0,"href":"https:\/\/www.radiopiu.net\/wordpress\/wp-json\/wp\/v2\/posts\/354324\/revisions"}],"wp:featuredmedia":[{"embeddable":true,"href":"https:\/\/www.radiopiu.net\/wordpress\/wp-json\/wp\/v2\/media\/351717"}],"wp:attachment":[{"href":"https:\/\/www.radiopiu.net\/wordpress\/wp-json\/wp\/v2\/media?parent=354324"}],"wp:term":[{"taxonomy":"category","embeddable":true,"href":"https:\/\/www.radiopiu.net\/wordpress\/wp-json\/wp\/v2\/categories?post=354324"},{"taxonomy":"post_tag","embeddable":true,"href":"https:\/\/www.radiopiu.net\/wordpress\/wp-json\/wp\/v2\/tags?post=354324"}],"curies":[{"name":"wp","href":"https:\/\/api.w.org\/{rel}","templated":true}]}}