{"id":354342,"date":"2023-09-28T05:22:16","date_gmt":"2023-09-28T03:22:16","guid":{"rendered":"https:\/\/www.radiopiu.net\/wordpress\/?p=354342"},"modified":"2023-09-28T05:58:24","modified_gmt":"2023-09-28T03:58:24","slug":"lamministrazione-accede-ai-fondi-regionali-e-allarga-via-poloni","status":"publish","type":"post","link":"https:\/\/www.radiopiu.net\/wordpress\/lamministrazione-accede-ai-fondi-regionali-e-allarga-via-poloni\/","title":{"rendered":"L&#8217;AMMINISTRAZIONE ACCEDE AI FONDI REGIONALI E ALLARGA VIA POLONI"},"content":{"rendered":"<p><strong>AGORDO<\/strong> Due cantieri importanti, in periferia, da una parte all&#8217;altra della piazza. In via Teto Piciol, che da sull&#8217;omonima via ma anche sulle vicine Parech e Prompicai poco oltre la regionale\u00a0 ex\u00a0 regionale 203 agordina che attraversa il centro.\u00a0 L&#8217;altro punto lavori a Pragrande, alle porte della citt\u00e0,\u00a0 poco prima della pizzeria da Silvio. Il primo\u00a0 cantiere porter\u00e0 alla realizzazione dei parcheggi a lato dell&#8217;importante comunale che collega la 347 del Duran e Cereda (zona industriale di Agordo compresa) con la ex regionale 203 agordina. L&#8217;altro cantiere, pi\u00f9 volte materia di dibattito in consiglio comunale, al bivio per Piero Poloni, la via che porta anche alla cintura urbana del Col di Foglia. Poco meno di 80 mila euro il costo dell&#8217;intervento finanziato per circa 60mila euro con contributo della Regione Veneto &#8220;a favore della mobilit\u00e0 e sicurezza stradale&#8221;. Un importante allargamento della sede stradale che finalmente permetter\u00e0 si svoltare verso il Col di Foglia senza manovre al centro della ex regionale 203 agordina.<\/p>\n<p><span style=\"color: #ff0000;\">IL CANTIERE IN VIA TETO PICIOL\u00a0<\/span><\/p>\n\n\t\t\t<style type='text\/css'>\n\t\t\t\t#gallery-1 {\n\t\t\t\t\tmargin: auto;\n\t\t\t\t}\n\t\t\t\t#gallery-1 .gallery-item {\n\t\t\t\t\tfloat: left;\n\t\t\t\t\tmargin-top: 10px;\n\t\t\t\t\ttext-align: center;\n\t\t\t\t\twidth: 50%;\n\t\t\t\t}\n\t\t\t\t#gallery-1 img {\n\t\t\t\t\tborder: 2px solid #cfcfcf;\n\t\t\t\t}\n\t\t\t\t#gallery-1 .gallery-caption {\n\t\t\t\t\tmargin-left: 0;\n\t\t\t\t}\n\t\t\t\t\/* see gallery_shortcode() in wp-includes\/media.php *\/\n\t\t\t<\/style>\n\t\t<div id='gallery-1' class='dt-gallery-container gallery galleryid-354342 gallery-columns-2 gallery-size-medium'><dl class='gallery-item'>\n\t\t\t\t<dt class='gallery-icon landscape'>\n\t\t\t\t\t<a class=\"rollover rollover-zoom dt-pswp-item\" title=\"f27f0a62-063f-4371-b0ea-24ade7c6c266\" data-dt-img-description=\"\" data-large_image_width=\"1600\" data-large_image_height=\"900\"href='https:\/\/www.radiopiu.net\/wordpress\/wp-content\/uploads\/2023\/09\/f27f0a62-063f-4371-b0ea-24ade7c6c266.jpg'><img loading=\"lazy\" decoding=\"async\" width=\"300\" height=\"169\" src=\"https:\/\/www.radiopiu.net\/wordpress\/wp-content\/uploads\/2023\/09\/f27f0a62-063f-4371-b0ea-24ade7c6c266-300x169.jpg\" class=\"attachment-medium size-medium\" alt=\"\" srcset=\"https:\/\/www.radiopiu.net\/wordpress\/wp-content\/uploads\/2023\/09\/f27f0a62-063f-4371-b0ea-24ade7c6c266-300x169.jpg 300w, https:\/\/www.radiopiu.net\/wordpress\/wp-content\/uploads\/2023\/09\/f27f0a62-063f-4371-b0ea-24ade7c6c266-1024x576.jpg 1024w, https:\/\/www.radiopiu.net\/wordpress\/wp-content\/uploads\/2023\/09\/f27f0a62-063f-4371-b0ea-24ade7c6c266-768x432.jpg 768w, https:\/\/www.radiopiu.net\/wordpress\/wp-content\/uploads\/2023\/09\/f27f0a62-063f-4371-b0ea-24ade7c6c266-1536x864.jpg 1536w, https:\/\/www.radiopiu.net\/wordpress\/wp-content\/uploads\/2023\/09\/f27f0a62-063f-4371-b0ea-24ade7c6c266.jpg 1600w\" sizes=\"auto, (max-width: 300px) 100vw, 300px\" \/><\/a>\n\t\t\t\t<\/dt><\/dl><dl class='gallery-item'>\n\t\t\t\t<dt class='gallery-icon landscape'>\n\t\t\t\t\t<a class=\"rollover rollover-zoom dt-pswp-item\" title=\"716e4922-8b2c-4032-a54e-1ada633586d6\" data-dt-img-description=\"\" data-large_image_width=\"1600\" data-large_image_height=\"900\"href='https:\/\/www.radiopiu.net\/wordpress\/wp-content\/uploads\/2023\/09\/716e4922-8b2c-4032-a54e-1ada633586d6.jpg'><img loading=\"lazy\" decoding=\"async\" width=\"300\" height=\"169\" src=\"https:\/\/www.radiopiu.net\/wordpress\/wp-content\/uploads\/2023\/09\/716e4922-8b2c-4032-a54e-1ada633586d6-300x169.jpg\" class=\"attachment-medium size-medium\" alt=\"\" srcset=\"https:\/\/www.radiopiu.net\/wordpress\/wp-content\/uploads\/2023\/09\/716e4922-8b2c-4032-a54e-1ada633586d6-300x169.jpg 300w, https:\/\/www.radiopiu.net\/wordpress\/wp-content\/uploads\/2023\/09\/716e4922-8b2c-4032-a54e-1ada633586d6-1024x576.jpg 1024w, https:\/\/www.radiopiu.net\/wordpress\/wp-content\/uploads\/2023\/09\/716e4922-8b2c-4032-a54e-1ada633586d6-768x432.jpg 768w, https:\/\/www.radiopiu.net\/wordpress\/wp-content\/uploads\/2023\/09\/716e4922-8b2c-4032-a54e-1ada633586d6-1536x864.jpg 1536w, https:\/\/www.radiopiu.net\/wordpress\/wp-content\/uploads\/2023\/09\/716e4922-8b2c-4032-a54e-1ada633586d6.jpg 1600w\" sizes=\"auto, (max-width: 300px) 100vw, 300px\" \/><\/a>\n\t\t\t\t<\/dt><\/dl><br style=\"clear: both\" \/>\n\t\t\t<\/div>\n\n<p>&nbsp;<\/p>\n<p><span style=\"color: #ff0000;\">IL CANTIERE IN VIA POLONI &#8211; PRAGRANDE (prima e con i lavori in corso)<br \/>\n<\/span><\/p>\n\n\t\t\t<style type='text\/css'>\n\t\t\t\t#gallery-2 {\n\t\t\t\t\tmargin: auto;\n\t\t\t\t}\n\t\t\t\t#gallery-2 .gallery-item {\n\t\t\t\t\tfloat: left;\n\t\t\t\t\tmargin-top: 10px;\n\t\t\t\t\ttext-align: center;\n\t\t\t\t\twidth: 50%;\n\t\t\t\t}\n\t\t\t\t#gallery-2 img {\n\t\t\t\t\tborder: 2px solid #cfcfcf;\n\t\t\t\t}\n\t\t\t\t#gallery-2 .gallery-caption {\n\t\t\t\t\tmargin-left: 0;\n\t\t\t\t}\n\t\t\t\t\/* see gallery_shortcode() in wp-includes\/media.php *\/\n\t\t\t<\/style>\n\t\t<div id='gallery-2' class='dt-gallery-container gallery galleryid-354342 gallery-columns-2 gallery-size-medium'><dl class='gallery-item'>\n\t\t\t\t<dt class='gallery-icon landscape'>\n\t\t\t\t\t<a class=\"rollover rollover-zoom dt-pswp-item\" title=\"37c9103e-b33e-4465-a1b6-54f3d550451c\" data-dt-img-description=\"\" data-large_image_width=\"1920\" data-large_image_height=\"1080\"href='https:\/\/www.radiopiu.net\/wordpress\/wp-content\/uploads\/2023\/09\/37c9103e-b33e-4465-a1b6-54f3d550451c.jpg'><img loading=\"lazy\" decoding=\"async\" width=\"300\" height=\"169\" src=\"https:\/\/www.radiopiu.net\/wordpress\/wp-content\/uploads\/2023\/09\/37c9103e-b33e-4465-a1b6-54f3d550451c-300x169.jpg\" class=\"attachment-medium size-medium\" alt=\"\" srcset=\"https:\/\/www.radiopiu.net\/wordpress\/wp-content\/uploads\/2023\/09\/37c9103e-b33e-4465-a1b6-54f3d550451c-300x169.jpg 300w, https:\/\/www.radiopiu.net\/wordpress\/wp-content\/uploads\/2023\/09\/37c9103e-b33e-4465-a1b6-54f3d550451c-1024x576.jpg 1024w, https:\/\/www.radiopiu.net\/wordpress\/wp-content\/uploads\/2023\/09\/37c9103e-b33e-4465-a1b6-54f3d550451c-768x432.jpg 768w, https:\/\/www.radiopiu.net\/wordpress\/wp-content\/uploads\/2023\/09\/37c9103e-b33e-4465-a1b6-54f3d550451c-1536x864.jpg 1536w, https:\/\/www.radiopiu.net\/wordpress\/wp-content\/uploads\/2023\/09\/37c9103e-b33e-4465-a1b6-54f3d550451c.jpg 1920w\" sizes=\"auto, (max-width: 300px) 100vw, 300px\" \/><\/a>\n\t\t\t\t<\/dt><\/dl><dl class='gallery-item'>\n\t\t\t\t<dt class='gallery-icon landscape'>\n\t\t\t\t\t<a class=\"rollover rollover-zoom dt-pswp-item\" title=\"434c5a8d-648b-4a67-b0ec-47a8edd91320\" data-dt-img-description=\"\" data-large_image_width=\"1920\" data-large_image_height=\"1080\"href='https:\/\/www.radiopiu.net\/wordpress\/wp-content\/uploads\/2023\/09\/434c5a8d-648b-4a67-b0ec-47a8edd91320.jpg'><img loading=\"lazy\" decoding=\"async\" width=\"300\" height=\"169\" src=\"https:\/\/www.radiopiu.net\/wordpress\/wp-content\/uploads\/2023\/09\/434c5a8d-648b-4a67-b0ec-47a8edd91320-300x169.jpg\" class=\"attachment-medium size-medium\" alt=\"\" srcset=\"https:\/\/www.radiopiu.net\/wordpress\/wp-content\/uploads\/2023\/09\/434c5a8d-648b-4a67-b0ec-47a8edd91320-300x169.jpg 300w, https:\/\/www.radiopiu.net\/wordpress\/wp-content\/uploads\/2023\/09\/434c5a8d-648b-4a67-b0ec-47a8edd91320-1024x576.jpg 1024w, https:\/\/www.radiopiu.net\/wordpress\/wp-content\/uploads\/2023\/09\/434c5a8d-648b-4a67-b0ec-47a8edd91320-768x432.jpg 768w, https:\/\/www.radiopiu.net\/wordpress\/wp-content\/uploads\/2023\/09\/434c5a8d-648b-4a67-b0ec-47a8edd91320-1536x864.jpg 1536w, https:\/\/www.radiopiu.net\/wordpress\/wp-content\/uploads\/2023\/09\/434c5a8d-648b-4a67-b0ec-47a8edd91320.jpg 1920w\" sizes=\"auto, (max-width: 300px) 100vw, 300px\" \/><\/a>\n\t\t\t\t<\/dt><\/dl><br style=\"clear: both\" \/><dl class='gallery-item'>\n\t\t\t\t<dt class='gallery-icon landscape'>\n\t\t\t\t\t<a class=\"rollover rollover-zoom dt-pswp-item\" title=\"a3b4cd91-8f2f-4127-b94c-827c768f5c28\" data-dt-img-description=\"\" data-large_image_width=\"1600\" data-large_image_height=\"900\"href='https:\/\/www.radiopiu.net\/wordpress\/wp-content\/uploads\/2023\/09\/a3b4cd91-8f2f-4127-b94c-827c768f5c28.jpg'><img loading=\"lazy\" decoding=\"async\" width=\"300\" height=\"169\" src=\"https:\/\/www.radiopiu.net\/wordpress\/wp-content\/uploads\/2023\/09\/a3b4cd91-8f2f-4127-b94c-827c768f5c28-300x169.jpg\" class=\"attachment-medium size-medium\" alt=\"\" srcset=\"https:\/\/www.radiopiu.net\/wordpress\/wp-content\/uploads\/2023\/09\/a3b4cd91-8f2f-4127-b94c-827c768f5c28-300x169.jpg 300w, https:\/\/www.radiopiu.net\/wordpress\/wp-content\/uploads\/2023\/09\/a3b4cd91-8f2f-4127-b94c-827c768f5c28-1024x576.jpg 1024w, https:\/\/www.radiopiu.net\/wordpress\/wp-content\/uploads\/2023\/09\/a3b4cd91-8f2f-4127-b94c-827c768f5c28-768x432.jpg 768w, https:\/\/www.radiopiu.net\/wordpress\/wp-content\/uploads\/2023\/09\/a3b4cd91-8f2f-4127-b94c-827c768f5c28-1536x864.jpg 1536w, https:\/\/www.radiopiu.net\/wordpress\/wp-content\/uploads\/2023\/09\/a3b4cd91-8f2f-4127-b94c-827c768f5c28.jpg 1600w\" sizes=\"auto, (max-width: 300px) 100vw, 300px\" \/><\/a>\n\t\t\t\t<\/dt><\/dl><dl class='gallery-item'>\n\t\t\t\t<dt class='gallery-icon landscape'>\n\t\t\t\t\t<a class=\"rollover rollover-zoom dt-pswp-item\" title=\"31dffb2b-20db-43d3-8836-a25eeaa58730\" data-dt-img-description=\"\" data-large_image_width=\"1600\" data-large_image_height=\"900\"href='https:\/\/www.radiopiu.net\/wordpress\/wp-content\/uploads\/2023\/09\/31dffb2b-20db-43d3-8836-a25eeaa58730.jpg'><img loading=\"lazy\" decoding=\"async\" width=\"300\" height=\"169\" src=\"https:\/\/www.radiopiu.net\/wordpress\/wp-content\/uploads\/2023\/09\/31dffb2b-20db-43d3-8836-a25eeaa58730-300x169.jpg\" class=\"attachment-medium size-medium\" alt=\"\" srcset=\"https:\/\/www.radiopiu.net\/wordpress\/wp-content\/uploads\/2023\/09\/31dffb2b-20db-43d3-8836-a25eeaa58730-300x169.jpg 300w, https:\/\/www.radiopiu.net\/wordpress\/wp-content\/uploads\/2023\/09\/31dffb2b-20db-43d3-8836-a25eeaa58730-1024x576.jpg 1024w, https:\/\/www.radiopiu.net\/wordpress\/wp-content\/uploads\/2023\/09\/31dffb2b-20db-43d3-8836-a25eeaa58730-768x432.jpg 768w, https:\/\/www.radiopiu.net\/wordpress\/wp-content\/uploads\/2023\/09\/31dffb2b-20db-43d3-8836-a25eeaa58730-1536x864.jpg 1536w, https:\/\/www.radiopiu.net\/wordpress\/wp-content\/uploads\/2023\/09\/31dffb2b-20db-43d3-8836-a25eeaa58730.jpg 1600w\" sizes=\"auto, (max-width: 300px) 100vw, 300px\" \/><\/a>\n\t\t\t\t<\/dt><\/dl><br style=\"clear: both\" \/>\n\t\t\t<\/div>\n\n<p><span style=\"color: #ff0000;\">\u00a0<\/span><\/p>\n<p>&nbsp;<\/p>\n<p>&nbsp;<\/p>\n<p><strong>ARCHIVIO, 08 GENNAIO 2019 &#8211; CONSIGLIO COMUNALE<\/strong><\/p>\n<p><strong><a class=\"dt-pswp-item\" href=\"http:\/\/www.radiopiu.net\/wordpress\/wp-content\/uploads\/2019\/01\/image-2.jpg\" data-dt-img-description=\"\" data-large_image_width=\"558\" data-large_image_height=\"291\"><img loading=\"lazy\" decoding=\"async\" class=\" wp-image-71622 alignleft\" src=\"http:\/\/www.radiopiu.net\/wordpress\/wp-content\/uploads\/2019\/01\/image-2-300x156.jpg\" alt=\"\" width=\"183\" height=\"95\" srcset=\"https:\/\/www.radiopiu.net\/wordpress\/wp-content\/uploads\/2019\/01\/image-2-300x156.jpg 300w, https:\/\/www.radiopiu.net\/wordpress\/wp-content\/uploads\/2019\/01\/image-2.jpg 558w\" sizes=\"auto, (max-width: 183px) 100vw, 183px\" \/><\/a><\/strong><\/p>\n<p><strong>AGORDO<\/strong>\u00a0 Con 240 mila euro il Comune di Agordo allargher\u00e0 la strada di via Teto Piciol, che peraltro collega la regionale 203 agordina alla 347 del Duran e Cereda. Il denaro stanziato sar\u00e0 sufficiente per realizzare\u00a0 anche i nuovi parcheggi sull&#8217;argine del torrente Campregana e quello che non manca, da tempo, sono i progetti. Ne hanno parlato i consiglieri Giulio Favretti, Paolo Selva Moretti, Roberto Chissal\u00e8 e il sindaco Sisto Da Roit. Roberto Chissal\u00e8 di ImmaginiamoAgordo ha chiesto chiarimenti sul parcheggio, se sar\u00e0 o meno a disposizione dei frazionisti di Prompicai e Parech.<\/p>\n<p><strong>ROBERTO CHISSALE&#8217;<\/strong><\/p>\n<audio class=\"wp-audio-shortcode\" id=\"audio-354342-1\" preload=\"none\" style=\"width: 100%;\" controls=\"controls\"><source type=\"audio\/mpeg\" src=\"http:\/\/www.radiopiu.net\/wordpress\/wp-content\/uploads\/2019\/01\/roberto.mp3?_=1\" \/><a href=\"http:\/\/www.radiopiu.net\/wordpress\/wp-content\/uploads\/2019\/01\/roberto.mp3\">http:\/\/www.radiopiu.net\/wordpress\/wp-content\/uploads\/2019\/01\/roberto.mp3<\/a><\/audio>\n<p>Chissal\u00e8 ha inoltre invitato la Giunta a pensare ad una regolamentazione affinch\u00e8 i parcheggi non vengano poi usati da chi lavora nella zona industriale e che lasciano l&#8217;auto per tutto il giorno, ma anche a pensare ad altre soluzioni anche in accordo con i privati per un miglior servizio al cittadino.<\/p>\n<p>Il Sindaco Sisto Da Roit ha rimarcato come ormai il progetto sia pronto e che permette all&#8217;intera area di avere a disposizione un parcheggio con una trentina di posti auto.<\/p>\n<p><strong>PAOLO SELVA MORETTI<\/strong><\/p>\n<audio class=\"wp-audio-shortcode\" id=\"audio-354342-2\" preload=\"none\" style=\"width: 100%;\" controls=\"controls\"><source type=\"audio\/mpeg\" src=\"http:\/\/www.radiopiu.net\/wordpress\/wp-content\/uploads\/2019\/01\/PAOLO-DOMANDA-1.mp3?_=2\" \/><a href=\"http:\/\/www.radiopiu.net\/wordpress\/wp-content\/uploads\/2019\/01\/PAOLO-DOMANDA-1.mp3\">http:\/\/www.radiopiu.net\/wordpress\/wp-content\/uploads\/2019\/01\/PAOLO-DOMANDA-1.mp3<\/a><\/audio>\n<p>L&#8217;amministrazione ora dovr\u00e0 aquisire i terreni.<\/p>\n<p><strong>SISTO DA ROIT\u00a0<\/strong><\/p>\n<audio class=\"wp-audio-shortcode\" id=\"audio-354342-3\" preload=\"none\" style=\"width: 100%;\" controls=\"controls\"><source type=\"audio\/mpeg\" src=\"http:\/\/www.radiopiu.net\/wordpress\/wp-content\/uploads\/2019\/01\/sisto.mp3?_=3\" \/><a href=\"http:\/\/www.radiopiu.net\/wordpress\/wp-content\/uploads\/2019\/01\/sisto.mp3\">http:\/\/www.radiopiu.net\/wordpress\/wp-content\/uploads\/2019\/01\/sisto.mp3<\/a><\/audio>\n<p>&nbsp;<\/p>\n<p>&nbsp;<\/p>\n<p><strong>ARCHIVIO, 23 APRILE 2022 &#8211; CONSIGLIO COMUNALE DI AGORDO\u00a0<\/strong><\/p>\n<p><strong><a class=\"dt-pswp-item\" href=\"https:\/\/www.radiopiu.net\/wordpress\/wp-content\/uploads\/2022\/04\/e5d15856-d2cd-440a-89b9-b9bece5f7e99.jpg\" data-dt-img-description=\"\" data-large_image_width=\"1920\" data-large_image_height=\"1080\"><img loading=\"lazy\" decoding=\"async\" class=\"alignleft wp-image-271837 \" src=\"https:\/\/www.radiopiu.net\/wordpress\/wp-content\/uploads\/2022\/04\/e5d15856-d2cd-440a-89b9-b9bece5f7e99-300x169.jpg\" alt=\"\" width=\"186\" height=\"105\" srcset=\"https:\/\/www.radiopiu.net\/wordpress\/wp-content\/uploads\/2022\/04\/e5d15856-d2cd-440a-89b9-b9bece5f7e99-300x169.jpg 300w, https:\/\/www.radiopiu.net\/wordpress\/wp-content\/uploads\/2022\/04\/e5d15856-d2cd-440a-89b9-b9bece5f7e99-1024x576.jpg 1024w, https:\/\/www.radiopiu.net\/wordpress\/wp-content\/uploads\/2022\/04\/e5d15856-d2cd-440a-89b9-b9bece5f7e99-768x432.jpg 768w, https:\/\/www.radiopiu.net\/wordpress\/wp-content\/uploads\/2022\/04\/e5d15856-d2cd-440a-89b9-b9bece5f7e99-1536x864.jpg 1536w, https:\/\/www.radiopiu.net\/wordpress\/wp-content\/uploads\/2022\/04\/e5d15856-d2cd-440a-89b9-b9bece5f7e99.jpg 1920w\" sizes=\"auto, (max-width: 186px) 100vw, 186px\" \/><\/a>AGORDO<\/strong> La Giunta ha approvato (astenuti Selva Moretti e Savio della minoranza) il progetto di fattibilit\u00e0 tecnico-economica in variante al prg per il vincolo dell&#8217;esproprio. Obiettivo: l&#8217;allargamento di via Poloni (Pragrande)<em> &#8220;L&#8217;abbiamo ritenuta da sempre importante&#8221;<\/em> ha detto il sindaco Roberto Chissal\u00e8 ricordando i tanti incidenti stradali del passato, come confermato dalle statistiche dei Carabinieri di Agordo. Si tratta di un tratto di 60 metri dalla regionale 203 agordina verso il Col di Foglia. La propriet\u00e0 \u00e8 gi\u00e0 stata contattata dall&#8217;amministrazione comunale dichiarando che si opporr\u00e0 al progetto, cio\u00e8 all&#8217;esproprio,\u00a0 nonostante il Comune sia pronto a pagare i terreni 80 euro a metro quadrato per un totale di circa 18mila euro. <em>&#8220;Otteniamo il finanziamento &#8211; ha detto il vicesindaco Giulio Favretti &#8211; per pubblica utilit\u00e0, quella \u00e8 un&#8217;intersezione molto pericolosa&#8221;<\/em> . Il consigliere Paolo Selva Moretti ha criticato il modo di agire con l&#8217;istituto dell&#8217;esproprio. <em>&#8220;Bisogner\u00e0 capire se davvero c&#8217;\u00e8 la pubblica utilit\u00e0&#8221;<\/em> ha detto. In cinque anni i Carabinieri hanno rilevato sei incidenti. <em>&#8220;Ma ci sono anche altre situazione meritevoli della stessa attenzione <\/em>&#8211; ha continuato Selva &#8211;<em> come ad esempio l&#8217;accesso a Villa Imperina o via Teto Piciol&#8221;.\u00a0<\/em>L&#8217;accesso a Villa Imperina ha ribadito Favretti \u00e8 privato, quindi non \u00e8 una situazione similare. Quanto a via Teto Piciol ha risposto il sindaco Roberto Chissal\u00e8 <em>&#8220;Quando ero in minoranza per due volte sono stati rifiutati 210 milioni delle vecchie lire per allargare quella strada. La Regione li aveva messi a disposizione ma non c&#8217;era la volont\u00e0 di espropriare pur essendo una strada con parecchi flussi di traffico&#8221;.\u00a0<\/em>In via Poloni si passer\u00e0 da una strada di 4 metri attuali, ad una di\u00a0 larghezza pari a 6 metri con un marciapiede da un metro e mezzo in porfido. <em>&#8220;Un ampliamento da 8 metri \u00e8 esagerato&#8221;<\/em> ha detto Selva.<em>&#8220;Il finanziamento regionale viene erogato &#8211; ha tagliato corto Favretti &#8211; solo se si rispettano i decreti, quindi queste sono le direttive&#8221;.<\/em><\/p>\n\n\t\t\t<style type='text\/css'>\n\t\t\t\t#gallery-3 {\n\t\t\t\t\tmargin: auto;\n\t\t\t\t}\n\t\t\t\t#gallery-3 .gallery-item {\n\t\t\t\t\tfloat: left;\n\t\t\t\t\tmargin-top: 10px;\n\t\t\t\t\ttext-align: center;\n\t\t\t\t\twidth: 33%;\n\t\t\t\t}\n\t\t\t\t#gallery-3 img {\n\t\t\t\t\tborder: 2px solid #cfcfcf;\n\t\t\t\t}\n\t\t\t\t#gallery-3 .gallery-caption {\n\t\t\t\t\tmargin-left: 0;\n\t\t\t\t}\n\t\t\t\t\/* see gallery_shortcode() in wp-includes\/media.php *\/\n\t\t\t<\/style>\n\t\t<div id='gallery-3' class='dt-gallery-container gallery galleryid-354342 gallery-columns-3 gallery-size-medium'><dl class='gallery-item'>\n\t\t\t\t<dt class='gallery-icon landscape'>\n\t\t\t\t\t<a class=\"rollover rollover-zoom dt-pswp-item\" title=\"51fac066-71b1-40bf-832c-82c0caf0d0b1\" data-dt-img-description=\"\" data-large_image_width=\"1920\" data-large_image_height=\"1080\"href='https:\/\/www.radiopiu.net\/wordpress\/wp-content\/uploads\/2022\/04\/51fac066-71b1-40bf-832c-82c0caf0d0b1.jpg'><img loading=\"lazy\" decoding=\"async\" width=\"300\" height=\"169\" src=\"https:\/\/www.radiopiu.net\/wordpress\/wp-content\/uploads\/2022\/04\/51fac066-71b1-40bf-832c-82c0caf0d0b1-300x169.jpg\" class=\"attachment-medium size-medium\" alt=\"\" srcset=\"https:\/\/www.radiopiu.net\/wordpress\/wp-content\/uploads\/2022\/04\/51fac066-71b1-40bf-832c-82c0caf0d0b1-300x169.jpg 300w, https:\/\/www.radiopiu.net\/wordpress\/wp-content\/uploads\/2022\/04\/51fac066-71b1-40bf-832c-82c0caf0d0b1-1024x576.jpg 1024w, https:\/\/www.radiopiu.net\/wordpress\/wp-content\/uploads\/2022\/04\/51fac066-71b1-40bf-832c-82c0caf0d0b1-768x432.jpg 768w, https:\/\/www.radiopiu.net\/wordpress\/wp-content\/uploads\/2022\/04\/51fac066-71b1-40bf-832c-82c0caf0d0b1-1536x864.jpg 1536w, https:\/\/www.radiopiu.net\/wordpress\/wp-content\/uploads\/2022\/04\/51fac066-71b1-40bf-832c-82c0caf0d0b1.jpg 1920w\" sizes=\"auto, (max-width: 300px) 100vw, 300px\" \/><\/a>\n\t\t\t\t<\/dt><\/dl><dl class='gallery-item'>\n\t\t\t\t<dt class='gallery-icon landscape'>\n\t\t\t\t\t<a class=\"rollover rollover-zoom dt-pswp-item\" title=\"434c5a8d-648b-4a67-b0ec-47a8edd91320\" data-dt-img-description=\"\" data-large_image_width=\"1920\" data-large_image_height=\"1080\"href='https:\/\/www.radiopiu.net\/wordpress\/wp-content\/uploads\/2022\/04\/434c5a8d-648b-4a67-b0ec-47a8edd91320.jpg'><img loading=\"lazy\" decoding=\"async\" width=\"300\" height=\"169\" src=\"https:\/\/www.radiopiu.net\/wordpress\/wp-content\/uploads\/2022\/04\/434c5a8d-648b-4a67-b0ec-47a8edd91320-300x169.jpg\" class=\"attachment-medium size-medium\" alt=\"\" srcset=\"https:\/\/www.radiopiu.net\/wordpress\/wp-content\/uploads\/2022\/04\/434c5a8d-648b-4a67-b0ec-47a8edd91320-300x169.jpg 300w, https:\/\/www.radiopiu.net\/wordpress\/wp-content\/uploads\/2022\/04\/434c5a8d-648b-4a67-b0ec-47a8edd91320-1024x576.jpg 1024w, https:\/\/www.radiopiu.net\/wordpress\/wp-content\/uploads\/2022\/04\/434c5a8d-648b-4a67-b0ec-47a8edd91320-768x432.jpg 768w, https:\/\/www.radiopiu.net\/wordpress\/wp-content\/uploads\/2022\/04\/434c5a8d-648b-4a67-b0ec-47a8edd91320-1536x864.jpg 1536w, https:\/\/www.radiopiu.net\/wordpress\/wp-content\/uploads\/2022\/04\/434c5a8d-648b-4a67-b0ec-47a8edd91320.jpg 1920w\" sizes=\"auto, (max-width: 300px) 100vw, 300px\" \/><\/a>\n\t\t\t\t<\/dt><\/dl><dl class='gallery-item'>\n\t\t\t\t<dt class='gallery-icon landscape'>\n\t\t\t\t\t<a class=\"rollover rollover-zoom dt-pswp-item\" title=\"37c9103e-b33e-4465-a1b6-54f3d550451c\" data-dt-img-description=\"\" data-large_image_width=\"1920\" data-large_image_height=\"1080\"href='https:\/\/www.radiopiu.net\/wordpress\/wp-content\/uploads\/2022\/04\/37c9103e-b33e-4465-a1b6-54f3d550451c.jpg'><img loading=\"lazy\" decoding=\"async\" width=\"300\" height=\"169\" src=\"https:\/\/www.radiopiu.net\/wordpress\/wp-content\/uploads\/2022\/04\/37c9103e-b33e-4465-a1b6-54f3d550451c-300x169.jpg\" class=\"attachment-medium size-medium\" alt=\"\" srcset=\"https:\/\/www.radiopiu.net\/wordpress\/wp-content\/uploads\/2022\/04\/37c9103e-b33e-4465-a1b6-54f3d550451c-300x169.jpg 300w, https:\/\/www.radiopiu.net\/wordpress\/wp-content\/uploads\/2022\/04\/37c9103e-b33e-4465-a1b6-54f3d550451c-1024x576.jpg 1024w, https:\/\/www.radiopiu.net\/wordpress\/wp-content\/uploads\/2022\/04\/37c9103e-b33e-4465-a1b6-54f3d550451c-768x432.jpg 768w, https:\/\/www.radiopiu.net\/wordpress\/wp-content\/uploads\/2022\/04\/37c9103e-b33e-4465-a1b6-54f3d550451c-1536x864.jpg 1536w, https:\/\/www.radiopiu.net\/wordpress\/wp-content\/uploads\/2022\/04\/37c9103e-b33e-4465-a1b6-54f3d550451c.jpg 1920w\" sizes=\"auto, (max-width: 300px) 100vw, 300px\" \/><\/a>\n\t\t\t\t<\/dt><\/dl><br style=\"clear: both\" \/>\n\t\t\t<\/div>\n\n<p>&nbsp;<\/p>\n","protected":false},"excerpt":{"rendered":"<p>AGORDO Due cantieri importanti, in periferia, da una parte all&#8217;altra della piazza. In via Teto Piciol, che da sull&#8217;omonima via ma anche sulle vicine Parech e Prompicai poco oltre la regionale\u00a0 ex\u00a0 regionale 203 agordina che attraversa il centro.\u00a0 L&#8217;altro punto lavori a Pragrande, alle porte della citt\u00e0,\u00a0 poco prima della pizzeria da Silvio. Il&hellip;<\/p>\n","protected":false},"author":4,"featured_media":354345,"comment_status":"closed","ping_status":"closed","sticky":false,"template":"","format":"standard","meta":{"_monsterinsights_skip_tracking":false,"_monsterinsights_sitenote_active":false,"_monsterinsights_sitenote_note":"","_monsterinsights_sitenote_category":0,"footnotes":""},"categories":[51,49],"tags":[],"class_list":["post-354342","post","type-post","status-publish","format-standard","has-post-thumbnail","hentry","category-evidenza-top","category-news-18","category-51","category-49","description-off"],"img_url":"https:\/\/www.radiopiu.net\/wordpress\/wp-content\/uploads\/2023\/09\/a3b4cd91-8f2f-4127-b94c-827c768f5c28.jpg","_links":{"self":[{"href":"https:\/\/www.radiopiu.net\/wordpress\/wp-json\/wp\/v2\/posts\/354342","targetHints":{"allow":["GET"]}}],"collection":[{"href":"https:\/\/www.radiopiu.net\/wordpress\/wp-json\/wp\/v2\/posts"}],"about":[{"href":"https:\/\/www.radiopiu.net\/wordpress\/wp-json\/wp\/v2\/types\/post"}],"author":[{"embeddable":true,"href":"https:\/\/www.radiopiu.net\/wordpress\/wp-json\/wp\/v2\/users\/4"}],"replies":[{"embeddable":true,"href":"https:\/\/www.radiopiu.net\/wordpress\/wp-json\/wp\/v2\/comments?post=354342"}],"version-history":[{"count":0,"href":"https:\/\/www.radiopiu.net\/wordpress\/wp-json\/wp\/v2\/posts\/354342\/revisions"}],"wp:featuredmedia":[{"embeddable":true,"href":"https:\/\/www.radiopiu.net\/wordpress\/wp-json\/wp\/v2\/media\/354345"}],"wp:attachment":[{"href":"https:\/\/www.radiopiu.net\/wordpress\/wp-json\/wp\/v2\/media?parent=354342"}],"wp:term":[{"taxonomy":"category","embeddable":true,"href":"https:\/\/www.radiopiu.net\/wordpress\/wp-json\/wp\/v2\/categories?post=354342"},{"taxonomy":"post_tag","embeddable":true,"href":"https:\/\/www.radiopiu.net\/wordpress\/wp-json\/wp\/v2\/tags?post=354342"}],"curies":[{"name":"wp","href":"https:\/\/api.w.org\/{rel}","templated":true}]}}