{"id":354385,"date":"2023-09-28T05:24:00","date_gmt":"2023-09-28T03:24:00","guid":{"rendered":"https:\/\/www.radiopiu.net\/wordpress\/?p=354385"},"modified":"2023-09-28T05:57:36","modified_gmt":"2023-09-28T03:57:36","slug":"regionale-203-agordina-secondo-semaforo-tra-la-stanga-e-il-mas-interdizione-totale-per-cinque-notti-ad-alleghe","status":"publish","type":"post","link":"https:\/\/www.radiopiu.net\/wordpress\/regionale-203-agordina-secondo-semaforo-tra-la-stanga-e-il-mas-interdizione-totale-per-cinque-notti-ad-alleghe\/","title":{"rendered":"REGIONALE 203 AGORDINA, SECONDO SEMAFORO TRA LA STANGA E IL MAS, interdizione totale per cinque notti ad Alleghe."},"content":{"rendered":"<blockquote>\n<h3><\/h3>\n<\/blockquote>\n<p><strong><a class=\"dt-pswp-item\" href=\"https:\/\/www.radiopiu.net\/wordpress\/wp-content\/uploads\/2023\/09\/photo_5782838156423445772_y.jpg\" data-dt-img-description=\"\" data-large_image_width=\"1280\" data-large_image_height=\"720\"><img loading=\"lazy\" decoding=\"async\" class=\"size-medium wp-image-353031 alignleft\" src=\"https:\/\/www.radiopiu.net\/wordpress\/wp-content\/uploads\/2023\/09\/photo_5782838156423445772_y-300x169.jpg\" alt=\"\" width=\"300\" height=\"169\" srcset=\"https:\/\/www.radiopiu.net\/wordpress\/wp-content\/uploads\/2023\/09\/photo_5782838156423445772_y-300x169.jpg 300w, https:\/\/www.radiopiu.net\/wordpress\/wp-content\/uploads\/2023\/09\/photo_5782838156423445772_y-1024x576.jpg 1024w, https:\/\/www.radiopiu.net\/wordpress\/wp-content\/uploads\/2023\/09\/photo_5782838156423445772_y-768x432.jpg 768w, https:\/\/www.radiopiu.net\/wordpress\/wp-content\/uploads\/2023\/09\/photo_5782838156423445772_y.jpg 1280w\" sizes=\"auto, (max-width: 300px) 100vw, 300px\" \/><\/a>SEDICO<\/strong>\u00a0 fino al 13 ottobre, compresi sabati e domeniche, senso unico in localit\u00e0 La Pissa lungo la regionale 203 agordina. \u00a0Dal 2 al 20 ottobre verr\u00e0 istituito il senso unico alternato tra le localit\u00e0 Peron e La Stanga in comune di Sedico. Il traffico sar\u00e0 regolato da impianto semaforico o movieri. Il senso unico alternato \u00e8 necessario per la posa di cavidotti.\u00a0 Dal 2 al 6 ottobre la SR 203 Agordina sar\u00e0 interessata da un&#8217;interdizione totale alla circolazione. Questo in comune di Alleghe dove dalle 20:30 alle 5:30 del giorno successivo la strada non sar\u00e0 percorribile in entrambi i sensi di marcia. La viabilit\u00e0 sar\u00e0 deviata su strada comunale per mezzi fino alle 7,5 tonnellate.<\/p>\n<div class=\"flex-1 overflow-hidden\">\n<div class=\"react-scroll-to-bottom--css-invud-79elbk h-full dark:bg-gray-800\">\n<div class=\"react-scroll-to-bottom--css-invud-1n7m0yu\">\n<div class=\"flex flex-col text-sm dark:bg-gray-800\">\n<div class=\"group w-full text-token-text-primary border-b border-black\/10 gizmo:border-0 dark:border-gray-900\/50 gizmo:dark:border-0 bg-gray-50 gizmo:bg-transparent dark:bg-[#444654] gizmo:dark:bg-transparent\" data-testid=\"conversation-turn-3\">\n<div class=\"p-4 justify-center text-base md:gap-6 md:py-6 m-auto\">\n<div class=\"flex flex-1 gap-4 text-base mx-auto md:gap-6 gizmo:gap-3 gizmo:md:px-5 gizmo:lg:px-1 gizmo:xl:px-5 md:max-w-2xl lg:max-w-[38rem] gizmo:md:max-w-3xl gizmo:lg:max-w-[40rem] gizmo:xl:max-w-[48rem] xl:max-w-3xl }\">\n<div class=\"relative flex w-[calc(100%-50px)] flex-col gap-1 gizmo:w-full md:gap-3 lg:w-[calc(100%-115px)] agent-turn\">\n<div class=\"flex flex-grow flex-col gap-3 max-w-full\">\n<div class=\"min-h-[20px] flex flex-col items-start gap-3 overflow-x-auto whitespace-pre-wrap break-words\">\n<div class=\"result-streaming markdown prose w-full break-words dark:prose-invert light\">\n<p>La strada regionale 203 Agordina \u00e8 di nuovo interessata da lavori e semafori, causando disagi ai pendolari e agli autotrasportatori. La Sirti ha programmato lavori per la posa di condutture per le telecomunicazioni a partire da luned\u00ec nella zona della Stanga, mentre il senso alternato \u00e8 ancora attivo nella zona della Pissa per la sicurezza del versante. Inoltre, ad Alleghe, ci saranno chiusure totali della circolazione durante la notte a partire da luned\u00ec, con deviazioni sulla viabilit\u00e0 comunale e senso alternato durante il giorno. Questo quadro di cantieri e deviazioni coinvolge anche altre strade secondarie, con sensi alternati e semafori in funzione. Ecco un riassunto dei principali cantieri: Da luned\u00ec fino al 20 ottobre, esclusi sabato e domenica, ci sar\u00e0 senso alternato con semafori o movieri lungo un tratto di cinque chilometri tra Peron e la Stanga, in Comune di Sedico, per la posa di cavidotti. Il senso alternato regolato da semaforo \u00e8 attivo nel tratto di 250 metri alla Pissa, dove si sta lavorando per la bonifica del versante roccioso, fino al 13 ottobre, compresi i weekend. Ad Alleghe, ci saranno cinque notti di chiusura totale della strada regionale Agordina in paese, con senso alternato di giorno. Questo divieto di circolazione sar\u00e0 in vigore dalle 20:30 alle 5:30 del giorno successivo per un tratto di 800 metri dopo Masar\u00e8 verso Alleghe. Lungo la SP 2 della Valle del Mis, c&#8217;\u00e8 senso alternato con semaforo o movieri in un tratto di oltre tre chilometri tra Pian Falcina e Gena Bassa, con interruzioni della durata massima di 10 minuti fino alle 18 di venerd\u00ec 6 ottobre. Sulla Sp 3 Valle Imperina a Gosaldo il senso unico alternato per la ristrutturazione di un edificio scatter\u00e0 luned\u00ec alle 8 e andr\u00e0 avanti fino alle 17 del 20 ottobre, compresi sabati e domeniche, in un tratto di cento metri a Forcella Franche. Sulla Sp 347 al passo Duran , in Comune di La Valle Agordina, il senso alternato con il semaforo \u00e8 in funzione fino al pomeriggio del 31 ottobre, ininterrottamente compresi sabati e domeniche<\/p>\n<\/div>\n<\/div>\n<\/div>\n<div class=\"flex justify-between empty:hidden lg:block\">\n<div class=\"text-xs flex items-center justify-center gap-1 self-center pt-2 !invisible\"><\/div>\n<\/div>\n<\/div>\n<\/div>\n<\/div>\n<\/div>\n<\/div>\n<\/div>\n<\/div>\n<\/div>\n","protected":false},"excerpt":{"rendered":"<p>SEDICO\u00a0 fino al 13 ottobre, compresi sabati e domeniche, senso unico in localit\u00e0 La Pissa lungo la regionale 203 agordina. \u00a0Dal 2 al 20 ottobre verr\u00e0 istituito il senso unico alternato tra le localit\u00e0 Peron e La Stanga in comune di Sedico. Il traffico sar\u00e0 regolato da impianto semaforico o movieri. Il senso unico alternato&hellip;<\/p>\n","protected":false},"author":4,"featured_media":354386,"comment_status":"closed","ping_status":"closed","sticky":false,"template":"","format":"standard","meta":{"_monsterinsights_skip_tracking":false,"_monsterinsights_sitenote_active":false,"_monsterinsights_sitenote_note":"","_monsterinsights_sitenote_category":0,"footnotes":""},"categories":[51,49],"tags":[],"class_list":["post-354385","post","type-post","status-publish","format-standard","has-post-thumbnail","hentry","category-evidenza-top","category-news-18","category-51","category-49","description-off"],"img_url":"https:\/\/www.radiopiu.net\/wordpress\/wp-content\/uploads\/2023\/09\/th-39.jpg","_links":{"self":[{"href":"https:\/\/www.radiopiu.net\/wordpress\/wp-json\/wp\/v2\/posts\/354385","targetHints":{"allow":["GET"]}}],"collection":[{"href":"https:\/\/www.radiopiu.net\/wordpress\/wp-json\/wp\/v2\/posts"}],"about":[{"href":"https:\/\/www.radiopiu.net\/wordpress\/wp-json\/wp\/v2\/types\/post"}],"author":[{"embeddable":true,"href":"https:\/\/www.radiopiu.net\/wordpress\/wp-json\/wp\/v2\/users\/4"}],"replies":[{"embeddable":true,"href":"https:\/\/www.radiopiu.net\/wordpress\/wp-json\/wp\/v2\/comments?post=354385"}],"version-history":[{"count":0,"href":"https:\/\/www.radiopiu.net\/wordpress\/wp-json\/wp\/v2\/posts\/354385\/revisions"}],"wp:featuredmedia":[{"embeddable":true,"href":"https:\/\/www.radiopiu.net\/wordpress\/wp-json\/wp\/v2\/media\/354386"}],"wp:attachment":[{"href":"https:\/\/www.radiopiu.net\/wordpress\/wp-json\/wp\/v2\/media?parent=354385"}],"wp:term":[{"taxonomy":"category","embeddable":true,"href":"https:\/\/www.radiopiu.net\/wordpress\/wp-json\/wp\/v2\/categories?post=354385"},{"taxonomy":"post_tag","embeddable":true,"href":"https:\/\/www.radiopiu.net\/wordpress\/wp-json\/wp\/v2\/tags?post=354385"}],"curies":[{"name":"wp","href":"https:\/\/api.w.org\/{rel}","templated":true}]}}