{"id":354458,"date":"2023-09-29T05:19:35","date_gmt":"2023-09-29T03:19:35","guid":{"rendered":"https:\/\/www.radiopiu.net\/wordpress\/?p=354458"},"modified":"2023-09-29T05:34:05","modified_gmt":"2023-09-29T03:34:05","slug":"arresto-a-belluno-uomo-ucraino-con-documenti-falsi","status":"publish","type":"post","link":"https:\/\/www.radiopiu.net\/wordpress\/arresto-a-belluno-uomo-ucraino-con-documenti-falsi\/","title":{"rendered":"ARRESTO A BELLUNO: UOMO UCRAINO CON DOCUMENTI FALSI E GUIDA IN STATO DI EBBREZZA"},"content":{"rendered":"<p><strong><a class=\"dt-pswp-item\" href=\"https:\/\/www.radiopiu.net\/wordpress\/wp-content\/uploads\/2018\/09\/POLIZIA-2.jpg\" data-dt-img-description=\"\" data-large_image_width=\"768\" data-large_image_height=\"512\"><img loading=\"lazy\" decoding=\"async\" class=\" wp-image-60259 alignleft\" src=\"https:\/\/www.radiopiu.net\/wordpress\/wp-content\/uploads\/2018\/09\/POLIZIA-2-300x200.jpg\" alt=\"\" width=\"185\" height=\"123\" srcset=\"https:\/\/www.radiopiu.net\/wordpress\/wp-content\/uploads\/2018\/09\/POLIZIA-2-300x200.jpg 300w, https:\/\/www.radiopiu.net\/wordpress\/wp-content\/uploads\/2018\/09\/POLIZIA-2.jpg 768w\" sizes=\"auto, (max-width: 185px) 100vw, 185px\" \/><\/a>BELLUNO<\/strong> Venerd\u00ec scorso, la Polizia di Belluno ha effettuato un controllo su un veicolo sospetto con all&#8217;interno due occupanti. Il conducente, cittadino ucraino, presentava una patente di guida rumena falsificata, con dati anagrafici non corrispondenti alla sua identit\u00e0 reale. Inoltre, aveva con s\u00e9 una carta d&#8217;identit\u00e0, rumena anch&#8217;essa, falsa. Entrambi i documenti sono stati sequestrati, e l&#8217;uomo \u00e8 stato arrestato e messo a disposizione dell&#8217;Autorit\u00e0 Giudiziaria. Inoltre, \u00e8 stato accertato che aveva guidato in stato di ebbrezza, confermato da un test alcolimetrico.<\/p>\n<p>&nbsp;<\/p>\n<p>&nbsp;<\/p>\n<p>******<\/p>\n","protected":false},"excerpt":{"rendered":"<p>BELLUNO Venerd\u00ec scorso, la Polizia di Belluno ha effettuato un controllo su un veicolo sospetto con all&#8217;interno due occupanti. Il conducente, cittadino ucraino, presentava una patente di guida rumena falsificata, con dati anagrafici non corrispondenti alla sua identit\u00e0 reale. Inoltre, aveva con s\u00e9 una carta d&#8217;identit\u00e0, rumena anch&#8217;essa, falsa. Entrambi i documenti sono stati sequestrati,&hellip;<\/p>\n","protected":false},"author":4,"featured_media":60259,"comment_status":"closed","ping_status":"closed","sticky":false,"template":"","format":"standard","meta":{"_monsterinsights_skip_tracking":false,"_monsterinsights_sitenote_active":false,"_monsterinsights_sitenote_note":"","_monsterinsights_sitenote_category":0,"footnotes":""},"categories":[104,49],"tags":[],"class_list":["post-354458","post","type-post","status-publish","format-standard","has-post-thumbnail","hentry","category-evidenza_3","category-news-18","category-104","category-49","description-off"],"img_url":"https:\/\/www.radiopiu.net\/wordpress\/wp-content\/uploads\/2018\/09\/POLIZIA-2.jpg","_links":{"self":[{"href":"https:\/\/www.radiopiu.net\/wordpress\/wp-json\/wp\/v2\/posts\/354458","targetHints":{"allow":["GET"]}}],"collection":[{"href":"https:\/\/www.radiopiu.net\/wordpress\/wp-json\/wp\/v2\/posts"}],"about":[{"href":"https:\/\/www.radiopiu.net\/wordpress\/wp-json\/wp\/v2\/types\/post"}],"author":[{"embeddable":true,"href":"https:\/\/www.radiopiu.net\/wordpress\/wp-json\/wp\/v2\/users\/4"}],"replies":[{"embeddable":true,"href":"https:\/\/www.radiopiu.net\/wordpress\/wp-json\/wp\/v2\/comments?post=354458"}],"version-history":[{"count":0,"href":"https:\/\/www.radiopiu.net\/wordpress\/wp-json\/wp\/v2\/posts\/354458\/revisions"}],"wp:featuredmedia":[{"embeddable":true,"href":"https:\/\/www.radiopiu.net\/wordpress\/wp-json\/wp\/v2\/media\/60259"}],"wp:attachment":[{"href":"https:\/\/www.radiopiu.net\/wordpress\/wp-json\/wp\/v2\/media?parent=354458"}],"wp:term":[{"taxonomy":"category","embeddable":true,"href":"https:\/\/www.radiopiu.net\/wordpress\/wp-json\/wp\/v2\/categories?post=354458"},{"taxonomy":"post_tag","embeddable":true,"href":"https:\/\/www.radiopiu.net\/wordpress\/wp-json\/wp\/v2\/tags?post=354458"}],"curies":[{"name":"wp","href":"https:\/\/api.w.org\/{rel}","templated":true}]}}