{"id":354585,"date":"2023-09-29T07:51:36","date_gmt":"2023-09-29T05:51:36","guid":{"rendered":"https:\/\/www.radiopiu.net\/wordpress\/?p=354585"},"modified":"2023-09-29T08:00:27","modified_gmt":"2023-09-29T06:00:27","slug":"dal-1983-la-rassegna-stampa-ascolta-le-anticipazioni-nella-rassegna-stampa-flash-dal-lunedi-al-sabato-alle-sette-del-mattino","status":"publish","type":"post","link":"https:\/\/www.radiopiu.net\/wordpress\/dal-1983-la-rassegna-stampa-ascolta-le-anticipazioni-nella-rassegna-stampa-flash-dal-lunedi-al-sabato-alle-sette-del-mattino\/","title":{"rendered":"DAL 1983 LA RASSEGNA STAMPA, ascolta le anticipazioni nella rassegna stampa flash, dal lunedi al sabato alle SETTE DEL MATTINO"},"content":{"rendered":"<p>&nbsp;<\/p>\n<p><iframe loading=\"lazy\" title=\"RASSEGNA STAMPA LOCALE  e ogni giorno allle sette del mattino la rassegna flash..\" width=\"1200\" height=\"675\" src=\"https:\/\/www.youtube.com\/embed\/_XwM8huB3CU?feature=oembed\" frameborder=\"0\" allow=\"accelerometer; autoplay; clipboard-write; encrypted-media; gyroscope; picture-in-picture; web-share\" allowfullscreen><\/iframe><\/p>\n<p>&nbsp;<\/p>\n<p>LIVINALLONGO OSCAR NAGLER \u201cMI CANDIDO MA NON ASCOLTATE LE VELENOSE VOCI DI PAESE\u201d. oggi alle 13.10 su radiopiu FODOM 88.400-97800-91700<br \/>\nDOLOMITI BUS\u2026 basta la parola<br \/>\nLE FORBICI DI DOLOMITIBUS: Anche oggi Dolomitibus si fa notare nella pagina dei \u201cdisservizi\u201d a spese degli altri, quelli costretti agli aumenti a fronte di un servizio che lascia sempre pi\u00f9 a desiderare. Poveri bellunesi, abbandonati al loro destino, da tutti. Oggi i dirigenti Dolomitibus hanno scelto e deciso le vittime del venerdi: gli studenti soprattutto nell\u2019Agordino.<br \/>\nSR 203 AGORDINA: REVOCATO IL SENSO UNICO ALTERNATO IN LOCALITA\u2019 LA PISSA<br \/>\nMA&#8230;Dal 2 al 20 ottobre verr\u00e0 istituito il senso unico alternato tra le localit\u00e0 Peron e La Stanga. Il traffico sar\u00e0 regolato da impianto semaforico o movieri. Il senso unico alternato \u00e8 necessario per la posa di cavidotti.<br \/>\nBELLUNO La sera del 20 settembre scorso, la Polizia \u00e8 intervenuta a Belluno in seguito a una segnalazione riguardante un uomo confuso armato di coltello. Gli agenti hanno confiscato il coltello e accompagnato l\u2019uomo in Questura per controlli. Tuttavia, una volta in Questura, l\u2019uomo ha estratto un secondo coltello minacciando di ferirsi.<br \/>\nBELLUNO Venerd\u00ec scorso, la Polizia di Belluno ha effettuato un controllo su un veicolo sospetto con all\u2019interno due occupanti. Il conducente, cittadino ucraino, presentava una patente di guida rumena falsificata, con dati anagrafici non corrispondenti alla sua identit\u00e0 reale. Inoltre, aveva con s\u00e9 una carta d\u2019identit\u00e0, rumena anch\u2019essa, falsa. Entrambi i documenti sono stati sequestrati, e l\u2019uomo \u00e8 stato arrestato e messo a disposizione dell\u2019Autorit\u00e0 Giudiziaria.<br \/>\nAGORDO Una donna \u00e8 stata investita ieri sera alle 18.45 sulla strada tra Luxottica e i Vigili del Fuoco di Brugnach, i pompieri sono stati i primi a scendere in strada e soccorrere la persona investita poi portata al Pronto Soccorso del Papa Luciani dall\u2019ambulanza del Pronto Soccorso per accertamenti. Rilievi dei Carabinieri di Falcade.<br \/>\nAGORDO \u00c8 stato inaugurato ieri un altro importante intervento per la sicurezza idraulica del territorio di Agordo, e che ha anche riguardato Taibon Agordino, a protezione della viabilit\u00e0 di accesso agli insediamenti produttivi di Luxottica e alle abitazioni in sponda destra e sinistra del torrente Bisioliga oltre che della viabilit\u00e0 inerente la Strada regionale.<br \/>\nFELTRE Il sindaco di Feltre, Viviana Fusaro, ha accolto gli abitanti della palazzina colpita dall\u2019esplosione avvenuta lo scorso aprile a Farra con queste parole: \u201cL\u2019Amministrazione non vi dimentica e far\u00e0 quanto \u00e8 possibile per accompagnarvi nel percorso di rientro, che tutti ci auguriamo il pi\u00f9 breve possibile, nelle vostre abitazioni\u201d.<\/p>\n<p>VENEZIASono state consegnate alla Regione Veneto le prime 37.480 dosi di vaccino anti Covid e altrettante arriveranno la prossima settimana. Lo rende noto la Direzione Regionale Prevenzione.<br \/>\nbelluno PONTE DELLA VENEGGIA MANCANO LE MATERIE PRIME, NUOVO RINVIO<br \/>\nPIU\u2019 PARCHEGGI A VALLADA, CANTIERE APERTO<br \/>\nBELLUNO Rinnovato anche per l\u2019anno 2023\/2024 il fondo Dote Sport che assicura a bambini e ragazzi il diritto all\u2019attivit\u00e0 sportiva. Il contributo, approvato oggi in sede di giunta, sar\u00e0 reso disponibile nelle prossime settimane previa partecipazione al bando che sar\u00e0 pubblicato nella sezione \u201cBandi e avvisi\u201d del sito istituzionale del Comune di Belluno.<br \/>\nBELLUNO Cinema, sport, libri, scienza, arte: torna a Belluno dal 6 al 15 ottobre Oltre le Vette. La rassegna sar\u00e0 anche l\u2019occasione per chiuder\u00e0 i festeggiamenti per i 30 anni del Parco Nazionale delle Dolomiti Bellunesi.<br \/>\nGLI \u201cAMICI DEL CASEL DI VILLABRUNA\u201d AFFIANCHERANNO LA POLIZIA LOCALE DI FELTRE PER GARANTIRE L\u2019ACCESSO IN SICUREZZA AGLI ALUNNI DELLA SCUOLA PRIMARIA<br \/>\nBORGO VALBELLUNA E\u2019 stato appaltato nelle scorse settimane l\u2019acquisto di nuove attrezzatura ludiche per i parchi gioco del Comune di Borgo Valbelluna per un importo di 82.000\u20ac. Saranno 7 i parchi interessati dal rinnovo<br \/>\nAGORDO Lunedi alle 20 consiglio convocato dal Presidente Paolo Frena. All\u2019ordine del giorno: aggiornamento strade silvo pastorali; bilancio 2022, presentazione del Dup e comunicazioni del Presidente.<br \/>\nFALCADE Il sindaco di Falcade Mauro Salvaterra ha convocato il consiglio comunale per marted\u00ec alle 20. Sono 6 i punti da discutere tra cui una variazione a bilancio, due istanze per mutamento di destinazione di terreni, l\u2019approvazione del regolamento per la disciplina del volontariato civico individuale e il regolamento della biblioteca comunale.<\/p>\n<p>BORGHI DI VITA TRA LETTURE E STORIA PER NON DIMENTICARE Due appuntamenti importanti a Borgo Piave, per tutti oggi con la lettura e domani con l&#8217;inaugurazione della targa per Callunga.<br \/>\nLONGARONE Domani alle 20:30 al Centro Culturale &#8220;F. Parri&#8221; di Longarone si terr\u00e0 la presentazione dell&#8217;ultimo libro di Mirko Bortoluzzi &#8220;Avventure di una persona disabilmente normale.<br \/>\nCOLLE SANTA LUCIA Domani alle 20:30 nella Chiesa di Santa Fosca appuntamento con il Conzert D\u2019Auton con l\u2019ensamble MusiCol<br \/>\nFALCADE Domani in Sala Consigliare di Falcade appuntamento con L&#8217;estate delle biblioteche. Sar\u00e0 presentata la tesi di laurea di Eleonora Pescosta.<br \/>\nAGORDO DA VENERDI: SERE D&#8217;AUTUNNO, SERATE DI INCONTRI, DIBATTITI, IMMAGINI FILMATI E MULTIVISIONI. AD AGORDO TUTTI I VENERDI DI OTTOBRE, IN SALA DON TAMIS ALLE 20.45, INGRESSO LIBERO. PRESENTA GIANPAOLO SORATROI.<br \/>\nMINIVOLLEY AD AGORDO: con il volley agordino, il martedi e giovedi dalle 18 alle 19.30 nella palestra delle scuole elementari di Taibon. Info 348 6710890<br \/>\nNEL FINE SETTIMANA RITORNA &#8220;SE DESMONTEGHEA&#8221;. LO SPECIALE sul sito di radiopiu<br \/>\nHOCKEY SU GHIACCIO LE CIVETTE TORNANO DA PERGINE A MANI VUOTE. LE LINCI SUPERANO DI MISURA L&#8217;ALLEGHE PERGINE 3 ALLEGHE 2 Prima sconfitta in campionato per l\u2019Alleghe. Una vera beffa quella che si \u00e8 consumata alla Sapiens Arena di Pergine. I padroni di casa passano in vantaggio per due volte ma gli agordini riescono a pareggiare i conti nella terza frazione. Un errore difensivo costa caro alle civette che a pochi miunti dal termine trovano la rete della vittoria<br \/>\nAUTOMOBILISMO DA CIVIDALE DENIS MEZZACASA GUARDA AL DOMANI<br \/>\nFINE SETTIMANA DAL FINALE INCANDECESCENTE, FILIPPO FANT AL MUGELLO<br \/>\nCALCIO IL PIAVE VINCE E PASSA IL TURNO IN COPPA DOLOMITI<br \/>\nDOMANI IL 40\u00b0 \u201cTROFEO CITTA\u2019 DI BELLUNO \u2013 MEMORIAL PAOLO ZAMPIERI\u201d E TROFEO CITTA\u2019 DI LONGARONE<br \/>\nBELLUNO Belluno domenica 1 ottobre sar\u00e0 invasa da una folla festante di giovani rugbisti e rugbiste. Sui campi di via Safforze torna come da tradizione il \u201c6\u00b0 Memorial Tano De Bona\u201d, \u00a0il giovane giocatore del Rugby Belluno scomparso per malattia nel 2008 a soli 26 anni<\/p>\n<p>&nbsp;<\/p>\n<p>&nbsp;<\/p>\n<p>&nbsp;<\/p>\n<p>&nbsp;<\/p>\n","protected":false},"excerpt":{"rendered":"<p>&nbsp; &nbsp; LIVINALLONGO OSCAR NAGLER \u201cMI CANDIDO MA NON ASCOLTATE LE VELENOSE VOCI DI PAESE\u201d. oggi alle 13.10 su radiopiu FODOM 88.400-97800-91700 DOLOMITI BUS\u2026 basta la parola LE FORBICI DI DOLOMITIBUS: Anche oggi Dolomitibus si fa notare nella pagina dei \u201cdisservizi\u201d a spese degli altri, quelli costretti agli aumenti a fronte di un servizio che&hellip;<\/p>\n","protected":false},"author":4,"featured_media":354586,"comment_status":"closed","ping_status":"closed","sticky":false,"template":"","format":"standard","meta":{"_monsterinsights_skip_tracking":false,"_monsterinsights_sitenote_active":false,"_monsterinsights_sitenote_note":"","_monsterinsights_sitenote_category":0,"footnotes":""},"categories":[104,49,142],"tags":[],"class_list":["post-354585","post","type-post","status-publish","format-standard","has-post-thumbnail","hentry","category-evidenza_3","category-news-18","category-rassegna-stampa","category-104","category-49","category-142","description-off"],"img_url":"https:\/\/www.radiopiu.net\/wordpress\/wp-content\/uploads\/2023\/09\/COPER-2.png","_links":{"self":[{"href":"https:\/\/www.radiopiu.net\/wordpress\/wp-json\/wp\/v2\/posts\/354585","targetHints":{"allow":["GET"]}}],"collection":[{"href":"https:\/\/www.radiopiu.net\/wordpress\/wp-json\/wp\/v2\/posts"}],"about":[{"href":"https:\/\/www.radiopiu.net\/wordpress\/wp-json\/wp\/v2\/types\/post"}],"author":[{"embeddable":true,"href":"https:\/\/www.radiopiu.net\/wordpress\/wp-json\/wp\/v2\/users\/4"}],"replies":[{"embeddable":true,"href":"https:\/\/www.radiopiu.net\/wordpress\/wp-json\/wp\/v2\/comments?post=354585"}],"version-history":[{"count":0,"href":"https:\/\/www.radiopiu.net\/wordpress\/wp-json\/wp\/v2\/posts\/354585\/revisions"}],"wp:featuredmedia":[{"embeddable":true,"href":"https:\/\/www.radiopiu.net\/wordpress\/wp-json\/wp\/v2\/media\/354586"}],"wp:attachment":[{"href":"https:\/\/www.radiopiu.net\/wordpress\/wp-json\/wp\/v2\/media?parent=354585"}],"wp:term":[{"taxonomy":"category","embeddable":true,"href":"https:\/\/www.radiopiu.net\/wordpress\/wp-json\/wp\/v2\/categories?post=354585"},{"taxonomy":"post_tag","embeddable":true,"href":"https:\/\/www.radiopiu.net\/wordpress\/wp-json\/wp\/v2\/tags?post=354585"}],"curies":[{"name":"wp","href":"https:\/\/api.w.org\/{rel}","templated":true}]}}