{"id":354590,"date":"2023-09-30T05:42:02","date_gmt":"2023-09-30T03:42:02","guid":{"rendered":"https:\/\/www.radiopiu.net\/wordpress\/?p=354590"},"modified":"2023-09-30T17:44:22","modified_gmt":"2023-09-30T15:44:22","slug":"giornale-radiopiu-30-settembre-2023-direttore-mirko-mezzacasada-40-anni-25-giugno-1983-25-giugno-2023","status":"publish","type":"post","link":"https:\/\/www.radiopiu.net\/wordpress\/giornale-radiopiu-30-settembre-2023-direttore-mirko-mezzacasada-40-anni-25-giugno-1983-25-giugno-2023\/","title":{"rendered":"GIORNALE RADIOPIU 30 SETTEMBRE 2023 DIRETTORE MIRKO MEZZACASA\u2026DA 40 ANNI 25 GIUGNO 1983-25 GIUGNO 2023"},"content":{"rendered":"<h1 class=\"entry-title\"><a class=\"dt-pswp-item\" href=\"https:\/\/www.radiopiu.net\/wordpress\/wp-content\/uploads\/2021\/10\/incidente-cervo-1223039.610x431.jpg\" data-dt-img-description=\"\" data-large_image_width=\"610\" data-large_image_height=\"431\"><img loading=\"lazy\" decoding=\"async\" class=\"wp-image-240078 alignleft\" src=\"https:\/\/www.radiopiu.net\/wordpress\/wp-content\/uploads\/2021\/10\/incidente-cervo-1223039.610x431-300x212.jpg\" alt=\"\" width=\"197\" height=\"139\" srcset=\"https:\/\/www.radiopiu.net\/wordpress\/wp-content\/uploads\/2021\/10\/incidente-cervo-1223039.610x431-300x212.jpg 300w, https:\/\/www.radiopiu.net\/wordpress\/wp-content\/uploads\/2021\/10\/incidente-cervo-1223039.610x431.jpg 610w\" sizes=\"auto, (max-width: 197px) 100vw, 197px\" \/><\/a><\/h1>\n<p><strong>Si ricomincia&#8230; cervo investito auto danneggiata. Ieri sera alle 22 a Mas di Vallada, regionale 346 del San Pellegrino. Sul posto di Carabinieri.<\/strong><\/p>\n<blockquote><p><em>foto archivio.\u00a0<\/em><\/p>\n<p>&nbsp;<\/p>\n<p>&nbsp;<\/p><\/blockquote>\n<hr \/>\n<p><strong>\u00a0\u00a0<\/strong><\/p>\n<blockquote>\n<div class=\"page-title-head hgroup\">\n<h1 class=\"entry-title\">DOLOMITIBUS: IMBARAZZANTE. NECESSARIE AZIONI DECISIVE E URGENTI PRIMA CHE SCOPPI LA PROTESTA DI PIAZZA<\/h1>\n<\/div>\n<\/blockquote>\n<p>di mirko mezzacasa<\/p>\n<div class=\"flex-1 overflow-hidden\">\n<div class=\"react-scroll-to-bottom--css-zxptx-79elbk h-full dark:bg-gray-800\">\n<div class=\"react-scroll-to-bottom--css-zxptx-1n7m0yu\">\n<div class=\"flex flex-col text-sm dark:bg-gray-800\">\n<div class=\"group w-full text-token-text-primary border-b border-black\/10 gizmo:border-0 dark:border-gray-900\/50 gizmo:dark:border-0 bg-gray-50 gizmo:bg-transparent dark:bg-[#444654] gizmo:dark:bg-transparent\" data-testid=\"conversation-turn-7\">\n<div class=\"p-4 justify-center text-base md:gap-6 md:py-6 m-auto\">\n<div class=\"flex flex-1 gap-4 text-base mx-auto md:gap-6 gizmo:gap-3 gizmo:md:px-5 gizmo:lg:px-1 gizmo:xl:px-5 md:max-w-2xl lg:max-w-[38rem] gizmo:md:max-w-3xl gizmo:lg:max-w-[40rem] gizmo:xl:max-w-[48rem] xl:max-w-3xl }\">\n<div class=\"relative flex w-[calc(100%-50px)] flex-col gap-1 gizmo:w-full md:gap-3 lg:w-[calc(100%-115px)] agent-turn\">\n<div class=\"flex flex-grow flex-col gap-3 max-w-full\">\n<div class=\"min-h-[20px] flex flex-col items-start gap-3 overflow-x-auto whitespace-pre-wrap break-words\">\n<div class=\"markdown prose w-full break-words dark:prose-invert light\">\n<p><img loading=\"lazy\" decoding=\"async\" class=\"alignleft\" src=\"https:\/\/www.radiopiu.net\/wordpress\/wp-content\/uploads\/2021\/10\/a5792cee-db5f-4f4a-afa5-a85dadab0967.jpg\" width=\"270\" height=\"152\" \/>In una serie imbarazzante di eventi, ben 111 corse dei trasporti pubblici forniti da Dolomitibus sono state tagliate. Finalmente, i sindaci si sono accorti di questa situazione, e alcuni di loro hanno iniziato a esprimere la loro insoddisfazione, anche se finora le reazioni sembrano essere state pi\u00f9 di facciata che il risultato di un impegno concreto. \u00c8 importante notare che questa situazione coinvolge anche quei sindaci che sono stati nominati dai loro colleghi consiglieri provinciali, il che rende ancora pi\u00f9 urgente una presa di posizione unificata a favore dei cittadini. \u00c8 giunto il momento che gli amministratori locali si uniscano per difendere coloro che li hanno eletti e che subiscono quotidianamente i disagi causati dai servizi scadenti di un&#8217;azienda che sembra agire in modo arbitrario. I cittadini hanno protestato a lungo, ma le loro voci sono rimaste inascoltate, mentre continuano a subire aumenti di tariffa e servizi di bassa qualit\u00e0. Quello che un tempo era motivo di orgoglio per la comunit\u00e0 bellunese, ovvero Dolomitibus, sembra ora dirigere verso un naufragio inevitabile. Eppure, nonostante tutti questi disagi e la vergogna di un servizio sempre pi\u00f9 imbarazzante, non abbiamo ancora assistito a nessuna lettera di dimissioni da parte dei responsabili, nonostante i loro stipendi invidiabili. In questo clima di crescente frustrazione e insoddisfazione, non \u00e8 escluso che un giorno i cittadini di Belluno possano organizzarsi per protestare direttamente davanti agli uffici di Dolomitibus, esprimendo tutta la loro rabbia accumulata nel tempo e chiedendo spiegazioni e risarcimenti dai responsabili. \u00c8 giunto il momento che l&#8217;azienda prenda sul serio le preoccupazioni dei suoi utenti e agisca di conseguenza per ripristinare la fiducia e la qualit\u00e0 dei servizi offerti. La comunit\u00e0 di Belluno merita un servizio di trasporto pubblico efficiente e affidabile, e \u00e8 responsabilit\u00e0 delle autorit\u00e0 locali e dei dirigenti di Dolomitibus lavorare insieme per garantire che questo diventi una realt\u00e0<\/p>\n<p>&nbsp;<\/p>\n<hr \/>\n<blockquote>\n<h3><\/h3>\n<h3>FLESSIBILITA&#8217; LUXOTTICA AGORDO: SALTANO ALCUNE CORSE DOLOMITIBUS<\/h3>\n<\/blockquote>\n<p><strong><a class=\"dt-pswp-item\" href=\"https:\/\/www.radiopiu.net\/wordpress\/wp-content\/uploads\/2022\/06\/LUXOTTICA-1-scaled.jpg\" data-dt-img-description=\"\" data-large_image_width=\"2560\" data-large_image_height=\"1920\"><img loading=\"lazy\" decoding=\"async\" class=\" wp-image-284022 alignleft\" src=\"https:\/\/www.radiopiu.net\/wordpress\/wp-content\/uploads\/2022\/06\/LUXOTTICA-1-300x225.jpg\" alt=\"\" width=\"161\" height=\"121\" srcset=\"https:\/\/www.radiopiu.net\/wordpress\/wp-content\/uploads\/2022\/06\/LUXOTTICA-1-300x225.jpg 300w, https:\/\/www.radiopiu.net\/wordpress\/wp-content\/uploads\/2022\/06\/LUXOTTICA-1-1024x768.jpg 1024w, https:\/\/www.radiopiu.net\/wordpress\/wp-content\/uploads\/2022\/06\/LUXOTTICA-1-768x576.jpg 768w, https:\/\/www.radiopiu.net\/wordpress\/wp-content\/uploads\/2022\/06\/LUXOTTICA-1-1536x1152.jpg 1536w, https:\/\/www.radiopiu.net\/wordpress\/wp-content\/uploads\/2022\/06\/LUXOTTICA-1-2048x1536.jpg 2048w\" sizes=\"auto, (max-width: 161px) 100vw, 161px\" \/><\/a>AGORDO<\/strong> Oggi lo stabilimento Luxottica di Agordo sar\u00e0 al lavoro per la flessibilit\u00e0 prevista gi\u00e0 da un mese. Intanto dai lavoratori arrivano notizie che alcune tratte dei mezzi pubblici non saranno assicurate.<\/p>\n<p><em>Purtroppo questo sabato non saranno disponibili le corriere su alcune tratte e per alcuni orari di lavoro, nonostante (ci dicono) la societ\u00e0 di trasporto abbia chiesto il supporto anche ad altri vettori. La motivazione \u00e8 la carenza di autisti disponibili, situazione ben nota in quanto argomento trattato quotidianamente sui media locali (a volte con interventi pi\u00f9 polemici che utili). Resta il fatto che nella nostra provincia la situazione \u00e8 pi\u00f9 critica che in altre parti ma la carenza di autisti non \u00e8 un problema solo bellunese, basta una veloce ricerca sul web per trovare decine di articoli che riportano problematiche del genere un po&#8217; in tutta Italia, viene quindi da pensare che la risoluzione dei problemi non sar\u00e0 cos\u00ec facile e immediata. In queste settimane il disagio principale per i lavoratori di Agordo \u00e8 stato la mancanza del servizio navetta con ovvie\u00a0 conseguenze sui parcheggi. Il resto dei servizi di trasporto lavoratori per lo stabilimento \u00e8 rimasto abbastanza regolare a parte occasionali inconvenienti sui quali la commissione trasporti si \u00e8 ogni volta attivata. <\/em><br \/>\n<em>La carenza di trasporto nei sabati di flessibilit\u00e0 sar\u00e0 ovviamente oggetto di valutazioni tra RSU e azienda.<\/em><\/p>\n<p><em>Emilio Bez <\/em><br \/>\n<em>Coordinatore Uiltec<\/em><\/p>\n<p>&nbsp;<\/p>\n<p>&nbsp;<\/p>\n<p>&nbsp;<\/p>\n<\/div>\n<\/div>\n<\/div>\n<\/div>\n<\/div>\n<\/div>\n<\/div>\n<\/div>\n<\/div>\n<\/div>\n<\/div>\n<hr \/>\n<p>&nbsp;<\/p>\n<blockquote>\n<h3>SR 203 AGORDINA: REVOCATO IL SENSO UNICO ALTERNATO IN LOCALITA&#8217; LA PISSA<\/h3>\n<\/blockquote>\n<p><strong>SEDICO<\/strong> Veneto Strade comunica che a partire da giovedi sera alle 20 \u00e8 stata revocata l&#8217;ordinanza che interessava la SR 203 Agordina in localit\u00e0 La Pissa. La strada sar\u00e0 percorribile senza senso unico alternato regolato da semaforo.<\/p>\n<p><strong>SEDICO<\/strong> Dal 2 al 20 ottobre<span style=\"color: #ff0000;\">, esclusi sabati e domeniche<\/span>, verr\u00e0 istituito il senso unico alternato tra le localit\u00e0 Peron e La Stanga. Il traffico sar\u00e0 regolato da impianto semaforico o movieri. Il senso unico alternato \u00e8 necessario per la posa di cavidotti.<\/p>\n<p><strong>ALLEGHE <\/strong>Dal 2 al 6 ottobre la SR 203 Agordina sar\u00e0 interessata da un&#8217;interdizione totale alla circolazione, in centro al paesedalle 20:30 alle 5:30 del giorno successivo la strada non sar\u00e0 percorribile in entrambi i sensi di marcia. La viabilit\u00e0 sar\u00e0 deviata su strada comunale per mezzi fino alle 7,5 tonnellate.<\/p>\n<div class=\"flex-1 overflow-hidden\">\n<div class=\"react-scroll-to-bottom--css-invud-79elbk h-full dark:bg-gray-800\">\n<div class=\"react-scroll-to-bottom--css-invud-1n7m0yu\">\n<div class=\"flex flex-col text-sm dark:bg-gray-800\">\n<div class=\"group w-full text-token-text-primary border-b border-black\/10 gizmo:border-0 dark:border-gray-900\/50 gizmo:dark:border-0 bg-gray-50 gizmo:bg-transparent dark:bg-[#444654] gizmo:dark:bg-transparent\" data-testid=\"conversation-turn-3\">\n<div class=\"p-4 justify-center text-base md:gap-6 md:py-6 m-auto\">\n<div class=\"flex flex-1 gap-4 text-base mx-auto md:gap-6 gizmo:gap-3 gizmo:md:px-5 gizmo:lg:px-1 gizmo:xl:px-5 md:max-w-2xl lg:max-w-[38rem] gizmo:md:max-w-3xl gizmo:lg:max-w-[40rem] gizmo:xl:max-w-[48rem] xl:max-w-3xl }\">\n<div class=\"relative flex w-[calc(100%-50px)] flex-col gap-1 gizmo:w-full md:gap-3 lg:w-[calc(100%-115px)] agent-turn\">\n<div class=\"flex flex-grow flex-col gap-3 max-w-full\">\n<div class=\"min-h-[20px] flex flex-col items-start gap-3 overflow-x-auto whitespace-pre-wrap break-words\">\n<div class=\"result-streaming markdown prose w-full break-words dark:prose-invert light\">\n<div class=\"articlePlainSubHead\"><strong>SANTA GIUSTINA<\/strong> Cavalcaferrovia chiuso e traffico deviato sulla viabilit\u00e0 interna a Formegan di Santa Giustina<\/div>\n<div><\/div>\n<\/div>\n<\/div>\n<\/div>\n<div class=\"flex justify-between empty:hidden lg:block\">\n<div class=\"text-xs flex items-center justify-center gap-1 self-center pt-2 !invisible\"><strong>OSPITALE<\/strong> LIMITAZIONI TEMPORANEE NOTTURNE LUNGO LA SS51 \u201cDI ALEMAGNA\u201d\u00a0 <em><strong>dalle 22 alle 6<\/strong><\/em><\/div>\n<\/div>\n<\/div>\n<\/div>\n<\/div>\n<\/div>\n<\/div>\n<\/div>\n<\/div>\n<\/div>\n<p><strong>GALLERIA DEL COMELICO<\/strong>, Interruzioni totali al trafffico durante la notte da lunedi e fino al 21 ottobre<\/p>\n<p>&nbsp;<\/p>\n<blockquote>\n<h3>DAL 2 OTTOBRE DA ALLEGHE PER L&#8217;ALTO AGORDINO IN RIVA AL LAGO<\/h3>\n<\/blockquote>\n<p><strong><img loading=\"lazy\" decoding=\"async\" class=\"alignleft\" src=\"https:\/\/www.radiopiu.net\/wordpress\/wp-content\/uploads\/2023\/09\/download.jpg\" width=\"212\" height=\"121\" \/>ALLEGHE<\/strong> Da lunedi mattina chiude la regionale 203 agordina tra il Municipio e l&#8217;Hotel Dolomiti, dunque lungo la discesa che porta verso Caprile. Interdizione totale nel corso della notte, dalle 20.30 alle 5.30, in questa fascia oraria i mezzi leggeri (fino a 7,5 tonnellate) potranno transitare in riva al lago sulla viabilit\u00e0 comunale. Durante il giorno, il cantiere non si ferma, il transito di tutti i veicoli sar\u00e0 regolato da semaforo o movieri. Divieto di sosta su tutta Via Lungolago<\/p>\n<p><em>Senso unico alternato regolato da semaforo in Via Lungolago dall&#8217;incrocio con Via Monte Pape all&#8217;incrocio con S.R. 203 lato sud; Senso unico con transito a salire in Via Monte Pape; Senso unico con transito a scendere in Via Europa; Interdizione al traffico veicolare per i mezzi superiori alle 7.5 T per l&#8217;intera lunghezza di Via Lungolago.\u00a0\u00a0<\/em><\/p>\n<p>&nbsp;<\/p>\n<p>&nbsp;<\/p>\n<hr \/>\n<p>&nbsp;<\/p>\n<p><img loading=\"lazy\" decoding=\"async\" class=\"alignleft\" src=\"https:\/\/www.radiopiu.net\/wordpress\/wp-content\/uploads\/2022\/05\/download-2.jpg\" width=\"74\" height=\"74\" \/>Gestione Servizi Pubblici informa che a <strong>TAIBON <\/strong>nelle localit\u00e0 RONCH DE BOS e NOGAROLA ad <strong>AGORDO<\/strong> nelle localit\u00e0 VERAN, CROSTOLIN, PRA GRANDE, COL DI FOGLIA, CASE NAGOL, POLANE E VIA FAION l&#8217;acqua erogata dall&#8217;acquedotto non \u00e8 potabile e pu\u00f2 essere usata per scopi alimentari SOLO PREVIA bollitura<\/p>\n<p>a <strong>LIVINALLONGO<\/strong>\u00a0 in localit\u00e0 BRENTA e LARZONEI acqua di nuovo potabile e pu\u00f2 essere usata per scopi alimentari<\/p>\n<p>&nbsp;<\/p>\n<blockquote>\n<h3>LAVORI PROGRAMMATI A ROCCA PIETORE<\/h3>\n<\/blockquote>\n<p>Per lavori alla rete idrica comunale, luned\u00ec dalle 09:00 a FINE LAVORI, verr\u00e0 sospesa l\u2019erogazione dell\u2019acqua a ROCCA PIETORE in localit\u00e0 S. MARIA DELLE GRAZIE. Il personale addetto operer\u00e0 per limitare il pi\u00f9 possibile i disagi alla popolazione.<\/p>\n<p>&nbsp;<\/p>\n<p>&nbsp;<\/p>\n<hr \/>\n<p>&nbsp;<\/p>\n<p>&nbsp;<\/p>\n<blockquote>\n<h2>EX GELATIERE VITTIMA DELL&#8217;INCIDENTE A MEL<\/h2>\n<\/blockquote>\n<p><strong><a class=\"dt-pswp-item\" href=\"https:\/\/www.radiopiu.net\/wordpress\/wp-content\/uploads\/2023\/09\/Senza-nome-84.png\" data-dt-img-description=\"\" data-large_image_width=\"248\" data-large_image_height=\"270\"><img loading=\"lazy\" decoding=\"async\" class=\"wp-image-354720 alignleft\" src=\"https:\/\/www.radiopiu.net\/wordpress\/wp-content\/uploads\/2023\/09\/Senza-nome-84.png\" alt=\"\" width=\"99\" height=\"108\" \/><\/a>TRICHIANA <\/strong><em>Una tragica carambola sulla via Croce Ponte Ardo, alle porte di Mel, ha scosso la tranquillit\u00e0 del comune di Borgo Valbelluna. Un uomo Panto Puric di 74 anni, ex gelatiere residente a Mel, ha perso la vita in un incidente che ha coinvolto una Fiat Panda. L&#8217;uomo \u00e8 morto sul colpo, lasciando la comunit\u00e0 locale in lutto. <\/em>\u00a0La vittima, identificata come un anziano abitante di Mel, stava viaggiando lungo la via Croce Ponte Ardo quando \u00e8 avvenuta la tragedia. Le circostanze esatte dell&#8217;incidente sono ancora oggetto di indagine da parte delle autorit\u00e0 competenti. Alla scena dell&#8217;incidente sono giunti prontamente i soccorritori del 118 e i vigili del fuoco. Nonostante i loro sforzi, purtroppo non \u00e8 stato possibile salvare la vita dell&#8217;uomo, e il medico ha confermato il decesso. P.P. abitava con la moglie nel centro di Mele lascia anche due figli.<\/p>\n<div class=\"absolute bottom-0 left-0 w-full border-t md:border-t-0 dark:border-white\/20 md:border-transparent md:dark:border-transparent md:bg-vert-light-gradient bg-white dark:bg-gray-800 md:!bg-transparent dark:md:bg-vert-dark-gradient pt-2 md:pl-2 md:w-[calc(100%-.5rem)]\">\n<form class=\"stretch mx-2 flex flex-row gap-3 last:mb-2 md:mx-4 md:last:mb-6 lg:mx-auto lg:max-w-2xl xl:max-w-3xl\">\n<div class=\"relative flex h-full flex-1 items-stretch md:flex-col\">\n<div>\n<div class=\"h-full flex ml-1 md:w-full md:m-auto md:mb-4 gap-0 md:gap-2 justify-center\">\n<p>&nbsp;<\/p>\n\n\t\t\t<style type='text\/css'>\n\t\t\t\t#gallery-1 {\n\t\t\t\t\tmargin: auto;\n\t\t\t\t}\n\t\t\t\t#gallery-1 .gallery-item {\n\t\t\t\t\tfloat: left;\n\t\t\t\t\tmargin-top: 10px;\n\t\t\t\t\ttext-align: center;\n\t\t\t\t\twidth: 33%;\n\t\t\t\t}\n\t\t\t\t#gallery-1 img {\n\t\t\t\t\tborder: 2px solid #cfcfcf;\n\t\t\t\t}\n\t\t\t\t#gallery-1 .gallery-caption {\n\t\t\t\t\tmargin-left: 0;\n\t\t\t\t}\n\t\t\t\t\/* see gallery_shortcode() in wp-includes\/media.php *\/\n\t\t\t<\/style>\n\t\t<div id='gallery-1' class='dt-gallery-container gallery galleryid-354590 gallery-columns-3 gallery-size-thumbnail'><dl class='gallery-item'>\n\t\t\t\t<dt class='gallery-icon landscape'>\n\t\t\t\t\t<a class=\"rollover rollover-zoom dt-pswp-item\" title=\"Senza nome\" data-dt-img-description=\"\" data-large_image_width=\"262\" data-large_image_height=\"188\"href='https:\/\/www.radiopiu.net\/wordpress\/wp-content\/uploads\/2023\/09\/Senza-nome-83.png'><img loading=\"lazy\" decoding=\"async\" width=\"150\" height=\"150\" src=\"https:\/\/www.radiopiu.net\/wordpress\/wp-content\/uploads\/2023\/09\/Senza-nome-83-150x150.png\" class=\"attachment-thumbnail size-thumbnail\" alt=\"\" \/><\/a>\n\t\t\t\t<\/dt><\/dl><dl class='gallery-item'>\n\t\t\t\t<dt class='gallery-icon landscape'>\n\t\t\t\t\t<a class=\"rollover rollover-zoom dt-pswp-item\" title=\"3964289f-40be-42ad-ad02-90d288629dc6\" data-dt-img-description=\"\" data-large_image_width=\"960\" data-large_image_height=\"596\"href='https:\/\/www.radiopiu.net\/wordpress\/wp-content\/uploads\/2023\/09\/3964289f-40be-42ad-ad02-90d288629dc6.jpeg'><img loading=\"lazy\" decoding=\"async\" width=\"150\" height=\"150\" src=\"https:\/\/www.radiopiu.net\/wordpress\/wp-content\/uploads\/2023\/09\/3964289f-40be-42ad-ad02-90d288629dc6-150x150.jpeg\" class=\"attachment-thumbnail size-thumbnail\" alt=\"\" \/><\/a>\n\t\t\t\t<\/dt><\/dl><dl class='gallery-item'>\n\t\t\t\t<dt class='gallery-icon landscape'>\n\t\t\t\t\t<a class=\"rollover rollover-zoom dt-pswp-item\" title=\"8d92da92-0a23-4b76-9a87-ada4150d0d46\" data-dt-img-description=\"\" data-large_image_width=\"800\" data-large_image_height=\"512\"href='https:\/\/www.radiopiu.net\/wordpress\/wp-content\/uploads\/2023\/09\/8d92da92-0a23-4b76-9a87-ada4150d0d46.jpeg'><img loading=\"lazy\" decoding=\"async\" width=\"150\" height=\"150\" src=\"https:\/\/www.radiopiu.net\/wordpress\/wp-content\/uploads\/2023\/09\/8d92da92-0a23-4b76-9a87-ada4150d0d46-150x150.jpeg\" class=\"attachment-thumbnail size-thumbnail\" alt=\"\" \/><\/a>\n\t\t\t\t<\/dt><\/dl><br style=\"clear: both\" \/>\n\t\t\t<\/div>\n\n<p>&nbsp;<\/p>\n<\/div>\n<\/div>\n<\/div>\n<\/form>\n<\/div>\n<p>&nbsp;<\/p>\n<p>&nbsp;<\/p>\n<hr \/>\n<p>&nbsp;<\/p>\n<p>&nbsp;<\/p>\n<blockquote>\n<h2>SCIVOLONI E PANICO A CORTINA<\/h2>\n<\/blockquote>\n<div dir=\"auto\"><strong>CORTINA A<\/strong>l Rifugio Averau,\u00a0 un 25enne di Marigliano (NA), \u00e8 scivolato sbattendo la testa. Ricoverato a Belluno con un trauma cranico.<\/div>\n<div dir=\"auto\">\n<p><strong>CORTINA <\/strong>\u00c8 stato necessario un verricello di 90 metri per soccorrere due alpiniste bloccate in parete tra la Grande e la Ovest delle Tre Cime di Lavaredo. Le due donne, una 31enne e una 32enne austriache, nel rientrare dalla Cima Grande lungo la normale avevano sbagliato le calate con le doppie, finendo in un punto strapiombante. Stavano bene, seppur disidratate e impaurite, e sono rientrate autonomamente al Rifugio Auronzo.<\/p>\n<\/div>\n<p>&nbsp;<\/p>\n<p>&nbsp;<\/p>\n<hr \/>\n<p>&nbsp;<\/p>\n<blockquote>\n<h3>CHIAMANO I CARABINIERI PER UN PRESUNTO STUPRO: DENUNCIATI PER PROCURATO ALLARME<\/h3>\n<\/blockquote>\n<div class=\"markdown prose w-full break-words dark:prose-invert light\">\n<p><strong>DI GIGI SOSSO\u00a0<\/strong><\/p>\n<blockquote><p><em>\u00a0A.B. (iniziali note ad Agordo) \u00e8 attualmente detenuto per un&#8217;altra causa e sar\u00e0 tradotto in tribunale in un secondo momento.<\/em><\/p><\/blockquote>\n<\/div>\n<p><strong><img loading=\"lazy\" decoding=\"async\" class=\"alignleft\" src=\"https:\/\/www.radiopiu.net\/wordpress\/wp-content\/uploads\/2023\/02\/controlli-dei-Carabinieri-a-Belluno_27.02.2023-scaled.jpg\" width=\"286\" height=\"191\" \/>AGORDO<\/strong> Il 16 marzo 2021, due individui, un marocchino di nome A.B. e un brasiliano di nome R.D.P., hanno effettuato telefonate ai carabinieri affermando che si era verificato uno stupro in un&#8217;area specifica. Queste chiamate, tuttavia, erano false e miravano a creare un&#8217;allerta senza alcun fondamento.\u00a0 A.B. e R.D.P. sono stati individuati come gli autori delle chiamate false e sono stati denunciati per procurato allarme. Successivamente, durante le indagini, \u00e8 emerso che A.B. aveva costretto R.D.P. a seguirlo nel garage della sua abitazione, minacciandolo con un&#8217;ascia e costringendolo a consegnargli la sua tessera bancomat e il relativo codice segreto. A.B. intendeva prelevare 200 euro dal conto di R.D.P., che ha obbedito alle richieste. In seguito, R.D.P. \u00e8 stato trattenuto contro la sua volont\u00e0 nel garage per circa due ore, privato delle chiavi di casa, del telefono cellulare e dei documenti d&#8217;identit\u00e0. A.B. ha poi effettuato un&#8217;altra chiamata al 112, dichiarando che R.D.P. aveva violato le norme anti-Covid 19 arrivando ad Agordo e lo ha maltrattato fisicamente, registrando l&#8217;aggressione con il suo telefono, cercando cos\u00ec di produrre prove false. Non \u00e8 stato accertato il sequestro di persona, ma si \u00e8 trattato di violenza privata. Inoltre, A.B. \u00e8 stato accusato di furto, poich\u00e9 avrebbe rubato vari capi di abbigliamento di marca, tra cui pantaloni, felpe, magliette, giacche e un cappellino, dalla stessa vittima in pi\u00f9 occasioni.<\/p>\n<p>&nbsp;<\/p>\n<hr \/>\n<p>&nbsp;<\/p>\n<p>&nbsp;<\/p>\n<div class=\"page-title-head hgroup\">\n<blockquote>\n<h2 class=\"entry-title\">IL PRONTO SOCCORSO ORA HA ANCHE LA TARGA A RICORDO DEL LAVORO DI SQUADRA DEI COMUNI<\/h2>\n<\/blockquote>\n<\/div>\n<div class=\"page-title-breadcrumbs\">\n<p><strong>AGORDO<\/strong> Cerimonia di posa al Pronto Soccorso di Agordo per la targa che ricorda l&#8217;intervento del Fondo dei Comuni Confinanti per la realizzazione dell&#8217;opera. 3 milioni il costo complessivo, 2,5 dei quali messi dal Fondo.<\/p>\n<p>&nbsp;<\/p>\n<p><strong>DI DANIELE DALVIT<\/strong><\/p>\n<audio class=\"wp-audio-shortcode\" id=\"audio-354590-1\" preload=\"none\" style=\"width: 100%;\" controls=\"controls\"><source type=\"audio\/mpeg\" src=\"https:\/\/www.radiopiu.net\/wordpress\/wp-content\/uploads\/2023\/09\/Radio-Piu-Servizio-Targa-FCC-Pronto-soccorso-Agordo.mp3?_=1\" \/><a href=\"https:\/\/www.radiopiu.net\/wordpress\/wp-content\/uploads\/2023\/09\/Radio-Piu-Servizio-Targa-FCC-Pronto-soccorso-Agordo.mp3\">https:\/\/www.radiopiu.net\/wordpress\/wp-content\/uploads\/2023\/09\/Radio-Piu-Servizio-Targa-FCC-Pronto-soccorso-Agordo.mp3<\/a><\/audio>\n<p>&nbsp;<\/p>\n\n\t\t\t<style type='text\/css'>\n\t\t\t\t#gallery-2 {\n\t\t\t\t\tmargin: auto;\n\t\t\t\t}\n\t\t\t\t#gallery-2 .gallery-item {\n\t\t\t\t\tfloat: left;\n\t\t\t\t\tmargin-top: 10px;\n\t\t\t\t\ttext-align: center;\n\t\t\t\t\twidth: 50%;\n\t\t\t\t}\n\t\t\t\t#gallery-2 img {\n\t\t\t\t\tborder: 2px solid #cfcfcf;\n\t\t\t\t}\n\t\t\t\t#gallery-2 .gallery-caption {\n\t\t\t\t\tmargin-left: 0;\n\t\t\t\t}\n\t\t\t\t\/* see gallery_shortcode() in wp-includes\/media.php *\/\n\t\t\t<\/style>\n\t\t<div id='gallery-2' class='dt-gallery-container gallery galleryid-354590 gallery-columns-2 gallery-size-medium'><dl class='gallery-item'>\n\t\t\t\t<dt class='gallery-icon landscape'>\n\t\t\t\t\t<a class=\"rollover rollover-zoom dt-pswp-item\" title=\"4467b395-c7cc-46c8-a8b6-b81fd6501552\" data-dt-img-description=\"\" data-large_image_width=\"1600\" data-large_image_height=\"1200\"href='https:\/\/www.radiopiu.net\/wordpress\/wp-content\/uploads\/2023\/09\/4467b395-c7cc-46c8-a8b6-b81fd6501552.jpg'><img loading=\"lazy\" decoding=\"async\" width=\"300\" height=\"225\" src=\"https:\/\/www.radiopiu.net\/wordpress\/wp-content\/uploads\/2023\/09\/4467b395-c7cc-46c8-a8b6-b81fd6501552-300x225.jpg\" class=\"attachment-medium size-medium\" alt=\"\" srcset=\"https:\/\/www.radiopiu.net\/wordpress\/wp-content\/uploads\/2023\/09\/4467b395-c7cc-46c8-a8b6-b81fd6501552-300x225.jpg 300w, https:\/\/www.radiopiu.net\/wordpress\/wp-content\/uploads\/2023\/09\/4467b395-c7cc-46c8-a8b6-b81fd6501552-1024x768.jpg 1024w, https:\/\/www.radiopiu.net\/wordpress\/wp-content\/uploads\/2023\/09\/4467b395-c7cc-46c8-a8b6-b81fd6501552-768x576.jpg 768w, https:\/\/www.radiopiu.net\/wordpress\/wp-content\/uploads\/2023\/09\/4467b395-c7cc-46c8-a8b6-b81fd6501552-1536x1152.jpg 1536w, https:\/\/www.radiopiu.net\/wordpress\/wp-content\/uploads\/2023\/09\/4467b395-c7cc-46c8-a8b6-b81fd6501552.jpg 1600w\" sizes=\"auto, (max-width: 300px) 100vw, 300px\" \/><\/a>\n\t\t\t\t<\/dt><\/dl><dl class='gallery-item'>\n\t\t\t\t<dt class='gallery-icon landscape'>\n\t\t\t\t\t<a class=\"rollover rollover-zoom dt-pswp-item\" title=\"edbb609b-d9fb-478e-8107-ca2e6a746a4d\" data-dt-img-description=\"\" data-large_image_width=\"1600\" data-large_image_height=\"1200\"href='https:\/\/www.radiopiu.net\/wordpress\/wp-content\/uploads\/2023\/09\/edbb609b-d9fb-478e-8107-ca2e6a746a4d.jpg'><img loading=\"lazy\" decoding=\"async\" width=\"300\" height=\"225\" src=\"https:\/\/www.radiopiu.net\/wordpress\/wp-content\/uploads\/2023\/09\/edbb609b-d9fb-478e-8107-ca2e6a746a4d-300x225.jpg\" class=\"attachment-medium size-medium\" alt=\"\" srcset=\"https:\/\/www.radiopiu.net\/wordpress\/wp-content\/uploads\/2023\/09\/edbb609b-d9fb-478e-8107-ca2e6a746a4d-300x225.jpg 300w, https:\/\/www.radiopiu.net\/wordpress\/wp-content\/uploads\/2023\/09\/edbb609b-d9fb-478e-8107-ca2e6a746a4d-1024x768.jpg 1024w, https:\/\/www.radiopiu.net\/wordpress\/wp-content\/uploads\/2023\/09\/edbb609b-d9fb-478e-8107-ca2e6a746a4d-768x576.jpg 768w, https:\/\/www.radiopiu.net\/wordpress\/wp-content\/uploads\/2023\/09\/edbb609b-d9fb-478e-8107-ca2e6a746a4d-1536x1152.jpg 1536w, https:\/\/www.radiopiu.net\/wordpress\/wp-content\/uploads\/2023\/09\/edbb609b-d9fb-478e-8107-ca2e6a746a4d.jpg 1600w\" sizes=\"auto, (max-width: 300px) 100vw, 300px\" \/><\/a>\n\t\t\t\t<\/dt><\/dl><br style=\"clear: both\" \/>\n\t\t\t<\/div>\n\n<p>&nbsp;<\/p>\n<p>&nbsp;<\/p>\n<hr \/>\n<p>&nbsp;<\/p>\n<h3 style=\"text-align: center;\">FONDO COMUNI DI CONFINE. BOND &#8220;DOBBIAMO LAVORARE PER CAMBIARE I REGOLAMENTI&#8221;<\/h3>\n<p>&nbsp;<\/p>\n<\/div>\n<p><strong><a class=\"dt-pswp-item\" href=\"https:\/\/www.radiopiu.net\/wordpress\/wp-content\/uploads\/2023\/09\/fd355141-6f99-4a63-9375-eef12ba2e161.jpg\" data-dt-img-description=\"\" data-large_image_width=\"1600\" data-large_image_height=\"1200\"><img loading=\"lazy\" decoding=\"async\" class=\"wp-image-354669 alignleft\" src=\"https:\/\/www.radiopiu.net\/wordpress\/wp-content\/uploads\/2023\/09\/fd355141-6f99-4a63-9375-eef12ba2e161-300x225.jpg\" alt=\"\" width=\"228\" height=\"171\" srcset=\"https:\/\/www.radiopiu.net\/wordpress\/wp-content\/uploads\/2023\/09\/fd355141-6f99-4a63-9375-eef12ba2e161-300x225.jpg 300w, https:\/\/www.radiopiu.net\/wordpress\/wp-content\/uploads\/2023\/09\/fd355141-6f99-4a63-9375-eef12ba2e161-1024x768.jpg 1024w, https:\/\/www.radiopiu.net\/wordpress\/wp-content\/uploads\/2023\/09\/fd355141-6f99-4a63-9375-eef12ba2e161-768x576.jpg 768w, https:\/\/www.radiopiu.net\/wordpress\/wp-content\/uploads\/2023\/09\/fd355141-6f99-4a63-9375-eef12ba2e161-1536x1152.jpg 1536w, https:\/\/www.radiopiu.net\/wordpress\/wp-content\/uploads\/2023\/09\/fd355141-6f99-4a63-9375-eef12ba2e161.jpg 1600w\" sizes=\"auto, (max-width: 228px) 100vw, 228px\" \/><\/a>AGORDO<\/strong> Sanit\u00e0, costi delle materie prime, difficolt\u00e0 dei comuni: queste le sfide che il Fondo dei Comuni Confinanti si trova ad affrontare e sui quali \u00e8 pronto a fare la propria parte.<\/p>\n<p><strong>di DANIELE DALVIT<\/strong><\/p>\n<audio class=\"wp-audio-shortcode\" id=\"audio-354590-2\" preload=\"none\" style=\"width: 100%;\" controls=\"controls\"><source type=\"audio\/mpeg\" src=\"https:\/\/www.radiopiu.net\/wordpress\/wp-content\/uploads\/2023\/09\/Radio-Piu-Servizio-Bond-sviluppi-FCC.mp3?_=2\" \/><a href=\"https:\/\/www.radiopiu.net\/wordpress\/wp-content\/uploads\/2023\/09\/Radio-Piu-Servizio-Bond-sviluppi-FCC.mp3\">https:\/\/www.radiopiu.net\/wordpress\/wp-content\/uploads\/2023\/09\/Radio-Piu-Servizio-Bond-sviluppi-FCC.mp3<\/a><\/audio>\n<p>&nbsp;<\/p>\n<p>&nbsp;<\/p>\n<hr \/>\n<p>&nbsp;<\/p>\n<p>&nbsp;<\/p>\n<blockquote>\n<h3>CONFERENZA STAMPA DELL&#8217;ULSS 1 DOLOMITI DAL PRONTO SOCCORSO DI AGORDO<\/h3>\n<\/blockquote>\n<p><strong>LA DIRETTA RADIO PIU&#8217;<\/strong><\/p>\n<p>https:\/\/www.facebook.com\/radiopiu\/videos\/1689694741529543<\/p>\n<p>&nbsp;<\/p>\n<p>&nbsp;<\/p>\n<hr \/>\n<p>&nbsp;<\/p>\n<p>&nbsp;<\/p>\n<p><strong><a class=\"dt-pswp-item\" href=\"https:\/\/www.radiopiu.net\/wordpress\/wp-content\/uploads\/2023\/09\/th-41.jpg\" data-dt-img-description=\"\" data-large_image_width=\"266\" data-large_image_height=\"180\"><img loading=\"lazy\" decoding=\"async\" class=\"size-full wp-image-354727 alignleft\" src=\"https:\/\/www.radiopiu.net\/wordpress\/wp-content\/uploads\/2023\/09\/th-41.jpg\" alt=\"\" width=\"266\" height=\"180\" \/><\/a>GRAZIE AD ILARIA E FRANCESCA\u00a0<\/strong><\/p>\n<p><strong>AGORDO<\/strong> L&#8217;Ados (Associazione Donne Operate al Seno) ha comunicato ad Ilaria e Francesca la destinazione delle donazioni del denaro raccolto durante le serate itineranti tra Agordino e Valbelluna. Queste donazioni con quelle di Ados e Comitato prevenzione donna salute permetteranno di\u00a0 acquistare dispositivi importanti. Sistema modulare Leica per l&#8217;ospedale San Martino: 10.150 euro; Processatore automatico per campioni istologici per il reparto di anatomia, 37.820 euro.<\/p>\n<p>&nbsp;<\/p>\n<p><strong>archivio radiopiu<\/strong><\/p>\n<blockquote class=\"wp-embedded-content\" data-secret=\"pUMwiqhmk4\"><p><a href=\"https:\/\/www.radiopiu.net\/wordpress\/oggi-a-caviola-il-4-novembre-a-belluno-con-ilaria-e-francesca-dal-cammino-alla-solidarieta-per-ados\/\">OGGI A CAVIOLA, IL 4 NOVEMBRE A BELLUNO CON ILARIA E FRANCESCA, DAL CAMMINO ALLA SOLIDARIETA&#8217; PER ADOS<\/a><\/p><\/blockquote>\n<p><iframe loading=\"lazy\" class=\"wp-embedded-content\" sandbox=\"allow-scripts\" security=\"restricted\" style=\"position: absolute; clip: rect(1px, 1px, 1px, 1px);\" title=\"&#8220;OGGI A CAVIOLA, IL 4 NOVEMBRE A BELLUNO CON ILARIA E FRANCESCA, DAL CAMMINO ALLA SOLIDARIETA&#8217; PER ADOS&#8221; &#8212; Radio Pi\u00f9\" src=\"https:\/\/www.radiopiu.net\/wordpress\/oggi-a-caviola-il-4-novembre-a-belluno-con-ilaria-e-francesca-dal-cammino-alla-solidarieta-per-ados\/embed\/#?secret=O5HCrHWWEg#?secret=pUMwiqhmk4\" data-secret=\"pUMwiqhmk4\" width=\"600\" height=\"338\" frameborder=\"0\" marginwidth=\"0\" marginheight=\"0\" scrolling=\"no\"><\/iframe><\/p>\n<p>&nbsp;<\/p>\n<hr \/>\n<p>&nbsp;<\/p>\n<blockquote>\n<h3>OSCAR NAGLER CANDIDATO A SINDACO &#8220;NON ASCOLTATE LE VOCI DI PAESE&#8221;<\/h3>\n<\/blockquote>\n<p><img loading=\"lazy\" decoding=\"async\" class=\"alignleft\" src=\"https:\/\/www.radiopiu.net\/wordpress\/wp-content\/uploads\/2023\/09\/20baa4c9-97a7-494b-8bf5-9e9b32b79ee8.jpg\" width=\"242\" height=\"136\" \/>l&#8217;intervista<\/p>\n<p>di Mirko Mezzacasa<\/p>\n<audio class=\"wp-audio-shortcode\" id=\"audio-354590-3\" preload=\"none\" style=\"width: 100%;\" controls=\"controls\"><source type=\"audio\/mpeg\" src=\"https:\/\/www.radiopiu.net\/wordpress\/wp-content\/uploads\/2023\/09\/OSCAR-NAGLER.mp3?_=3\" \/><a href=\"https:\/\/www.radiopiu.net\/wordpress\/wp-content\/uploads\/2023\/09\/OSCAR-NAGLER.mp3\">https:\/\/www.radiopiu.net\/wordpress\/wp-content\/uploads\/2023\/09\/OSCAR-NAGLER.mp3<\/a><\/audio>\n<p>&nbsp;<\/p>\n<hr \/>\n<div id=\"title\" class=\"style-scope ytd-watch-metadata\">\n<blockquote>\n<h3 class=\"style-scope ytd-watch-metadata\"><\/h3>\n<h3 class=\"style-scope ytd-watch-metadata\">GIOVANI IMPRENDITORI DI CONFINDUSTRIA, LA PRESIDENZA A LUCA ANSELMI | 29\/09\/2023<\/h3>\n<\/blockquote>\n<\/div>\n<div id=\"top-row\" class=\"style-scope ytd-watch-metadata\">\n<div id=\"owner\" class=\"item style-scope ytd-watch-metadata\">\n<p>di TIZIANA BOLOGNANI<\/p>\n<p>ieri sera dal TG DI ANTENNA 3 canale 10 del digitale terrestre, canale visibile perfettamente nell&#8217;intero territorio agordino e bellunese. Ogni sera alle 19.10 le anticipazioni alla radio<br \/>\nIntervistati:<\/p>\n<\/div>\n<\/div>\n<p>LUCA ANSELMI (PRESIDENTE GRUPPO GIOVANI IMPRENDITORI CONFINDUSTRIA BELLUNO DOLOMITI), MARCO DA RIN ZANCO (PAST PRESIDENT GRUPPO GIOVANI IMPRENDITORI CONFINDUSTRIA BELLUNO DOLOMITI), FEDERICO D\u2019INCA\u2019 (GIA\u2019 MINISTRO RAPPORTI CON IL PARLAMENTO), LORRAINE BERTON (PRESIDENTE CONFINDUSTRIA BELLUNO DOLOMITI)<\/p>\n<p><iframe loading=\"lazy\" title=\"GIOVANI IMPRENDITORI DI CONFINDUSTRIA, LA PRESIDENZA A LUCA ANSELMI | 29\/09\/2023\" width=\"1200\" height=\"675\" src=\"https:\/\/www.youtube.com\/embed\/2cq1wGep4LY?start=1&#038;feature=oembed\" frameborder=\"0\" allow=\"accelerometer; autoplay; clipboard-write; encrypted-media; gyroscope; picture-in-picture; web-share\" allowfullscreen><\/iframe><\/p>\n<p>&nbsp;<\/p>\n<hr \/>\n<blockquote>\n<h3><\/h3>\n<h3>3,3 MILIONI DI EURO PER PICCOLI INTERVENTI DI BONIFICA DI SITI INQUINANTI<\/h3>\n<\/blockquote>\n<p><strong>VENEZIA<\/strong> La Giunta regionale, su proposta dell\u2019assessore Gianpaolo Bottacin, ha approvato un nuovo bando per l&#8217;assegnazione di contributi ai Comuni e alle Province del Veneto per piccoli interventi di bonifica ambientale di siti inquinati. L\u2019affidamento dei lavori dovr\u00e0 avvenire entro il 30 aprile 2024 e la conclusione degli stessi entro il 31 dicembre 2024.<\/p>\n<p><strong>L&#8217;ASSESSORE REGIONALE GIANPAOLO BOTTACIN<\/strong><\/p>\n<div style=\"width: 848px;\" class=\"wp-video\"><video class=\"wp-video-shortcode\" id=\"video-354590-1\" width=\"848\" height=\"480\" preload=\"metadata\" controls=\"controls\"><source type=\"video\/mp4\" src=\"https:\/\/www.radiopiu.net\/wordpress\/wp-content\/uploads\/2023\/09\/BOTTACIN-VIDEO.mp4?_=1\" \/><a href=\"https:\/\/www.radiopiu.net\/wordpress\/wp-content\/uploads\/2023\/09\/BOTTACIN-VIDEO.mp4\">https:\/\/www.radiopiu.net\/wordpress\/wp-content\/uploads\/2023\/09\/BOTTACIN-VIDEO.mp4<\/a><\/video><\/div>\n<p>&nbsp;<\/p>\n<hr \/>\n<p>&nbsp;<\/p>\n<blockquote>\n<h3>APPALTO PULIZIE OSPEDALE DI FELTRE: TAGLIO DEL 20 PER CENTO DELLE ORE DI LAVORO<\/h3>\n<\/blockquote>\n<p><strong><a class=\"dt-pswp-item\" href=\"https:\/\/www.radiopiu.net\/wordpress\/wp-content\/uploads\/2023\/05\/ospedale-di-feltre.jpeg\" data-dt-img-description=\"\" data-large_image_width=\"650\" data-large_image_height=\"463\"><img loading=\"lazy\" decoding=\"async\" class=\" wp-image-336242 alignleft\" src=\"https:\/\/www.radiopiu.net\/wordpress\/wp-content\/uploads\/2023\/05\/ospedale-di-feltre-300x214.jpeg\" alt=\"\" width=\"158\" height=\"113\" srcset=\"https:\/\/www.radiopiu.net\/wordpress\/wp-content\/uploads\/2023\/05\/ospedale-di-feltre-300x214.jpeg 300w, https:\/\/www.radiopiu.net\/wordpress\/wp-content\/uploads\/2023\/05\/ospedale-di-feltre.jpeg 650w\" sizes=\"auto, (max-width: 158px) 100vw, 158px\" \/><\/a>BELLUNO<\/strong> Cambio di appalto con riduzione delle ore lavorate e, di conseguenza, dello stipendio del 20%. Proclamato lo stato di agitazione per i lavoratori e le lavoratrici dell\u2019appalto dei servizi di pulizia del distretto 2 di Feltre. Lo annunciano i sindacati di categoria Filcams Cgil Belluno e Fisascat Cisl Belluno Treviso, che chiedono urgentemente di incontrare Prefetto, Ulss 1 Dolomiti e Ispettorato Territoriale del Lavoro. \u201c<i>Siamo pronti a mettere in campo tutte le azioni possibili affinch\u00e9 vengano ripristinate le condizioni precedenti per i lavoratori<\/i>, dichiarano Alberto Chiesura e Giovanni Cescato della Filcams e Patrizia Manca e Stefano Bristot della Fisascat.<\/p>\n<p>&nbsp;<\/p>\n<p>&nbsp;<\/p>\n<hr \/>\n<p>&nbsp;<\/p>\n<blockquote>\n<h3>MESSA IN SICUREZZA DEL TERRITORIO: LA GIUNTA APPROVA IL NUOVO STUDIO DI FATTIBILIT\u00c0 TECNICA ED ECONOMICA PER OTTO INTERVENTI DI RIPRISTINO SU ZONE COLPITE DA DISSESTO IDROGEOLOGICO<\/h3>\n<\/blockquote>\n<p><strong><a class=\"dt-pswp-item\" href=\"https:\/\/www.radiopiu.net\/wordpress\/wp-content\/uploads\/2023\/07\/Feltre-Piazza-Maggiore.jpg\" data-dt-img-description=\"\" data-large_image_width=\"1595\" data-large_image_height=\"1054\"><img loading=\"lazy\" decoding=\"async\" class=\" wp-image-344857 alignleft\" src=\"https:\/\/www.radiopiu.net\/wordpress\/wp-content\/uploads\/2023\/07\/Feltre-Piazza-Maggiore-300x198.jpg\" alt=\"\" width=\"161\" height=\"106\" srcset=\"https:\/\/www.radiopiu.net\/wordpress\/wp-content\/uploads\/2023\/07\/Feltre-Piazza-Maggiore-300x198.jpg 300w, https:\/\/www.radiopiu.net\/wordpress\/wp-content\/uploads\/2023\/07\/Feltre-Piazza-Maggiore-1024x677.jpg 1024w, https:\/\/www.radiopiu.net\/wordpress\/wp-content\/uploads\/2023\/07\/Feltre-Piazza-Maggiore-768x508.jpg 768w, https:\/\/www.radiopiu.net\/wordpress\/wp-content\/uploads\/2023\/07\/Feltre-Piazza-Maggiore-1536x1015.jpg 1536w, https:\/\/www.radiopiu.net\/wordpress\/wp-content\/uploads\/2023\/07\/Feltre-Piazza-Maggiore.jpg 1595w\" sizes=\"auto, (max-width: 161px) 100vw, 161px\" \/><\/a>FELTRE <\/strong>La Giunta comunale, nella sua ultima seduta, ha dato il \u201cvia libera\u201d ad una serie di interventi di mitigazione del rischio idrogeologico e messa in sicurezza di alcune parti del territorio colpite dai violenti eventi atmosferici degli scorsi anni. Nello specifico, sono otto i lotti di lavori per i quali \u00e8 stato approvato lo studio di fattibilit\u00e0 tecnica ed economica:\u00a0 a Vignui,\u00a0 Vellai,\u00a0 Zermen, Villaga\/Tomo, via Barucce, via Laviste su torrente Gravon<\/p>\n<p>&nbsp;<\/p>\n<p>&nbsp;<\/p>\n<hr \/>\n<p>&nbsp;<\/p>\n<p>&nbsp;<\/p>\n<blockquote>\n<h3><a class=\"dt-pswp-item\" href=\"https:\/\/www.radiopiu.net\/wordpress\/wp-content\/uploads\/2023\/09\/maria1360_email_2.jpg\" data-dt-img-description=\"\" data-large_image_width=\"1360\" data-large_image_height=\"1004\"><img loading=\"lazy\" decoding=\"async\" class=\" wp-image-354717 alignleft\" src=\"https:\/\/www.radiopiu.net\/wordpress\/wp-content\/uploads\/2023\/09\/maria1360_email_2-300x221.jpg\" alt=\"\" width=\"262\" height=\"193\" srcset=\"https:\/\/www.radiopiu.net\/wordpress\/wp-content\/uploads\/2023\/09\/maria1360_email_2-300x221.jpg 300w, https:\/\/www.radiopiu.net\/wordpress\/wp-content\/uploads\/2023\/09\/maria1360_email_2-1024x756.jpg 1024w, https:\/\/www.radiopiu.net\/wordpress\/wp-content\/uploads\/2023\/09\/maria1360_email_2-768x567.jpg 768w, https:\/\/www.radiopiu.net\/wordpress\/wp-content\/uploads\/2023\/09\/maria1360_email_2.jpg 1360w\" sizes=\"auto, (max-width: 262px) 100vw, 262px\" \/><\/a>IL BUON ESEMPIO CI ACCOMPAGNA OGNI GIORNO<\/h3>\n<p>di Nicola Del Din, CEO<\/p><\/blockquote>\n<p>&#8220;<em>Non era solo la mia straordinaria e dolcissima mamma; era un&#8217;anima positiva, energica e determinata, in perfetta forma, ottimista al di l\u00e0 di ogni limite, innamoratissima della vita e sempre con uno sguardo lungimirante verso il futuro. So che queste parole spesso possono sembrare retoriche, ma chi ha avuto la fortuna di conoscerla sa che la descrivono nella sua essenza pi\u00f9 autentica. Abbiamo perso la nostra esemplare luce guida, il faro che illuminava il nostro percorso. La sua eredit\u00e0 vive in noi e, d&#8217;ora in poi, metteremo ancor pi\u00f9 impegno e passione in tutto ci\u00f2 che facciamo, per rendere onore alla sua memoria e al suo incommensurabile esempio. So che lei vorrebbe vederci reagire con forza e determinazione, e lo faremo. Per te, Maria.<\/em>&#8221; -.<\/p>\n<p>&nbsp;<\/p>\n<p>&nbsp;<\/p>\n<hr \/>\n<p>&nbsp;<\/p>\n<blockquote>\n<h3>AL VIA IL NUOVO ANNO DELL&#8217;UNIVERSITA&#8217; ANZIANI ADULTI<\/h3>\n<\/blockquote>\n<p><img loading=\"lazy\" decoding=\"async\" class=\"alignleft\" src=\"https:\/\/www.radiopiu.net\/wordpress\/wp-content\/uploads\/2022\/09\/UNIVERSITA-ANZIANI-AGORDO-min-300x300.jpg\" width=\"114\" height=\"114\" \/><\/p>\n<p><strong>AGORDO<\/strong><\/p>\n<p><strong>GIANNI SANTOMASO\u00a0<\/strong><\/p>\n<p><span style=\"color: #ff0000;\"><strong>Il Comitato di gestione della sezione di Agordo dell\u2019Universit\u00e0 Adulti\/anziani invita i corsisti ad effettuare l\u2019iscrizione al nuovo a.a.2023-24 luned\u00ec 2 ottobre, dalle 9 alle 12 e dalle 15 alle 17, sempre in sala don Tamis, per evitare ritardi e iniziare puntualmente la prolusione di apertura di marted\u00ec 3 ottobre alle 15.<\/strong><\/span><\/p>\n<audio class=\"wp-audio-shortcode\" id=\"audio-354590-4\" preload=\"none\" style=\"width: 100%;\" controls=\"controls\"><source type=\"audio\/mpeg\" src=\"https:\/\/www.radiopiu.net\/wordpress\/wp-content\/uploads\/2023\/09\/UNIVERSITA-GIANNI.mp3?_=4\" \/><a href=\"https:\/\/www.radiopiu.net\/wordpress\/wp-content\/uploads\/2023\/09\/UNIVERSITA-GIANNI.mp3\">https:\/\/www.radiopiu.net\/wordpress\/wp-content\/uploads\/2023\/09\/UNIVERSITA-GIANNI.mp3<\/a><\/audio>\n<p>&nbsp;<\/p>\n<hr \/>\n<p>&nbsp;<\/p>\n<p>&nbsp;<\/p>\n<blockquote>\n<h3>BORGO PIAVE ETC PRESENTA<\/h3>\n<\/blockquote>\n<p><strong>BELLUNO<\/strong> C&#8217;e&#8217; di nuovo la Callunga, inaugurazione targa in maiolica ripristinata sull&#8217;omonima via lungo le scalette di Borgo Piave. oggi\u00a0 alle 11 l&#8217;inaugurazione con momento conviviale.<\/p>\n<p>Ai microfoni di RADIOPIU, Antonio Gheno presidente dell&#8217;associazione Borgo Piave ETC aps<\/p>\n<audio class=\"wp-audio-shortcode\" id=\"audio-354590-5\" preload=\"none\" style=\"width: 100%;\" controls=\"controls\"><source type=\"audio\/mpeg\" src=\"https:\/\/www.radiopiu.net\/wordpress\/wp-content\/uploads\/2023\/09\/borgop.mp3?_=5\" \/><a href=\"https:\/\/www.radiopiu.net\/wordpress\/wp-content\/uploads\/2023\/09\/borgop.mp3\">https:\/\/www.radiopiu.net\/wordpress\/wp-content\/uploads\/2023\/09\/borgop.mp3<\/a><\/audio>\n\n\t\t\t<style type='text\/css'>\n\t\t\t\t#gallery-3 {\n\t\t\t\t\tmargin: auto;\n\t\t\t\t}\n\t\t\t\t#gallery-3 .gallery-item {\n\t\t\t\t\tfloat: left;\n\t\t\t\t\tmargin-top: 10px;\n\t\t\t\t\ttext-align: center;\n\t\t\t\t\twidth: 33%;\n\t\t\t\t}\n\t\t\t\t#gallery-3 img {\n\t\t\t\t\tborder: 2px solid #cfcfcf;\n\t\t\t\t}\n\t\t\t\t#gallery-3 .gallery-caption {\n\t\t\t\t\tmargin-left: 0;\n\t\t\t\t}\n\t\t\t\t\/* see gallery_shortcode() in wp-includes\/media.php *\/\n\t\t\t<\/style>\n\t\t<div id='gallery-3' class='dt-gallery-container gallery galleryid-354590 gallery-columns-3 gallery-size-thumbnail'><dl class='gallery-item'>\n\t\t\t\t<dt class='gallery-icon portrait'>\n\t\t\t\t\t<a class=\"rollover rollover-zoom dt-pswp-item\" title=\"159dba0a-d7c1-41df-a33c-2e43b57416b9\" data-dt-img-description=\"\" data-large_image_width=\"1131\" data-large_image_height=\"1600\"href='https:\/\/www.radiopiu.net\/wordpress\/wp-content\/uploads\/2023\/09\/159dba0a-d7c1-41df-a33c-2e43b57416b9.jpg'><img loading=\"lazy\" decoding=\"async\" width=\"150\" height=\"150\" src=\"https:\/\/www.radiopiu.net\/wordpress\/wp-content\/uploads\/2023\/09\/159dba0a-d7c1-41df-a33c-2e43b57416b9-150x150.jpg\" class=\"attachment-thumbnail size-thumbnail\" alt=\"\" \/><\/a>\n\t\t\t\t<\/dt><\/dl><dl class='gallery-item'>\n\t\t\t\t<dt class='gallery-icon landscape'>\n\t\t\t\t\t<a class=\"rollover rollover-zoom dt-pswp-item\" title=\"Senza nome\" data-dt-img-description=\"\" data-large_image_width=\"452\" data-large_image_height=\"390\"href='https:\/\/www.radiopiu.net\/wordpress\/wp-content\/uploads\/2023\/09\/Senza-nome-78.png'><img loading=\"lazy\" decoding=\"async\" width=\"150\" height=\"150\" src=\"https:\/\/www.radiopiu.net\/wordpress\/wp-content\/uploads\/2023\/09\/Senza-nome-78-150x150.png\" class=\"attachment-thumbnail size-thumbnail\" alt=\"\" \/><\/a>\n\t\t\t\t<\/dt><\/dl><dl class='gallery-item'>\n\t\t\t\t<dt class='gallery-icon portrait'>\n\t\t\t\t\t<a class=\"rollover rollover-zoom dt-pswp-item\" title=\"cd136c2d-4024-4309-b6c4-c4d16815ad6e\" data-dt-img-description=\"\" data-large_image_width=\"1131\" data-large_image_height=\"1600\"href='https:\/\/www.radiopiu.net\/wordpress\/wp-content\/uploads\/2023\/09\/cd136c2d-4024-4309-b6c4-c4d16815ad6e.jpg'><img loading=\"lazy\" decoding=\"async\" width=\"150\" height=\"150\" src=\"https:\/\/www.radiopiu.net\/wordpress\/wp-content\/uploads\/2023\/09\/cd136c2d-4024-4309-b6c4-c4d16815ad6e-150x150.jpg\" class=\"attachment-thumbnail size-thumbnail\" alt=\"\" \/><\/a>\n\t\t\t\t<\/dt><\/dl><br style=\"clear: both\" \/>\n\t\t\t<\/div>\n\n<p>&nbsp;<\/p>\n<p>&nbsp;<\/p>\n<p>&nbsp;<\/p>\n<p>&nbsp;<\/p>\n<hr \/>\n<p>&nbsp;<\/p>\n<blockquote>\n<h3>210 MILIONI DI EURO ALLE REGIONI PER IL FONDO MONTAGNA<\/h3>\n<\/blockquote>\n<p><strong><a class=\"dt-pswp-item\" href=\"https:\/\/www.radiopiu.net\/wordpress\/wp-content\/uploads\/2020\/11\/logoUNCEM_no_scritta-wdtr.jpg\" data-dt-img-description=\"\" data-large_image_width=\"640\" data-large_image_height=\"640\"><img loading=\"lazy\" decoding=\"async\" class=\" wp-image-170846 alignleft\" src=\"https:\/\/www.radiopiu.net\/wordpress\/wp-content\/uploads\/2020\/11\/logoUNCEM_no_scritta-wdtr-300x300.jpg\" alt=\"\" width=\"144\" height=\"144\" srcset=\"https:\/\/www.radiopiu.net\/wordpress\/wp-content\/uploads\/2020\/11\/logoUNCEM_no_scritta-wdtr-300x300.jpg 300w, https:\/\/www.radiopiu.net\/wordpress\/wp-content\/uploads\/2020\/11\/logoUNCEM_no_scritta-wdtr-150x150.jpg 150w, https:\/\/www.radiopiu.net\/wordpress\/wp-content\/uploads\/2020\/11\/logoUNCEM_no_scritta-wdtr.jpg 640w\" sizes=\"auto, (max-width: 144px) 100vw, 144px\" \/><\/a>ROMA<\/strong> Mai negli ultimi trent&#8217;anni il fondo nazionale per la montagna aveva raggiunto una cifra tanto elevata. Sono 210 milioni i fondi previsti e ripartiti nel 2023 dallo Stato alle Regioni che ora dovranno spenderli con i criteri previsti dal Decreto predisposto dal Dipartimento per gli Affari regionale e le Autonomie della Presidenza del Consiglio e voluto dal Ministro Calderoli. Dice L&#8217;Uncem: i fondi in arrivo devono essere spesi per misure di prevenzione del rischio del dissesto idrogeologico nei territori montani; azioni di tutela, promozione e valorizzazione delle risorse ambientali dei territori montani\u00a0 con particolare riguardo prioritario a quelli socio-sanitari e dell\u2019istruzione; iniziative volte a contrastare lo spopolamento dei territori.<\/p>\n<p>&nbsp;<\/p>\n<p>&nbsp;<\/p>\n<hr \/>\n<p>&nbsp;<\/p>\n<blockquote>\n<h3>LA FONDAZIONE CARIVERONA FINANZIA TRE PROGETTI IN PROVINCIA<\/h3>\n<\/blockquote>\n<p><strong>BELLUNO <\/strong>Fondazione Cariverona ha annunciato il supporto a 40 progetti con un finanziamento totale di circa 3,5 milioni di euro nelle province di Belluno, Vicenza, Verona, Ancona e Mantova, focalizzandosi su educazione ambientale e rigenerazione urbana e sociale.\u00a0 I tre progetti in provincia riguardano l&#8217;Istituto Comprensivo Tina Merlin di Belluno, il comune di Feltre e la Cooperativa Circolo Cultura e Stampa Bellunese Societ\u00e0 Cooperativa Sociale.<\/p>\n<p>&nbsp;<\/p>\n<hr \/>\n<p>&nbsp;<\/p>\n<blockquote>\n<h3>IN ALPAGO NASCE L\u2019INNOVATION CENTER DI COPELAND<\/h3>\n<\/blockquote>\n<p><strong>ALPAGO<\/strong>. Prima la scalata fra i leader mondiali nelle soluzioni per riscaldamento, ventilazione, condizionamento dell&#8217;aria e refrigerazione ad alta efficienza energetica. Ora l\u2019investimento in un business hub per la ricerca, lo sviluppo e la progettazione unico nel suo genere. Copeland (azienda globale di tecnologie per il clima), ha inaugurato questa mattina (venerd\u00ec 29 settembre, ndc) un Innovation Center all\u2019interno del suo stabilimento in Alpago davvero unico nel suo genere. Si tratta di uno spazio multifunzionale di circa mille metri quadri dotato di un laboratorio all&#8217;avanguardia dedicato alla ricerca e sviluppo, oltre ad aree di formazione e accoglienza. L\u2019Innovation Center fornir\u00e0 tecnologie all\u2019avanguardia per il business dei controllori elettronici Copeland in Italia.<\/p>\n<p>&nbsp;<\/p>\n\n\t\t\t<style type='text\/css'>\n\t\t\t\t#gallery-4 {\n\t\t\t\t\tmargin: auto;\n\t\t\t\t}\n\t\t\t\t#gallery-4 .gallery-item {\n\t\t\t\t\tfloat: left;\n\t\t\t\t\tmargin-top: 10px;\n\t\t\t\t\ttext-align: center;\n\t\t\t\t\twidth: 33%;\n\t\t\t\t}\n\t\t\t\t#gallery-4 img {\n\t\t\t\t\tborder: 2px solid #cfcfcf;\n\t\t\t\t}\n\t\t\t\t#gallery-4 .gallery-caption {\n\t\t\t\t\tmargin-left: 0;\n\t\t\t\t}\n\t\t\t\t\/* see gallery_shortcode() in wp-includes\/media.php *\/\n\t\t\t<\/style>\n\t\t<div id='gallery-4' class='dt-gallery-container gallery galleryid-354590 gallery-columns-3 gallery-size-medium'><dl class='gallery-item'>\n\t\t\t\t<dt class='gallery-icon landscape'>\n\t\t\t\t\t<a class=\"rollover rollover-zoom dt-pswp-item\" title=\"Copeland_Alpago\" data-dt-img-description=\"\" data-large_image_width=\"2136\" data-large_image_height=\"1600\"href='https:\/\/www.radiopiu.net\/wordpress\/wp-content\/uploads\/2023\/09\/Copeland_Alpago.jpg'><img loading=\"lazy\" decoding=\"async\" width=\"300\" height=\"225\" src=\"https:\/\/www.radiopiu.net\/wordpress\/wp-content\/uploads\/2023\/09\/Copeland_Alpago-300x225.jpg\" class=\"attachment-medium size-medium\" alt=\"\" srcset=\"https:\/\/www.radiopiu.net\/wordpress\/wp-content\/uploads\/2023\/09\/Copeland_Alpago-300x225.jpg 300w, https:\/\/www.radiopiu.net\/wordpress\/wp-content\/uploads\/2023\/09\/Copeland_Alpago-1024x767.jpg 1024w, https:\/\/www.radiopiu.net\/wordpress\/wp-content\/uploads\/2023\/09\/Copeland_Alpago-768x575.jpg 768w, https:\/\/www.radiopiu.net\/wordpress\/wp-content\/uploads\/2023\/09\/Copeland_Alpago-1536x1151.jpg 1536w, https:\/\/www.radiopiu.net\/wordpress\/wp-content\/uploads\/2023\/09\/Copeland_Alpago-2048x1534.jpg 2048w\" sizes=\"auto, (max-width: 300px) 100vw, 300px\" \/><\/a>\n\t\t\t\t<\/dt><\/dl><dl class='gallery-item'>\n\t\t\t\t<dt class='gallery-icon landscape'>\n\t\t\t\t\t<a class=\"rollover rollover-zoom dt-pswp-item\" title=\"Innovation_Lab_taglio_del_nastro\" data-dt-img-description=\"\" data-large_image_width=\"2560\" data-large_image_height=\"1707\"href='https:\/\/www.radiopiu.net\/wordpress\/wp-content\/uploads\/2023\/09\/Innovation_Lab_taglio_del_nastro-scaled.jpg'><img loading=\"lazy\" decoding=\"async\" width=\"300\" height=\"200\" src=\"https:\/\/www.radiopiu.net\/wordpress\/wp-content\/uploads\/2023\/09\/Innovation_Lab_taglio_del_nastro-300x200.jpg\" class=\"attachment-medium size-medium\" alt=\"\" srcset=\"https:\/\/www.radiopiu.net\/wordpress\/wp-content\/uploads\/2023\/09\/Innovation_Lab_taglio_del_nastro-300x200.jpg 300w, https:\/\/www.radiopiu.net\/wordpress\/wp-content\/uploads\/2023\/09\/Innovation_Lab_taglio_del_nastro-1024x683.jpg 1024w, https:\/\/www.radiopiu.net\/wordpress\/wp-content\/uploads\/2023\/09\/Innovation_Lab_taglio_del_nastro-768x512.jpg 768w, https:\/\/www.radiopiu.net\/wordpress\/wp-content\/uploads\/2023\/09\/Innovation_Lab_taglio_del_nastro-1536x1024.jpg 1536w, https:\/\/www.radiopiu.net\/wordpress\/wp-content\/uploads\/2023\/09\/Innovation_Lab_taglio_del_nastro-2048x1366.jpg 2048w\" sizes=\"auto, (max-width: 300px) 100vw, 300px\" \/><\/a>\n\t\t\t\t<\/dt><\/dl>\n\t\t\t\t<br style='clear: both' \/>\n\t\t\t<\/div>\n\n<p>&nbsp;<\/p>\n<hr \/>\n<p>&nbsp;<\/p>\n<p>&nbsp;<\/p>\n<blockquote>\n<h3>GRANDI CHEF AD HORECA 2023<\/h3>\n<\/blockquote>\n<p><strong> <a class=\"dt-pswp-item\" href=\"https:\/\/www.radiopiu.net\/wordpress\/wp-content\/uploads\/2023\/09\/Dolomiti-HoReCa-2023_06.jpg\" data-dt-img-description=\"\" data-large_image_width=\"2300\" data-large_image_height=\"1533\"><img loading=\"lazy\" decoding=\"async\" class=\"wp-image-354653 alignleft\" src=\"https:\/\/www.radiopiu.net\/wordpress\/wp-content\/uploads\/2023\/09\/Dolomiti-HoReCa-2023_06-300x200.jpg\" alt=\"\" width=\"159\" height=\"106\" srcset=\"https:\/\/www.radiopiu.net\/wordpress\/wp-content\/uploads\/2023\/09\/Dolomiti-HoReCa-2023_06-300x200.jpg 300w, https:\/\/www.radiopiu.net\/wordpress\/wp-content\/uploads\/2023\/09\/Dolomiti-HoReCa-2023_06-1024x683.jpg 1024w, https:\/\/www.radiopiu.net\/wordpress\/wp-content\/uploads\/2023\/09\/Dolomiti-HoReCa-2023_06-768x512.jpg 768w, https:\/\/www.radiopiu.net\/wordpress\/wp-content\/uploads\/2023\/09\/Dolomiti-HoReCa-2023_06-1536x1024.jpg 1536w, https:\/\/www.radiopiu.net\/wordpress\/wp-content\/uploads\/2023\/09\/Dolomiti-HoReCa-2023_06-2048x1365.jpg 2048w\" sizes=\"auto, (max-width: 159px) 100vw, 159px\" \/><\/a>LONGARONE\u00a0<\/strong> Nomi di spicco e toque blance: Horeca 2023 apre nel segno dei grandi chef. La fiera dell\u2019accoglienza e del turismo &#8211; hotellerie-restaurant-caf\u00e8 &#8211; di scena a Longarone Fiere Dolomiti dal 2 al 4 ottobre, alza il sipario sulla cucina stellata. Con la presenza di alcune delle \u201cstar\u201d dei fornelli. Quindi i pi\u00f9 grandi chef saranno tutti a Longarone. I ristoratori di ogni provincia veneta riceveranno il premio dal presidente regionale di Fipe, Paolo Artelio, e dai presidenti provinciali, tra cui figurano lo chef stellato bellunese Graziano Prest, e il padovano Erminio Alajmo, titolare di uno dei ristoranti pi\u00f9 prestigiosi al mondo, Le Calandre.<\/p>\n<p>&nbsp;<\/p>\n<p>&nbsp;<\/p>\n<hr \/>\n<p>&nbsp;<\/p>\n<blockquote>\n<h3>SICUREZZA GARANTITA ALLA SAGRA DI POLPET<\/h3>\n<\/blockquote>\n<p><strong><a class=\"dt-pswp-item\" href=\"https:\/\/www.radiopiu.net\/wordpress\/wp-content\/uploads\/2023\/09\/Security_alla_sagra_di_Polpet.jpg\" data-dt-img-description=\"\" data-large_image_width=\"1198\" data-large_image_height=\"747\"><img loading=\"lazy\" decoding=\"async\" class=\" wp-image-354640 alignleft\" src=\"https:\/\/www.radiopiu.net\/wordpress\/wp-content\/uploads\/2023\/09\/Security_alla_sagra_di_Polpet-300x187.jpg\" alt=\"\" width=\"189\" height=\"118\" srcset=\"https:\/\/www.radiopiu.net\/wordpress\/wp-content\/uploads\/2023\/09\/Security_alla_sagra_di_Polpet-300x187.jpg 300w, https:\/\/www.radiopiu.net\/wordpress\/wp-content\/uploads\/2023\/09\/Security_alla_sagra_di_Polpet-1024x639.jpg 1024w, https:\/\/www.radiopiu.net\/wordpress\/wp-content\/uploads\/2023\/09\/Security_alla_sagra_di_Polpet-768x479.jpg 768w, https:\/\/www.radiopiu.net\/wordpress\/wp-content\/uploads\/2023\/09\/Security_alla_sagra_di_Polpet.jpg 1198w\" sizes=\"auto, (max-width: 189px) 100vw, 189px\" \/><\/a>PONTE NELLE ALPI <\/strong>\u00abRingrazio pubblicamente Giovanni Maria Porcu e tutti i suoi collaboratori per la professionalit\u00e0 e la disponibilit\u00e0 dimostrate nei confronti dell\u2019intera comunit\u00e0; la loro generosit\u00e0 \u00e8 degna di merito e d\u00e0 lustro al nostro territorio\u00bb. Lo afferma il sindaco di Ponte nelle Alpi, Paolo Vendramini, dopo il grande successo in termini di partecipazione e di organizzazione della Sagra di Polpet.<span class=\"gmail-Apple-converted-space\"> \u00a0<\/span><\/p>\n<p>&nbsp;<\/p>\n<p>&nbsp;<\/p>\n<hr \/>\n<p>&nbsp;<\/p>\n<blockquote>\n<h3>DA LUNEDI LA CONSEGNA DELLE PENSIONI<\/h3>\n<\/blockquote>\n<p><strong>BELLUNO <\/strong>Poste Italiane comunica che in tutti i 104 Uffici Postali della provincia di Belluno le pensioni del mese di ottobre saranno in pagamento a partire da luned\u00ec 2. Per il ritiro delle pensioni in contanti, l\u2019azienda consiglia di seguire la turnazione alfabetica suggerita nell\u2019avviso esposto all\u2019esterno di ciascun Ufficio Postale, come nell\u2019esempio:<em>dalla A alla C luned\u00ec 2 ottobre; <\/em><em>dalla D alla K marted\u00ec 3 ottobre; <\/em><em>dalla L alla P mercoled\u00ec 4 ottobre; <\/em><em>dalla Q alla Z gioved\u00ec 5 ottobre.<\/em><\/p>\n<p>&nbsp;<\/p>\n<p>&nbsp;<\/p>\n<hr \/>\n<p>&nbsp;<\/p>\n<p>&nbsp;<\/p>\n<blockquote>\n<h3>INIZIATI GLI INTERVENTI ALLA FERRATA SPERTI<\/h3>\n<\/blockquote>\n<p><strong>BELLUNO<\/strong> Hanno preso il via gli interventi alla ferrata Sperti: la storica via che unisce il bivacco Sperti al bivacco Della Bernardina sar\u00e0 completamente ristrutturata. I lavori sono iniziati luned\u00ec, sul posto ci sono due squadre da tre persone ciascuna del gruppo guide alpine di Cortina che si alterneranno per sostituire scalette, chiodi e funi e completare tutto il tracciato, salvo complicazioni meteo, entro un mese e mezzo. \u201c<em>Il gruppo della Schiara e tutta l\u2019Alta via numero 1 sono estremamente strategici per il turismo della nostra citt\u00e0 \u2013 spiega l\u2019assessore al turismo, Paolo Luciani -, per questo stiamo puntando energie, progetti e risorse per potenziare ulteriormente l\u2019offerta in quest\u2019area e sistemare l\u2019esistente. La Sperti verr\u00e0 riaperta a breve, era chiusa da 5 o 6 anni, e questo \u00e8 un grande risultato\u201d. <\/em>Al momento il Rifugio Settimo Alpini \u00e8 raggiungibile dalla ferrata Marino Guardiano oppure, dal rifugio Pian di fontana.<\/p>\n<p>&nbsp;<\/p>\n<hr \/>\n<p>&nbsp;<\/p>\n<blockquote>\n<h3>LUNEDI IN SALA DON TAMIS IL CONSIGLIO DELL&#8217;UNIONE MONTANA<\/h3>\n<\/blockquote>\n<p><strong>AGORDO<\/strong> Lunedi alle 20 consiglio convocato dal Presidente Paolo Frena. All&#8217;ordine del giorno: aggiornamento strade silvo pastorali; bilancio 2022, presentazione del Dup e comunicazioni del Presidente.<\/p>\n<p>&nbsp;<\/p>\n<p>&nbsp;<\/p>\n<blockquote>\n<h3>MARTEDI&#8217; CONSIGLIO COMUNALE A FALCADE<\/h3>\n<\/blockquote>\n<p><strong>FALCADE<\/strong> Il sindaco di Falcade Mauro Salvaterra ha convocato il consiglio comunale per marted\u00ec alle 20. Sono 6 i punti da discutere tra cui una variazione a bilancio, due istanze per mutamento di destinazione di terreni, l&#8217;approvazione del regolamento per la disciplina del volontariato civico individuale e il regolamento della biblioteca comunale.<\/p>\n<p>&nbsp;<\/p>\n<p>&nbsp;<\/p>\n<hr \/>\n<p>&nbsp;<\/p>\n<blockquote>\n<h3>NUOVO PUNTO VENDITA WALBER A VISOME<\/h3>\n<\/blockquote>\n<p><strong><a class=\"dt-pswp-item\" href=\"https:\/\/www.radiopiu.net\/wordpress\/wp-content\/uploads\/2023\/09\/WALBER.png\" data-dt-img-description=\"\" data-large_image_width=\"572\" data-large_image_height=\"235\"><img loading=\"lazy\" decoding=\"async\" class=\" wp-image-354623 alignleft\" src=\"https:\/\/www.radiopiu.net\/wordpress\/wp-content\/uploads\/2023\/09\/WALBER-300x123.png\" alt=\"\" width=\"234\" height=\"96\" srcset=\"https:\/\/www.radiopiu.net\/wordpress\/wp-content\/uploads\/2023\/09\/WALBER-300x123.png 300w, https:\/\/www.radiopiu.net\/wordpress\/wp-content\/uploads\/2023\/09\/WALBER.png 572w\" sizes=\"auto, (max-width: 234px) 100vw, 234px\" \/><\/a>BELLUNO <\/strong>Il negozio Alimentari Scarton a Visome, operante da oltre sessant&#8217;anni e di propriet\u00e0 della famiglia Scarton, entrer\u00e0 a far parte del Gruppo Walber a partire dal 1\u00b0 ottobre. Questa acquisizione porter\u00e0 il numero di punti vendita del Gruppo Walber a sedici. Il titolare Giuseppe Scarton ha sottolineato la difficolt\u00e0 di gestire un negozio di piccole dimensioni ma importante per la comunit\u00e0 locale e ha dichiarato che la fusione con il Gruppo Walber permetter\u00e0 una gestione pi\u00f9 efficiente e ottimizzazione dei costi. Il Gruppo Walber si impegner\u00e0 a mantenere il valore storico del negozio e a offrire servizi moderni in linea con le esigenze dei clienti. Sar\u00e0 anche implementata un&#8217;ampia gamma di prodotti a marchio del Gruppo Walber e della Bottega Bellunese, promuovendo i prodotti locali. Il negozio sar\u00e0 chiuso per lavori di ristrutturazione e riaprir\u00e0 il 3 ottobre come JuniorW di Visome, parte del Gruppo Walber, con un nuovo layout e assortimento di prodotti.<\/p>\n<p>&nbsp;<\/p>\n<hr \/>\n<p>&nbsp;<\/p>\n<blockquote>\n<h3>DOLOMITI GARDEN APRE LE PORTE ALLA FESTA&#8230;. STIAMO ALLESTENDO IL VILLAGGIO DEL NATALE<\/h3>\n<\/blockquote>\n<p>MAGICA ESPOSIZIONE,\u00a0 ADDOBBI E COLORI, IL BOSCO INCANTATO, UN MONDO DI LUCI, PRESEPE A MODO TUO,\u00a0 LE MERAVIGLIOSE IDEE REGALO. UN PERCORSO CHE\u00a0 AFFASCINA\u00a0 PER CURA E CREATIVITA&#8217;. A BELLUNO VIA DEL BOSCON\u00a0\u00a0\u00a0 <a class=\"moz-txt-link-abbreviated\" href=\"http:\/\/www.dolomitigarden.it\">www.dolomitigarden.it<\/a> WORK IN PROGRESS AL DOLOMITI GARDEN &#8230; SEGUI SU RADIO PIU&#8217; LE ULTIME NOVITA&#8217;&#8230;. DA BELLUNO&#8230; STEFANO DE PARIS.<\/p>\n<p>&nbsp;<\/p>\n<p><strong>PUNTATA 02\u00a0<\/strong><\/p>\n<p><strong>DI MIRKO MEZZACASA<\/strong><\/p>\n<audio class=\"wp-audio-shortcode\" id=\"audio-354590-6\" preload=\"none\" style=\"width: 100%;\" controls=\"controls\"><source type=\"audio\/mpeg\" src=\"https:\/\/www.radiopiu.net\/wordpress\/wp-content\/uploads\/2023\/09\/stefano-de-parisssss.mp3?_=6\" \/><a href=\"https:\/\/www.radiopiu.net\/wordpress\/wp-content\/uploads\/2023\/09\/stefano-de-parisssss.mp3\">https:\/\/www.radiopiu.net\/wordpress\/wp-content\/uploads\/2023\/09\/stefano-de-parisssss.mp3<\/a><\/audio>\n<p>FOTO STORIA 2023&#8230;S&#8217;INIZIA<\/p>\n\n\t\t\t<style type='text\/css'>\n\t\t\t\t#gallery-5 {\n\t\t\t\t\tmargin: auto;\n\t\t\t\t}\n\t\t\t\t#gallery-5 .gallery-item {\n\t\t\t\t\tfloat: left;\n\t\t\t\t\tmargin-top: 10px;\n\t\t\t\t\ttext-align: center;\n\t\t\t\t\twidth: 25%;\n\t\t\t\t}\n\t\t\t\t#gallery-5 img {\n\t\t\t\t\tborder: 2px solid #cfcfcf;\n\t\t\t\t}\n\t\t\t\t#gallery-5 .gallery-caption {\n\t\t\t\t\tmargin-left: 0;\n\t\t\t\t}\n\t\t\t\t\/* see gallery_shortcode() in wp-includes\/media.php *\/\n\t\t\t<\/style>\n\t\t<div id='gallery-5' class='dt-gallery-container gallery galleryid-354590 gallery-columns-4 gallery-size-thumbnail'><dl class='gallery-item'>\n\t\t\t\t<dt class='gallery-icon portrait'>\n\t\t\t\t\t<a class=\"rollover\" href='https:\/\/www.radiopiu.net\/wordpress\/dolomiti-garden-apre-le-porte-alla-festa-stefano-il-coronato-canta-tu-scendi-dalle-stelle\/3b994582-cdd5-4063-84c2-24c0924e3cdd\/'><img loading=\"lazy\" decoding=\"async\" width=\"150\" height=\"150\" src=\"https:\/\/www.radiopiu.net\/wordpress\/wp-content\/uploads\/2023\/09\/3b994582-cdd5-4063-84c2-24c0924e3cdd-150x150.jpg\" class=\"attachment-thumbnail size-thumbnail\" alt=\"\" aria-describedby=\"gallery-5-354660\" \/><\/a>\n\t\t\t\t<\/dt>\n\t\t\t\t\t<dd class='wp-caption-text gallery-caption' id='gallery-5-354660'>\n\t\t\t\t\tmammma quanto mi diverto\n\t\t\t\t\t<\/dd><\/dl><dl class='gallery-item'>\n\t\t\t\t<dt class='gallery-icon portrait'>\n\t\t\t\t\t<a class=\"rollover\" href='https:\/\/www.radiopiu.net\/wordpress\/dolomiti-garden-apre-le-porte-alla-festa-stefano-il-coronato-canta-tu-scendi-dalle-stelle\/093f0569-b910-48a7-8d41-10ad31ffc5ac\/'><img loading=\"lazy\" decoding=\"async\" width=\"150\" height=\"150\" src=\"https:\/\/www.radiopiu.net\/wordpress\/wp-content\/uploads\/2023\/09\/093f0569-b910-48a7-8d41-10ad31ffc5ac-150x150.jpg\" class=\"attachment-thumbnail size-thumbnail\" alt=\"\" aria-describedby=\"gallery-5-354659\" \/><\/a>\n\t\t\t\t<\/dt>\n\t\t\t\t\t<dd class='wp-caption-text gallery-caption' id='gallery-5-354659'>\n\t\t\t\t\til momento meno opportuno per un prurito sotto l&#8217;ascella\n\t\t\t\t\t<\/dd><\/dl><dl class='gallery-item'>\n\t\t\t\t<dt class='gallery-icon landscape'>\n\t\t\t\t\t<a class=\"rollover\" href='https:\/\/www.radiopiu.net\/wordpress\/dolomiti-garden-apre-le-porte-alla-festa-stefano-il-coronato-canta-tu-scendi-dalle-stelle\/95227f6a-0154-4c78-8258-0803eaa9ccf0\/'><img loading=\"lazy\" decoding=\"async\" width=\"150\" height=\"150\" src=\"https:\/\/www.radiopiu.net\/wordpress\/wp-content\/uploads\/2023\/09\/95227f6a-0154-4c78-8258-0803eaa9ccf0-150x150.jpg\" class=\"attachment-thumbnail size-thumbnail\" alt=\"\" aria-describedby=\"gallery-5-354658\" \/><\/a>\n\t\t\t\t<\/dt>\n\t\t\t\t\t<dd class='wp-caption-text gallery-caption' id='gallery-5-354658'>\n\t\t\t\t\tadesso vi spiego il progettino\n\t\t\t\t\t<\/dd><\/dl><dl class='gallery-item'>\n\t\t\t\t<dt class='gallery-icon landscape'>\n\t\t\t\t\t<a class=\"rollover\" href='https:\/\/www.radiopiu.net\/wordpress\/dolomiti-garden-apre-le-porte-alla-festa-stefano-il-coronato-canta-tu-scendi-dalle-stelle\/9c9d419a-cc78-406c-a05a-1aa9421557fd\/'><img loading=\"lazy\" decoding=\"async\" width=\"150\" height=\"150\" src=\"https:\/\/www.radiopiu.net\/wordpress\/wp-content\/uploads\/2023\/09\/9c9d419a-cc78-406c-a05a-1aa9421557fd-150x150.jpg\" class=\"attachment-thumbnail size-thumbnail\" alt=\"\" aria-describedby=\"gallery-5-354661\" \/><\/a>\n\t\t\t\t<\/dt>\n\t\t\t\t\t<dd class='wp-caption-text gallery-caption' id='gallery-5-354661'>\n\t\t\t\t\tbirretta?\n\t\t\t\t\t<\/dd><\/dl><br style=\"clear: both\" \/>\n\t\t\t<\/div>\n\n<p>&nbsp;<\/p>\n<hr \/>\n<p>&nbsp;<\/p>\n<blockquote>\n<h2>CINQUE STELLE AL DOLOMITI GARDEN&#8230;RICONOSCIMENTO FACEBOOK<\/h2>\n<\/blockquote>\n<p><strong><a class=\"dt-pswp-item\" href=\"https:\/\/www.radiopiu.net\/wordpress\/wp-content\/uploads\/2023\/09\/Senza-nome-68.png\" data-dt-img-description=\"\" data-large_image_width=\"528\" data-large_image_height=\"328\"><img loading=\"lazy\" decoding=\"async\" class=\"wp-image-354206 alignleft\" src=\"https:\/\/www.radiopiu.net\/wordpress\/wp-content\/uploads\/2023\/09\/Senza-nome-68-300x186.png\" alt=\"\" width=\"156\" height=\"97\" srcset=\"https:\/\/www.radiopiu.net\/wordpress\/wp-content\/uploads\/2023\/09\/Senza-nome-68-300x186.png 300w, https:\/\/www.radiopiu.net\/wordpress\/wp-content\/uploads\/2023\/09\/Senza-nome-68.png 528w\" sizes=\"auto, (max-width: 156px) 100vw, 156px\" \/><\/a>REDAZIONE<\/strong> E&#8217; cascato dal pero Stefano De Paris quando gli hanno fatto notare il grado di reputazione della sua &#8220;creatura&#8221; l\u00e0 sul Boscon. Parliamo del Dolomiti Garden,, una delle pi\u00f9 estese e complete serre delle\u00a0Dolomiti. L&#8217;ultima importante soddisfazione arriva dalla classifica del social network facebook con riferimento alla &#8220;reputazione&#8221; dettata dalle recensioni dei clienti. Gi\u00e0 le 5 stelle sono un risultato importante, ma quel\u00a0 quarto\u00a0 posto in classifica \u00e8 notevole, dietro a grandi serre di Bologna, Taranto, Vicenza e davanti a Bari, Milano, Torino etc&#8230; &#8220;Se sono soddisfatto? Come non esserlo &#8211; dice Stefano De Paris &#8211; una soddisfazione condivisa con tutti i miei collaboratori, il merito va infatti diviso equamente tra chi trascorre tante piacevoli ore tra fiori e clienti&#8221;.<\/p>\n<p>mm<a class=\"dt-pswp-item\" href=\"https:\/\/www.radiopiu.net\/wordpress\/wp-content\/uploads\/2023\/09\/Senza-nome-82.png\" data-dt-img-description=\"\" data-large_image_width=\"595\" data-large_image_height=\"446\"><img loading=\"lazy\" decoding=\"async\" class=\"size-medium wp-image-354677 aligncenter\" src=\"https:\/\/www.radiopiu.net\/wordpress\/wp-content\/uploads\/2023\/09\/Senza-nome-82-300x225.png\" alt=\"\" width=\"300\" height=\"225\" srcset=\"https:\/\/www.radiopiu.net\/wordpress\/wp-content\/uploads\/2023\/09\/Senza-nome-82-300x225.png 300w, https:\/\/www.radiopiu.net\/wordpress\/wp-content\/uploads\/2023\/09\/Senza-nome-82.png 595w\" sizes=\"auto, (max-width: 300px) 100vw, 300px\" \/><\/a><\/p>\n<p>&nbsp;<\/p>\n<hr \/>\n<p>&nbsp;<\/p>\n<blockquote>\n<h3>IN MOTO CON LA MAMMA, DESIDERIO ESAUDITO<\/h3>\n<\/blockquote>\n<div class=\"__fb-light-mode x1n2onr6\" role=\"row\">\n<div class=\"\">\n<div class=\"x78zum5 xdt5ytf x1n2onr6\" tabindex=\"0\" role=\"gridcell\" data-release-focus-from=\"CLICK\" data-scope=\"messages_table\">\n<div class=\"x78zum5\" role=\"none\">\n<div class=\"x78zum5 x1iyjqo2 xs83m0k xeuugli\" role=\"none\">\n<div class=\"x1h91t0o xkh2ocl x78zum5 xdt5ytf x13a6bvl xcrg951 x1r145dm\" role=\"none\">\n<div class=\"x78zum5 xh8yej3\" role=\"none\">\n<div class=\"x1cy8zhl x78zum5 xdt5ytf x193iq5w x1n2onr6\">\n<div class=\"x78zum5 xh8yej3\" role=\"none\">\n<div class=\"x1tlxs6b x1g8br2z x1gn5b1j x230xth x14ctfv x1okitfd x6ikm8r x10wlt62 x1mzt3pk x1y1aw1k xn6708d xwib8y2 x1ye3gou x1n2onr6 x13faqbe x1vjfegm\" role=\"none\">\n<div class=\"x9f619 x1n2onr6 x1ja2u2z __fb-light-mode\" role=\"none\">\n<div class=\"x6prxxf x1fc57z9 x1yc453h x126k92a xzsf02u\" dir=\"auto\" role=\"none\"><strong>REDAZIONE<\/strong> &#8220;La mamma aveva un desiderio &#8211; ci racconta Moreno De Toni &#8211; voleva farsi un giro in moto&#8230; con suo figlio e l&#8217;ho accontentata&#8221;. Giornata particolare per Oliva, le 83 primavere le ha festeggiate sul sellino posteriore della potente moto del figlio. Un bell&#8217;esempio di vita vissuta nella terza et\u00e0. A proposito di Moreno, \u00e8 uno dei nostri &#8220;giovani&#8221; che ha scelto di rimanere sul territorio e, soprattutto, impegnarsi verso gli altri in un lavoro non facile e impegnativo come quello dell&#8217;emergenza sanitaria. Una bella occasione per additarlo come esempio alle nuove generazioni.<\/div>\n<\/div>\n<\/div>\n<div class=\"x1h91t0o xkh2ocl x78zum5 xdt5ytf x13a6bvl x193iq5w x1iyjqo2 xcrg951\" role=\"none\">\n<div class=\"x1r8uery x1iyjqo2\" role=\"none\">\n\n\t\t\t<style type='text\/css'>\n\t\t\t\t#gallery-6 {\n\t\t\t\t\tmargin: auto;\n\t\t\t\t}\n\t\t\t\t#gallery-6 .gallery-item {\n\t\t\t\t\tfloat: left;\n\t\t\t\t\tmargin-top: 10px;\n\t\t\t\t\ttext-align: center;\n\t\t\t\t\twidth: 50%;\n\t\t\t\t}\n\t\t\t\t#gallery-6 img {\n\t\t\t\t\tborder: 2px solid #cfcfcf;\n\t\t\t\t}\n\t\t\t\t#gallery-6 .gallery-caption {\n\t\t\t\t\tmargin-left: 0;\n\t\t\t\t}\n\t\t\t\t\/* see gallery_shortcode() in wp-includes\/media.php *\/\n\t\t\t<\/style>\n\t\t<div id='gallery-6' class='dt-gallery-container gallery galleryid-354590 gallery-columns-2 gallery-size-medium'><dl class='gallery-item'>\n\t\t\t\t<dt class='gallery-icon landscape'>\n\t\t\t\t\t<a class=\"rollover rollover-zoom dt-pswp-item\" title=\"382864660_823013773163827_2674026695266882107_n\" data-dt-img-description=\"\" data-large_image_width=\"366\" data-large_image_height=\"206\"href='https:\/\/www.radiopiu.net\/wordpress\/wp-content\/uploads\/2023\/09\/382864660_823013773163827_2674026695266882107_n.jpg'><img loading=\"lazy\" decoding=\"async\" width=\"300\" height=\"169\" src=\"https:\/\/www.radiopiu.net\/wordpress\/wp-content\/uploads\/2023\/09\/382864660_823013773163827_2674026695266882107_n-300x169.jpg\" class=\"attachment-medium size-medium\" alt=\"\" srcset=\"https:\/\/www.radiopiu.net\/wordpress\/wp-content\/uploads\/2023\/09\/382864660_823013773163827_2674026695266882107_n-300x169.jpg 300w, https:\/\/www.radiopiu.net\/wordpress\/wp-content\/uploads\/2023\/09\/382864660_823013773163827_2674026695266882107_n.jpg 366w\" sizes=\"auto, (max-width: 300px) 100vw, 300px\" \/><\/a>\n\t\t\t\t<\/dt><\/dl><dl class='gallery-item'>\n\t\t\t\t<dt class='gallery-icon landscape'>\n\t\t\t\t\t<a class=\"rollover rollover-zoom dt-pswp-item\" title=\"385409303_1455436588567769_4670130802476517911_n\" data-dt-img-description=\"\" data-large_image_width=\"366\" data-large_image_height=\"206\"href='https:\/\/www.radiopiu.net\/wordpress\/wp-content\/uploads\/2023\/09\/385409303_1455436588567769_4670130802476517911_n.jpg'><img loading=\"lazy\" decoding=\"async\" width=\"300\" height=\"169\" src=\"https:\/\/www.radiopiu.net\/wordpress\/wp-content\/uploads\/2023\/09\/385409303_1455436588567769_4670130802476517911_n-300x169.jpg\" class=\"attachment-medium size-medium\" alt=\"\" srcset=\"https:\/\/www.radiopiu.net\/wordpress\/wp-content\/uploads\/2023\/09\/385409303_1455436588567769_4670130802476517911_n-300x169.jpg 300w, https:\/\/www.radiopiu.net\/wordpress\/wp-content\/uploads\/2023\/09\/385409303_1455436588567769_4670130802476517911_n.jpg 366w\" sizes=\"auto, (max-width: 300px) 100vw, 300px\" \/><\/a>\n\t\t\t\t<\/dt><\/dl><br style=\"clear: both\" \/>\n\t\t\t<\/div>\n\n<\/div>\n<\/div>\n<\/div>\n<\/div>\n<\/div>\n<\/div>\n<\/div>\n<\/div>\n<\/div>\n<\/div>\n<\/div>\n<div class=\"x1o1ewxj x3x9cwd x1e5q0jg x13rtm0m x1ey2m1c xds687c xg01cxk x47corl x10l6tqk x17qophe x13vifvy x1ebt8du x19991ni x1dhq9h\" data-visualcompletion=\"ignore\"><\/div>\n<p>&nbsp;<\/p>\n<p>&nbsp;<\/p>\n<hr \/>\n<p>&nbsp;<\/p>\n<blockquote>\n<h3>DAL 28 AL 30 SETTEMBRE IO GIOCO A BELLUNO<\/h3>\n<\/blockquote>\n<blockquote>\n<h3><img loading=\"lazy\" decoding=\"async\" class=\"alignleft\" src=\"https:\/\/www.radiopiu.net\/wordpress\/wp-content\/uploads\/2023\/09\/bba2047d-8371-4ded-b2ab-3c15080704dc.jpg\" width=\"165\" height=\"178\" \/><\/h3>\n<\/blockquote>\n<p><strong>BELLUNO<\/strong> Saranno tre giorni dedicati a bambini e ragazzi con laboratori e incontri dedicati ai pi\u00f9 giovani. A Belluno, alla Casa Delle Arti Spazio EX, torna &#8220;Io Gioco&#8221;. Per il programma completo <a href=\"https:\/\/www.radiopiu.net\/wordpress\/wp-content\/uploads\/2023\/09\/PROGRAMMA-IOGIOCO_2023OK.pdf\">clicca qui\u00a0<\/a><\/p>\n<p>&nbsp;<\/p>\n<p>&nbsp;<\/p>\n<p>&nbsp;<\/p>\n<p>&nbsp;<\/p>\n<p><strong>i promotori dell&#8217;iniziativa del festival inter generazionale per bambini, adulti, famiglie&#8230;.<\/strong><\/p>\n<audio class=\"wp-audio-shortcode\" id=\"audio-354590-7\" preload=\"none\" style=\"width: 100%;\" controls=\"controls\"><source type=\"audio\/mpeg\" src=\"https:\/\/www.radiopiu.net\/wordpress\/wp-content\/uploads\/2023\/09\/andrea.mp3?_=7\" \/><a href=\"https:\/\/www.radiopiu.net\/wordpress\/wp-content\/uploads\/2023\/09\/andrea.mp3\">https:\/\/www.radiopiu.net\/wordpress\/wp-content\/uploads\/2023\/09\/andrea.mp3<\/a><\/audio>\n<p>&nbsp;<\/p>\n<p>&nbsp;<\/p>\n<p>&nbsp;<\/p>\n<hr \/>\n<p>&nbsp;<\/p>\n<p>&nbsp;<\/p>\n<blockquote>\n<div class=\"page-title-head hgroup\">\n<h3 class=\"entry-title\">VENETO LEGGE-LIBRO PARLATO DI FELTRE-RADIO PIU\u2019\u20142018, VAIA<\/h3>\n<\/div>\n<\/blockquote>\n<p><strong><a class=\"dt-pswp-item\" href=\"https:\/\/www.radiopiu.net\/wordpress\/wp-content\/uploads\/2023\/09\/LIBRO.jpg\" data-dt-img-description=\"\" data-large_image_width=\"1280\" data-large_image_height=\"854\"><img loading=\"lazy\" decoding=\"async\" class=\" wp-image-352342 alignleft\" src=\"https:\/\/www.radiopiu.net\/wordpress\/wp-content\/uploads\/2023\/09\/LIBRO-300x200.jpg\" alt=\"\" width=\"173\" height=\"115\" srcset=\"https:\/\/www.radiopiu.net\/wordpress\/wp-content\/uploads\/2023\/09\/LIBRO-300x200.jpg 300w, https:\/\/www.radiopiu.net\/wordpress\/wp-content\/uploads\/2023\/09\/LIBRO-1024x683.jpg 1024w, https:\/\/www.radiopiu.net\/wordpress\/wp-content\/uploads\/2023\/09\/LIBRO-768x512.jpg 768w, https:\/\/www.radiopiu.net\/wordpress\/wp-content\/uploads\/2023\/09\/LIBRO.jpg 1280w\" sizes=\"auto, (max-width: 173px) 100vw, 173px\" \/><\/a>DI LUISA ALCHINI<\/strong><\/p>\n<audio class=\"wp-audio-shortcode\" id=\"audio-354590-8\" preload=\"none\" style=\"width: 100%;\" controls=\"controls\"><source type=\"audio\/mpeg\" src=\"https:\/\/www.radiopiu.net\/wordpress\/wp-content\/uploads\/2023\/09\/veneto-legge-2023-cilp-e-radio-piu.mp3?_=8\" \/><a href=\"https:\/\/www.radiopiu.net\/wordpress\/wp-content\/uploads\/2023\/09\/veneto-legge-2023-cilp-e-radio-piu.mp3\">https:\/\/www.radiopiu.net\/wordpress\/wp-content\/uploads\/2023\/09\/veneto-legge-2023-cilp-e-radio-piu.mp3<\/a><\/audio>\n<p>&nbsp;<\/p>\n<p>&nbsp;<\/p>\n<p>&nbsp;<\/p>\n<blockquote>\n<h3>OLTRE LE VETTE TRA EVENTI E FESTEGGIAMENTI<\/h3>\n<\/blockquote>\n<blockquote><p><em><a class=\"dt-pswp-item\" href=\"https:\/\/www.radiopiu.net\/wordpress\/wp-content\/uploads\/2023\/09\/d44fd51f-9901-48f9-9af2-efc0dba63f31.jpg\" data-dt-img-description=\"\" data-large_image_width=\"2048\" data-large_image_height=\"1536\"><img loading=\"lazy\" decoding=\"async\" class=\"wp-image-354483 alignleft\" src=\"https:\/\/www.radiopiu.net\/wordpress\/wp-content\/uploads\/2023\/09\/d44fd51f-9901-48f9-9af2-efc0dba63f31-300x225.jpg\" alt=\"\" width=\"221\" height=\"166\" srcset=\"https:\/\/www.radiopiu.net\/wordpress\/wp-content\/uploads\/2023\/09\/d44fd51f-9901-48f9-9af2-efc0dba63f31-300x225.jpg 300w, https:\/\/www.radiopiu.net\/wordpress\/wp-content\/uploads\/2023\/09\/d44fd51f-9901-48f9-9af2-efc0dba63f31-1024x768.jpg 1024w, https:\/\/www.radiopiu.net\/wordpress\/wp-content\/uploads\/2023\/09\/d44fd51f-9901-48f9-9af2-efc0dba63f31-768x576.jpg 768w, https:\/\/www.radiopiu.net\/wordpress\/wp-content\/uploads\/2023\/09\/d44fd51f-9901-48f9-9af2-efc0dba63f31-1536x1152.jpg 1536w, https:\/\/www.radiopiu.net\/wordpress\/wp-content\/uploads\/2023\/09\/d44fd51f-9901-48f9-9af2-efc0dba63f31.jpg 2048w\" sizes=\"auto, (max-width: 221px) 100vw, 221px\" \/><\/a>Cinema, sport, libri, scienza, arte: torna a Belluno dal 6 al 15 ottobre Oltre le Vette. La rassegna sar\u00e0 anche l&#8217;occasione per chiuder\u00e0 i festeggiamenti per i 30 anni del Parco Nazionale delle Dolomiti Bellunesi.<\/em><\/p><\/blockquote>\n<p><strong>BELLUNO<\/strong><\/p>\n<p><strong>di DANIELE DALVIT<\/strong><\/p>\n<audio class=\"wp-audio-shortcode\" id=\"audio-354590-9\" preload=\"none\" style=\"width: 100%;\" controls=\"controls\"><source type=\"audio\/mpeg\" src=\"https:\/\/www.radiopiu.net\/wordpress\/wp-content\/uploads\/2023\/09\/Radio-Piu-Servizio-Oltre-le-Vette-2023.mp3?_=9\" \/><a href=\"https:\/\/www.radiopiu.net\/wordpress\/wp-content\/uploads\/2023\/09\/Radio-Piu-Servizio-Oltre-le-Vette-2023.mp3\">https:\/\/www.radiopiu.net\/wordpress\/wp-content\/uploads\/2023\/09\/Radio-Piu-Servizio-Oltre-le-Vette-2023.mp3<\/a><\/audio>\n<p>&nbsp;<\/p>\n<p>&nbsp;<\/p>\n<p>&nbsp;<\/p>\n<hr \/>\n<p>&nbsp;<\/p>\n<h2><span style=\"color: #ff6600;\">IERI ALLA RADIO<\/span><\/h2>\n<h2><span style=\"color: #800080;\">PROLOCO NELL&#8217;AGORDINO: EVENTI E VOLONTARI<\/span><\/h2>\n<blockquote><p><a class=\"dt-pswp-item\" href=\"https:\/\/www.radiopiu.net\/wordpress\/wp-content\/uploads\/2023\/07\/th-4-150x150-2.jpg\" data-dt-img-description=\"\" data-large_image_width=\"150\" data-large_image_height=\"150\"><img loading=\"lazy\" decoding=\"async\" class=\"size-full wp-image-346216 alignleft\" src=\"https:\/\/www.radiopiu.net\/wordpress\/wp-content\/uploads\/2023\/07\/th-4-150x150-2.jpg\" alt=\"\" width=\"150\" height=\"150\" \/><\/a>VENERDI ALLE 16.30, SABATO\u00a0 ALLE 13.10, DOMENICA\u00a0 ALLE 8.05, LO SPECIALE ESTIVO IN COLLABORAZIONE CON IL COMITATO PROLOCO DELL&#8217;AGORDINO. OGNI SETTIMANA GLI APPUNTAMENTI CON IL DIVERTIMENTO, LA CULTURA E LO SPORT. SEGUICI E SARAI SEMPRE INFORMATO&#8230; ANCHE AD AGOSTO<\/p>\n<blockquote><p><strong>AGORDINO, UN TERRITORIO UNICO le pro loco della vallata unite nella promozione della loro montagna. Incontro promosso dal Consorzio Proloco dell&#8217;Agordino SEGUI LE INIZIATIVE DELLE PROLOCO LOCALI SUI CANALI SOCIAL E SCARICA L&#8217;APPLICAZIONE. VISITA IL SITO DI DOLOMITINEWS iniziativa realizzata con il contributo della Regione del Veneto, spesa sostenuta con i fondi di cui alla legge regionale 34 del 2014 D.G.R. 458 del 18\/04\/2023\u00a0 \u00a0\u00a0<\/strong><\/p><\/blockquote>\n<\/blockquote>\n<p>&nbsp;<\/p>\n<p><strong>PUNTATA 29 SETTEMBRE &#8211; GLI APPUNTAMENTI<\/strong><\/p>\n<audio class=\"wp-audio-shortcode\" id=\"audio-354590-10\" preload=\"none\" style=\"width: 100%;\" controls=\"controls\"><source type=\"audio\/mpeg\" src=\"https:\/\/www.radiopiu.net\/wordpress\/wp-content\/uploads\/2023\/09\/UNPLI-APP.mp3?_=10\" \/><a href=\"https:\/\/www.radiopiu.net\/wordpress\/wp-content\/uploads\/2023\/09\/UNPLI-APP.mp3\">https:\/\/www.radiopiu.net\/wordpress\/wp-content\/uploads\/2023\/09\/UNPLI-APP.mp3<\/a><\/audio>\n<p>&nbsp;<\/p>\n<h2><span style=\"color: #339966;\">VIGILIO COSTA, PRO LOCO DI CANALE D&#8217;AGORDO<\/span><\/h2>\n<p><strong><a class=\"dt-pswp-item\" href=\"https:\/\/www.radiopiu.net\/wordpress\/wp-content\/uploads\/2023\/09\/Canale-dAgordo-BL-scaled.jpg\" data-dt-img-description=\"\" data-large_image_width=\"2560\" data-large_image_height=\"1707\"><img loading=\"lazy\" decoding=\"async\" class=\" wp-image-354164 alignleft\" src=\"https:\/\/www.radiopiu.net\/wordpress\/wp-content\/uploads\/2023\/09\/Canale-dAgordo-BL-300x200.jpg\" alt=\"\" width=\"161\" height=\"107\" srcset=\"https:\/\/www.radiopiu.net\/wordpress\/wp-content\/uploads\/2023\/09\/Canale-dAgordo-BL-300x200.jpg 300w, https:\/\/www.radiopiu.net\/wordpress\/wp-content\/uploads\/2023\/09\/Canale-dAgordo-BL-1024x683.jpg 1024w, https:\/\/www.radiopiu.net\/wordpress\/wp-content\/uploads\/2023\/09\/Canale-dAgordo-BL-768x512.jpg 768w, https:\/\/www.radiopiu.net\/wordpress\/wp-content\/uploads\/2023\/09\/Canale-dAgordo-BL-1536x1024.jpg 1536w, https:\/\/www.radiopiu.net\/wordpress\/wp-content\/uploads\/2023\/09\/Canale-dAgordo-BL-2048x1366.jpg 2048w\" sizes=\"auto, (max-width: 161px) 100vw, 161px\" \/><\/a>OSPITE: Vigilio Costa, Pro Loco Canale D&#8217;Agordo<\/strong><\/p>\n<audio class=\"wp-audio-shortcode\" id=\"audio-354590-11\" preload=\"none\" style=\"width: 100%;\" controls=\"controls\"><source type=\"audio\/mpeg\" src=\"https:\/\/www.radiopiu.net\/wordpress\/wp-content\/uploads\/2023\/09\/vigilio-costa-canale.mp3?_=11\" \/><a href=\"https:\/\/www.radiopiu.net\/wordpress\/wp-content\/uploads\/2023\/09\/vigilio-costa-canale.mp3\">https:\/\/www.radiopiu.net\/wordpress\/wp-content\/uploads\/2023\/09\/vigilio-costa-canale.mp3<\/a><\/audio>\n<p>&nbsp;<\/p>\n<h2><span style=\"color: #008080;\">&#8220;DINTORN E FORA VIA&#8221;\u00a0<\/span><span style=\"color: #008080;\"> IL PROGRAMMA\u00a0 <\/span><span style=\"color: #008080;\">A CURA DEL MUSLA\u00a0\u00a0<\/span><\/h2>\n<p><strong><a class=\"dt-pswp-item\" href=\"https:\/\/www.radiopiu.net\/wordpress\/wp-content\/uploads\/2023\/08\/GIORNALI.jpg\" data-dt-img-description=\"\" data-large_image_width=\"1280\" data-large_image_height=\"853\"><img loading=\"lazy\" decoding=\"async\" class=\" wp-image-350810 alignleft\" src=\"https:\/\/www.radiopiu.net\/wordpress\/wp-content\/uploads\/2023\/08\/GIORNALI-300x200.jpg\" alt=\"\" width=\"158\" height=\"105\" srcset=\"https:\/\/www.radiopiu.net\/wordpress\/wp-content\/uploads\/2023\/08\/GIORNALI-300x200.jpg 300w, https:\/\/www.radiopiu.net\/wordpress\/wp-content\/uploads\/2023\/08\/GIORNALI-1024x682.jpg 1024w, https:\/\/www.radiopiu.net\/wordpress\/wp-content\/uploads\/2023\/08\/GIORNALI-768x512.jpg 768w, https:\/\/www.radiopiu.net\/wordpress\/wp-content\/uploads\/2023\/08\/GIORNALI.jpg 1280w\" sizes=\"auto, (max-width: 158px) 100vw, 158px\" \/><\/a>PUNTATA DEL 29 SETTEMBRE CHIARA FRENA\u00a0<\/strong><\/p>\n<p>Liete da la Chiara da Agort con nuove che revarda l 60\u00ba aniversar del Vajont, i 40 agn de Insieme Si Pu\u00f2 e encontade del Auser. Rubrica su rizete tipiche.<\/p>\n<audio class=\"wp-audio-shortcode\" id=\"audio-354590-12\" preload=\"none\" style=\"width: 100%;\" controls=\"controls\"><source type=\"audio\/mpeg\" src=\"https:\/\/www.radiopiu.net\/wordpress\/wp-content\/uploads\/2023\/09\/MUSLA-7.mp3?_=12\" \/><a href=\"https:\/\/www.radiopiu.net\/wordpress\/wp-content\/uploads\/2023\/09\/MUSLA-7.mp3\">https:\/\/www.radiopiu.net\/wordpress\/wp-content\/uploads\/2023\/09\/MUSLA-7.mp3<\/a><\/audio>\n<p>&nbsp;<\/p>\n<hr \/>\n<p>&nbsp;<\/p>\n<p>&nbsp;<\/p>\n<p><span style=\"color: #ff0000;\"><strong>LA LETTERA<\/strong><\/span><br \/>\n<span style=\"color: #ff0000;\"><strong>di\u00a0 FRANCO PIACENTINI_FELTRE<\/strong><\/span><\/p>\n<p><strong>2 OTTOBRE LA FESTA DEI NONNI<\/strong><\/p>\n<p>Nel 2005 fu istituita la &#8220;Festa dei Nonni&#8221; indicando nel 2 ottobre di ogni anno il giorno dei &#8220;festeggiamenti&#8221;. Ricordo che in quel periodo di forti tensioni politiche, sociali e sindacali, anche la CGIL e lo SPI &#8220;salutarono&#8221; ironicamente il provvedimento per l&#8217;eccessiva strumentalit\u00e0 nei confronti delle persone anziane, che all&#8217;epoca avevano, e anche oggi hanno, ben poco da festeggiare. La stragrande maggioranza delle nonne e dei nonni, sono pensionati, con redditi, a dir poco, da fame e con notevoli problemi nelle cure sanitarie e negli aiuti assistenziali. Gli anziani, se malati e\/o non autosufficienti con la necessit\u00e0 di ospitalit\u00e0 in strutture protette (Case di riposo &#8211; RSA &#8211; Centri servizi) nei loro confronti, chiamando in causa: i propri familiari o se completamente indigenti l&#8217;amministrazione comunale di riferimento territoriale, automaticamente scatta la pesante compartecipazione economica sui costi: dai 60 ai 90 euro giornalieri. Ribadite le inconfutabili difficolt\u00e0 che attanagliano, in Italia, milioni di anziani, nella giornata del 2 ottobre, le istituzioni: Comuni, Province e Regioni, il Sindacato, il Terzo settore, le Scuole e le Universit\u00e0, potrebbero, dovrebbero, promuovere iniziative pubbliche per valorizzare i &#8220;nonni&#8221; moltissimi di loro quotidianamente impegnati nel Volontariato. Sarebbe molto pi\u00f9 opportuno che Parlamento e Governo (anche) il 2 ottobre, per dare valore alla festa, si impegnassero ad affrontare e risolvere la pesante situazione sociale ed economica degli anziani (soprattutto non autosufficienti con patologie Alzheimer e Demenza Senile) e delle loro famiglie, evitando &#8220;pelose&#8221; mortificanti sceneggiate di circostanza. Il 2 ottobre venga utilizzato per smascherare le tante inconcludenti e fumose promesse politiche, che di fatto sono state e continuano ad essere, dei veri e propri &#8220;raggiri sociali&#8221; a tutto danno di: pensionati, anziani, disoccupati, disabili, non autosufficienti e poveri. Chi governa la cosa pubblica, accantoni le &#8220;parate festaiole&#8221; e concretizzi risposte esigibili alle seguenti priorit\u00e0 anche per le nonne e per i nonni.<br \/>\n1) Ridurre i prezzi dei prodotti di largo consumo. 2) Abbassare tariffe e imposte.\u00a03) Aumentare il potere d&#8217;acquisto delle pensioni e delle retribuzioni. 4) Finanziare adeguatamente i fondi del sociosanitario e della non autosufficienza. 5) Aggiornare i LEA -LEP sanitari ed assistenziali. 6) Ridurre al massimo le compartecipazioni economiche. 7) Cancellare i lunghi tempi d&#8217;attesa in sanit\u00e0.<br \/>\nDopo aver raggiunto, con la concertazione, questi ed altri obiettivi sociali, allora si potr\u00e0 dare inizio alla festa delle nonne e dei nonni.<\/p>\n<p>&nbsp;<\/p>\n<hr \/>\n<p>&nbsp;<\/p>\n<h2><span style=\"color: #ff0000;\">GLI APPUNTAMENTI DELLA SETTIMANA\u00a0<\/span><\/h2>\n<p><strong>MINIVOLLEY AD AGORDO<\/strong>: con il volley agordino, il martedi e giovedi dalle 18 alle 19.30 nella palestra delle scuole elementari di Taibon. Info 348 6710890<\/p>\n<p>&nbsp;<\/p>\n<blockquote>\n<h3>BORGO PIAVE ETC PRESENTA<\/h3>\n<\/blockquote>\n<p><strong>BELLUNO<\/strong> Oggi C&#8217;e&#8217; di nuovo la Callunga, inaugurazione targa in maiolica ripristinata sull&#8217;omonima via lungo le scalette di Borgo Piave. Oggi alle 11 l&#8217;inaugurazione con momento conviviale.<\/p>\n<p>&nbsp;<\/p>\n<blockquote>\n<h3>LA PRESENTAZIONE DEL LIBRO DI MIRKO BORTOLUZZI<\/h3>\n<\/blockquote>\n<p><strong>LONGARONE<\/strong> Oggi alle 20:30 al Centro Culturale &#8220;F. Parri&#8221; di Longarone si terr\u00e0 la presentazione dell&#8217;ultimo libro di Mirko Bortoluzzi &#8220;Avventure di una persona disabilmente normale.<\/p>\n<p>&nbsp;<\/p>\n<blockquote>\n<h3>CONCERTO D\u2019AUTUNNO<\/h3>\n<\/blockquote>\n<p><strong>COLLE SANTA LUCIA<\/strong> Oggi alle 20:30 nella Chiesa di Santa Fosca appuntamento con il Conzert D\u2019Auton con l\u2019ensamble MusiCol<\/p>\n<p>&nbsp;<\/p>\n<blockquote>\n<h3>LA TESI DI LAUREA DI ELEONORA PESCOSTA<\/h3>\n<\/blockquote>\n<p><strong>FALCADE<\/strong> Oggi in Sala Cinsigliare di Falcade appuntamento con L&#8217;estate delle biblioteche. Sar\u00e0 presentata la tesi di laurea di Eleonora Pescosta.<\/p>\n<p>&nbsp;<\/p>\n<p>&nbsp;<\/p>\n<h2><span style=\"color: #ff0000;\">NEL FINE SETTIMANA RITORNA &#8220;SE DESMONTEGHEA&#8221;. LO SPECIALE ALLA RADIO<\/span><\/h2>\n<p><strong><a class=\"dt-pswp-item\" href=\"https:\/\/www.radiopiu.net\/wordpress\/wp-content\/uploads\/2023\/09\/381063531_705740598237756_1866759592736551411_n-1.jpg\" data-dt-img-description=\"\" data-large_image_width=\"600\" data-large_image_height=\"450\"><img loading=\"lazy\" decoding=\"async\" class=\" wp-image-353717 alignleft\" src=\"https:\/\/www.radiopiu.net\/wordpress\/wp-content\/uploads\/2023\/09\/381063531_705740598237756_1866759592736551411_n-1-300x225.jpg\" alt=\"\" width=\"195\" height=\"146\" srcset=\"https:\/\/www.radiopiu.net\/wordpress\/wp-content\/uploads\/2023\/09\/381063531_705740598237756_1866759592736551411_n-1-300x225.jpg 300w, https:\/\/www.radiopiu.net\/wordpress\/wp-content\/uploads\/2023\/09\/381063531_705740598237756_1866759592736551411_n-1.jpg 600w\" sizes=\"auto, (max-width: 195px) 100vw, 195px\" \/><\/a>di Mirko Mezzacasa<\/strong><\/p>\n<p>OSPITI: Antonella Schena, Eddy Gaspari, Mayra De Marco, Danilo Marmolada<\/p>\n<audio class=\"wp-audio-shortcode\" id=\"audio-354590-13\" preload=\"none\" style=\"width: 100%;\" controls=\"controls\"><source type=\"audio\/mpeg\" src=\"https:\/\/www.radiopiu.net\/wordpress\/wp-content\/uploads\/2023\/09\/se-desmonteghea-2023.mp3?_=13\" \/><a href=\"https:\/\/www.radiopiu.net\/wordpress\/wp-content\/uploads\/2023\/09\/se-desmonteghea-2023.mp3\">https:\/\/www.radiopiu.net\/wordpress\/wp-content\/uploads\/2023\/09\/se-desmonteghea-2023.mp3<\/a><\/audio>\n<p>&nbsp;<\/p>\n<p>&nbsp;<\/p>\n<h2><span style=\"color: #ff0000;\">PROSSIMAMENTE&#8230;\u00a0 \u00a0<\/span><\/h2>\n<blockquote>\n<h3>FRANK WESTERMAN A BORGO VALBELLUNA<\/h3>\n<\/blockquote>\n<p><strong>BORGO VALBELLUNA <\/strong><span style=\"font-size: 12.0pt; line-height: 107%; font-family: 'Times New Roman','serif';\">Lo scrittore olandese, in Italia per partecipare al festival del giornalismo di Internazionale a Ferrara, far\u00e0 tappa a Borgo Valbelluna per presentare il suo ultimo libro \u201cLa commedia cosmica\u201d. <\/span><span style=\"font-size: 12.0pt; line-height: 107%; font-family: 'Times New Roman','serif';\"><span style=\"color: black; font-style: normal; font-variant-ligatures: normal; font-variant-caps: normal; font-weight: 400; letter-spacing: normal; orphans: 2; text-align: start; text-indent: 0px; text-transform: none; widows: 2; word-spacing: 0px; -webkit-text-stroke-width: 0px; white-space: normal; background-color: #ffffff;\">L\u2019evento, organizzato dal Comune di Borgo Valbelluna i<\/span><\/span><span style=\"font-size: 12.0pt; line-height: 107%; font-family: 'Times New Roman','serif';\"><span style=\"color: black; font-style: normal; font-variant-ligatures: normal; font-variant-caps: normal; font-weight: 400; letter-spacing: normal; orphans: 2; text-align: start; text-indent: 0px; text-transform: none; widows: 2; word-spacing: 0px; -webkit-text-stroke-width: 0px; white-space: normal; background-color: #ffffff;\">n collaborazione con la casa editrice Iperborea, si ter<\/span><\/span><strong><span style=\"font-size: 12.0pt; line-height: 107%; font-family: 'Times New Roman','serif';\"><span style=\"color: black; font-style: normal; font-variant-ligatures: normal; font-variant-caps: normal; font-weight: 400; letter-spacing: normal; orphans: 2; text-align: start; text-indent: 0px; text-transform: none; widows: 2; word-spacing: 0px; -webkit-text-stroke-width: 0px; white-space: normal; background-color: #ffffff;\">r\u00e0 luned\u00ec 2 ottobre alle 20.30 nell\u2019auditorium chiesa di S. Pietro a Mel.<\/span><\/span><\/strong><\/p>\n<p>&nbsp;<\/p>\n<p>A Canale d&#8217;Agordo, domenica 8 ottobre: sfilate, pranzo sotto al tendone, premiazioni, premi a sorteggio musica con Oscar<\/p>\n<p><a class=\"dt-pswp-item\" href=\"https:\/\/www.radiopiu.net\/wordpress\/wp-content\/uploads\/2023\/09\/377708261_637996701838723_408931542616663239_n.jpg\" data-dt-img-description=\"\" data-large_image_width=\"526\" data-large_image_height=\"275\"><img loading=\"lazy\" decoding=\"async\" class=\"size-medium wp-image-354560 aligncenter\" src=\"https:\/\/www.radiopiu.net\/wordpress\/wp-content\/uploads\/2023\/09\/377708261_637996701838723_408931542616663239_n-300x157.jpg\" alt=\"\" width=\"300\" height=\"157\" srcset=\"https:\/\/www.radiopiu.net\/wordpress\/wp-content\/uploads\/2023\/09\/377708261_637996701838723_408931542616663239_n-300x157.jpg 300w, https:\/\/www.radiopiu.net\/wordpress\/wp-content\/uploads\/2023\/09\/377708261_637996701838723_408931542616663239_n.jpg 526w\" sizes=\"auto, (max-width: 300px) 100vw, 300px\" \/><\/a><\/p>\n<p>&nbsp;<\/p>\n<hr \/>\n<p>&nbsp;<\/p>\n<p>&nbsp;<\/p>\n<blockquote><p><em><strong><a class=\"dt-pswp-item\" href=\"https:\/\/www.radiopiu.net\/wordpress\/wp-content\/uploads\/2023\/09\/Senza-nome-75.png\" data-dt-img-description=\"\" data-large_image_width=\"478\" data-large_image_height=\"179\"><img loading=\"lazy\" decoding=\"async\" class=\"size-medium wp-image-354485 alignleft\" src=\"https:\/\/www.radiopiu.net\/wordpress\/wp-content\/uploads\/2023\/09\/Senza-nome-75-300x112.png\" alt=\"\" width=\"300\" height=\"112\" srcset=\"https:\/\/www.radiopiu.net\/wordpress\/wp-content\/uploads\/2023\/09\/Senza-nome-75-300x112.png 300w, https:\/\/www.radiopiu.net\/wordpress\/wp-content\/uploads\/2023\/09\/Senza-nome-75.png 478w\" sizes=\"auto, (max-width: 300px) 100vw, 300px\" \/><\/a>SERE D&#8217;AUTUNNO, SERATE DI INCONTRI, DIBATTITI, IMMAGINI FILMATI E MULTIVISIONI. AD AGORDO TUTTI I VENERDI DI OTTOBRE, IN SALA DON TAMIS ALLE 20.45, INGRESSO LIBERO. PRESENTA GIANPAOLO SORATROI.<\/strong><\/em><\/p>\n<p>Interessante serie di incontri, dibattiti, proiezioni inerenti al mondo della montagna &#8211; ma\u00a0non solo &#8211; che si svolgono tutti i venerd\u00ec di ottobre nella prestigiosa e capiente Sala don\u00a0F. Tamis messaci a disposizione per l\u2019occasione dall\u2019Unione Montana Agordina. Nato nel\u00a02007, quest\u2019anno, raggiunge la 15\u00b0 edizione; i temi trattati durante le serate sono diversi\u00a0tra loro per offrire una visione della montagna a 360\u00b0. Questa edizione \u00e8\u00a0dedicata interamente alle donne con quattro ospiti femminili.<\/p><\/blockquote>\n<p>VENERDI 6 OTTOBRE, ANTONELLA GIACOMINI &#8211; VOLEVO VEDERE LA TUNDRA dalla groenlandia alla patagonia<\/p>\n<p>VENERDI 13 OTTOBRE, ALESSANDRA MASI &#8211; ATMOSFERE E VISIONI DI LUOGHI VICINI E LONTANI una fotografa, un percorso emozionale<\/p>\n<p>VENERDI 20 OTTOBRE MARIKA FAE&#8217; &#8211; SPORT E MONTAGNA, SCELTA DI VITA Marika, maestra di sci e guida alpina<\/p>\n<p>VENERDI 27 OTTOBRE ANGELIKA RAINER, SOGNI VERTICALI. arrampicando su fantasie divenute realt\u00e0<\/p>\n<blockquote>\n<h3><\/h3>\n<h3>I 50 ANNI DELLA PRO LOCO DI CENCENIGHE<\/h3>\n<\/blockquote>\n<p><strong>CENCENIGHE<\/strong> Mezzo secolo di vita per la Pro Loco di Cencenighe che sabato 7 ottobre festegger\u00e0 il traguardo dei 50 anni al Nof Fil\u00f2 di Cencenighe. Alle 17:30 l&#8217;excursus sulla storia dell&#8217;associazione in serata festa anni &#8217;80 con DJ Jack<\/p>\n<p>&nbsp;<\/p>\n<p>&nbsp;<\/p>\n<h3>LE MINIERE DELL&#8217;ALTA VAL DEL MIS<br \/>\nPresentazione del film documentario con l&#8217;introduzione di Manuel Conedera. Sabato 14 ottobre alle 20.30 nella sala conferenze del Polo Culturale di Sedico con Speleo Cai Feltre.<\/h3>\n<p><a class=\"dt-pswp-item\" href=\"https:\/\/www.radiopiu.net\/wordpress\/wp-content\/uploads\/2023\/09\/6cb03d14-50c0-4391-9537-f6e817a51572.jpg\" data-dt-img-description=\"\" data-large_image_width=\"1132\" data-large_image_height=\"1600\"><img loading=\"lazy\" decoding=\"async\" class=\"size-medium wp-image-354501 aligncenter\" src=\"https:\/\/www.radiopiu.net\/wordpress\/wp-content\/uploads\/2023\/09\/6cb03d14-50c0-4391-9537-f6e817a51572-212x300.jpg\" alt=\"\" width=\"212\" height=\"300\" srcset=\"https:\/\/www.radiopiu.net\/wordpress\/wp-content\/uploads\/2023\/09\/6cb03d14-50c0-4391-9537-f6e817a51572-212x300.jpg 212w, https:\/\/www.radiopiu.net\/wordpress\/wp-content\/uploads\/2023\/09\/6cb03d14-50c0-4391-9537-f6e817a51572-724x1024.jpg 724w, https:\/\/www.radiopiu.net\/wordpress\/wp-content\/uploads\/2023\/09\/6cb03d14-50c0-4391-9537-f6e817a51572-768x1086.jpg 768w, https:\/\/www.radiopiu.net\/wordpress\/wp-content\/uploads\/2023\/09\/6cb03d14-50c0-4391-9537-f6e817a51572-1087x1536.jpg 1087w, https:\/\/www.radiopiu.net\/wordpress\/wp-content\/uploads\/2023\/09\/6cb03d14-50c0-4391-9537-f6e817a51572.jpg 1132w\" sizes=\"auto, (max-width: 212px) 100vw, 212px\" \/><\/a><\/p>\n<p>&nbsp;<\/p>\n<p>&nbsp;<\/p>\n<p>GALA&#8217; BOLLICINA, QUARTA EDIZIONE. DOMENICA 22 OTTOBRE DALLE 11 ALLE 17 AL NOF FILO&#8217; DI CENCENIGHE. OSPITE D&#8217;ONORE IL SOMMELIER PLURIPREMIATO, LUCA GARDINI, MIGLIOR SOMMELIER AL MONDO 2020 E OGGI AMBASCIATORE DEL METODO CLASSICO. UN EVENTO &#8220;OH PER BACCO, VINI E SAPORI DELLE DOLOMITI.<br \/>\nGALA&#8217; BOLLICINA, DOMENICA 22 OTTOBRE DALLE 11 ALLE 17 AL NOF FILO&#8217; DI CENCENIGHE: 80 BOLLICINE IN DEGUSTAZIONE, 60 AZIENDE PRESENTI, CICCHETTERIA OH PER BACCO, FINGER FOOD E CUCINA &#8220;COSTA&#8221; (o chiusa, come costicina). diretta su radio piu&#8217; E DALLE 17 ALL&#8217;OH PER BACCO AFTER PARTY CON MORGAN DJ info 348 2779135<\/p>\n<p>&nbsp;<\/p>\n<p><a class=\"dt-pswp-item\" href=\"https:\/\/www.radiopiu.net\/wordpress\/wp-content\/uploads\/2023\/09\/880aa720-47e8-48f2-a5b8-7382d84557b2.jpg\" data-dt-img-description=\"\" data-large_image_width=\"1080\" data-large_image_height=\"1533\"><img loading=\"lazy\" decoding=\"async\" class=\"size-medium wp-image-353010 aligncenter\" src=\"https:\/\/www.radiopiu.net\/wordpress\/wp-content\/uploads\/2023\/09\/880aa720-47e8-48f2-a5b8-7382d84557b2-211x300.jpg\" alt=\"\" width=\"211\" height=\"300\" srcset=\"https:\/\/www.radiopiu.net\/wordpress\/wp-content\/uploads\/2023\/09\/880aa720-47e8-48f2-a5b8-7382d84557b2-211x300.jpg 211w, https:\/\/www.radiopiu.net\/wordpress\/wp-content\/uploads\/2023\/09\/880aa720-47e8-48f2-a5b8-7382d84557b2-721x1024.jpg 721w, https:\/\/www.radiopiu.net\/wordpress\/wp-content\/uploads\/2023\/09\/880aa720-47e8-48f2-a5b8-7382d84557b2-768x1090.jpg 768w, https:\/\/www.radiopiu.net\/wordpress\/wp-content\/uploads\/2023\/09\/880aa720-47e8-48f2-a5b8-7382d84557b2.jpg 1080w\" sizes=\"auto, (max-width: 211px) 100vw, 211px\" \/><\/a><\/p>\n<p>&nbsp;<\/p>\n<h2><\/h2>\n<h2><strong><a class=\"dt-pswp-item\" href=\"https:\/\/www.radiopiu.net\/wordpress\/wp-content\/uploads\/2023\/09\/db8bfdca-6229-438e-95d5-3e4f5f945da0.jpg\" data-dt-img-description=\"\" data-large_image_width=\"1599\" data-large_image_height=\"1187\"><img loading=\"lazy\" decoding=\"async\" class=\" wp-image-354438 alignleft\" src=\"https:\/\/www.radiopiu.net\/wordpress\/wp-content\/uploads\/2023\/09\/db8bfdca-6229-438e-95d5-3e4f5f945da0-300x223.jpg\" alt=\"\" width=\"180\" height=\"134\" srcset=\"https:\/\/www.radiopiu.net\/wordpress\/wp-content\/uploads\/2023\/09\/db8bfdca-6229-438e-95d5-3e4f5f945da0-300x223.jpg 300w, https:\/\/www.radiopiu.net\/wordpress\/wp-content\/uploads\/2023\/09\/db8bfdca-6229-438e-95d5-3e4f5f945da0-1024x760.jpg 1024w, https:\/\/www.radiopiu.net\/wordpress\/wp-content\/uploads\/2023\/09\/db8bfdca-6229-438e-95d5-3e4f5f945da0-768x570.jpg 768w, https:\/\/www.radiopiu.net\/wordpress\/wp-content\/uploads\/2023\/09\/db8bfdca-6229-438e-95d5-3e4f5f945da0-1536x1140.jpg 1536w, https:\/\/www.radiopiu.net\/wordpress\/wp-content\/uploads\/2023\/09\/db8bfdca-6229-438e-95d5-3e4f5f945da0.jpg 1599w\" sizes=\"auto, (max-width: 180px) 100vw, 180px\" \/><\/a><span style=\"color: #339966;\">100 DI QUESTI GIORNI: LA FESTA A VILLA SAN GIUSEPPE DI LIVINALLONGO DEL COL DI LANA<\/span><\/strong><\/h2>\n<p><strong>LIVINALLONGO<\/strong> Grande festa a Villa San Giuseppe di Livinallongo. Sabato 14 ottobre sar\u00e0 un lungo pomeriggio tra cultura, musica e convivialit\u00e0. Ad aprire l&#8217;evento l&#8217;intervista a Manolo, Maurizio Zanolla si racconter\u00e0 al pubblico. Dalle 18 la musica dei Tirataie e alle 19 l&#8217;apricena con piatti tipici.<\/p>\n<p><strong>L&#8217;INTERVISTA ALLA RADIO<\/strong><\/p>\n<audio class=\"wp-audio-shortcode\" id=\"audio-354590-14\" preload=\"none\" style=\"width: 100%;\" controls=\"controls\"><source type=\"audio\/mpeg\" src=\"https:\/\/www.radiopiu.net\/wordpress\/wp-content\/uploads\/2023\/06\/CENTO-DI-QUESTI-GIORNI-14-OTTOBRE.mp3?_=14\" \/><a href=\"https:\/\/www.radiopiu.net\/wordpress\/wp-content\/uploads\/2023\/06\/CENTO-DI-QUESTI-GIORNI-14-OTTOBRE.mp3\">https:\/\/www.radiopiu.net\/wordpress\/wp-content\/uploads\/2023\/06\/CENTO-DI-QUESTI-GIORNI-14-OTTOBRE.mp3<\/a><\/audio>\n<p>&nbsp;<\/p>\n<p>&nbsp;<\/p>\n<p>&nbsp;<\/p>\n<p>&nbsp;<\/p>\n<blockquote>\n<h3 class=\"articlePlainSubHead\">Associazione Dafne<\/h3>\n<h3 class=\"articlePlainTitle\">\u00a0&#8220;Voci ribelli&#8221; per dare forza alla comunit\u00e0 del Pride<\/h3>\n<\/blockquote>\n<div class=\"articlePlainText\"><strong><a class=\"dt-pswp-item\" href=\"https:\/\/www.radiopiu.net\/wordpress\/wp-content\/uploads\/2023\/09\/34f4cfc6-e863-46e9-9695-8df44be63421-1.jpg\" data-dt-img-description=\"\" data-large_image_width=\"1200\" data-large_image_height=\"1200\"><img loading=\"lazy\" decoding=\"async\" class=\"wp-image-354561 alignleft\" src=\"https:\/\/www.radiopiu.net\/wordpress\/wp-content\/uploads\/2023\/09\/34f4cfc6-e863-46e9-9695-8df44be63421-1-300x300.jpg\" alt=\"\" width=\"172\" height=\"172\" srcset=\"https:\/\/www.radiopiu.net\/wordpress\/wp-content\/uploads\/2023\/09\/34f4cfc6-e863-46e9-9695-8df44be63421-1-300x300.jpg 300w, https:\/\/www.radiopiu.net\/wordpress\/wp-content\/uploads\/2023\/09\/34f4cfc6-e863-46e9-9695-8df44be63421-1-1024x1024.jpg 1024w, https:\/\/www.radiopiu.net\/wordpress\/wp-content\/uploads\/2023\/09\/34f4cfc6-e863-46e9-9695-8df44be63421-1-150x150.jpg 150w, https:\/\/www.radiopiu.net\/wordpress\/wp-content\/uploads\/2023\/09\/34f4cfc6-e863-46e9-9695-8df44be63421-1-768x768.jpg 768w, https:\/\/www.radiopiu.net\/wordpress\/wp-content\/uploads\/2023\/09\/34f4cfc6-e863-46e9-9695-8df44be63421-1.jpg 1200w\" sizes=\"auto, (max-width: 172px) 100vw, 172px\" \/><\/a>BELLUNO <\/strong>Nasce &#8220;Voci Ribelli&#8221;, il podcast su Spotify e Radio Pi\u00f9 dell&#8217;associazione Dafne, che dar\u00e0 voce alle storie alle tante storie della comunit\u00e0 Lgbt bellunese. Le puntate saranno trasmesse ogni marted\u00ec alle 10.30 e alle 19 in radio e poi in streaming.<\/div>\n<div class=\"articlePlainText\">\u00abIl primo Bellluno pride ha confermato come la comunit\u00e0 Lgbtqia+ esista e sia numerosa anche in provincia, anche se non adeguatamente tutelata e seguita\u00bb, spiegano dall&#8217;associazione, \u00abper questo nasce &#8220;Voci ribelli &#8211; Conversazioni senza filtri per ragazzi audaci&#8221;, un podcast ascoltabile su Spotify e ogni marted\u00ec lanciato su Radio Pi\u00f9\u00bb.<\/div>\n<div class=\"articlePlainText\">Il podcast sar\u00e0 solo il primo passo del progetto &#8220;Belluno provincia di persone libere&#8221;, che mira a fornire strumenti utili e una lista di sportelli e competenze per la comunit\u00e0 Lgbt: \u00abCome associazione ci rivolgiamo a ragazzi e famiglie per contrastare e denunciare il mondo della violenza e dell&#8217;abuso da oltre 17 anni\u00bb, spiega la presidente Francesca Pallotta, \u00aba volte ci siamo trovati impreparati di fronte a richieste di aiuto da parte di ragazzi e famiglie e ci si \u00e8 aperta una porta su una realt\u00e0 che non avevamo mai considerato. Quindi ci siamo chiesti come agire per continuare il nostro presidio nel territorio\u00bb.<\/div>\n<div class=\"articlePlainText\">Voci Ribelli vanter\u00e0 la collaborazione di diversi esperti: \u00abVogliamo fornire una rete nel territorio di professionisti e di persone competenti\u00bb, spiega Pallotta, \u00abil podcast, che si svolge in un formato talk, presenter\u00e0 due ospiti fissi: la psicologa e psicoterapeuta Anna Dal Pan e l&#8217;avvocata Elisa Collostide aiuteranno ad affrontare le sfide legate alla discriminazione e alla legalit\u00e0 che la comunit\u00e0 Lgbt pu\u00f2 incontrare\u00bb.\u00a0\u2014<\/div>\n<p><em>CORRIERE DELLE ALPI, F.R.\u00a0<\/em><\/p>\n<p>&nbsp;<\/p>\n<hr \/>\n<p>&nbsp;<\/p>\n<p>&nbsp;<\/p>\n<div class=\"message spoilers-container\" dir=\"auto\">\n<div class=\"column\">\n<div class=\"message spoilers-container\" dir=\"auto\">\n<div class=\"column\">\n<p><img loading=\"lazy\" decoding=\"async\" class=\"aligncenter wp-image-61954 size-full\" src=\"https:\/\/www.radiopiu.net\/wordpress\/wp-content\/uploads\/2018\/09\/viabilita.jpeg\" sizes=\"auto, (max-width: 800px) 100vw, 800px\" srcset=\"https:\/\/www.radiopiu.net\/wordpress\/wp-content\/uploads\/2018\/09\/viabilita.jpeg 800w, https:\/\/www.radiopiu.net\/wordpress\/wp-content\/uploads\/2018\/09\/viabilita-300x38.jpeg 300w, https:\/\/www.radiopiu.net\/wordpress\/wp-content\/uploads\/2018\/09\/viabilita-768x96.jpeg 768w\" alt=\"\" width=\"800\" height=\"100\" \/><\/p>\n<\/div>\n<\/div>\n<div class=\"message spoilers-container\" dir=\"auto\">\n<div class=\"column\">\n<p>&nbsp;<\/p>\n<\/div>\n<\/div>\n<\/div>\n<\/div>\n<blockquote class=\"wp-embedded-content\" data-secret=\"dkNUnOTjGg\"><p><a href=\"https:\/\/www.radiopiu.net\/wordpress\/viabilita\/\">viabilita<\/a><\/p><\/blockquote>\n<p><iframe loading=\"lazy\" class=\"wp-embedded-content\" sandbox=\"allow-scripts\" security=\"restricted\" style=\"position: absolute; clip: rect(1px, 1px, 1px, 1px);\" title=\"&#8220;viabilita&#8221; &#8212; Radio Pi\u00f9\" src=\"https:\/\/www.radiopiu.net\/wordpress\/viabilita\/embed\/#?secret=crZ8010WO7#?secret=dkNUnOTjGg\" data-secret=\"dkNUnOTjGg\" width=\"600\" height=\"338\" frameborder=\"0\" marginwidth=\"0\" marginheight=\"0\" scrolling=\"no\"><\/iframe><\/p>\n<div class=\"message spoilers-container\" dir=\"auto\">\n<div class=\"column\">\n<div class=\"message spoilers-container\" dir=\"auto\">\n<div class=\"column\">\n<div>\n<div dir=\"ltr\">\n<div class=\"gmail_quote\">\n<div dir=\"ltr\">\n<div><\/div>\n<div><\/div>\n<div><\/div>\n<\/div>\n<\/div>\n<\/div>\n<\/div>\n<hr \/>\n<p>&nbsp;<\/p>\n<p><a class=\"dt-pswp-item\" href=\"https:\/\/www.radiopiu.net\/wordpress\/wp-content\/uploads\/2018\/09\/WhatsApp-Image-2018-09-20-at-16.04.06.jpeg\" data-dt-img-description=\"\" data-large_image_width=\"800\" data-large_image_height=\"100\"><img loading=\"lazy\" decoding=\"async\" class=\"wp-image-61378 size-full aligncenter\" src=\"https:\/\/www.radiopiu.net\/wordpress\/wp-content\/uploads\/2018\/09\/WhatsApp-Image-2018-09-20-at-16.04.06.jpeg\" alt=\"\" width=\"800\" height=\"100\" srcset=\"https:\/\/www.radiopiu.net\/wordpress\/wp-content\/uploads\/2018\/09\/WhatsApp-Image-2018-09-20-at-16.04.06.jpeg 800w, https:\/\/www.radiopiu.net\/wordpress\/wp-content\/uploads\/2018\/09\/WhatsApp-Image-2018-09-20-at-16.04.06-300x38.jpeg 300w, https:\/\/www.radiopiu.net\/wordpress\/wp-content\/uploads\/2018\/09\/WhatsApp-Image-2018-09-20-at-16.04.06-768x96.jpeg 768w\" sizes=\"auto, (max-width: 800px) 100vw, 800px\" \/><\/a><\/p>\n<\/div>\n<\/div>\n<p>&nbsp;<\/p>\n<\/div>\n<\/div>\n<p><center><b>OGGI<\/b><\/center><b>Tempo atteso: <\/b>Tempo stabile e ben soleggiato con il transito di sottili nubi alte specie al mattino. Nelle ore centrali e al pomeriggio formazione di qualche addensamento.<br \/>\n<b>Precipitazioni: <\/b>Generalmente assenti (0-10%).<br \/>\n<b>Temperature: <\/b>Temperature stazionarie o in lievissimo calo in alta quota e in lieve aumento le minime nelle valli.<\/p>\n<hr \/>\n<p><center><b>DOMANI<\/b><\/center><b>Tempo atteso: <\/b>Tempo stabile con cielo sereno o al pi\u00f9 poco nuvoloso per qualche sottile velatura durante le ore centrali. Ottima visibilit\u00e0 in quota. Nella notte fino al primo mattino formazione di locali nebbie o nubi basse in Valbelluna e in qualche valle Dolomitica (Cadore), un p\u00f2 pi\u00f9 probabili rispetto a sabato.<br \/>\n<b>Precipitazioni: <\/b>Assenti (0%)<br \/>\n<b>Temperature: <\/b>Temperature in generale lieve calo le minime e in lieve aumento le massime.<\/p>\n<hr \/>\n<p><center><b>LUNEDI<\/b><\/center>Ancora tempo stabile con cielo sereno e contesto termico decisamente mite per la stagione. Temperature senza notevoli variazioni e sempre superiori alla media con marcata escursione termica diurna<\/p>\n<hr \/>\n<p><center><b>MARTEDI<\/b><\/center>Al mattino sereno con la consueta possibilit\u00e0 di qualche nebbia o nube bassa nei fondovalle prealpini fino al primo mattino. Nel pomeriggio ancora ben soleggiato con cielo poco nuvoloso. Verso sera possibile intensificazione delle nubi basse assieme a nuvolosit\u00e0 medio-alta in arrivo da ovest. Temperature pressoch\u00e8 stazionarie.<\/p>\n<p>&nbsp;<\/p>\n<div class=\"message spoilers-container\" dir=\"auto\">\n<hr \/>\n<p>&nbsp;<\/p>\n<p><img loading=\"lazy\" decoding=\"async\" class=\"wp-image-60761 size-full aligncenter\" src=\"https:\/\/www.radiopiu.net\/wordpress\/wp-content\/uploads\/2018\/09\/sport.jpg\" alt=\"\" width=\"800\" height=\"100\" srcset=\"https:\/\/www.radiopiu.net\/wordpress\/wp-content\/uploads\/2018\/09\/sport.jpg 800w, https:\/\/www.radiopiu.net\/wordpress\/wp-content\/uploads\/2018\/09\/sport-300x38.jpg 300w, https:\/\/www.radiopiu.net\/wordpress\/wp-content\/uploads\/2018\/09\/sport-768x96.jpg 768w\" sizes=\"auto, (max-width: 800px) 100vw, 800px\" \/><\/p>\n<p>&nbsp;<\/p>\n<p><span style=\"color: #0000ff;\"><strong>HOCKEY SU GHIACCIO<\/strong><\/span><\/p>\n<blockquote>\n<h3>AD ALLEGHE ARRIVANO I LOMBARDI DEL COMO<\/h3>\n<\/blockquote>\n<p><strong><a class=\"dt-pswp-item\" href=\"https:\/\/www.radiopiu.net\/wordpress\/wp-content\/uploads\/2023\/09\/ef6fa9cb-8978-4c50-8b75-0b40a4dda8bb.jpg\" data-dt-img-description=\"\" data-large_image_width=\"1024\" data-large_image_height=\"468\"><img loading=\"lazy\" decoding=\"async\" class=\" wp-image-354610 alignleft\" src=\"https:\/\/www.radiopiu.net\/wordpress\/wp-content\/uploads\/2023\/09\/ef6fa9cb-8978-4c50-8b75-0b40a4dda8bb-300x137.jpg\" alt=\"\" width=\"267\" height=\"122\" srcset=\"https:\/\/www.radiopiu.net\/wordpress\/wp-content\/uploads\/2023\/09\/ef6fa9cb-8978-4c50-8b75-0b40a4dda8bb-300x137.jpg 300w, https:\/\/www.radiopiu.net\/wordpress\/wp-content\/uploads\/2023\/09\/ef6fa9cb-8978-4c50-8b75-0b40a4dda8bb-768x351.jpg 768w, https:\/\/www.radiopiu.net\/wordpress\/wp-content\/uploads\/2023\/09\/ef6fa9cb-8978-4c50-8b75-0b40a4dda8bb.jpg 1024w\" sizes=\"auto, (max-width: 267px) 100vw, 267px\" \/><\/a>di Roberto Miana, portavoce dell&#8217;Alleghe Hockey<\/strong><\/p>\n<p>Terza giornata del campionato di Italian Hockey League 2023\/2024. Sabato 30 settembre alle 20:30 l\u2019Alleghe ospita all\u2019Alvise De Toni il Como. Le Civette, nella trasferta di Pergine valevole per la seconda giornata, non hanno raccolto punti, sconfitte 2-3 dalle Linci. Gara difficile dove i padroni di casa hanno fatto valere le loro qualit\u00e0. Il Pergine, portatosi sul doppio vantaggio, ha poi sub\u00ecto le reti di un Alleghe che ha lottato su ogni disco. Prima Nicola Soppelsa ha accorciato le distanze sottomisura e successivamente \u00e8 arrivato il pareggio di Francesco Soppelsa, ottimamente servito davanti alla porta avversaria. Solo nel finale di gara i padroni di casa hanno trovato la rete del definitivo vantaggio che gli ha permesso di incamerare i tre punti. Nota di merito per il nostro goalie Gianni Scola, che ha tenuto in piedi la squadra nei momenti difficili, chiudendo la propria gara con il 94% di parate. Positivo anche il ritorno sul ghiaccio di Nicola Soppelsa che ha anticipato i tempi di rientro sul ghiaccio, dopo l\u2019infortunio subito nel precampionato, giocatore importantissimo nel reparto difensivo e utilissimo nell\u2019economia della squadra. Il Como, nel turno infrasettimanale giocato gioved\u00ec, ha osservato il turno di riposo, mentre all\u2019esordio sul ghiaccio di Feltre aveva subito una pesante sconfitta per 1-6, in una gara dove i Lariani hanno faticato ad entrare in partita, pagando alcune assenze nel roster. Dalla stagione 2013\/2014, da quando Alleghe e Como si affrontano nel campionato di serie B di hockey su ghiaccio (IHL), le Civette hanno incrociato le stecche con il Como 28 volte. Il bilancio generale conta 18 vittorie Alleghesi e 10 dei Lariani. Se prendiamo in considerazione le sole gare disputate al \u201cDe Toni\u201d di Alleghe, nelle 14 sfide si sono registrati 10 successi dei padroni di casa e 4 degli ospiti. Nell&#8217;ultima gara giocata ai piedi del Civetta, il 28 gennaio scorso, si sono imposti i biancoblu 4-1. Conteggiando le reti totali segnate in questa sfida, l\u2019Alleghe ha messo a referto 106 marcature contro 79 del Como. Positivo il buon riscontro di pubblico (500 spettatori) che, all\u2019esordio casalingo contro il Varese, \u00e8 accorso alla prima al \u201cDe Toni\u201d, senza dimenticare i ragazzi della curva, i \u201cWarriors\u201d, tornarti in buon numero a sostenere a gran voce la squadra. Inoltre, contro i Mastini, i nostri giocatori hanno indossato le bellissime nuove maglie celebrative del 90\u00b0 anniversario della Societ\u00e0, riscontrando apprezzamenti positivi.<br \/>\n<strong>ALLEGHE hockey &#8211; hockey COMO <\/strong>Sabato 30 settembre ore 20:30 \u2013 Palaghiaccio \u201cAlvise De Toni\u201d di Alleghe (BL), Arbitri: Omar Pini\u00e8 e Federico Rivis con giudici di linea Marco Brondi e Andrea Rivis. Collegamenti in DIRETTA RADIOFONICA su Radio Pi\u00f9 (www.radiopiu.net) con \u201cHockey al punto giusto\u201d, in studio Marco Gaz e da Alleghe interventi di Federico Paganin. Chiosco con Wurstel e Birra durante la partita e musica con DJ nel dopopartita&#8230;LE CIVETTE TI ASPETTANO !!!<\/p>\n<p>&nbsp;<\/p>\n<p><span style=\"color: #0000ff;\"><strong>CALCIO<\/strong><\/span><\/p>\n<blockquote>\n<h3>AGORDINA IN CASA CON LA DYNAMO VELLAI. PIAVE IN TRASFERTA CON LA LAMONESE<\/h3>\n<\/blockquote>\n<p><strong><a class=\"dt-pswp-item\" href=\"https:\/\/www.radiopiu.net\/wordpress\/wp-content\/uploads\/2023\/04\/calcio-rigore-2023.png\" data-dt-img-description=\"\" data-large_image_width=\"623\" data-large_image_height=\"402\"><img loading=\"lazy\" decoding=\"async\" class=\" wp-image-331419 alignleft\" src=\"https:\/\/www.radiopiu.net\/wordpress\/wp-content\/uploads\/2023\/04\/calcio-rigore-2023-300x194.png\" alt=\"\" width=\"169\" height=\"109\" srcset=\"https:\/\/www.radiopiu.net\/wordpress\/wp-content\/uploads\/2023\/04\/calcio-rigore-2023-300x194.png 300w, https:\/\/www.radiopiu.net\/wordpress\/wp-content\/uploads\/2023\/04\/calcio-rigore-2023.png 623w\" sizes=\"auto, (max-width: 169px) 100vw, 169px\" \/><\/a>di Marco Gaz<\/strong><\/p>\n<p><strong>REDAZIONE<\/strong> Continuano i campionati LND provinciali per le squadre dell\u2019Agordina Calcio che nel fine settimana vedr\u00e0 impegnate tutte le formazioni iscritte, dal settore giovanile alla prima squadra. Si inizia oggi pomeriggio alle 15:30 quando la squadra Juniores andr\u00e0 a giocare la seconda giornata di campionato. I ragazzi di Agordo saranno all\u2019Ivano Dorigo dove arriva la Plavis. Alle 16 sar\u00e0 il turno dei pi\u00f9 giovani. In campo solo la formazione B che giocher\u00e0 a Canale D\u2019Agordo contro il Valbelluna. Partita rinviata invece per la squadra A che doveva giocare in trasferta contro il Pedavena. Domani mattina in campo gli Allievi che dopo il turno di riposo della scorsa settimana tornano a calcare i campi. Traferita in terra cadorina per la compagine di Agordo che alle 10 si trover\u00e0 di fronte il Cadore 1919. Domani pomeriggio sar\u00e0 il turno della prima squadra allenata da Elvio Chiea che torna a giocare all\u2019Ivano Dorigo di Agordo. Dopo l\u2019ampia vittoria di una settimana fa contro il Tambre, l\u2019Agordina \u00e8 alla ricerca di una conferma contro la Dynamo Vellai. I feltrini hanno 4 punti in classifica come la squadra agordina e si prospetta un match combattuto. Anche il Piave torna in campo. Due sconfitte consecutive per i bellunesi che questa settimana giocheranno in trasferta contro la Lamonese.<\/p>\n<p><strong>L\u2019INTERVISTA DI ANDREA BALDASSI, PORTAVOCE DELE PIAVE CALCIO<\/strong><\/p>\n<audio class=\"wp-audio-shortcode\" id=\"audio-354590-15\" preload=\"none\" style=\"width: 100%;\" controls=\"controls\"><source type=\"audio\/mpeg\" src=\"https:\/\/www.radiopiu.net\/wordpress\/wp-content\/uploads\/2023\/09\/BALDA-INTERVISTA-PIAVE.mp3?_=15\" \/><a href=\"https:\/\/www.radiopiu.net\/wordpress\/wp-content\/uploads\/2023\/09\/BALDA-INTERVISTA-PIAVE.mp3\">https:\/\/www.radiopiu.net\/wordpress\/wp-content\/uploads\/2023\/09\/BALDA-INTERVISTA-PIAVE.mp3<\/a><\/audio>\n<p>&nbsp;<\/p>\n<p><span style=\"color: #0000ff;\"><strong>PALLAVOLO\u00a0<\/strong><\/span><\/p>\n<blockquote>\n<h2>AGORDINE CORSARE A CASTION<\/h2>\n<\/blockquote>\n<p><strong>Successo del volley agordino Eurogroup\u00a0 a Castion, campionato di seconda divisione femminile, girone A. Questi i parziali: 1 set Castion 27 Agordo 25; 2 set Castion 15 Agordo 25;\u00a0 3 set Castion 22 Agordo 25; 4 set Castion 17 Agordo 25<\/strong><br \/>\n<a class=\"dt-pswp-item\" href=\"https:\/\/www.radiopiu.net\/wordpress\/wp-content\/uploads\/2023\/09\/1bffb8ef-49b2-46c5-94b4-0cd734572ec6.jpg\" data-dt-img-description=\"\" data-large_image_width=\"1024\" data-large_image_height=\"768\"><img loading=\"lazy\" decoding=\"async\" class=\"size-medium wp-image-354712 aligncenter\" src=\"https:\/\/www.radiopiu.net\/wordpress\/wp-content\/uploads\/2023\/09\/1bffb8ef-49b2-46c5-94b4-0cd734572ec6-300x225.jpg\" alt=\"\" width=\"300\" height=\"225\" srcset=\"https:\/\/www.radiopiu.net\/wordpress\/wp-content\/uploads\/2023\/09\/1bffb8ef-49b2-46c5-94b4-0cd734572ec6-300x225.jpg 300w, https:\/\/www.radiopiu.net\/wordpress\/wp-content\/uploads\/2023\/09\/1bffb8ef-49b2-46c5-94b4-0cd734572ec6-768x576.jpg 768w, https:\/\/www.radiopiu.net\/wordpress\/wp-content\/uploads\/2023\/09\/1bffb8ef-49b2-46c5-94b4-0cd734572ec6.jpg 1024w\" sizes=\"auto, (max-width: 300px) 100vw, 300px\" \/><\/a><\/p>\n<\/div>\n<p>&nbsp;<\/p>\n<div class=\"message spoilers-container\" dir=\"auto\">\n<blockquote>\n<h3>IL BELLUNO VOLLEY BALLA COI LUPI<\/h3>\n<\/blockquote>\n<p><strong><a class=\"dt-pswp-item\" href=\"https:\/\/www.radiopiu.net\/wordpress\/wp-content\/uploads\/2023\/09\/Test_a_Montecchio_con_Santa_Croce.jpg\" data-dt-img-description=\"\" data-large_image_width=\"1280\" data-large_image_height=\"853\"><img loading=\"lazy\" decoding=\"async\" class=\" wp-image-354629 alignleft\" src=\"https:\/\/www.radiopiu.net\/wordpress\/wp-content\/uploads\/2023\/09\/Test_a_Montecchio_con_Santa_Croce-300x200.jpg\" alt=\"\" width=\"176\" height=\"117\" srcset=\"https:\/\/www.radiopiu.net\/wordpress\/wp-content\/uploads\/2023\/09\/Test_a_Montecchio_con_Santa_Croce-300x200.jpg 300w, https:\/\/www.radiopiu.net\/wordpress\/wp-content\/uploads\/2023\/09\/Test_a_Montecchio_con_Santa_Croce-1024x682.jpg 1024w, https:\/\/www.radiopiu.net\/wordpress\/wp-content\/uploads\/2023\/09\/Test_a_Montecchio_con_Santa_Croce-768x512.jpg 768w, https:\/\/www.radiopiu.net\/wordpress\/wp-content\/uploads\/2023\/09\/Test_a_Montecchio_con_Santa_Croce.jpg 1280w\" sizes=\"auto, (max-width: 176px) 100vw, 176px\" \/><\/a>BELLUNO <\/strong>Per il Belluno Volley, l\u2019asticella si alza progressivamente: prima un avversario di serie B (il Povegliano), poi un altro che i rinoceronti troveranno sul palcoscenico di A3 Credem Banca (il Volley Team Club San Don\u00e0, affrontato due volte in una manciata di giorni). E ora, dall\u2019altra parte della rete, ecco una compagine di A2: la Kemas Lamipel Santa Croce.Oggi alle 18, al Pala Collodi di Montecchio Maggiore, andr\u00e0 in scena il quarto test del pre-campionato. E in palio ci sar\u00e0 pure un trofeo: il Trofeo Feltre. No, il riferimento non \u00e8 alla cittadina della provincia dolomitica, bens\u00ec alla realt\u00e0 produttiva del comprensorio vicentino che promuove l\u2019evento.<\/p>\n<p>&nbsp;<\/p>\n<blockquote>\n<h3>DERBY IN CASA PER LA PALLAVOLO BELLUNO FEMMINILE<\/h3>\n<\/blockquote>\n<p><strong><a class=\"dt-pswp-item\" href=\"https:\/\/www.radiopiu.net\/wordpress\/wp-content\/uploads\/2023\/09\/Carlotta_De_Barba_e_Veronica_Buzzatti.jpg\" data-dt-img-description=\"\" data-large_image_width=\"1019\" data-large_image_height=\"677\"><img loading=\"lazy\" decoding=\"async\" class=\" wp-image-354593 alignleft\" src=\"https:\/\/www.radiopiu.net\/wordpress\/wp-content\/uploads\/2023\/09\/Carlotta_De_Barba_e_Veronica_Buzzatti-300x199.jpg\" alt=\"\" width=\"181\" height=\"120\" srcset=\"https:\/\/www.radiopiu.net\/wordpress\/wp-content\/uploads\/2023\/09\/Carlotta_De_Barba_e_Veronica_Buzzatti-300x199.jpg 300w, https:\/\/www.radiopiu.net\/wordpress\/wp-content\/uploads\/2023\/09\/Carlotta_De_Barba_e_Veronica_Buzzatti-768x510.jpg 768w, https:\/\/www.radiopiu.net\/wordpress\/wp-content\/uploads\/2023\/09\/Carlotta_De_Barba_e_Veronica_Buzzatti.jpg 1019w\" sizes=\"auto, (max-width: 181px) 100vw, 181px\" \/><\/a>BELLUNO<\/strong> Pi\u00f9 derby di cos\u00ec, non si pu\u00f2: stasera alle 18:30<b>,<\/b> al palasport De Mas, la Homeclick SB Volley affronta la Homeclick SB Volley. No, nessun errore e nessuna ripetizione: la seconda giornata del girone eliminatorio di Coppa Veneto femminile mette di fronte la formazione di C, guidata da Josh De Salvador, a quella di serie D, allenata da coach Pezzei.<\/p>\n<p>&nbsp;<\/p>\n<p>&nbsp;<\/p>\n<p>&nbsp;<\/p>\n<p>&nbsp;<\/p>\n<blockquote>\n<hr \/>\n<\/blockquote>\n<p>&nbsp;<\/p>\n<p>&nbsp;<\/p>\n<p>&nbsp;<\/p>\n<p>&nbsp;<\/p>\n<p>&nbsp;<\/p>\n<\/div>\n","protected":false},"excerpt":{"rendered":"<p>Si ricomincia&#8230; cervo investito auto danneggiata. Ieri sera alle 22 a Mas di Vallada, regionale 346 del San Pellegrino. Sul posto di Carabinieri. foto archivio.\u00a0 &nbsp; &nbsp; \u00a0\u00a0 DOLOMITIBUS: IMBARAZZANTE. NECESSARIE AZIONI DECISIVE E URGENTI PRIMA CHE SCOPPI LA PROTESTA DI PIAZZA di mirko mezzacasa In una serie imbarazzante di eventi, ben 111 corse dei&hellip;<\/p>\n","protected":false},"author":4,"featured_media":240079,"comment_status":"closed","ping_status":"closed","sticky":false,"template":"","format":"standard","meta":{"_monsterinsights_skip_tracking":false,"_monsterinsights_sitenote_active":false,"_monsterinsights_sitenote_note":"","_monsterinsights_sitenote_category":0,"footnotes":""},"categories":[51,86,49],"tags":[],"class_list":["post-354590","post","type-post","status-publish","format-standard","has-post-thumbnail","hentry","category-evidenza-top","category-gr","category-news-18","category-51","category-86","category-49","description-off"],"img_url":"https:\/\/www.radiopiu.net\/wordpress\/wp-content\/uploads\/2021\/10\/incidente-cervo-1223039.610x431-1.jpg","_links":{"self":[{"href":"https:\/\/www.radiopiu.net\/wordpress\/wp-json\/wp\/v2\/posts\/354590","targetHints":{"allow":["GET"]}}],"collection":[{"href":"https:\/\/www.radiopiu.net\/wordpress\/wp-json\/wp\/v2\/posts"}],"about":[{"href":"https:\/\/www.radiopiu.net\/wordpress\/wp-json\/wp\/v2\/types\/post"}],"author":[{"embeddable":true,"href":"https:\/\/www.radiopiu.net\/wordpress\/wp-json\/wp\/v2\/users\/4"}],"replies":[{"embeddable":true,"href":"https:\/\/www.radiopiu.net\/wordpress\/wp-json\/wp\/v2\/comments?post=354590"}],"version-history":[{"count":0,"href":"https:\/\/www.radiopiu.net\/wordpress\/wp-json\/wp\/v2\/posts\/354590\/revisions"}],"wp:featuredmedia":[{"embeddable":true,"href":"https:\/\/www.radiopiu.net\/wordpress\/wp-json\/wp\/v2\/media\/240079"}],"wp:attachment":[{"href":"https:\/\/www.radiopiu.net\/wordpress\/wp-json\/wp\/v2\/media?parent=354590"}],"wp:term":[{"taxonomy":"category","embeddable":true,"href":"https:\/\/www.radiopiu.net\/wordpress\/wp-json\/wp\/v2\/categories?post=354590"},{"taxonomy":"post_tag","embeddable":true,"href":"https:\/\/www.radiopiu.net\/wordpress\/wp-json\/wp\/v2\/tags?post=354590"}],"curies":[{"name":"wp","href":"https:\/\/api.w.org\/{rel}","templated":true}]}}