{"id":354613,"date":"2023-09-29T23:59:26","date_gmt":"2023-09-29T21:59:26","guid":{"rendered":"https:\/\/www.radiopiu.net\/wordpress\/?p=354613"},"modified":"2023-09-29T10:34:02","modified_gmt":"2023-09-29T08:34:02","slug":"agordina-in-casa-con-la-dynamo-vellai-piave-in-trasferta-con-la-lamonese","status":"publish","type":"post","link":"https:\/\/www.radiopiu.net\/wordpress\/agordina-in-casa-con-la-dynamo-vellai-piave-in-trasferta-con-la-lamonese\/","title":{"rendered":"AGORDINA IN CASA CON LA DYNAMO VELLAI. PIAVE IN TRASFERTA CON LA LAMONESE"},"content":{"rendered":"<p><strong><a class=\"dt-pswp-item\" href=\"https:\/\/www.radiopiu.net\/wordpress\/wp-content\/uploads\/2023\/04\/calcio-rigore-2023.png\" data-dt-img-description=\"\" data-large_image_width=\"623\" data-large_image_height=\"402\"><img loading=\"lazy\" decoding=\"async\" class=\" wp-image-331419 alignleft\" src=\"https:\/\/www.radiopiu.net\/wordpress\/wp-content\/uploads\/2023\/04\/calcio-rigore-2023-300x194.png\" alt=\"\" width=\"169\" height=\"109\" srcset=\"https:\/\/www.radiopiu.net\/wordpress\/wp-content\/uploads\/2023\/04\/calcio-rigore-2023-300x194.png 300w, https:\/\/www.radiopiu.net\/wordpress\/wp-content\/uploads\/2023\/04\/calcio-rigore-2023.png 623w\" sizes=\"auto, (max-width: 169px) 100vw, 169px\" \/><\/a>di Marco Gaz<\/strong><\/p>\n<p><strong>REDAZIONE<\/strong> Continuano i campionati LND provinciali per le squadre dell\u2019Agordina Calcio che nel fine settimana vedr\u00e0 impegnate tutte le formazioni iscritte, dal settore giovanile alla prima squadra. Si inizia oggi pomeriggio alle 15:30 quando la squadra Juniores andr\u00e0 a giocare la seconda giornata di campionato. I ragazzi di Agordo saranno all\u2019Ivano Dorigo dove arriva la Plavis. Alle 16 sar\u00e0 il turno dei pi\u00f9 giovani. In campo solo la formazione B che giocher\u00e0 a Canale D\u2019Agordo contro il Valbelluna. Partita rinviata invece per la squadra A che doveva giocare in trasferta contro il Pedavena. Domani mattina in campo gli Allievi che dopo il turno di riposo della scorsa settimana tornano a calcare i campi. Traferita in terra cadorina per la compagine di Agordo che alle 10 si trover\u00e0 di fronte il Cadore 1919. Domani pomeriggio sar\u00e0 il turno della prima squadra allenata da Elvio Chiea che torna a giocare all\u2019Ivano Dorigo di Agordo. Dopo l\u2019ampia vittoria di una settimana fa contro il Tambre, l\u2019Agordina \u00e8 alla ricerca di una conferma contro la Dynamo Vellai. I feltrini hanno 4 punti in classifica come la squadra agordina e si prospetta un match combattuto. Anche il Piave torna in campo. Due sconfitte consecutive per i bellunesi che questa settimana giocheranno in trasferta contro la Lamonese.<\/p>\n<p><strong>L\u2019INTERVISTA DI ANDREA BALDASSI, PORTAVOCE DELE PIAVE CALCIO<\/strong><\/p>\n<audio class=\"wp-audio-shortcode\" id=\"audio-354613-1\" preload=\"none\" style=\"width: 100%;\" controls=\"controls\"><source type=\"audio\/mpeg\" src=\"https:\/\/www.radiopiu.net\/wordpress\/wp-content\/uploads\/2023\/09\/BALDA-INTERVISTA-PIAVE.mp3?_=1\" \/><a href=\"https:\/\/www.radiopiu.net\/wordpress\/wp-content\/uploads\/2023\/09\/BALDA-INTERVISTA-PIAVE.mp3\">https:\/\/www.radiopiu.net\/wordpress\/wp-content\/uploads\/2023\/09\/BALDA-INTERVISTA-PIAVE.mp3<\/a><\/audio>\n<p>&nbsp;<\/p>\n<p>&nbsp;<\/p>\n<p>********<\/p>\n","protected":false},"excerpt":{"rendered":"<p>di Marco Gaz REDAZIONE Continuano i campionati LND provinciali per le squadre dell\u2019Agordina Calcio che nel fine settimana vedr\u00e0 impegnate tutte le formazioni iscritte, dal settore giovanile alla prima squadra. Si inizia oggi pomeriggio alle 15:30 quando la squadra Juniores andr\u00e0 a giocare la seconda giornata di campionato. I ragazzi di Agordo saranno all\u2019Ivano Dorigo&hellip;<\/p>\n","protected":false},"author":4,"featured_media":331419,"comment_status":"closed","ping_status":"closed","sticky":false,"template":"","format":"standard","meta":{"_monsterinsights_skip_tracking":false,"_monsterinsights_sitenote_active":false,"_monsterinsights_sitenote_note":"","_monsterinsights_sitenote_category":0,"footnotes":""},"categories":[49],"tags":[],"class_list":["post-354613","post","type-post","status-publish","format-standard","has-post-thumbnail","hentry","category-news-18","category-49","description-off"],"img_url":"https:\/\/www.radiopiu.net\/wordpress\/wp-content\/uploads\/2023\/04\/calcio-rigore-2023.png","_links":{"self":[{"href":"https:\/\/www.radiopiu.net\/wordpress\/wp-json\/wp\/v2\/posts\/354613","targetHints":{"allow":["GET"]}}],"collection":[{"href":"https:\/\/www.radiopiu.net\/wordpress\/wp-json\/wp\/v2\/posts"}],"about":[{"href":"https:\/\/www.radiopiu.net\/wordpress\/wp-json\/wp\/v2\/types\/post"}],"author":[{"embeddable":true,"href":"https:\/\/www.radiopiu.net\/wordpress\/wp-json\/wp\/v2\/users\/4"}],"replies":[{"embeddable":true,"href":"https:\/\/www.radiopiu.net\/wordpress\/wp-json\/wp\/v2\/comments?post=354613"}],"version-history":[{"count":0,"href":"https:\/\/www.radiopiu.net\/wordpress\/wp-json\/wp\/v2\/posts\/354613\/revisions"}],"wp:featuredmedia":[{"embeddable":true,"href":"https:\/\/www.radiopiu.net\/wordpress\/wp-json\/wp\/v2\/media\/331419"}],"wp:attachment":[{"href":"https:\/\/www.radiopiu.net\/wordpress\/wp-json\/wp\/v2\/media?parent=354613"}],"wp:term":[{"taxonomy":"category","embeddable":true,"href":"https:\/\/www.radiopiu.net\/wordpress\/wp-json\/wp\/v2\/categories?post=354613"},{"taxonomy":"post_tag","embeddable":true,"href":"https:\/\/www.radiopiu.net\/wordpress\/wp-json\/wp\/v2\/tags?post=354613"}],"curies":[{"name":"wp","href":"https:\/\/api.w.org\/{rel}","templated":true}]}}