{"id":354614,"date":"2023-09-29T12:26:59","date_gmt":"2023-09-29T10:26:59","guid":{"rendered":"https:\/\/www.radiopiu.net\/wordpress\/?p=354614"},"modified":"2023-09-29T17:02:43","modified_gmt":"2023-09-29T15:02:43","slug":"flessibilita-luxottica-agordo-saltano-alcune-corse-dolomitibus","status":"publish","type":"post","link":"https:\/\/www.radiopiu.net\/wordpress\/flessibilita-luxottica-agordo-saltano-alcune-corse-dolomitibus\/","title":{"rendered":"FLESSIBILITA&#8217; LUXOTTICA AGORDO: SALTANO ALCUNE CORSE DOLOMITIBUS"},"content":{"rendered":"<p><strong><a class=\"dt-pswp-item\" href=\"https:\/\/www.radiopiu.net\/wordpress\/wp-content\/uploads\/2022\/06\/LUXOTTICA-1-scaled.jpg\" data-dt-img-description=\"\" data-large_image_width=\"2560\" data-large_image_height=\"1920\"><img loading=\"lazy\" decoding=\"async\" class=\" wp-image-284022 alignleft\" src=\"https:\/\/www.radiopiu.net\/wordpress\/wp-content\/uploads\/2022\/06\/LUXOTTICA-1-300x225.jpg\" alt=\"\" width=\"161\" height=\"121\" srcset=\"https:\/\/www.radiopiu.net\/wordpress\/wp-content\/uploads\/2022\/06\/LUXOTTICA-1-300x225.jpg 300w, https:\/\/www.radiopiu.net\/wordpress\/wp-content\/uploads\/2022\/06\/LUXOTTICA-1-1024x768.jpg 1024w, https:\/\/www.radiopiu.net\/wordpress\/wp-content\/uploads\/2022\/06\/LUXOTTICA-1-768x576.jpg 768w, https:\/\/www.radiopiu.net\/wordpress\/wp-content\/uploads\/2022\/06\/LUXOTTICA-1-1536x1152.jpg 1536w, https:\/\/www.radiopiu.net\/wordpress\/wp-content\/uploads\/2022\/06\/LUXOTTICA-1-2048x1536.jpg 2048w\" sizes=\"auto, (max-width: 161px) 100vw, 161px\" \/><\/a>AGORDO<\/strong> Domani lo stabilimento Luxottica di Agordo sar\u00e0 al lavoro per la flessibilit\u00e0 prevista gi\u00e0 da un mese. Intanto dai lavoratori arrivano notizie che alcune tratte dei mezzi pubblici non saranno assicurate.<\/p>\n<p><em>Domani \u00e8 previsto che lavori in flessibilit\u00e0 buona parte dello stabilimento di Agordo. Purtroppo questo sabato non saranno disponibili le corriere su alcune tratte e per alcuni orari di lavoro, nonostante (ci dicono) la societ\u00e0 di trasporto abbia chiesto il supporto anche ad altri vettori. La motivazione \u00e8 la carenza di autisti disponibili, situazione ben nota in quanto argomento trattato quotidianamente sui media locali (a volte con interventi pi\u00f9 polemici che utili). Resta il fatto che nella nostra provincia la situazione \u00e8 pi\u00f9 critica che in altre parti ma la carenza di autisti non \u00e8 un problema solo bellunese, basta una veloce ricerca sul web per trovare decine di articoli che riportano problematiche del genere un po&#8217; in tutta Italia, viene quindi da pensare che la risoluzione dei problemi non sar\u00e0 cos\u00ec facile e immediata. In queste settimane il disagio principale per i lavoratori di Agordo \u00e8 stato la mancanza del servizio navetta con ovvie\u00a0 conseguenze sui parcheggi. Il resto dei servizi di trasporto lavoratori per lo stabilimento \u00e8 rimasto abbastanza regolare a parte occasionali inconvenienti sui quali la commissione trasporti si \u00e8 ogni volta attivata. <\/em><br \/>\n<em>La carenza di trasporto nei sabati di flessibilit\u00e0 sar\u00e0 ovviamente oggetto di valutazioni tra RSU e azienda.<\/em><\/p>\n<p><em>Emilio Bez <\/em><br \/>\n<em>Coordinatore Uiltec<\/em><\/p>\n<p>&nbsp;<\/p>\n<p>&nbsp;<\/p>\n<p>******<\/p>\n","protected":false},"excerpt":{"rendered":"<p>AGORDO Domani lo stabilimento Luxottica di Agordo sar\u00e0 al lavoro per la flessibilit\u00e0 prevista gi\u00e0 da un mese. Intanto dai lavoratori arrivano notizie che alcune tratte dei mezzi pubblici non saranno assicurate. Domani \u00e8 previsto che lavori in flessibilit\u00e0 buona parte dello stabilimento di Agordo. Purtroppo questo sabato non saranno disponibili le corriere su alcune&hellip;<\/p>\n","protected":false},"author":4,"featured_media":284022,"comment_status":"closed","ping_status":"closed","sticky":false,"template":"","format":"standard","meta":{"_monsterinsights_skip_tracking":false,"_monsterinsights_sitenote_active":false,"_monsterinsights_sitenote_note":"","_monsterinsights_sitenote_category":0,"footnotes":""},"categories":[51,49],"tags":[],"class_list":["post-354614","post","type-post","status-publish","format-standard","has-post-thumbnail","hentry","category-evidenza-top","category-news-18","category-51","category-49","description-off"],"img_url":"https:\/\/www.radiopiu.net\/wordpress\/wp-content\/uploads\/2022\/06\/LUXOTTICA-1-scaled.jpg","_links":{"self":[{"href":"https:\/\/www.radiopiu.net\/wordpress\/wp-json\/wp\/v2\/posts\/354614","targetHints":{"allow":["GET"]}}],"collection":[{"href":"https:\/\/www.radiopiu.net\/wordpress\/wp-json\/wp\/v2\/posts"}],"about":[{"href":"https:\/\/www.radiopiu.net\/wordpress\/wp-json\/wp\/v2\/types\/post"}],"author":[{"embeddable":true,"href":"https:\/\/www.radiopiu.net\/wordpress\/wp-json\/wp\/v2\/users\/4"}],"replies":[{"embeddable":true,"href":"https:\/\/www.radiopiu.net\/wordpress\/wp-json\/wp\/v2\/comments?post=354614"}],"version-history":[{"count":0,"href":"https:\/\/www.radiopiu.net\/wordpress\/wp-json\/wp\/v2\/posts\/354614\/revisions"}],"wp:featuredmedia":[{"embeddable":true,"href":"https:\/\/www.radiopiu.net\/wordpress\/wp-json\/wp\/v2\/media\/284022"}],"wp:attachment":[{"href":"https:\/\/www.radiopiu.net\/wordpress\/wp-json\/wp\/v2\/media?parent=354614"}],"wp:term":[{"taxonomy":"category","embeddable":true,"href":"https:\/\/www.radiopiu.net\/wordpress\/wp-json\/wp\/v2\/categories?post=354614"},{"taxonomy":"post_tag","embeddable":true,"href":"https:\/\/www.radiopiu.net\/wordpress\/wp-json\/wp\/v2\/tags?post=354614"}],"curies":[{"name":"wp","href":"https:\/\/api.w.org\/{rel}","templated":true}]}}