{"id":354621,"date":"2023-09-29T10:47:01","date_gmt":"2023-09-29T08:47:01","guid":{"rendered":"https:\/\/www.radiopiu.net\/wordpress\/?p=354621"},"modified":"2023-09-29T10:47:01","modified_gmt":"2023-09-29T08:47:01","slug":"nuovo-punto-vendita-walber-a-visome","status":"publish","type":"post","link":"https:\/\/www.radiopiu.net\/wordpress\/nuovo-punto-vendita-walber-a-visome\/","title":{"rendered":"NUOVO PUNTO VENDITA WALBER A VISOME"},"content":{"rendered":"<p><strong> <a class=\"dt-pswp-item\" href=\"https:\/\/www.radiopiu.net\/wordpress\/wp-content\/uploads\/2023\/09\/WALBER.png\" data-dt-img-description=\"\" data-large_image_width=\"572\" data-large_image_height=\"235\"><img loading=\"lazy\" decoding=\"async\" class=\" wp-image-354623 alignleft\" src=\"https:\/\/www.radiopiu.net\/wordpress\/wp-content\/uploads\/2023\/09\/WALBER-300x123.png\" alt=\"\" width=\"234\" height=\"96\" srcset=\"https:\/\/www.radiopiu.net\/wordpress\/wp-content\/uploads\/2023\/09\/WALBER-300x123.png 300w, https:\/\/www.radiopiu.net\/wordpress\/wp-content\/uploads\/2023\/09\/WALBER.png 572w\" sizes=\"auto, (max-width: 234px) 100vw, 234px\" \/><\/a>BELLUNO<\/strong> Domenica 1\u00b0 ottobre: una data che segna un passaggio importante per lo storico negozio Alimentari Scarton con sede a Visome. A oltre sessant\u2019anni dalla fondazione fatta dal nonno Scarton Luigi, il punto vendita, che \u00e8 sempre stato di propriet\u00e0 della famiglia, da oggi entrer\u00e0 a far parte del Gruppo Walber. I titolari Giuseppe e Venigio Scarton hanno siglato l\u2019accordo per annettere la propria azienda a quella del Gruppo Walber che da quasi 50 anni anni opera con professionalit\u00e0 e seriet\u00e0 in provincia, con una rete di quindici punti vendita che con questa acquisizione diventeranno sedici. Il commento di Giuseppe Scarton che da dieci anni guida il negozio di famiglia \u00e8 stato: \u201cDopo essere nato e cresciuto in questa realt\u00e0 famigliare, son arrivato alla guida della stessa e con i tempi che corrono mi sono reso conto delle difficolt\u00e0 e delle insidie che comporta mantenere un servizio cos\u00ec piccolo ma cos\u00ec importante per le nostre zone. Siamo recentemente stati riconosciuti come \u201cNegozio Storico del Veneto\u201d. Da tempo stavamo facendo delle accurate analisi e confronti con altre realt\u00e0 del settore. Ho avuto modo di confrontarmi con il Gruppo Walber e subito abbiamo trovato diversi punti di vista condivisi, come l\u2019idea di essere promotori di un\u00a0 servizio che sia anche volano per i prodotti del nostro territorio. Da qui \u00e8 nato il progetto di far confluire la nostra competenza ed esperienza all\u2019interno dell\u2019Azienda: far parte di una realt\u00e0 ben strutturata permetter\u00e0 al negozio di godere di un supporto nella gestione e ottimizzazione dei costi, al fine di mantenere servizi di prossimit\u00e0 che sono di aiuto alla popolazione oltre che un valore aggiunto per tutta la comunit\u00e0.\u201d \u201cIl Gruppo Walber \u00e8 onorato di poter dare continuit\u00e0 ad una realt\u00e0 cos\u00ec storica per il territorio di Visome -commenta Giovanni Bianco, Direttore Generale del Gruppo Walber &#8211; il nostro impegno per questo punto vendita sar\u00e0 duplice: da un lato mantenere il pi\u00f9 possibile l\u2019anima e il valore storico del negozio, dall\u2019altro lato di farlo crescere per offrire alla popolazione del paese servizi in linea con le esigenze del cliente moderno\u201d. Il Gruppo Walber da sempre punta sulla qualit\u00e0 dei prodotti, l\u2019alto livello del servizio e l\u2019innovazione vista come implementazione di tecnologie a supporto del cliente e dell\u2019ambiente. Per questo punto vendita, come gi\u00e0 fatto prima per gli altri negozi della rete, partir\u00e0 subito un lavoro di studio del restyling e dell\u2019ottimizzazione degli spazi di vendita e l\u2019implementazione sugli scaffali, oltre alla tradizionale offerta di prodotto del negozio di vicinato, delle nostre linee di prodotto a marchio Mondo Natura, Mondo Pulito, Maestri Pasticceri e Ohi Vita, la linea salutistica. In questo modo il Cliente potr\u00e0 trovare ci\u00f2 che \u00e8 abituato a trovare, ma anche prodotti di qualit\u00e0 con un occhio al risparmio. Infine saranno inseriti nell\u2019offerta del negozio i prodotti della Bottega Bellunese, il marchio creato dal Gruppo Walber che racchiude il meglio dei prodotti della Provincia di Belluno, formaggi, panificati, salumi, conserve, dolci, vini, birre e molto altro, tutto made in Belluno e al 100% locale. Giuseppe ci lascia con un\u2019affermazione: \u201cGentili Clienti \u00e8 stato un piacere lavorare e confrontarmi con Voi, Vi dico solo che la mia professionalit\u00e0 e passione continueranno all\u2019interno del Gruppo Walber. Vi faccio i miei migliori auguri per un sereno futuro confidando di incontrarvi presto.\u201d Domani (2 ottobre) cominceranno i primi lavori per rinnovare il punto vendita, pertanto il negozio sar\u00e0 chiuso ma da marted\u00ec 3 ottobre il nuovo JuniorW di Visome sar\u00e0 subito pronto ad accogliere Clienti vecchi e nuovi con un rinnovato layout, nuovi assortimenti di prodotto e la qualit\u00e0 e l\u2019attenzione al servizio che da sempre contraddistingue i negozi della catena W. Il JuniorW di Visome, in Via Visome 130 Vi aspetta per l\u2019inaugurazione ufficiale sabato 7 ottobre alle 10 con un brindisi e una degustazione di formaggi del territorio guidati dai maestri Onaf, in pi\u00f9 per i primi Clienti ci sar\u00e0 un piccolo omaggio. Il negozio sar\u00e0 aperto con orario regolare dal luned\u00ec al sabato dalle 8:00 alle 13:00 e dalle 16:00 alle 19:30 (chiusi il mercoled\u00ec pomierggio).<\/p>\n<p>&nbsp;<\/p>\n<p>&nbsp;<\/p>\n<p>*********<\/p>\n","protected":false},"excerpt":{"rendered":"<p>BELLUNO Domenica 1\u00b0 ottobre: una data che segna un passaggio importante per lo storico negozio Alimentari Scarton con sede a Visome. A oltre sessant\u2019anni dalla fondazione fatta dal nonno Scarton Luigi, il punto vendita, che \u00e8 sempre stato di propriet\u00e0 della famiglia, da oggi entrer\u00e0 a far parte del Gruppo Walber. I titolari Giuseppe e&hellip;<\/p>\n","protected":false},"author":4,"featured_media":354623,"comment_status":"closed","ping_status":"closed","sticky":false,"template":"","format":"standard","meta":{"_monsterinsights_skip_tracking":false,"_monsterinsights_sitenote_active":false,"_monsterinsights_sitenote_note":"","_monsterinsights_sitenote_category":0,"footnotes":""},"categories":[49],"tags":[],"class_list":["post-354621","post","type-post","status-publish","format-standard","has-post-thumbnail","hentry","category-news-18","category-49","description-off"],"img_url":"https:\/\/www.radiopiu.net\/wordpress\/wp-content\/uploads\/2023\/09\/WALBER.png","_links":{"self":[{"href":"https:\/\/www.radiopiu.net\/wordpress\/wp-json\/wp\/v2\/posts\/354621","targetHints":{"allow":["GET"]}}],"collection":[{"href":"https:\/\/www.radiopiu.net\/wordpress\/wp-json\/wp\/v2\/posts"}],"about":[{"href":"https:\/\/www.radiopiu.net\/wordpress\/wp-json\/wp\/v2\/types\/post"}],"author":[{"embeddable":true,"href":"https:\/\/www.radiopiu.net\/wordpress\/wp-json\/wp\/v2\/users\/4"}],"replies":[{"embeddable":true,"href":"https:\/\/www.radiopiu.net\/wordpress\/wp-json\/wp\/v2\/comments?post=354621"}],"version-history":[{"count":0,"href":"https:\/\/www.radiopiu.net\/wordpress\/wp-json\/wp\/v2\/posts\/354621\/revisions"}],"wp:featuredmedia":[{"embeddable":true,"href":"https:\/\/www.radiopiu.net\/wordpress\/wp-json\/wp\/v2\/media\/354623"}],"wp:attachment":[{"href":"https:\/\/www.radiopiu.net\/wordpress\/wp-json\/wp\/v2\/media?parent=354621"}],"wp:term":[{"taxonomy":"category","embeddable":true,"href":"https:\/\/www.radiopiu.net\/wordpress\/wp-json\/wp\/v2\/categories?post=354621"},{"taxonomy":"post_tag","embeddable":true,"href":"https:\/\/www.radiopiu.net\/wordpress\/wp-json\/wp\/v2\/tags?post=354621"}],"curies":[{"name":"wp","href":"https:\/\/api.w.org\/{rel}","templated":true}]}}