{"id":354880,"date":"2023-10-02T05:08:30","date_gmt":"2023-10-02T03:08:30","guid":{"rendered":"https:\/\/www.radiopiu.net\/wordpress\/?p=354880"},"modified":"2023-10-02T05:16:24","modified_gmt":"2023-10-02T03:16:24","slug":"dillo-a-radio-piu-il-trenobus","status":"publish","type":"post","link":"https:\/\/www.radiopiu.net\/wordpress\/dillo-a-radio-piu-il-trenobus\/","title":{"rendered":"DILLO A RADIO PIU&#8217;&#8230;IL TRENOBUS DELLE DOLOMITI"},"content":{"rendered":"<p><strong><a class=\"dt-pswp-item\" href=\"https:\/\/www.radiopiu.net\/wordpress\/wp-content\/uploads\/2023\/09\/e80a02c1-b0b1-4814-abee-347112b53819.jpg\" data-dt-img-description=\"\" data-large_image_width=\"692\" data-large_image_height=\"800\"><img loading=\"lazy\" decoding=\"async\" class=\" wp-image-354881 alignleft\" src=\"https:\/\/www.radiopiu.net\/wordpress\/wp-content\/uploads\/2023\/09\/e80a02c1-b0b1-4814-abee-347112b53819-260x300.jpg\" alt=\"\" width=\"180\" height=\"208\" srcset=\"https:\/\/www.radiopiu.net\/wordpress\/wp-content\/uploads\/2023\/09\/e80a02c1-b0b1-4814-abee-347112b53819-260x300.jpg 260w, https:\/\/www.radiopiu.net\/wordpress\/wp-content\/uploads\/2023\/09\/e80a02c1-b0b1-4814-abee-347112b53819.jpg 692w\" sizes=\"auto, (max-width: 180px) 100vw, 180px\" \/><\/a>Riceviamo e pubblichiamo<\/strong><\/p>\n<p>Sono un&#8217;appassionata di montagna e amo la provincia di Belluno in tutte le sue peculiarit\u00e0. Quest&#8217;estate ho trascorso diverse notti nei rifugi sparsi nelle nostre Dolomiti e ho constatato con enorme piacere, che arrivano alpinisti da tutto il mondo per percorrere le note Alte Vie. C&#8217;erano gruppi di Coreani, Neozelandesi, Australiani, Canadesi e Tedeschi. Un volume enorme di turisti che transitano semi snobbati per la provincia di Belluno. La maggior parte di loro, pernotta in citt\u00e0, per partire la mattina seguente con treno+bus verso il lago di Braies. Dopo numerosi giorni di cammino e con lo zaino carico di ricordi, tornano a Belluno. Una minima parte di loro, arriver\u00e0 a Belluno dall&#8217;unica ferrata aperta sulle 4 esistenti, che consente di raggiungere il Rifugio VII Alpini, poi Case Bortot, in fine Belluno. Altri si fermeranno al Rifugio Sommariva Pramperet e scenderanno verso la Val di Zoldo, e con i mezzi pubblici concluderanno il viaggio. La maggior parte di loro per\u00f2, opter\u00e0 per fare l&#8217;ultimo timbro al Rifugio Bianchet e scendere a La Stanga&#8230;e l\u00ec l&#8217;amara sorpresa: pochissimi autobus e molti dei quali, sfrecciano davanti alla pensilina, senza fermare!! Da qualche anno, Trenitalia ha un collegamento &#8220;freccia link&#8221; autobus+treno che da Alleghe porta verso Belluno con le sole fermate intermedie di Cencenighe e Agordo. Trenitalia nello specifico, non fermando a La Stanga, perde mediamente 70\/80 passeggeri al giorno: 9:30 circa 20 persone, alle 12 circa 40 persone e alle 17 circa 15 persone Viaggiatori che constateranno sulla loro pelle, i disagi nei collegamenti pubblici, che ogni giorno i bellunesi vivono in prima persona. In quale direzione vuole andare la provincia di Belluno? Oltre al settore dell&#8217;occhialeria, c&#8217;\u00e8 molto di pi\u00f9, ma lo si sapr\u00e0 sviluppare?<\/p>\n<p>&nbsp;<\/p>\n<p>&nbsp;<\/p>\n<p>*********<\/p>\n","protected":false},"excerpt":{"rendered":"<p>Riceviamo e pubblichiamo Sono un&#8217;appassionata di montagna e amo la provincia di Belluno in tutte le sue peculiarit\u00e0. Quest&#8217;estate ho trascorso diverse notti nei rifugi sparsi nelle nostre Dolomiti e ho constatato con enorme piacere, che arrivano alpinisti da tutto il mondo per percorrere le note Alte Vie. C&#8217;erano gruppi di Coreani, Neozelandesi, Australiani, Canadesi&hellip;<\/p>\n","protected":false},"author":4,"featured_media":354882,"comment_status":"closed","ping_status":"closed","sticky":false,"template":"","format":"standard","meta":{"_monsterinsights_skip_tracking":false,"_monsterinsights_sitenote_active":false,"_monsterinsights_sitenote_note":"","_monsterinsights_sitenote_category":0,"footnotes":""},"categories":[51,49],"tags":[],"class_list":["post-354880","post","type-post","status-publish","format-standard","has-post-thumbnail","hentry","category-evidenza-top","category-news-18","category-51","category-49","description-off"],"img_url":"https:\/\/www.radiopiu.net\/wordpress\/wp-content\/uploads\/2023\/09\/74a7cc27-0ac9-41b7-8fd0-55c2a7b1216f.jpg","_links":{"self":[{"href":"https:\/\/www.radiopiu.net\/wordpress\/wp-json\/wp\/v2\/posts\/354880","targetHints":{"allow":["GET"]}}],"collection":[{"href":"https:\/\/www.radiopiu.net\/wordpress\/wp-json\/wp\/v2\/posts"}],"about":[{"href":"https:\/\/www.radiopiu.net\/wordpress\/wp-json\/wp\/v2\/types\/post"}],"author":[{"embeddable":true,"href":"https:\/\/www.radiopiu.net\/wordpress\/wp-json\/wp\/v2\/users\/4"}],"replies":[{"embeddable":true,"href":"https:\/\/www.radiopiu.net\/wordpress\/wp-json\/wp\/v2\/comments?post=354880"}],"version-history":[{"count":0,"href":"https:\/\/www.radiopiu.net\/wordpress\/wp-json\/wp\/v2\/posts\/354880\/revisions"}],"wp:featuredmedia":[{"embeddable":true,"href":"https:\/\/www.radiopiu.net\/wordpress\/wp-json\/wp\/v2\/media\/354882"}],"wp:attachment":[{"href":"https:\/\/www.radiopiu.net\/wordpress\/wp-json\/wp\/v2\/media?parent=354880"}],"wp:term":[{"taxonomy":"category","embeddable":true,"href":"https:\/\/www.radiopiu.net\/wordpress\/wp-json\/wp\/v2\/categories?post=354880"},{"taxonomy":"post_tag","embeddable":true,"href":"https:\/\/www.radiopiu.net\/wordpress\/wp-json\/wp\/v2\/tags?post=354880"}],"curies":[{"name":"wp","href":"https:\/\/api.w.org\/{rel}","templated":true}]}}