{"id":354898,"date":"2023-10-02T05:09:24","date_gmt":"2023-10-02T03:09:24","guid":{"rendered":"https:\/\/www.radiopiu.net\/wordpress\/?p=354898"},"modified":"2023-10-02T05:16:03","modified_gmt":"2023-10-02T03:16:03","slug":"dolomitibus-dimettetevi-azione-invoca-le-dimissioni-immediate","status":"publish","type":"post","link":"https:\/\/www.radiopiu.net\/wordpress\/dolomitibus-dimettetevi-azione-invoca-le-dimissioni-immediate\/","title":{"rendered":"dolomitibus&#8230;. DIMETTETEVI ! AZIONE INVOCA LE DIMISSIONI IMMEDIATE."},"content":{"rendered":"<p><a class=\"dt-pswp-item\" href=\"https:\/\/www.radiopiu.net\/wordpress\/wp-content\/uploads\/2023\/10\/295997158_1344199056103313_1111350288143193804_n.jpg\" data-dt-img-description=\"\" data-large_image_width=\"640\" data-large_image_height=\"640\"><img loading=\"lazy\" decoding=\"async\" class=\"wp-image-354899 alignleft\" src=\"https:\/\/www.radiopiu.net\/wordpress\/wp-content\/uploads\/2023\/10\/295997158_1344199056103313_1111350288143193804_n-300x300.jpg\" alt=\"\" width=\"167\" height=\"167\" srcset=\"https:\/\/www.radiopiu.net\/wordpress\/wp-content\/uploads\/2023\/10\/295997158_1344199056103313_1111350288143193804_n-300x300.jpg 300w, https:\/\/www.radiopiu.net\/wordpress\/wp-content\/uploads\/2023\/10\/295997158_1344199056103313_1111350288143193804_n-150x150.jpg 150w, https:\/\/www.radiopiu.net\/wordpress\/wp-content\/uploads\/2023\/10\/295997158_1344199056103313_1111350288143193804_n.jpg 640w\" sizes=\"auto, (max-width: 167px) 100vw, 167px\" \/><\/a>&#8220;La situazione dopo settimane di disagio non accenna a migliorare, \u00e8 ora che i responsabili facciano un passo indietro&#8221;. Non usa mezzi termini Andrea De Bortoli, Segretario di Azione che, dopo aver ricevuto diverse segnalazioni dai fruitori del servizio tpl, sollecita una svolta e chiama in causa i responsabili aziendali e politici. La situazione critica della Dolomitibus non \u00e8 una novit\u00e0 degli ultimi tempi, pertanto appare evidente che chi ha gestito con varie responsabilit\u00e0 la partita del trasporto pubblico in provincia deve trovare il pudore di fare un passo indietro. Per questo appaiono davvero puerili le dichiarazioni di circostanza in cui si chiama tutti a fare squadra e portare pazienza. Non ci sfugge il fatto che il tpl stia soffrendo con gradienti diversi anche nelle altre province del Veneto, ma questo non modifica lo stato delle cose: rimane il grandissimo disservizio per chi non ha altro mezzo con cui muoversi e la lesione di un diritto fondamentale come lo studio per i nostri ragazzi. Sconcerta come si stiano togliendo lentamente i servizi fondamentali agli abitanti di questa provincia. La regione su questa partita ha responsabilit\u00e0 politiche evidenti e non pu\u00f2 giocare al rimpallo. Ogni soluzione, come ad esempio la razionalizzazione del servizio, non pu\u00f2 prescindere dal riconoscimento della dignit\u00e0 dei lavoratori.<\/p>\n<p>&nbsp;<\/p>\n<p>&nbsp;<\/p>\n<p>&nbsp;<\/p>\n<p>___<\/p>\n","protected":false},"excerpt":{"rendered":"<p>&#8220;La situazione dopo settimane di disagio non accenna a migliorare, \u00e8 ora che i responsabili facciano un passo indietro&#8221;. Non usa mezzi termini Andrea De Bortoli, Segretario di Azione che, dopo aver ricevuto diverse segnalazioni dai fruitori del servizio tpl, sollecita una svolta e chiama in causa i responsabili aziendali e politici. La situazione critica&hellip;<\/p>\n","protected":false},"author":4,"featured_media":59158,"comment_status":"closed","ping_status":"closed","sticky":false,"template":"","format":"standard","meta":{"_monsterinsights_skip_tracking":false,"_monsterinsights_sitenote_active":false,"_monsterinsights_sitenote_note":"","_monsterinsights_sitenote_category":0,"footnotes":""},"categories":[51,49],"tags":[],"class_list":["post-354898","post","type-post","status-publish","format-standard","has-post-thumbnail","hentry","category-evidenza-top","category-news-18","category-51","category-49","description-off"],"img_url":"https:\/\/www.radiopiu.net\/wordpress\/wp-content\/uploads\/2018\/08\/dolomitibus.jpeg","_links":{"self":[{"href":"https:\/\/www.radiopiu.net\/wordpress\/wp-json\/wp\/v2\/posts\/354898","targetHints":{"allow":["GET"]}}],"collection":[{"href":"https:\/\/www.radiopiu.net\/wordpress\/wp-json\/wp\/v2\/posts"}],"about":[{"href":"https:\/\/www.radiopiu.net\/wordpress\/wp-json\/wp\/v2\/types\/post"}],"author":[{"embeddable":true,"href":"https:\/\/www.radiopiu.net\/wordpress\/wp-json\/wp\/v2\/users\/4"}],"replies":[{"embeddable":true,"href":"https:\/\/www.radiopiu.net\/wordpress\/wp-json\/wp\/v2\/comments?post=354898"}],"version-history":[{"count":0,"href":"https:\/\/www.radiopiu.net\/wordpress\/wp-json\/wp\/v2\/posts\/354898\/revisions"}],"wp:featuredmedia":[{"embeddable":true,"href":"https:\/\/www.radiopiu.net\/wordpress\/wp-json\/wp\/v2\/media\/59158"}],"wp:attachment":[{"href":"https:\/\/www.radiopiu.net\/wordpress\/wp-json\/wp\/v2\/media?parent=354898"}],"wp:term":[{"taxonomy":"category","embeddable":true,"href":"https:\/\/www.radiopiu.net\/wordpress\/wp-json\/wp\/v2\/categories?post=354898"},{"taxonomy":"post_tag","embeddable":true,"href":"https:\/\/www.radiopiu.net\/wordpress\/wp-json\/wp\/v2\/tags?post=354898"}],"curies":[{"name":"wp","href":"https:\/\/api.w.org\/{rel}","templated":true}]}}