{"id":354943,"date":"2023-10-02T05:04:05","date_gmt":"2023-10-02T03:04:05","guid":{"rendered":"https:\/\/www.radiopiu.net\/wordpress\/?p=354943"},"modified":"2026-03-30T05:43:41","modified_gmt":"2026-03-30T03:43:41","slug":"vladimir-luxuria-al-ristorante-da-carla-a-rif-di-agordo","status":"publish","type":"post","link":"https:\/\/www.radiopiu.net\/wordpress\/vladimir-luxuria-al-ristorante-da-carla-a-rif-di-agordo\/","title":{"rendered":"VLADIMIR LUXURIA AL RISTORANTE DA CARLA A RIF DI AGORDO"},"content":{"rendered":"<p><strong>REDAZIONE\u00a0<\/strong>Ospite a sorpresa al Ristorante da Carla a Rif di Agordo. Nella giornata di ieri ha fatto visita ad Eva e al suo staff Vladimir Luxuria. &#8220;E&#8217; stato un piacere ospitare nel nostro storico ristornate\u00a0 Vladimir Luxuria &#8211; si legge sulla pagina Instagram del Ristorante da Carla &#8211; Dopo pranzo si \u00e8 fermata a chiacchierare con noi e ci siamo stupiti della sua semplicit\u00e0. Si \u00e8 innamorata delle Dolomiti&#8230;e come non innamorarsene&#8221;.<\/p>\n\n\t\t\t<style type='text\/css'>\n\t\t\t\t#gallery-1 {\n\t\t\t\t\tmargin: auto;\n\t\t\t\t}\n\t\t\t\t#gallery-1 .gallery-item {\n\t\t\t\t\tfloat: left;\n\t\t\t\t\tmargin-top: 10px;\n\t\t\t\t\ttext-align: center;\n\t\t\t\t\twidth: 50%;\n\t\t\t\t}\n\t\t\t\t#gallery-1 img {\n\t\t\t\t\tborder: 2px solid #cfcfcf;\n\t\t\t\t}\n\t\t\t\t#gallery-1 .gallery-caption {\n\t\t\t\t\tmargin-left: 0;\n\t\t\t\t}\n\t\t\t\t\/* see gallery_shortcode() in wp-includes\/media.php *\/\n\t\t\t<\/style>\n\t\t<div id='gallery-1' class='dt-gallery-container gallery galleryid-354943 gallery-columns-2 gallery-size-medium'><dl class='gallery-item'>\n\t\t\t\t<dt class='gallery-icon landscape'>\n\t\t\t\t\t<a class=\"rollover rollover-zoom dt-pswp-item\" title=\"905d649f-857e-42c9-999a-7fca8c923d5a\" data-dt-img-description=\"\" data-large_image_width=\"1024\" data-large_image_height=\"867\"href='https:\/\/www.radiopiu.net\/wordpress\/wp-content\/uploads\/2023\/10\/905d649f-857e-42c9-999a-7fca8c923d5a.jpg'><img loading=\"lazy\" decoding=\"async\" width=\"300\" height=\"254\" src=\"https:\/\/www.radiopiu.net\/wordpress\/wp-content\/uploads\/2023\/10\/905d649f-857e-42c9-999a-7fca8c923d5a-300x254.jpg\" class=\"attachment-medium size-medium\" alt=\"\" srcset=\"https:\/\/www.radiopiu.net\/wordpress\/wp-content\/uploads\/2023\/10\/905d649f-857e-42c9-999a-7fca8c923d5a-300x254.jpg 300w, https:\/\/www.radiopiu.net\/wordpress\/wp-content\/uploads\/2023\/10\/905d649f-857e-42c9-999a-7fca8c923d5a-768x650.jpg 768w, https:\/\/www.radiopiu.net\/wordpress\/wp-content\/uploads\/2023\/10\/905d649f-857e-42c9-999a-7fca8c923d5a.jpg 1024w\" sizes=\"auto, (max-width: 300px) 100vw, 300px\" \/><\/a>\n\t\t\t\t<\/dt><\/dl><dl class='gallery-item'>\n\t\t\t\t<dt class='gallery-icon landscape'>\n\t\t\t\t\t<a class=\"rollover rollover-zoom dt-pswp-item\" title=\"cc5e1f8e-fee6-4372-9bbf-ea2adf4bd8ec\" data-dt-img-description=\"\" data-large_image_width=\"1024\" data-large_image_height=\"725\"href='https:\/\/www.radiopiu.net\/wordpress\/wp-content\/uploads\/2023\/10\/cc5e1f8e-fee6-4372-9bbf-ea2adf4bd8ec.jpg'><img loading=\"lazy\" decoding=\"async\" width=\"300\" height=\"212\" src=\"https:\/\/www.radiopiu.net\/wordpress\/wp-content\/uploads\/2023\/10\/cc5e1f8e-fee6-4372-9bbf-ea2adf4bd8ec-300x212.jpg\" class=\"attachment-medium size-medium\" alt=\"\" srcset=\"https:\/\/www.radiopiu.net\/wordpress\/wp-content\/uploads\/2023\/10\/cc5e1f8e-fee6-4372-9bbf-ea2adf4bd8ec-300x212.jpg 300w, https:\/\/www.radiopiu.net\/wordpress\/wp-content\/uploads\/2023\/10\/cc5e1f8e-fee6-4372-9bbf-ea2adf4bd8ec-768x544.jpg 768w, https:\/\/www.radiopiu.net\/wordpress\/wp-content\/uploads\/2023\/10\/cc5e1f8e-fee6-4372-9bbf-ea2adf4bd8ec.jpg 1024w\" sizes=\"auto, (max-width: 300px) 100vw, 300px\" \/><\/a>\n\t\t\t\t<\/dt><\/dl><br style=\"clear: both\" \/>\n\t\t\t<\/div>\n\n<p>&nbsp;<\/p>\n<p>&nbsp;<\/p>\n<p>********<\/p>\n","protected":false},"excerpt":{"rendered":"<p>REDAZIONE\u00a0Ospite a sorpresa al Ristorante da Carla a Rif di Agordo. Nella giornata di ieri ha fatto visita ad Eva e al suo staff Vladimir Luxuria. &#8220;E&#8217; stato un piacere ospitare nel nostro storico ristornate\u00a0 Vladimir Luxuria &#8211; si legge sulla pagina Instagram del Ristorante da Carla &#8211; Dopo pranzo si \u00e8 fermata a chiacchierare&hellip;<\/p>\n","protected":false},"author":4,"featured_media":354944,"comment_status":"closed","ping_status":"closed","sticky":false,"template":"","format":"standard","meta":{"_monsterinsights_skip_tracking":false,"_monsterinsights_sitenote_active":false,"_monsterinsights_sitenote_note":"","_monsterinsights_sitenote_category":0,"footnotes":""},"categories":[51,49],"tags":[],"class_list":["post-354943","post","type-post","status-publish","format-standard","has-post-thumbnail","hentry","category-evidenza-top","category-news-18","category-51","category-49","description-off"],"img_url":"https:\/\/www.radiopiu.net\/wordpress\/wp-content\/uploads\/2023\/10\/905d649f-857e-42c9-999a-7fca8c923d5a.jpg","_links":{"self":[{"href":"https:\/\/www.radiopiu.net\/wordpress\/wp-json\/wp\/v2\/posts\/354943","targetHints":{"allow":["GET"]}}],"collection":[{"href":"https:\/\/www.radiopiu.net\/wordpress\/wp-json\/wp\/v2\/posts"}],"about":[{"href":"https:\/\/www.radiopiu.net\/wordpress\/wp-json\/wp\/v2\/types\/post"}],"author":[{"embeddable":true,"href":"https:\/\/www.radiopiu.net\/wordpress\/wp-json\/wp\/v2\/users\/4"}],"replies":[{"embeddable":true,"href":"https:\/\/www.radiopiu.net\/wordpress\/wp-json\/wp\/v2\/comments?post=354943"}],"version-history":[{"count":1,"href":"https:\/\/www.radiopiu.net\/wordpress\/wp-json\/wp\/v2\/posts\/354943\/revisions"}],"predecessor-version":[{"id":504518,"href":"https:\/\/www.radiopiu.net\/wordpress\/wp-json\/wp\/v2\/posts\/354943\/revisions\/504518"}],"wp:featuredmedia":[{"embeddable":true,"href":"https:\/\/www.radiopiu.net\/wordpress\/wp-json\/wp\/v2\/media\/354944"}],"wp:attachment":[{"href":"https:\/\/www.radiopiu.net\/wordpress\/wp-json\/wp\/v2\/media?parent=354943"}],"wp:term":[{"taxonomy":"category","embeddable":true,"href":"https:\/\/www.radiopiu.net\/wordpress\/wp-json\/wp\/v2\/categories?post=354943"},{"taxonomy":"post_tag","embeddable":true,"href":"https:\/\/www.radiopiu.net\/wordpress\/wp-json\/wp\/v2\/tags?post=354943"}],"curies":[{"name":"wp","href":"https:\/\/api.w.org\/{rel}","templated":true}]}}