{"id":354999,"date":"2023-10-03T06:03:25","date_gmt":"2023-10-03T04:03:25","guid":{"rendered":"https:\/\/www.radiopiu.net\/wordpress\/?p=354999"},"modified":"2023-10-03T08:48:39","modified_gmt":"2023-10-03T06:48:39","slug":"giornale-radiopiu-03-ottobre-2023-direttore-mirko-mezzacasada-40-anni-25-giugno-1983-25-giugno-2023","status":"publish","type":"post","link":"https:\/\/www.radiopiu.net\/wordpress\/giornale-radiopiu-03-ottobre-2023-direttore-mirko-mezzacasada-40-anni-25-giugno-1983-25-giugno-2023\/","title":{"rendered":"GIORNALE RADIOPIU 03 OTTOBRE 2023 DIRETTORE MIRKO MEZZACASA\u2026DA 40 ANNI 25 GIUGNO 1983-25 GIUGNO 2023"},"content":{"rendered":"<h1 class=\"entry-title photoswipe-wrapper\"><a class=\"dt-pswp-item pspw-wrap-ready\" href=\"https:\/\/www.radiopiu.net\/wordpress\/wp-content\/uploads\/2023\/09\/34f4cfc6-e863-46e9-9695-8df44be63421-1.jpg\" data-dt-img-description=\"\" data-large_image_width=\"1200\" data-large_image_height=\"1200\"><img loading=\"lazy\" decoding=\"async\" class=\"wp-image-354561 alignleft\" src=\"https:\/\/www.radiopiu.net\/wordpress\/wp-content\/uploads\/2023\/09\/34f4cfc6-e863-46e9-9695-8df44be63421-1-300x300.jpg\" sizes=\"auto, (max-width: 124px) 100vw, 124px\" srcset=\"https:\/\/www.radiopiu.net\/wordpress\/wp-content\/uploads\/2023\/09\/34f4cfc6-e863-46e9-9695-8df44be63421-1-300x300.jpg 300w, https:\/\/www.radiopiu.net\/wordpress\/wp-content\/uploads\/2023\/09\/34f4cfc6-e863-46e9-9695-8df44be63421-1-1024x1024.jpg 1024w, https:\/\/www.radiopiu.net\/wordpress\/wp-content\/uploads\/2023\/09\/34f4cfc6-e863-46e9-9695-8df44be63421-1-150x150.jpg 150w, https:\/\/www.radiopiu.net\/wordpress\/wp-content\/uploads\/2023\/09\/34f4cfc6-e863-46e9-9695-8df44be63421-1-768x768.jpg 768w, https:\/\/www.radiopiu.net\/wordpress\/wp-content\/uploads\/2023\/09\/34f4cfc6-e863-46e9-9695-8df44be63421-1.jpg 1200w\" alt=\"\" width=\"124\" height=\"124\" \/><\/a>40esimo di RADIOPIU\u2026. LA VOCE DELL\u2019EMOZIONE<\/h1>\n<h2><span style=\"color: #ff0000;\">ISCRIVITI AL NOSTRO CANALE\u00a0\u00a0YOUTUBE PER SEGUIRE IN DIRETTA I PRINCIPALI PROGRAMMI DI RADIO PIU\u2019 E LE FUTURE DIRETTE IN ESTERNA. PER ISCRIVERTI\u00a0<a style=\"color: #ff0000;\" href=\"https:\/\/youtube.com\/@radiopiu1527\">CLICCA QUI\u00a0<\/a>E PREMI\u00a0 \u201cIscriviti\u201d\u00a0\u00a0<\/span><\/h2>\n<p><strong>\u00a0<\/strong><\/p>\n<blockquote>\n<h3>REGIONALE 203 AGORDINA, CANTIERE PERON-LA STANGA &#8220;IL MISTERO DEL SEMAFORO CHE NON C&#8217;E'&#8221;<\/h3>\n<\/blockquote>\n<h1><\/h1>\n<p><strong>BELLUNO<\/strong> La fonte \u00e8 garantita, perch\u00e9 Roberto questa mattina\u00a0 ha\u00a0 accompagnare la figlia a Belluno, inevitabile il viaggio lungo la nota regionale 203 agordina in questi giorni &#8220;frantumata&#8221; in pare per l&#8217;ennesimo cantiere. Il raconto di Roberto \u00e8 di quelli su cui riflettere, almeno perch\u00e9 la situazione non si ripeta.<\/p>\n<p>&nbsp;<\/p>\n<p>&#8220;Questa mattina erano le 5:40 quando sono sceso e 6:25 quando son sono risalito e garantisco che non c&#8217;\u00e8 semaforo in senso verso Agordo, solo una perdita di tempo per noi che scendevamo. Ho accompagnato mia figlia a Belluno alla stazione, in localit\u00e0 la Stanga precisamente 150 metri dopo, direzione Belluno c&#8217;era il semaforo rosso e io e altri veicoli abbiamo rispettato lo stop,nel frattempo nel senso opposto di marcia direzione Agordo \u00e8 passato qualcuno, poi il semaforo \u00e8 diventato verde e siamo partiti tranquilli, peccato per\u00f2 che nel senso opposto continuavano a passare auto. Mi sono chiesto il perch\u00e9, mi sono fermato e sorpresa:\u00a0 dall&#8217;altra parte nessun semaforo&#8230;, non c&#8217;era proprio non che fosse spento&#8221;.<\/p>\n<p><strong>ORE 8.15 203 Agordina, localit\u00e0 Candaten &#8211; Stanga l&#8217;unico semaforo presente risulta spento, operai presenti sul posto, si passa in entrambi i sensi di marcia<\/strong><\/p>\n<p>&nbsp;<\/p>\n<p>&nbsp;<\/p>\n<div class=\"x1e56ztr\" data-block=\"true\" data-editor=\"anf16\" data-offset-key=\"2k083-0-0\">\n<div class=\"_1mf _1mj\" data-offset-key=\"2k083-0-0\"><strong>OGGI ALLA RADIO, il nuovo palinsesto autunnale tante novit\u00e0:<span style=\"color: #ff00ff;\"> ALLE 7.05 LA RASSEGNA STAMPA FLASH PER CHI VA DI FRETTA<\/span>, GLI APPRODONDIMENTI ALLE 8.05 NELLA STORICA RASSEGNA STAMPA LOCALE, L&#8217;ORIGINALE. ALLE 9.0 <span class=\"xv78j7m\" spellcheck=\"false\" data-offset-key=\"2k083-2-0\">Alex<\/span> CON IL COUNTRY ALLE 10.30 E 1900 VOCI RIBELLI CON <span class=\"xv78j7m\" spellcheck=\"false\" data-offset-key=\"2k083-4-0\">Alessia<\/span> E AMICI ALLE 13.05 E 2030 SPECIALE FANFARA AD AGORDO CON <span class=\"xv78j7m\" spellcheck=\"false\" data-offset-key=\"2k083-6-0\">Giovanni Da Pra<\/span> E <span class=\"xv78j7m\" spellcheck=\"false\" data-offset-key=\"2k083-8-0\">Alessandro Savio<\/span> ALLE 16.30 OKTOBERFEST A RIVAMONTE CON <span class=\"x1h0vfkc xi81zsa\" spellcheck=\"false\" data-offset-key=\"2k083-10-0\">Giacomo Bressan<\/span> radio piu&#8217;&#8230;. immagina non ci fosse&#8230;..<\/strong><\/div>\n<\/div>\n<div class=\"x1e56ztr\" data-block=\"true\" data-editor=\"anf16\" data-offset-key=\"a0841-0-0\"><strong>ALLE 10 E 1830 MUSLA&#8230;.. LE NOTIZIE IN LADINO\u00a0<\/strong><\/div>\n<div data-block=\"true\" data-editor=\"anf16\" data-offset-key=\"a0841-0-0\"><\/div>\n<hr \/>\n<p>&nbsp;<\/p>\n<p>&nbsp;<\/p>\n<p><strong>MALAGO&#8217; L&#8217;UOMO CHE DECIDE: ANCORA 20 MILIONI PER LA PISTA DA BOB CHE GRAN PARTE DELLA PROVINCIA NON\u00a0 LA VUOLE, MA IL CAPO DEL CONI PARE NON AVERLO CAPITO<\/strong><\/p>\n<p><em>Una provincia in fermento, pi\u00f9 associazioni contro. Manifestazioni di protesta, documenti dalle principali organizzazioni. Ma il Governo fa spallucce e imperterrito continua sulla sua strada. Per la pista da Bob di Cortina, infatti, vengono messi sul piatto altri 20 milioni di euro e si arriva a 144 cos\u00ec l&#8217;offerta \u00e8 pi\u00f9 appetibile per le ditte fino ad oggi latitanti. E&#8217; Giovanni Malago&#8217; l&#8217;uomo che ha deciso<strong>: &#8220;MEGLIO UN IMPIANTO NUOVO CHE RIFARNE UNO VECCHIO&#8221;\u00a0<\/strong> ha affermato.\u00a0<\/em><\/p>\n<p>&nbsp;<\/p>\n<p>&nbsp;<\/p>\n<blockquote>\n<h3>FERMI I CANTIERI OLIMPICI E I SERVIZI ALLA POPOLAZIONE. IL COMITATO CIVICO NON CI STA<\/h3>\n<\/blockquote>\n<p><strong><a class=\"dt-pswp-item\" href=\"https:\/\/www.radiopiu.net\/wordpress\/wp-content\/uploads\/2023\/03\/MUNCIPIO-CORTINA.png\" data-dt-img-description=\"\" data-large_image_width=\"423\" data-large_image_height=\"367\"><img loading=\"lazy\" decoding=\"async\" class=\" wp-image-327577 alignleft\" src=\"https:\/\/www.radiopiu.net\/wordpress\/wp-content\/uploads\/2023\/03\/MUNCIPIO-CORTINA-300x260.png\" alt=\"\" width=\"157\" height=\"136\" srcset=\"https:\/\/www.radiopiu.net\/wordpress\/wp-content\/uploads\/2023\/03\/MUNCIPIO-CORTINA-300x260.png 300w, https:\/\/www.radiopiu.net\/wordpress\/wp-content\/uploads\/2023\/03\/MUNCIPIO-CORTINA.png 423w\" sizes=\"auto, (max-width: 157px) 100vw, 157px\" \/><\/a>CORTINA <\/strong>Il progetto di costruzione di condomini e di un albergo presso l&#8217;area della Stazione di Cortina d&#8217;Ampezzo sta procedendo rapidamente. Il Consiglio comunale ha confermato la fattibilit\u00e0 del progetto pubblico-privato, e una variante urbanistica verr\u00e0 votata nel prossimo Consiglio del 6 ottobre 2023 per sostituire il supermercato con un albergo. Tuttavia, ci sono preoccupazioni riguardo all&#8217;aumento dei costi e alle promesse fatte dalla maggioranza durante la campagna elettorale che sembrano essere state dimenticate. Non sono stati forniti dettagli sugli accordi, e il Comitato Civico Cortina sta cercando di ottenere trasparenza e tutela per il bene pubblico. Gli avvocati stanno lavorando per difendere gli interessi dei cittadini, e si spera che ci siano sviluppi positivi nei tribunali.<\/p>\n<p>&nbsp;<\/p>\n<blockquote>\n<h2>A TORINO LUCA ZAIA INSISTE PER GLI INVESTIMENTI A CORTINA E BOCCIA CESANA<\/h2>\n<\/blockquote>\n<p>A Torino, il Presidente della Regione del Veneto, Luca Zaia, al Festival delle Regioni e delle Province Autonome, interviene anche sulle Olimpiadi e pista da Bob.<\/p>\n<p><em>&#8220;FATTO IL BILANCIO DELLE OLIMPIADI IL BOB CHE HA RESO FAMOSA CORTINA NEL MONDO CONVIENE SEMPRE FARLO&#8221;\u00a0<\/em><\/p>\n<div style=\"width: 848px;\" class=\"wp-video\"><video class=\"wp-video-shortcode\" id=\"video-354999-1\" width=\"848\" height=\"480\" preload=\"metadata\" controls=\"controls\"><source type=\"video\/mp4\" src=\"https:\/\/www.radiopiu.net\/wordpress\/wp-content\/uploads\/2023\/10\/WhatsApp-Video-2023-10-02-at-12.14.49.mp4?_=1\" \/><a href=\"https:\/\/www.radiopiu.net\/wordpress\/wp-content\/uploads\/2023\/10\/WhatsApp-Video-2023-10-02-at-12.14.49.mp4\">https:\/\/www.radiopiu.net\/wordpress\/wp-content\/uploads\/2023\/10\/WhatsApp-Video-2023-10-02-at-12.14.49.mp4<\/a><\/video><\/div>\n<p>&nbsp;<\/p>\n<p><em>&#8220;SARA&#8217; REALIZZATO ANCHE IL MUSEO, IL TOTALE NON SIGNIFICA CALCESTRUZZO PER IL BOB&#8221;<\/em><\/p>\n<div style=\"width: 848px;\" class=\"wp-video\"><video class=\"wp-video-shortcode\" id=\"video-354999-2\" width=\"848\" height=\"480\" preload=\"metadata\" controls=\"controls\"><source type=\"video\/mp4\" src=\"https:\/\/www.radiopiu.net\/wordpress\/wp-content\/uploads\/2023\/10\/WhatsApp-Video-2023-10-02-at-12.15.11.mp4?_=2\" \/><a href=\"https:\/\/www.radiopiu.net\/wordpress\/wp-content\/uploads\/2023\/10\/WhatsApp-Video-2023-10-02-at-12.15.11.mp4\">https:\/\/www.radiopiu.net\/wordpress\/wp-content\/uploads\/2023\/10\/WhatsApp-Video-2023-10-02-at-12.15.11.mp4<\/a><\/video><\/div>\n<p>&nbsp;<\/p>\n<p><em>PISTA DA BOB DI CESANA NON SO QUANTO SIA RECUPERABILE\u00a0<\/em><\/p>\n<div style=\"width: 848px;\" class=\"wp-video\"><video class=\"wp-video-shortcode\" id=\"video-354999-3\" width=\"848\" height=\"480\" preload=\"metadata\" controls=\"controls\"><source type=\"video\/mp4\" src=\"https:\/\/www.radiopiu.net\/wordpress\/wp-content\/uploads\/2023\/10\/WhatsApp-Video-2023-10-02-at-12.15.12.mp4?_=3\" \/><a href=\"https:\/\/www.radiopiu.net\/wordpress\/wp-content\/uploads\/2023\/10\/WhatsApp-Video-2023-10-02-at-12.15.12.mp4\">https:\/\/www.radiopiu.net\/wordpress\/wp-content\/uploads\/2023\/10\/WhatsApp-Video-2023-10-02-at-12.15.12.mp4<\/a><\/video><\/div>\n<p>&nbsp;<\/p>\n<p>&nbsp;<\/p>\n<p>&nbsp;<\/p>\n<hr \/>\n<p>&nbsp;<\/p>\n<blockquote>\n<h3>EMERGENZA MIGRANTI, I SOLITI 13 DAL PREFETTO. GLI ALTRI GIRANO L&#8217;ANGOLO<\/h3>\n<\/blockquote>\n<p><strong><a class=\"dt-pswp-item\" href=\"https:\/\/www.radiopiu.net\/wordpress\/wp-content\/uploads\/2021\/04\/f3e931d5-6b40-4082-8aac-389b9074b66b.jpg\" data-dt-img-description=\"\" data-large_image_width=\"1280\" data-large_image_height=\"853\"><img loading=\"lazy\" decoding=\"async\" class=\"wp-image-206357 alignright\" src=\"https:\/\/www.radiopiu.net\/wordpress\/wp-content\/uploads\/2021\/04\/f3e931d5-6b40-4082-8aac-389b9074b66b-300x200.jpg\" alt=\"\" width=\"221\" height=\"147\" srcset=\"https:\/\/www.radiopiu.net\/wordpress\/wp-content\/uploads\/2021\/04\/f3e931d5-6b40-4082-8aac-389b9074b66b-300x200.jpg 300w, https:\/\/www.radiopiu.net\/wordpress\/wp-content\/uploads\/2021\/04\/f3e931d5-6b40-4082-8aac-389b9074b66b-1024x682.jpg 1024w, https:\/\/www.radiopiu.net\/wordpress\/wp-content\/uploads\/2021\/04\/f3e931d5-6b40-4082-8aac-389b9074b66b-768x512.jpg 768w, https:\/\/www.radiopiu.net\/wordpress\/wp-content\/uploads\/2021\/04\/f3e931d5-6b40-4082-8aac-389b9074b66b.jpg 1280w\" sizes=\"auto, (max-width: 221px) 100vw, 221px\" \/><\/a>BELLUNO\u00a0<\/strong> Nuovo incontro dal Prefetto\u00a0 Mariano Savastano. In Prefettura scenderanno 13 sindaci tra questi quelli di Belluno, Feltre, Borgo Valbelluna, Sedico, Ponte nelle Alpi e Agordo, sempre gli stessi comuni.\u00a0 Amministratori che pi\u00f9 di una volta hanno sottolineato la mancata suddivisione dei profughi tra tutte le realt\u00e0 provinciali. Intanto anche la Croce Rossa sta cercando di far fronte alle aumentate richieste di ospitalit\u00e0 dei migranti. CROCE ROSSA Da venerd\u00ec la tenda di prima assistenza collocata nel giardino di villa Bizio Gradenigo \u00e8 al completo. Sono otto gli ospiti.\u00a0 La presidente della Croce Rossa annuncia poi che per oggi \u00e8 previsto l&#8217;arrivo di altri due profughi: trovare loro una collocazione sar\u00e0 difficile.<\/p>\n<p>&nbsp;<\/p>\n<hr \/>\n<p>&nbsp;<\/p>\n<blockquote>\n<h3>203 agordina SEDICO &#8211; ALLEGHE<\/h3>\n<\/blockquote>\n<p><strong>SEDICO<\/strong> 203 agordina senso unico Fino al 20 ottobre<span style=\"color: #ff0000;\">, esclusi sabati e domeniche<\/span>,\u00a0 tra Peron e La Stanga.<\/p>\n<p><strong><img loading=\"lazy\" decoding=\"async\" class=\"alignleft\" src=\"https:\/\/www.radiopiu.net\/wordpress\/wp-content\/uploads\/2023\/09\/download.jpg\" width=\"212\" height=\"121\" \/><\/strong><\/p>\n<p><strong>ALLEGHE in centro:\u00a0<\/strong> Interdizione totale nel corso della notte, dalle 20.30 alle 5.30, deviazioni sulla viabilit\u00e0 comunale in riva al lago (con semaforo) divieto ai mezzi oltre 7,5 tonnellate).<strong> Durante il giorno CANTIERE FERMO il transito di tutti i veicoli sar\u00e0 regolare e garantito. <\/strong><\/p>\n<p>&nbsp;<\/p>\n<p><strong>\u00a0<\/strong><\/p>\n<p>&nbsp;<\/p>\n<p>&nbsp;<\/p>\n<hr \/>\n<p>&nbsp;<\/p>\n<p><img loading=\"lazy\" decoding=\"async\" class=\"alignleft\" src=\"https:\/\/www.radiopiu.net\/wordpress\/wp-content\/uploads\/2022\/05\/download-2.jpg\" width=\"74\" height=\"74\" \/>Gestione Servizi Pubblici informa che a <strong>TAIBON <\/strong>nelle localit\u00e0 RONCH DE BOS e NOGAROLA ad <strong>AGORDO<\/strong> nelle localit\u00e0 VERAN, CROSTOLIN, PRA GRANDE, COL DI FOGLIA, CASE NAGOL, POLANE E VIA FAION l&#8217;acqua erogata dall&#8217;acquedotto non \u00e8 potabile e pu\u00f2 essere usata per scopi alimentari SOLO PREVIA bollitura<\/p>\n<p>&nbsp;<\/p>\n<p>&nbsp;<\/p>\n<p>&nbsp;<\/p>\n<hr \/>\n<p>&nbsp;<\/p>\n<blockquote>\n<h3>SCIVOLA SUL SENTIERO. RECUPERATA DAL SOCCORSO ALPINO<\/h3>\n<\/blockquote>\n<p><strong>LIVINALLONGO <\/strong>Attorno alle 15.30 di ieri\u00a0 l&#8217;elicottero del Suem di Pieve di Cadore \u00e8 volato sul sentiero numero 24 del Settsass, dove un&#8217;escursionista tedesca di 60 anni era caduta mettendo male la mano. Sceso in hovering nelle vicinanze, a circa 900 metri di quota, il tecnico di elisoccorso ha raggiunto la donna, che si trovava con il marito, e l&#8217;ha caricata a bordo. L&#8217;infortunata, con un probabile trauma al polso, \u00e8 stata accompagnata all&#8217;ospedale di Belluno.<\/p>\n<p>&nbsp;<\/p>\n<blockquote>\n<h3>RECUPERATI ESCURSIONISTI ILLESI SULLA FERRATA PIAZZETTA<\/h3>\n<\/blockquote>\n<p><strong>LIVINALLONGO <\/strong>Attorno alle 18.30 di ieri il Pelikan di Bolzano \u00e8 intervenuto lungo la Ferrata Piazzetta al Piz Bo\u00e8, per due escursionisti impossibilitati a proseguire. I due, illesi,\u00a0 sono stati recuperati e lasciati al Passo Pordoi.<\/p>\n<p>&nbsp;<\/p>\n<hr \/>\n<p>&nbsp;<\/p>\n<blockquote>\n<h3>\u00a0EVASORE TOTALE, SOTTRAE AL FISCO MEZZO MILIONE DI EURO<\/h3>\n<\/blockquote>\n<blockquote><p><em>La Guardia di Finanza di Belluno smaschera un operatore olistico che ha evaso le tasse per sette anni. Pochi minuti, un&#8217;unica seduta 130 euro.<\/em><\/p><\/blockquote>\n<p><strong><img loading=\"lazy\" decoding=\"async\" class=\"alignleft\" src=\"https:\/\/www.radiopiu.net\/wordpress\/wp-content\/uploads\/2021\/07\/2eb8f214-39a6-4e15-bd1e-539b9100c08b.jpg\" width=\"231\" height=\"154\" \/>BELLUNO<\/strong> Un operatore olistico di 68 anni,\u00a0 che si autodefiniva &#8220;allineatore vertebrale,&#8221; \u00e8 stato scoperto nel corso di un&#8217;indagine che ha rivelato la sua totale omissione nella presentazione delle dichiarazioni dei redditi e dell&#8217;IVA dal 2016, rendendolo un evasore fiscale totale.\u00a0 Ha trattato circa 3.500 clienti tra Belluno, Treviso e Padova.\u00a0 L&#8217;operatore ha\u00a0 violato gravemente la normativa tributaria. Non ha mantenuto registri obbligatori e non ha\u00a0 emesso alcuna documentazione fiscale, occultando cos\u00ec i suoi guadagni e omesso di versare l&#8217;IVA all&#8217;Erario. L&#8217;ammontare totale dell&#8217;evasione fiscale \u00e8 stato stimato intorno a mezzo milione di euro.<\/p>\n<p>&nbsp;<\/p>\n<blockquote>\n<h3>IERI SERA, TG ANTENNA 3 IL TG DEI BELLUNESI IN ONDA DAL LUNEDI AL SABATO ALLE 19.30 SUL CANALE 10 DEL DIGITALE TERRESTRE, ALLE 19.10 LE ANTICIPAZIONI ALLA RADIO<\/h3>\n<p><strong>DI TIZIANA BOLOGNANI\u00a0<\/strong><\/p><\/blockquote>\n<p>intervistato: DARIO GUARINO (COMANDANTE PROVINCIALE GDF BELLUNO)<\/p>\n<p><iframe loading=\"lazy\" title=\"OPERATORE OLISTICO DI TRICHIANA RIALLINEAVA VERTEBRE MA NON PAGAVA LE TASSE  | 02\/10\/2023\" width=\"1200\" height=\"675\" src=\"https:\/\/www.youtube.com\/embed\/jfek3YAvfX0?feature=oembed\" frameborder=\"0\" allow=\"accelerometer; autoplay; clipboard-write; encrypted-media; gyroscope; picture-in-picture; web-share\" allowfullscreen><\/iframe><\/p>\n<p>&nbsp;<\/p>\n<hr \/>\n<p>&nbsp;<\/p>\n<p>&nbsp;<\/p>\n<blockquote>\n<h3>LA GIUDIZIARIA, OGGI SUL CORRIERE DELLE ALPI, DI GIGI SOSSO<\/h3>\n<\/blockquote>\n<blockquote>\n<h3>\u00a0OPERAZIONE ANTIDROGA, 12 ARRESTI E UNA POSSIBILE CONDANNA FINO A 7 ANNI<\/h3>\n<\/blockquote>\n<p><strong><a class=\"dt-pswp-item\" href=\"https:\/\/www.radiopiu.net\/wordpress\/wp-content\/uploads\/2023\/10\/th-2.jpg\" data-dt-img-description=\"\" data-large_image_width=\"238\" data-large_image_height=\"180\"><img loading=\"lazy\" decoding=\"async\" class=\" wp-image-355140 alignleft\" src=\"https:\/\/www.radiopiu.net\/wordpress\/wp-content\/uploads\/2023\/10\/th-2.jpg\" alt=\"\" width=\"182\" height=\"138\" \/><\/a>BELLUNO<\/strong> Nel 2017, a seguito di un&#8217;operazione antidroga condotta dal Nucleo investigativo dei carabinieri di Belluno, sono state avanzate due richieste di condanna e una di proscioglimento per particolare tenuit\u00e0 del fatto. Violeta Bacaliuc, cittadina moldava, rischia sette anni di carcere e una multa di 50.000 euro per detenzione e spaccio di droga, nonostante abbia cercato di redimere il fidanzato. L&#8217;albanese Jurgen Rroqja rischia invece un anno e sei mesi di carcere. Martina Tiziani ha ricevuto una richiesta di tenuit\u00e0 del reato da parte del pm d&#8217;udienza Gianluca Tricoli. Questi sono gli ultimi tre imputati in un&#8217;inchiesta coordinata dal sostituto procuratore Paolo Sartorello, che aveva portato all&#8217;arresto di 12 persone: 10 uomini e due donne. In totale, sono stati denunciati 48 individui e quattro sono stati segnalati alla Prefettura per uso di sostanze stupefacenti. La rete coinvolgeva oltre cento consumatori, compresi dieci minorenni, in quanto lo spaccio avveniva anche vicino alle scuole. (FOTO ARCHIVIO)<\/p>\n<p>&nbsp;<\/p>\n<p>&nbsp;<\/p>\n<blockquote>\n<h3><a class=\"dt-pswp-item\" href=\"https:\/\/www.radiopiu.net\/wordpress\/wp-content\/uploads\/2023\/10\/th-1.jpg\" data-dt-img-description=\"\" data-large_image_width=\"418\" data-large_image_height=\"180\"><img loading=\"lazy\" decoding=\"async\" class=\" wp-image-355139 alignleft\" src=\"https:\/\/www.radiopiu.net\/wordpress\/wp-content\/uploads\/2023\/10\/th-1-300x129.jpg\" alt=\"\" width=\"226\" height=\"97\" srcset=\"https:\/\/www.radiopiu.net\/wordpress\/wp-content\/uploads\/2023\/10\/th-1-300x129.jpg 300w, https:\/\/www.radiopiu.net\/wordpress\/wp-content\/uploads\/2023\/10\/th-1.jpg 418w\" sizes=\"auto, (max-width: 226px) 100vw, 226px\" \/><\/a>RELAZIONI TOSSICHE E RICATTI SESSUALI<\/h3>\n<\/blockquote>\n<p><strong>BELLUNO \u00a0<\/strong>un cittadino marocchino I.N., ha tentato di ricattare il suo ex compagno chiedendo 5.000 euro, minacciando di diffondere video dei loro rapporti sessuali e altri filmati in cui sarebbero coinvolti dei minorenni. Tuttavia, il partner ha denunciato il ricatto, e I.N. \u00e8 ora accusato di tentata estorsione. Il pubblico ministero ha richiesto una condanna a due anni e mezzo, mentre la difesa afferma che l&#8217;imputato dovrebbe essere assolto per mancanza di prove concrete. Il caso \u00e8 stato rinviato per repliche e sentenza. (FOTO ARCHIVIO)<\/p>\n<p>&nbsp;<\/p>\n<blockquote>\n<h3>MEDICO ANESTESISTA IN TRIBUNALE, GIA&#8217; SOSPESO PER 6 MESI E POI RE INTEGRATO. INIZIA IL PROCESSO.<\/h3>\n<\/blockquote>\n<p><strong><a class=\"dt-pswp-item\" href=\"https:\/\/www.radiopiu.net\/wordpress\/wp-content\/uploads\/2023\/09\/468e46b6-1c5a-463b-ba1c-437000fdf01a.jpg\" data-dt-img-description=\"\" data-large_image_width=\"1024\" data-large_image_height=\"768\"><img loading=\"lazy\" decoding=\"async\" class=\"wp-image-351756 alignleft\" src=\"https:\/\/www.radiopiu.net\/wordpress\/wp-content\/uploads\/2023\/09\/468e46b6-1c5a-463b-ba1c-437000fdf01a-300x225.jpg\" alt=\"\" width=\"239\" height=\"179\" srcset=\"https:\/\/www.radiopiu.net\/wordpress\/wp-content\/uploads\/2023\/09\/468e46b6-1c5a-463b-ba1c-437000fdf01a-300x225.jpg 300w, https:\/\/www.radiopiu.net\/wordpress\/wp-content\/uploads\/2023\/09\/468e46b6-1c5a-463b-ba1c-437000fdf01a-768x576.jpg 768w, https:\/\/www.radiopiu.net\/wordpress\/wp-content\/uploads\/2023\/09\/468e46b6-1c5a-463b-ba1c-437000fdf01a.jpg 1024w\" sizes=\"auto, (max-width: 239px) 100vw, 239px\" \/><\/a>AGORDO<\/strong> Il medico anestesista \u00e8 accusato di aver effettuato accessi abusivi al sistema informatico dell&#8217;azienda sanitaria Ulss 1 Dolomiti, senza alcun motivo legato alla sua professione. Questi accessi avrebbero avuto lo scopo di ottenere informazioni riservate sulla salute di una donna con cui aveva avuto una breve relazione, interrotta dalla volont\u00e0 unilaterale della donna. L&#8217;accusa mossa dal pubblico ministero Sandra Rossi \u00e8 di accesso abusivo a un sistema informatico protetto da misure di sicurezza, un reato che pu\u00f2 portare a una pena di reclusione fino a cinque anni, considerando il contesto della sanit\u00e0 pubblica. Inoltre, la donna coinvolta si \u00e8 costituita parte civile e chieder\u00e0 un adeguato risarcimento danni. La prima udienza del dibattimento \u00e8 stata fissata per l&#8217;11 marzo alle 10.30. Il dottore \u00e8 originario di Napoli e lavorava come anestesista presso l&#8217;ospedale Papa Luciani. Inizialmente \u00e8 stato sospeso dal servizio presso l&#8217;Ulss 1 Dolomiti per sei mesi, ma successivamente \u00e8 stato reintegrato in un ruolo diverso.<\/p>\n<p>&nbsp;<\/p>\n<hr \/>\n<p>&nbsp;<\/p>\n<blockquote>\n<h3>IERI SERA CONSIGLIO DELL&#8217;UNIONE MONTANA AGORDINA, LE ULTIME NOVITA&#8217; SULLA QUESTIONE &#8220;CASA DI SOGGIORNO DI TAIBON AGORDINO&#8221;<\/h3>\n<\/blockquote>\n<p><strong>AUDIO<\/strong><\/p>\n<h2><a class=\"dt-pswp-item\" href=\"https:\/\/www.radiopiu.net\/wordpress\/wp-content\/uploads\/2023\/04\/PAOLO-FRENA.png\" data-dt-img-description=\"\" data-large_image_width=\"292\" data-large_image_height=\"223\"><img loading=\"lazy\" decoding=\"async\" class=\"wp-image-331937 alignleft\" src=\"https:\/\/www.radiopiu.net\/wordpress\/wp-content\/uploads\/2023\/04\/PAOLO-FRENA.png\" alt=\"\" width=\"164\" height=\"125\" \/><\/a>CASA SOGGIORNO TAIBON, AUDIO<\/h2>\n<audio class=\"wp-audio-shortcode\" id=\"audio-354999-1\" preload=\"none\" style=\"width: 100%;\" controls=\"controls\"><source type=\"audio\/mpeg\" src=\"https:\/\/www.radiopiu.net\/wordpress\/wp-content\/uploads\/2023\/10\/FRENA-CASA-SOGGIORNO.mp3?_=1\" \/><a href=\"https:\/\/www.radiopiu.net\/wordpress\/wp-content\/uploads\/2023\/10\/FRENA-CASA-SOGGIORNO.mp3\">https:\/\/www.radiopiu.net\/wordpress\/wp-content\/uploads\/2023\/10\/FRENA-CASA-SOGGIORNO.mp3<\/a><\/audio>\n<h2><\/h2>\n<h2><a class=\"dt-pswp-item\" href=\"https:\/\/www.radiopiu.net\/wordpress\/wp-content\/uploads\/2023\/04\/ANDREA-DB.png\" data-dt-img-description=\"\" data-large_image_width=\"439\" data-large_image_height=\"319\"><img loading=\"lazy\" decoding=\"async\" class=\"wp-image-331912 alignleft\" src=\"https:\/\/www.radiopiu.net\/wordpress\/wp-content\/uploads\/2023\/04\/ANDREA-DB-300x218.png\" alt=\"\" width=\"157\" height=\"114\" srcset=\"https:\/\/www.radiopiu.net\/wordpress\/wp-content\/uploads\/2023\/04\/ANDREA-DB-300x218.png 300w, https:\/\/www.radiopiu.net\/wordpress\/wp-content\/uploads\/2023\/04\/ANDREA-DB.png 439w\" sizes=\"auto, (max-width: 157px) 100vw, 157px\" \/><\/a>LA POLITICA DEL &#8220;VOLEMOSE BEN&#8221; CONSIDERAZIONI DI UN SINDACO, ANDREA DE BERNARDIN<\/h2>\n<audio class=\"wp-audio-shortcode\" id=\"audio-354999-2\" preload=\"none\" style=\"width: 100%;\" controls=\"controls\"><source type=\"audio\/mpeg\" src=\"https:\/\/www.radiopiu.net\/wordpress\/wp-content\/uploads\/2023\/10\/ANDREA-DE-BE.mp3?_=2\" \/><a href=\"https:\/\/www.radiopiu.net\/wordpress\/wp-content\/uploads\/2023\/10\/ANDREA-DE-BE.mp3\">https:\/\/www.radiopiu.net\/wordpress\/wp-content\/uploads\/2023\/10\/ANDREA-DE-BE.mp3<\/a><\/audio>\n<p>&nbsp;<\/p>\n<p>&nbsp;<\/p>\n<p><iframe loading=\"lazy\" title=\"Consiglio Unione Montana Agordina - 02 ottobre 2023\" width=\"1200\" height=\"675\" src=\"https:\/\/www.youtube.com\/embed\/GbUxHx2UBgU?feature=oembed\" frameborder=\"0\" allow=\"accelerometer; autoplay; clipboard-write; encrypted-media; gyroscope; picture-in-picture; web-share\" allowfullscreen><\/iframe><\/p>\n<p>&nbsp;<\/p>\n<p>&nbsp;<\/p>\n<p>&nbsp;<\/p>\n<hr \/>\n<p>&nbsp;<\/p>\n<blockquote>\n<h3><strong>LA FANFARA CONGEDATI DELLA BRIGATA ALPINA CADORE TORNA AD AGORDO, SABATO ALLE 15.30 SFILATA IN PIAZZA E ALLE 20.30 IL CONCERTO AL PALALUXOTTICA ingresso gratuito.\u00a0<\/strong><\/h3>\n<p><span style=\"color: #ff0000;\">OGGI ALLE 13.00\u00a0 E QUESTA SERA ALLE 20.30 LO SPECIALE ALLA RADIO CON ALESSANDRO SAVIO E GIOVANNI DA PRA<\/span><\/p><\/blockquote>\n<p><strong><a class=\"dt-pswp-item\" href=\"https:\/\/www.radiopiu.net\/wordpress\/wp-content\/uploads\/2023\/10\/IMG-20190330-WA0045.jpg\" data-dt-img-description=\"\" data-large_image_width=\"1600\" data-large_image_height=\"900\"><img loading=\"lazy\" decoding=\"async\" class=\" wp-image-355130 alignleft\" src=\"https:\/\/www.radiopiu.net\/wordpress\/wp-content\/uploads\/2023\/10\/IMG-20190330-WA0045-300x169.jpg\" alt=\"\" width=\"195\" height=\"110\" srcset=\"https:\/\/www.radiopiu.net\/wordpress\/wp-content\/uploads\/2023\/10\/IMG-20190330-WA0045-300x169.jpg 300w, https:\/\/www.radiopiu.net\/wordpress\/wp-content\/uploads\/2023\/10\/IMG-20190330-WA0045-1024x576.jpg 1024w, https:\/\/www.radiopiu.net\/wordpress\/wp-content\/uploads\/2023\/10\/IMG-20190330-WA0045-768x432.jpg 768w, https:\/\/www.radiopiu.net\/wordpress\/wp-content\/uploads\/2023\/10\/IMG-20190330-WA0045-1536x864.jpg 1536w, https:\/\/www.radiopiu.net\/wordpress\/wp-content\/uploads\/2023\/10\/IMG-20190330-WA0045.jpg 1600w\" sizes=\"auto, (max-width: 195px) 100vw, 195px\" \/><\/a>AGORDO<\/strong><\/p>\n<p>DI GIANNI SANTOMASO<\/p>\n<audio class=\"wp-audio-shortcode\" id=\"audio-354999-3\" preload=\"none\" style=\"width: 100%;\" controls=\"controls\"><source type=\"audio\/mpeg\" src=\"https:\/\/www.radiopiu.net\/wordpress\/wp-content\/uploads\/2023\/10\/GIANNI-LA-FANFARA-DEL-GRUPPO-ALPINI-CADORE-TORNA-AD-AGORDO.mp3?_=3\" \/><a href=\"https:\/\/www.radiopiu.net\/wordpress\/wp-content\/uploads\/2023\/10\/GIANNI-LA-FANFARA-DEL-GRUPPO-ALPINI-CADORE-TORNA-AD-AGORDO.mp3\">https:\/\/www.radiopiu.net\/wordpress\/wp-content\/uploads\/2023\/10\/GIANNI-LA-FANFARA-DEL-GRUPPO-ALPINI-CADORE-TORNA-AD-AGORDO.mp3<\/a><\/audio>\n<p>&nbsp;<\/p>\n<p>&nbsp;<\/p>\n<p>LA FANFARA CONGEDATI BRIGATA ALPINA CADORE TORNA AD AGORDO. SABATO 7 OTTOBRE, ALLE 15.30 CAROSELLO IN PIAZZA LIBERTA&#8217;, ALLE 20.30 IL CONCERTO AL PALALUXOTTICA DIRETTO DAL MAESTRO DOMENICO VELLO. INGRESSO GRATUITO, EVENTUALE OFFERTE SARANNO DEVOLUTE ALLA RICOSTRUZIONE DEL TERRITORIO COLPITO DALL&#8217;ALLUVIONE IN EMILIA ROMAGNA. LA FANFARA CONGEDATI BRIGATA ALPINA CADORE, IL 7 OTTOBRE AD AGORDO, CON IL GRUPPO ALPINI AGORDO-TAIBON E RIVAMONTE.<\/p>\n<p><strong>\u00a0<\/strong><\/p>\n\n\t\t\t<style type='text\/css'>\n\t\t\t\t#gallery-1 {\n\t\t\t\t\tmargin: auto;\n\t\t\t\t}\n\t\t\t\t#gallery-1 .gallery-item {\n\t\t\t\t\tfloat: left;\n\t\t\t\t\tmargin-top: 10px;\n\t\t\t\t\ttext-align: center;\n\t\t\t\t\twidth: 33%;\n\t\t\t\t}\n\t\t\t\t#gallery-1 img {\n\t\t\t\t\tborder: 2px solid #cfcfcf;\n\t\t\t\t}\n\t\t\t\t#gallery-1 .gallery-caption {\n\t\t\t\t\tmargin-left: 0;\n\t\t\t\t}\n\t\t\t\t\/* see gallery_shortcode() in wp-includes\/media.php *\/\n\t\t\t<\/style>\n\t\t<div id='gallery-1' class='dt-gallery-container gallery galleryid-354999 gallery-columns-3 gallery-size-thumbnail'><dl class='gallery-item'>\n\t\t\t\t<dt class='gallery-icon landscape'>\n\t\t\t\t\t<a class=\"rollover rollover-zoom dt-pswp-item\" title=\"th\" data-dt-img-description=\"\" data-large_image_width=\"203\" data-large_image_height=\"114\"href='https:\/\/www.radiopiu.net\/wordpress\/wp-content\/uploads\/2023\/10\/th.jpg'><img loading=\"lazy\" decoding=\"async\" width=\"150\" height=\"114\" src=\"https:\/\/www.radiopiu.net\/wordpress\/wp-content\/uploads\/2023\/10\/th-150x114.jpg\" class=\"attachment-thumbnail size-thumbnail\" alt=\"\" \/><\/a>\n\t\t\t\t<\/dt><\/dl><dl class='gallery-item'>\n\t\t\t\t<dt class='gallery-icon landscape'>\n\t\t\t\t\t<a class=\"rollover rollover-zoom dt-pswp-item\" title=\"h\" data-dt-img-description=\"\" data-large_image_width=\"203\" data-large_image_height=\"114\"href='https:\/\/www.radiopiu.net\/wordpress\/wp-content\/uploads\/2023\/10\/h.jpg'><img loading=\"lazy\" decoding=\"async\" width=\"150\" height=\"114\" src=\"https:\/\/www.radiopiu.net\/wordpress\/wp-content\/uploads\/2023\/10\/h-150x114.jpg\" class=\"attachment-thumbnail size-thumbnail\" alt=\"\" \/><\/a>\n\t\t\t\t<\/dt><\/dl><dl class='gallery-item'>\n\t\t\t\t<dt class='gallery-icon landscape'>\n\t\t\t\t\t<a class=\"rollover rollover-zoom dt-pswp-item\" title=\"3-300x169\" data-dt-img-description=\"\" data-large_image_width=\"300\" data-large_image_height=\"169\"href='https:\/\/www.radiopiu.net\/wordpress\/wp-content\/uploads\/2023\/10\/3-300x169-1.jpg'><img loading=\"lazy\" decoding=\"async\" width=\"150\" height=\"150\" src=\"https:\/\/www.radiopiu.net\/wordpress\/wp-content\/uploads\/2023\/10\/3-300x169-1-150x150.jpg\" class=\"attachment-thumbnail size-thumbnail\" alt=\"\" \/><\/a>\n\t\t\t\t<\/dt><\/dl><br style=\"clear: both\" \/>\n\t\t\t<\/div>\n\n<hr \/>\n<blockquote>\n<h3><\/h3>\n<h3>AUGURI AMABILE! 107 ANNI DI VITA VISSUTA<\/h3>\n<\/blockquote>\n<p><strong><img decoding=\"async\" class=\"alignleft\" src=\"https:\/\/www.radiopiu.net\/wordpress\/wp-content\/uploads\/2023\/10\/Senza-nome-4.png\" \/>BORGO VALBELLUNA <\/strong>Amabile Deola ha festeggiato il suo 107\u00ba compleanno, attribuisce il suo segreto per una lunga vita al mangiare con gusto, dormire fino alle 10 del mattino e affrontare la vita con tranquillit\u00e0. Nonostante la sua et\u00e0, ha vissuto una vita avventurosa, attraversando due guerre mondiali, periodi di emigrazione, leggi razziali e bombardamenti. Cresciuta in una famiglia numerosa, ha imparato a leggere e scrivere durante gli anni Venti. Successivamente, \u00e8 stata mandata a Napoli per lavorare come domestica, un&#8217;esperienza che le ha lasciato un ricordo positivo della citt\u00e0. Amabile,\u00a0 la donna pi\u00f9 anziana di Borgo Valbelluna e una delle pi\u00f9 anziane della provincia. La sua vita attuale trascorre a Nave, dove \u00e8 accudita dalla sua famiglia. \u00c8 una donna energica che ama leggere, guardare la televisione e seguire programmi di cucina.<\/p>\n<p>&nbsp;<\/p>\n<hr \/>\n<p>&nbsp;<\/p>\n<blockquote>\n<h3>DILLO A RADIO PIU&#8217;&#8230;ANCORA DISSERVIZI DOLOMITIBUS<\/h3>\n<\/blockquote>\n<p><strong><a class=\"dt-pswp-item\" href=\"https:\/\/www.radiopiu.net\/wordpress\/wp-content\/uploads\/2020\/06\/bac1e271-d4cb-4f10-b12b-dad19da85e7a.jpg\" data-dt-img-description=\"\" data-large_image_width=\"2048\" data-large_image_height=\"1536\"><img loading=\"lazy\" decoding=\"async\" class=\" wp-image-144901 alignleft\" src=\"https:\/\/www.radiopiu.net\/wordpress\/wp-content\/uploads\/2020\/06\/bac1e271-d4cb-4f10-b12b-dad19da85e7a-300x225.jpg\" alt=\"\" width=\"184\" height=\"138\" srcset=\"https:\/\/www.radiopiu.net\/wordpress\/wp-content\/uploads\/2020\/06\/bac1e271-d4cb-4f10-b12b-dad19da85e7a-300x225.jpg 300w, https:\/\/www.radiopiu.net\/wordpress\/wp-content\/uploads\/2020\/06\/bac1e271-d4cb-4f10-b12b-dad19da85e7a-1024x768.jpg 1024w, https:\/\/www.radiopiu.net\/wordpress\/wp-content\/uploads\/2020\/06\/bac1e271-d4cb-4f10-b12b-dad19da85e7a-768x576.jpg 768w, https:\/\/www.radiopiu.net\/wordpress\/wp-content\/uploads\/2020\/06\/bac1e271-d4cb-4f10-b12b-dad19da85e7a-1536x1152.jpg 1536w, https:\/\/www.radiopiu.net\/wordpress\/wp-content\/uploads\/2020\/06\/bac1e271-d4cb-4f10-b12b-dad19da85e7a.jpg 2048w\" sizes=\"auto, (max-width: 184px) 100vw, 184px\" \/><\/a>RICEVIAMO E PUBBLICHIAMO<\/strong><\/p>\n<p>Iniziamo bene la settimana. Non \u00e8 certo una novit\u00e0 che la Dolomitibus pi\u00f9 che dare dei servizi \u00e8 maestra nei disservizi. Tanto per cambiare da inizio anno scolastico sulla tratta Agordo-Belluno e viceversa i problemi sono all&#8217;ordine del giorno. Studenti lasciati a piedi, fermate non rispettate e, anche oggi, sulla corsa delle 7 Agordo-Belluno chi aspettava di salire alle Campe in Comune di La Valle Agordina ha solo visto passare i mezzi ed \u00e8 rimasto a piedi, nessun bus si \u00e8 fermato. Voglio anche accennare al sovrannumero dei passeggeri sui mezzi, ammucchiati come sardine in scatola, alla faccia della sicurezza. Mi risulta per\u00f2 che l&#8217;abbonamento noi genitori lo abbiamo pagato e anche non poco e per tanto si pretende di avere un servizio adeguato. Oggi ho dovuto fare da taxi a mia figlia ed altri ragazzi rimasti a piedi alle Campe e al Mas di Sedico entrando a scuola alla seconda ora. Rivolgo anche un appello agli amministratori locali e provinciali se avete a cuore il vostro\/nostro territorio e la gente che rappresentate provate ad alzare\u00a0 la voce perch\u00e9 ormai in tutta la vallata Agordina il servizio di autotrasporto \u00e8 alla frutta.<\/p>\n<p>Massimo Sommariva<\/p>\n<p>&nbsp;<\/p>\n<blockquote>\n<h3>TRASPORTI K.O. A BELLUNO. LA UIL DENUNCIA IL PROBLEMA<\/h3>\n<\/blockquote>\n<p><strong><a class=\"dt-pswp-item\" href=\"https:\/\/www.radiopiu.net\/wordpress\/wp-content\/uploads\/2023\/06\/uil-belluno.png\" data-dt-img-description=\"\" data-large_image_width=\"310\" data-large_image_height=\"317\"><img loading=\"lazy\" decoding=\"async\" class=\" wp-image-342349 alignleft\" src=\"https:\/\/www.radiopiu.net\/wordpress\/wp-content\/uploads\/2023\/06\/uil-belluno-293x300.png\" alt=\"\" width=\"134\" height=\"137\" srcset=\"https:\/\/www.radiopiu.net\/wordpress\/wp-content\/uploads\/2023\/06\/uil-belluno-293x300.png 293w, https:\/\/www.radiopiu.net\/wordpress\/wp-content\/uploads\/2023\/06\/uil-belluno.png 310w\" sizes=\"auto, (max-width: 134px) 100vw, 134px\" \/><\/a>BELLUNO <\/strong>\u201cI trasporti, sia su ferro che su gomma, qui a Belluno, sono un incubo. Quello su ferro lo abbiamo gi\u00e0 denunciato recentemente. Oggi i nostri ragazzi non riescono a ricevere un servizio degno di questo nome. Ho deciso di verificare insieme agli studenti i disservizi, di monitorare la situazione e quindi di agire per trovare delle soluzioni concrete. Non \u00e8 possibile che la nostra provincia sia trattata come una Cenerentola. A farne le spese sono sempre le persone\u201d. A lanciare l\u2019allarme sui trasporti pubblici nel bellunese \u00e8 Sonia Bridda, coordinatrice della Uil Veneto Belluno che ha cominciato la lotta per un servizio migliore. Ad aiutarla sono i giovani: \u201cOggi mi sono recata in stazione e alle fermate degli autobus per toccare con mano la situazione. Ho incontrato e parlato con diversi ragazzi delle scuole che ho trovato in quel momento. Ci siamo confrontati, ad esempio, su Dolomitibus: nella parte alta della provincia i problemi sono pi\u00f9 accentuati. Ad Agordo, ad esempio, in un mese un ragazzo \u00e8 rimasto a piedi 2 volte. Un altro tre. Motivo per cui entrambi i ragazzi hanno dovuto chiedere aiuto ai genitori. E\u2019 davvero surreale. Ricordiamoci che il servizio non \u00e8 regalato e che i genitori lavorano. Il disagio \u00e8 importante e va affrontato velocemente\u201d.<\/p>\n<p>&nbsp;<\/p>\n<hr \/>\n<p>&nbsp;<\/p>\n<blockquote>\n<h3>LA FESTA DEI NONNI A PONTE NELE ALPI<\/h3>\n<\/blockquote>\n<p><strong><a class=\"dt-pswp-item\" href=\"https:\/\/www.radiopiu.net\/wordpress\/wp-content\/uploads\/2023\/10\/Festa_dei_Nonni.jpg\" data-dt-img-description=\"\" data-large_image_width=\"1292\" data-large_image_height=\"757\"><img loading=\"lazy\" decoding=\"async\" class=\" wp-image-355094 alignleft\" src=\"https:\/\/www.radiopiu.net\/wordpress\/wp-content\/uploads\/2023\/10\/Festa_dei_Nonni-300x176.jpg\" alt=\"\" width=\"184\" height=\"108\" srcset=\"https:\/\/www.radiopiu.net\/wordpress\/wp-content\/uploads\/2023\/10\/Festa_dei_Nonni-300x176.jpg 300w, https:\/\/www.radiopiu.net\/wordpress\/wp-content\/uploads\/2023\/10\/Festa_dei_Nonni-1024x600.jpg 1024w, https:\/\/www.radiopiu.net\/wordpress\/wp-content\/uploads\/2023\/10\/Festa_dei_Nonni-768x450.jpg 768w, https:\/\/www.radiopiu.net\/wordpress\/wp-content\/uploads\/2023\/10\/Festa_dei_Nonni.jpg 1292w\" sizes=\"auto, (max-width: 184px) 100vw, 184px\" \/><\/a>PONTE NELLE ALPI <\/strong>Il 2 ottobre si celebra la Festa dei Nonni, istituita per legge il 31 luglio 2005 dal Parlamento Italiano. E da 18 anni, nelle scuole dell\u2019infanzia di Piaia e Ponte nelle Alpi, \u00e8 diventata una tradizione, con l\u2019obiettivo di promuovere la comunicazione tra le generazioni. E rafforzare il legame tra famiglie. I cortili delle scuole dell\u2019infanzia si sono colorati di canzoni, poesie, disegni, all\u2019interno di un momento celebrativo che ha pure un\u2019ispirazione religiosa, visto che la data scelta coincide con la festa degli Angeli Custodi.<\/p>\n<p>&nbsp;<\/p>\n<p>&nbsp;<\/p>\n<hr \/>\n<p>&nbsp;<\/p>\n<blockquote>\n<h3>OGGI CONSIGLIO COMUNALE A FALCADE<\/h3>\n<\/blockquote>\n<p><strong>FALCADE<\/strong> Il sindaco di Falcade Mauro Salvaterra ha convocato il consiglio comunale per oggi alle 20. Sono 6 i punti da discutere tra cui una variazione a bilancio, due istanze per mutamento di destinazione di terreni, l&#8217;approvazione del regolamento per la disciplina del volontariato civico individuale e il regolamento della biblioteca comunale.<\/p>\n<p>&nbsp;<\/p>\n<p>&nbsp;<\/p>\n<hr \/>\n<p>&nbsp;<\/p>\n<p>&nbsp;<\/p>\n<blockquote>\n<h3><span id=\"page3R_mcid0\" class=\"markedContent\"><span dir=\"ltr\" role=\"presentation\">\u00a0CAMBIO MEDICO AD AGORDO\u00a0<\/span><\/span><\/h3>\n<\/blockquote>\n<p><span id=\"page3R_mcid0\" class=\"markedContent\"><span dir=\"ltr\" role=\"presentation\"><strong>AGORDO<\/strong> Entra in servizio la Dott.sa Nuria Pons Gil in sostituzione del Dott. Sito andato in pensione. Questi gli orari di ambulatorio: luned\u00ec, gioved\u00ec e venerdi dalle 9 alle 12, marted\u00ec e mercoled\u00ec dalle 15 alle 18. L\u2019accesso all\u2019ambulatorio, situato in Via Dozza presso la sede ASCA, avviene esclusivamente tramite appuntamento. Si pu\u00f2 contattare la Dott.sa Nuria Pons Gil al numero 329 0931661 dalle 8 alle 9 dal luned\u00ec al venerd\u00ec. O tramite mail a dottoressapons@gmail.com<\/span><\/span><\/p>\n<p>&nbsp;<\/p>\n<p>&nbsp;<\/p>\n<hr \/>\n<p>&nbsp;<\/p>\n<blockquote>\n<h3>DOMANI L&#8217;ASSEMBLEA GENERALE DEL BIM PIAVE<\/h3>\n<\/blockquote>\n<p><strong>BELLUNO\u00a0<\/strong> Domani alle 15 nella sala convegni dell&#8217;Ana, Sezione di Belluno di via Attilio Tissi assemblea generale. All&#8217;ordien del giorno l&#8217;approvazione del bilancio, la variazione al bilancio di previsione 2023-25, comunicazioni del Presidente, definizione critesi per la nomina del rappresentate della Fondazione &#8220;Centro Studi Tiziano e Cadore&#8221;.<\/p>\n<p>&nbsp;<\/p>\n<hr \/>\n<p>&nbsp;<\/p>\n<blockquote>\n<h3>LE PAROLE DEL PRESIDENTE MATTARELLA AD UNA SETTIMANA DELLA CEROMINA PER RICORDARE LA TRAGEDIA DEL VAJONT<\/h3>\n<\/blockquote>\n<p><strong><a class=\"dt-pswp-item\" href=\"https:\/\/www.radiopiu.net\/wordpress\/wp-content\/uploads\/2022\/10\/VAJONT.jpg\" data-dt-img-description=\"\" data-large_image_width=\"768\" data-large_image_height=\"505\"><img loading=\"lazy\" decoding=\"async\" class=\" wp-image-300870 alignleft\" src=\"https:\/\/www.radiopiu.net\/wordpress\/wp-content\/uploads\/2022\/10\/VAJONT-300x197.jpg\" alt=\"\" width=\"152\" height=\"100\" srcset=\"https:\/\/www.radiopiu.net\/wordpress\/wp-content\/uploads\/2022\/10\/VAJONT-300x197.jpg 300w, https:\/\/www.radiopiu.net\/wordpress\/wp-content\/uploads\/2022\/10\/VAJONT.jpg 768w\" sizes=\"auto, (max-width: 152px) 100vw, 152px\" \/><\/a>LONGARONE <\/strong>Terribile e indimenticabile. Una settimana esatta prima della sua visita a Longarone, il presidente Mattarella ha utilizzato due aggettivi che pi\u00f9 di altri identificano la tragedia e quello che ci lascia oggi, a 60 anni di distanza. Una catastrofe terribile, sia nelle dimensioni sia nelle dinamiche. Terribile perch\u00e9 ha provocato 1.910 morti, quasi 500 bambini, devastando comunit\u00e0, famiglie, attivit\u00e0\u2026 una vallata intera. Terribile perch\u00e9 nei mesi e nelle settimane precedenti il 9 ottobre 1963 c&#8217;erano stati da pi\u00f9 parti segnali di quello che sarebbe potuto accadere. Terribile anche perch\u00e9 ha segnato una ferita profonda, viva ancora oggi. E indimenticabile non solo per Longarone e per le comunit\u00e0 del Vajont, ma per l\u2019intero Paese.<\/p>\n<p>&nbsp;<\/p>\n<p>&nbsp;<\/p>\n<hr \/>\n<p>&nbsp;<\/p>\n<blockquote>\n<h3>VAJONT, PER NON DIMENTICARE\u2026<\/h3>\n<\/blockquote>\n<p><a class=\"dt-pswp-item\" href=\"https:\/\/www.radiopiu.net\/wordpress\/wp-content\/uploads\/2023\/10\/mostra_vajont_milano.jpg\" data-dt-img-description=\"\" data-large_image_width=\"1498\" data-large_image_height=\"615\"><img loading=\"lazy\" decoding=\"async\" class=\"size-medium wp-image-355084 alignleft\" src=\"https:\/\/www.radiopiu.net\/wordpress\/wp-content\/uploads\/2023\/10\/mostra_vajont_milano-300x123.jpg\" alt=\"\" width=\"300\" height=\"123\" srcset=\"https:\/\/www.radiopiu.net\/wordpress\/wp-content\/uploads\/2023\/10\/mostra_vajont_milano-300x123.jpg 300w, https:\/\/www.radiopiu.net\/wordpress\/wp-content\/uploads\/2023\/10\/mostra_vajont_milano-1024x420.jpg 1024w, https:\/\/www.radiopiu.net\/wordpress\/wp-content\/uploads\/2023\/10\/mostra_vajont_milano-768x315.jpg 768w, https:\/\/www.radiopiu.net\/wordpress\/wp-content\/uploads\/2023\/10\/mostra_vajont_milano.jpg 1498w\" sizes=\"auto, (max-width: 300px) 100vw, 300px\" \/><\/a><strong>BELLUNO<\/strong>\u00a0 Nel sessantesimo anniversario del Disastro del Vajont, in occasione dello spettacolo VajontS23 al PiccoloTeatro Strehler,\u00a0 la Famiglia Bellunese di Milano porta la tragica storia di Longarone nel centro di Milano con la mostra fotografica \u2018Vajont, per nondimenticare\u2019. Il percorso fotografico \u00e8 curato dalla Pro Loco di Longarone. Il 9 ottobre dopo l&#8217;inaugurazione<br \/>\nalle 20.30, spettacolo Vajonts23, Azione corale di teatro civile: il progetto voluto e pensato da Marco Paolini che coinvolge pi\u00f9 di cento teatri italiani. Al Piccolo Teatro Strehler, lo spettacolo prevede la partecipazione di circa centocinquanta attori-cittadini, oltre allo stesso Marco Paolini<\/p>\n<p>&nbsp;<\/p>\n<p>&nbsp;<\/p>\n<hr \/>\n<p align=\"CENTER\"><strong><span style=\"color: #000000;\">\u00a0<\/span><\/strong><\/p>\n<blockquote>\n<h3>A LEZIONE DI PROTEZIONE CIVILE. MERCOLED\u00cc IN SALA BIANCHI L\u2019EVENTO PER GLI STUDENTI DELL\u2019IIS SEGATO<\/h3>\n<\/blockquote>\n<p><strong>BELLUNO <\/strong>Che cos\u2019\u00e8 la Protezione Civile? Da chi \u00e8 formata, come opera e in quali occasioni? Cosa fare in caso di terremoto? E se ci si trova davanti ad un incendio, chi chiamare? Sono solo una parte delle domande a cui sar\u00e0 data risposta mercoled\u00ec in Sala Bianchi dalle 8.30. In occasione della settimana nazionale della Protezione Civile il Comune, attraverso l\u2019assessorato dedicato, incontrer\u00e0 i ragazzi per una lezione vis a vis con i volontari. A sedersi in aula per l\u2019iniziativa \u201cLa Protezione Civile incontra la scuola\u201d saranno gli studenti delle classi quarte dell\u2019IIS Segato.<\/p>\n<p><strong>L&#8217;ASSESSORE LORENZA DE KUNOVICH<\/strong><\/p>\n<p><iframe loading=\"lazy\" title=\"IMG 1661\" width=\"1200\" height=\"675\" src=\"https:\/\/www.youtube.com\/embed\/kMXBE8V0l2c?feature=oembed\" frameborder=\"0\" allow=\"accelerometer; autoplay; clipboard-write; encrypted-media; gyroscope; picture-in-picture; web-share\" allowfullscreen><\/iframe><\/p>\n<p>&nbsp;<\/p>\n<hr \/>\n<p>&nbsp;<\/p>\n<blockquote>\n<h3>GUERRINO ARGENTA E&#8217; IL NUOVO PRESIDENTE DI ANAP<\/h3>\n<\/blockquote>\n<p><strong><a class=\"dt-pswp-item\" href=\"https:\/\/www.radiopiu.net\/wordpress\/wp-content\/uploads\/2023\/10\/PHOTO-2023-10-02-16-34-24.jpg\" data-dt-img-description=\"\" data-large_image_width=\"1024\" data-large_image_height=\"768\"><img loading=\"lazy\" decoding=\"async\" class=\" wp-image-355109 alignleft\" src=\"https:\/\/www.radiopiu.net\/wordpress\/wp-content\/uploads\/2023\/10\/PHOTO-2023-10-02-16-34-24-300x225.jpg\" alt=\"\" width=\"163\" height=\"122\" srcset=\"https:\/\/www.radiopiu.net\/wordpress\/wp-content\/uploads\/2023\/10\/PHOTO-2023-10-02-16-34-24-300x225.jpg 300w, https:\/\/www.radiopiu.net\/wordpress\/wp-content\/uploads\/2023\/10\/PHOTO-2023-10-02-16-34-24-768x576.jpg 768w, https:\/\/www.radiopiu.net\/wordpress\/wp-content\/uploads\/2023\/10\/PHOTO-2023-10-02-16-34-24.jpg 1024w\" sizes=\"auto, (max-width: 163px) 100vw, 163px\" \/><\/a>BELLUNO <\/strong>Anap Belluno, l\u2019associazione dei pensionati di Confartigianato, ha un nuovo presidente. L\u2019assemblea provinciale ha eletto oggi Guerrino Argenta: guider\u00e0 i pensionati artigiani, circa 1.200 associati, fino al 2027. \u201cMi metto a disposizione, in spirito di servizio\u201d le prime parole di Argenta, che in Confartigianato Imprese Belluno siede anche nella giunta esecutiva e quindi conosce molto bene l\u2019associazione. \u201cI pensionati artigiani hanno un compito grande e alto: quello di trasmettere ai pi\u00f9 giovani la cultura del lavoro. Oggi l\u2019artigianato fatica a trovare nuove leve e il passaggio generazionale \u00e8 molto spesso faticoso e critico. Noi anziani non abbiamo pi\u00f9 le energie di un tempo, ma possiamo garantire il nostro bagaglio di esperienze e la passione che non \u00e8 mai venuta meno, neanche con il passare degli anni\u201d. Argenta sar\u00e0 affiancato dal vicepresidente vicario Guerrino Perenzin e dal vicepresidente Giovanni Affro.<\/p>\n<p>&nbsp;<\/p>\n<p>&nbsp;<\/p>\n<hr \/>\n<p>&nbsp;<\/p>\n<blockquote>\n<h3>PROFESSORI E STUDENTI DELL&#8217;ANNO SCOLASTICO 1963 A LONGARONE<\/h3>\n<\/blockquote>\n<p><strong>BELLUNO<\/strong> La Famiglia Bellunese di Padova, con il patrocinio della Provincia di Belluno, del Comune di Longarone, del Comune di Erto e Casso, del Comune di Soverzene e del Comune di Vajont, organizza a Longarone, presso la Sala Popoli d&#8217;Europa, nella mattinata di venerd\u00ec 6 ottobre 2023 con inizio alle ore 10.00 l&#8217;incontro tra &#8220;I professori e gli studenti dell&#8217;anno scolastico1963<\/p>\n<p>&nbsp;<\/p>\n<p>&nbsp;<\/p>\n<hr \/>\n<p>&nbsp;<\/p>\n<blockquote>\n<h3>INAUGURATA LA TERZA EDIZIONE HORECA A LONGARONE FIERE<\/h3>\n<\/blockquote>\n<p><strong><a class=\"dt-pswp-item\" href=\"https:\/\/www.radiopiu.net\/wordpress\/wp-content\/uploads\/2023\/10\/Taglio-del-nastro-Horeca-2023.jpg\" data-dt-img-description=\"\" data-large_image_width=\"2500\" data-large_image_height=\"1440\"><img loading=\"lazy\" decoding=\"async\" class=\" wp-image-355111 alignleft\" src=\"https:\/\/www.radiopiu.net\/wordpress\/wp-content\/uploads\/2023\/10\/Taglio-del-nastro-Horeca-2023-300x173.jpg\" alt=\"\" width=\"165\" height=\"95\" srcset=\"https:\/\/www.radiopiu.net\/wordpress\/wp-content\/uploads\/2023\/10\/Taglio-del-nastro-Horeca-2023-300x173.jpg 300w, https:\/\/www.radiopiu.net\/wordpress\/wp-content\/uploads\/2023\/10\/Taglio-del-nastro-Horeca-2023-1024x590.jpg 1024w, https:\/\/www.radiopiu.net\/wordpress\/wp-content\/uploads\/2023\/10\/Taglio-del-nastro-Horeca-2023-768x442.jpg 768w, https:\/\/www.radiopiu.net\/wordpress\/wp-content\/uploads\/2023\/10\/Taglio-del-nastro-Horeca-2023-1536x885.jpg 1536w, https:\/\/www.radiopiu.net\/wordpress\/wp-content\/uploads\/2023\/10\/Taglio-del-nastro-Horeca-2023-2048x1180.jpg 2048w\" sizes=\"auto, (max-width: 165px) 100vw, 165px\" \/><\/a>LONGARONE <\/strong>La terza edizione di Dolomiti Horeca \u00e8 stata inaugurata a Longarone Fiere Dolomiti, con un focus sulla ristorazione d&#8217;eccellenza. In questo contesto si \u00e8 inserita la premiazione del Veneto Food Excellence Fipe, che ha portato a Longarone Fiere Dolomiti i 47 nomi di spicco della ristorazione regionale, chef stellati e ristoranti con i giudizi pi\u00f9 elevati in almeno due delle maggiori guide gastronomiche d\u2019Italia (Michelin, Gambero Rosso e Touring Club). Insigniti del premio &#8211; una targa incorniciata nel legno di Vaia e un coltello professionale griffato Sanelli &#8211; anche i ristoranti \u201cgreen\u201d, che si sono distinti per particolari attenzioni di sostenibilit\u00e0 non solo ambientale, ma anche sociale, e per l\u2019accoglienza inclusiva.<\/p>\n<p>&nbsp;<\/p>\n<p>&nbsp;<\/p>\n<hr \/>\n<p>&nbsp;<\/p>\n<blockquote>\n<h3><a class=\"dt-pswp-item\" href=\"https:\/\/www.radiopiu.net\/wordpress\/wp-content\/uploads\/2023\/10\/1e145846-74d4-13c8-1ef5-6231f373bc04.jpg\" data-dt-img-description=\"Happy mother and daughter talking to pharmacist while shopping in drugstore.\" data-large_image_width=\"800\" data-large_image_height=\"445\"><img loading=\"lazy\" decoding=\"async\" class=\" wp-image-355035 alignleft\" src=\"https:\/\/www.radiopiu.net\/wordpress\/wp-content\/uploads\/2023\/10\/1e145846-74d4-13c8-1ef5-6231f373bc04-300x167.jpg\" alt=\"\" width=\"257\" height=\"143\" srcset=\"https:\/\/www.radiopiu.net\/wordpress\/wp-content\/uploads\/2023\/10\/1e145846-74d4-13c8-1ef5-6231f373bc04-300x167.jpg 300w, https:\/\/www.radiopiu.net\/wordpress\/wp-content\/uploads\/2023\/10\/1e145846-74d4-13c8-1ef5-6231f373bc04-768x427.jpg 768w, https:\/\/www.radiopiu.net\/wordpress\/wp-content\/uploads\/2023\/10\/1e145846-74d4-13c8-1ef5-6231f373bc04.jpg 800w\" sizes=\"auto, (max-width: 257px) 100vw, 257px\" \/><\/a>SALUTE E SOCIETA&#8217; CON IL DOTTOR MARCO CARACCIOLO<\/h3>\n<\/blockquote>\n<p><strong>Farmacia dei servizi <\/strong>La farmacia dei servizi deve passare dalla \u201cfase sperimentale\u201d all\u2019avvio di una nuova epoca come presidio di prossimit\u00e0 e centro di prevenzione: \u00e8 il messaggio emerso dal Dialogue Meeting Farmacia dei servizi, primo presidio sanitario di prossimit\u00e0-Il consolidamento strutturale del ruolo del farmacista: dal counseling alla vaccinazione.<br \/>\nTumore al polmone <strong>Il tumore al polmone<\/strong> \u00e8 uno dei pi\u00f9 aggressivi e letali e, spesso, anche dopo la rimozione chirurgica, si ripresenta. Al momento l&#8217;arma pi\u00f9 efficace \u00e8 la prevenzione. Un nuovo farmaco \u00e8 in grado di ridurre drasticamente il rischio di morte e ricadute.<\/p>\n<p><strong>AUDIO<\/strong><\/p>\n<audio class=\"wp-audio-shortcode\" id=\"audio-354999-4\" preload=\"none\" style=\"width: 100%;\" controls=\"controls\"><source type=\"audio\/mpeg\" src=\"https:\/\/www.radiopiu.net\/wordpress\/wp-content\/uploads\/2023\/10\/SALUTE.mp3?_=4\" \/><a href=\"https:\/\/www.radiopiu.net\/wordpress\/wp-content\/uploads\/2023\/10\/SALUTE.mp3\">https:\/\/www.radiopiu.net\/wordpress\/wp-content\/uploads\/2023\/10\/SALUTE.mp3<\/a><\/audio>\n<p>&nbsp;<\/p>\n<hr \/>\n<p>&nbsp;<\/p>\n<blockquote>\n<h3>ORGOGLIO DI PAESE, ORGOGLIO DELLA CATEGORIA<\/h3>\n<\/blockquote>\n<p><strong><a class=\"dt-pswp-item\" href=\"https:\/\/www.radiopiu.net\/wordpress\/wp-content\/uploads\/2023\/10\/30b5c6bc-4eac-436f-96da-c11aaf2664a8.jpg\" data-dt-img-description=\"\" data-large_image_width=\"1024\" data-large_image_height=\"576\"><img loading=\"lazy\" decoding=\"async\" class=\"wp-image-355064 alignleft\" src=\"https:\/\/www.radiopiu.net\/wordpress\/wp-content\/uploads\/2023\/10\/30b5c6bc-4eac-436f-96da-c11aaf2664a8.jpg\" alt=\"\" width=\"304\" height=\"171\" srcset=\"https:\/\/www.radiopiu.net\/wordpress\/wp-content\/uploads\/2023\/10\/30b5c6bc-4eac-436f-96da-c11aaf2664a8.jpg 1024w, https:\/\/www.radiopiu.net\/wordpress\/wp-content\/uploads\/2023\/10\/30b5c6bc-4eac-436f-96da-c11aaf2664a8-300x169.jpg 300w, https:\/\/www.radiopiu.net\/wordpress\/wp-content\/uploads\/2023\/10\/30b5c6bc-4eac-436f-96da-c11aaf2664a8-768x432.jpg 768w\" sizes=\"auto, (max-width: 304px) 100vw, 304px\" \/><\/a>FALCADE<\/strong> Nei giorni della Se Desmonteghea, in tutte le giornate legate agli eventi in Val Biois &#8211; quest&#8217;anno pi\u00f9 del solito &#8211; ma anche nei giorni fuori stagione Valentina, Ezio e Andrea assicurano un servizio eccellente, compresa la vendita tabacchi. Un valore aggiunto certo per il turismo, ma anche per i valligiani nei mesi dove per Falcade non gira poi tanto gente, a volte non da giustificare l&#8217;apertura di un&#8217;attivit\u00e0 gravata da costi di gestione non secondari.<br \/>\nAnche nei tre giorni di festa\u00a0 Ezio e il suo staff erano al lavoro &#8220;Sono 70 anni di impegno di dice Ezio&#8221;, un rapido conto e visto che la matematica non \u00e8 un&#8217;opinione azzardiamo&#8230;che gli anni possano essere meno di 100 ma pi\u00f9 di 80. &#8220;Infatti &#8211; dice con orgoglio Valentina &#8211; 90 anni dietro al bancone&#8221;.<\/p>\n<p><strong>Il turista:<\/strong> <em>Bar tabacchi di paese condotto da un titolare premuroso e gentile. Sosta ristorativa durante un lungo itinerario in moto. Gentilezza e cortesia ce lo hanno fatto apprezzare.\u00a0<\/em><\/p>\n\n\t\t\t<style type='text\/css'>\n\t\t\t\t#gallery-2 {\n\t\t\t\t\tmargin: auto;\n\t\t\t\t}\n\t\t\t\t#gallery-2 .gallery-item {\n\t\t\t\t\tfloat: left;\n\t\t\t\t\tmargin-top: 10px;\n\t\t\t\t\ttext-align: center;\n\t\t\t\t\twidth: 33%;\n\t\t\t\t}\n\t\t\t\t#gallery-2 img {\n\t\t\t\t\tborder: 2px solid #cfcfcf;\n\t\t\t\t}\n\t\t\t\t#gallery-2 .gallery-caption {\n\t\t\t\t\tmargin-left: 0;\n\t\t\t\t}\n\t\t\t\t\/* see gallery_shortcode() in wp-includes\/media.php *\/\n\t\t\t<\/style>\n\t\t<div id='gallery-2' class='dt-gallery-container gallery galleryid-354999 gallery-columns-3 gallery-size-thumbnail'><dl class='gallery-item'>\n\t\t\t\t<dt class='gallery-icon portrait'>\n\t\t\t\t\t<a class=\"rollover rollover-zoom dt-pswp-item\" title=\"109_507481189\" data-dt-img-description=\"\" data-large_image_width=\"943\" data-large_image_height=\"1680\"href='https:\/\/www.radiopiu.net\/wordpress\/wp-content\/uploads\/2023\/10\/109_507481189.jpg'><img loading=\"lazy\" decoding=\"async\" width=\"150\" height=\"150\" src=\"https:\/\/www.radiopiu.net\/wordpress\/wp-content\/uploads\/2023\/10\/109_507481189-150x150.jpg\" class=\"attachment-thumbnail size-thumbnail\" alt=\"\" \/><\/a>\n\t\t\t\t<\/dt><\/dl><dl class='gallery-item'>\n\t\t\t\t<dt class='gallery-icon landscape'>\n\t\t\t\t\t<a class=\"rollover rollover-zoom dt-pswp-item\" title=\"r1cb-BAR-DA-Ezio-design\" data-dt-img-description=\"\" data-large_image_width=\"1200\" data-large_image_height=\"674\"href='https:\/\/www.radiopiu.net\/wordpress\/wp-content\/uploads\/2023\/10\/r1cb-BAR-DA-Ezio-design.jpg'><img loading=\"lazy\" decoding=\"async\" width=\"150\" height=\"150\" src=\"https:\/\/www.radiopiu.net\/wordpress\/wp-content\/uploads\/2023\/10\/r1cb-BAR-DA-Ezio-design-150x150.jpg\" class=\"attachment-thumbnail size-thumbnail\" alt=\"\" \/><\/a>\n\t\t\t\t<\/dt><\/dl><dl class='gallery-item'>\n\t\t\t\t<dt class='gallery-icon landscape'>\n\t\t\t\t\t<a class=\"rollover rollover-zoom dt-pswp-item\" title=\"109_508485728\" data-dt-img-description=\"\" data-large_image_width=\"1200\" data-large_image_height=\"900\"href='https:\/\/www.radiopiu.net\/wordpress\/wp-content\/uploads\/2023\/10\/109_508485728.jpg'><img loading=\"lazy\" decoding=\"async\" width=\"150\" height=\"150\" src=\"https:\/\/www.radiopiu.net\/wordpress\/wp-content\/uploads\/2023\/10\/109_508485728-150x150.jpg\" class=\"attachment-thumbnail size-thumbnail\" alt=\"\" \/><\/a>\n\t\t\t\t<\/dt><\/dl><br style=\"clear: both\" \/>\n\t\t\t<\/div>\n\n<p>&nbsp;<\/p>\n<p>&nbsp;<\/p>\n<p>&nbsp;<\/p>\n<hr \/>\n<p>&nbsp;<\/p>\n<blockquote>\n<h3><strong>L&#8217;ACQUA NELLA PITTURA DEGLI ULTIMI TRE SECOLI<\/strong><\/h3>\n<\/blockquote>\n<div class=\"flex-1 overflow-hidden\">\n<div class=\"react-scroll-to-bottom--css-irbka-79elbk h-full dark:bg-gray-800\">\n<div class=\"react-scroll-to-bottom--css-irbka-1n7m0yu\">\n<div class=\"flex flex-col text-sm dark:bg-gray-800\">\n<div class=\"group w-full text-token-text-primary border-b border-black\/10 gizmo:border-0 dark:border-gray-900\/50 gizmo:dark:border-0 bg-gray-50 gizmo:bg-transparent dark:bg-[#444654] gizmo:dark:bg-transparent\" data-testid=\"conversation-turn-5\">\n<div class=\"p-4 justify-center text-base md:gap-6 md:py-6 m-auto\">\n<div class=\"flex flex-1 gap-4 text-base mx-auto md:gap-6 gizmo:gap-3 gizmo:md:px-5 gizmo:lg:px-1 gizmo:xl:px-5 md:max-w-2xl lg:max-w-[38rem] gizmo:md:max-w-3xl gizmo:lg:max-w-[40rem] gizmo:xl:max-w-[48rem] xl:max-w-3xl }\">\n<div class=\"relative flex w-[calc(100%-50px)] flex-col gap-1 gizmo:w-full md:gap-3 lg:w-[calc(100%-115px)] agent-turn\">\n<div class=\"flex flex-grow flex-col gap-3 max-w-full\">\n<div class=\"min-h-[20px] flex flex-col items-start gap-3 overflow-x-auto whitespace-pre-wrap break-words\">\n<div class=\"markdown prose w-full break-words dark:prose-invert light\">\n<p><a class=\"dt-pswp-item\" href=\"https:\/\/www.radiopiu.net\/wordpress\/wp-content\/uploads\/2023\/10\/ArtDolomites-Presentazione-Riflessioni-dAcqua-Antonella-Alban-e-Granzotto-scaled.jpg\" data-dt-img-description=\"\" data-large_image_width=\"2560\" data-large_image_height=\"1707\"><img loading=\"lazy\" decoding=\"async\" class=\" wp-image-355052 alignleft\" src=\"https:\/\/www.radiopiu.net\/wordpress\/wp-content\/uploads\/2023\/10\/ArtDolomites-Presentazione-Riflessioni-dAcqua-Antonella-Alban-e-Granzotto-300x200.jpg\" alt=\"\" width=\"257\" height=\"171\" srcset=\"https:\/\/www.radiopiu.net\/wordpress\/wp-content\/uploads\/2023\/10\/ArtDolomites-Presentazione-Riflessioni-dAcqua-Antonella-Alban-e-Granzotto-300x200.jpg 300w, https:\/\/www.radiopiu.net\/wordpress\/wp-content\/uploads\/2023\/10\/ArtDolomites-Presentazione-Riflessioni-dAcqua-Antonella-Alban-e-Granzotto-1024x683.jpg 1024w, https:\/\/www.radiopiu.net\/wordpress\/wp-content\/uploads\/2023\/10\/ArtDolomites-Presentazione-Riflessioni-dAcqua-Antonella-Alban-e-Granzotto-768x512.jpg 768w, https:\/\/www.radiopiu.net\/wordpress\/wp-content\/uploads\/2023\/10\/ArtDolomites-Presentazione-Riflessioni-dAcqua-Antonella-Alban-e-Granzotto-1536x1024.jpg 1536w, https:\/\/www.radiopiu.net\/wordpress\/wp-content\/uploads\/2023\/10\/ArtDolomites-Presentazione-Riflessioni-dAcqua-Antonella-Alban-e-Granzotto-2048x1365.jpg 2048w\" sizes=\"auto, (max-width: 257px) 100vw, 257px\" \/><\/a><strong>BORGO VALBELLUNA <\/strong>Sabato sera all&#8217;auditorium di San Pietro a Mel di Borgo Valbelluna, ArtDolomites ha presentato un affascinante viaggio attraverso 300 anni di storia della pittura, dalla veduta all&#8217;impressionismo fino alla metafisica e all&#8217;arte contemporanea. La <a class=\"dt-pswp-item\" href=\"https:\/\/www.radiopiu.net\/wordpress\/wp-content\/uploads\/2023\/10\/ArtDolomites-Presentazione-Riflessioni-dAcqua-Matteo-Cassol-e-Granzotto-scaled.jpg\" data-dt-img-description=\"\" data-large_image_width=\"2560\" data-large_image_height=\"1707\"><img loading=\"lazy\" decoding=\"async\" class=\" wp-image-355054 alignright\" src=\"https:\/\/www.radiopiu.net\/wordpress\/wp-content\/uploads\/2023\/10\/ArtDolomites-Presentazione-Riflessioni-dAcqua-Matteo-Cassol-e-Granzotto-300x200.jpg\" alt=\"\" width=\"219\" height=\"146\" srcset=\"https:\/\/www.radiopiu.net\/wordpress\/wp-content\/uploads\/2023\/10\/ArtDolomites-Presentazione-Riflessioni-dAcqua-Matteo-Cassol-e-Granzotto-300x200.jpg 300w, https:\/\/www.radiopiu.net\/wordpress\/wp-content\/uploads\/2023\/10\/ArtDolomites-Presentazione-Riflessioni-dAcqua-Matteo-Cassol-e-Granzotto-1024x683.jpg 1024w, https:\/\/www.radiopiu.net\/wordpress\/wp-content\/uploads\/2023\/10\/ArtDolomites-Presentazione-Riflessioni-dAcqua-Matteo-Cassol-e-Granzotto-768x512.jpg 768w, https:\/\/www.radiopiu.net\/wordpress\/wp-content\/uploads\/2023\/10\/ArtDolomites-Presentazione-Riflessioni-dAcqua-Matteo-Cassol-e-Granzotto-1536x1024.jpg 1536w, https:\/\/www.radiopiu.net\/wordpress\/wp-content\/uploads\/2023\/10\/ArtDolomites-Presentazione-Riflessioni-dAcqua-Matteo-Cassol-e-Granzotto-2048x1365.jpg 2048w\" sizes=\"auto, (max-width: 219px) 100vw, 219px\" \/><\/a>mostra &#8220;Riflessioni d&#8217;acqua, impressioni di roccia,&#8221; ospitata al Palazzo delle Contesse di Mel dal 21 ottobre al 21 gennaio 2024, espone oltre 60 opere di artisti veneti, italiani e internazionali che hanno esplorato il tema dell&#8217;acqua, della roccia e della montagna. L&#8217;evento \u00e8 stato aperto dall&#8217;assessore al turismo del Comune di Borgo Valbelluna, Simone Deola, che ha sottolineato l&#8217;importanza di sensibilizzare sul tema ambientale attraverso l&#8217;arte. La mostra comprende opere dal Settecento all&#8217;Ottocento, fino al Novecento. Le opere esposte appartengono a collezioni private del Nord Italia. Durante la serata, il pubblico \u00e8 stato accompagnato da Giovanni Granzotto e Antonella Alban, i curatori della mostra, e ha goduto di esibizioni musicali di Marco Cassol, che ha eseguito brani dell&#8217;epoca narrata dai curatori. Il ricavato dell&#8217;evento, a ingresso libero con offerta, \u00e8 stato devoluto all&#8217;associazione Art for Children and Mothers Onlus di Pordenone, che supporta bambini e madri affetti da malattie o disagi attraverso l&#8217;arte.<\/p>\n<\/div>\n<\/div>\n<\/div>\n<div class=\"flex justify-between empty:hidden lg:block\"><\/div>\n<\/div>\n<\/div>\n<\/div>\n<\/div>\n<\/div>\n<\/div>\n<\/div>\n<\/div>\n<p><strong>GIOVANNI GRANZOTTO, CURATORE DELLA MOSTRA\u00a0\u00a0<\/strong><\/p>\n<p><iframe loading=\"lazy\" title=\"Giovanni Granzotto   Curatore mostra   Serata Riflessioni d&#039;acqua\" width=\"1200\" height=\"675\" src=\"https:\/\/www.youtube.com\/embed\/vREa2dk1KZ8?feature=oembed\" frameborder=\"0\" allow=\"accelerometer; autoplay; clipboard-write; encrypted-media; gyroscope; picture-in-picture; web-share\" allowfullscreen><\/iframe><\/p>\n<p>&nbsp;<\/p>\n<p>&nbsp;<\/p>\n<p>&nbsp;<\/p>\n<hr \/>\n<p>&nbsp;<\/p>\n<h2><span style=\"color: #808000;\">PERITI MINERARI DALL\u2019AGORDINO AL MONDO <\/span><\/h2>\n<p><strong>REDAZIONE<\/strong> Continua la serie di racconti con i periti minerari agordini. Nelle prossime due puntate ascolteremo una lunga intervista suddivisa in due parti a Claudio Panziera. I racconti dei periti minerari agordini che hanno lavorato nel mondo, ogni luned\u00ec alle 10:30 e alle 19 su Radio Pi\u00f9.<\/p>\n<p><em><strong>IERI LA SECONDA PARTE DELL&#8217;INTERVISTA<\/strong><\/em><\/p>\n<p>&nbsp;<\/p>\n<p><iframe loading=\"lazy\" title=\"CLAUDIO PANZIERA\" width=\"1200\" height=\"675\" src=\"https:\/\/www.youtube.com\/embed\/x1mr3C1i2Bk?feature=oembed\" frameborder=\"0\" allow=\"accelerometer; autoplay; clipboard-write; encrypted-media; gyroscope; picture-in-picture; web-share\" allowfullscreen><\/iframe><\/p>\n<p>&nbsp;<\/p>\n<p><strong>LA RACCOLTA COMPLETA <a href=\"https:\/\/www.radiopiu.net\/wordpress\/periti-minerari-dallagordino-al-mondo\/\">CLICCA QUI<\/a><\/strong><\/p>\n<p>&nbsp;<\/p>\n<h2><span style=\"color: #33cccc;\">I RACCONTI DI PAOLO SOPPELSA<\/span><\/h2>\n<p><strong>IL MESE PERFETTO<\/strong><\/p>\n<p><strong>AUDIO<\/strong><\/p>\n<audio class=\"wp-audio-shortcode\" id=\"audio-354999-5\" preload=\"none\" style=\"width: 100%;\" controls=\"controls\"><source type=\"audio\/mpeg\" src=\"https:\/\/www.radiopiu.net\/wordpress\/wp-content\/uploads\/2023\/09\/PAOLOS-SITO.mp3?_=5\" \/><a href=\"https:\/\/www.radiopiu.net\/wordpress\/wp-content\/uploads\/2023\/09\/PAOLOS-SITO.mp3\">https:\/\/www.radiopiu.net\/wordpress\/wp-content\/uploads\/2023\/09\/PAOLOS-SITO.mp3<\/a><\/audio>\n<p>&nbsp;<\/p>\n<p><a class=\"dt-pswp-item\" href=\"https:\/\/www.radiopiu.net\/wordpress\/wp-content\/uploads\/2023\/09\/e8dce884-cdf4-4f24-b48f-22875af1e545.jpg\" data-dt-img-description=\"\" data-large_image_width=\"1600\" data-large_image_height=\"1200\"><img loading=\"lazy\" decoding=\"async\" class=\" wp-image-354856 alignleft\" src=\"https:\/\/www.radiopiu.net\/wordpress\/wp-content\/uploads\/2023\/09\/e8dce884-cdf4-4f24-b48f-22875af1e545-300x225.jpg\" alt=\"\" width=\"192\" height=\"144\" srcset=\"https:\/\/www.radiopiu.net\/wordpress\/wp-content\/uploads\/2023\/09\/e8dce884-cdf4-4f24-b48f-22875af1e545-300x225.jpg 300w, https:\/\/www.radiopiu.net\/wordpress\/wp-content\/uploads\/2023\/09\/e8dce884-cdf4-4f24-b48f-22875af1e545-1024x768.jpg 1024w, https:\/\/www.radiopiu.net\/wordpress\/wp-content\/uploads\/2023\/09\/e8dce884-cdf4-4f24-b48f-22875af1e545-768x576.jpg 768w, https:\/\/www.radiopiu.net\/wordpress\/wp-content\/uploads\/2023\/09\/e8dce884-cdf4-4f24-b48f-22875af1e545-1536x1152.jpg 1536w, https:\/\/www.radiopiu.net\/wordpress\/wp-content\/uploads\/2023\/09\/e8dce884-cdf4-4f24-b48f-22875af1e545.jpg 1600w\" sizes=\"auto, (max-width: 192px) 100vw, 192px\" \/><\/a>&#8220;&#8230;ad ottobre \u00e8 ancora pi\u00f9 bello ritornare al paese\u2026&#8221;<br \/>\nOmbre sempre pi\u00f9 lunghe accolgono il mio ritorno ai piedi del Pelsa in quei quattro venerd\u00ec pomeriggio del mese perfetto. Una mezz&#8217;ora o poco pi\u00f9 di traffico, auto frettolose che imboccano le strade che attraversano le due valli e poi, dopo il battere dei sei rintocchi, il silenzio. Parcheggi vuoti, fumo dai camini e aria che si fa pungente man mano che nasce la sera; Ottobre \u00e8 il tempo della tranquillit\u00e0 degli uomini e dell&#8217;ultimo fervore dei boschi, \u00e8 mese quieto che sa di mele e mosto, \u00e8 mese del primo vero fuoco che riscalda anime e mura. Non possiede la grigia severit\u00e0 di novembre, il mese triste che accompagna per mano incontro all&#8217;inverno, non ha certi rigurgiti d&#8217;estate propri del mese gentile che lo precede. Ottobre ha un&#8217;anima tranquilla ma non statica, non \u00e8 colorato di quel verde estivo e potente e apparentemente immutabile dei boschi, non ha nemmeno quei silenzi impenetrabili del profondo inverno, quando il tempo sembra fermo e la natura tace avvinta dal gelo e addormentata sotto la bianca coperta di neve. Il mese perfetto \u00e8 mutevole e offre un crescendo di colori e cieli tersi e cime talvolta imbiancate. Lass\u00f9, a buio fatto, la si respira la quiete di certe sere che profumano d&#8217;autunno; nelle notti senza luna, le montagne sono profili neri appena accennati e tutto \u00e8 gi\u00e0 pronto per l&#8217;inverno che verr\u00e0. C&#8217;\u00e8 la legna accastata in ordine sotto i palanzin, ci sono le fontane che cantano una musica gentile e le campane che battono rintocchi che risuonano tranquilli &#8220;su par chele vile&#8221;. I tabi\u00e0 sono assopiti in un sonno leggero mentre i cervi errabondi nei boschi bui, annunciano a quel mondo immerso nella notte la loro voglia d&#8217;amore; \u00e8 il tempo dei potenti bramiti delle notti fresche e del fuoco amico che arde nelle stufe. Di giorno, invece, \u00e8 il canto di motoseghe lontane a scandire quelle ore che trascorrono lente. \u00c8 un suono che sa di casa, che non infastidisce, \u00e8 un suono che sa di montagna come quello ritmato e argentino dei cunei battuti dalla mazza. I colpi potenti e precisi riecheggiano nitidi fra le montagne, e pure questo \u00e8 un suono che sa d&#8217;autunno e di faticosa vita di montagna. Talvolta capita che arrivi la pioggia a rompere l&#8217;incanto tranquillo di quei giorni che passano lenti, e allora ecco che i colori vivaci dei boschi si mescolano a quel grigiore di nuvole umide e pesanti mentre lass\u00f9, sulle cime avvolte da quello scuro mantello di nubi, si agita il fantasma dell&#8217;inverno che verr\u00e0. A volte succede, specialmente verso la fine del mese, che gli uomini si ritrovino ad osservare con sguardi preoccupati i torrenti. A novembre vicino \u00e8 tempo di piene e in quei giorni \u00e8 il fragore d&#8217;acqua severa e marrone a prendersi la scena e a occupare i pensieri, riportando memorie lontane di cinque anni appena. Poi, quando il maltempo decide di terminare, ritorna quel cielo limpido proprio del mese perfetto e si inizia a vivere il vero e profondo autunno, quello delle brinate mattutine e del vento freddo che a sera fatta spira lungo le valli. Al tempo del suo congedo \u00e8 frusciare di mazzi di crisantemi che andranno ad ornare le tombe di quelli che c&#8217;erano prima; anche per il mese perfetto \u00e8 tempo di passare la mano e di trasformarsi in ricordo. Novembre si presenter\u00e0 severo con le fiammelle stanche ad illuminare i cimiteri tirati a lucido, poi sar\u00e0 un camminare lento incontro all&#8217;ennesimo e silenzioso inverno.<\/p>\n<p>&nbsp;<\/p>\n<hr \/>\n<p>&nbsp;<\/p>\n<blockquote>\n<h3>ALLE NOVE&#8230; lunedi OGGI COME IERI di e con SILVIA BALDO,<\/h3>\n<\/blockquote>\n<p><img decoding=\"async\" class=\"alignleft\" src=\"https:\/\/www.radiopiu.net\/wordpress\/wp-content\/uploads\/2023\/09\/309000774_10222572118595513_7956305457803922499_n.jpg\" \/><\/p>\n<p><strong>PUNTATA 7 02 OTTOBRE 2023<\/strong><\/p>\n<audio class=\"wp-audio-shortcode\" id=\"audio-354999-6\" preload=\"none\" style=\"width: 100%;\" controls=\"controls\"><source type=\"audio\/mpeg\" src=\"https:\/\/www.radiopiu.net\/wordpress\/wp-content\/uploads\/2023\/09\/SIBI-4.mp3?_=6\" \/><a href=\"https:\/\/www.radiopiu.net\/wordpress\/wp-content\/uploads\/2023\/09\/SIBI-4.mp3\">https:\/\/www.radiopiu.net\/wordpress\/wp-content\/uploads\/2023\/09\/SIBI-4.mp3<\/a><\/audio>\n<p>&nbsp;<\/p>\n<p>&nbsp;<\/p>\n<hr \/>\n<p>&nbsp;<\/p>\n<h2><span style=\"color: #ff0000;\">GLI APPUNTAMENTI DELLA SETTIMANA\u00a0<\/span><\/h2>\n<blockquote>\n<h3>IL NUOVO LIBRO DI PAOLA FARAON<\/h3>\n<\/blockquote>\n<p><strong>SOSPIROLO\u00a0<\/strong>Si terr\u00e0 gioved\u00ec 5 ottobre alle 20.30, presso il ristorante Bacchetti di Piz di Sospirolo, la presentazione del libro \u201cUn giorno come tanti\u201d, nuova opera dell\u2019autrice sospirolese Paola Faraon.<\/p>\n<p>&nbsp;<\/p>\n<blockquote>\n<h3>RACCONTARE LA TRAGEDIA DEL VAJONT<\/h3>\n<\/blockquote>\n<p><strong>BELLUNO<\/strong> Sabato alle 9:30<b>\u00a0<\/b>la tavola rotonda &#8220;Raccontare la tragedia del Vajont. Da Tina Merlin a Dino Buzzati, tra inchieste, polemiche e memoria&#8221;\u00a0organizzata dall<span style=\"font-family: Arial;\">\u2019Associazione Villa Buzzati S. Pellegrino il Granaio<\/span>\u00a0in collaborazione con il Centro Studi Internazionale Dino Buzzati di Feltre, il Comune di Borgo Valbelluna\u00a0e il contributo del Comune di Longarone e la Fondazione Vajont.<\/p>\n<p>&nbsp;<\/p>\n<p>&nbsp;<\/p>\n<p>A Canale d&#8217;Agordo, domenica 8 ottobre: sfilate, pranzo sotto al tendone, premiazioni, premi a sorteggio musica con Oscar<\/p>\n<p><a class=\"dt-pswp-item\" href=\"https:\/\/www.radiopiu.net\/wordpress\/wp-content\/uploads\/2023\/09\/377708261_637996701838723_408931542616663239_n.jpg\" data-dt-img-description=\"\" data-large_image_width=\"526\" data-large_image_height=\"275\"><img loading=\"lazy\" decoding=\"async\" class=\"size-medium wp-image-354560 aligncenter\" src=\"https:\/\/www.radiopiu.net\/wordpress\/wp-content\/uploads\/2023\/09\/377708261_637996701838723_408931542616663239_n-300x157.jpg\" alt=\"\" width=\"300\" height=\"157\" srcset=\"https:\/\/www.radiopiu.net\/wordpress\/wp-content\/uploads\/2023\/09\/377708261_637996701838723_408931542616663239_n-300x157.jpg 300w, https:\/\/www.radiopiu.net\/wordpress\/wp-content\/uploads\/2023\/09\/377708261_637996701838723_408931542616663239_n.jpg 526w\" sizes=\"auto, (max-width: 300px) 100vw, 300px\" \/><\/a><\/p>\n<p>&nbsp;<\/p>\n<blockquote>\n<h3>SERE D&#8217;AUTUNNO<\/h3>\n<p><em><strong><a class=\"dt-pswp-item\" href=\"https:\/\/www.radiopiu.net\/wordpress\/wp-content\/uploads\/2023\/09\/Senza-nome-75.png\" data-dt-img-description=\"\" data-large_image_width=\"478\" data-large_image_height=\"179\"><img loading=\"lazy\" decoding=\"async\" class=\"size-medium wp-image-354485 alignleft\" src=\"https:\/\/www.radiopiu.net\/wordpress\/wp-content\/uploads\/2023\/09\/Senza-nome-75-300x112.png\" alt=\"\" width=\"300\" height=\"112\" srcset=\"https:\/\/www.radiopiu.net\/wordpress\/wp-content\/uploads\/2023\/09\/Senza-nome-75-300x112.png 300w, https:\/\/www.radiopiu.net\/wordpress\/wp-content\/uploads\/2023\/09\/Senza-nome-75.png 478w\" sizes=\"auto, (max-width: 300px) 100vw, 300px\" \/><\/a>SERE D&#8217;AUTUNNO, SERATE DI INCONTRI, DIBATTITI, IMMAGINI FILMATI E MULTIVISIONI. AD AGORDO TUTTI I VENERDI DI OTTOBRE, IN SALA DON TAMIS ALLE 20.45, INGRESSO LIBERO. PRESENTA GIANPAOLO SORATROI.<\/strong><\/em><\/p>\n<p>Interessante serie di incontri, dibattiti, proiezioni inerenti al mondo della montagna &#8211; ma\u00a0non solo &#8211; che si svolgono tutti i venerd\u00ec di ottobre nella prestigiosa e capiente Sala don\u00a0F. Tamis messaci a disposizione per l\u2019occasione dall\u2019Unione Montana Agordina. Nato nel\u00a02007, quest\u2019anno, raggiunge la 15\u00b0 edizione; i temi trattati durante le serate sono diversi\u00a0tra loro per offrire una visione della montagna a 360\u00b0. Questa edizione \u00e8\u00a0dedicata interamente alle donne con quattro ospiti femminili.<\/p><\/blockquote>\n<p><strong>VENERDI 6 OTTOBRE, ANTONELLA GIACOMINI &#8211; VOLEVO VEDERE LA TUNDRA dalla groenlandia alla patagonia<\/strong><\/p>\n<p>VENERDI 13 OTTOBRE, ALESSANDRA MASI &#8211; ATMOSFERE E VISIONI DI LUOGHI VICINI E LONTANI una fotografa, un percorso emozionale<\/p>\n<p>VENERDI 20 OTTOBRE MARIKA FAE&#8217; &#8211; SPORT E MONTAGNA, SCELTA DI VITA Marika, maestra di sci e guida alpina<\/p>\n<p>VENERDI 27 OTTOBRE ANGELIKA RAINER, SOGNI VERTICALI. arrampicando su fantasie divenute realt\u00e0<\/p>\n<p>&nbsp;<\/p>\n<hr \/>\n<p>&nbsp;<\/p>\n<blockquote>\n<h3>SE DESMONTEGHEA&#8230;GLI ANIMALI SCENDONO DALLE MALGHE<\/h3>\n<\/blockquote>\n<p><strong>FALCADE<\/strong> Se Desmonteghea 2023 entra nel vivo con l&#8217;arrivo degli animali dalle malghe. La sfilata delle bestie addobbate a festa in centro a Falcade.<\/p>\n<p>&nbsp;<\/p>\n<p><strong>LA DIRETTA RADIO PIU&#8217; &#8211; LA SFILATA<\/strong><\/p>\n<p><iframe loading=\"lazy\" title=\"SE DESMONTEGHEA 2023 - LA SFILATA\" width=\"1200\" height=\"675\" src=\"https:\/\/www.youtube.com\/embed\/t5n-BTXXkvQ?feature=oembed\" frameborder=\"0\" allow=\"accelerometer; autoplay; clipboard-write; encrypted-media; gyroscope; picture-in-picture; web-share\" allowfullscreen><\/iframe><\/p>\n<p>&nbsp;<\/p>\n<hr \/>\n<p>&nbsp;<\/p>\n<p><strong>di SERENA SOPPERA &#8230; A RICORDO<\/strong><\/p>\n<p><iframe loading=\"lazy\" title=\"SE DESMONTEGHEA 2023 (smonticazione Falcade) #viralvideo\" width=\"1200\" height=\"675\" src=\"https:\/\/www.youtube.com\/embed\/2a7SrxaGcWc?feature=oembed\" frameborder=\"0\" allow=\"accelerometer; autoplay; clipboard-write; encrypted-media; gyroscope; picture-in-picture; web-share\" allowfullscreen><\/iframe><\/p>\n<p>&nbsp;<\/p>\n<p>&nbsp;<\/p>\n<p>&nbsp;<\/p>\n<h2><span style=\"color: #ff0000;\">PROSSIMAMENTE&#8230;\u00a0 \u00a0<\/span><\/h2>\n<blockquote>\n<h3>DAL 13 AL 15 OTTOBRE RIVA L&#8217;OKTOBERFEST A RIVAMONTE<\/h3>\n<p><span style=\"color: #ff0000;\">OGGI ALLE 16.30 LO SPECIALE ALLA RADIO CON GIACOMO BRESSAN<\/span><\/p><\/blockquote>\n<p><strong><a class=\"dt-pswp-item\" href=\"https:\/\/www.radiopiu.net\/wordpress\/wp-content\/uploads\/2023\/10\/30a2544f-ee8d-4a49-ae09-855f2b5d3400.jpg\" data-dt-img-description=\"\" data-large_image_width=\"1131\" data-large_image_height=\"1600\"><img loading=\"lazy\" decoding=\"async\" class=\" wp-image-355102 alignleft\" src=\"https:\/\/www.radiopiu.net\/wordpress\/wp-content\/uploads\/2023\/10\/30a2544f-ee8d-4a49-ae09-855f2b5d3400-212x300.jpg\" alt=\"\" width=\"136\" height=\"192\" srcset=\"https:\/\/www.radiopiu.net\/wordpress\/wp-content\/uploads\/2023\/10\/30a2544f-ee8d-4a49-ae09-855f2b5d3400-212x300.jpg 212w, https:\/\/www.radiopiu.net\/wordpress\/wp-content\/uploads\/2023\/10\/30a2544f-ee8d-4a49-ae09-855f2b5d3400-724x1024.jpg 724w, https:\/\/www.radiopiu.net\/wordpress\/wp-content\/uploads\/2023\/10\/30a2544f-ee8d-4a49-ae09-855f2b5d3400-768x1086.jpg 768w, https:\/\/www.radiopiu.net\/wordpress\/wp-content\/uploads\/2023\/10\/30a2544f-ee8d-4a49-ae09-855f2b5d3400-1086x1536.jpg 1086w, https:\/\/www.radiopiu.net\/wordpress\/wp-content\/uploads\/2023\/10\/30a2544f-ee8d-4a49-ae09-855f2b5d3400.jpg 1131w\" sizes=\"auto, (max-width: 136px) 100vw, 136px\" \/><\/a>RIVAMONTE<\/strong> Torna &#8220;Riva L&#8217;Oktoberfest&#8221; a Rivamonte. L&#8217;Associazione Pro Loco Rivamonte organizza un fine settimana di festa in stile bavarese sotto al tendone. Si inizia venerd\u00ec 13 ottobre. Alle 18 l&#8217;happy hour, dalle 19 apertura dello stand gastronomico e a seguire musica con Spritz Band. Sabato 14 ottobre apertura del tendone alle 17 e alle 19 al via con i piatti tipici bavaresi. Alla sera &#8220;Suona il Fusto&#8221;, ogni volta che finisce un fusto suona la campana e chi sta aspettando la birra riceve un buono pranzo pi\u00f9 birra per la domenica. Alla sera musica con Koa Quintett e dalla mezzanotte DJ Luca. Domenica 15 dalle 10 apertura del tendone e dimostrazione dei lavori di una volta. Alle 12 pranzo con porchetta allo spiedo e piatti bavaresi. Intrattenimento musicale con Letemar Quintett. E&#8217; gradita la presenza in abito tradizionale tirolese.<\/p>\n<p>&nbsp;<\/p>\n<p>&nbsp;<\/p>\n<h3>LE MINIERE DELL&#8217;ALTA VAL DEL MIS<br \/>\nPresentazione del film documentario con l&#8217;introduzione di Manuel Conedera. Sabato 14 ottobre alle 20.30 nella sala conferenze del Polo Culturale di Sedico con Speleo Cai Feltre.<\/h3>\n<p><a class=\"dt-pswp-item\" href=\"https:\/\/www.radiopiu.net\/wordpress\/wp-content\/uploads\/2023\/09\/6cb03d14-50c0-4391-9537-f6e817a51572.jpg\" data-dt-img-description=\"\" data-large_image_width=\"1132\" data-large_image_height=\"1600\"><img loading=\"lazy\" decoding=\"async\" class=\"size-medium wp-image-354501 aligncenter\" src=\"https:\/\/www.radiopiu.net\/wordpress\/wp-content\/uploads\/2023\/09\/6cb03d14-50c0-4391-9537-f6e817a51572-212x300.jpg\" alt=\"\" width=\"212\" height=\"300\" srcset=\"https:\/\/www.radiopiu.net\/wordpress\/wp-content\/uploads\/2023\/09\/6cb03d14-50c0-4391-9537-f6e817a51572-212x300.jpg 212w, https:\/\/www.radiopiu.net\/wordpress\/wp-content\/uploads\/2023\/09\/6cb03d14-50c0-4391-9537-f6e817a51572-724x1024.jpg 724w, https:\/\/www.radiopiu.net\/wordpress\/wp-content\/uploads\/2023\/09\/6cb03d14-50c0-4391-9537-f6e817a51572-768x1086.jpg 768w, https:\/\/www.radiopiu.net\/wordpress\/wp-content\/uploads\/2023\/09\/6cb03d14-50c0-4391-9537-f6e817a51572-1087x1536.jpg 1087w, https:\/\/www.radiopiu.net\/wordpress\/wp-content\/uploads\/2023\/09\/6cb03d14-50c0-4391-9537-f6e817a51572.jpg 1132w\" sizes=\"auto, (max-width: 212px) 100vw, 212px\" \/><\/a><\/p>\n<p>&nbsp;<\/p>\n<p>&nbsp;<\/p>\n<p>GALA&#8217; BOLLICINA, QUARTA EDIZIONE. DOMENICA 22 OTTOBRE DALLE 11 ALLE 17 AL NOF FILO&#8217; DI CENCENIGHE. OSPITE D&#8217;ONORE IL SOMMELIER PLURIPREMIATO, LUCA GARDINI, MIGLIOR SOMMELIER AL MONDO 2020 E OGGI AMBASCIATORE DEL METODO CLASSICO. UN EVENTO &#8220;OH PER BACCO, VINI E SAPORI DELLE DOLOMITI.<br \/>\nGALA&#8217; BOLLICINA, DOMENICA 22 OTTOBRE DALLE 11 ALLE 17 AL NOF FILO&#8217; DI CENCENIGHE: 80 BOLLICINE IN DEGUSTAZIONE, 60 AZIENDE PRESENTI, CICCHETTERIA OH PER BACCO, FINGER FOOD E CUCINA &#8220;COSTA&#8221; (o chiusa, come costicina). diretta su radio piu&#8217; E DALLE 17 ALL&#8217;OH PER BACCO AFTER PARTY CON MORGAN DJ info 348 2779135<\/p>\n<p>&nbsp;<\/p>\n<p><a class=\"dt-pswp-item\" href=\"https:\/\/www.radiopiu.net\/wordpress\/wp-content\/uploads\/2023\/09\/880aa720-47e8-48f2-a5b8-7382d84557b2.jpg\" data-dt-img-description=\"\" data-large_image_width=\"1080\" data-large_image_height=\"1533\"><img loading=\"lazy\" decoding=\"async\" class=\"size-medium wp-image-353010 aligncenter\" src=\"https:\/\/www.radiopiu.net\/wordpress\/wp-content\/uploads\/2023\/09\/880aa720-47e8-48f2-a5b8-7382d84557b2-211x300.jpg\" alt=\"\" width=\"211\" height=\"300\" srcset=\"https:\/\/www.radiopiu.net\/wordpress\/wp-content\/uploads\/2023\/09\/880aa720-47e8-48f2-a5b8-7382d84557b2-211x300.jpg 211w, https:\/\/www.radiopiu.net\/wordpress\/wp-content\/uploads\/2023\/09\/880aa720-47e8-48f2-a5b8-7382d84557b2-721x1024.jpg 721w, https:\/\/www.radiopiu.net\/wordpress\/wp-content\/uploads\/2023\/09\/880aa720-47e8-48f2-a5b8-7382d84557b2-768x1090.jpg 768w, https:\/\/www.radiopiu.net\/wordpress\/wp-content\/uploads\/2023\/09\/880aa720-47e8-48f2-a5b8-7382d84557b2.jpg 1080w\" sizes=\"auto, (max-width: 211px) 100vw, 211px\" \/><\/a><\/p>\n<p>&nbsp;<\/p>\n<h2><\/h2>\n<h2><strong><a class=\"dt-pswp-item\" href=\"https:\/\/www.radiopiu.net\/wordpress\/wp-content\/uploads\/2023\/09\/db8bfdca-6229-438e-95d5-3e4f5f945da0.jpg\" data-dt-img-description=\"\" data-large_image_width=\"1599\" data-large_image_height=\"1187\"><img loading=\"lazy\" decoding=\"async\" class=\" wp-image-354438 alignleft\" src=\"https:\/\/www.radiopiu.net\/wordpress\/wp-content\/uploads\/2023\/09\/db8bfdca-6229-438e-95d5-3e4f5f945da0-300x223.jpg\" alt=\"\" width=\"180\" height=\"134\" srcset=\"https:\/\/www.radiopiu.net\/wordpress\/wp-content\/uploads\/2023\/09\/db8bfdca-6229-438e-95d5-3e4f5f945da0-300x223.jpg 300w, https:\/\/www.radiopiu.net\/wordpress\/wp-content\/uploads\/2023\/09\/db8bfdca-6229-438e-95d5-3e4f5f945da0-1024x760.jpg 1024w, https:\/\/www.radiopiu.net\/wordpress\/wp-content\/uploads\/2023\/09\/db8bfdca-6229-438e-95d5-3e4f5f945da0-768x570.jpg 768w, https:\/\/www.radiopiu.net\/wordpress\/wp-content\/uploads\/2023\/09\/db8bfdca-6229-438e-95d5-3e4f5f945da0-1536x1140.jpg 1536w, https:\/\/www.radiopiu.net\/wordpress\/wp-content\/uploads\/2023\/09\/db8bfdca-6229-438e-95d5-3e4f5f945da0.jpg 1599w\" sizes=\"auto, (max-width: 180px) 100vw, 180px\" \/><\/a><span style=\"color: #339966;\">100 DI QUESTI GIORNI: LA FESTA A VILLA SAN GIUSEPPE DI LIVINALLONGO DEL COL DI LANA<\/span><\/strong><\/h2>\n<p><strong>LIVINALLONGO<\/strong> Grande festa a Villa San Giuseppe di Livinallongo. Sabato 14 ottobre sar\u00e0 un lungo pomeriggio tra cultura, musica e convivialit\u00e0. Ad aprire l&#8217;evento l&#8217;intervista a Manolo, Maurizio Zanolla si racconter\u00e0 al pubblico. Dalle 18 la musica dei Tirataie e alle 19 l&#8217;apricena con piatti tipici.<\/p>\n<p><strong>L&#8217;INTERVISTA ALLA RADIO<\/strong><\/p>\n<audio class=\"wp-audio-shortcode\" id=\"audio-354999-7\" preload=\"none\" style=\"width: 100%;\" controls=\"controls\"><source type=\"audio\/mpeg\" src=\"https:\/\/www.radiopiu.net\/wordpress\/wp-content\/uploads\/2023\/06\/CENTO-DI-QUESTI-GIORNI-14-OTTOBRE.mp3?_=7\" \/><a href=\"https:\/\/www.radiopiu.net\/wordpress\/wp-content\/uploads\/2023\/06\/CENTO-DI-QUESTI-GIORNI-14-OTTOBRE.mp3\">https:\/\/www.radiopiu.net\/wordpress\/wp-content\/uploads\/2023\/06\/CENTO-DI-QUESTI-GIORNI-14-OTTOBRE.mp3<\/a><\/audio>\n<p>&nbsp;<\/p>\n<hr \/>\n<p>&nbsp;<\/p>\n<p>&nbsp;<\/p>\n<p><strong>IL VIDEO<\/strong><\/p>\n<p><iframe loading=\"lazy\" title=\"IL BRAMITO DEL CERVO\" width=\"1200\" height=\"675\" src=\"https:\/\/www.youtube.com\/embed\/c1L672Z0uao?feature=oembed\" frameborder=\"0\" allow=\"accelerometer; autoplay; clipboard-write; encrypted-media; gyroscope; picture-in-picture; web-share\" allowfullscreen><\/iframe><\/p>\n<p>&nbsp;<\/p>\n<p>&nbsp;<\/p>\n<p>&nbsp;<\/p>\n<hr \/>\n<p>&nbsp;<\/p>\n<div class=\"message spoilers-container\" dir=\"auto\">\n<div class=\"column\">\n<div class=\"message spoilers-container\" dir=\"auto\">\n<div class=\"column\">\n<p><img loading=\"lazy\" decoding=\"async\" class=\"aligncenter wp-image-61954 size-full\" src=\"https:\/\/www.radiopiu.net\/wordpress\/wp-content\/uploads\/2018\/09\/viabilita.jpeg\" sizes=\"auto, (max-width: 800px) 100vw, 800px\" srcset=\"https:\/\/www.radiopiu.net\/wordpress\/wp-content\/uploads\/2018\/09\/viabilita.jpeg 800w, https:\/\/www.radiopiu.net\/wordpress\/wp-content\/uploads\/2018\/09\/viabilita-300x38.jpeg 300w, https:\/\/www.radiopiu.net\/wordpress\/wp-content\/uploads\/2018\/09\/viabilita-768x96.jpeg 768w\" alt=\"\" width=\"800\" height=\"100\" \/><\/p>\n<\/div>\n<\/div>\n<div class=\"message spoilers-container\" dir=\"auto\">\n<div class=\"column\">\n<p>&nbsp;<\/p>\n<\/div>\n<\/div>\n<\/div>\n<\/div>\n<blockquote class=\"wp-embedded-content\" data-secret=\"HvaYjm7oLR\"><p><a href=\"https:\/\/www.radiopiu.net\/wordpress\/viabilita\/\">viabilita<\/a><\/p><\/blockquote>\n<p><iframe loading=\"lazy\" class=\"wp-embedded-content\" sandbox=\"allow-scripts\" security=\"restricted\" style=\"position: absolute; clip: rect(1px, 1px, 1px, 1px);\" title=\"&#8220;viabilita&#8221; &#8212; Radio Pi\u00f9\" src=\"https:\/\/www.radiopiu.net\/wordpress\/viabilita\/embed\/#?secret=LESImqRqto#?secret=HvaYjm7oLR\" data-secret=\"HvaYjm7oLR\" width=\"600\" height=\"338\" frameborder=\"0\" marginwidth=\"0\" marginheight=\"0\" scrolling=\"no\"><\/iframe><\/p>\n<div class=\"message spoilers-container\" dir=\"auto\">\n<div class=\"column\">\n<div class=\"message spoilers-container\" dir=\"auto\">\n<div class=\"column\">\n<div>\n<div dir=\"ltr\">\n<div class=\"gmail_quote\">\n<div dir=\"ltr\">\n<div><\/div>\n<div><\/div>\n<div><\/div>\n<\/div>\n<\/div>\n<\/div>\n<\/div>\n<hr \/>\n<p>&nbsp;<\/p>\n<p><a class=\"dt-pswp-item\" href=\"https:\/\/www.radiopiu.net\/wordpress\/wp-content\/uploads\/2018\/09\/WhatsApp-Image-2018-09-20-at-16.04.06.jpeg\" data-dt-img-description=\"\" data-large_image_width=\"800\" data-large_image_height=\"100\"><img loading=\"lazy\" decoding=\"async\" class=\"wp-image-61378 size-full aligncenter\" src=\"https:\/\/www.radiopiu.net\/wordpress\/wp-content\/uploads\/2018\/09\/WhatsApp-Image-2018-09-20-at-16.04.06.jpeg\" alt=\"\" width=\"800\" height=\"100\" srcset=\"https:\/\/www.radiopiu.net\/wordpress\/wp-content\/uploads\/2018\/09\/WhatsApp-Image-2018-09-20-at-16.04.06.jpeg 800w, https:\/\/www.radiopiu.net\/wordpress\/wp-content\/uploads\/2018\/09\/WhatsApp-Image-2018-09-20-at-16.04.06-300x38.jpeg 300w, https:\/\/www.radiopiu.net\/wordpress\/wp-content\/uploads\/2018\/09\/WhatsApp-Image-2018-09-20-at-16.04.06-768x96.jpeg 768w\" sizes=\"auto, (max-width: 800px) 100vw, 800px\" \/><\/a><\/p>\n<\/div>\n<\/div>\n<p>&nbsp;<\/p>\n<\/div>\n<\/div>\n<div id=\"dolomitimeteo_div_testi\"><center><b>OGGI<\/b><\/center>Al mattino sereno con la consueta possibilit\u00e0 di qualche nebbia o nube bassa nei fondovalle prealpini fino al primo mattino. Nel pomeriggio ancora ben soleggiato con cielo poco nuvoloso per velature e qualche cumulo. Verso sera, specie su Dolomiti, intensificazione delle nubi basse assieme a nuvolosit\u00e0 medio-alta in arrivo da ovest.<br \/>\n<b>Precipitazioni: <\/b>Assenti<\/p>\n<hr \/>\n<p><center><b>DOMANI<\/b><\/center>Variabile con nuvolosit\u00e0 irregolare a tratti intensa e qualche schiarita pi\u00f9 probabile al mattino.<br \/>\n<b>Precipitazioni: <\/b>Possibili sporadiche, deboli\/molto deboli precipitazioni (40-60%), un p\u00f2 pi\u00f9 probabili durante le ore centrali.<br \/>\n<b>Temperature: <\/b>Temperature minime in aumento nelle valli, massime in generale marcato calo.<\/p>\n<p>&nbsp;<\/p>\n<hr \/>\n<p><center><b>GIOVEDI<\/b><\/center>Fino al mattino residua nuvolosit\u00e0, poi schiarite via via pi\u00f9 ampie in giornata con cielo da poco a parzialmente nuvoloso per passaggio di nubi medio-alte. Temperature generalmente stazionarie o in lieve aumento le massime e in calo le minime nelle valli in caso di schiarite notturne.<\/p>\n<hr \/>\n<p><center><b>VENERDI<\/b><\/center>Al mattino poco o a tratti parzialmente nuvoloso per nubi alte, durante le ore centrali sereno o poco nuvoloso. Da met\u00e0 pomeriggio nuova comparsa di nubi alte da nordovest. Fino al primo mattino possibili nubi basse o nebbie in alcuni fondovalle. Temperature stazionarie o in lieve aumento le massime.<\/p>\n<\/div>\n<p>&nbsp;<\/p>\n<div class=\"message spoilers-container\" dir=\"auto\">\n<hr \/>\n<p>&nbsp;<\/p>\n<p><img loading=\"lazy\" decoding=\"async\" class=\"wp-image-60761 size-full aligncenter\" src=\"https:\/\/www.radiopiu.net\/wordpress\/wp-content\/uploads\/2018\/09\/sport.jpg\" alt=\"\" width=\"800\" height=\"100\" srcset=\"https:\/\/www.radiopiu.net\/wordpress\/wp-content\/uploads\/2018\/09\/sport.jpg 800w, https:\/\/www.radiopiu.net\/wordpress\/wp-content\/uploads\/2018\/09\/sport-300x38.jpg 300w, https:\/\/www.radiopiu.net\/wordpress\/wp-content\/uploads\/2018\/09\/sport-768x96.jpg 768w\" sizes=\"auto, (max-width: 800px) 100vw, 800px\" \/><\/p>\n<p>&nbsp;<\/p>\n<p><span style=\"color: #0000ff;\"><strong>HOCKEY SU GHIACCIO<\/strong><\/span><\/p>\n<blockquote>\n<h3>GLI MVP DI ALLEGHE &#8211; CORTINA: GABRIEL VINATZER E ALESSANDRO FRESCURA<\/h3>\n<\/blockquote>\n<p><strong><a class=\"dt-pswp-item\" href=\"https:\/\/www.radiopiu.net\/wordpress\/wp-content\/uploads\/2023\/10\/ce6dae2a-dfd2-4409-a7a8-1dbbc73ca73d.jpg\" data-dt-img-description=\"\" data-large_image_width=\"1024\" data-large_image_height=\"681\"><img loading=\"lazy\" decoding=\"async\" class=\" wp-image-355089 alignleft\" src=\"https:\/\/www.radiopiu.net\/wordpress\/wp-content\/uploads\/2023\/10\/ce6dae2a-dfd2-4409-a7a8-1dbbc73ca73d-300x200.jpg\" alt=\"\" width=\"203\" height=\"135\" srcset=\"https:\/\/www.radiopiu.net\/wordpress\/wp-content\/uploads\/2023\/10\/ce6dae2a-dfd2-4409-a7a8-1dbbc73ca73d-300x200.jpg 300w, https:\/\/www.radiopiu.net\/wordpress\/wp-content\/uploads\/2023\/10\/ce6dae2a-dfd2-4409-a7a8-1dbbc73ca73d-768x511.jpg 768w, https:\/\/www.radiopiu.net\/wordpress\/wp-content\/uploads\/2023\/10\/ce6dae2a-dfd2-4409-a7a8-1dbbc73ca73d.jpg 1024w\" sizes=\"auto, (max-width: 203px) 100vw, 203px\" \/><\/a>di Roberto Miana, portavoce dell&#8217;Alleghe Hockey<\/strong><\/p>\n<p>Al termine della gara Alleghe-Como, valevole per la terza giornata del campionato IHL di hockey su ghiaccio, sono stati premiati come MVP (migliori giocatori della gara) per l\u2019Alleghe l\u2019attaccante gardenese Gabriel Vinatzer, autore di una rete e due assist e per il Como il giovane attaccante cadorino Alessandro Frescura.<\/p>\n<p>&nbsp;<\/p>\n<p>&nbsp;<\/p>\n<p><span style=\"color: #0000ff;\"><strong>MOTORI<\/strong><\/span><\/p>\n<blockquote>\n<h3>ALLA CIVIDALE CASTELMONTE UN&#8217;ALTRO PODIO PER DENIS MEZZACASA<\/h3>\n<\/blockquote>\n<p><strong><a class=\"dt-pswp-item\" href=\"https:\/\/www.radiopiu.net\/wordpress\/wp-content\/uploads\/2023\/10\/207b54d5-ea3a-4d75-aeb8-2a47b57fdffa.jpg\" data-dt-img-description=\"\" data-large_image_width=\"1024\" data-large_image_height=\"683\"><img loading=\"lazy\" decoding=\"async\" class=\" wp-image-355118 alignleft\" src=\"https:\/\/www.radiopiu.net\/wordpress\/wp-content\/uploads\/2023\/10\/207b54d5-ea3a-4d75-aeb8-2a47b57fdffa-300x200.jpg\" alt=\"\" width=\"218\" height=\"145\" srcset=\"https:\/\/www.radiopiu.net\/wordpress\/wp-content\/uploads\/2023\/10\/207b54d5-ea3a-4d75-aeb8-2a47b57fdffa-300x200.jpg 300w, https:\/\/www.radiopiu.net\/wordpress\/wp-content\/uploads\/2023\/10\/207b54d5-ea3a-4d75-aeb8-2a47b57fdffa-768x512.jpg 768w, https:\/\/www.radiopiu.net\/wordpress\/wp-content\/uploads\/2023\/10\/207b54d5-ea3a-4d75-aeb8-2a47b57fdffa.jpg 1024w\" sizes=\"auto, (max-width: 218px) 100vw, 218px\" \/><\/a>MASER (TV)<\/strong><\/p>\n<p>DI ROBERTO BONA<\/p>\n<audio class=\"wp-audio-shortcode\" id=\"audio-354999-8\" preload=\"none\" style=\"width: 100%;\" controls=\"controls\"><source type=\"audio\/mpeg\" src=\"https:\/\/www.radiopiu.net\/wordpress\/wp-content\/uploads\/2023\/10\/DenisHalfhouse.mp3?_=8\" \/><a href=\"https:\/\/www.radiopiu.net\/wordpress\/wp-content\/uploads\/2023\/10\/DenisHalfhouse.mp3\">https:\/\/www.radiopiu.net\/wordpress\/wp-content\/uploads\/2023\/10\/DenisHalfhouse.mp3<\/a><\/audio>\n<p>&nbsp;<\/p>\n<p>&nbsp;<\/p>\n<p><span style=\"color: #0000ff;\"><strong>CORSA<\/strong><\/span><\/p>\n<p>&nbsp;<\/p>\n<blockquote>\n<h3><strong><a class=\"dt-pswp-item\" href=\"https:\/\/www.radiopiu.net\/wordpress\/wp-content\/uploads\/2023\/10\/311314821_2005927272944955_7202764258828858536_n.jpg\" data-dt-img-description=\"\" data-large_image_width=\"600\" data-large_image_height=\"800\"><img loading=\"lazy\" decoding=\"async\" class=\" wp-image-355085 alignleft\" src=\"https:\/\/www.radiopiu.net\/wordpress\/wp-content\/uploads\/2023\/10\/311314821_2005927272944955_7202764258828858536_n-225x300.jpg\" alt=\"\" width=\"126\" height=\"168\" srcset=\"https:\/\/www.radiopiu.net\/wordpress\/wp-content\/uploads\/2023\/10\/311314821_2005927272944955_7202764258828858536_n-225x300.jpg 225w, https:\/\/www.radiopiu.net\/wordpress\/wp-content\/uploads\/2023\/10\/311314821_2005927272944955_7202764258828858536_n.jpg 600w\" sizes=\"auto, (max-width: 126px) 100vw, 126px\" \/><\/a>RITORNA LA 24 ORE DI SAN MARTINO DELLA PRO LOCO PIEVE CASTIONESE<\/strong><\/h3>\n<h3><em><strong style=\"font-size: 14px;\">Sar\u00e0 ricordato anche lo speaker \u201cstorico\u201d Giovanni Viel<\/strong><\/em><\/h3>\n<\/blockquote>\n<p><strong>BELLUNO<\/strong> Ritorna, con qualche novit\u00e0, la 24 ore di San Martino, giunta ormai all\u2019edizione numero 49. Manca dunque solo un anno ai festeggiamenti per i cinquant\u2019anni di questa formula sportiva efficacemente organizzata dalla Pro Loco Pieve Castionese in collaborazione con Comune di Belluno, Provincia di Belluno, Comitato d\u2019Intesa, Csv Belluno Treviso, Unpli Belluno. La gara si svolger\u00e0, presso lo Stadio polisportivo di Belluno dalle 15 di sabato 14 ottobre fino alle 15 del giorno successivo;\u00a0 dopo quella degli adulti, come da tradizione, si svolger\u00e0 la staffetta della 24 Ore dedicata ai giovani e, a seguire, vi saranno le premiazioni.\u00a0Sono gi\u00e0 confermate le 32 squadre che vi prenderanno parte, dunque un buon risultato e una riconferma del numero dello scorso anno.Una punta d\u2019amaro c\u2019\u00e8: sar\u00e0 la prima edizione senza la voce storica della 24 ore, quella di Giovanni Viel, mancato nel febbraio scorso, speaker d\u2019eccezione dello sport bellunese grazie al suo tono autorevole e fortemente riconoscibile.<\/p>\n<hr \/>\n<p>&nbsp;<\/p>\n<\/div>\n","protected":false},"excerpt":{"rendered":"<p>40esimo di RADIOPIU\u2026. LA VOCE DELL\u2019EMOZIONE ISCRIVITI AL NOSTRO CANALE\u00a0\u00a0YOUTUBE PER SEGUIRE IN DIRETTA I PRINCIPALI PROGRAMMI DI RADIO PIU\u2019 E LE FUTURE DIRETTE IN ESTERNA. PER ISCRIVERTI\u00a0CLICCA QUI\u00a0E PREMI\u00a0 \u201cIscriviti\u201d\u00a0\u00a0 \u00a0 REGIONALE 203 AGORDINA, CANTIERE PERON-LA STANGA &#8220;IL MISTERO DEL SEMAFORO CHE NON C&#8217;E&#8217;&#8221; BELLUNO La fonte \u00e8 garantita, perch\u00e9 Roberto questa mattina\u00a0 ha\u00a0&hellip;<\/p>\n","protected":false},"author":4,"featured_media":355111,"comment_status":"closed","ping_status":"closed","sticky":false,"template":"","format":"standard","meta":{"_monsterinsights_skip_tracking":false,"_monsterinsights_sitenote_active":false,"_monsterinsights_sitenote_note":"","_monsterinsights_sitenote_category":0,"footnotes":""},"categories":[51,86,49],"tags":[],"class_list":["post-354999","post","type-post","status-publish","format-standard","has-post-thumbnail","hentry","category-evidenza-top","category-gr","category-news-18","category-51","category-86","category-49","description-off"],"img_url":"https:\/\/www.radiopiu.net\/wordpress\/wp-content\/uploads\/2023\/10\/Taglio-del-nastro-Horeca-2023.jpg","_links":{"self":[{"href":"https:\/\/www.radiopiu.net\/wordpress\/wp-json\/wp\/v2\/posts\/354999","targetHints":{"allow":["GET"]}}],"collection":[{"href":"https:\/\/www.radiopiu.net\/wordpress\/wp-json\/wp\/v2\/posts"}],"about":[{"href":"https:\/\/www.radiopiu.net\/wordpress\/wp-json\/wp\/v2\/types\/post"}],"author":[{"embeddable":true,"href":"https:\/\/www.radiopiu.net\/wordpress\/wp-json\/wp\/v2\/users\/4"}],"replies":[{"embeddable":true,"href":"https:\/\/www.radiopiu.net\/wordpress\/wp-json\/wp\/v2\/comments?post=354999"}],"version-history":[{"count":0,"href":"https:\/\/www.radiopiu.net\/wordpress\/wp-json\/wp\/v2\/posts\/354999\/revisions"}],"wp:featuredmedia":[{"embeddable":true,"href":"https:\/\/www.radiopiu.net\/wordpress\/wp-json\/wp\/v2\/media\/355111"}],"wp:attachment":[{"href":"https:\/\/www.radiopiu.net\/wordpress\/wp-json\/wp\/v2\/media?parent=354999"}],"wp:term":[{"taxonomy":"category","embeddable":true,"href":"https:\/\/www.radiopiu.net\/wordpress\/wp-json\/wp\/v2\/categories?post=354999"},{"taxonomy":"post_tag","embeddable":true,"href":"https:\/\/www.radiopiu.net\/wordpress\/wp-json\/wp\/v2\/tags?post=354999"}],"curies":[{"name":"wp","href":"https:\/\/api.w.org\/{rel}","templated":true}]}}