{"id":355048,"date":"2023-10-02T13:27:46","date_gmt":"2023-10-02T11:27:46","guid":{"rendered":"https:\/\/www.radiopiu.net\/wordpress\/?p=355048"},"modified":"2023-10-02T09:29:36","modified_gmt":"2023-10-02T07:29:36","slug":"farmacia-dei-servizi-tumore-al-polmone","status":"publish","type":"post","link":"https:\/\/www.radiopiu.net\/wordpress\/farmacia-dei-servizi-tumore-al-polmone\/","title":{"rendered":"Farmacia dei servizi + Tumore al polmone"},"content":{"rendered":"<p>Farmacia dei servizi<\/p>\n<p>La farmacia dei servizi deve passare dalla \u201cfase sperimentale\u201d all\u2019avvio di una nuova epoca come presidio di prossimit\u00e0 e centro di prevenzione: \u00e8 il messaggio emerso dal Dialogue Meeting Farmacia dei servizi, primo presidio sanitario di prossimit\u00e0-Il consolidamento strutturale del ruolo del farmacista: dal counseling alla vaccinazione.<\/p>\n<p>Tumore al polmone<\/p>\n<p>Il tumore al polmone \u00e8 uno dei pi\u00f9 aggressivi e letali e, spesso, anche dopo la rimozione chirurgica, si ripresenta. Al momento l&#8217;arma pi\u00f9 efficace \u00e8 la prevenzione. Un nuovo farmaco \u00e8 in grado di ridurre drasticamente il rischio di morte e ricadute.<\/p>\n<audio class=\"wp-audio-shortcode\" id=\"audio-355048-1\" preload=\"none\" style=\"width: 100%;\" controls=\"controls\"><source type=\"audio\/mpeg\" src=\"https:\/\/www.radiopiu.net\/wordpress\/wp-content\/uploads\/2023\/10\/SALUTE.mp3?_=1\" \/><a href=\"https:\/\/www.radiopiu.net\/wordpress\/wp-content\/uploads\/2023\/10\/SALUTE.mp3\">https:\/\/www.radiopiu.net\/wordpress\/wp-content\/uploads\/2023\/10\/SALUTE.mp3<\/a><\/audio>\n","protected":false},"excerpt":{"rendered":"<p>Farmacia dei servizi La farmacia dei servizi deve passare dalla \u201cfase sperimentale\u201d all\u2019avvio di una nuova epoca come presidio di prossimit\u00e0 e centro di prevenzione: \u00e8 il messaggio emerso dal Dialogue Meeting Farmacia dei servizi, primo presidio sanitario di prossimit\u00e0-Il consolidamento strutturale del ruolo del farmacista: dal counseling alla vaccinazione. Tumore al polmone Il tumore&hellip;<\/p>\n","protected":false},"author":2,"featured_media":355035,"comment_status":"closed","ping_status":"closed","sticky":false,"template":"","format":"standard","meta":{"_monsterinsights_skip_tracking":false,"_monsterinsights_sitenote_active":false,"_monsterinsights_sitenote_note":"","_monsterinsights_sitenote_category":0,"footnotes":""},"categories":[87],"tags":[],"class_list":["post-355048","post","type-post","status-publish","format-standard","has-post-thumbnail","hentry","category-salutesocieta","category-87","description-off"],"img_url":"https:\/\/www.radiopiu.net\/wordpress\/wp-content\/uploads\/2023\/10\/1e145846-74d4-13c8-1ef5-6231f373bc04.jpg","_links":{"self":[{"href":"https:\/\/www.radiopiu.net\/wordpress\/wp-json\/wp\/v2\/posts\/355048","targetHints":{"allow":["GET"]}}],"collection":[{"href":"https:\/\/www.radiopiu.net\/wordpress\/wp-json\/wp\/v2\/posts"}],"about":[{"href":"https:\/\/www.radiopiu.net\/wordpress\/wp-json\/wp\/v2\/types\/post"}],"author":[{"embeddable":true,"href":"https:\/\/www.radiopiu.net\/wordpress\/wp-json\/wp\/v2\/users\/2"}],"replies":[{"embeddable":true,"href":"https:\/\/www.radiopiu.net\/wordpress\/wp-json\/wp\/v2\/comments?post=355048"}],"version-history":[{"count":0,"href":"https:\/\/www.radiopiu.net\/wordpress\/wp-json\/wp\/v2\/posts\/355048\/revisions"}],"wp:featuredmedia":[{"embeddable":true,"href":"https:\/\/www.radiopiu.net\/wordpress\/wp-json\/wp\/v2\/media\/355035"}],"wp:attachment":[{"href":"https:\/\/www.radiopiu.net\/wordpress\/wp-json\/wp\/v2\/media?parent=355048"}],"wp:term":[{"taxonomy":"category","embeddable":true,"href":"https:\/\/www.radiopiu.net\/wordpress\/wp-json\/wp\/v2\/categories?post=355048"},{"taxonomy":"post_tag","embeddable":true,"href":"https:\/\/www.radiopiu.net\/wordpress\/wp-json\/wp\/v2\/tags?post=355048"}],"curies":[{"name":"wp","href":"https:\/\/api.w.org\/{rel}","templated":true}]}}